{"id":28321,"date":"2024-11-08T16:50:56","date_gmt":"2024-11-08T15:50:56","guid":{"rendered":"https:\/\/www.ignas.com\/it\/blog\/?p=28321"},"modified":"2026-02-11T15:28:03","modified_gmt":"2026-02-11T14:28:03","slug":"plan-de-corones-sci-escursioni-e-musei-in-val-pusteria","status":"publish","type":"post","link":"https:\/\/www.ignas.com\/it\/blog\/plan-de-corones-sci-escursioni-e-musei-in-val-pusteria\/","title":{"rendered":"Plan de Corones: sci, escursioni e musei in Val Pusteria"},"content":{"rendered":"<p>Plan de Corones (o <em>Kronplatz<\/em>\u00a0in\u00a0tedesco) \u00e8 la localit\u00e0 sciistica pi\u00f9 importante dell\u2019Alto Adige.<\/p>\n<p>Questa montagna si trova a pochi chilometri da Brunico, in Val Pusteria. Ad essere precisi \u00e8 proprio Plan de Corones a dividere la Val Pusteria dalla vicina Val di Marebbe. La zona montuosa comprende i comuni di <em>Marebbe, Chienes, Valdaora, Falzes, Perca, Gais, Rasun Anterselva, San Lorenzo, San Martino in Badia<\/em> e<em> Brunico<\/em>.<\/p>\n<h4><strong>Scopriamo insieme tutte le curiosit\u00e0 ed attivit\u00e0 per passare una splendida vacanza in val Pusteria: tra musei d&#8217;arte, incredibili paesaggi naturali e sport invernali!<\/strong><\/h4>\n<hr \/>\n<h3><span class=\"ez-toc-section\" id=\"Partiamo_dallinizio_perche_Plan_de_Corones_si_chiama_proprio_cosi\"><\/span>Partiamo dall&#8217;inizio, perch\u00e9 Plan de Corones si chiama proprio cos\u00ec?<span class=\"ez-toc-section-end\"><\/span><\/h3><div id=\"ez-toc-container\" class=\"ez-toc-v2_0_82_2 counter-hierarchy ez-toc-counter ez-toc-white ez-toc-container-direction\">\n<div class=\"ez-toc-title-container\">\n<p class=\"ez-toc-title\" style=\"cursor:inherit\"><\/p>\n<span class=\"ez-toc-title-toggle\"><a href=\"#\" class=\"ez-toc-pull-right ez-toc-btn ez-toc-btn-xs ez-toc-btn-default ez-toc-toggle\" aria-label=\"Toggle Table of Content\"><span class=\"ez-toc-js-icon-con\"><span class=\"\"><span class=\"eztoc-hide\" style=\"display:none;\">Toggle<\/span><span class=\"ez-toc-icon-toggle-span\"><svg style=\"fill: #999;color:#999\" xmlns=\"http:\/\/www.w3.org\/2000\/svg\" class=\"list-377408\" width=\"20px\" height=\"20px\" viewBox=\"0 0 24 24\" fill=\"none\"><path d=\"M6 6H4v2h2V6zm14 0H8v2h12V6zM4 11h2v2H4v-2zm16 0H8v2h12v-2zM4 16h2v2H4v-2zm16 0H8v2h12v-2z\" fill=\"currentColor\"><\/path><\/svg><svg style=\"fill: #999;color:#999\" class=\"arrow-unsorted-368013\" xmlns=\"http:\/\/www.w3.org\/2000\/svg\" width=\"10px\" height=\"10px\" viewBox=\"0 0 24 24\" version=\"1.2\" baseProfile=\"tiny\"><path d=\"M18.2 9.3l-6.2-6.3-6.2 6.3c-.2.2-.3.4-.3.7s.1.5.3.7c.2.2.4.3.7.3h11c.3 0 .5-.1.7-.3.2-.2.3-.5.3-.7s-.1-.5-.3-.7zM5.8 14.7l6.2 6.3 6.2-6.3c.2-.2.3-.5.3-.7s-.1-.5-.3-.7c-.2-.2-.4-.3-.7-.3h-11c-.3 0-.5.1-.7.3-.2.2-.3.5-.3.7s.1.5.3.7z\"\/><\/svg><\/span><\/span><\/span><\/a><\/span><\/div>\n<nav><ul class='ez-toc-list ez-toc-list-level-1 eztoc-toggle-hide-by-default' ><ul class='ez-toc-list-level-3' ><li class='ez-toc-heading-level-3'><a class=\"ez-toc-link ez-toc-heading-1\" href=\"https:\/\/www.ignas.com\/it\/blog\/plan-de-corones-sci-escursioni-e-musei-in-val-pusteria\/#Partiamo_dallinizio_perche_Plan_de_Corones_si_chiama_proprio_cosi\" >Partiamo dall&#8217;inizio, perch\u00e9 Plan de Corones si chiama proprio cos\u00ec?<\/a><\/li><\/ul><\/li><li class='ez-toc-page-1 ez-toc-heading-level-2'><a class=\"ez-toc-link ez-toc-heading-2\" href=\"https:\/\/www.ignas.com\/it\/blog\/plan-de-corones-sci-escursioni-e-musei-in-val-pusteria\/#Cosa_si_vede_dalla_cima_di_Plan_de_Corones\" >Cosa si vede dalla cima di Plan de Corones<\/a><\/li><li class='ez-toc-page-1 ez-toc-heading-level-2'><a class=\"ez-toc-link ez-toc-heading-3\" href=\"https:\/\/www.ignas.com\/it\/blog\/plan-de-corones-sci-escursioni-e-musei-in-val-pusteria\/#Cosa_a_fare_a_Plan_de_Corones\" >Cosa a fare a Plan de Corones?<\/a><ul class='ez-toc-list-level-3' ><li class='ez-toc-heading-level-3'><a class=\"ez-toc-link ez-toc-heading-4\" href=\"https:\/\/www.ignas.com\/it\/blog\/plan-de-corones-sci-escursioni-e-musei-in-val-pusteria\/#Cosa_fare_dEstate\" >Cosa fare d\u2019Estate<\/a><\/li><li class='ez-toc-page-1 ez-toc-heading-level-3'><a class=\"ez-toc-link ez-toc-heading-5\" href=\"https:\/\/www.ignas.com\/it\/blog\/plan-de-corones-sci-escursioni-e-musei-in-val-pusteria\/#Cosa_fare_dInverno\" >Cosa fare d\u2019Inverno<\/a><\/li><\/ul><\/li><li class='ez-toc-page-1 ez-toc-heading-level-2'><a class=\"ez-toc-link ez-toc-heading-6\" href=\"https:\/\/www.ignas.com\/it\/blog\/plan-de-corones-sci-escursioni-e-musei-in-val-pusteria\/#Le_piste_sciistiche_del_comprensorio_di_Plan_de_Corones\" >Le piste sciistiche del comprensorio di Plan de Corones<\/a><ul class='ez-toc-list-level-3' ><li class='ez-toc-heading-level-3'><a class=\"ez-toc-link ez-toc-heading-7\" href=\"https:\/\/www.ignas.com\/it\/blog\/plan-de-corones-sci-escursioni-e-musei-in-val-pusteria\/#Le_piste_nere\" >Le piste nere<\/a><\/li><li class='ez-toc-page-1 ez-toc-heading-level-3'><a class=\"ez-toc-link ez-toc-heading-8\" href=\"https:\/\/www.ignas.com\/it\/blog\/plan-de-corones-sci-escursioni-e-musei-in-val-pusteria\/#Piste_e_impianti_di_risalita_orari\" >Piste e impianti di risalita: orari<\/a><\/li><li class='ez-toc-page-1 ez-toc-heading-level-3'><a class=\"ez-toc-link ez-toc-heading-9\" href=\"https:\/\/www.ignas.com\/it\/blog\/plan-de-corones-sci-escursioni-e-musei-in-val-pusteria\/#Quando_aprono_gli_impianti_sciistici\" >Quando aprono gli impianti sciistici?<\/a><\/li><li class='ez-toc-page-1 ez-toc-heading-level-3'><a class=\"ez-toc-link ez-toc-heading-10\" href=\"https:\/\/www.ignas.com\/it\/blog\/plan-de-corones-sci-escursioni-e-musei-in-val-pusteria\/#Dove_soggiornare_se_si_vuole_sciare\" >Dove soggiornare se si vuole sciare<\/a><\/li><\/ul><\/li><li class='ez-toc-page-1 ez-toc-heading-level-2'><a class=\"ez-toc-link ez-toc-heading-11\" href=\"https:\/\/www.ignas.com\/it\/blog\/plan-de-corones-sci-escursioni-e-musei-in-val-pusteria\/#Cosa_ce_da_vedere_a_Plan_de_Corones\" >Cosa c&#8217;\u00e8 da vedere a Plan de Corones?<\/a><\/li><li class='ez-toc-page-1 ez-toc-heading-level-2'><a class=\"ez-toc-link ez-toc-heading-12\" href=\"https:\/\/www.ignas.com\/it\/blog\/plan-de-corones-sci-escursioni-e-musei-in-val-pusteria\/#Come_si_arriva_a_Plan_de_Corones\" >Come si arriva a Plan de Corones?<\/a><ul class='ez-toc-list-level-3' ><li class='ez-toc-heading-level-3'><a class=\"ez-toc-link ez-toc-heading-13\" href=\"https:\/\/www.ignas.com\/it\/blog\/plan-de-corones-sci-escursioni-e-musei-in-val-pusteria\/#Da_dove_salire_a_Plan_de_Corones\" >Da dove salire a Plan de Corones?<\/a><\/li><\/ul><\/li><li class='ez-toc-page-1 ez-toc-heading-level-2'><a class=\"ez-toc-link ez-toc-heading-14\" href=\"https:\/\/www.ignas.com\/it\/blog\/plan-de-corones-sci-escursioni-e-musei-in-val-pusteria\/#Meteo_e_curiosita\" >Meteo e curiosit\u00e0<\/a><\/li><\/ul><\/nav><\/div>\n\n<p><img loading=\"lazy\" decoding=\"async\" class=\"alignnone wp-image-28324 size-full\" src=\"https:\/\/www.ignas.com\/it\/blog\/wp-content\/uploads\/2024\/11\/cima-drone-nome.jpg\" alt=\"Cima di Plan de Corones: si vede una distesa di nuvole ed il lato innevato della montagna.\" width=\"800\" height=\"400\" srcset=\"https:\/\/www.ignas.com\/it\/blog\/wp-content\/uploads\/2024\/11\/cima-drone-nome.jpg 800w, https:\/\/www.ignas.com\/it\/blog\/wp-content\/uploads\/2024\/11\/cima-drone-nome-300x150.jpg 300w, https:\/\/www.ignas.com\/it\/blog\/wp-content\/uploads\/2024\/11\/cima-drone-nome-768x384.jpg 768w\" sizes=\"auto, (max-width: 800px) 100vw, 800px\" \/><\/p>\n<p>Ci sono diverse interpretazioni dietro al suo nome. L\u2019ipotesi pi\u00f9 accreditata \u00e8 che derivi dal ladino, dove <em>Corones<\/em> si riferisce alle <strong>sporgenze rocciose<\/strong>, simili a terrazze presenti nella forma a panettone della montagna.<\/p>\n<p>Un\u2019altra interpretazione \u00e8 che <em>Corones<\/em> derivi da una <strong>leggenda alto-atesina<\/strong>: l\u2019incoronazione della <strong>principessa Dolasilla,<\/strong> avvenuta proprio sul monte.<\/p>\n<p>C\u2019\u00e8 poi un\u2019ultima ipotesi che affonda sempre il suo cuore nella <strong>mitologia<\/strong>. In questa versione <em>Corones<\/em> deriva dal ladino <em>curunes, <\/em>ovvero <em>spiriti della montagna<\/em>. La traduzione completa del nome vorrebbe quindi significare: <em>Gli spiriti che ballano nel bosco.<\/em><\/p>\n<p>Tutte queste interpretazioni testimoniano la storia antica di questa terra ed il forte legame che gli abitanti hanno con il territorio. Forse in cima a questa montagna non si balla poi molto, ma di sicuro avendo la forma di una terrazza panoramica naturale, si possono ammirare degli splendidi spettacoli.<\/p>\n<hr \/>\n<h2><span class=\"ez-toc-section\" id=\"Cosa_si_vede_dalla_cima_di_Plan_de_Corones\"><\/span>Cosa si vede dalla cima di Plan de Corones<span class=\"ez-toc-section-end\"><\/span><\/h2>\n<div id=\"attachment_28325\" style=\"width: 810px\" class=\"wp-caption alignnone\"><img loading=\"lazy\" decoding=\"async\" aria-describedby=\"caption-attachment-28325\" class=\"wp-image-28325 size-full\" src=\"https:\/\/www.ignas.com\/it\/blog\/wp-content\/uploads\/2024\/11\/cima-Plan-de-Corones.jpg\" alt=\"si intravede il lato della montagna dove \u00e8 collocato il MMM Museum. Sullo sfondo si vedono le Alpi adornate dalla neve.\" width=\"800\" height=\"400\" srcset=\"https:\/\/www.ignas.com\/it\/blog\/wp-content\/uploads\/2024\/11\/cima-Plan-de-Corones.jpg 800w, https:\/\/www.ignas.com\/it\/blog\/wp-content\/uploads\/2024\/11\/cima-Plan-de-Corones-300x150.jpg 300w, https:\/\/www.ignas.com\/it\/blog\/wp-content\/uploads\/2024\/11\/cima-Plan-de-Corones-768x384.jpg 768w\" sizes=\"auto, (max-width: 800px) 100vw, 800px\" \/><p id=\"caption-attachment-28325\" class=\"wp-caption-text\">Vista dalla cima di Plan de Corones sulle vette circostanti.<\/p><\/div>\n<p>Dalla magica cima dall\u2019altezza di ben 2275 metri, si possono vedere le famose vette delle <strong>Dolomiti<\/strong> come la <em>Marmolada<\/em>,\u00a0<em>Sass de Putia<\/em>,\u00a0<em>Sassolungo<\/em> e altre. Da qui si vedono anche le <strong>Alpi Retiche<\/strong> e le bellissime <strong>Alpi della Zillertal<\/strong>.<\/p>\n<p>Si tratta di uno spettacolo naturale unico, che si trasforma a seconda della direzione in cui si guarda.<\/p>\n<hr \/>\n<h2><span class=\"ez-toc-section\" id=\"Cosa_a_fare_a_Plan_de_Corones\"><\/span>Cosa a fare a Plan de Corones?<span class=\"ez-toc-section-end\"><\/span><\/h2>\n<div id=\"attachment_28328\" style=\"width: 810px\" class=\"wp-caption alignnone\"><img loading=\"lazy\" decoding=\"async\" aria-describedby=\"caption-attachment-28328\" class=\"wp-image-28328 size-full\" src=\"https:\/\/www.ignas.com\/it\/blog\/wp-content\/uploads\/2024\/11\/impianti-piste.jpg\" alt=\"La cabinovia di Plan de Corones avanza con le Alpi innevate sullo sfondo. In primo piano si intravede la superficie innevata nella montagna.\" width=\"800\" height=\"400\" srcset=\"https:\/\/www.ignas.com\/it\/blog\/wp-content\/uploads\/2024\/11\/impianti-piste.jpg 800w, https:\/\/www.ignas.com\/it\/blog\/wp-content\/uploads\/2024\/11\/impianti-piste-300x150.jpg 300w, https:\/\/www.ignas.com\/it\/blog\/wp-content\/uploads\/2024\/11\/impianti-piste-768x384.jpg 768w\" sizes=\"auto, (max-width: 800px) 100vw, 800px\" \/><p id=\"caption-attachment-28328\" class=\"wp-caption-text\">Escursioni e sci con la cabinovia Plan de Corones.<\/p><\/div>\n<p>Come dicevamo, <em>Kronplatz<\/em> \u00e8 una montagna conosciuta per essere un\u2019<strong>ottima localit\u00e0 sciistica<\/strong>, ma questo non vuol dire che si possa fare solo questo.<\/p>\n<p>La val Pusteria offre molte attivit\u00e0 ed eventi tutto l\u2019anno, dagli sport estremi come il parapendio alle escursioni e passeggiate per tutta la famiglia!<\/p>\n<h3><span class=\"ez-toc-section\" id=\"Cosa_fare_dEstate\"><\/span>Cosa fare d\u2019Estate<span class=\"ez-toc-section-end\"><\/span><\/h3>\n<div id=\"attachment_28326\" style=\"width: 810px\" class=\"wp-caption alignnone\"><img loading=\"lazy\" decoding=\"async\" aria-describedby=\"caption-attachment-28326\" class=\"wp-image-28326 size-full\" src=\"https:\/\/www.ignas.com\/it\/blog\/wp-content\/uploads\/2024\/11\/cosa-fare-estate.jpg\" alt=\"Ci sono due marmotte su un prato verde. Sullo sfondo si intravedono le vette innevate delle montagne\" width=\"800\" height=\"400\" srcset=\"https:\/\/www.ignas.com\/it\/blog\/wp-content\/uploads\/2024\/11\/cosa-fare-estate.jpg 800w, https:\/\/www.ignas.com\/it\/blog\/wp-content\/uploads\/2024\/11\/cosa-fare-estate-300x150.jpg 300w, https:\/\/www.ignas.com\/it\/blog\/wp-content\/uploads\/2024\/11\/cosa-fare-estate-768x384.jpg 768w\" sizes=\"auto, (max-width: 800px) 100vw, 800px\" \/><p id=\"caption-attachment-28326\" class=\"wp-caption-text\">Marmotte<\/p><\/div>\n<p>In estate questo monte offre dei sentieri spettacolari per <strong>trekking<\/strong>, <strong>passeggiate<\/strong> e avventure in <strong>bici<\/strong>. I percorsi attraversano dolci vallate, rigogliosi boschi e piccoli borghi, permettendo di immergersi in paesaggi suggestivi.<\/p>\n<p>Se passate dalle parti di <em>San Vigilio<\/em> ti consigliamo il <span style=\"color: #ff6600;\"><a style=\"color: #ff6600;\" href=\"https:\/\/www.sanvigilio.com\/it\/activity\/tru-dles-liondes-sentiero-delle-leggende_5230\"><strong>sentiero delle Leggende (Tru dles Liondes<\/strong><\/a>)<\/span>, percorrerete un sentiero nel verde dei <strong>boschi<\/strong>, allestito per raffigurare e raccontare le <strong>storie e<\/strong> le <strong>leggende<\/strong> pi\u00f9 amate dagli abitanti del luogo.<\/p>\n<p>Se invece vi piacciono gli animali e <strong>viaggiate con dei bambini<\/strong>, vi consigliamo il <a href=\"https:\/\/www.kiens.bz\/it\/activity\/sentiero-delle-marmotte_5308\"><strong><span style=\"color: #ff6600;\">sentiero delle Marmotte<\/span><\/strong><\/a> nella zona di <em>Chienes<\/em>. Qui passando tra campi verdi, malghe ed alpeggi, potrete conoscere la storia delle <strong>marmotte<\/strong> e se sarete fortunati anche di vederne qualcuna.<\/p>\n<h3><span class=\"ez-toc-section\" id=\"Cosa_fare_dInverno\"><\/span>Cosa fare d\u2019Inverno<span class=\"ez-toc-section-end\"><\/span><\/h3>\n<p><img loading=\"lazy\" decoding=\"async\" class=\"alignnone wp-image-28331 size-full\" src=\"https:\/\/www.ignas.com\/it\/blog\/wp-content\/uploads\/2024\/11\/sci-1.jpg\" alt=\"Uno sciatore \u00e8 immortalato a mezz'aria in un salto sullo sci. Sullo sfondo si vedono le vette innevate delle montagne, l'impianto sciistico ed il terreno innevato della vallata.\" width=\"800\" height=\"400\" srcset=\"https:\/\/www.ignas.com\/it\/blog\/wp-content\/uploads\/2024\/11\/sci-1.jpg 800w, https:\/\/www.ignas.com\/it\/blog\/wp-content\/uploads\/2024\/11\/sci-1-300x150.jpg 300w, https:\/\/www.ignas.com\/it\/blog\/wp-content\/uploads\/2024\/11\/sci-1-768x384.jpg 768w\" sizes=\"auto, (max-width: 800px) 100vw, 800px\" \/><\/p>\n<p>Magici paesaggi innevati, laghi ghiacciati, cime e vallate innevate vi aspettano a Plan de Corones! Allacciatevi gli scarponi ed incominciate la vostra avventura tra i numerosi eventi, sport invernali e attivit\u00e0 della stagione.<\/p>\n<p>Divertitevi a sfrecciare sulle piste da sci! Al comprensorio sciistico potrete sciare anche di notte e praticare sci di fondo e sci d\u2019alpinismo. Se invece preferite lo snowboard non vi preoccupate, allo snowpark raggiungibile con l&#8217;impianto di risalita Belvedere, troverete il divertimento sulla neve che cercate!<\/p>\n<p>Infatti, qui oltre allo sci si possono fare emozionanti discese con gli slittini, escursioni nella natura adatte anche ai bambini e camminate con le ciaspole!<\/p>\n<p>Scopriamo allora qualche dettaglio in pi\u00f9 sulle piste!<\/p>\n<hr \/>\n<h2><span class=\"ez-toc-section\" id=\"Le_piste_sciistiche_del_comprensorio_di_Plan_de_Corones\"><\/span>Le piste sciistiche del comprensorio di Plan de Corones<span class=\"ez-toc-section-end\"><\/span><\/h2>\n<p><img loading=\"lazy\" decoding=\"async\" class=\"alignnone wp-image-28329 size-full\" src=\"https:\/\/www.ignas.com\/it\/blog\/wp-content\/uploads\/2024\/11\/Plan-de-Corones.jpg\" alt=\"le cabinovie passano sopra la dolce discesa innevata della montagna. Una casetta di legno \u00e8 posta sulla sinistra.\" width=\"800\" height=\"400\" srcset=\"https:\/\/www.ignas.com\/it\/blog\/wp-content\/uploads\/2024\/11\/Plan-de-Corones.jpg 800w, https:\/\/www.ignas.com\/it\/blog\/wp-content\/uploads\/2024\/11\/Plan-de-Corones-300x150.jpg 300w, https:\/\/www.ignas.com\/it\/blog\/wp-content\/uploads\/2024\/11\/Plan-de-Corones-768x384.jpg 768w\" sizes=\"auto, (max-width: 800px) 100vw, 800px\" \/><\/p>\n<p>Il comprensorio sciistico di Kronplatz con i suoi 221 Km di piste, i 31 moderni impianti di risalita e le tantissime piste, con vari livelli di difficolt\u00e0, \u00e8 il pi\u00f9 grande dell\u2019Alto Adige.<\/p>\n<h3><span class=\"ez-toc-section\" id=\"Le_piste_nere\"><\/span>Le piste nere<span class=\"ez-toc-section-end\"><\/span><\/h3>\n<p>Gli amanti delle sfide si divertiranno a Plan de Corones, l\u2019unico comprensorio sciistico delle Alpi ad avere ben <strong>8 piste nere<\/strong>! Gi\u00e0, perch\u00e9 alle famose 5 piste nere <em>Sylvester, Pre da Peres, Herrnegg, Erta e Piculin <\/em>si aggiungono <em>Trasse, Sorega <\/em>e<em> Seewiese 2R <\/em>dalla lunghezza di soli 700 m!<\/p>\n<h3><span class=\"ez-toc-section\" id=\"Piste_e_impianti_di_risalita_orari\"><\/span>Piste e impianti di risalita: orari<span class=\"ez-toc-section-end\"><\/span><\/h3>\n<p>\u00c8 difficile invece dare un numero esatto alle piste di Kronplatz, perch\u00e9 ci sono varianti che non vengono segnalate neanche sul sito ufficiale, che potete comunque consultare per sapere in tempo reale quale <span style=\"color: #ff6600;\"><strong><a style=\"color: #ff6600;\" href=\"https:\/\/www.kronplatz.com\/it\/il-plan-de-corones\/impianti-piste\/piste-da-sci\">pista ed impianto di risalita<\/a> <\/strong><\/span>\u00e8 aperto, nonch\u00e9 i suoi orari.<\/p>\n<p>Generalmente gli impianti sciistici sono aperti dalle ore 08.30\/09.00 alle ore 16.30\/17.00 e ce ne sono molti per poter vivere tante emozioni e panorami diversi.<\/p>\n<p>Ad esempio, prendendo <strong>la cabinovia Kronplatz 2000<\/strong> dalla frazione di <strong>Riscone<\/strong> (Brunico) potrete raggiungere la cima del Plan de Corones a 2275 metri d\u2019altezza,<strong> ammirando il panorama<\/strong> sulle montagne circostanti. Questa cabinovia \u00e8 utilizzata soprattutto in primavera da tante famiglie ed escursionisti per raggiungere diversi sentieri da trekking.<\/p>\n<p>Se vi state chiedendo:<\/p>\n<h3><span class=\"ez-toc-section\" id=\"Quando_aprono_gli_impianti_sciistici\"><\/span>Quando aprono gli impianti sciistici?<span class=\"ez-toc-section-end\"><\/span><\/h3>\n<p>La localit\u00e0 sciistica di Plan de Corones<em> (Kronplatz)<\/em> fa parte del Dolomiti Superski, il comprensorio sciistico pi\u00f9 grande d\u2019Italia che si estende nel Triveneto.<\/p>\n<p>Quest\u2019anno l\u2019<strong>apertura<\/strong> degli<strong> impianti<\/strong> per la <strong>stagione sciistica<\/strong> a Plan de Corones sar\u00e0 il<strong> 30 novembre<\/strong>!<\/p>\n<p>Se non lo avete gi\u00e0 fatto vi consigliamo di prendere lo<span style=\"color: #ff6600;\"><strong><a style=\"color: #ff6600;\" href=\"https:\/\/www.dolomitisuperski.com\/it\/Skipass\/Prezzi?singleValley=200\"> Skipass<\/a><\/strong><\/span>, il prezzo del biglietto per una giornata va da 70 a 83 euro. Questo costo vale senza alcun dubbio il divertimento sulle piste ed il panorama che si pu\u00f2 vedere dalla particolare vetta della montagna.<\/p>\n<hr \/>\n<h3><span class=\"ez-toc-section\" id=\"Dove_soggiornare_se_si_vuole_sciare\"><\/span>Dove soggiornare se si vuole sciare<span class=\"ez-toc-section-end\"><\/span><\/h3>\n<p>Le zone della Valdaora, Riscone e San Martino in Badia sono alcune delle migliori per sciare in comodit\u00e0 e vivere l\u2019autenticit\u00e0 del luogo. Ecco alcune dei migliori hotel della zona:<\/p>\n<div class=\"vlp-link-container vlp-layout-basic\"><a href=\"https:\/\/www.ignas.com\/it\/offerte-vacanze-trentino-altoadige\/anterselva-di-mezzo\/hotel-antholzerhof?pkg_code=20241001_antholzerhof\" class=\"vlp-link\" title=\"Hotel Antholzerhof\" rel=\"nofollow\" target=\"_blank\"><\/a><div class=\"vlp-layout-zone-side\"><div class=\"vlp-block-2 vlp-link-image\"><img loading=\"lazy\" decoding=\"async\" style=\"max-width: 150px;\" width=\"150\" height=\"94\" src=\"https:\/\/www.ignas.com\/it\/blog\/wp-content\/uploads\/2024\/11\/Hotel-Antholzerhof.jpg\" class=\"attachment-150x999 size-150x999\" alt=\"\" srcset=\"https:\/\/www.ignas.com\/it\/blog\/wp-content\/uploads\/2024\/11\/Hotel-Antholzerhof.jpg 1000w, https:\/\/www.ignas.com\/it\/blog\/wp-content\/uploads\/2024\/11\/Hotel-Antholzerhof-300x188.jpg 300w, https:\/\/www.ignas.com\/it\/blog\/wp-content\/uploads\/2024\/11\/Hotel-Antholzerhof-768x480.jpg 768w, https:\/\/www.ignas.com\/it\/blog\/wp-content\/uploads\/2024\/11\/Hotel-Antholzerhof-320x200.jpg 320w\" sizes=\"auto, (max-width: 150px) 100vw, 150px\" \/><\/div><\/div><div class=\"vlp-layout-zone-main\"><div class=\"vlp-block-0 vlp-link-title\">Hotel Antholzerhof<\/div><div class=\"vlp-block-1 vlp-link-summary\">A circa 3 Km da Brunico, nella localit\u00e0 sciistica di Plan de Corones \u00e8 un paradiso con modernissimi impianti di risalita!<\/div><\/div><\/div>\n<div class=\"vlp-link-container vlp-layout-basic\"><a href=\"https:\/\/www.ignas.com\/it\/offerte-vacanze-trentino-altoadige\/san-martino-in-badia\/hotel-ptia?pkg_code=20241001_putiasanmartino\" class=\"vlp-link\" title=\"Hotel P\u00fctia, 3 stelle, San Martino in Badia (BZ) | Ignas Tour\" rel=\"nofollow\" target=\"_blank\"><\/a><div class=\"vlp-layout-zone-side\"><div class=\"vlp-block-2 vlp-link-image\"><img loading=\"lazy\" decoding=\"async\" style=\"max-width: 150px;\" width=\"150\" height=\"94\" src=\"https:\/\/www.ignas.com\/it\/blog\/wp-content\/uploads\/2024\/11\/Hotel-Putia.jpg\" class=\"attachment-150x999 size-150x999\" alt=\"\" srcset=\"https:\/\/www.ignas.com\/it\/blog\/wp-content\/uploads\/2024\/11\/Hotel-Putia.jpg 1000w, https:\/\/www.ignas.com\/it\/blog\/wp-content\/uploads\/2024\/11\/Hotel-Putia-300x188.jpg 300w, https:\/\/www.ignas.com\/it\/blog\/wp-content\/uploads\/2024\/11\/Hotel-Putia-768x480.jpg 768w, https:\/\/www.ignas.com\/it\/blog\/wp-content\/uploads\/2024\/11\/Hotel-Putia-320x200.jpg 320w\" sizes=\"auto, (max-width: 150px) 100vw, 150px\" \/><\/div><\/div><div class=\"vlp-layout-zone-main\"><div class=\"vlp-block-0 vlp-link-title\">Hotel P\u00fctia, 3 stelle, San Martino in Badia (BZ) | Ignas Tour<\/div><div class=\"vlp-block-1 vlp-link-summary\">Situato ad Antermoia alle pendici del Sasso P\u00fctia. Si trova in un\u2019ottima posizione in centro ed a corca 10 Km dagli impianti.<\/div><\/div><\/div>\n<p>&nbsp;<\/p>\n<hr \/>\n<h2><span class=\"ez-toc-section\" id=\"Cosa_ce_da_vedere_a_Plan_de_Corones\"><\/span>Cosa c&#8217;\u00e8 da vedere a Plan de Corones?<span class=\"ez-toc-section-end\"><\/span><\/h2>\n<div id=\"attachment_28323\" style=\"width: 810px\" class=\"wp-caption alignnone\"><img loading=\"lazy\" decoding=\"async\" aria-describedby=\"caption-attachment-28323\" class=\"wp-image-28323 size-full\" src=\"https:\/\/www.ignas.com\/it\/blog\/wp-content\/uploads\/2024\/11\/cosa-vedere.jpg\" alt=\"l'affascinante Castello di Brunico, dalle pareti chiare e le linee semplici domina la collina.\" width=\"800\" height=\"400\" srcset=\"https:\/\/www.ignas.com\/it\/blog\/wp-content\/uploads\/2024\/11\/cosa-vedere.jpg 800w, https:\/\/www.ignas.com\/it\/blog\/wp-content\/uploads\/2024\/11\/cosa-vedere-300x150.jpg 300w, https:\/\/www.ignas.com\/it\/blog\/wp-content\/uploads\/2024\/11\/cosa-vedere-768x384.jpg 768w\" sizes=\"auto, (max-width: 800px) 100vw, 800px\" \/><p id=\"caption-attachment-28323\" class=\"wp-caption-text\">Castello di Brunico.<\/p><\/div>\n<p>Come abbiamo detto dalla cima di Plan de Corones il panorama, creato dalla bellezza delle varie montagne circostanti toglie il fiato, ma non \u00e8 l\u2019unica cosa che si pu\u00f2 vedere su questa particolare cima.<\/p>\n<p>Proprio cos\u00ec, perch\u00e9 a ben<strong> 2275 metri d\u2019altezza<\/strong>, sulla vetta di Plan di Corones, che di fatto \u00e8 un\u2019enorme <strong>terrazza naturale<\/strong>, si trovano:<\/p>\n<ul>\n<li>La <strong>Campana della Pace<\/strong> <em>Concordia 2000<\/em>, posizionata su un gigantesco piedistallo con dei rilievi che rappresentano le vette circostanti.<\/li>\n<li>Il <strong>Messner Mountain Museum<\/strong> da cui si gode il suggestivo panorama sulle Alpi racconta la storia dell\u2019alpinismo, plasmato dalla celebre figura dello scalatore Reinhold Messner.<\/li>\n<li>Il <strong>Museo LUMEN<\/strong>, 1800 metri quadrati dedicati alla fotografia di montagna e alle mostre d\u2019arte.<\/li>\n<li><a href=\"https:\/\/www.kronplatz.com\/it\/il-plan-de-corones\/attivita\/skyscraper\"><strong><span style=\"color: #ff6600;\">L<\/span><span style=\"color: #ff6600;\"><strong>\u2019<\/strong>altalena gigante skyscraper<\/span><\/strong><\/a><strong>, <\/strong>dove una volta indossata l\u2019imbracatura e presa la spinta ci si pu\u00f2 lanciare nel vuoto, come si andasse su un\u2019altalena.<\/li>\n<\/ul>\n<p>Questo \u00e8 quello che potete vedere sulla cima, ma anche le zone circostanti racchiudono delle perle. Scoprite la storia locale visitando:<\/p>\n<ul>\n<li>Il <a href=\"https:\/\/www.val-pusteria.net\/it\/cultura-e-territorio\/castelli\/castello-di-brunico\/\"><span style=\"color: #ff6600;\"><strong>Castello di Brunico<\/strong><\/span><\/a>, raggiungibile con una passeggiata dalla cittadina di Brunico, il castello, dalla collina, domina il paesaggio circostante. Al suo interno \u00e8 possibile vedere la mostra permanente che immortala le scalate e i viaggi di viaggi dell\u2019alpinista Reinhold Messner.<\/li>\n<li>Il <a href=\"https:\/\/www.suedtirolerland.it\/it\/cultura-e-territorio\/musei-e-mostre\/eck-museum-of-art\/\"><span style=\"color: #ff6600;\"><strong>Museo Civico di Brunico<\/strong><\/span><\/a>, che raccoglie un interessante mix di arte moderna e contemporanea, tra oggetti di arte gotica a sacri altari.<\/li>\n<li>L\u2019antica Segheria Lipper, costruita nel 19\u00b0 secolo a Valdaora, \u00e8 stata completamente restaurata nel 2011 ed \u00e8 ad oggi l\u2019unica segheria veneziana ancora integra.<\/li>\n<\/ul>\n<p>Anche se non sciate questa zona sapr\u00e0 come intrattenervi, tra musei d\u2019arte, castelli da fiaba e attivit\u00e0 all\u2019aria aperta. D\u2019altro canto se venite in questa zona per sciare vi starete chiedendo:<\/p>\n<hr \/>\n<h2><span class=\"ez-toc-section\" id=\"Come_si_arriva_a_Plan_de_Corones\"><\/span>Come si arriva a Plan de Corones?<span class=\"ez-toc-section-end\"><\/span><\/h2>\n<p>Ora che abbiamo parlato di cosa fare, vedere e dove poter soggiornare per sciare e non, non resta che risolvere gli ultimi dubbi dovuti alla logistica: come si arriva a Plan de Corones? Da dove si sale, poi?<\/p>\n<p>Potrete arrivare a muovermi all\u2019interno della Val Pusteria, dove si trova Plan de Corones, con la macchina, treno e autobus.<\/p>\n<h4>Con i mezzi pubblici: treno e autobus<\/h4>\n<p>Se vieni da sud puoi prendere il treno fino a Fortezza o Bressanone, e da l\u00ec prendere il regionale diretto a Lienz, scendendo a Brunico.<\/p>\n<p>Per muoverti invece tra i borghi e le localit\u00e0 della Val Pusteria puoi fare affidamento sulle linee di autobus locali, se desideri organizzare i tuoi spostamenti puoi consultare<span style=\"color: #ff6600;\"><strong> <a style=\"color: #ff6600;\" href=\"https:\/\/www.suedtirolmobil.info\/it\/#\/\">orari e fermate sul sito ufficiale<\/a>.<\/strong><\/span><\/p>\n<h4>In macchina<\/h4>\n<p>Se ti muovi in macchina probabilmente arriverai attraversando l\u2019Autostrada Brennero-Modena A22 imboccando poi l\u2019uscita per Bressanone.<\/p>\n<p>Se vieni da sud-est invece dovrai prendere un\u2019altra strada ed uscire a Belluno.<\/p>\n<h4>In aereo<\/h4>\n<p>Preferisci muoverti in aereo? Allora ti consigliamo di atterrare all\u2019aeroporto odi Bolzano, \u00e8 il pi\u00f9 vicino. Dall\u2019aeroporto sarai a solo 2 ore di machina dalla localit\u00e0 di Plan de Corones.<\/p>\n<p>Nel caso preferissi atterrare in un altro aeroporto sappi che in autunno e inverno c\u2019\u00e8 un <span style=\"color: #ff6600;\"><strong><a style=\"color: #ff6600;\" href=\"https:\/\/www.kronplatz.com\/it\/pianificare-prenotare\/come-arrivare\/come-arrivare-in-aereo\">servizio di autobus e navette<\/a><\/strong><\/span> che ti porteranno a Brunico.<\/p>\n<p>Adesso che abbiamo chiarito come si arriva a Plan de Corones non rimane che risolvere l\u2019ultimo dubbio:<\/p>\n<h3><span class=\"ez-toc-section\" id=\"Da_dove_salire_a_Plan_de_Corones\"><\/span>Da dove salire a Plan de Corones?<span class=\"ez-toc-section-end\"><\/span><\/h3>\n<p>Se preferisci muoverti con i mezzi pubblici ti consigliamo di soggiornare a Brunico, nella frazione di Riscone. Da l\u00ec puoi prendere la vicina funivia che ti porter\u00e0 direttamente sulla cima della montagna. Il viaggio in funivia dura circa 1 ora e il prezzo del biglietto si aggira attorno ai 15 euro a persona.<\/p>\n<p>Se volete sciare potete raggiungere il comprensorio sciistico di <strong>passo Furcia<\/strong> dal paesino di <strong>San Vigilio<\/strong>, sempre attraverso una funivia per poi seguire il <em>sentiero n. 1 per il Rifugio Panorama<\/em> fino alla cima della montagna.<\/p>\n<hr \/>\n<h2><span class=\"ez-toc-section\" id=\"Meteo_e_curiosita\"><\/span>Meteo e curiosit\u00e0<span class=\"ez-toc-section-end\"><\/span><\/h2>\n<p>Questa zona d\u2019inverno tende ad avere un tempo soleggiato.<\/p>\n<p>Potete comunque vedere il meteo e la localit\u00e0 in diretta grazie alle numerose web cam collocate a Plan de Corones, attive 24 ore su 24.<\/p>\n","protected":false},"excerpt":{"rendered":"<p>Plan de Corones (o Kronplatz\u00a0in\u00a0tedesco) \u00e8 la localit\u00e0 sciistica pi\u00f9 importante dell\u2019Alto Adige. Questa montagna si trova a pochi chilometri da Brunico, in Val Pusteria. Ad essere precisi \u00e8 proprio Plan de Corones a dividere la Val Pusteria dalla vicina Val di Marebbe. La zona montuosa comprende i comuni di Marebbe, Chienes, Valdaora, Falzes, Perca, [&hellip;]<\/p>\n","protected":false},"author":9,"featured_media":28327,"comment_status":"closed","ping_status":"closed","sticky":false,"template":"","format":"standard","meta":{"_acf_changed":false,"inline_featured_image":false,"_lmt_disableupdate":"no","_lmt_disable":"no","_monsterinsights_skip_tracking":false,"_monsterinsights_sitenote_active":false,"_monsterinsights_sitenote_note":"","_monsterinsights_sitenote_category":0,"footnotes":""},"categories":[4],"tags":[],"class_list":["post-28321","post","type-post","status-publish","format-standard","has-post-thumbnail","hentry","category-alta-quota"],"acf":[],"yoast_head":"<!-- This site is optimized with the Yoast SEO plugin v27.5 - https:\/\/yoast.com\/product\/yoast-seo-wordpress\/ -->\n<title>Plan de Corones: sci, escursioni e musei in Val Pusteria - Ignas Tour<\/title>\n<meta name=\"description\" content=\"Tutto ci\u00f2 che serve sapere per vivere una vacanza in Val Pusteria. Scopri Plan de Corones, tra escursioni e famose piste da sci.\" \/>\n<meta name=\"robots\" content=\"index, follow, max-snippet:-1, max-image-preview:large, max-video-preview:-1\" \/>\n<link rel=\"canonical\" href=\"https:\/\/www.ignas.com\/it\/blog\/plan-de-corones-sci-escursioni-e-musei-in-val-pusteria\/\" \/>\n<meta property=\"og:locale\" content=\"it_IT\" \/>\n<meta property=\"og:type\" content=\"article\" \/>\n<meta property=\"og:title\" content=\"Plan de Corones: sci, escursioni e musei in Val Pusteria - Ignas Tour\" \/>\n<meta property=\"og:description\" content=\"Tutto ci\u00f2 che serve sapere per vivere una vacanza in Val Pusteria. Scopri Plan de Corones, tra escursioni e famose piste da sci.\" \/>\n<meta property=\"og:url\" content=\"https:\/\/www.ignas.com\/it\/blog\/plan-de-corones-sci-escursioni-e-musei-in-val-pusteria\/\" \/>\n<meta property=\"og:site_name\" content=\"Ignas Tour\" \/>\n<meta property=\"article:published_time\" content=\"2024-11-08T15:50:56+00:00\" \/>\n<meta property=\"article:modified_time\" content=\"2026-02-11T14:28:03+00:00\" \/>\n<meta property=\"og:image\" content=\"https:\/\/www.ignas.com\/it\/blog\/wp-content\/uploads\/2024\/11\/cosa-fare.jpg\" \/>\n\t<meta property=\"og:image:width\" content=\"800\" \/>\n\t<meta property=\"og:image:height\" content=\"400\" \/>\n\t<meta property=\"og:image:type\" content=\"image\/jpeg\" \/>\n<meta name=\"author\" content=\"Denise Basano\" \/>\n<meta name=\"twitter:card\" content=\"summary_large_image\" \/>\n<meta name=\"twitter:label1\" content=\"Scritto da\" \/>\n\t<meta name=\"twitter:data1\" content=\"Denise Basano\" \/>\n\t<meta name=\"twitter:label2\" content=\"Tempo di lettura stimato\" \/>\n\t<meta name=\"twitter:data2\" content=\"11 minuti\" \/>\n<script type=\"application\/ld+json\" class=\"yoast-schema-graph\">{\"@context\":\"https:\\\/\\\/schema.org\",\"@graph\":[{\"@type\":\"Article\",\"@id\":\"https:\\\/\\\/www.ignas.com\\\/it\\\/blog\\\/plan-de-corones-sci-escursioni-e-musei-in-val-pusteria\\\/#article\",\"isPartOf\":{\"@id\":\"https:\\\/\\\/www.ignas.com\\\/it\\\/blog\\\/plan-de-corones-sci-escursioni-e-musei-in-val-pusteria\\\/\"},\"author\":{\"name\":\"Denise Basano\",\"@id\":\"https:\\\/\\\/www.ignas.com\\\/it\\\/blog\\\/#\\\/schema\\\/person\\\/35623ec6571fac9d6c4d09e8beb6be93\"},\"headline\":\"Plan de Corones: sci, escursioni e musei in Val Pusteria\",\"datePublished\":\"2024-11-08T15:50:56+00:00\",\"dateModified\":\"2026-02-11T14:28:03+00:00\",\"mainEntityOfPage\":{\"@id\":\"https:\\\/\\\/www.ignas.com\\\/it\\\/blog\\\/plan-de-corones-sci-escursioni-e-musei-in-val-pusteria\\\/\"},\"wordCount\":1838,\"publisher\":{\"@id\":\"https:\\\/\\\/www.ignas.com\\\/it\\\/blog\\\/#organization\"},\"image\":{\"@id\":\"https:\\\/\\\/www.ignas.com\\\/it\\\/blog\\\/plan-de-corones-sci-escursioni-e-musei-in-val-pusteria\\\/#primaryimage\"},\"thumbnailUrl\":\"https:\\\/\\\/www.ignas.com\\\/it\\\/blog\\\/wp-content\\\/uploads\\\/2024\\\/11\\\/cosa-fare.jpg\",\"articleSection\":[\"Alta Quota\"],\"inLanguage\":\"it-IT\"},{\"@type\":\"WebPage\",\"@id\":\"https:\\\/\\\/www.ignas.com\\\/it\\\/blog\\\/plan-de-corones-sci-escursioni-e-musei-in-val-pusteria\\\/\",\"url\":\"https:\\\/\\\/www.ignas.com\\\/it\\\/blog\\\/plan-de-corones-sci-escursioni-e-musei-in-val-pusteria\\\/\",\"name\":\"Plan de Corones: sci, escursioni e musei in Val Pusteria - Ignas Tour\",\"isPartOf\":{\"@id\":\"https:\\\/\\\/www.ignas.com\\\/it\\\/blog\\\/#website\"},\"primaryImageOfPage\":{\"@id\":\"https:\\\/\\\/www.ignas.com\\\/it\\\/blog\\\/plan-de-corones-sci-escursioni-e-musei-in-val-pusteria\\\/#primaryimage\"},\"image\":{\"@id\":\"https:\\\/\\\/www.ignas.com\\\/it\\\/blog\\\/plan-de-corones-sci-escursioni-e-musei-in-val-pusteria\\\/#primaryimage\"},\"thumbnailUrl\":\"https:\\\/\\\/www.ignas.com\\\/it\\\/blog\\\/wp-content\\\/uploads\\\/2024\\\/11\\\/cosa-fare.jpg\",\"datePublished\":\"2024-11-08T15:50:56+00:00\",\"dateModified\":\"2026-02-11T14:28:03+00:00\",\"description\":\"Tutto ci\u00f2 che serve sapere per vivere una vacanza in Val Pusteria. Scopri Plan de Corones, tra escursioni e famose piste da sci.\",\"breadcrumb\":{\"@id\":\"https:\\\/\\\/www.ignas.com\\\/it\\\/blog\\\/plan-de-corones-sci-escursioni-e-musei-in-val-pusteria\\\/#breadcrumb\"},\"inLanguage\":\"it-IT\",\"potentialAction\":[{\"@type\":\"ReadAction\",\"target\":[\"https:\\\/\\\/www.ignas.com\\\/it\\\/blog\\\/plan-de-corones-sci-escursioni-e-musei-in-val-pusteria\\\/\"]}]},{\"@type\":\"ImageObject\",\"inLanguage\":\"it-IT\",\"@id\":\"https:\\\/\\\/www.ignas.com\\\/it\\\/blog\\\/plan-de-corones-sci-escursioni-e-musei-in-val-pusteria\\\/#primaryimage\",\"url\":\"https:\\\/\\\/www.ignas.com\\\/it\\\/blog\\\/wp-content\\\/uploads\\\/2024\\\/11\\\/cosa-fare.jpg\",\"contentUrl\":\"https:\\\/\\\/www.ignas.com\\\/it\\\/blog\\\/wp-content\\\/uploads\\\/2024\\\/11\\\/cosa-fare.jpg\",\"width\":800,\"height\":400,\"caption\":\"Gli amanti dello sport camminano con in mano lo snowboard oppure sciano sul versante innevato di Plan de Corones. In lontananza le vette delle montagne circostanti compongono un paesaggio unico.\"},{\"@type\":\"BreadcrumbList\",\"@id\":\"https:\\\/\\\/www.ignas.com\\\/it\\\/blog\\\/plan-de-corones-sci-escursioni-e-musei-in-val-pusteria\\\/#breadcrumb\",\"itemListElement\":[{\"@type\":\"ListItem\",\"position\":1,\"name\":\"Home\",\"item\":\"https:\\\/\\\/www.ignas.com\\\/it\\\/blog\\\/\"},{\"@type\":\"ListItem\",\"position\":2,\"name\":\"Plan de Corones: sci, escursioni e musei in Val Pusteria\"}]},{\"@type\":\"WebSite\",\"@id\":\"https:\\\/\\\/www.ignas.com\\\/it\\\/blog\\\/#website\",\"url\":\"https:\\\/\\\/www.ignas.com\\\/it\\\/blog\\\/\",\"name\":\"Ignas Tour\",\"description\":\"\",\"publisher\":{\"@id\":\"https:\\\/\\\/www.ignas.com\\\/it\\\/blog\\\/#organization\"},\"potentialAction\":[{\"@type\":\"SearchAction\",\"target\":{\"@type\":\"EntryPoint\",\"urlTemplate\":\"https:\\\/\\\/www.ignas.com\\\/it\\\/blog\\\/?s={search_term_string}\"},\"query-input\":{\"@type\":\"PropertyValueSpecification\",\"valueRequired\":true,\"valueName\":\"search_term_string\"}}],\"inLanguage\":\"it-IT\"},{\"@type\":\"Organization\",\"@id\":\"https:\\\/\\\/www.ignas.com\\\/it\\\/blog\\\/#organization\",\"name\":\"Ignas Tour\",\"url\":\"https:\\\/\\\/www.ignas.com\\\/it\\\/blog\\\/\",\"logo\":{\"@type\":\"ImageObject\",\"inLanguage\":\"it-IT\",\"@id\":\"https:\\\/\\\/www.ignas.com\\\/it\\\/blog\\\/#\\\/schema\\\/logo\\\/image\\\/\",\"url\":\"https:\\\/\\\/www.ignas.com\\\/it\\\/blog\\\/wp-content\\\/uploads\\\/2020\\\/01\\\/logo-ignas-com-200.png\",\"contentUrl\":\"https:\\\/\\\/www.ignas.com\\\/it\\\/blog\\\/wp-content\\\/uploads\\\/2020\\\/01\\\/logo-ignas-com-200.png\",\"width\":1147,\"height\":329,\"caption\":\"Ignas Tour\"},\"image\":{\"@id\":\"https:\\\/\\\/www.ignas.com\\\/it\\\/blog\\\/#\\\/schema\\\/logo\\\/image\\\/\"}},{\"@type\":\"Person\",\"@id\":\"https:\\\/\\\/www.ignas.com\\\/it\\\/blog\\\/#\\\/schema\\\/person\\\/35623ec6571fac9d6c4d09e8beb6be93\",\"name\":\"Denise Basano\",\"image\":{\"@type\":\"ImageObject\",\"inLanguage\":\"it-IT\",\"@id\":\"https:\\\/\\\/secure.gravatar.com\\\/avatar\\\/0804a4570de58f17b1419110fddf9731b4ea94fefb07e3ff88feff9d40c4889b?s=96&d=mm&r=g\",\"url\":\"https:\\\/\\\/secure.gravatar.com\\\/avatar\\\/0804a4570de58f17b1419110fddf9731b4ea94fefb07e3ff88feff9d40c4889b?s=96&d=mm&r=g\",\"contentUrl\":\"https:\\\/\\\/secure.gravatar.com\\\/avatar\\\/0804a4570de58f17b1419110fddf9731b4ea94fefb07e3ff88feff9d40c4889b?s=96&d=mm&r=g\",\"caption\":\"Denise Basano\"},\"description\":\"Ciao, sono curiosa, intraprendente e con la voglia di raccontare storie! Voglio ispirare le persone a viaggiare, valorizzando la nostra bella terra, i suoi meravigliosi paesaggi e le diversit\u00e0 culturali che la abitano.\"}]}<\/script>\n<!-- \/ Yoast SEO plugin. -->","yoast_head_json":{"title":"Plan de Corones: sci, escursioni e musei in Val Pusteria - Ignas Tour","description":"Tutto ci\u00f2 che serve sapere per vivere una vacanza in Val Pusteria. Scopri Plan de Corones, tra escursioni e famose piste da sci.","robots":{"index":"index","follow":"follow","max-snippet":"max-snippet:-1","max-image-preview":"max-image-preview:large","max-video-preview":"max-video-preview:-1"},"canonical":"https:\/\/www.ignas.com\/it\/blog\/plan-de-corones-sci-escursioni-e-musei-in-val-pusteria\/","og_locale":"it_IT","og_type":"article","og_title":"Plan de Corones: sci, escursioni e musei in Val Pusteria - Ignas Tour","og_description":"Tutto ci\u00f2 che serve sapere per vivere una vacanza in Val Pusteria. Scopri Plan de Corones, tra escursioni e famose piste da sci.","og_url":"https:\/\/www.ignas.com\/it\/blog\/plan-de-corones-sci-escursioni-e-musei-in-val-pusteria\/","og_site_name":"Ignas Tour","article_published_time":"2024-11-08T15:50:56+00:00","article_modified_time":"2026-02-11T14:28:03+00:00","og_image":[{"width":800,"height":400,"url":"https:\/\/www.ignas.com\/it\/blog\/wp-content\/uploads\/2024\/11\/cosa-fare.jpg","type":"image\/jpeg"}],"author":"Denise Basano","twitter_card":"summary_large_image","twitter_misc":{"Scritto da":"Denise Basano","Tempo di lettura stimato":"11 minuti"},"schema":{"@context":"https:\/\/schema.org","@graph":[{"@type":"Article","@id":"https:\/\/www.ignas.com\/it\/blog\/plan-de-corones-sci-escursioni-e-musei-in-val-pusteria\/#article","isPartOf":{"@id":"https:\/\/www.ignas.com\/it\/blog\/plan-de-corones-sci-escursioni-e-musei-in-val-pusteria\/"},"author":{"name":"Denise Basano","@id":"https:\/\/www.ignas.com\/it\/blog\/#\/schema\/person\/35623ec6571fac9d6c4d09e8beb6be93"},"headline":"Plan de Corones: sci, escursioni e musei in Val Pusteria","datePublished":"2024-11-08T15:50:56+00:00","dateModified":"2026-02-11T14:28:03+00:00","mainEntityOfPage":{"@id":"https:\/\/www.ignas.com\/it\/blog\/plan-de-corones-sci-escursioni-e-musei-in-val-pusteria\/"},"wordCount":1838,"publisher":{"@id":"https:\/\/www.ignas.com\/it\/blog\/#organization"},"image":{"@id":"https:\/\/www.ignas.com\/it\/blog\/plan-de-corones-sci-escursioni-e-musei-in-val-pusteria\/#primaryimage"},"thumbnailUrl":"https:\/\/www.ignas.com\/it\/blog\/wp-content\/uploads\/2024\/11\/cosa-fare.jpg","articleSection":["Alta Quota"],"inLanguage":"it-IT"},{"@type":"WebPage","@id":"https:\/\/www.ignas.com\/it\/blog\/plan-de-corones-sci-escursioni-e-musei-in-val-pusteria\/","url":"https:\/\/www.ignas.com\/it\/blog\/plan-de-corones-sci-escursioni-e-musei-in-val-pusteria\/","name":"Plan de Corones: sci, escursioni e musei in Val Pusteria - Ignas Tour","isPartOf":{"@id":"https:\/\/www.ignas.com\/it\/blog\/#website"},"primaryImageOfPage":{"@id":"https:\/\/www.ignas.com\/it\/blog\/plan-de-corones-sci-escursioni-e-musei-in-val-pusteria\/#primaryimage"},"image":{"@id":"https:\/\/www.ignas.com\/it\/blog\/plan-de-corones-sci-escursioni-e-musei-in-val-pusteria\/#primaryimage"},"thumbnailUrl":"https:\/\/www.ignas.com\/it\/blog\/wp-content\/uploads\/2024\/11\/cosa-fare.jpg","datePublished":"2024-11-08T15:50:56+00:00","dateModified":"2026-02-11T14:28:03+00:00","description":"Tutto ci\u00f2 che serve sapere per vivere una vacanza in Val Pusteria. Scopri Plan de Corones, tra escursioni e famose piste da sci.","breadcrumb":{"@id":"https:\/\/www.ignas.com\/it\/blog\/plan-de-corones-sci-escursioni-e-musei-in-val-pusteria\/#breadcrumb"},"inLanguage":"it-IT","potentialAction":[{"@type":"ReadAction","target":["https:\/\/www.ignas.com\/it\/blog\/plan-de-corones-sci-escursioni-e-musei-in-val-pusteria\/"]}]},{"@type":"ImageObject","inLanguage":"it-IT","@id":"https:\/\/www.ignas.com\/it\/blog\/plan-de-corones-sci-escursioni-e-musei-in-val-pusteria\/#primaryimage","url":"https:\/\/www.ignas.com\/it\/blog\/wp-content\/uploads\/2024\/11\/cosa-fare.jpg","contentUrl":"https:\/\/www.ignas.com\/it\/blog\/wp-content\/uploads\/2024\/11\/cosa-fare.jpg","width":800,"height":400,"caption":"Gli amanti dello sport camminano con in mano lo snowboard oppure sciano sul versante innevato di Plan de Corones. In lontananza le vette delle montagne circostanti compongono un paesaggio unico."},{"@type":"BreadcrumbList","@id":"https:\/\/www.ignas.com\/it\/blog\/plan-de-corones-sci-escursioni-e-musei-in-val-pusteria\/#breadcrumb","itemListElement":[{"@type":"ListItem","position":1,"name":"Home","item":"https:\/\/www.ignas.com\/it\/blog\/"},{"@type":"ListItem","position":2,"name":"Plan de Corones: sci, escursioni e musei in Val Pusteria"}]},{"@type":"WebSite","@id":"https:\/\/www.ignas.com\/it\/blog\/#website","url":"https:\/\/www.ignas.com\/it\/blog\/","name":"Ignas Tour","description":"","publisher":{"@id":"https:\/\/www.ignas.com\/it\/blog\/#organization"},"potentialAction":[{"@type":"SearchAction","target":{"@type":"EntryPoint","urlTemplate":"https:\/\/www.ignas.com\/it\/blog\/?s={search_term_string}"},"query-input":{"@type":"PropertyValueSpecification","valueRequired":true,"valueName":"search_term_string"}}],"inLanguage":"it-IT"},{"@type":"Organization","@id":"https:\/\/www.ignas.com\/it\/blog\/#organization","name":"Ignas Tour","url":"https:\/\/www.ignas.com\/it\/blog\/","logo":{"@type":"ImageObject","inLanguage":"it-IT","@id":"https:\/\/www.ignas.com\/it\/blog\/#\/schema\/logo\/image\/","url":"https:\/\/www.ignas.com\/it\/blog\/wp-content\/uploads\/2020\/01\/logo-ignas-com-200.png","contentUrl":"https:\/\/www.ignas.com\/it\/blog\/wp-content\/uploads\/2020\/01\/logo-ignas-com-200.png","width":1147,"height":329,"caption":"Ignas Tour"},"image":{"@id":"https:\/\/www.ignas.com\/it\/blog\/#\/schema\/logo\/image\/"}},{"@type":"Person","@id":"https:\/\/www.ignas.com\/it\/blog\/#\/schema\/person\/35623ec6571fac9d6c4d09e8beb6be93","name":"Denise Basano","image":{"@type":"ImageObject","inLanguage":"it-IT","@id":"https:\/\/secure.gravatar.com\/avatar\/0804a4570de58f17b1419110fddf9731b4ea94fefb07e3ff88feff9d40c4889b?s=96&d=mm&r=g","url":"https:\/\/secure.gravatar.com\/avatar\/0804a4570de58f17b1419110fddf9731b4ea94fefb07e3ff88feff9d40c4889b?s=96&d=mm&r=g","contentUrl":"https:\/\/secure.gravatar.com\/avatar\/0804a4570de58f17b1419110fddf9731b4ea94fefb07e3ff88feff9d40c4889b?s=96&d=mm&r=g","caption":"Denise Basano"},"description":"Ciao, sono curiosa, intraprendente e con la voglia di raccontare storie! Voglio ispirare le persone a viaggiare, valorizzando la nostra bella terra, i suoi meravigliosi paesaggi e le diversit\u00e0 culturali che la abitano."}]}},"modified_by":"Michele","_links":{"self":[{"href":"https:\/\/www.ignas.com\/it\/blog\/wp-json\/wp\/v2\/posts\/28321","targetHints":{"allow":["GET"]}}],"collection":[{"href":"https:\/\/www.ignas.com\/it\/blog\/wp-json\/wp\/v2\/posts"}],"about":[{"href":"https:\/\/www.ignas.com\/it\/blog\/wp-json\/wp\/v2\/types\/post"}],"author":[{"embeddable":true,"href":"https:\/\/www.ignas.com\/it\/blog\/wp-json\/wp\/v2\/users\/9"}],"replies":[{"embeddable":true,"href":"https:\/\/www.ignas.com\/it\/blog\/wp-json\/wp\/v2\/comments?post=28321"}],"version-history":[{"count":5,"href":"https:\/\/www.ignas.com\/it\/blog\/wp-json\/wp\/v2\/posts\/28321\/revisions"}],"predecessor-version":[{"id":28677,"href":"https:\/\/www.ignas.com\/it\/blog\/wp-json\/wp\/v2\/posts\/28321\/revisions\/28677"}],"wp:featuredmedia":[{"embeddable":true,"href":"https:\/\/www.ignas.com\/it\/blog\/wp-json\/wp\/v2\/media\/28327"}],"wp:attachment":[{"href":"https:\/\/www.ignas.com\/it\/blog\/wp-json\/wp\/v2\/media?parent=28321"}],"wp:term":[{"taxonomy":"category","embeddable":true,"href":"https:\/\/www.ignas.com\/it\/blog\/wp-json\/wp\/v2\/categories?post=28321"},{"taxonomy":"post_tag","embeddable":true,"href":"https:\/\/www.ignas.com\/it\/blog\/wp-json\/wp\/v2\/tags?post=28321"}],"curies":[{"name":"wp","href":"https:\/\/api.w.org\/{rel}","templated":true}]}}