{"id":26566,"date":"2023-10-04T09:20:14","date_gmt":"2023-10-04T07:20:14","guid":{"rendered":"https:\/\/www.ignas.com\/it\/blog\/?p=26566"},"modified":"2025-02-05T16:54:43","modified_gmt":"2025-02-05T15:54:43","slug":"settimana-bianca-con-bambini","status":"publish","type":"post","link":"https:\/\/www.ignas.com\/it\/blog\/settimana-bianca-con-bambini\/","title":{"rendered":"Settimana bianca con bambini"},"content":{"rendered":"<p>Abbiamo gi\u00e0 esplorato le varie possibilit\u00e0 di chi decide di andare in<span style=\"color: #ff6600;\"><strong> <a style=\"color: #ff6600;\" href=\"https:\/\/www.ignas.com\/it\/blog\/montagna-con-bambini\/\" target=\"_blank\" rel=\"noopener\">vacanza in montagna con i bambini<\/a> <\/strong><\/span>e come fare una <strong><span style=\"color: #ff6600;\"><a style=\"color: #ff6600;\" href=\"https:\/\/www.ignas.com\/it\/blog\/settimana-bianca-low-cost\/\" target=\"_blank\" rel=\"noopener\">settimana bianca low cost<\/a>,<\/span><\/strong> ma in questo caso il viaggio prevede un binomio diverso: neve e bambini. Questo mix della<strong> settimana bianca con bambini<\/strong> apre una serie di scenari e domande che prevedono una certa organizzazione e alcune soluzioni semplici e efficaci per vivere a 360 gradi una vacanza cos\u00ec particolare.<\/p>\n<h2><span class=\"ez-toc-section\" id=\"Settimana_bianca_con_bambini_consigli_principali\"><\/span>Settimana bianca con bambini: consigli principali<span class=\"ez-toc-section-end\"><\/span><\/h2><div id=\"ez-toc-container\" class=\"ez-toc-v2_0_82_2 counter-hierarchy ez-toc-counter ez-toc-white ez-toc-container-direction\">\n<div class=\"ez-toc-title-container\">\n<p class=\"ez-toc-title\" style=\"cursor:inherit\"><\/p>\n<span class=\"ez-toc-title-toggle\"><a href=\"#\" class=\"ez-toc-pull-right ez-toc-btn ez-toc-btn-xs ez-toc-btn-default ez-toc-toggle\" aria-label=\"Toggle Table of Content\"><span class=\"ez-toc-js-icon-con\"><span class=\"\"><span class=\"eztoc-hide\" style=\"display:none;\">Toggle<\/span><span class=\"ez-toc-icon-toggle-span\"><svg style=\"fill: #999;color:#999\" xmlns=\"http:\/\/www.w3.org\/2000\/svg\" class=\"list-377408\" width=\"20px\" height=\"20px\" viewBox=\"0 0 24 24\" fill=\"none\"><path d=\"M6 6H4v2h2V6zm14 0H8v2h12V6zM4 11h2v2H4v-2zm16 0H8v2h12v-2zM4 16h2v2H4v-2zm16 0H8v2h12v-2z\" fill=\"currentColor\"><\/path><\/svg><svg style=\"fill: #999;color:#999\" class=\"arrow-unsorted-368013\" xmlns=\"http:\/\/www.w3.org\/2000\/svg\" width=\"10px\" height=\"10px\" viewBox=\"0 0 24 24\" version=\"1.2\" baseProfile=\"tiny\"><path d=\"M18.2 9.3l-6.2-6.3-6.2 6.3c-.2.2-.3.4-.3.7s.1.5.3.7c.2.2.4.3.7.3h11c.3 0 .5-.1.7-.3.2-.2.3-.5.3-.7s-.1-.5-.3-.7zM5.8 14.7l6.2 6.3 6.2-6.3c.2-.2.3-.5.3-.7s-.1-.5-.3-.7c-.2-.2-.4-.3-.7-.3h-11c-.3 0-.5.1-.7.3-.2.2-.3.5-.3.7s.1.5.3.7z\"\/><\/svg><\/span><\/span><\/span><\/a><\/span><\/div>\n<nav><ul class='ez-toc-list ez-toc-list-level-1 eztoc-toggle-hide-by-default' ><li class='ez-toc-page-1 ez-toc-heading-level-2'><a class=\"ez-toc-link ez-toc-heading-1\" href=\"https:\/\/www.ignas.com\/it\/blog\/settimana-bianca-con-bambini\/#Settimana_bianca_con_bambini_consigli_principali\" >Settimana bianca con bambini: consigli principali<\/a><\/li><li class='ez-toc-page-1 ez-toc-heading-level-2'><a class=\"ez-toc-link ez-toc-heading-2\" href=\"https:\/\/www.ignas.com\/it\/blog\/settimana-bianca-con-bambini\/#Bambini_e_vacanze_sulla_neve_info_sulle_eta\" >Bambini e vacanze sulla neve: info sulle et\u00e0!<\/a><\/li><li class='ez-toc-page-1 ez-toc-heading-level-2'><a class=\"ez-toc-link ez-toc-heading-3\" href=\"https:\/\/www.ignas.com\/it\/blog\/settimana-bianca-con-bambini\/#Dove_andare_in_settimana_bianca_con_bambini\" >Dove andare in settimana bianca con bambini?<\/a><ul class='ez-toc-list-level-3' ><li class='ez-toc-heading-level-3'><a class=\"ez-toc-link ez-toc-heading-4\" href=\"https:\/\/www.ignas.com\/it\/blog\/settimana-bianca-con-bambini\/#Cosa_fare_con_i_bambini_ad_Andalo_Trentino\" >Cosa fare con i bambini ad Andalo? (Trentino)<\/a><\/li><li class='ez-toc-page-1 ez-toc-heading-level-3'><a class=\"ez-toc-link ez-toc-heading-5\" href=\"https:\/\/www.ignas.com\/it\/blog\/settimana-bianca-con-bambini\/#Sciare_con_bambini_in_Trentino_Val_di_Fiemme\" >Sciare con bambini in Trentino (Val di Fiemme)<\/a><\/li><li class='ez-toc-page-1 ez-toc-heading-level-3'><a class=\"ez-toc-link ez-toc-heading-6\" href=\"https:\/\/www.ignas.com\/it\/blog\/settimana-bianca-con-bambini\/#Settimana_bianca_All_Inclusive_non_solo_miniclub_Alto_Adige\" >Settimana bianca All Inclusive: non solo miniclub! (Alto Adige)<\/a><\/li><li class='ez-toc-page-1 ez-toc-heading-level-3'><a class=\"ez-toc-link ez-toc-heading-7\" href=\"https:\/\/www.ignas.com\/it\/blog\/settimana-bianca-con-bambini\/#Family_Hotel_Andalo_sentirsi_a_casa\" >Family Hotel Andalo: sentirsi a casa!<\/a><\/li><li class='ez-toc-page-1 ez-toc-heading-level-3'><a class=\"ez-toc-link ez-toc-heading-8\" href=\"https:\/\/www.ignas.com\/it\/blog\/settimana-bianca-con-bambini\/#Offerta_settimana_bianca_skipass_incluso_Lombardia\" >Offerta settimana bianca skipass incluso (Lombardia)<\/a><\/li><\/ul><\/li><li class='ez-toc-page-1 ez-toc-heading-level-2'><a class=\"ez-toc-link ez-toc-heading-9\" href=\"https:\/\/www.ignas.com\/it\/blog\/settimana-bianca-con-bambini\/#Family_Hotel_Montagna_che_tipo_di_trattamento_e_meglio\" >Family Hotel Montagna: che tipo di trattamento \u00e8 meglio?<\/a><\/li><\/ul><\/nav><\/div>\n\n<p>Volendo fare un po&#8217; di ordine sulla serie di punti da tenere in considerazione potremmo partire da:<\/p>\n<ul>\n<li>quali attivit\u00e0 sportive sulla neve<\/li>\n<li>quali strutture alberghiere scegliere<\/li>\n<li>che tipo di trattamento<\/li>\n<li>che zona preferire<\/li>\n<li>quale periodo si presta meglio<\/li>\n<li>piccoli accorgimenti che fanno la differenza (attrezzature, miniclub, vicinanza alle piste)<\/li>\n<\/ul>\n<p>A monte di tutti questi punti c&#8217;\u00e8 il principale dai quali non si pu\u00f2 prescindere: l&#8217;et\u00e0 dei bambini! Da questo dato poi si aprono diversi scenari a secondo della fascia dei pargoletti!<\/p>\n<h2><span class=\"ez-toc-section\" id=\"Bambini_e_vacanze_sulla_neve_info_sulle_eta\"><\/span>Bambini e vacanze sulla neve: info sulle et\u00e0!<span class=\"ez-toc-section-end\"><\/span><\/h2>\n<p><img loading=\"lazy\" decoding=\"async\" class=\"alignnone size-full wp-image-26724\" src=\"https:\/\/www.ignas.com\/it\/blog\/wp-content\/uploads\/2023\/09\/settimana-bianca-bambini.jpeg\" alt=\"settimana bianca con bambini\" width=\"900\" height=\"600\" srcset=\"https:\/\/www.ignas.com\/it\/blog\/wp-content\/uploads\/2023\/09\/settimana-bianca-bambini.jpeg 900w, https:\/\/www.ignas.com\/it\/blog\/wp-content\/uploads\/2023\/09\/settimana-bianca-bambini-300x200.jpeg 300w, https:\/\/www.ignas.com\/it\/blog\/wp-content\/uploads\/2023\/09\/settimana-bianca-bambini-768x512.jpeg 768w\" sizes=\"auto, (max-width: 900px) 100vw, 900px\" \/><\/p>\n<p>Facciamo per cui uno schema per fasce d&#8217;et\u00e0, premettendo per\u00f2 che sono solo indicazioni di massima, in quanto vi sono bambini che anticipano alcune inclinazioni e altri che tendono ad averle dopo. Per cui di base ci vuole poi sempre il criterio principe che \u00e8 la ragionevolezza e il buon senso.<\/p>\n<table border=\"1\">\n<tbody>\n<tr>\n<td><strong>Et\u00e0<\/strong><\/td>\n<td><strong>Attivit\u00e0<\/strong><\/td>\n<td><strong>Maestro<\/strong><\/td>\n<td><strong>Attrezzature custom<\/strong><\/td>\n<\/tr>\n<tr>\n<td>0 &#8211; 2<\/td>\n<td>Primo approccio con elemento neve<\/td>\n<td>No<\/td>\n<td>Tutina da neve neonati<\/td>\n<\/tr>\n<tr>\n<td>2 &#8211; 4<\/td>\n<td>Slittino<\/td>\n<td>No<\/td>\n<td>Scarponcini e guanti<\/td>\n<\/tr>\n<tr>\n<td>5+<\/td>\n<td>Scuola di sci<\/td>\n<td>SI<\/td>\n<td>Noleggio<\/td>\n<\/tr>\n<\/tbody>\n<\/table>\n<p>Questa tabella per quanto indicativa, permette tuttavia a colpo d&#8217;occhio di capire subito che tipo di attivit\u00e0 e dunque aspettative avere rispetto alla propria settimana bianca coinvolgendo i bambini in modo attivo. Nell&#8217;insieme di attivit\u00e0 sportive, oltre a quelle elencate si aprono anche altre opportunit\u00e0 per i bambini: le ciaspolate, lo snowboard, le lunghe discese nelle piste dedicate agli slittini, pattinaggio sul ghiaccio. Sono tutte attivit\u00e0 per le quali \u00e8 richiesta una certa confidenza con le relative attivit\u00e0, ma che certamente una volta iniziate a praticare nascer\u00e0 nei bambini una sicura passione, che li spinger\u00e0 ad amare quegli sport e la settimana bianca.<\/p>\n<h2><span class=\"ez-toc-section\" id=\"Dove_andare_in_settimana_bianca_con_bambini\"><\/span>Dove andare in settimana bianca con bambini?<span class=\"ez-toc-section-end\"><\/span><\/h2>\n<p>Quali zone montuose in Italia garantiscono cose da fare per le famiglie in montagna? Ecco un piccolo elenco:<\/p>\n<ul>\n<li>Trentino &#8211; Alto Agide\n<ul>\n<li>Val di Fiemme<\/li>\n<li>Val di Fassa<\/li>\n<li>Val Pusteria<\/li>\n<li>Val di Sole<\/li>\n<li>Cortina<\/li>\n<\/ul>\n<\/li>\n<li>Veneto<\/li>\n<li>Lombardia<\/li>\n<\/ul>\n<p>Queste sono solo alcune delle zone che consigliamo di valutare, la ricerca si pu\u00f2 espandere ma gi\u00e0 cos\u00ec ci sembra che possano esserci validissime alternative. Per cui scopriamo insieme alcune di queste zone cosa possono offrire.<\/p>\n<h3><span class=\"ez-toc-section\" id=\"Cosa_fare_con_i_bambini_ad_Andalo_Trentino\"><\/span>Cosa fare con i bambini ad Andalo? (Trentino)<span class=\"ez-toc-section-end\"><\/span><\/h3>\n<p><img loading=\"lazy\" decoding=\"async\" class=\"alignnone size-full wp-image-26725\" src=\"https:\/\/www.ignas.com\/it\/blog\/wp-content\/uploads\/2023\/09\/cosa-fare-ad-andalo.jpeg\" alt=\"cosa fare con i bambini ad Andalo\" width=\"900\" height=\"602\" srcset=\"https:\/\/www.ignas.com\/it\/blog\/wp-content\/uploads\/2023\/09\/cosa-fare-ad-andalo.jpeg 900w, https:\/\/www.ignas.com\/it\/blog\/wp-content\/uploads\/2023\/09\/cosa-fare-ad-andalo-300x201.jpeg 300w, https:\/\/www.ignas.com\/it\/blog\/wp-content\/uploads\/2023\/09\/cosa-fare-ad-andalo-768x514.jpeg 768w\" sizes=\"auto, (max-width: 900px) 100vw, 900px\" \/><\/p>\n<p>Tra la Val di Non e la Val di Sole la settimana bianca per famiglie trova nella localit\u00e0 di Andalo un luogo perfetto! In questa cittadina vicino a Fai della Paganella, la neve diventa cornice di divertimento per tutte le et\u00e0. Basti pensare ai Parchi divertimento che si trovano a Andalo fatti di piste per slittini, discese con gommoni, i gonfiabili, snowtubing e tanti giochi per la neve.<\/p>\n<p>E se piove? Anche in questo caso Andalo offre l&#8217;Acquapark piscine, una soluzione perfetta in caso di pioggia.<\/p>\n<h3><span class=\"ez-toc-section\" id=\"Sciare_con_bambini_in_Trentino_Val_di_Fiemme\"><\/span>Sciare con bambini in Trentino (Val di Fiemme)<span class=\"ez-toc-section-end\"><\/span><\/h3>\n<p>Ci spostiamo nel cuore della Val di Fiemme, a Cavalese, e pi\u00f9 precisamente a ben 2000 mt di quota! Ebbene si! Direttamente sulle piste! Infatti grazie alla nostra offerta con l<strong>&#8216;Hotel Romantic Excelsior<\/strong>\u00a0ci si trova direttamente sulle piste! Baster\u00e0 prendere la cabinovia a Cavalese e da quel momento inizier\u00e0 l&#8217;incredibile avventura per tutta la famiglia, per una settimana bianca ad alta quota! Nella nostra offerta \u00e8 previsto anche il miniclub!<\/p>\n<div class=\"vlp-link-container vlp-template-default \">\n\t<a href=\"https:\/\/www.ignas.com\/it\/offerte-vacanze-trentino-altoadige\/cavalese\/hotel-romantic-excelsior\" class=\"vlp-link\" title=\"Hotel Romantic Excelsior, 4 stelle - Cavalese (TN)\" rel=\"nofollow\" target=\"_blank\"><\/a>\t\t<div class=\"vlp-link-image-container\">\n\t\t<div class=\"vlp-link-image\">\n\t\t\t<img loading=\"lazy\" decoding=\"async\" style=\"max-width: 150px;\" width=\"150\" height=\"94\" src=\"https:\/\/www.ignas.com\/it\/blog\/wp-content\/uploads\/2023\/10\/Hotel-Romantic-Excelsior.jpg\" class=\"attachment-150x999 size-150x999\" alt=\"foto dei mercatini di Natale, vicino a Cavalese, dove si trova l&#039;Hotel Romantic Excelsior.\" srcset=\"https:\/\/www.ignas.com\/it\/blog\/wp-content\/uploads\/2023\/10\/Hotel-Romantic-Excelsior.jpg 1000w, https:\/\/www.ignas.com\/it\/blog\/wp-content\/uploads\/2023\/10\/Hotel-Romantic-Excelsior-300x188.jpg 300w, https:\/\/www.ignas.com\/it\/blog\/wp-content\/uploads\/2023\/10\/Hotel-Romantic-Excelsior-768x480.jpg 768w, https:\/\/www.ignas.com\/it\/blog\/wp-content\/uploads\/2023\/10\/Hotel-Romantic-Excelsior-320x200.jpg 320w\" sizes=\"auto, (max-width: 150px) 100vw, 150px\" \/>\t\t<\/div>\n\t<\/div>\n\t\t<div class=\"vlp-link-text-container\">\n\t\t\t\t<div class=\"vlp-link-title\">\n\t\t\tHotel Romantic Excelsior, 4 stelle - Cavalese (TN)\t\t<\/div>\n\t\t\t\t\t\t<div class=\"vlp-link-summary\">\n\t\t\tL\u2019Hotel Trunka Lunka \u00e8 situato a Cavalese nella splendida Val di Fiemme a pochi metri dal centro del paese ed \u00e8 l\u2019ideale per gli amanti dello spor\u2026\t\t<\/div>\n\t\t\t<\/div>\n<\/div>\n\n<p>&nbsp;<\/p>\n<h3><span class=\"ez-toc-section\" id=\"Settimana_bianca_All_Inclusive_non_solo_miniclub_Alto_Adige\"><\/span>Settimana bianca All Inclusive: non solo miniclub! (Alto Adige)<span class=\"ez-toc-section-end\"><\/span><\/h3>\n<p>Rimaniamo nella parte pi\u00f9 centrale delle dolomiti, pi\u00f9 precisamente questa volta andiamo nella parte Alto Atesina, nel noto Passo Oclini.<\/p>\n<p>In questa dimensione fatta di 2000 metri di quota, di insediamenti paleolitici, la montagna \u00e8 nel suo pieno splendore. E non \u00e8 un caso che l&#8217;<span style=\"color: #ff6600;\"><strong><a style=\"color: #ff6600;\" href=\"https:\/\/www.ignas.com\/it\/offerte-vacanze-trentino-altoadige\/passo-oclini--aldino\/berghotel-jochgrimm\" target=\"_blank\" rel=\"noopener\">Hotel Jochgrimm<\/a><\/strong><\/span> in origine fosse una fattoria alpina prima e un rifugio dopo, fino ad arrivare agli attuali proprietari che sono la quinta generazione di quella che in origine gestiva la struttura come autentica fattoria dolomitica. Ad oggi l&#8217;albergo conserva tutta la magnificenza di una antico rifugio, con il guizzo di design moderni dove l&#8217;eleganza delle stanze, una cucina ricercata, sono solo una parte di un&#8217;esperienza estetica che avvolge gli ospiti. E nella nostra offerte cosa \u00e8 incluso?<\/p>\n<p>Oltre alla mezza pensione \u00e8 incluso anche il cenone di Natale per chi soggiorna fra il 24 e 25 dicembre. <strong>Utilizzo della piscina coperta e panoramica a 30 gradi.<\/strong> Bagno turco cabina infrarossi, sauna e vasche idromassaggio. Skibus che porta alle piste di passo Lavaz\u00e8. Parcheggio e wifi completano tutti i servizi inclusi.<\/p>\n<div class=\"vlp-link-container vlp-layout-basic\"><a href=\"https:\/\/www.ignas.com\/it\/offerte-vacanze-trentino-altoadige\/passo-oclini--aldino\/berghotel-jochgrimm\" class=\"vlp-link\" title=\"Berghotel Jochgrimm Alpine Wellness, Passo Oclini (BZ)\" rel=\"nofollow\" target=\"_blank\"><\/a><div class=\"vlp-layout-zone-side\"><div class=\"vlp-block-2 vlp-link-image\"><img loading=\"lazy\" decoding=\"async\" style=\"max-width: 150px;\" width=\"150\" height=\"94\" src=\"https:\/\/www.ignas.com\/it\/blog\/wp-content\/uploads\/2023\/09\/berghotel-joch.jpg\" class=\"attachment-150x999 size-150x999\" alt=\"\" srcset=\"https:\/\/www.ignas.com\/it\/blog\/wp-content\/uploads\/2023\/09\/berghotel-joch.jpg 900w, https:\/\/www.ignas.com\/it\/blog\/wp-content\/uploads\/2023\/09\/berghotel-joch-300x188.jpg 300w, https:\/\/www.ignas.com\/it\/blog\/wp-content\/uploads\/2023\/09\/berghotel-joch-768x480.jpg 768w, https:\/\/www.ignas.com\/it\/blog\/wp-content\/uploads\/2023\/09\/berghotel-joch-320x200.jpg 320w\" sizes=\"auto, (max-width: 150px) 100vw, 150px\" \/><\/div><\/div><div class=\"vlp-layout-zone-main\"><div class=\"vlp-block-0 vlp-link-title\">Berghotel Jochgrimm Alpine Wellness, Passo Oclini (BZ)<\/div><div class=\"vlp-block-1 vlp-link-summary\">Il Berghotel Jochgrimm \u00e8 l\u2019ideale per chi cerca tranquillit\u00e0 e relax ed \u00e8 situato in una posizione ideale per gli amanti dello sport: si trova a ca\u2026<\/div><\/div><\/div>\n<h3><span class=\"ez-toc-section\" id=\"Family_Hotel_Andalo_sentirsi_a_casa\"><\/span>Family Hotel Andalo: sentirsi a casa!<span class=\"ez-toc-section-end\"><\/span><\/h3>\n<p>Cosa fa di un albergo un luogo dove sentirsi a casa propria con quel pizzico di magia? Per esempio i servizi! L<a href=\"https:\/\/www.ignas.com\/it\/offerte-vacanze-trentino-altoadige\/andalo\/hotel-la-bussola\" target=\"_blank\" rel=\"noopener\">&#8216;<strong><span style=\"color: #ff6600;\">Hotel La Bussola<\/span><\/strong><\/a> nella nostra offerta include la mezza pensione, il centro benessere con idromassaggio, sauna, bagno turco, e ciliegina per le famiglie, il miniclub dai 3 ai 10 anni con un programma giornaliero. Inoltre sempre inclusi ci sono gli animali domestici, la culla, il parcheggio e il Wi-Fi. Sono numerosi i family hotel Trentino Alto Adige, in questo caso l&#8217;albergo pur non nascendo con questo scopo, ha tuttavia tutta questa serie di servizi che lo rendono a tutti gli effetti perfetto per vivere le vacanze sulla neve con bambini.<\/p>\n<h3><span class=\"ez-toc-section\" id=\"Offerta_settimana_bianca_skipass_incluso_Lombardia\"><\/span>Offerta settimana bianca skipass incluso (Lombardia)<span class=\"ez-toc-section-end\"><\/span><\/h3>\n<p><img loading=\"lazy\" decoding=\"async\" class=\"alignnone size-full wp-image-25692\" src=\"https:\/\/www.ignas.com\/it\/blog\/wp-content\/uploads\/2022\/12\/skipass-dolomitisuperski.jpeg\" alt=\"skipass Dolomiti Superski\" width=\"750\" height=\"500\" srcset=\"https:\/\/www.ignas.com\/it\/blog\/wp-content\/uploads\/2022\/12\/skipass-dolomitisuperski.jpeg 750w, https:\/\/www.ignas.com\/it\/blog\/wp-content\/uploads\/2022\/12\/skipass-dolomitisuperski-300x200.jpeg 300w\" sizes=\"auto, (max-width: 750px) 100vw, 750px\" \/><\/p>\n<p>Andiamo in un altra <strong>localit\u00e0 iconica<\/strong> per chi ha in mente vacanze<strong> in montagna con bambini<\/strong>, ovvero <strong>Livigno<\/strong>, pi\u00f9 precisamente l&#8217;<a href=\"https:\/\/www.ignas.com\/it\/offerte-vacanze-lombardia\/livigno\/hotel-helvetia\"><strong><span style=\"color: #ff6600;\">Hotel Helvetia<\/span><\/strong><\/a>. Gli impianti sono vicinissimi all&#8217;albergo, e si pu\u00f2 raggiungere facilmente anche la citt\u00e0! Nella nostra offerta \u00e8 incluso il trattamento di mezza pensione, il centro benessere e la piscina coperta riscaldata.<\/p>\n<h2><span class=\"ez-toc-section\" id=\"Family_Hotel_Montagna_che_tipo_di_trattamento_e_meglio\"><\/span>Family Hotel Montagna: che tipo di trattamento \u00e8 meglio?<span class=\"ez-toc-section-end\"><\/span><\/h2>\n<p><img loading=\"lazy\" decoding=\"async\" class=\"alignnone size-full wp-image-26722\" src=\"https:\/\/www.ignas.com\/it\/blog\/wp-content\/uploads\/2023\/09\/family-hotel-trattamento.jpeg\" alt=\"\" width=\"900\" height=\"700\" srcset=\"https:\/\/www.ignas.com\/it\/blog\/wp-content\/uploads\/2023\/09\/family-hotel-trattamento.jpeg 900w, https:\/\/www.ignas.com\/it\/blog\/wp-content\/uploads\/2023\/09\/family-hotel-trattamento-300x233.jpeg 300w, https:\/\/www.ignas.com\/it\/blog\/wp-content\/uploads\/2023\/09\/family-hotel-trattamento-768x597.jpeg 768w\" sizes=\"auto, (max-width: 900px) 100vw, 900px\" \/><\/p>\n<p>Nelle nostre offerte sui Family Hotel la scelta spazia dalla formula snella del trattamento solo colazione a quello pi\u00f9 articolato della mezza pensione. Su quale dei due \u00e8 il migliore bisogna fare un distinguo. Da una parte la formula solo colazione permette di partire dall&#8217;Hotel con tutta la carica di <strong>una grande colazione<\/strong> che servir\u00e0 per le attivit\u00e0 mattutine. Avere libera scelta di cosa mangiare, a che ora e dove a pranzo e a cena permette certamente di sentirsi pi\u00f9 svincolati da orari e luoghi, inoltre si riesce anche a <strong>sperimentare <\/strong>pi\u00f9 <strong>cucine<\/strong> <strong>differenti.<\/strong><\/p>\n<p>Dall&#8217;altra parte il <strong>trattamento mezza pensione<\/strong> fa una cosa che<strong> molte famiglie apprezzano<\/strong>: mettono al sicuro l&#8217;organizzazione della cena (e chiaramente della colazione), permettendo cos\u00ec di divertirsi a tutto tondo per l&#8217;intera giornata con i bambini. In entrambe le soluzioni il pranzo \u00e8 da vivere con gli scarponi ai piedi pronti a fare <strong>attivit\u00e0 in montagna<\/strong>, magari dentro una <strong>malga<\/strong> oppure con qualche panino al sacco preventivamente preparato. Del resto il binomio<strong> family hotel settimana bianca<\/strong> ha un cuore sportivo e al contempo a misura di bambino.<\/p>\n","protected":false},"excerpt":{"rendered":"<p>Abbiamo gi\u00e0 esplorato le varie possibilit\u00e0 di chi decide di andare in vacanza in montagna con i bambini e come fare una settimana bianca low cost, ma in questo caso il viaggio prevede un binomio diverso: neve e bambini. Questo mix della settimana bianca con bambini apre una serie di scenari e domande che prevedono [&hellip;]<\/p>\n","protected":false},"author":2,"featured_media":26735,"comment_status":"closed","ping_status":"closed","sticky":false,"template":"","format":"standard","meta":{"_acf_changed":false,"inline_featured_image":false,"_lmt_disableupdate":"no","_lmt_disable":"no","_monsterinsights_skip_tracking":false,"_monsterinsights_sitenote_active":false,"_monsterinsights_sitenote_note":"","_monsterinsights_sitenote_category":0,"footnotes":""},"categories":[4],"tags":[],"class_list":["post-26566","post","type-post","status-publish","format-standard","has-post-thumbnail","hentry","category-alta-quota"],"acf":[],"yoast_head":"<!-- This site is optimized with the Yoast SEO plugin v27.5 - https:\/\/yoast.com\/product\/yoast-seo-wordpress\/ -->\n<title>Settimana bianca con bambini - Ignas Tour<\/title>\n<meta name=\"description\" content=\"Neve e bambini! Ecco tutte le informazioni per portare con se i bambini durante la settimana bianca.\" \/>\n<meta name=\"robots\" content=\"index, follow, max-snippet:-1, max-image-preview:large, max-video-preview:-1\" \/>\n<link rel=\"canonical\" href=\"https:\/\/www.ignas.com\/it\/blog\/settimana-bianca-con-bambini\/\" \/>\n<meta property=\"og:locale\" content=\"it_IT\" \/>\n<meta property=\"og:type\" content=\"article\" \/>\n<meta property=\"og:title\" content=\"Settimana bianca con bambini - Ignas Tour\" \/>\n<meta property=\"og:description\" content=\"Neve e bambini! Ecco tutte le informazioni per portare con se i bambini durante la settimana bianca.\" \/>\n<meta property=\"og:url\" content=\"https:\/\/www.ignas.com\/it\/blog\/settimana-bianca-con-bambini\/\" \/>\n<meta property=\"og:site_name\" content=\"Ignas Tour\" \/>\n<meta property=\"article:published_time\" content=\"2023-10-04T07:20:14+00:00\" \/>\n<meta property=\"article:modified_time\" content=\"2025-02-05T15:54:43+00:00\" \/>\n<meta property=\"og:image\" content=\"https:\/\/www.ignas.com\/it\/blog\/wp-content\/uploads\/2023\/10\/settimana-bianca-con-bambini.jpeg\" \/>\n\t<meta property=\"og:image:width\" content=\"1000\" \/>\n\t<meta property=\"og:image:height\" content=\"667\" \/>\n\t<meta property=\"og:image:type\" content=\"image\/jpeg\" \/>\n<meta name=\"author\" content=\"Fabrizio\" \/>\n<meta name=\"twitter:card\" content=\"summary_large_image\" \/>\n<meta name=\"twitter:label1\" content=\"Scritto da\" \/>\n\t<meta name=\"twitter:data1\" content=\"Fabrizio\" \/>\n\t<meta name=\"twitter:label2\" content=\"Tempo di lettura stimato\" \/>\n\t<meta name=\"twitter:data2\" content=\"8 minuti\" \/>\n<script type=\"application\/ld+json\" class=\"yoast-schema-graph\">{\"@context\":\"https:\\\/\\\/schema.org\",\"@graph\":[{\"@type\":\"Article\",\"@id\":\"https:\\\/\\\/www.ignas.com\\\/it\\\/blog\\\/settimana-bianca-con-bambini\\\/#article\",\"isPartOf\":{\"@id\":\"https:\\\/\\\/www.ignas.com\\\/it\\\/blog\\\/settimana-bianca-con-bambini\\\/\"},\"author\":{\"name\":\"Fabrizio\",\"@id\":\"https:\\\/\\\/www.ignas.com\\\/it\\\/blog\\\/#\\\/schema\\\/person\\\/cb41520c07db292cc5a20ce104e28a1d\"},\"headline\":\"Settimana bianca con bambini\",\"datePublished\":\"2023-10-04T07:20:14+00:00\",\"dateModified\":\"2025-02-05T15:54:43+00:00\",\"mainEntityOfPage\":{\"@id\":\"https:\\\/\\\/www.ignas.com\\\/it\\\/blog\\\/settimana-bianca-con-bambini\\\/\"},\"wordCount\":1294,\"publisher\":{\"@id\":\"https:\\\/\\\/www.ignas.com\\\/it\\\/blog\\\/#organization\"},\"image\":{\"@id\":\"https:\\\/\\\/www.ignas.com\\\/it\\\/blog\\\/settimana-bianca-con-bambini\\\/#primaryimage\"},\"thumbnailUrl\":\"https:\\\/\\\/www.ignas.com\\\/it\\\/blog\\\/wp-content\\\/uploads\\\/2023\\\/10\\\/settimana-bianca-con-bambini.jpeg\",\"articleSection\":[\"Alta Quota\"],\"inLanguage\":\"it-IT\"},{\"@type\":\"WebPage\",\"@id\":\"https:\\\/\\\/www.ignas.com\\\/it\\\/blog\\\/settimana-bianca-con-bambini\\\/\",\"url\":\"https:\\\/\\\/www.ignas.com\\\/it\\\/blog\\\/settimana-bianca-con-bambini\\\/\",\"name\":\"Settimana bianca con bambini - Ignas Tour\",\"isPartOf\":{\"@id\":\"https:\\\/\\\/www.ignas.com\\\/it\\\/blog\\\/#website\"},\"primaryImageOfPage\":{\"@id\":\"https:\\\/\\\/www.ignas.com\\\/it\\\/blog\\\/settimana-bianca-con-bambini\\\/#primaryimage\"},\"image\":{\"@id\":\"https:\\\/\\\/www.ignas.com\\\/it\\\/blog\\\/settimana-bianca-con-bambini\\\/#primaryimage\"},\"thumbnailUrl\":\"https:\\\/\\\/www.ignas.com\\\/it\\\/blog\\\/wp-content\\\/uploads\\\/2023\\\/10\\\/settimana-bianca-con-bambini.jpeg\",\"datePublished\":\"2023-10-04T07:20:14+00:00\",\"dateModified\":\"2025-02-05T15:54:43+00:00\",\"description\":\"Neve e bambini! Ecco tutte le informazioni per portare con se i bambini durante la settimana bianca.\",\"breadcrumb\":{\"@id\":\"https:\\\/\\\/www.ignas.com\\\/it\\\/blog\\\/settimana-bianca-con-bambini\\\/#breadcrumb\"},\"inLanguage\":\"it-IT\",\"potentialAction\":[{\"@type\":\"ReadAction\",\"target\":[\"https:\\\/\\\/www.ignas.com\\\/it\\\/blog\\\/settimana-bianca-con-bambini\\\/\"]}]},{\"@type\":\"ImageObject\",\"inLanguage\":\"it-IT\",\"@id\":\"https:\\\/\\\/www.ignas.com\\\/it\\\/blog\\\/settimana-bianca-con-bambini\\\/#primaryimage\",\"url\":\"https:\\\/\\\/www.ignas.com\\\/it\\\/blog\\\/wp-content\\\/uploads\\\/2023\\\/10\\\/settimana-bianca-con-bambini.jpeg\",\"contentUrl\":\"https:\\\/\\\/www.ignas.com\\\/it\\\/blog\\\/wp-content\\\/uploads\\\/2023\\\/10\\\/settimana-bianca-con-bambini.jpeg\",\"width\":1000,\"height\":667,\"caption\":\"cosa fare in settimana bianca con bambini\"},{\"@type\":\"BreadcrumbList\",\"@id\":\"https:\\\/\\\/www.ignas.com\\\/it\\\/blog\\\/settimana-bianca-con-bambini\\\/#breadcrumb\",\"itemListElement\":[{\"@type\":\"ListItem\",\"position\":1,\"name\":\"Home\",\"item\":\"https:\\\/\\\/www.ignas.com\\\/it\\\/blog\\\/\"},{\"@type\":\"ListItem\",\"position\":2,\"name\":\"Settimana bianca con bambini\"}]},{\"@type\":\"WebSite\",\"@id\":\"https:\\\/\\\/www.ignas.com\\\/it\\\/blog\\\/#website\",\"url\":\"https:\\\/\\\/www.ignas.com\\\/it\\\/blog\\\/\",\"name\":\"Ignas Tour\",\"description\":\"\",\"publisher\":{\"@id\":\"https:\\\/\\\/www.ignas.com\\\/it\\\/blog\\\/#organization\"},\"potentialAction\":[{\"@type\":\"SearchAction\",\"target\":{\"@type\":\"EntryPoint\",\"urlTemplate\":\"https:\\\/\\\/www.ignas.com\\\/it\\\/blog\\\/?s={search_term_string}\"},\"query-input\":{\"@type\":\"PropertyValueSpecification\",\"valueRequired\":true,\"valueName\":\"search_term_string\"}}],\"inLanguage\":\"it-IT\"},{\"@type\":\"Organization\",\"@id\":\"https:\\\/\\\/www.ignas.com\\\/it\\\/blog\\\/#organization\",\"name\":\"Ignas Tour\",\"url\":\"https:\\\/\\\/www.ignas.com\\\/it\\\/blog\\\/\",\"logo\":{\"@type\":\"ImageObject\",\"inLanguage\":\"it-IT\",\"@id\":\"https:\\\/\\\/www.ignas.com\\\/it\\\/blog\\\/#\\\/schema\\\/logo\\\/image\\\/\",\"url\":\"https:\\\/\\\/www.ignas.com\\\/it\\\/blog\\\/wp-content\\\/uploads\\\/2020\\\/01\\\/logo-ignas-com-200.png\",\"contentUrl\":\"https:\\\/\\\/www.ignas.com\\\/it\\\/blog\\\/wp-content\\\/uploads\\\/2020\\\/01\\\/logo-ignas-com-200.png\",\"width\":1147,\"height\":329,\"caption\":\"Ignas Tour\"},\"image\":{\"@id\":\"https:\\\/\\\/www.ignas.com\\\/it\\\/blog\\\/#\\\/schema\\\/logo\\\/image\\\/\"}},{\"@type\":\"Person\",\"@id\":\"https:\\\/\\\/www.ignas.com\\\/it\\\/blog\\\/#\\\/schema\\\/person\\\/cb41520c07db292cc5a20ce104e28a1d\",\"name\":\"Fabrizio\",\"image\":{\"@type\":\"ImageObject\",\"inLanguage\":\"it-IT\",\"@id\":\"https:\\\/\\\/secure.gravatar.com\\\/avatar\\\/e17f60c58ebe3feb555b9028681e30cfd921758bbdd1f8e9816f1d7d08c1bd9f?s=96&d=mm&r=g\",\"url\":\"https:\\\/\\\/secure.gravatar.com\\\/avatar\\\/e17f60c58ebe3feb555b9028681e30cfd921758bbdd1f8e9816f1d7d08c1bd9f?s=96&d=mm&r=g\",\"contentUrl\":\"https:\\\/\\\/secure.gravatar.com\\\/avatar\\\/e17f60c58ebe3feb555b9028681e30cfd921758bbdd1f8e9816f1d7d08c1bd9f?s=96&d=mm&r=g\",\"caption\":\"Fabrizio\"},\"description\":\"Seo Copywriter\"}]}<\/script>\n<!-- \/ Yoast SEO plugin. -->","yoast_head_json":{"title":"Settimana bianca con bambini - Ignas Tour","description":"Neve e bambini! Ecco tutte le informazioni per portare con se i bambini durante la settimana bianca.","robots":{"index":"index","follow":"follow","max-snippet":"max-snippet:-1","max-image-preview":"max-image-preview:large","max-video-preview":"max-video-preview:-1"},"canonical":"https:\/\/www.ignas.com\/it\/blog\/settimana-bianca-con-bambini\/","og_locale":"it_IT","og_type":"article","og_title":"Settimana bianca con bambini - Ignas Tour","og_description":"Neve e bambini! Ecco tutte le informazioni per portare con se i bambini durante la settimana bianca.","og_url":"https:\/\/www.ignas.com\/it\/blog\/settimana-bianca-con-bambini\/","og_site_name":"Ignas Tour","article_published_time":"2023-10-04T07:20:14+00:00","article_modified_time":"2025-02-05T15:54:43+00:00","og_image":[{"width":1000,"height":667,"url":"https:\/\/www.ignas.com\/it\/blog\/wp-content\/uploads\/2023\/10\/settimana-bianca-con-bambini.jpeg","type":"image\/jpeg"}],"author":"Fabrizio","twitter_card":"summary_large_image","twitter_misc":{"Scritto da":"Fabrizio","Tempo di lettura stimato":"8 minuti"},"schema":{"@context":"https:\/\/schema.org","@graph":[{"@type":"Article","@id":"https:\/\/www.ignas.com\/it\/blog\/settimana-bianca-con-bambini\/#article","isPartOf":{"@id":"https:\/\/www.ignas.com\/it\/blog\/settimana-bianca-con-bambini\/"},"author":{"name":"Fabrizio","@id":"https:\/\/www.ignas.com\/it\/blog\/#\/schema\/person\/cb41520c07db292cc5a20ce104e28a1d"},"headline":"Settimana bianca con bambini","datePublished":"2023-10-04T07:20:14+00:00","dateModified":"2025-02-05T15:54:43+00:00","mainEntityOfPage":{"@id":"https:\/\/www.ignas.com\/it\/blog\/settimana-bianca-con-bambini\/"},"wordCount":1294,"publisher":{"@id":"https:\/\/www.ignas.com\/it\/blog\/#organization"},"image":{"@id":"https:\/\/www.ignas.com\/it\/blog\/settimana-bianca-con-bambini\/#primaryimage"},"thumbnailUrl":"https:\/\/www.ignas.com\/it\/blog\/wp-content\/uploads\/2023\/10\/settimana-bianca-con-bambini.jpeg","articleSection":["Alta Quota"],"inLanguage":"it-IT"},{"@type":"WebPage","@id":"https:\/\/www.ignas.com\/it\/blog\/settimana-bianca-con-bambini\/","url":"https:\/\/www.ignas.com\/it\/blog\/settimana-bianca-con-bambini\/","name":"Settimana bianca con bambini - Ignas Tour","isPartOf":{"@id":"https:\/\/www.ignas.com\/it\/blog\/#website"},"primaryImageOfPage":{"@id":"https:\/\/www.ignas.com\/it\/blog\/settimana-bianca-con-bambini\/#primaryimage"},"image":{"@id":"https:\/\/www.ignas.com\/it\/blog\/settimana-bianca-con-bambini\/#primaryimage"},"thumbnailUrl":"https:\/\/www.ignas.com\/it\/blog\/wp-content\/uploads\/2023\/10\/settimana-bianca-con-bambini.jpeg","datePublished":"2023-10-04T07:20:14+00:00","dateModified":"2025-02-05T15:54:43+00:00","description":"Neve e bambini! Ecco tutte le informazioni per portare con se i bambini durante la settimana bianca.","breadcrumb":{"@id":"https:\/\/www.ignas.com\/it\/blog\/settimana-bianca-con-bambini\/#breadcrumb"},"inLanguage":"it-IT","potentialAction":[{"@type":"ReadAction","target":["https:\/\/www.ignas.com\/it\/blog\/settimana-bianca-con-bambini\/"]}]},{"@type":"ImageObject","inLanguage":"it-IT","@id":"https:\/\/www.ignas.com\/it\/blog\/settimana-bianca-con-bambini\/#primaryimage","url":"https:\/\/www.ignas.com\/it\/blog\/wp-content\/uploads\/2023\/10\/settimana-bianca-con-bambini.jpeg","contentUrl":"https:\/\/www.ignas.com\/it\/blog\/wp-content\/uploads\/2023\/10\/settimana-bianca-con-bambini.jpeg","width":1000,"height":667,"caption":"cosa fare in settimana bianca con bambini"},{"@type":"BreadcrumbList","@id":"https:\/\/www.ignas.com\/it\/blog\/settimana-bianca-con-bambini\/#breadcrumb","itemListElement":[{"@type":"ListItem","position":1,"name":"Home","item":"https:\/\/www.ignas.com\/it\/blog\/"},{"@type":"ListItem","position":2,"name":"Settimana bianca con bambini"}]},{"@type":"WebSite","@id":"https:\/\/www.ignas.com\/it\/blog\/#website","url":"https:\/\/www.ignas.com\/it\/blog\/","name":"Ignas Tour","description":"","publisher":{"@id":"https:\/\/www.ignas.com\/it\/blog\/#organization"},"potentialAction":[{"@type":"SearchAction","target":{"@type":"EntryPoint","urlTemplate":"https:\/\/www.ignas.com\/it\/blog\/?s={search_term_string}"},"query-input":{"@type":"PropertyValueSpecification","valueRequired":true,"valueName":"search_term_string"}}],"inLanguage":"it-IT"},{"@type":"Organization","@id":"https:\/\/www.ignas.com\/it\/blog\/#organization","name":"Ignas Tour","url":"https:\/\/www.ignas.com\/it\/blog\/","logo":{"@type":"ImageObject","inLanguage":"it-IT","@id":"https:\/\/www.ignas.com\/it\/blog\/#\/schema\/logo\/image\/","url":"https:\/\/www.ignas.com\/it\/blog\/wp-content\/uploads\/2020\/01\/logo-ignas-com-200.png","contentUrl":"https:\/\/www.ignas.com\/it\/blog\/wp-content\/uploads\/2020\/01\/logo-ignas-com-200.png","width":1147,"height":329,"caption":"Ignas Tour"},"image":{"@id":"https:\/\/www.ignas.com\/it\/blog\/#\/schema\/logo\/image\/"}},{"@type":"Person","@id":"https:\/\/www.ignas.com\/it\/blog\/#\/schema\/person\/cb41520c07db292cc5a20ce104e28a1d","name":"Fabrizio","image":{"@type":"ImageObject","inLanguage":"it-IT","@id":"https:\/\/secure.gravatar.com\/avatar\/e17f60c58ebe3feb555b9028681e30cfd921758bbdd1f8e9816f1d7d08c1bd9f?s=96&d=mm&r=g","url":"https:\/\/secure.gravatar.com\/avatar\/e17f60c58ebe3feb555b9028681e30cfd921758bbdd1f8e9816f1d7d08c1bd9f?s=96&d=mm&r=g","contentUrl":"https:\/\/secure.gravatar.com\/avatar\/e17f60c58ebe3feb555b9028681e30cfd921758bbdd1f8e9816f1d7d08c1bd9f?s=96&d=mm&r=g","caption":"Fabrizio"},"description":"Seo Copywriter"}]}},"modified_by":"Denise Basano","_links":{"self":[{"href":"https:\/\/www.ignas.com\/it\/blog\/wp-json\/wp\/v2\/posts\/26566","targetHints":{"allow":["GET"]}}],"collection":[{"href":"https:\/\/www.ignas.com\/it\/blog\/wp-json\/wp\/v2\/posts"}],"about":[{"href":"https:\/\/www.ignas.com\/it\/blog\/wp-json\/wp\/v2\/types\/post"}],"author":[{"embeddable":true,"href":"https:\/\/www.ignas.com\/it\/blog\/wp-json\/wp\/v2\/users\/2"}],"replies":[{"embeddable":true,"href":"https:\/\/www.ignas.com\/it\/blog\/wp-json\/wp\/v2\/comments?post=26566"}],"version-history":[{"count":20,"href":"https:\/\/www.ignas.com\/it\/blog\/wp-json\/wp\/v2\/posts\/26566\/revisions"}],"predecessor-version":[{"id":28444,"href":"https:\/\/www.ignas.com\/it\/blog\/wp-json\/wp\/v2\/posts\/26566\/revisions\/28444"}],"wp:featuredmedia":[{"embeddable":true,"href":"https:\/\/www.ignas.com\/it\/blog\/wp-json\/wp\/v2\/media\/26735"}],"wp:attachment":[{"href":"https:\/\/www.ignas.com\/it\/blog\/wp-json\/wp\/v2\/media?parent=26566"}],"wp:term":[{"taxonomy":"category","embeddable":true,"href":"https:\/\/www.ignas.com\/it\/blog\/wp-json\/wp\/v2\/categories?post=26566"},{"taxonomy":"post_tag","embeddable":true,"href":"https:\/\/www.ignas.com\/it\/blog\/wp-json\/wp\/v2\/tags?post=26566"}],"curies":[{"name":"wp","href":"https:\/\/api.w.org\/{rel}","templated":true}]}}