{"id":25659,"date":"2022-11-28T12:48:31","date_gmt":"2022-11-28T11:48:31","guid":{"rendered":"https:\/\/www.ignas.com\/it\/blog\/?p=25659"},"modified":"2025-02-06T11:49:34","modified_gmt":"2025-02-06T10:49:34","slug":"cose-da-vedere-a-sapere-sul-trentino-alto-adige","status":"publish","type":"post","link":"https:\/\/www.ignas.com\/it\/blog\/cose-da-vedere-a-sapere-sul-trentino-alto-adige\/","title":{"rendered":"Trentino-Alto Adige, migliori cose da vedere (e da sapere)"},"content":{"rendered":"<p><a href=\"https:\/\/www.ignas.com\/it\/offerte-vacanze-trentino-altoadige\"><span style=\"color: #ff6600;\"><strong>Trentino-Alto Adige<\/strong><\/span><\/a>, la regione pi\u00f9 a nord d&#8217;Italia, conserva 2 record particolari che ne rivelano l&#8217;unicit\u00e0: record di temperatura alta a Bolzano e di temperatura bassa in zona Pale di San Martino. Nella stessa regione per cui si trova un insieme di ingredienti che a volte non sono presenti neppure in intere Nazioni. Invece in questa area relativamente piccola, 13.600 km quadrati, sono innumerevoli le cose da fare e vedere. Per questo motivo alla domanda cosa vedere in trentino\u00a0 (il Trentino-Alto Adige) abbiamo deciso di rispondere in modo capillare, non tralasciando nulla. Per cui da una parte abbiamo stilato una lista sul tema trentino cosa vedere, dall&#8217;altra sul cosa visitare in trentino e cosa fare. Ci aiuter\u00e0 a mantenere un ordine di fronte alla montagna di cose presenti.<\/p>\n<h2><span class=\"ez-toc-section\" id=\"Viaggiare_in_Trentino-Alto_Adige\"><\/span>Viaggiare in Trentino-Alto Adige<span class=\"ez-toc-section-end\"><\/span><\/h2><div id=\"ez-toc-container\" class=\"ez-toc-v2_0_82_2 counter-hierarchy ez-toc-counter ez-toc-white ez-toc-container-direction\">\n<div class=\"ez-toc-title-container\">\n<p class=\"ez-toc-title\" style=\"cursor:inherit\"><\/p>\n<span class=\"ez-toc-title-toggle\"><a href=\"#\" class=\"ez-toc-pull-right ez-toc-btn ez-toc-btn-xs ez-toc-btn-default ez-toc-toggle\" aria-label=\"Toggle Table of Content\"><span class=\"ez-toc-js-icon-con\"><span class=\"\"><span class=\"eztoc-hide\" style=\"display:none;\">Toggle<\/span><span class=\"ez-toc-icon-toggle-span\"><svg style=\"fill: #999;color:#999\" xmlns=\"http:\/\/www.w3.org\/2000\/svg\" class=\"list-377408\" width=\"20px\" height=\"20px\" viewBox=\"0 0 24 24\" fill=\"none\"><path d=\"M6 6H4v2h2V6zm14 0H8v2h12V6zM4 11h2v2H4v-2zm16 0H8v2h12v-2zM4 16h2v2H4v-2zm16 0H8v2h12v-2z\" fill=\"currentColor\"><\/path><\/svg><svg style=\"fill: #999;color:#999\" class=\"arrow-unsorted-368013\" xmlns=\"http:\/\/www.w3.org\/2000\/svg\" width=\"10px\" height=\"10px\" viewBox=\"0 0 24 24\" version=\"1.2\" baseProfile=\"tiny\"><path d=\"M18.2 9.3l-6.2-6.3-6.2 6.3c-.2.2-.3.4-.3.7s.1.5.3.7c.2.2.4.3.7.3h11c.3 0 .5-.1.7-.3.2-.2.3-.5.3-.7s-.1-.5-.3-.7zM5.8 14.7l6.2 6.3 6.2-6.3c.2-.2.3-.5.3-.7s-.1-.5-.3-.7c-.2-.2-.4-.3-.7-.3h-11c-.3 0-.5.1-.7.3-.2.2-.3.5-.3.7s.1.5.3.7z\"\/><\/svg><\/span><\/span><\/span><\/a><\/span><\/div>\n<nav><ul class='ez-toc-list ez-toc-list-level-1 eztoc-toggle-hide-by-default' ><li class='ez-toc-page-1 ez-toc-heading-level-2'><a class=\"ez-toc-link ez-toc-heading-1\" href=\"https:\/\/www.ignas.com\/it\/blog\/cose-da-vedere-a-sapere-sul-trentino-alto-adige\/#Viaggiare_in_Trentino-Alto_Adige\" >Viaggiare in Trentino-Alto Adige<\/a><\/li><li class='ez-toc-page-1 ez-toc-heading-level-2'><a class=\"ez-toc-link ez-toc-heading-2\" href=\"https:\/\/www.ignas.com\/it\/blog\/cose-da-vedere-a-sapere-sul-trentino-alto-adige\/#Trentino-Alto_Adige_cose_da_vedere\" >Trentino-Alto Adige cose da vedere<\/a><\/li><li class='ez-toc-page-1 ez-toc-heading-level-2'><a class=\"ez-toc-link ez-toc-heading-3\" href=\"https:\/\/www.ignas.com\/it\/blog\/cose-da-vedere-a-sapere-sul-trentino-alto-adige\/#Cose_da_fare_in_Trentino-Alto_Adige\" >Cose da fare in Trentino-Alto Adige<\/a><\/li><li class='ez-toc-page-1 ez-toc-heading-level-2'><a class=\"ez-toc-link ez-toc-heading-4\" href=\"https:\/\/www.ignas.com\/it\/blog\/cose-da-vedere-a-sapere-sul-trentino-alto-adige\/#Cosa_vedere_a_Trento\" >Cosa vedere a Trento<\/a><\/li><li class='ez-toc-page-1 ez-toc-heading-level-2'><a class=\"ez-toc-link ez-toc-heading-5\" href=\"https:\/\/www.ignas.com\/it\/blog\/cose-da-vedere-a-sapere-sul-trentino-alto-adige\/#Cosa_vedere_a_Bolzano\" >Cosa vedere a Bolzano<\/a><\/li><li class='ez-toc-page-1 ez-toc-heading-level-2'><a class=\"ez-toc-link ez-toc-heading-6\" href=\"https:\/\/www.ignas.com\/it\/blog\/cose-da-vedere-a-sapere-sul-trentino-alto-adige\/#Laghi_Trentino-Alto_Adige\" >Laghi Trentino-Alto Adige<\/a><ul class='ez-toc-list-level-3' ><li class='ez-toc-heading-level-3'><a class=\"ez-toc-link ez-toc-heading-7\" href=\"https:\/\/www.ignas.com\/it\/blog\/cose-da-vedere-a-sapere-sul-trentino-alto-adige\/#Lago_Di_Braies_BZ\" >Lago Di Braies (BZ)<\/a><\/li><li class='ez-toc-page-1 ez-toc-heading-level-3'><a class=\"ez-toc-link ez-toc-heading-8\" href=\"https:\/\/www.ignas.com\/it\/blog\/cose-da-vedere-a-sapere-sul-trentino-alto-adige\/#Lago_di_Resia_BZ\" >Lago di Resia (BZ)<\/a><\/li><li class='ez-toc-page-1 ez-toc-heading-level-3'><a class=\"ez-toc-link ez-toc-heading-9\" href=\"https:\/\/www.ignas.com\/it\/blog\/cose-da-vedere-a-sapere-sul-trentino-alto-adige\/#Lago_di_Molveno_TN\" >Lago di Molveno (TN)<\/a><\/li><li class='ez-toc-page-1 ez-toc-heading-level-3'><a class=\"ez-toc-link ez-toc-heading-10\" href=\"https:\/\/www.ignas.com\/it\/blog\/cose-da-vedere-a-sapere-sul-trentino-alto-adige\/#Lago_di_Lavarone_TN\" >Lago di Lavarone (TN)<\/a><\/li><li class='ez-toc-page-1 ez-toc-heading-level-3'><a class=\"ez-toc-link ez-toc-heading-11\" href=\"https:\/\/www.ignas.com\/it\/blog\/cose-da-vedere-a-sapere-sul-trentino-alto-adige\/#Lago_di_Garda_TN\" >Lago di Garda (TN)<\/a><\/li><\/ul><\/li><li class='ez-toc-page-1 ez-toc-heading-level-2'><a class=\"ez-toc-link ez-toc-heading-12\" href=\"https:\/\/www.ignas.com\/it\/blog\/cose-da-vedere-a-sapere-sul-trentino-alto-adige\/#Terme_Trentino\" >Terme Trentino<\/a><\/li><li class='ez-toc-page-1 ez-toc-heading-level-2'><a class=\"ez-toc-link ez-toc-heading-13\" href=\"https:\/\/www.ignas.com\/it\/blog\/cose-da-vedere-a-sapere-sul-trentino-alto-adige\/#Trekking_Trentino-Alto_Adige\" >Trekking Trentino-Alto Adige<\/a><ul class='ez-toc-list-level-3' ><li class='ez-toc-heading-level-3'><a class=\"ez-toc-link ez-toc-heading-14\" href=\"https:\/\/www.ignas.com\/it\/blog\/cose-da-vedere-a-sapere-sul-trentino-alto-adige\/#Val_di_Fassa_sentieri\" >Val di Fassa sentieri<\/a><\/li><li class='ez-toc-page-1 ez-toc-heading-level-3'><a class=\"ez-toc-link ez-toc-heading-15\" href=\"https:\/\/www.ignas.com\/it\/blog\/cose-da-vedere-a-sapere-sul-trentino-alto-adige\/#Trekking_in_Val_Badia\" >Trekking in Val Badia<\/a><\/li><li class='ez-toc-page-1 ez-toc-heading-level-3'><a class=\"ez-toc-link ez-toc-heading-16\" href=\"https:\/\/www.ignas.com\/it\/blog\/cose-da-vedere-a-sapere-sul-trentino-alto-adige\/#Val_Sarentino_escursioni\" >Val Sarentino escursioni<\/a><\/li><li class='ez-toc-page-1 ez-toc-heading-level-3'><a class=\"ez-toc-link ez-toc-heading-17\" href=\"https:\/\/www.ignas.com\/it\/blog\/cose-da-vedere-a-sapere-sul-trentino-alto-adige\/#Val_di_Sole_percorsi_facili\" >Val di Sole percorsi facili<\/a><\/li><li class='ez-toc-page-1 ez-toc-heading-level-3'><a class=\"ez-toc-link ez-toc-heading-18\" href=\"https:\/\/www.ignas.com\/it\/blog\/cose-da-vedere-a-sapere-sul-trentino-alto-adige\/#Trekking_con_bambini_in_Trentino-Alto_Adige\" >Trekking con bambini in Trentino-Alto Adige<\/a><\/li><\/ul><\/li><li class='ez-toc-page-1 ez-toc-heading-level-2'><a class=\"ez-toc-link ez-toc-heading-19\" href=\"https:\/\/www.ignas.com\/it\/blog\/cose-da-vedere-a-sapere-sul-trentino-alto-adige\/#Malghe_Trentino\" >Malghe Trentino<\/a><\/li><li class='ez-toc-page-1 ez-toc-heading-level-2'><a class=\"ez-toc-link ez-toc-heading-20\" href=\"https:\/\/www.ignas.com\/it\/blog\/cose-da-vedere-a-sapere-sul-trentino-alto-adige\/#Plan_de_Corones\" >Plan de Corones<\/a><\/li><li class='ez-toc-page-1 ez-toc-heading-level-2'><a class=\"ez-toc-link ez-toc-heading-21\" href=\"https:\/\/www.ignas.com\/it\/blog\/cose-da-vedere-a-sapere-sul-trentino-alto-adige\/#Family_Hotel_Alto-Adige\" >Family Hotel Alto-Adige<\/a><ul class='ez-toc-list-level-3' ><li class='ez-toc-heading-level-3'><a class=\"ez-toc-link ez-toc-heading-22\" href=\"https:\/\/www.ignas.com\/it\/blog\/cose-da-vedere-a-sapere-sul-trentino-alto-adige\/#Alpen_Family_Hotel_Someada_%E2%80%93_Moena\" >Alpen Family Hotel Someada &#8211; Moena<\/a><\/li><li class='ez-toc-page-1 ez-toc-heading-level-3'><a class=\"ez-toc-link ez-toc-heading-23\" href=\"https:\/\/www.ignas.com\/it\/blog\/cose-da-vedere-a-sapere-sul-trentino-alto-adige\/#Family_Hotel_La_Perla_%E2%80%93_Castrozza\" >Family Hotel La Perla &#8211; Castrozza<\/a><\/li><\/ul><\/li><li class='ez-toc-page-1 ez-toc-heading-level-2'><a class=\"ez-toc-link ez-toc-heading-24\" href=\"https:\/\/www.ignas.com\/it\/blog\/cose-da-vedere-a-sapere-sul-trentino-alto-adige\/#Mercatini_di_Natale_Trentino-Alto_Adige\" >Mercatini di Natale Trentino-Alto Adige<\/a><\/li><li class='ez-toc-page-1 ez-toc-heading-level-2'><a class=\"ez-toc-link ez-toc-heading-25\" href=\"https:\/\/www.ignas.com\/it\/blog\/cose-da-vedere-a-sapere-sul-trentino-alto-adige\/#Luoghi_da_visitare_in_Trentino_Castelli\" >Luoghi da visitare in Trentino: Castelli<\/a><ul class='ez-toc-list-level-3' ><li class='ez-toc-heading-level-3'><a class=\"ez-toc-link ez-toc-heading-26\" href=\"https:\/\/www.ignas.com\/it\/blog\/cose-da-vedere-a-sapere-sul-trentino-alto-adige\/#Castello_del_Buon_Consiglio\" >Castello del Buon Consiglio<\/a><\/li><li class='ez-toc-page-1 ez-toc-heading-level-3'><a class=\"ez-toc-link ez-toc-heading-27\" href=\"https:\/\/www.ignas.com\/it\/blog\/cose-da-vedere-a-sapere-sul-trentino-alto-adige\/#Castel_Thun\" >Castel Thun<\/a><\/li><li class='ez-toc-page-1 ez-toc-heading-level-3'><a class=\"ez-toc-link ez-toc-heading-28\" href=\"https:\/\/www.ignas.com\/it\/blog\/cose-da-vedere-a-sapere-sul-trentino-alto-adige\/#Castel_Beseno\" >Castel Beseno<\/a><\/li><\/ul><\/li><li class='ez-toc-page-1 ez-toc-heading-level-2'><a class=\"ez-toc-link ez-toc-heading-29\" href=\"https:\/\/www.ignas.com\/it\/blog\/cose-da-vedere-a-sapere-sul-trentino-alto-adige\/#Piste_da_sci_Alto-Adige\" >Piste da sci Alto-Adige<\/a><ul class='ez-toc-list-level-3' ><li class='ez-toc-heading-level-3'><a class=\"ez-toc-link ez-toc-heading-30\" href=\"https:\/\/www.ignas.com\/it\/blog\/cose-da-vedere-a-sapere-sul-trentino-alto-adige\/#Dolomiti_Superski\" >Dolomiti Superski<\/a><\/li><li class='ez-toc-page-1 ez-toc-heading-level-3'><a class=\"ez-toc-link ez-toc-heading-31\" href=\"https:\/\/www.ignas.com\/it\/blog\/cose-da-vedere-a-sapere-sul-trentino-alto-adige\/#Trafoi\" >Trafoi<\/a><\/li><\/ul><\/li><li class='ez-toc-page-1 ez-toc-heading-level-2'><a class=\"ez-toc-link ez-toc-heading-32\" href=\"https:\/\/www.ignas.com\/it\/blog\/cose-da-vedere-a-sapere-sul-trentino-alto-adige\/#Musei_Trentino-Alto_Adige\" >Musei Trentino-Alto Adige<\/a><ul class='ez-toc-list-level-3' ><li class='ez-toc-heading-level-3'><a class=\"ez-toc-link ez-toc-heading-33\" href=\"https:\/\/www.ignas.com\/it\/blog\/cose-da-vedere-a-sapere-sul-trentino-alto-adige\/#Museo_Retico\" >Museo Retico<\/a><\/li><li class='ez-toc-page-1 ez-toc-heading-level-3'><a class=\"ez-toc-link ez-toc-heading-34\" href=\"https:\/\/www.ignas.com\/it\/blog\/cose-da-vedere-a-sapere-sul-trentino-alto-adige\/#Museo_Otzi\" >Museo Otzi<\/a><\/li><li class='ez-toc-page-1 ez-toc-heading-level-3'><a class=\"ez-toc-link ez-toc-heading-35\" href=\"https:\/\/www.ignas.com\/it\/blog\/cose-da-vedere-a-sapere-sul-trentino-alto-adige\/#Museo_Mart\" >Museo Mart<\/a><\/li><\/ul><\/li><\/ul><\/nav><\/div>\n\n<p><img loading=\"lazy\" decoding=\"async\" class=\"alignnone size-full wp-image-25664\" src=\"https:\/\/www.ignas.com\/it\/blog\/wp-content\/uploads\/2022\/11\/viaggiare-in-trentino-alto-adige.jpeg\" alt=\"viaggiare in trentino-alto Adige, mappa\" width=\"750\" height=\"500\" srcset=\"https:\/\/www.ignas.com\/it\/blog\/wp-content\/uploads\/2022\/11\/viaggiare-in-trentino-alto-adige.jpeg 750w, https:\/\/www.ignas.com\/it\/blog\/wp-content\/uploads\/2022\/11\/viaggiare-in-trentino-alto-adige-300x200.jpeg 300w\" sizes=\"auto, (max-width: 750px) 100vw, 750px\" \/><\/p>\n<p>Viaggiare nel Trentino-Alto Adige, potrebbe, nell&#8217;immaginario, essere visto come qualcosa di estremo, o comunque come un viaggio dalle strade difficili, fra salite e gallerie. Invece, sfatiamo subito un mito al contrario, ovvero, per vivere questa zona non serve avere un fuoristrada 4&#215;4 o auto simili. Basta munirsi delle giuste cose in macchina, in base alla stagione.<\/p>\n<p>Facciamo <strong>qualche piccolo esempio:<\/strong> ovviamente <strong>navigatori aggiornati<\/strong>, per evitare di sbagliare strada e trovarsi in difficolt\u00e0 , visto che in tutto sono <strong>20<\/strong> le <strong>valli<\/strong> che compongono il Trentino-Alto Adige. D&#8217;altro canto \u00e8 meglio non seguire ciecamente i navigatori, perch\u00e9 alle volte potrebbero non tenere in conto di alcune strade bianche che \u00e8 meglio evitare.<\/p>\n<p>Altra cosa importante le <strong>ruote montate<\/strong>: preferite le <strong>4 stagioni<\/strong> o quelle specifiche, e se proprio montate ruote normali, ricordatevi le catene, sia per il rispetto delle norme, ma soprattutto perch\u00e9 in talune zone sar\u00e0 impossibile proseguire senza. <strong>Evitate l&#8217;autostrada<\/strong> nelle<strong> ore di punta<\/strong> perch\u00e9 spesso \u00e8 trafficata e con code. Preferite dunque strade provinciali per quegli orari. Ultimo consiglio, controllate bene il funzionamento del clima interno, sia in estate che in inverno, avere il condizionatore in auto risulter\u00e0 fondamentale. Per il resto godetevela questa regione, che \u00e8 senza dubbio il territorio con meno inquinamento del paese, fra alta quota con aria purissima, e vallate da esplorare.<\/p>\n<h2><span class=\"ez-toc-section\" id=\"Trentino-Alto_Adige_cose_da_vedere\"><\/span>Trentino-Alto Adige cose da vedere<span class=\"ez-toc-section-end\"><\/span><\/h2>\n<p><img loading=\"lazy\" decoding=\"async\" class=\"alignnone size-full wp-image-25665\" src=\"https:\/\/www.ignas.com\/it\/blog\/wp-content\/uploads\/2022\/11\/trentino-alto-adige-valli.jpg\" alt=\"Trentino_Alto Adige vallata\" width=\"750\" height=\"500\" srcset=\"https:\/\/www.ignas.com\/it\/blog\/wp-content\/uploads\/2022\/11\/trentino-alto-adige-valli.jpg 750w, https:\/\/www.ignas.com\/it\/blog\/wp-content\/uploads\/2022\/11\/trentino-alto-adige-valli-300x200.jpg 300w\" sizes=\"auto, (max-width: 750px) 100vw, 750px\" \/><\/p>\n<p>Partiamo subito da un dato: le vallate del Trentino-Alto Adige sono 20:<\/p>\n<ul>\n<li>Val Venosta<\/li>\n<li>Valle Isarco<\/li>\n<li><strong><span style=\"color: #ff6600;\"><a style=\"color: #ff6600;\" href=\"https:\/\/www.ignas.com\/it\/offerte-val-pusteria\" target=\"_blank\" rel=\"noopener\">Val Pusteria<\/a><\/span><\/strong><\/li>\n<li>Val Gardena<\/li>\n<li>Val Rendena<\/li>\n<li><span style=\"color: #ff6600;\"><strong><a style=\"color: #ff6600;\" href=\"https:\/\/www.ignas.com\/it\/blog\/val-badia\/\" target=\"_blank\" rel=\"noopener\">Val Badia<\/a><\/strong><\/span><\/li>\n<li>Scilar<\/li>\n<li>Valli Giudicarie<\/li>\n<li><strong><span style=\"color: #ff6600;\"><a style=\"color: #ff6600;\" href=\"https:\/\/www.ignas.com\/it\/offerte-val-di-sole\" target=\"_blank\" rel=\"noopener\">Val di Sole<\/a><\/span><\/strong><\/li>\n<li><strong><span style=\"color: #ff6600;\"><a style=\"color: #ff6600;\" href=\"https:\/\/www.ignas.com\/it\/offerte-val-di-non\" target=\"_blank\" rel=\"noopener\">Val di Non<\/a><\/span><\/strong><\/li>\n<li>Vallagarina<\/li>\n<li>Valsugana<\/li>\n<li>Primiero<\/li>\n<li><strong><span style=\"color: #ff6600;\"><a style=\"color: #ff6600;\" href=\"https:\/\/www.ignas.com\/it\/blog\/estate-in-val-di-fiemme\/\" target=\"_blank\" rel=\"noopener\">Val di Fiemme<\/a><\/span><\/strong><\/li>\n<li><strong><span style=\"color: #ff6600;\"><a style=\"color: #ff6600;\" href=\"https:\/\/www.ignas.com\/it\/blog\/val-di-fassa-cosa-vedere\/\" target=\"_blank\" rel=\"noopener\">Val di Fassa<\/a><\/span><\/strong><\/li>\n<li>Valle dei Laghi<\/li>\n<li><span style=\"color: #ff6600;\"><strong><a style=\"color: #ff6600;\" href=\"https:\/\/www.ignas.com\/it\/plan-de-corones\" target=\"_blank\" rel=\"noopener\">Plan de Corones<\/a><\/strong><\/span><\/li>\n<li>Val di Cembra<\/li>\n<li><span style=\"color: #ff6600;\"><strong><a style=\"color: #ff6600;\" href=\"https:\/\/www.ignas.com\/it\/blog\/alto-lago-di-garda-cosa-visitare\/\" target=\"_blank\" rel=\"noopener\">Alto Garda<\/a><\/strong><\/span><\/li>\n<\/ul>\n<p>Si capisce facilmente come in un territorio cos\u00ec si possa passare facilmente da uno scenario all&#8217;altro, nel giro di pochi attimi. Un esempio? Ci si pu\u00f2 facilmente imbattere in monumenti dal grande impatto visivo, come sono i <span style=\"color: #ff6600;\"><strong><a style=\"color: #ff6600;\" href=\"https:\/\/www.ignas.com\/it\/blog\/castelli-trentino-alto-adige\/\" target=\"_blank\" rel=\"noopener\">castelli Trentino-Alto Adige<\/a><\/strong><\/span>, sia lasciarsi ammaliare dal fascino caratteristico delle <strong>2 citt\u00e0 principali,<\/strong> <strong>Trento<\/strong> e <strong>Bolzano<\/strong>.<\/p>\n<p>Inoltre, tutta la bellezza della natura fra montagne iconiche come<span style=\"color: #ff6600;\"><a style=\"color: #ff6600;\" href=\"https:\/\/www.ignas.com\/it\/blog\/plan-de-corones-sci-escursioni-e-musei-in-val-pusteria\/?utm_source=rss&amp;utm_medium=rss&amp;utm_campaign=plan-de-corones-sci-escursioni-e-musei-in-val-pusteria\"><strong> Plan de Corones<\/strong><\/a> <\/span>o le <strong>3 Cime di Lavaredo<\/strong>, ma anche le cascate. L&#8217;elemento dell&#8217;acqua trova nella regione una dimensione di assoluto protagonismo. Basti pensare al semplice dato del numero di<strong><span style=\"color: #ff6600;\"> <a style=\"color: #ff6600;\" href=\"https:\/\/www.ignas.com\/it\/blog\/laghi-piu-belli-italia\/\" target=\"_blank\" rel=\"noopener\">laghi in Trentino-Alto Adige<\/a><\/span><\/strong>: 300 specchi d&#8217;acqua! Inoltre ci sono una serie di chicche assolute, come per esempio le Piramidi naturali. E poi ovviamente la possibilit\u00e0 di vivere la genuinit\u00e0 delle antiche malghe in alta quota, dove fra bellezza e cibo delle grande tradizioni, si viene rapiti. Ma fra le cose indimenticabili ed iconiche da vedere, ci sono ovviamente i<strong><span style=\"color: #ff6600;\"><a style=\"color: #ff6600;\" href=\"https:\/\/www.ignas.com\/it\/blog\/mercatini-di-natale-trento\/\" target=\"_blank\" rel=\"noopener\"> mercatini del Trentino-Alto Adige<\/a><\/span><\/strong>. Magia natalizia e arte in un luogo solo!<\/p>\n<p><img loading=\"lazy\" decoding=\"async\" class=\"alignnone size-full wp-image-26896\" src=\"https:\/\/www.ignas.com\/it\/blog\/wp-content\/uploads\/2022\/11\/trentino-alto-adige-cosa-vedere.jpg\" alt=\"trentino alto Adige cosa vedere\" width=\"750\" height=\"478\" srcset=\"https:\/\/www.ignas.com\/it\/blog\/wp-content\/uploads\/2022\/11\/trentino-alto-adige-cosa-vedere.jpg 750w, https:\/\/www.ignas.com\/it\/blog\/wp-content\/uploads\/2022\/11\/trentino-alto-adige-cosa-vedere-300x191.jpg 300w\" sizes=\"auto, (max-width: 750px) 100vw, 750px\" \/><\/p>\n<h2><span class=\"ez-toc-section\" id=\"Cose_da_fare_in_Trentino-Alto_Adige\"><\/span>Cose da fare in Trentino-Alto Adige<span class=\"ez-toc-section-end\"><\/span><\/h2>\n<p>Le attivit\u00e0 da fare sono infinite e accumunate dell&#8217;<strong>avventura e<\/strong> della <strong>natura!<\/strong> Prima fra tutte la possibilit\u00e0 di<span style=\"color: #ff6600;\"><strong><a style=\"color: #ff6600;\" href=\"https:\/\/www.ignas.com\/it\/blog\/sciare-in-trentino\/\" target=\"_blank\" rel=\"noopener\"> sciare in Trentino<\/a>,<\/strong><\/span> utilizzando gli <strong>impianti pi\u00f9 performanti d&#8217;Italia,<\/strong> con strutture moderne. Ma la neve non \u00e8 solo sci, ma pu\u00f2 essere trekking trentino allo stato puro, attraverso escursioni in montagna ma anche ciaspolate notturne.<\/p>\n<p>Lo sport ha moltissime forme, come per esempio quello del rafting e delle e-bike, che permettono di vivere le salite delle dolomiti in totale relax. E a proposito del rilassamento, come non citare la possibilit\u00e0 di vivere una delle esperienze pi\u00f9 avvolgenti: le<strong><span style=\"color: #ff6600;\"><a style=\"color: #ff6600;\" href=\"https:\/\/www.ignas.com\/it\/offerte-terme-trentino-altoadige\" target=\"_blank\" rel=\"noopener\"> terme in Trentino<\/a>.<\/span><\/strong> Vi sono poi una serie di piccole e nuove attivit\u00e0 che negli ultimi anni stanno riscuotendo molto successo come il trekking con i lama o le degustazioni di vini nelle antiche cantine trentine, o nei masi. E per chiudere in bellezza, organizzare il <span style=\"color: #ff6600;\"><strong><a style=\"color: #ff6600;\" href=\"https:\/\/www.ignas.com\/it\/blog\/idee-per-capodanno\/\" target=\"_blank\" rel=\"noopener\">capodanno in Trentino<\/a>.<\/strong><\/span><\/p>\n<h2><span class=\"ez-toc-section\" id=\"Cosa_vedere_a_Trento\"><\/span>Cosa vedere a Trento<span class=\"ez-toc-section-end\"><\/span><\/h2>\n<p><img loading=\"lazy\" decoding=\"async\" class=\"alignnone size-full wp-image-25666\" src=\"https:\/\/www.ignas.com\/it\/blog\/wp-content\/uploads\/2022\/11\/trento-panoramica.jpg\" alt=\"Trento\" width=\"750\" height=\"500\" srcset=\"https:\/\/www.ignas.com\/it\/blog\/wp-content\/uploads\/2022\/11\/trento-panoramica.jpg 750w, https:\/\/www.ignas.com\/it\/blog\/wp-content\/uploads\/2022\/11\/trento-panoramica-300x200.jpg 300w\" sizes=\"auto, (max-width: 750px) 100vw, 750px\" \/><\/p>\n<p>Trento \u00e8 ogni anno nel podio delle migliori citt\u00e0 italiane per qualit\u00e0 della vita. Non \u00e8 un caso che in queste classifiche ogni anno, le faccia compagnia anche l&#8217;altro capoluogo del Trentino-Alto Adige, Bolzano, in quanto anche solo da turisti, ci si rende subito conto di quanto la citt\u00e0 trentina sia ben organizzata, in assoluta armonia con le sue tradizioni ma con luoghi ed eventi che guardano al futuro in modo innovativo. Ma scopriamo insieme questo ping pong di cose da vedere dal fascino antico e dall&#8217;accessibilit\u00e0 moderna!<\/p>\n<ul>\n<li><strong>Muse:<\/strong>\u00a0Tra i musei pi\u00f9 visitati d&#8217;Italia, l&#8217;edificio progettato da Renzo Piano, il cui profilo ricorda quello delle Dolomiti, \u00e8 costruito su 6 livelli, ognuno tematico e dedicato ha periodi storici e argomenti legati alla scienza, alla geologia e alla zoologia. Ci\u00f2 che colpisce, oltre ad un design visionario, uscito quasi dal futuro, \u00e8 tutta una serie di supporti tecnologici e innovativi che permettono di immergersi nei percorsi del museo. Un vero piacere per gli adulti, ma davvero stimolante ed attrattivo anche per i bambini.<\/li>\n<li><strong>Citt\u00e0 sotterranea:\u00a0<\/strong>Nel cuore della citt\u00e0, c&#8217;\u00e8 una scala, che permette di scendere nel sottosuolo di Trento, un vero viaggio nel tempo, visto che \u00e8 presente l&#8217;antica Tridentum, citt\u00e0 dell&#8217;antica Roma, con mura antiche, strada pavimentata a blocchi di pietra, un cortile con un pozzo e un palazzo con mosaici e tanto altro, anche con supporti multimediali.<\/li>\n<li><strong>Piazza Duomo:\u00a0<\/strong>Centro nevralgico e cuore pulsante della citt\u00e0, questa piazza \u00e8 il luogo dove si affacciano i principali Palazzi storici della citt\u00e0, come quello Pretorio, sede del museo Diocesano, o la Torre civica. E poi impossibile non rimanere a bocca aperta di fronte alla statua che si erge dalla fontana centrale che raffigura il Dio Nettuno con il tridente, simbolo della citt\u00e0.<\/li>\n<li><strong>Cattedrale San Vigilio:\u00a0<\/strong>la cattedrale del Trentino-Alto Adige, magnificenza degli stili che, via via, si sono susseguiti nella storia della citt\u00e0 ed impressi per sempre a favore di chi visita la citt\u00e0: gotico, romanica, rinascimentale, e barocco.<\/li>\n<\/ul>\n<h2><span class=\"ez-toc-section\" id=\"Cosa_vedere_a_Bolzano\"><\/span>Cosa vedere a Bolzano<span class=\"ez-toc-section-end\"><\/span><\/h2>\n<p><img loading=\"lazy\" decoding=\"async\" class=\"alignnone size-full wp-image-25667\" src=\"https:\/\/www.ignas.com\/it\/blog\/wp-content\/uploads\/2022\/11\/bolzano-talvera.jpeg\" alt=\"Bolzano, passeggiata Talvera\" width=\"750\" height=\"500\" srcset=\"https:\/\/www.ignas.com\/it\/blog\/wp-content\/uploads\/2022\/11\/bolzano-talvera.jpeg 750w, https:\/\/www.ignas.com\/it\/blog\/wp-content\/uploads\/2022\/11\/bolzano-talvera-300x200.jpeg 300w\" sizes=\"auto, (max-width: 750px) 100vw, 750px\" \/><\/p>\n<p>Bolzano \u00e8 la zona con pi\u00f9 densit\u00e0 di castelli del nostro continente. Una storia antica, fin dai tempi romani dove si registrano i primi insediamenti, e via via nel corso del medioevo e del rinascimento si \u00e8 sempre distinta per essere un luogo d&#8217;incontro interculturale, interlinguistico, cosa che a ben vedere \u00e8 ancora oggi. Bolzano \u00e8 una citt\u00e0 in cui l&#8217;identit\u00e0 \u00e8 fortemente distribuita a tinte sfumate italiane, tedesche e ladine, come del resto testimonia anche la divisione linguistica. E con Trento, divide spesso il primato fra le citt\u00e0 con maggiore qualit\u00e0 di vita d&#8217;Italia. Ma da turisti cosa vedere assolutamente?<\/p>\n<p><strong>Passeggiata del Talvera:\u00a0<\/strong>una passeggiata in potenza lunghissima, ben 45 km, che si apre in un enorme prato verde proprio vicino al centro. Perfetto per fare un pic-nic, o sdraiarsi e fare una pennichella, con intorno il rumore del fiume\u00a0che passa vicino, e i ragazzi che giocano in diversi sport grazie alla presenza di campetti sportivi.<\/p>\n<p><strong>Chiostro dei Francescani:\u00a0<\/strong>vicino piazza Erbe, c&#8217;\u00e8 un segreto: la il convento dei Francescani oltre a custodire dei meravigliosi affreschi, ha un incantato chiostro dove staccare dal tran tran della citt\u00e0. Luogo dello spirito e della bellezza.<\/p>\n<p><strong>Cappella di S. Giovanni:\u00a0<\/strong>Affreschi dai colori straripanti di cui gli artefici sono niente di meno che gli stessi artisti della Cappella degli Scrovegni. Trovandosi nella Chiesa Domenicana, che ha molto di gotico, il contrasto fra i due stili \u00e8 stupefacente.<\/p>\n<p><strong>Piazza Walther:\u00a0<\/strong>la statua del poeta tedesco che d\u00e0 il nome alla piazza, \u00e8 rivolta verso sud, proprio in direzione della statua di Dante, presente a Trento, in un immaginario quanto affascinante incontro fra due mondi e culture dall&#8217;impatto eterno nella storia culturale. La piazza in s\u00e9 \u00e8 molto caratteristiche, a vista i tetti e i palazzi antichi di Bolzano, e gli antichi caff\u00e8 a fare da cornice. D&#8217;inverno diventano la casa dei mercatini di Natale.<\/p>\n<h2><span class=\"ez-toc-section\" id=\"Laghi_Trentino-Alto_Adige\"><\/span>Laghi Trentino-Alto Adige<span class=\"ez-toc-section-end\"><\/span><\/h2>\n<p>Sembra un numero altissimo quello dei laghi presenti in Trentino-Alto Adige, e in effetti i 300 specchi d&#8217;acqua sono un numero elevatissimo se si considera che in tutto il Paese sono 1500, incoronando la regione come quella con pi\u00f9 laghi d&#8217;Italia. E allora quali consigliare se si \u00e8 scelto di viaggiare in Trentino?<\/p>\n<h3><span class=\"ez-toc-section\" id=\"Lago_Di_Braies_BZ\"><\/span>Lago Di Braies (BZ)<span class=\"ez-toc-section-end\"><\/span><\/h3>\n<p>Il lago del Trentino-Alto Adige pi\u00f9 famoso e cercato \u00e8 lui: <strong><span style=\"color: #ff6600;\"><a style=\"color: #ff6600;\" href=\"https:\/\/www.ignas.com\/it\/blog\/trentino-alto-adige-lago-di-braies\/\" target=\"_blank\" rel=\"noopener\">Braies<\/a><\/span><\/strong>. Qualche numero che lo descrive: superficie di 300 mq, , 600 mila visitatori all&#8217;anno, a 1400 metri di altitudine, nel cuore della Val Pusteria. Questo lago \u00e8 il simbolo di chi vuole magari vivere un <a href=\"https:\/\/www.ignas.com\/it\/blog\/week-end-romantico-idee\/\" target=\"_blank\" rel=\"noopener\"><strong><span style=\"color: #ff6600;\">week end romantico<\/span><\/strong><\/a>, e ha ben pensato di trovare un lago incantato dove poter remare con il proprio partner avendo come cornice le splendide dolomiti. Fra le cose da vedere in regione c&#8217;\u00e8 senza ombra di dubbio questo posto, e fra le cose da fare ovviamente c&#8217;\u00e8 prendere in noleggio una barchetta a remi e fare un giro in questo incanto.<\/p>\n<h3><span class=\"ez-toc-section\" id=\"Lago_di_Resia_BZ\"><\/span>Lago di Resia (BZ)<span class=\"ez-toc-section-end\"><\/span><\/h3>\n<p><img loading=\"lazy\" decoding=\"async\" class=\"alignnone size-full wp-image-25431\" src=\"https:\/\/www.ignas.com\/it\/blog\/wp-content\/uploads\/2022\/08\/lago-di-resia.jpeg\" alt=\"lago di Resia\" width=\"750\" height=\"510\" srcset=\"https:\/\/www.ignas.com\/it\/blog\/wp-content\/uploads\/2022\/08\/lago-di-resia.jpeg 750w, https:\/\/www.ignas.com\/it\/blog\/wp-content\/uploads\/2022\/08\/lago-di-resia-300x204.jpeg 300w\" sizes=\"auto, (max-width: 750px) 100vw, 750px\" \/><\/p>\n<p>Hanno girato documentari, e anche basato una serie televisiva, su questo luogo che sembra uscito da un quadro impressionista e invece \u00e8 pura realt\u00e0. In effetti soltanto un artista poteva pensare ad uno scenario di un campanile antico e ben conservato immerso per met\u00e0 in un lago. Un immagine che ogni anno attira migliaia di visitatori. Ma i grandi numeri del <a href=\"https:\/\/www.ignas.com\/it\/blog\/lago-di-resia\/\" target=\"_blank\" rel=\"noopener\">Lago di Resia<\/a> continuano anche sul lago stesso che con i suoi 6 km di lunghezza e 1 di larghezza lo fanno diventare il pi\u00f9 grande dell&#8217;Alto-Adige. Le 3 di percorrenza dell&#8217;intero giro, ne fanno una passeggiata lunga, ma la difficolt\u00e0 nel sentiero \u00e8 media al punto dal poterlo fare anche in passeggino.<\/p>\n<h3><span class=\"ez-toc-section\" id=\"Lago_di_Molveno_TN\"><\/span>Lago di Molveno (TN)<span class=\"ez-toc-section-end\"><\/span><\/h3>\n<p><img loading=\"lazy\" decoding=\"async\" class=\"alignnone size-full wp-image-25430\" src=\"https:\/\/www.ignas.com\/it\/blog\/wp-content\/uploads\/2022\/08\/lago-di-molveno.jpeg\" alt=\"lago di molveno\" width=\"750\" height=\"510\" srcset=\"https:\/\/www.ignas.com\/it\/blog\/wp-content\/uploads\/2022\/08\/lago-di-molveno.jpeg 750w, https:\/\/www.ignas.com\/it\/blog\/wp-content\/uploads\/2022\/08\/lago-di-molveno-300x204.jpeg 300w\" sizes=\"auto, (max-width: 750px) 100vw, 750px\" \/><\/p>\n<p>Non pu\u00f2 mancare il <a href=\"https:\/\/www.ignas.com\/it\/blog\/trentino-lago-di-molveno\/\" target=\"_blank\" rel=\"noopener\">lago Molveno<\/a>, bellissimo in tutte le stagioni. In estate perfetto per essere usato per tuffarsi facendo una bella nuotata, ma anche in inverno, visto che spesso nevica molto, e lo scenario diventa magico. E&#8217; un luogo perfetto per i bambini, visto che \u00e8 presente un parco giochi, ed \u00e8 anche percorribile in passeggino.<\/p>\n<h3><span class=\"ez-toc-section\" id=\"Lago_di_Lavarone_TN\"><\/span>Lago di Lavarone (TN)<span class=\"ez-toc-section-end\"><\/span><\/h3>\n<p>Siamo al cospetto di un lago ideale in estate per fare dei tuffi, e perfetto in inverno perch\u00e9 ghiacciandosi, diventa puntualmente pista di pattinaggio per gli appassionati. Facilmente percorribile l&#8217;intero giro in soli 30 minuti, e inoltre trovandosi vicino al gruppo dolomitico Brenta, il<strong><span style=\"color: #ff6600;\"><a style=\"color: #ff6600;\" href=\"https:\/\/www.ignas.com\/it\/blog\/lago-di-lavarone\/\" target=\"_blank\" rel=\"noopener\"> lago di Lavarone<\/a><\/span><\/strong> diventa perfetto per fare trekking o andare a sciare.<\/p>\n<h3><span class=\"ez-toc-section\" id=\"Lago_di_Garda_TN\"><\/span>Lago di Garda (TN)<span class=\"ez-toc-section-end\"><\/span><\/h3>\n<p>Fra le cose da vedere in Trentino-Alto Adige, non pu\u00f2 e non deve mancare il pi\u00f9 grande lago d&#8217;Italia: il <strong><span style=\"color: #ff6600;\"><a style=\"color: #ff6600;\" href=\"https:\/\/www.ignas.com\/it\/blog\/mete-lago-di-garda\/\" target=\"_blank\" rel=\"noopener\">Garda<\/a><\/span><\/strong>. I suoi 150 km di costa, toccano ben 3 regioni, e per percorrerlo interamente con una bici ci vogliono almeno 7 ore. Siamo dunque al cospetto di uno specchio d&#8217;acqua immenso, che permette di praticare tantissimi sport e che grazie alle sue coste si presenta come un mare. Il coniglio \u00e8 quello di dedicare alla parte trentino almeno un weekend per poter conoscere i piccoli e deliziosi borghi che si affacciano sul lago.<\/p>\n<h2><span class=\"ez-toc-section\" id=\"Terme_Trentino\"><\/span>Terme Trentino<span class=\"ez-toc-section-end\"><\/span><\/h2>\n<p><img loading=\"lazy\" decoding=\"async\" class=\"alignnone size-full wp-image-22353\" src=\"https:\/\/www.ignas.com\/it\/blog\/wp-content\/uploads\/2019\/08\/terme-merano.jpeg\" alt=\"terme merano\" width=\"700\" height=\"466\" srcset=\"https:\/\/www.ignas.com\/it\/blog\/wp-content\/uploads\/2019\/08\/terme-merano.jpeg 700w, https:\/\/www.ignas.com\/it\/blog\/wp-content\/uploads\/2019\/08\/terme-merano-300x200.jpeg 300w, https:\/\/www.ignas.com\/it\/blog\/wp-content\/uploads\/2019\/08\/terme-merano-696x463.jpeg 696w, https:\/\/www.ignas.com\/it\/blog\/wp-content\/uploads\/2019\/08\/terme-merano-631x420.jpeg 631w\" sizes=\"auto, (max-width: 700px) 100vw, 700px\" \/><\/p>\n<p>Il volto termale del Trentino-Alto Adige \u00e8 la seconda anima che si aggiunge alla prima collegata al mondo della montagna. E le fonti termali sono davvero tante in regioni. Fra le pi\u00f9 famose e di grande interesse ci sono:<\/p>\n<ul>\n<li>Terme di Rabbi<\/li>\n<li>Pejo<\/li>\n<li>Garniga<\/li>\n<li>Comano<\/li>\n<li><strong><span style=\"color: #ff6600;\"><a style=\"color: #ff6600;\" href=\"https:\/\/www.ignas.com\/it\/blog\/levico-terme-cosa-vedere\/\" target=\"_blank\" rel=\"noopener\">Levico<\/a><\/span><\/strong><\/li>\n<\/ul>\n<p>In ciascuna di queste mete l&#8217;elemento del relax e della neve sono strettamente legate alle propriet\u00e0 curative dell&#8217;acqua sulfurea. Basti pensare che l&#8217;anidride presente nelle terme trentine \u00e8 fra le pi\u00f9 alte al mondo. Questo fa di queste acque un elemento formidabile per la cura di varie patologia che riguardano svariati campi: dermatologici, scheletriche, muscolari, respiratorie, renali, oculari, infettive, per la cura di sintomatologie allergiche. Queste solo per citarne qualcuna.<\/p>\n<p>Va anche sottolineato come se fra le cose da fare in Trentino-Alto Adige abbiamo inserito le terme, \u00e8 anche per via di come stabilimenti termali e Hotel siano organizzati in modo tale da far vivere l&#8217;intera esperienza come totale e avvolgente. Del resto non \u00e8 da tutti poter vivere questo tipo di benessere avendo come cornice le montagne pi\u00f9 belle d&#8217;Europa, e certamente fra le pi\u00f9 imponenti al mondo.<\/p>\n<h2><span class=\"ez-toc-section\" id=\"Trekking_Trentino-Alto_Adige\"><\/span>Trekking Trentino-Alto Adige<span class=\"ez-toc-section-end\"><\/span><\/h2>\n<p>Il Trentino-Alto Adige \u00e8 dai pi\u00f9 collegato al mondo dello sci e dell&#8217;arrampicata, ma c&#8217;\u00e8 un universo sportivo che si muove silenziosamente ogni anno in centinaia di migliaia di unit\u00e0, il trekking! Bisogna specificare che rispetto ad altri sport presenti in regioni, questo \u00e8 certamente quello pi\u00f9 democratico, nel senso che \u00e8 praticato da tutti, da tutte le et\u00e0 e anche dalla stragrande maggioranza dei turisti, che proprio grazie alla bellezza delle escursioni trentine trovano la via per praticare per la prima volta questo sport. Ma dove fare trekking in Trentino-Alto Adige?<\/p>\n<h3><span class=\"ez-toc-section\" id=\"Val_di_Fassa_sentieri\"><\/span>Val di Fassa sentieri<span class=\"ez-toc-section-end\"><\/span><\/h3>\n<p><img loading=\"lazy\" decoding=\"async\" class=\"alignnone size-full wp-image-22547\" src=\"https:\/\/www.ignas.com\/it\/blog\/wp-content\/uploads\/2019\/09\/3_cime_di_lavaredo.jpeg\" alt=\"3 cime di lavaredo\" width=\"690\" height=\"535\" srcset=\"https:\/\/www.ignas.com\/it\/blog\/wp-content\/uploads\/2019\/09\/3_cime_di_lavaredo.jpeg 690w, https:\/\/www.ignas.com\/it\/blog\/wp-content\/uploads\/2019\/09\/3_cime_di_lavaredo-300x233.jpeg 300w\" sizes=\"auto, (max-width: 690px) 100vw, 690px\" \/><\/p>\n<p><strong>San pellegrino &#8211; Fuciade:\u00a0<\/strong>Un sentiero di media-alta difficolt\u00e0, con un buon dislivello di 850 metri e ben 6 ore di cammino. Si parte dal grande parcheggio di San Pellegrino, e si sale verso il rifugio Fuciade, dove l&#8217;imponenza delle parete dolomitiche \u00e8 un incanto. Si prosegue per un altro pezzo di sentiero panoramico sulla Malga Ciapela e poi si pu\u00f2 riscendere percorrendo il sentiero all&#8217;inverso. No passeggini e tanta energia!<\/p>\n<p><strong>Torri del Vojolet:\u00a0<\/strong>Parlando di dolomiti iconiche non possiamo citare solo le 3 cime di Lavaredo, senza aver presentato le granitiche Torre del Vojolet. Uscite da un&#8217;ambientazione che ricorda i canyon americani, queste torri si ergono proprio sopra al Rifugio Preuss. Un punto di arrivo che premia chi ha avuto la costanza di salire per 1 ora di cammino lungo questo pezzo di Val di Fassa, splendido in tutte le stagioni.<\/p>\n<h3><span class=\"ez-toc-section\" id=\"Trekking_in_Val_Badia\"><\/span>Trekking in Val Badia<span class=\"ez-toc-section-end\"><\/span><\/h3>\n<p><img loading=\"lazy\" decoding=\"async\" class=\"alignnone size-full wp-image-24449\" src=\"https:\/\/www.ignas.com\/it\/blog\/wp-content\/uploads\/2021\/09\/cosa-fare-in-val-badia-1.jpg\" alt=\"\" width=\"728\" height=\"404\" srcset=\"https:\/\/www.ignas.com\/it\/blog\/wp-content\/uploads\/2021\/09\/cosa-fare-in-val-badia-1.jpg 728w, https:\/\/www.ignas.com\/it\/blog\/wp-content\/uploads\/2021\/09\/cosa-fare-in-val-badia-1-300x166.jpg 300w\" sizes=\"auto, (max-width: 728px) 100vw, 728px\" \/><\/p>\n<p><strong>Valle dei Mulini:\u00a0<\/strong>Ci spostiamo in una valle del Trentino-Alto Adige, nota per essere a misura di famiglia e bambini. Un esempio perfetto \u00e8 questo sentiero della Val Badia, in particolare il percorso di appena 2 ore di semplice passeggiata che porta ai Mulini Longiaru. Si tratta di mulini perfettamente funzionanti, distribuiti in varie parti del percorso. Suggestivo e senza, perfetto anche per improvvisare un pic-nic veduta mulino.<\/p>\n<p><strong>Colfosco ad anello:\u00a0<\/strong>Un escursione ad anello di<strong> 4 ore e 30 minuti,<\/strong> con oltre<strong> 600 metri di dislivello.<\/strong> Dunque un percorso di medie difficolt\u00e0, che parte dalla piccola localit\u00e0 Colfosco, e sale verso Passo Gardena incontrando le cascate Pisciad\u00f9. In questo percorso accade una cosa che spesso vi capiter\u00e0 di vivere visitando la Val Badia: i panorami si aprono, in ampissimi distese vallate versi e permettono di vedere lo spettacolo delle Dolomiti in tutta la loro interezza. Il percorso ad anello permetto inoltre di evitare spiacevoli momenti di smarrimento per chi non \u00e8 avvezzo ai sentieri trentini.<\/p>\n<h3><span class=\"ez-toc-section\" id=\"Val_Sarentino_escursioni\"><\/span>Val Sarentino escursioni<span class=\"ez-toc-section-end\"><\/span><\/h3>\n<p><strong>Corno Bianco:\u00a0<\/strong>Fra le varie <strong><span style=\"color: #ff6600;\"><a style=\"color: #ff6600;\" href=\"https:\/\/www.ignas.com\/it\/blog\/val-sarentino\/\" target=\"_blank\" rel=\"noopener\">escursioni di Val Sarentino<\/a><\/span><\/strong>, abbiamo scelto una con una difficolt\u00e0 medio-alta. Pi\u00f9 di 10 km con quasi 900 metri di dislivello per arrivare sul Corno Bianco a quota 2700 metri. Si passa dai laghi di Steinwande si ha la possibilit\u00e0 anche di vivere l&#8217;emozione di una breve ferrata. Durante la fatica sar\u00e0 utile concentrarsi sulla Malga Penserjoch, ottimo punto di ristoro.<\/p>\n<h3><span class=\"ez-toc-section\" id=\"Val_di_Sole_percorsi_facili\"><\/span>Val di Sole percorsi facili<span class=\"ez-toc-section-end\"><\/span><\/h3>\n<p><strong>Cascate Valorz:\u00a0<\/strong>Certamente fra le cose da vedere del Trentino-Alto Adige non pu\u00f2 mancare un sentiero in Val di Sole, nel Parco Nazionale dello Stelvio. Un percorso breve di appena 2 km che si possono compiere in meno di 1 ora. Anche il dislivello \u00e8 sostenibile per tutti, con 170 metri. Lungo il sentiero di grande interesse \u00e8 la presenza di numerosi Masi, e installazioni didascaliche dove vengono riprodotte le figure animali presenti nel bosco.<\/p>\n<h3><span class=\"ez-toc-section\" id=\"Trekking_con_bambini_in_Trentino-Alto_Adige\"><\/span>Trekking con bambini in Trentino-Alto Adige<span class=\"ez-toc-section-end\"><\/span><\/h3>\n<p><img loading=\"lazy\" decoding=\"async\" class=\"alignnone size-full wp-image-25471\" src=\"https:\/\/www.ignas.com\/it\/blog\/wp-content\/uploads\/2022\/08\/vacanze-in-trentino-con-bambini.jpg\" alt=\"bambini in salita sulle dolomiti\" width=\"750\" height=\"510\" srcset=\"https:\/\/www.ignas.com\/it\/blog\/wp-content\/uploads\/2022\/08\/vacanze-in-trentino-con-bambini.jpg 750w, https:\/\/www.ignas.com\/it\/blog\/wp-content\/uploads\/2022\/08\/vacanze-in-trentino-con-bambini-300x204.jpg 300w\" sizes=\"auto, (max-width: 750px) 100vw, 750px\" \/><\/p>\n<p>Su questo argomento si aprono infiniti scenari. Da una parte perch\u00e9 la montagna in s\u00e9 offre svariate opportunit\u00e0 sia riguardo i percorsi da fare ma anche riguardo punti di interesse che coinvolgono i bambini attraverso la cascata, il parco giochi naturale, o il lago. Un esempio su tutti \u00e8 la passeggiata verso il Lago dei Caprioli nei pressi del gruppo Adamello. Un sentiero adatto anche ai passeggini di appena 45 minuti e con un dislivello quasi pari a zero (50 metri). Il punto di arrivo \u00e8 il <strong>Lago dei Caprioli,<\/strong> dove con un po&#8217; di fortuna \u00e8 possibile anche avvistarne qualcuno, dando magia alla <strong><span style=\"color: #ff6600;\"><a style=\"color: #ff6600;\" href=\"https:\/\/www.ignas.com\/it\/blog\/montagna-con-bambini\/\" target=\"_blank\" rel=\"noopener\">montagna con i bambini<\/a>.<\/span><\/strong><\/p>\n<h2><span class=\"ez-toc-section\" id=\"Malghe_Trentino\"><\/span>Malghe Trentino<span class=\"ez-toc-section-end\"><\/span><\/h2>\n<p>Abbiamo selezionato una serie di Malghe con 2 criteri fondamentali: bellezza e praticit\u00e0 dello scenario da una parte, e cucina della Malga dall&#8217;altra. Del resto una Malga dove non si mangi bene dobbiamo ancora trovarla, visto che solitamente rispettano molto bene i piatti della tradizione trentina. Ma entriamo nello specifico.<\/p>\n<p><strong>Malga Campo:\u00a0<\/strong>la cornice \u00e8 l&#8217;Alpe Cimbra, una valle caratterizzata da una grande presenza boschiva e al contempo grandi tradizioni popolari. La malga in questione si trova all&#8217;interno di un percorso, conosciuto come sentiero dell&#8217;immaginario. Sono 7 km ad anello , di circa 2 ore. Si entra nel bosco e in mezzo a distese di campi fioriti. Nel mezzo si trova la Malga Campo dove pranzare vi dar\u00e0 quella giusta carica per completare il sentiero.<\/p>\n<p><strong>Malga di Laces:\u00a0<\/strong>Tutta la sterminata bellezza della val Venosta, in un luogo semplice da raggiungere ma al contempo avventuroso. La malga si raggiunge partendo dalla stazione del paese prendendo la seggiovia e da l\u00ec si fa un sentiero nel bosco che porta a questa malga dalla fortissima connotazione regionale. Un luogo che permette davvero di ammirare il Trentino-Alto Adige in tutta la sua tradizione culinaria.<\/p>\n<p><strong>Malga Mastaunalm:\u00a0<\/strong>Questa malga in Val Senales permette nel raggiungerla di godere del panorama di Madonna di Senales, che svetta su tutta la vallata. In particolare partendo dalla Chiesa centrale si segue il sentiero 17 e da l\u00ec si deve prestare attenzione alle indicazioni che portano alla Malga. Il percorso \u00e8 semplice, dura 30 minuti, il dislivello \u00e8 di 320 m e arrivati e il percorso da solo merita tutta la visita.<\/p>\n<h2><span class=\"ez-toc-section\" id=\"Plan_de_Corones\"><\/span>Plan de Corones<span class=\"ez-toc-section-end\"><\/span><\/h2>\n<p><img loading=\"lazy\" decoding=\"async\" class=\"alignnone size-full wp-image-21817\" src=\"https:\/\/www.ignas.com\/it\/blog\/wp-content\/uploads\/2017\/09\/plan-de-corones.jpeg\" alt=\"plan-de-corones\" width=\"1000\" height=\"600\" srcset=\"https:\/\/www.ignas.com\/it\/blog\/wp-content\/uploads\/2017\/09\/plan-de-corones.jpeg 1000w, https:\/\/www.ignas.com\/it\/blog\/wp-content\/uploads\/2017\/09\/plan-de-corones-300x180.jpeg 300w, https:\/\/www.ignas.com\/it\/blog\/wp-content\/uploads\/2017\/09\/plan-de-corones-768x461.jpeg 768w, https:\/\/www.ignas.com\/it\/blog\/wp-content\/uploads\/2017\/09\/plan-de-corones-696x418.jpeg 696w, https:\/\/www.ignas.com\/it\/blog\/wp-content\/uploads\/2017\/09\/plan-de-corones-700x420.jpeg 700w\" sizes=\"auto, (max-width: 1000px) 100vw, 1000px\" \/><\/p>\n<p>Plan de Corones \u00e8 la montagna che abbiamo scelto per descrivere la bellezza delle Dolomiti! Il suo nome deriva dalla sua forma, ma anche della storia leggendaria del luogo: infatti la <strong>cima della montagna (2275 m)<\/strong> altro non \u00e8 che un&#8217;incredibile terrazza (piazza, piano, Plan) di ben 2 km quadrati da cui poter ammirare le <strong>Dolomiti<\/strong>. Ma il nome deriva anche dalla storia leggendaria secondo cui gli spiriti andavano a ballare proprio su questo piazzale naturale, e proprio qui la<strong> leggendaria principessa Dorasilla<\/strong> fu incoronata. Che il luogo fosse destinato a cose leggendarie dunque era scritto gi\u00e0 nei racconti della tradizione. Ma non venne tutto facilmente. Basti pensare che per fare i primi impianti di risalita dai primi tentativi del <strong>1900<\/strong> bisogner\u00e0 aspettare il 1963 affinch\u00e9 si veda la sua prima realizzazione.<\/p>\n<p>Con il tempo \u00e8 diventato luogo di riferimento per gli amanti della montagna e dello sci, come testimoniano i numeri: ben <strong>33 impianti di risalita<\/strong>, 50 piste da sci che si diramano per 119 chilometri. Numeri di un luogo che \u00e8 ogni anno teatro di grandi eventi sportivi, oltre che luogo irrinunciabile per chi ama la montagna in ogni suo aspetto.<\/p>\n<p>Una piccola (per modo di dire) curiosit\u00e0 di questo luogo, \u00e8 la costruzione del pi\u00f9 grande campanile delle Alpi, che suona al fine di diffondere la pace nei popoli planando sulle dolomiti.<\/p>\n<h2><span class=\"ez-toc-section\" id=\"Family_Hotel_Alto-Adige\"><\/span>Family Hotel Alto-Adige<span class=\"ez-toc-section-end\"><\/span><\/h2>\n<p><img loading=\"lazy\" decoding=\"async\" class=\"alignnone size-full wp-image-25668\" src=\"https:\/\/www.ignas.com\/it\/blog\/wp-content\/uploads\/2022\/11\/family-hotel-alto-adige.jpg\" alt=\"Family Hotel dell'Alto Adige\" width=\"987\" height=\"609\" srcset=\"https:\/\/www.ignas.com\/it\/blog\/wp-content\/uploads\/2022\/11\/family-hotel-alto-adige.jpg 987w, https:\/\/www.ignas.com\/it\/blog\/wp-content\/uploads\/2022\/11\/family-hotel-alto-adige-300x185.jpg 300w, https:\/\/www.ignas.com\/it\/blog\/wp-content\/uploads\/2022\/11\/family-hotel-alto-adige-768x474.jpg 768w\" sizes=\"auto, (max-width: 987px) 100vw, 987px\" \/><\/p>\n<p>I Family Hotel sono la risposta degli albergatori alle esigenze particolari che le famiglie con bambini si sono sempre pi\u00f9 spesso trovati a vivere. Dal men\u00f9 dedicato, alla sala biberon, agli orari flessibili per i pasti, alle sale gioco interne e via cos\u00ec tutta una serie di accortezze che hanno reso necessario distinguere chi queste esigenze le copre e lo fa benissimo da chi invece ha un&#8217;altra dimensione di accoglienza turistica. I primi sono per l&#8217;appunto da considerarsi Family Hotel e bisogna sottolineare come la grande tradizione dell&#8217;accoglienza alle peculiarit\u00e0 delle famiglie sia proprio una caratteristica dei<span style=\"color: #ff6600;\"><strong><a style=\"color: #ff6600;\" href=\"https:\/\/www.ignas.com\/it\/offerte-vacanze-trentino-altoadige\" target=\"_blank\" rel=\"noopener\"> Hotel Trentino-Alto Adige<\/a>.<\/strong><\/span><\/p>\n<h3><span class=\"ez-toc-section\" id=\"Alpen_Family_Hotel_Someada_%E2%80%93_Moena\"><\/span>Alpen Family Hotel Someada &#8211; Moena<span class=\"ez-toc-section-end\"><\/span><\/h3>\n<p>Fra i Family Hotel del Trentino-Alto Adige non pu\u00f2 mancare una delle mete pi\u00f9 ricercate ogni anno dalle famiglie: <strong>Val di Fassa<\/strong>. In particolare a soli 5 chilometri dalla Ski Aerea Alpe Lusia, si trova <a href=\"https:\/\/www.ignas.com\/it\/offerte-vacanze-trentino-altoadige\/moena\/hotel-someda\"><strong><span style=\"color: #ff6600;\">Hotel Someda, 3 stelle Superior<\/span><\/strong><\/a>. La struttura ha un peso specifico nel poter assicurare da una parte dimensione neve e sci, dall&#8217;altra la possibilit\u00e0 di godere del centro benessere , il tutto con i bambini coinvolti anche in attivit\u00e0 specifiche. Come accade per esempio nel caso in cui li si voglia portare con s\u00e9 nel centro benessere, la struttura lo rende possibile anche a bambini sotto i 14 anni, cosa rarissima, e che \u00e8 possibile proprio in virt\u00f9 della dimensione Family dell&#8217;albergo. A questo si aggiunge anche il Miniclub, che permetter\u00e0 ai genitori di godersi la neve anche mentre i bambini non sono direttamente coinvolti con il loro maestro di sci.<\/p>\n<h3><span class=\"ez-toc-section\" id=\"Family_Hotel_La_Perla_%E2%80%93_Castrozza\"><\/span>Family Hotel La Perla &#8211; Castrozza<span class=\"ez-toc-section-end\"><\/span><\/h3>\n<p>A San Martino di Castrozza l&#8217;<strong><span style=\"color: #ff6600;\"><a style=\"color: #ff6600;\" href=\"https:\/\/www.ignas.com\/it\/offerte-vacanze-trentino-altoadige\/primiero\/hotel-family-la-perla\" target=\"_blank\" rel=\"noopener\">Hotel Perla<\/a><\/span><\/strong> permette di far vivere ai bambini un&#8217;esperienza che travalica il semplice <strong>Miniclub<\/strong>, e diventa un momento di apprendimento, nella<em> Bottega della Fantasia <\/em>potranno imparare e conoscere meglio diversi aspetti dell&#8217;arte della natura. A questo si aggiunge la sala giochi interna. Per il resto della famiglia, oltre agli <strong>impianti vicini<\/strong> alla struttura e ai <strong>diversi sentieri<\/strong> che vanno nel bosco, bisogna tenere a mente la possibilit\u00e0 di visitare lo storico <strong>Palazzo delle Miniere<\/strong>, il piccolo museo etnografico.<\/p>\n<h2><span class=\"ez-toc-section\" id=\"Mercatini_di_Natale_Trentino-Alto_Adige\"><\/span>Mercatini di Natale Trentino-Alto Adige<span class=\"ez-toc-section-end\"><\/span><\/h2>\n<p><img loading=\"lazy\" decoding=\"async\" class=\"alignnone size-full wp-image-24415\" src=\"https:\/\/www.ignas.com\/it\/blog\/wp-content\/uploads\/2021\/10\/mercatini-di-natale.jpg\" alt=\"Bancherelle dei mercatini\" width=\"728\" height=\"404\" srcset=\"https:\/\/www.ignas.com\/it\/blog\/wp-content\/uploads\/2021\/10\/mercatini-di-natale.jpg 728w, https:\/\/www.ignas.com\/it\/blog\/wp-content\/uploads\/2021\/10\/mercatini-di-natale-300x166.jpg 300w\" sizes=\"auto, (max-width: 728px) 100vw, 728px\" \/><\/p>\n<p>I mercatini di Natale sono una tradizione di origine tedesca e austriaca, ma in Italia oggi sono diffusi in varie parti dello stivale. Questo proliferare di mercatini lo si deve per\u00f2 in particolar modo ai mercatini che pi\u00f9 di altri sono magici e conservano una grande qualit\u00e0 anche nei prodotti esposti, e sono per l&#8217;appunto quelli del Trentino-Alto Adige. In realt\u00e0 i mercatini si distinguono uno dall&#8217;altro e diventa un vero Tour della bellezza natalizia poterli scoprire e visitare.<\/p>\n<p><strong>Rango:\u00a0<\/strong>Piccolissimo borgo Trentino, che nel periodo natalizio apre le sue piccole e caratteristiche case antiche ospitando all&#8217;interno i prodotti degli artigiani. Un&#8217;esperienza magica quella di entrare in ciascuna casetta e trovare all&#8217;interno bancherelle allestite di splendidi prodotti.<\/p>\n<p><strong>Trento:\u00a0<\/strong>E&#8217; il mercatino per antonomasia, sicuramente il pi\u00f9 visitato con pi\u00f9 di 500 mila visitatori, 92 casette di legno lungo le strade e in piazza Fiera. La citt\u00e0 si colora di Natale e di magia, e certamente grazie a questo evento diventa un piacere trovare un regalo da mettere sotto l&#8217;albero, unico e fatto a mano. Inoltre sono presenti numerosi punti di ristoro e diventer\u00e0 obbligatorio assaggiare l&#8217;ottimo vin brul\u00e8 che \u00e8 un po&#8217; il simbolo di questo evento!<\/p>\n<p><strong>Levico:\u00a0<\/strong>Per capire la magia che pervade questo mercatino bisogna subito immaginare il giardino del palazzo principesco degli Asburgo, che diventa la cornice di tutta una serie di casette di legno illuminate a festa e con piccoli prodotti artigianali, enogastronomie squisite e quel clima di magia natalizia che pervade tutto il Trentino-Alto Adige.<\/p>\n<h2><span class=\"ez-toc-section\" id=\"Luoghi_da_visitare_in_Trentino_Castelli\"><\/span>Luoghi da visitare in Trentino: Castelli<span class=\"ez-toc-section-end\"><\/span><\/h2>\n<p><img loading=\"lazy\" decoding=\"async\" class=\"alignnone size-full wp-image-21788\" src=\"https:\/\/www.ignas.com\/it\/blog\/wp-content\/uploads\/2017\/09\/Castel-Thun.jpg\" alt=\"Castel Thun\" width=\"1000\" height=\"600\" srcset=\"https:\/\/www.ignas.com\/it\/blog\/wp-content\/uploads\/2017\/09\/Castel-Thun.jpg 1000w, https:\/\/www.ignas.com\/it\/blog\/wp-content\/uploads\/2017\/09\/Castel-Thun-300x180.jpg 300w, https:\/\/www.ignas.com\/it\/blog\/wp-content\/uploads\/2017\/09\/Castel-Thun-768x461.jpg 768w, https:\/\/www.ignas.com\/it\/blog\/wp-content\/uploads\/2017\/09\/Castel-Thun-696x418.jpg 696w, https:\/\/www.ignas.com\/it\/blog\/wp-content\/uploads\/2017\/09\/Castel-Thun-700x420.jpg 700w\" sizes=\"auto, (max-width: 1000px) 100vw, 1000px\" \/><\/p>\n<p>In Trentino-Alto Adige i luoghi da visitare sono innumerevoli, e si distinguono per l&#8217;incredibile variet\u00e0. Infatti chi crede che questa regione sia montagna e neve in modo esclusivo si sbaglia. Un esempio su tutti \u00e8 il dato sui Castelli, che sono ben 800 su tutto il territorio. Sono sia strutture visitabili e tenute benissimo che fortezze di cui sono rimasti pochi resti, ma che comunque vengono raccontate benissimo e fatte rivivere dalle amministrazioni locali, anche attraverso eventi. Scopriamone qualcuno insieme!<\/p>\n<h3><span class=\"ez-toc-section\" id=\"Castello_del_Buon_Consiglio\"><\/span>Castello del Buon Consiglio<span class=\"ez-toc-section-end\"><\/span><\/h3>\n<p>Uno dei castelli pi\u00f9 grandi delle Alpi, e certamente il pi\u00f9 identificativo dell&#8217;intera regione. Il motivo risiede nella sua storia, presente nei diversi stili che nel corso dei secoli dentro e sulle sue mura, attraverso <strong>affreschi e <\/strong>opere complesse che ancora oggi ammaliano. Ma partiamo dal nome: <strong>Buonconsiglio<\/strong> per via del <strong>Consiglio Vescovile<\/strong> che aveva sede proprio all&#8217;interno del Castello.<\/p>\n<p>La struttura \u00e8 cresciuta nel corso del tempo, partendo dalla sola <strong>Torre<\/strong> (detta <em>&#8220;Augusta&#8221;<\/em>), che crebbe prima per seguire gli obiettivi militari di <strong>difesa<\/strong>, e poi nel corso del tempo per diventare <strong>sede Vescovile<\/strong>. Arrivati a ci\u00f2. fu proprio il Vescovo di Trento <em>Bernardo Clesio<\/em>, a chiamare i <strong>fratelli Dossi<\/strong> per <strong>rinfrescare l&#8217;intero Palazzo<\/strong>. Questo apr\u00ec il Castello al <strong>Rinascimento<\/strong>, anche se una delle opere pi\u00f9 famose e apprezzate \u00e8 riferita al precedente periodo gotico, ovvero<strong> il Ciclo dei mesi<\/strong>, con ben <strong>11 diversi riquadri<\/strong> (il 12esimo venne perso in un incendio), che rappresentano la vita dei nobili e dei contadini del tempo.<\/p>\n<h3><span class=\"ez-toc-section\" id=\"Castel_Thun\"><\/span>Castel Thun<span class=\"ez-toc-section-end\"><\/span><\/h3>\n<p>A soli 30 minuti da Trento, in piena Val di Non c&#8217;\u00e8 un Castello che fa parte di quel tour di palazzi antichi che inevitabilmente \u00e8 avvolto da magia e fascino: Il Castello Thun. La famiglia Tono (Thun) ne prende possesso a fine 1200 e nel corso dei secoli pur modificando le mura, rafforzandone la struttura, e aggiungendo intere aree e piani, la famiglia Thun \u00e8 sempre rimasta all&#8217;interno del Castello, fino al vicino 1992, anno in cui si spense l&#8217;ultimo discendente. Da allora il Castello \u00e8 della Provincia di Trento, e il ponte levatoio \u00e8 aperto al pubblico. Una volta all&#8217;interno la visita si divide in 4 livelli, uno per piano:<\/p>\n<ol>\n<li>Piano terra, \u00e8 presente la Sale delle Guardie, quella con il Forno del Pane e la Cappella affrescata da Konrad Weider<\/li>\n<li>Il primo piano \u00e8 caratterizzato dalle cucine, con mobili, utensili e oggetti originali del tempo. Davvero suggestivo!<\/li>\n<li>Il secondo piano permette di visitare le Sale di Rappresentanza e Stanze che oggi definiremmo living, come la grande Sala da Pranzo, la Stanza musicale, e quella dello Scrittoio.<\/li>\n<li>Al terzo e ultimo piano sono presenti ben 14 stanze, fra le quali quella del Vescovo, la camera dei bambini, con tanto di culletta originale, e il grande salone degli Alabastri.<\/li>\n<\/ol>\n<h3><span class=\"ez-toc-section\" id=\"Castel_Beseno\"><\/span>Castel Beseno<span class=\"ez-toc-section-end\"><\/span><\/h3>\n<p><img loading=\"lazy\" decoding=\"async\" class=\"alignnone size-full wp-image-25669\" src=\"https:\/\/www.ignas.com\/it\/blog\/wp-content\/uploads\/2022\/11\/castel-beseno.jpeg\" alt=\"Castel Beseno, Trentino-Alto Adige\" width=\"750\" height=\"500\" srcset=\"https:\/\/www.ignas.com\/it\/blog\/wp-content\/uploads\/2022\/11\/castel-beseno.jpeg 750w, https:\/\/www.ignas.com\/it\/blog\/wp-content\/uploads\/2022\/11\/castel-beseno-300x200.jpeg 300w\" sizes=\"auto, (max-width: 750px) 100vw, 750px\" \/><\/p>\n<p>Ci troviamo al cospetto della pi\u00f9 grande fortezza del Trentino-Alto Adige. Una fortezza del 1200 che prima di arrivare ad essere un luogo della storia aperto al pubblico, \u00e8 stato scenario di battaglie, anche sanguinose. Come quella del 1700, dove le truppe napoleoniche tentarono l&#8217;assedio al Castello ma vennero sconfitte dalle truppe austriache giunte in soccorso. Ad oggi \u00e8 un luogo storico che attira i visitatori anche grazie a come \u00e8 stato restaurato tutto il complesso. La grandezza del maniero, impone una luna visita, in modo da godere le varie parti. Da evidenziare sono sicuramente:<\/p>\n<ul>\n<li>I <strong>cortili esterni<\/strong> sono l&#8217;esempio perfetto di come tenere vivo tutto il <strong>fascino<\/strong> delle <strong>corti medioevali,<\/strong> ed al contempo grazie alla presenza di <strong>giochi di legno<\/strong> anche i bambini potranno divertirsi in questo immenso spazio verde.<\/li>\n<li><strong>Sala Armature:<\/strong> qui non solo \u00e8 possibile ammirare le armature e le spade e scudi a grandezza naturale, ma si possono anche indossare. Un vero divertimento didattico!<\/li>\n<li>Camminamento di ronda lungo tutte le mura della fortezza, e bisogna tenere conto che \u00e8 tra i pi\u00f9 lunghi e percorribili del Paese.<\/li>\n<li><strong>Palazzo Marcabruno<\/strong>: un&#8217;antica ala della fortezza che oggi \u00e8 utilizzata per una mostra permanente dedicata alla battaglia di Calliano. Plastici, miniature, video, tutto per far rivivere quel bellicoso evento.<\/li>\n<\/ul>\n<h2><span class=\"ez-toc-section\" id=\"Piste_da_sci_Alto-Adige\"><\/span>Piste da sci Alto-Adige<span class=\"ez-toc-section-end\"><\/span><\/h2>\n<p><img loading=\"lazy\" decoding=\"async\" class=\"alignnone size-full wp-image-25689\" src=\"https:\/\/www.ignas.com\/it\/blog\/wp-content\/uploads\/2022\/12\/piste-obereggen.jpeg\" alt=\"piste ad Obereggen\" width=\"750\" height=\"500\" srcset=\"https:\/\/www.ignas.com\/it\/blog\/wp-content\/uploads\/2022\/12\/piste-obereggen.jpeg 750w, https:\/\/www.ignas.com\/it\/blog\/wp-content\/uploads\/2022\/12\/piste-obereggen-300x200.jpeg 300w\" sizes=\"auto, (max-width: 750px) 100vw, 750px\" \/><\/p>\n<p>Il cuore pulsante dell&#8217;intera regione sono le<span style=\"color: #ff6600;\"><strong><a style=\"color: #ff6600;\" href=\"https:\/\/www.ignas.com\/it\/blog\/sciare-in-trentino\/\" target=\"_blank\" rel=\"noopener\"> piste da sci<\/a>,<\/strong><\/span> e per questo fra le cose da fare in Trentino-Alto Adige c&#8217;\u00e8 senza dubbio quello di scegliere la pista giusta dove praticare questo sport. Noi ne abbiamo selezionati 2: Il comprensorio Dolomiti Superski in Val Gardena e il comprensorio sciistico Trafoi in Val Venosta. Scopriamone insieme le particolarit\u00e0!<\/p>\n<h3><span class=\"ez-toc-section\" id=\"Dolomiti_Superski\"><\/span>Dolomiti Superski<span class=\"ez-toc-section-end\"><\/span><\/h3>\n<p>Quest&#8217;area sciistica in Val Gardena \u00e8 la pi\u00f9 grande d&#8217;Europa: <strong>1200 km di piste,<\/strong> 450 impianti di risalita con un unico skipass. Si parte dalla Val Gardena ma poi in realt\u00e0 si arriva in val di Fiemme, passando dalla Val di Fassa. All&#8217;interno oltre al classico sci alpino, e sci di fondo, anche piste dedicate allo snowboard.<\/p>\n<h3><span class=\"ez-toc-section\" id=\"Trafoi\"><\/span>Trafoi<span class=\"ez-toc-section-end\"><\/span><\/h3>\n<p>Nel cuore dello Stelvio si trova questo comprensorio sciistico certamente piccolo, ma che offre la possibilit\u00e0 di praticare questo sport a tutti i livelli. Sono 10 km di piste di cui 2 facili, 7 medie e 1 difficile. Vi sono 4 impianti di risalita che portano ad un massimo di 2500 metri. Una scelta giusta per chi vuole vivere questo sport in un luogo facilmente godibile.<\/p>\n<h2><span class=\"ez-toc-section\" id=\"Musei_Trentino-Alto_Adige\"><\/span>Musei Trentino-Alto Adige<span class=\"ez-toc-section-end\"><\/span><\/h2>\n<p><img loading=\"lazy\" decoding=\"async\" class=\"alignnone size-full wp-image-25671\" src=\"https:\/\/www.ignas.com\/it\/blog\/wp-content\/uploads\/2022\/11\/museo-trento.jpeg\" alt=\"Musei del Trentino-Alto Adige\" width=\"750\" height=\"500\" srcset=\"https:\/\/www.ignas.com\/it\/blog\/wp-content\/uploads\/2022\/11\/museo-trento.jpeg 750w, https:\/\/www.ignas.com\/it\/blog\/wp-content\/uploads\/2022\/11\/museo-trento-300x200.jpeg 300w\" sizes=\"auto, (max-width: 750px) 100vw, 750px\" \/><\/p>\n<h3><span class=\"ez-toc-section\" id=\"Museo_Retico\"><\/span>Museo Retico<span class=\"ez-toc-section-end\"><\/span><\/h3>\n<p>L&#8217;occasione giusta per scoprire e approfondire <strong>2 aspetti della storia locale <\/strong>di grandissimo fascino: da una parte la figura del<strong> popolo retico<\/strong>, dall&#8217;altra la <strong>storia del trentino<\/strong> dall&#8217;inizio dei tempi.<\/p>\n<p>Ma chi erano i <strong>Reti<\/strong>? Bisogna andare indietro intorno al III secolo A.C. Questo <strong>popolo<\/strong> in realt\u00e0 <strong>deriverebbe<\/strong> a sua volta <strong>dagli etruschi<\/strong> e con loro condivideva infatti la passione per l&#8217;<strong>artigianato<\/strong>, il ferro e il bronzo. Il museo \u00e8 proprio una testimonianza dei tantissimi lavori risalenti a quei secoli, e arrivati fino ai nostri giorni. Il pi\u00f9 significativo \u00e8 il cavaliere a cavallo, un opera dalle forti connotazioni etrusche ma che porta con s\u00e9 la firma incontrovertibile dell&#8217;affascinate popolazione retica, che solo nel I secolo D.C. fu completamente ghettizzata dall&#8217;impero romano, fino al punto di scomparire qualche tempo dopo.<\/p>\n<p>Altro punto fortemente attraente del <strong>museo<\/strong> \u00e8 il pozzo del tempo: un percorso in discesa e a spirale che man mano che si percorre attraversa la storia della regione <strong>dal paleolitico fino al medioevo<\/strong>, attraverso significativi reperti storici. Sar\u00e0 davvero una scoperta affascinante quella della formazione delle dolomiti dal punto di vista geologico. Ma anche le prime forme di civilt\u00e0 e di commercio, come anche i reperti di usi e costumi romani e medioevali.<\/p>\n<h3><span class=\"ez-toc-section\" id=\"Museo_Otzi\"><\/span>Museo Otzi<span class=\"ez-toc-section-end\"><\/span><\/h3>\n<p>Cos\u00ec come la citt\u00e0 di Trento ha il suo Muse che ogni anno attira <strong>migliaia di visitatori,<\/strong> anche <strong>Bolzano<\/strong> ha il suo museo che da oramai decenni ospita migliaia di interessati sia alla storia della regione ma anche e soprattutto al cuore di tutto il museo che \u00e8 per l&#8217;appunto la <strong>mummia Otzi,<\/strong> un esemplare risalente al 3500 a.C. ritrovato in un ghiacciaio ai confini con l&#8217;Austria. Il museo in verit\u00e0 ha tantissimi reperti e aree tematiche, che ripercorrono la storia dell&#8217;Alto Adige fin dai tempi preistorici. Chiaramente trovarsi di fronte al corpo di uno dei nostri pi\u00f9 antichi antenati ha un impatto emotivo e intellettuale di forte impatto.<\/p>\n<h3><span class=\"ez-toc-section\" id=\"Museo_Mart\"><\/span>Museo Mart<span class=\"ez-toc-section-end\"><\/span><\/h3>\n<p>Il <strong>Museo Mart<\/strong> di<strong> Rovereto<\/strong> si distingue nettamente da tutti gli altri musei, poich\u00e9 punta essenzialmente sul concetto di <strong>arte moderna<\/strong> e contemporanea. Basti pensare al fatto che sono pi\u00f9 di <strong>20.000<\/strong> le <strong>opere<\/strong> <strong>presenti<\/strong> nel museo, tutte riferite all&#8217;epoca moderna e contemporanea. Inoltre la struttura stessa \u00e8 un opera averroistica, in grado di comunicare con le opere che ospita da pari, in quanto sia per i materiali utilizzati che per l&#8217;armonia di alcune forme, la struttura affonda le sue radici nei classici movimenti dell&#8217;arte moderna. Ma come \u00e8 suddivisa la visita al Mart?<\/p>\n<p>Il piano terra \u00e8 dedicato alla biglietterie, l&#8217;area caf\u00e8 e di benvenuto. Ci\u00f2 nonostante anche appena arrivati la struttura propone dei suggestivi angoli d&#8217;arte tutti da ammirare. Al primo piano invece sono presenti le <strong>mostre temporanee<\/strong>, ovvero <strong>artisti contemporanei<\/strong> espongono le loro opere consegnandole di fatto alla <strong>storia dell&#8217;arte.<\/strong> In questo senso \u00e8 davvero stimolante visitare questo museo, perch\u00e9 mette subito in contatto con l&#8217;arte che ancora non ha raccolto il riconoscimento ufficiale, ma \u00e8 di fatto, forse anche per questa dimensione clandestina, \u00e8 qualcosa di molto potente per il visitatore. Al secondo piano invece sono presenti le opere d&#8217;arte dell&#8217;et\u00e0 moderna. Opere famose in tutto il mondo, che si rifanno ai protagonisti dei movimenti d&#8217;arte: metafisica, astrattismo e<strong> futurismo.<\/strong> Fra le 20.000 opere, emergono maggiormente quelle di De Chirico, Carr\u00e0, Bolla e Morandi.<\/p>\n","protected":false},"excerpt":{"rendered":"<p>Trentino-Alto Adige, la regione pi\u00f9 a nord d&#8217;Italia, conserva 2 record particolari che ne rivelano l&#8217;unicit\u00e0: record di temperatura alta a Bolzano e di temperatura bassa in zona Pale di San Martino. Nella stessa regione per cui si trova un insieme di ingredienti che a volte non sono presenti neppure in intere Nazioni. Invece in [&hellip;]<\/p>\n","protected":false},"author":2,"featured_media":26896,"comment_status":"closed","ping_status":"closed","sticky":false,"template":"","format":"standard","meta":{"_acf_changed":false,"inline_featured_image":false,"_lmt_disableupdate":"no","_lmt_disable":"no","_monsterinsights_skip_tracking":false,"_monsterinsights_sitenote_active":false,"_monsterinsights_sitenote_note":"","_monsterinsights_sitenote_category":0,"footnotes":""},"categories":[4],"tags":[],"class_list":["post-25659","post","type-post","status-publish","format-standard","has-post-thumbnail","hentry","category-alta-quota"],"acf":[],"yoast_head":"<!-- This site is optimized with the Yoast SEO plugin v27.5 - https:\/\/yoast.com\/product\/yoast-seo-wordpress\/ -->\n<title>Trentino-Alto Adige, migliori cose da vedere (e da sapere) - Ignas Tour<\/title>\n<meta name=\"description\" content=\"Trentino-Alto Adige la guida definitiva e aggiornata! Tutto quello che c&#039;\u00e8 da vedere e sapere prima di viaggiare in Trentino!\" \/>\n<meta name=\"robots\" content=\"index, follow, max-snippet:-1, max-image-preview:large, max-video-preview:-1\" \/>\n<link rel=\"canonical\" href=\"https:\/\/www.ignas.com\/it\/blog\/cose-da-vedere-a-sapere-sul-trentino-alto-adige\/\" \/>\n<meta property=\"og:locale\" content=\"it_IT\" \/>\n<meta property=\"og:type\" content=\"article\" \/>\n<meta property=\"og:title\" content=\"Trentino-Alto Adige, migliori cose da vedere (e da sapere) - Ignas Tour\" \/>\n<meta property=\"og:description\" content=\"Trentino-Alto Adige la guida definitiva e aggiornata! Tutto quello che c&#039;\u00e8 da vedere e sapere prima di viaggiare in Trentino!\" \/>\n<meta property=\"og:url\" content=\"https:\/\/www.ignas.com\/it\/blog\/cose-da-vedere-a-sapere-sul-trentino-alto-adige\/\" \/>\n<meta property=\"og:site_name\" content=\"Ignas Tour\" \/>\n<meta property=\"article:published_time\" content=\"2022-11-28T11:48:31+00:00\" \/>\n<meta property=\"article:modified_time\" content=\"2025-02-06T10:49:34+00:00\" \/>\n<meta property=\"og:image\" content=\"https:\/\/www.ignas.com\/it\/blog\/wp-content\/uploads\/2022\/11\/trentino-alto-adige-cosa-vedere.jpg\" \/>\n\t<meta property=\"og:image:width\" content=\"750\" \/>\n\t<meta property=\"og:image:height\" content=\"478\" \/>\n\t<meta property=\"og:image:type\" content=\"image\/jpeg\" \/>\n<meta name=\"author\" content=\"Fabrizio\" \/>\n<meta name=\"twitter:card\" content=\"summary_large_image\" \/>\n<meta name=\"twitter:label1\" content=\"Scritto da\" \/>\n\t<meta name=\"twitter:data1\" content=\"Fabrizio\" \/>\n\t<meta name=\"twitter:label2\" content=\"Tempo di lettura stimato\" \/>\n\t<meta name=\"twitter:data2\" content=\"32 minuti\" \/>\n<script type=\"application\/ld+json\" class=\"yoast-schema-graph\">{\"@context\":\"https:\\\/\\\/schema.org\",\"@graph\":[{\"@type\":\"Article\",\"@id\":\"https:\\\/\\\/www.ignas.com\\\/it\\\/blog\\\/cose-da-vedere-a-sapere-sul-trentino-alto-adige\\\/#article\",\"isPartOf\":{\"@id\":\"https:\\\/\\\/www.ignas.com\\\/it\\\/blog\\\/cose-da-vedere-a-sapere-sul-trentino-alto-adige\\\/\"},\"author\":{\"name\":\"Fabrizio\",\"@id\":\"https:\\\/\\\/www.ignas.com\\\/it\\\/blog\\\/#\\\/schema\\\/person\\\/cb41520c07db292cc5a20ce104e28a1d\"},\"headline\":\"Trentino-Alto Adige, migliori cose da vedere (e da sapere)\",\"datePublished\":\"2022-11-28T11:48:31+00:00\",\"dateModified\":\"2025-02-06T10:49:34+00:00\",\"mainEntityOfPage\":{\"@id\":\"https:\\\/\\\/www.ignas.com\\\/it\\\/blog\\\/cose-da-vedere-a-sapere-sul-trentino-alto-adige\\\/\"},\"wordCount\":5101,\"publisher\":{\"@id\":\"https:\\\/\\\/www.ignas.com\\\/it\\\/blog\\\/#organization\"},\"image\":{\"@id\":\"https:\\\/\\\/www.ignas.com\\\/it\\\/blog\\\/cose-da-vedere-a-sapere-sul-trentino-alto-adige\\\/#primaryimage\"},\"thumbnailUrl\":\"https:\\\/\\\/www.ignas.com\\\/it\\\/blog\\\/wp-content\\\/uploads\\\/2022\\\/11\\\/trentino-alto-adige-cosa-vedere.jpg\",\"articleSection\":[\"Alta Quota\"],\"inLanguage\":\"it-IT\"},{\"@type\":\"WebPage\",\"@id\":\"https:\\\/\\\/www.ignas.com\\\/it\\\/blog\\\/cose-da-vedere-a-sapere-sul-trentino-alto-adige\\\/\",\"url\":\"https:\\\/\\\/www.ignas.com\\\/it\\\/blog\\\/cose-da-vedere-a-sapere-sul-trentino-alto-adige\\\/\",\"name\":\"Trentino-Alto Adige, migliori cose da vedere (e da sapere) - Ignas Tour\",\"isPartOf\":{\"@id\":\"https:\\\/\\\/www.ignas.com\\\/it\\\/blog\\\/#website\"},\"primaryImageOfPage\":{\"@id\":\"https:\\\/\\\/www.ignas.com\\\/it\\\/blog\\\/cose-da-vedere-a-sapere-sul-trentino-alto-adige\\\/#primaryimage\"},\"image\":{\"@id\":\"https:\\\/\\\/www.ignas.com\\\/it\\\/blog\\\/cose-da-vedere-a-sapere-sul-trentino-alto-adige\\\/#primaryimage\"},\"thumbnailUrl\":\"https:\\\/\\\/www.ignas.com\\\/it\\\/blog\\\/wp-content\\\/uploads\\\/2022\\\/11\\\/trentino-alto-adige-cosa-vedere.jpg\",\"datePublished\":\"2022-11-28T11:48:31+00:00\",\"dateModified\":\"2025-02-06T10:49:34+00:00\",\"description\":\"Trentino-Alto Adige la guida definitiva e aggiornata! Tutto quello che c'\u00e8 da vedere e sapere prima di viaggiare in Trentino!\",\"breadcrumb\":{\"@id\":\"https:\\\/\\\/www.ignas.com\\\/it\\\/blog\\\/cose-da-vedere-a-sapere-sul-trentino-alto-adige\\\/#breadcrumb\"},\"inLanguage\":\"it-IT\",\"potentialAction\":[{\"@type\":\"ReadAction\",\"target\":[\"https:\\\/\\\/www.ignas.com\\\/it\\\/blog\\\/cose-da-vedere-a-sapere-sul-trentino-alto-adige\\\/\"]}]},{\"@type\":\"ImageObject\",\"inLanguage\":\"it-IT\",\"@id\":\"https:\\\/\\\/www.ignas.com\\\/it\\\/blog\\\/cose-da-vedere-a-sapere-sul-trentino-alto-adige\\\/#primaryimage\",\"url\":\"https:\\\/\\\/www.ignas.com\\\/it\\\/blog\\\/wp-content\\\/uploads\\\/2022\\\/11\\\/trentino-alto-adige-cosa-vedere.jpg\",\"contentUrl\":\"https:\\\/\\\/www.ignas.com\\\/it\\\/blog\\\/wp-content\\\/uploads\\\/2022\\\/11\\\/trentino-alto-adige-cosa-vedere.jpg\",\"width\":750,\"height\":478,\"caption\":\"trentino alto Adige cosa vedere\"},{\"@type\":\"BreadcrumbList\",\"@id\":\"https:\\\/\\\/www.ignas.com\\\/it\\\/blog\\\/cose-da-vedere-a-sapere-sul-trentino-alto-adige\\\/#breadcrumb\",\"itemListElement\":[{\"@type\":\"ListItem\",\"position\":1,\"name\":\"Home\",\"item\":\"https:\\\/\\\/www.ignas.com\\\/it\\\/blog\\\/\"},{\"@type\":\"ListItem\",\"position\":2,\"name\":\"Trentino-Alto Adige, migliori cose da vedere (e da sapere)\"}]},{\"@type\":\"WebSite\",\"@id\":\"https:\\\/\\\/www.ignas.com\\\/it\\\/blog\\\/#website\",\"url\":\"https:\\\/\\\/www.ignas.com\\\/it\\\/blog\\\/\",\"name\":\"Ignas Tour\",\"description\":\"\",\"publisher\":{\"@id\":\"https:\\\/\\\/www.ignas.com\\\/it\\\/blog\\\/#organization\"},\"potentialAction\":[{\"@type\":\"SearchAction\",\"target\":{\"@type\":\"EntryPoint\",\"urlTemplate\":\"https:\\\/\\\/www.ignas.com\\\/it\\\/blog\\\/?s={search_term_string}\"},\"query-input\":{\"@type\":\"PropertyValueSpecification\",\"valueRequired\":true,\"valueName\":\"search_term_string\"}}],\"inLanguage\":\"it-IT\"},{\"@type\":\"Organization\",\"@id\":\"https:\\\/\\\/www.ignas.com\\\/it\\\/blog\\\/#organization\",\"name\":\"Ignas Tour\",\"url\":\"https:\\\/\\\/www.ignas.com\\\/it\\\/blog\\\/\",\"logo\":{\"@type\":\"ImageObject\",\"inLanguage\":\"it-IT\",\"@id\":\"https:\\\/\\\/www.ignas.com\\\/it\\\/blog\\\/#\\\/schema\\\/logo\\\/image\\\/\",\"url\":\"https:\\\/\\\/www.ignas.com\\\/it\\\/blog\\\/wp-content\\\/uploads\\\/2020\\\/01\\\/logo-ignas-com-200.png\",\"contentUrl\":\"https:\\\/\\\/www.ignas.com\\\/it\\\/blog\\\/wp-content\\\/uploads\\\/2020\\\/01\\\/logo-ignas-com-200.png\",\"width\":1147,\"height\":329,\"caption\":\"Ignas Tour\"},\"image\":{\"@id\":\"https:\\\/\\\/www.ignas.com\\\/it\\\/blog\\\/#\\\/schema\\\/logo\\\/image\\\/\"}},{\"@type\":\"Person\",\"@id\":\"https:\\\/\\\/www.ignas.com\\\/it\\\/blog\\\/#\\\/schema\\\/person\\\/cb41520c07db292cc5a20ce104e28a1d\",\"name\":\"Fabrizio\",\"image\":{\"@type\":\"ImageObject\",\"inLanguage\":\"it-IT\",\"@id\":\"https:\\\/\\\/secure.gravatar.com\\\/avatar\\\/e17f60c58ebe3feb555b9028681e30cfd921758bbdd1f8e9816f1d7d08c1bd9f?s=96&d=mm&r=g\",\"url\":\"https:\\\/\\\/secure.gravatar.com\\\/avatar\\\/e17f60c58ebe3feb555b9028681e30cfd921758bbdd1f8e9816f1d7d08c1bd9f?s=96&d=mm&r=g\",\"contentUrl\":\"https:\\\/\\\/secure.gravatar.com\\\/avatar\\\/e17f60c58ebe3feb555b9028681e30cfd921758bbdd1f8e9816f1d7d08c1bd9f?s=96&d=mm&r=g\",\"caption\":\"Fabrizio\"},\"description\":\"Seo Copywriter\"}]}<\/script>\n<!-- \/ Yoast SEO plugin. -->","yoast_head_json":{"title":"Trentino-Alto Adige, migliori cose da vedere (e da sapere) - Ignas Tour","description":"Trentino-Alto Adige la guida definitiva e aggiornata! Tutto quello che c'\u00e8 da vedere e sapere prima di viaggiare in Trentino!","robots":{"index":"index","follow":"follow","max-snippet":"max-snippet:-1","max-image-preview":"max-image-preview:large","max-video-preview":"max-video-preview:-1"},"canonical":"https:\/\/www.ignas.com\/it\/blog\/cose-da-vedere-a-sapere-sul-trentino-alto-adige\/","og_locale":"it_IT","og_type":"article","og_title":"Trentino-Alto Adige, migliori cose da vedere (e da sapere) - Ignas Tour","og_description":"Trentino-Alto Adige la guida definitiva e aggiornata! Tutto quello che c'\u00e8 da vedere e sapere prima di viaggiare in Trentino!","og_url":"https:\/\/www.ignas.com\/it\/blog\/cose-da-vedere-a-sapere-sul-trentino-alto-adige\/","og_site_name":"Ignas Tour","article_published_time":"2022-11-28T11:48:31+00:00","article_modified_time":"2025-02-06T10:49:34+00:00","og_image":[{"width":750,"height":478,"url":"https:\/\/www.ignas.com\/it\/blog\/wp-content\/uploads\/2022\/11\/trentino-alto-adige-cosa-vedere.jpg","type":"image\/jpeg"}],"author":"Fabrizio","twitter_card":"summary_large_image","twitter_misc":{"Scritto da":"Fabrizio","Tempo di lettura stimato":"32 minuti"},"schema":{"@context":"https:\/\/schema.org","@graph":[{"@type":"Article","@id":"https:\/\/www.ignas.com\/it\/blog\/cose-da-vedere-a-sapere-sul-trentino-alto-adige\/#article","isPartOf":{"@id":"https:\/\/www.ignas.com\/it\/blog\/cose-da-vedere-a-sapere-sul-trentino-alto-adige\/"},"author":{"name":"Fabrizio","@id":"https:\/\/www.ignas.com\/it\/blog\/#\/schema\/person\/cb41520c07db292cc5a20ce104e28a1d"},"headline":"Trentino-Alto Adige, migliori cose da vedere (e da sapere)","datePublished":"2022-11-28T11:48:31+00:00","dateModified":"2025-02-06T10:49:34+00:00","mainEntityOfPage":{"@id":"https:\/\/www.ignas.com\/it\/blog\/cose-da-vedere-a-sapere-sul-trentino-alto-adige\/"},"wordCount":5101,"publisher":{"@id":"https:\/\/www.ignas.com\/it\/blog\/#organization"},"image":{"@id":"https:\/\/www.ignas.com\/it\/blog\/cose-da-vedere-a-sapere-sul-trentino-alto-adige\/#primaryimage"},"thumbnailUrl":"https:\/\/www.ignas.com\/it\/blog\/wp-content\/uploads\/2022\/11\/trentino-alto-adige-cosa-vedere.jpg","articleSection":["Alta Quota"],"inLanguage":"it-IT"},{"@type":"WebPage","@id":"https:\/\/www.ignas.com\/it\/blog\/cose-da-vedere-a-sapere-sul-trentino-alto-adige\/","url":"https:\/\/www.ignas.com\/it\/blog\/cose-da-vedere-a-sapere-sul-trentino-alto-adige\/","name":"Trentino-Alto Adige, migliori cose da vedere (e da sapere) - Ignas Tour","isPartOf":{"@id":"https:\/\/www.ignas.com\/it\/blog\/#website"},"primaryImageOfPage":{"@id":"https:\/\/www.ignas.com\/it\/blog\/cose-da-vedere-a-sapere-sul-trentino-alto-adige\/#primaryimage"},"image":{"@id":"https:\/\/www.ignas.com\/it\/blog\/cose-da-vedere-a-sapere-sul-trentino-alto-adige\/#primaryimage"},"thumbnailUrl":"https:\/\/www.ignas.com\/it\/blog\/wp-content\/uploads\/2022\/11\/trentino-alto-adige-cosa-vedere.jpg","datePublished":"2022-11-28T11:48:31+00:00","dateModified":"2025-02-06T10:49:34+00:00","description":"Trentino-Alto Adige la guida definitiva e aggiornata! Tutto quello che c'\u00e8 da vedere e sapere prima di viaggiare in Trentino!","breadcrumb":{"@id":"https:\/\/www.ignas.com\/it\/blog\/cose-da-vedere-a-sapere-sul-trentino-alto-adige\/#breadcrumb"},"inLanguage":"it-IT","potentialAction":[{"@type":"ReadAction","target":["https:\/\/www.ignas.com\/it\/blog\/cose-da-vedere-a-sapere-sul-trentino-alto-adige\/"]}]},{"@type":"ImageObject","inLanguage":"it-IT","@id":"https:\/\/www.ignas.com\/it\/blog\/cose-da-vedere-a-sapere-sul-trentino-alto-adige\/#primaryimage","url":"https:\/\/www.ignas.com\/it\/blog\/wp-content\/uploads\/2022\/11\/trentino-alto-adige-cosa-vedere.jpg","contentUrl":"https:\/\/www.ignas.com\/it\/blog\/wp-content\/uploads\/2022\/11\/trentino-alto-adige-cosa-vedere.jpg","width":750,"height":478,"caption":"trentino alto Adige cosa vedere"},{"@type":"BreadcrumbList","@id":"https:\/\/www.ignas.com\/it\/blog\/cose-da-vedere-a-sapere-sul-trentino-alto-adige\/#breadcrumb","itemListElement":[{"@type":"ListItem","position":1,"name":"Home","item":"https:\/\/www.ignas.com\/it\/blog\/"},{"@type":"ListItem","position":2,"name":"Trentino-Alto Adige, migliori cose da vedere (e da sapere)"}]},{"@type":"WebSite","@id":"https:\/\/www.ignas.com\/it\/blog\/#website","url":"https:\/\/www.ignas.com\/it\/blog\/","name":"Ignas Tour","description":"","publisher":{"@id":"https:\/\/www.ignas.com\/it\/blog\/#organization"},"potentialAction":[{"@type":"SearchAction","target":{"@type":"EntryPoint","urlTemplate":"https:\/\/www.ignas.com\/it\/blog\/?s={search_term_string}"},"query-input":{"@type":"PropertyValueSpecification","valueRequired":true,"valueName":"search_term_string"}}],"inLanguage":"it-IT"},{"@type":"Organization","@id":"https:\/\/www.ignas.com\/it\/blog\/#organization","name":"Ignas Tour","url":"https:\/\/www.ignas.com\/it\/blog\/","logo":{"@type":"ImageObject","inLanguage":"it-IT","@id":"https:\/\/www.ignas.com\/it\/blog\/#\/schema\/logo\/image\/","url":"https:\/\/www.ignas.com\/it\/blog\/wp-content\/uploads\/2020\/01\/logo-ignas-com-200.png","contentUrl":"https:\/\/www.ignas.com\/it\/blog\/wp-content\/uploads\/2020\/01\/logo-ignas-com-200.png","width":1147,"height":329,"caption":"Ignas Tour"},"image":{"@id":"https:\/\/www.ignas.com\/it\/blog\/#\/schema\/logo\/image\/"}},{"@type":"Person","@id":"https:\/\/www.ignas.com\/it\/blog\/#\/schema\/person\/cb41520c07db292cc5a20ce104e28a1d","name":"Fabrizio","image":{"@type":"ImageObject","inLanguage":"it-IT","@id":"https:\/\/secure.gravatar.com\/avatar\/e17f60c58ebe3feb555b9028681e30cfd921758bbdd1f8e9816f1d7d08c1bd9f?s=96&d=mm&r=g","url":"https:\/\/secure.gravatar.com\/avatar\/e17f60c58ebe3feb555b9028681e30cfd921758bbdd1f8e9816f1d7d08c1bd9f?s=96&d=mm&r=g","contentUrl":"https:\/\/secure.gravatar.com\/avatar\/e17f60c58ebe3feb555b9028681e30cfd921758bbdd1f8e9816f1d7d08c1bd9f?s=96&d=mm&r=g","caption":"Fabrizio"},"description":"Seo Copywriter"}]}},"modified_by":"Denise Basano","_links":{"self":[{"href":"https:\/\/www.ignas.com\/it\/blog\/wp-json\/wp\/v2\/posts\/25659","targetHints":{"allow":["GET"]}}],"collection":[{"href":"https:\/\/www.ignas.com\/it\/blog\/wp-json\/wp\/v2\/posts"}],"about":[{"href":"https:\/\/www.ignas.com\/it\/blog\/wp-json\/wp\/v2\/types\/post"}],"author":[{"embeddable":true,"href":"https:\/\/www.ignas.com\/it\/blog\/wp-json\/wp\/v2\/users\/2"}],"replies":[{"embeddable":true,"href":"https:\/\/www.ignas.com\/it\/blog\/wp-json\/wp\/v2\/comments?post=25659"}],"version-history":[{"count":12,"href":"https:\/\/www.ignas.com\/it\/blog\/wp-json\/wp\/v2\/posts\/25659\/revisions"}],"predecessor-version":[{"id":28467,"href":"https:\/\/www.ignas.com\/it\/blog\/wp-json\/wp\/v2\/posts\/25659\/revisions\/28467"}],"wp:featuredmedia":[{"embeddable":true,"href":"https:\/\/www.ignas.com\/it\/blog\/wp-json\/wp\/v2\/media\/26896"}],"wp:attachment":[{"href":"https:\/\/www.ignas.com\/it\/blog\/wp-json\/wp\/v2\/media?parent=25659"}],"wp:term":[{"taxonomy":"category","embeddable":true,"href":"https:\/\/www.ignas.com\/it\/blog\/wp-json\/wp\/v2\/categories?post=25659"},{"taxonomy":"post_tag","embeddable":true,"href":"https:\/\/www.ignas.com\/it\/blog\/wp-json\/wp\/v2\/tags?post=25659"}],"curies":[{"name":"wp","href":"https:\/\/api.w.org\/{rel}","templated":true}]}}