{"id":25461,"date":"2022-08-18T12:22:15","date_gmt":"2022-08-18T10:22:15","guid":{"rendered":"https:\/\/www.ignas.com\/it\/blog\/?p=25461"},"modified":"2025-03-10T16:54:26","modified_gmt":"2025-03-10T15:54:26","slug":"montagna-con-bambini","status":"publish","type":"post","link":"https:\/\/www.ignas.com\/it\/blog\/montagna-con-bambini\/","title":{"rendered":"Montagna con i bambini: coinvolgerli in sentieri e trekking"},"content":{"rendered":"<p>Per chi ama la montagna, con le sue passeggiate, i dislivelli, e i sentieri nel bosco, diventa complesso organizzare le vacanze in montagna con bambini: come convincerli a fare i percorsi trekking? In realt\u00e0 una cosa \u00e8 ambire ad una arrampicata con bambini, un altra \u00e8 cercare sulle dolomiti sentieri facili per bambini. Queste due richieste diverse devono tener conto di una serie di cose che adesso analizzeremo per capire cosa poter realisticamente fare per preparare un percorso adatto ai bambini.<\/p>\n<h2><span class=\"ez-toc-section\" id=\"Quali_montagne_per_bambini_Spostare_il_punto_di_vista\"><\/span>Quali montagne per bambini? Spostare il punto di vista!<span class=\"ez-toc-section-end\"><\/span><\/h2><div id=\"ez-toc-container\" class=\"ez-toc-v2_0_82_2 counter-hierarchy ez-toc-counter ez-toc-white ez-toc-container-direction\">\n<div class=\"ez-toc-title-container\">\n<p class=\"ez-toc-title\" style=\"cursor:inherit\"><\/p>\n<span class=\"ez-toc-title-toggle\"><a href=\"#\" class=\"ez-toc-pull-right ez-toc-btn ez-toc-btn-xs ez-toc-btn-default ez-toc-toggle\" aria-label=\"Toggle Table of Content\"><span class=\"ez-toc-js-icon-con\"><span class=\"\"><span class=\"eztoc-hide\" style=\"display:none;\">Toggle<\/span><span class=\"ez-toc-icon-toggle-span\"><svg style=\"fill: #999;color:#999\" xmlns=\"http:\/\/www.w3.org\/2000\/svg\" class=\"list-377408\" width=\"20px\" height=\"20px\" viewBox=\"0 0 24 24\" fill=\"none\"><path d=\"M6 6H4v2h2V6zm14 0H8v2h12V6zM4 11h2v2H4v-2zm16 0H8v2h12v-2zM4 16h2v2H4v-2zm16 0H8v2h12v-2z\" fill=\"currentColor\"><\/path><\/svg><svg style=\"fill: #999;color:#999\" class=\"arrow-unsorted-368013\" xmlns=\"http:\/\/www.w3.org\/2000\/svg\" width=\"10px\" height=\"10px\" viewBox=\"0 0 24 24\" version=\"1.2\" baseProfile=\"tiny\"><path d=\"M18.2 9.3l-6.2-6.3-6.2 6.3c-.2.2-.3.4-.3.7s.1.5.3.7c.2.2.4.3.7.3h11c.3 0 .5-.1.7-.3.2-.2.3-.5.3-.7s-.1-.5-.3-.7zM5.8 14.7l6.2 6.3 6.2-6.3c.2-.2.3-.5.3-.7s-.1-.5-.3-.7c-.2-.2-.4-.3-.7-.3h-11c-.3 0-.5.1-.7.3-.2.2-.3.5-.3.7s.1.5.3.7z\"\/><\/svg><\/span><\/span><\/span><\/a><\/span><\/div>\n<nav><ul class='ez-toc-list ez-toc-list-level-1 eztoc-toggle-hide-by-default' ><li class='ez-toc-page-1 ez-toc-heading-level-2'><a class=\"ez-toc-link ez-toc-heading-1\" href=\"https:\/\/www.ignas.com\/it\/blog\/montagna-con-bambini\/#Quali_montagne_per_bambini_Spostare_il_punto_di_vista\" >Quali montagne per bambini? Spostare il punto di vista!<\/a><\/li><li class='ez-toc-page-1 ez-toc-heading-level-2'><a class=\"ez-toc-link ez-toc-heading-2\" href=\"https:\/\/www.ignas.com\/it\/blog\/montagna-con-bambini\/#Come_organizzare_le_vacanze_in_montagna_con_bambini\" >Come organizzare le vacanze in montagna con bambini<\/a><\/li><li class='ez-toc-page-1 ez-toc-heading-level-2'><a class=\"ez-toc-link ez-toc-heading-3\" href=\"https:\/\/www.ignas.com\/it\/blog\/montagna-con-bambini\/#Periodo_Montagna_in_Estate_con_bambini_per_iniziare\" >Periodo: Montagna in Estate con bambini per iniziare!<\/a><\/li><li class='ez-toc-page-1 ez-toc-heading-level-2'><a class=\"ez-toc-link ez-toc-heading-4\" href=\"https:\/\/www.ignas.com\/it\/blog\/montagna-con-bambini\/#Montagna_bambini_Considerare_leta\" >Montagna bambini? Considerare l&#8217;et\u00e0!<\/a><\/li><li class='ez-toc-page-1 ez-toc-heading-level-2'><a class=\"ez-toc-link ez-toc-heading-5\" href=\"https:\/\/www.ignas.com\/it\/blog\/montagna-con-bambini\/#Le_scelte_giuste_per_una_family_trekking\" >Le scelte giuste per una family trekking!<\/a><\/li><li class='ez-toc-page-1 ez-toc-heading-level-2'><a class=\"ez-toc-link ez-toc-heading-6\" href=\"https:\/\/www.ignas.com\/it\/blog\/montagna-con-bambini\/#Arrampicata_con_bambini\" >Arrampicata con bambini<\/a><\/li><li class='ez-toc-page-1 ez-toc-heading-level-2'><a class=\"ez-toc-link ez-toc-heading-7\" href=\"https:\/\/www.ignas.com\/it\/blog\/montagna-con-bambini\/#Trekking_con_bambini\" >Trekking con bambini<\/a><\/li><li class='ez-toc-page-1 ez-toc-heading-level-2'><a class=\"ez-toc-link ez-toc-heading-8\" href=\"https:\/\/www.ignas.com\/it\/blog\/montagna-con-bambini\/#Dove_andare\" >Dove andare?<\/a><ul class='ez-toc-list-level-3' ><li class='ez-toc-heading-level-3'><a class=\"ez-toc-link ez-toc-heading-9\" href=\"https:\/\/www.ignas.com\/it\/blog\/montagna-con-bambini\/#Vacanze_in_trentino_con_bambini\" >Vacanze in trentino con bambini<\/a><\/li><li class='ez-toc-page-1 ez-toc-heading-level-3'><a class=\"ez-toc-link ez-toc-heading-10\" href=\"https:\/\/www.ignas.com\/it\/blog\/montagna-con-bambini\/#Val_Sarentino\" >Val Sarentino<\/a><\/li><li class='ez-toc-page-1 ez-toc-heading-level-3'><a class=\"ez-toc-link ez-toc-heading-11\" href=\"https:\/\/www.ignas.com\/it\/blog\/montagna-con-bambini\/#Cortina\" >Cortina<\/a><\/li><li class='ez-toc-page-1 ez-toc-heading-level-3'><a class=\"ez-toc-link ez-toc-heading-12\" href=\"https:\/\/www.ignas.com\/it\/blog\/montagna-con-bambini\/#Val_Pusteria\" >Val Pusteria<\/a><\/li><li class='ez-toc-page-1 ez-toc-heading-level-3'><a class=\"ez-toc-link ez-toc-heading-13\" href=\"https:\/\/www.ignas.com\/it\/blog\/montagna-con-bambini\/#Val_Badia\" >Val Badia<\/a><\/li><li class='ez-toc-page-1 ez-toc-heading-level-3'><a class=\"ez-toc-link ez-toc-heading-14\" href=\"https:\/\/www.ignas.com\/it\/blog\/montagna-con-bambini\/#Anche_Livigno_e_una_grande_scelta\" >Anche Livigno \u00e8 una grande scelta!<\/a><\/li><li class='ez-toc-page-1 ez-toc-heading-level-3'><a class=\"ez-toc-link ez-toc-heading-15\" href=\"https:\/\/www.ignas.com\/it\/blog\/montagna-con-bambini\/#Hotel_per_bambini_in_montagna_Non_tutti_lo_sono\" >Hotel per bambini in montagna? Non tutti lo sono!<\/a><\/li><\/ul><\/li><li class='ez-toc-page-1 ez-toc-heading-level-2'><a class=\"ez-toc-link ez-toc-heading-16\" href=\"https:\/\/www.ignas.com\/it\/blog\/montagna-con-bambini\/#Neve_e_bambini_divertimento_e_sicurezza\" >Neve e bambini: divertimento e sicurezza<\/a><\/li><\/ul><\/nav><\/div>\n\n<p>Prima di parlare nel concreto di cosa portare con s\u00e9 iniziamo con la cosa che non deve mancare: pazienza e abbassare le aspettative. Molto spesso la montagna \u00e8 una passione che si passa dai genitori ai figli. Per questo motivo mamma e pap\u00e0 partono con un loro bagaglio di aspettative rispetto a km da percorrere, dislivelli da scalare, e ferrate da conquistare. Ma nella realt\u00e0 bisogna poi fare i conti con i bambini che a chilometri da macinare o salite da fare, preferiscono altre cose. E allora come fare? Innanzitutto la scelta della montagna deve essere a loro misura. E su questo dipende anche la loro et\u00e0. Ma oltre a questo ci sono molte varianti da considerare.<\/p>\n<p><span style=\"color: #ffffff;\"><strong><a class=\"button btnBlogCTA\" style=\"color: #ffffff;\" href=\"https:\/\/www.ignas.com\/it\/offerte-montagna\" target=\"_blank\" rel=\"noopener noreferrer\">Scopri le offerte montagna<\/a><\/strong><\/span><\/p>\n<h2><span class=\"ez-toc-section\" id=\"Come_organizzare_le_vacanze_in_montagna_con_bambini\"><\/span>Come organizzare le vacanze in montagna con bambini<span class=\"ez-toc-section-end\"><\/span><\/h2>\n<p><img loading=\"lazy\" decoding=\"async\" class=\"alignnone wp-image-25467\" src=\"https:\/\/www.ignas.com\/it\/blog\/wp-content\/uploads\/2022\/08\/vacanza-montagna-bambini.jpg\" alt=\"bambini in montagna\" width=\"701\" height=\"477\" srcset=\"https:\/\/www.ignas.com\/it\/blog\/wp-content\/uploads\/2022\/08\/vacanza-montagna-bambini.jpg 750w, https:\/\/www.ignas.com\/it\/blog\/wp-content\/uploads\/2022\/08\/vacanza-montagna-bambini-300x204.jpg 300w\" sizes=\"auto, (max-width: 701px) 100vw, 701px\" \/><\/p>\n<p>La prima cosa da fare \u00e8 senza dubbio\u00a0<strong>coinvolgerli<\/strong>\u00a0molto tempo prima della vacanza in montagna. Per cui facendoli interessare alla meta, alle immagini in anteprima di quello che vedranno, a racconti coinvolgenti di passeggiate passate.<\/p>\n<p>Altra cosa importante \u00e8 quella di\u00a0<strong>impegnarli nelle piccole<\/strong>\u00a0<strong>cose da organizzare<\/strong>. Per esempio una buona idea \u00e8 quella di compilare insieme una lista di cose da portare con s\u00e9, (riguardo a cosa portare ne parliamo a parte pi\u00f9 avanti) e poi man mano che le cose si mettono in valigia farle depennare dalla lista. In questo modo non solo si riuscir\u00e0 a fare una cosa utile, ma una volta partiti anche i bambini sapranno dove trovare le cose. In particolare questo pu\u00f2 valere per la preparazione del loro zaino da montagna.<\/p>\n<p>In ultimo, ma non per importanza, chiedere loro cosa vorrebbero fare arrivati li, sentire<strong>\u00a0i loro desideri<\/strong>, pu\u00f2 aiutare a incanalare quelle cose verso le magie che la montagna porta con s\u00e9. Su questo punto sar\u00e0 molto importante utilizzare i percorsi tematici o sentieri con piccole attrazioni che renderanno pi\u00f9 facile le passeggiate.<\/p>\n<h2><span class=\"ez-toc-section\" id=\"Periodo_Montagna_in_Estate_con_bambini_per_iniziare\"><\/span>Periodo: Montagna in Estate con bambini per iniziare!<span class=\"ez-toc-section-end\"><\/span><\/h2>\n<p>La montagna \u00e8 sempre bellissima! E chi la ama lo sa bene! Ma la domanda che bisogna porsi \u00e8: quando \u00e8 preferibile andare in montagna con i bambini? Per essere precisi e rispondere a questa domanda bisogna sottolineare che con i bambini si pu\u00f2 andare in tutte le stagioni, ma per iniziare a fare conoscere loro la montagna bisogna scegliere la stagione che pi\u00f9 di tutte rende la montagna accessibile: l&#8217;estate! Nella bella stagione infatti i sentieri liberi dalla neve, sono pi\u00f9 semplici da percorrere. Inoltre con il caldo, l&#8217;abbigliamento leggero diventa amico nei piccoli gesti sportivi del camminare. E poi c&#8217;\u00e8 il grande vantaggio di poter avvistare pi\u00f9 facilmente la fauna libera nei boschi. Dopo averli introdotti alla versione estiva, sar\u00e0 per loro una magia autentica vedere la montagna innevata.<\/p>\n<h2><span class=\"ez-toc-section\" id=\"Montagna_bambini_Considerare_leta\"><\/span>Montagna bambini? Considerare l&#8217;et\u00e0!<span class=\"ez-toc-section-end\"><\/span><\/h2>\n<p><img loading=\"lazy\" decoding=\"async\" class=\"alignnone size-full wp-image-25468\" src=\"https:\/\/www.ignas.com\/it\/blog\/wp-content\/uploads\/2022\/08\/montagna-estate-con-bambini.jpg\" alt=\"estate in montagna con bambino\" width=\"750\" height=\"510\" srcset=\"https:\/\/www.ignas.com\/it\/blog\/wp-content\/uploads\/2022\/08\/montagna-estate-con-bambini.jpg 750w, https:\/\/www.ignas.com\/it\/blog\/wp-content\/uploads\/2022\/08\/montagna-estate-con-bambini-300x204.jpg 300w\" sizes=\"auto, (max-width: 750px) 100vw, 750px\" \/><\/p>\n<p>Montagna con bambini piccoli e ragazzi pi\u00f9 grandi, cosa cambia? Facciamo una divisione per et\u00e0 per chiarire meglio!<\/p>\n<p>Partiremo direttamente dai 2 anni, perch\u00e9 nella fascia 0 &#8211; 2 anni l&#8217;autonomia di movimento e di scelta \u00e8 troppo ridotta, per cui in quel caso armatevi di un buon zaino o marsupio porta bimbo e via verso il percorso.<\/p>\n<p><strong>Vacanze montagna bambini 2 &#8211; 4 anni:<\/strong>\u00a0Iniziamo dalla fascia sulla quale si fa pi\u00f9 fatica. Le difficolt\u00e0 da superare sono principalmente 2: farsi capire e capire i loro bisogni. Per riuscire bene bisogna intercettare ci\u00f2 che li affascina e farli trovare all&#8217;interno della dimensione montagna. Un bambino di 2 anni non vorr\u00e0 mai camminare 2 km perch\u00e9 ama il trekking. E allora? Bisogna fare in modo che in quei 2 km ci siano delle motivazioni o lungo il percorso ( raccogliere pietre dello stesso colore per esempio) oppure alla fine del percorso (una malga con tante cose buone, o il migliore di tutti: un parco giochi!) Intercettate i loro desideri e fate in modo che nel sentiero li possano trovare.<\/p>\n<p><strong>Montagna per bambini 5 &#8211; 9 anni:\u00a0<\/strong>Qui le cose cambiano! Soprattutto se si \u00e8 fatto un buon lavoro nella fascia precedente, da 4 anni in su i piccoli hanno gi\u00e0 dei loro gusti su tante cose, qualcosa ereditata da noi , e altre frutto della loro indole. Avendoli abituati a camminare e ad amare il trekking, non sar\u00e0 affatto difficile coinvolgerli nei km di percorsi, e a questo punto si potr\u00e0 alzare il tiro, puntando su sentieri anche oltre i 5 km. In verit\u00e0, per i pi\u00f9 promettenti montanari, anche 10 km potranno essere fatti. Un ottima motivazione pu\u00f2 essere data intraprendendo il percorso con qualche amichetto\/a con cui condividere l&#8217;avventura nel bosco. Poi se dentro il sentiero ci sono dei punti informativi dedicati ai bimbi dove si parla degli animali che vivono in quel tratto della montagna, allora ogni tappa sar\u00e0 un vero piacere.<\/p>\n<p><strong>Vacanza montagna bambini 9 &#8211; 13 anni:\u00a0<\/strong>Qui la domanda \u00e8: riusciranno i genitori a stare dietro ai propri &#8220;bimbi&#8221; che oramai sono ragazzi in grado di fare cose anche pi\u00f9 complesse di un semplice sentiero? Infatti se prima bisognava rendere le cose pi\u00f9 semplici per interessarli, adesso il meccanismo \u00e8 un po&#8217; inverso. Se il sentiero non ha almeno un dislivello interessante perch\u00e9 farlo? Meglio ancora se vi sono delle parti con ferrate esposte. Il gusto di poter superare di volta in volta i loro limiti, li porter\u00e0 ad essere aperti e curiosi verso nuove sfide.<\/p>\n<p>Chiaramente questa distinzione vale per bambini che di volta in volta hanno avuto a che fare con la montagna, i cui genitori hanno avuto la giusta costanza e pazienza di rispettarne i tempi. Senza vivere le varie fasi come un sacrificio, ma semmai godendosi ogni singola tappa. Per farlo per\u00f2 bisogna essere equipaggiati nel modo giusto, vediamo come allora.<\/p>\n<h2><span class=\"ez-toc-section\" id=\"Le_scelte_giuste_per_una_family_trekking\"><\/span>Le scelte giuste per una family trekking!<span class=\"ez-toc-section-end\"><\/span><\/h2>\n<p><img loading=\"lazy\" decoding=\"async\" class=\"alignnone size-full wp-image-25469\" src=\"https:\/\/www.ignas.com\/it\/blog\/wp-content\/uploads\/2022\/08\/trekking-con-bambini.jpg\" alt=\"famiglia fa trekking in Montagna\" width=\"750\" height=\"510\" srcset=\"https:\/\/www.ignas.com\/it\/blog\/wp-content\/uploads\/2022\/08\/trekking-con-bambini.jpg 750w, https:\/\/www.ignas.com\/it\/blog\/wp-content\/uploads\/2022\/08\/trekking-con-bambini-300x204.jpg 300w\" sizes=\"auto, (max-width: 750px) 100vw, 750px\" \/><\/p>\n<p>Anche il bambino pi\u00f9 motivato, se non bene equipaggiato pu\u00f2 trovare enormi difficolt\u00e0 durante la passeggiata, al punto da essere scoraggiato e fermarsi. E d&#8217;altra parte, anche per i genitori, avere con s\u00e9 delle attrezzature specifiche pu\u00f2 essere un enorme asso nella manica. Facendo qualche esempio concreto, molto spesso si pu\u00f2 sottovalutare il fattore scarpe da montagna bambini. Negli adulti \u00e8 importante, ma nei bambini che iniziano a fare trekking \u00e8 la prima cosa da prendere con piena consapevolezza. Deve essere un prodotto in grado di dare stabilit\u00e0 e comodit\u00e0 al bimbo, che altrimenti si ritroverebbe troppo spesso a terra e scomodo. Un mix che lo porterebbe a volere essere preso in braccio subito.<\/p>\n<p>Al contempo bisogna sapere che per quanti sforzi si possa aver fatto, pu\u00f2 arrivare quel momento in cui il bimbo non vuole proprio pi\u00f9 camminare. E per evitare che dall&#8217; essere motivatori si diventi torturatori, \u00e8 meglio portare con s\u00e9 un piano B. Di cosa parliamo? Di un marsupio o zaino trekking porta bambini, che tirato fuori al momento giusto, possa aiutare a traghettare tutti verso un momento pi\u00f9 semplice e gestibile.<\/p>\n<h2><span class=\"ez-toc-section\" id=\"Arrampicata_con_bambini\"><\/span>Arrampicata con bambini<span class=\"ez-toc-section-end\"><\/span><\/h2>\n<p><img loading=\"lazy\" decoding=\"async\" class=\"alignnone size-full wp-image-25470\" src=\"https:\/\/www.ignas.com\/it\/blog\/wp-content\/uploads\/2022\/08\/arrampicata-con-bambini.jpg\" alt=\"bambino durante arrampicata\" width=\"750\" height=\"510\" srcset=\"https:\/\/www.ignas.com\/it\/blog\/wp-content\/uploads\/2022\/08\/arrampicata-con-bambini.jpg 750w, https:\/\/www.ignas.com\/it\/blog\/wp-content\/uploads\/2022\/08\/arrampicata-con-bambini-300x204.jpg 300w\" sizes=\"auto, (max-width: 750px) 100vw, 750px\" \/><\/p>\n<p>I corsi per arrampicata iniziano gi\u00e0 nella fascia 4 &#8211; 9 anni. Chiaramente bisogna sempre tenere bene a mente la prima regola: sicurezza. Per cui se si vuole fare una cosa non per esaudire un proprio desiderio, ma per far conoscere una cosa bella al proprio bimbo, si potrebbe iniziare con il portarli in uno dei bellissimi Park Adventure, dove si possono simulare percorsi con corde e ferrate in totale sicurezza, e supportarti dal personale di altissima professionalit\u00e0. Dopo un promo approccio del genere, sar\u00e0 una delizia per i bimbi rivedere quegli stessi scenari provati al Parco, incastonati sulla montagna. A quel punto per loro provare sar\u00e0 un piacere. E per i genitori con il tempo diventer\u00e0 sempre pi\u00f9 sfidante. Per cui occhio a scegliere le arrampicate giuste!<\/p>\n<h2><span class=\"ez-toc-section\" id=\"Trekking_con_bambini\"><\/span>Trekking con bambini<span class=\"ez-toc-section-end\"><\/span><\/h2>\n<p>Che tipo di escursioni fare con bambini? Qui le strade si aprono a mille opzioni. Ci sono i sentieri fatti proprio a misura loro: chilometraggio limitato, dislivello contenuto, aree sosta numerose e dulcis in fundo cartelli informativi dove trovare simpatiche figure (a volte intagliate nel legno) che spiegano la storia del luogo e i loro abitanti. Per chi invece avesse voglia di una semplice passeggiata con bambini in montagna, allora si possono scegliere percorsi semplici dove alla fine premiarsi tutti con un favoloso pic-nic!<\/p>\n<h2><span class=\"ez-toc-section\" id=\"Dove_andare\"><\/span>Dove andare?<span class=\"ez-toc-section-end\"><\/span><\/h2>\n<p>Dove andare in montagna con i bambini? La scelta del luogo \u00e8 importante, in vista di tante cose che bisogna tener conto: conoscenza del luogo, facilit\u00e0 nel raggiungerlo, livello di family Hotel nella zona, e anche quella magia che deve avere per affascinare i pi\u00f9 piccoli. Per cui vagliamo le migliori mete che hanno quel qualcosa in pi\u00f9 per i bambini.<\/p>\n<h3><span class=\"ez-toc-section\" id=\"Vacanze_in_trentino_con_bambini\"><\/span>Vacanze in trentino con bambini<span class=\"ez-toc-section-end\"><\/span><\/h3>\n<p><img loading=\"lazy\" decoding=\"async\" class=\"alignnone size-full wp-image-25471\" src=\"https:\/\/www.ignas.com\/it\/blog\/wp-content\/uploads\/2022\/08\/vacanze-in-trentino-con-bambini.jpg\" alt=\"bambini in salita sulle dolomiti\" width=\"750\" height=\"510\" srcset=\"https:\/\/www.ignas.com\/it\/blog\/wp-content\/uploads\/2022\/08\/vacanze-in-trentino-con-bambini.jpg 750w, https:\/\/www.ignas.com\/it\/blog\/wp-content\/uploads\/2022\/08\/vacanze-in-trentino-con-bambini-300x204.jpg 300w\" sizes=\"auto, (max-width: 750px) 100vw, 750px\" \/><\/p>\n<p>La domanda \u00e8 le dolomiti per bambini possono andare bene? La risposta \u00e8 si! Ma hanno delle zone che sono pi\u00f9 adatte agli adulti e altre che sono fatte a misura dei bimbi. Per questo motivo entriamo nel concreto di alcune delle zone pi\u00f9 belle e <strong>childs friendly<\/strong> svelandone alcune dritte che possono tornare utili.<\/p>\n<h3><span class=\"ez-toc-section\" id=\"Val_Sarentino\"><\/span>Val Sarentino<span class=\"ez-toc-section-end\"><\/span><\/h3>\n<p>Questa Valle \u00e8 la prima candidata per la categoria &#8220;le dolomiti spiegate ai bambini&#8221;. In che senso? Ha una serie di percorsi dedicati a loro per fasce d&#8217;et\u00e0 e per tematiche. Dagli animali agli elementi naturali, alle piante e alle leggende. Impossibile non rimanere affascinata dall&#8217;offerta culturale e sportiva che questa piccola deliziosa Valle mette a disposizione dei visitatori. La<strong><span style=\"color: #ff6600;\"> <a style=\"color: #ff6600;\" href=\"https:\/\/www.ignas.com\/it\/blog\/val-sarentino\/\" target=\"_blank\" rel=\"noopener\">Val Sarentino<\/a><\/span><\/strong> \u00e8 al nostro primo posto di questa classifica!<\/p>\n<h3><span class=\"ez-toc-section\" id=\"Cortina\"><\/span>Cortina<span class=\"ez-toc-section-end\"><\/span><\/h3>\n<p><img loading=\"lazy\" decoding=\"async\" class=\"alignnone size-full wp-image-24423\" src=\"https:\/\/www.ignas.com\/it\/blog\/wp-content\/uploads\/2021\/10\/osservatorio-astronomico-cortina.jpg\" alt=\"osservatoria a Cortina\" width=\"728\" height=\"404\" srcset=\"https:\/\/www.ignas.com\/it\/blog\/wp-content\/uploads\/2021\/10\/osservatorio-astronomico-cortina.jpg 728w, https:\/\/www.ignas.com\/it\/blog\/wp-content\/uploads\/2021\/10\/osservatorio-astronomico-cortina-300x166.jpg 300w\" sizes=\"auto, (max-width: 728px) 100vw, 728px\" \/><\/p>\n<p>A<strong><span style=\"color: #ff6600;\"><a style=\"color: #ff6600;\" href=\"https:\/\/www.ignas.com\/it\/blog\/cose-da-vedere-cortina\/\" target=\"_blank\" rel=\"noopener\"> Cortina<\/a><\/span><\/strong> solo a scuola di sci? Non proprio! Fra le possibili cose da vedere a forte attrattiva bimbi c&#8217;\u00e8 sicuramente l&#8217;Osservatorio Astronomico. Un luogo che gi\u00e0 solo raggiungerlo sar\u00e0 una bellezza per gli occhi visto il piacevole itinerario. Una volta arrivata immergersi fra le stelle e i pianeti sar\u00e0 una magia. Per grandi e piccini!<\/p>\n<h3><span class=\"ez-toc-section\" id=\"Val_Pusteria\"><\/span>Val Pusteria<span class=\"ez-toc-section-end\"><\/span><\/h3>\n<p><img loading=\"lazy\" decoding=\"async\" class=\"alignnone size-full wp-image-24072\" src=\"https:\/\/www.ignas.com\/it\/blog\/wp-content\/uploads\/2021\/09\/kurpark1.jpg\" alt=\"kurkpark, il Parco per tutti\" width=\"650\" height=\"520\" srcset=\"https:\/\/www.ignas.com\/it\/blog\/wp-content\/uploads\/2021\/09\/kurpark1.jpg 650w, https:\/\/www.ignas.com\/it\/blog\/wp-content\/uploads\/2021\/09\/kurpark1-300x240.jpg 300w\" sizes=\"auto, (max-width: 650px) 100vw, 650px\" \/><\/p>\n<p>Valle iconica per via delle notissime 3 cime di Lavaredo, la <strong><span style=\"color: #ff6600;\"><a style=\"color: #ff6600;\" href=\"https:\/\/www.ignas.com\/it\/blog\/val-pusteria-cosa-vedere-top-5\/\" target=\"_blank\" rel=\"noopener\">Val Pusteria ha tanti posti da vedere<\/a><\/span><\/strong><\/p>\n<p>Ma anche in questo caso la domanda \u00e8: dove poter andare con i bambini per godersi queste montagne? Una delle opzioni \u00e8 certamente il Kurpark. Un luogo immerso nel verde (5.000 mq) con laghetto, percorsi botanici, aree gioco con tematiche sorprendenti, e ruscelli nei quali giocare. Per i genitori amache e sdraio sotto all&#8217;ombra degli alberi saranno grandi alleati.<\/p>\n<h3><span class=\"ez-toc-section\" id=\"Val_Badia\"><\/span>Val Badia<span class=\"ez-toc-section-end\"><\/span><\/h3>\n<p>Nel cuore di questa valle c&#8217;\u00e8 un sentiero che far\u00e0 vivere la montagna con bambini in una dimensione fiabesca. Si tratta di un percorso di 1 ora circa, percorribile anche in passeggino, che passa da diversi Mulini ad acqua in funzione a tutti gli effetti. Arrivare in questo gioiello della <strong><span style=\"color: #ff6600;\"><a style=\"color: #ff6600;\" href=\"https:\/\/www.ignas.com\/it\/blog\/val-badia\/\" target=\"_blank\" rel=\"noopener\">Val Badia<\/a><\/span><\/strong> sar\u00e0 come un viaggio nel tempo, quando queste strutture erano parte integrante del cuore produttivo del luogo.<\/p>\n<h3><span class=\"ez-toc-section\" id=\"Anche_Livigno_e_una_grande_scelta\"><\/span>Anche Livigno \u00e8 una grande scelta!<span class=\"ez-toc-section-end\"><\/span><\/h3>\n<p>Felderia: un percorso che entra nel cuore della Valtellina, a due passi da <strong><span style=\"color: #ff6600;\"><a style=\"color: #ff6600;\" href=\"https:\/\/www.ignas.com\/it\/blog\/cosa-vedere-a-livigno\/\" target=\"_blank\" rel=\"noopener\">Livigno<\/a><\/span><\/strong>. La durata \u00e8 di circa 5 ore andata e ritorno. Dislivello facile da affrontare (350 m appena) passando da stazioni gioco per grandi e piccini. Il bosco \u00e8 da cartolina e passeggiarvi all&#8217;ombra degli alberi \u00e8 un&#8217;esperienza piacevole anche per bambini dai 4 anni in su.<\/p>\n<h3><span class=\"ez-toc-section\" id=\"Hotel_per_bambini_in_montagna_Non_tutti_lo_sono\"><\/span>Hotel per bambini in montagna? Non tutti lo sono!<span class=\"ez-toc-section-end\"><\/span><\/h3>\n<p><img loading=\"lazy\" decoding=\"async\" class=\"alignnone size-full wp-image-25472\" src=\"https:\/\/www.ignas.com\/it\/blog\/wp-content\/uploads\/2022\/08\/family-hotel-bambini.jpeg\" alt=\"family Hotel con bimba\" width=\"750\" height=\"450\" srcset=\"https:\/\/www.ignas.com\/it\/blog\/wp-content\/uploads\/2022\/08\/family-hotel-bambini.jpeg 750w, https:\/\/www.ignas.com\/it\/blog\/wp-content\/uploads\/2022\/08\/family-hotel-bambini-300x180.jpeg 300w\" sizes=\"auto, (max-width: 750px) 100vw, 750px\" \/><\/p>\n<p><strong><span style=\"color: #ff6600;\"><a style=\"color: #ff6600;\" href=\"https:\/\/www.ignas.com\/it\/offerte-montagna\" target=\"_blank\" rel=\"noopener\">Hotel in montagna<\/a><\/span><\/strong> pensati per ospitare bambini? Si certo! Ma quello che fa la differenza \u00e8 quanto siano a misura di bambino. Quanto gli spazi esterni, quelli interni, la cucina, l&#8217;accoglienza e le stanze siano pensate per far vivere una bellissima esperienza ai piccoli ospiti. In questo senso gli Hotel che includono sale gioco interne, aree giochi in giardino, men\u00f9 a loro dedicato, fasciatoi e aree biberonaggio sono strutture family. Per cui nel momento in cui si sceglie una struttura in montagna \u00e8 davvero importante tenere d&#8217;occhio questo lato, anche perch\u00e9 in alta quota \u00e8 pi\u00f9 facile che ci siano e al contempo questi servizi possono fare la differenza.<\/p>\n<h2><span class=\"ez-toc-section\" id=\"Neve_e_bambini_divertimento_e_sicurezza\"><\/span>Neve e bambini: divertimento e sicurezza<span class=\"ez-toc-section-end\"><\/span><\/h2>\n<p>La montagna ha mille volti. In particolare quello incantato e magico della cime innevate pu\u00f2 diventare un momento di pura felicit\u00e0 per i pi\u00f9 piccoli che vengono in contatto con la neve per la prima volta. Ma facciamo qualche distinguo.<\/p>\n<p><strong>Prima volta in montagna con bambini<\/strong>: se \u00e8 la prima volta che hanno a che fare con la neve bisogna solo avere l&#8217;accortezza di farli indossare gli indumenti appropriati e rigorosamente tecnici, e anche spiegare loro come la neve possa avere tante dimensioni (dal pupazzo di neve, alla slitta, allo sciare) e in seguito vedere verso cosa vogliono indirizzarsi.<\/p>\n<p><strong>Esperienze pregresse con la neve<\/strong>: in questo caso i bimbi che hanno gi\u00e0 familiarizzato con neve e montagna, potranno anche essere affiancati da un maestro di sci. Questo li aiuter\u00e0 a prendere pi\u00f9 sicurezza con gli sci, allontanando rischi di cadute rovinose.<\/p>\n<p>Questo tipo di attivit\u00e0 vive le stesse regole delle vacanze in montagna estate con bambini, riassunte nel semplice concetto : l&#8217;importante \u00e8 che ci sia sempre quel giusto mix fra divertimento e sicurezza.<\/p>\n","protected":false},"excerpt":{"rendered":"<p>Per chi ama la montagna, con le sue passeggiate, i dislivelli, e i sentieri nel bosco, diventa complesso organizzare le vacanze in montagna con bambini: come convincerli a fare i percorsi trekking? In realt\u00e0 una cosa \u00e8 ambire ad una arrampicata con bambini, un altra \u00e8 cercare sulle dolomiti sentieri facili per bambini. Queste due [&hellip;]<\/p>\n","protected":false},"author":2,"featured_media":25466,"comment_status":"closed","ping_status":"closed","sticky":false,"template":"","format":"standard","meta":{"_acf_changed":false,"inline_featured_image":false,"_lmt_disableupdate":"no","_lmt_disable":"no","_monsterinsights_skip_tracking":false,"_monsterinsights_sitenote_active":false,"_monsterinsights_sitenote_note":"","_monsterinsights_sitenote_category":0,"footnotes":""},"categories":[4],"tags":[],"class_list":["post-25461","post","type-post","status-publish","format-standard","has-post-thumbnail","hentry","category-alta-quota"],"acf":[],"yoast_head":"<!-- This site is optimized with the Yoast SEO plugin v27.5 - https:\/\/yoast.com\/product\/yoast-seo-wordpress\/ -->\n<title>Montagna con i bambini: coinvolgerli in sentieri e trekking - Ignas Tour<\/title>\n<meta name=\"description\" content=\"Escursioni in montagna con bambini? Come renderle piacevoli e al contempo sicure, con poche e semplici regole.\" \/>\n<meta name=\"robots\" content=\"index, follow, max-snippet:-1, max-image-preview:large, max-video-preview:-1\" \/>\n<link rel=\"canonical\" href=\"https:\/\/www.ignas.com\/it\/blog\/montagna-con-bambini\/\" \/>\n<meta property=\"og:locale\" content=\"it_IT\" \/>\n<meta property=\"og:type\" content=\"article\" \/>\n<meta property=\"og:title\" content=\"Montagna con i bambini: coinvolgerli in sentieri e trekking - Ignas Tour\" \/>\n<meta property=\"og:description\" content=\"Escursioni in montagna con bambini? Come renderle piacevoli e al contempo sicure, con poche e semplici regole.\" \/>\n<meta property=\"og:url\" content=\"https:\/\/www.ignas.com\/it\/blog\/montagna-con-bambini\/\" \/>\n<meta property=\"og:site_name\" content=\"Ignas Tour\" \/>\n<meta property=\"article:published_time\" content=\"2022-08-18T10:22:15+00:00\" \/>\n<meta property=\"article:modified_time\" content=\"2025-03-10T15:54:26+00:00\" \/>\n<meta property=\"og:image\" content=\"https:\/\/www.ignas.com\/it\/blog\/wp-content\/uploads\/2022\/08\/montagna-con-bambini.jpg\" \/>\n\t<meta property=\"og:image:width\" content=\"750\" \/>\n\t<meta property=\"og:image:height\" content=\"510\" \/>\n\t<meta property=\"og:image:type\" content=\"image\/jpeg\" \/>\n<meta name=\"author\" content=\"Fabrizio\" \/>\n<meta name=\"twitter:card\" content=\"summary_large_image\" \/>\n<meta name=\"twitter:label1\" content=\"Scritto da\" \/>\n\t<meta name=\"twitter:data1\" content=\"Fabrizio\" \/>\n\t<meta name=\"twitter:label2\" content=\"Tempo di lettura stimato\" \/>\n\t<meta name=\"twitter:data2\" content=\"14 minuti\" \/>\n<script type=\"application\/ld+json\" class=\"yoast-schema-graph\">{\"@context\":\"https:\\\/\\\/schema.org\",\"@graph\":[{\"@type\":\"Article\",\"@id\":\"https:\\\/\\\/www.ignas.com\\\/it\\\/blog\\\/montagna-con-bambini\\\/#article\",\"isPartOf\":{\"@id\":\"https:\\\/\\\/www.ignas.com\\\/it\\\/blog\\\/montagna-con-bambini\\\/\"},\"author\":{\"name\":\"Fabrizio\",\"@id\":\"https:\\\/\\\/www.ignas.com\\\/it\\\/blog\\\/#\\\/schema\\\/person\\\/cb41520c07db292cc5a20ce104e28a1d\"},\"headline\":\"Montagna con i bambini: coinvolgerli in sentieri e trekking\",\"datePublished\":\"2022-08-18T10:22:15+00:00\",\"dateModified\":\"2025-03-10T15:54:26+00:00\",\"mainEntityOfPage\":{\"@id\":\"https:\\\/\\\/www.ignas.com\\\/it\\\/blog\\\/montagna-con-bambini\\\/\"},\"wordCount\":2152,\"publisher\":{\"@id\":\"https:\\\/\\\/www.ignas.com\\\/it\\\/blog\\\/#organization\"},\"image\":{\"@id\":\"https:\\\/\\\/www.ignas.com\\\/it\\\/blog\\\/montagna-con-bambini\\\/#primaryimage\"},\"thumbnailUrl\":\"https:\\\/\\\/www.ignas.com\\\/it\\\/blog\\\/wp-content\\\/uploads\\\/2022\\\/08\\\/montagna-con-bambini.jpg\",\"articleSection\":[\"Alta Quota\"],\"inLanguage\":\"it-IT\"},{\"@type\":\"WebPage\",\"@id\":\"https:\\\/\\\/www.ignas.com\\\/it\\\/blog\\\/montagna-con-bambini\\\/\",\"url\":\"https:\\\/\\\/www.ignas.com\\\/it\\\/blog\\\/montagna-con-bambini\\\/\",\"name\":\"Montagna con i bambini: coinvolgerli in sentieri e trekking - Ignas Tour\",\"isPartOf\":{\"@id\":\"https:\\\/\\\/www.ignas.com\\\/it\\\/blog\\\/#website\"},\"primaryImageOfPage\":{\"@id\":\"https:\\\/\\\/www.ignas.com\\\/it\\\/blog\\\/montagna-con-bambini\\\/#primaryimage\"},\"image\":{\"@id\":\"https:\\\/\\\/www.ignas.com\\\/it\\\/blog\\\/montagna-con-bambini\\\/#primaryimage\"},\"thumbnailUrl\":\"https:\\\/\\\/www.ignas.com\\\/it\\\/blog\\\/wp-content\\\/uploads\\\/2022\\\/08\\\/montagna-con-bambini.jpg\",\"datePublished\":\"2022-08-18T10:22:15+00:00\",\"dateModified\":\"2025-03-10T15:54:26+00:00\",\"description\":\"Escursioni in montagna con bambini? Come renderle piacevoli e al contempo sicure, con poche e semplici regole.\",\"breadcrumb\":{\"@id\":\"https:\\\/\\\/www.ignas.com\\\/it\\\/blog\\\/montagna-con-bambini\\\/#breadcrumb\"},\"inLanguage\":\"it-IT\",\"potentialAction\":[{\"@type\":\"ReadAction\",\"target\":[\"https:\\\/\\\/www.ignas.com\\\/it\\\/blog\\\/montagna-con-bambini\\\/\"]}]},{\"@type\":\"ImageObject\",\"inLanguage\":\"it-IT\",\"@id\":\"https:\\\/\\\/www.ignas.com\\\/it\\\/blog\\\/montagna-con-bambini\\\/#primaryimage\",\"url\":\"https:\\\/\\\/www.ignas.com\\\/it\\\/blog\\\/wp-content\\\/uploads\\\/2022\\\/08\\\/montagna-con-bambini.jpg\",\"contentUrl\":\"https:\\\/\\\/www.ignas.com\\\/it\\\/blog\\\/wp-content\\\/uploads\\\/2022\\\/08\\\/montagna-con-bambini.jpg\",\"width\":750,\"height\":510,\"caption\":\"Montagna con bambini\"},{\"@type\":\"BreadcrumbList\",\"@id\":\"https:\\\/\\\/www.ignas.com\\\/it\\\/blog\\\/montagna-con-bambini\\\/#breadcrumb\",\"itemListElement\":[{\"@type\":\"ListItem\",\"position\":1,\"name\":\"Home\",\"item\":\"https:\\\/\\\/www.ignas.com\\\/it\\\/blog\\\/\"},{\"@type\":\"ListItem\",\"position\":2,\"name\":\"Montagna con i bambini: coinvolgerli in sentieri e trekking\"}]},{\"@type\":\"WebSite\",\"@id\":\"https:\\\/\\\/www.ignas.com\\\/it\\\/blog\\\/#website\",\"url\":\"https:\\\/\\\/www.ignas.com\\\/it\\\/blog\\\/\",\"name\":\"Ignas Tour\",\"description\":\"\",\"publisher\":{\"@id\":\"https:\\\/\\\/www.ignas.com\\\/it\\\/blog\\\/#organization\"},\"potentialAction\":[{\"@type\":\"SearchAction\",\"target\":{\"@type\":\"EntryPoint\",\"urlTemplate\":\"https:\\\/\\\/www.ignas.com\\\/it\\\/blog\\\/?s={search_term_string}\"},\"query-input\":{\"@type\":\"PropertyValueSpecification\",\"valueRequired\":true,\"valueName\":\"search_term_string\"}}],\"inLanguage\":\"it-IT\"},{\"@type\":\"Organization\",\"@id\":\"https:\\\/\\\/www.ignas.com\\\/it\\\/blog\\\/#organization\",\"name\":\"Ignas Tour\",\"url\":\"https:\\\/\\\/www.ignas.com\\\/it\\\/blog\\\/\",\"logo\":{\"@type\":\"ImageObject\",\"inLanguage\":\"it-IT\",\"@id\":\"https:\\\/\\\/www.ignas.com\\\/it\\\/blog\\\/#\\\/schema\\\/logo\\\/image\\\/\",\"url\":\"https:\\\/\\\/www.ignas.com\\\/it\\\/blog\\\/wp-content\\\/uploads\\\/2020\\\/01\\\/logo-ignas-com-200.png\",\"contentUrl\":\"https:\\\/\\\/www.ignas.com\\\/it\\\/blog\\\/wp-content\\\/uploads\\\/2020\\\/01\\\/logo-ignas-com-200.png\",\"width\":1147,\"height\":329,\"caption\":\"Ignas Tour\"},\"image\":{\"@id\":\"https:\\\/\\\/www.ignas.com\\\/it\\\/blog\\\/#\\\/schema\\\/logo\\\/image\\\/\"}},{\"@type\":\"Person\",\"@id\":\"https:\\\/\\\/www.ignas.com\\\/it\\\/blog\\\/#\\\/schema\\\/person\\\/cb41520c07db292cc5a20ce104e28a1d\",\"name\":\"Fabrizio\",\"image\":{\"@type\":\"ImageObject\",\"inLanguage\":\"it-IT\",\"@id\":\"https:\\\/\\\/secure.gravatar.com\\\/avatar\\\/e17f60c58ebe3feb555b9028681e30cfd921758bbdd1f8e9816f1d7d08c1bd9f?s=96&d=mm&r=g\",\"url\":\"https:\\\/\\\/secure.gravatar.com\\\/avatar\\\/e17f60c58ebe3feb555b9028681e30cfd921758bbdd1f8e9816f1d7d08c1bd9f?s=96&d=mm&r=g\",\"contentUrl\":\"https:\\\/\\\/secure.gravatar.com\\\/avatar\\\/e17f60c58ebe3feb555b9028681e30cfd921758bbdd1f8e9816f1d7d08c1bd9f?s=96&d=mm&r=g\",\"caption\":\"Fabrizio\"},\"description\":\"Seo Copywriter\"}]}<\/script>\n<!-- \/ Yoast SEO plugin. -->","yoast_head_json":{"title":"Montagna con i bambini: coinvolgerli in sentieri e trekking - Ignas Tour","description":"Escursioni in montagna con bambini? Come renderle piacevoli e al contempo sicure, con poche e semplici regole.","robots":{"index":"index","follow":"follow","max-snippet":"max-snippet:-1","max-image-preview":"max-image-preview:large","max-video-preview":"max-video-preview:-1"},"canonical":"https:\/\/www.ignas.com\/it\/blog\/montagna-con-bambini\/","og_locale":"it_IT","og_type":"article","og_title":"Montagna con i bambini: coinvolgerli in sentieri e trekking - Ignas Tour","og_description":"Escursioni in montagna con bambini? Come renderle piacevoli e al contempo sicure, con poche e semplici regole.","og_url":"https:\/\/www.ignas.com\/it\/blog\/montagna-con-bambini\/","og_site_name":"Ignas Tour","article_published_time":"2022-08-18T10:22:15+00:00","article_modified_time":"2025-03-10T15:54:26+00:00","og_image":[{"width":750,"height":510,"url":"https:\/\/www.ignas.com\/it\/blog\/wp-content\/uploads\/2022\/08\/montagna-con-bambini.jpg","type":"image\/jpeg"}],"author":"Fabrizio","twitter_card":"summary_large_image","twitter_misc":{"Scritto da":"Fabrizio","Tempo di lettura stimato":"14 minuti"},"schema":{"@context":"https:\/\/schema.org","@graph":[{"@type":"Article","@id":"https:\/\/www.ignas.com\/it\/blog\/montagna-con-bambini\/#article","isPartOf":{"@id":"https:\/\/www.ignas.com\/it\/blog\/montagna-con-bambini\/"},"author":{"name":"Fabrizio","@id":"https:\/\/www.ignas.com\/it\/blog\/#\/schema\/person\/cb41520c07db292cc5a20ce104e28a1d"},"headline":"Montagna con i bambini: coinvolgerli in sentieri e trekking","datePublished":"2022-08-18T10:22:15+00:00","dateModified":"2025-03-10T15:54:26+00:00","mainEntityOfPage":{"@id":"https:\/\/www.ignas.com\/it\/blog\/montagna-con-bambini\/"},"wordCount":2152,"publisher":{"@id":"https:\/\/www.ignas.com\/it\/blog\/#organization"},"image":{"@id":"https:\/\/www.ignas.com\/it\/blog\/montagna-con-bambini\/#primaryimage"},"thumbnailUrl":"https:\/\/www.ignas.com\/it\/blog\/wp-content\/uploads\/2022\/08\/montagna-con-bambini.jpg","articleSection":["Alta Quota"],"inLanguage":"it-IT"},{"@type":"WebPage","@id":"https:\/\/www.ignas.com\/it\/blog\/montagna-con-bambini\/","url":"https:\/\/www.ignas.com\/it\/blog\/montagna-con-bambini\/","name":"Montagna con i bambini: coinvolgerli in sentieri e trekking - Ignas Tour","isPartOf":{"@id":"https:\/\/www.ignas.com\/it\/blog\/#website"},"primaryImageOfPage":{"@id":"https:\/\/www.ignas.com\/it\/blog\/montagna-con-bambini\/#primaryimage"},"image":{"@id":"https:\/\/www.ignas.com\/it\/blog\/montagna-con-bambini\/#primaryimage"},"thumbnailUrl":"https:\/\/www.ignas.com\/it\/blog\/wp-content\/uploads\/2022\/08\/montagna-con-bambini.jpg","datePublished":"2022-08-18T10:22:15+00:00","dateModified":"2025-03-10T15:54:26+00:00","description":"Escursioni in montagna con bambini? Come renderle piacevoli e al contempo sicure, con poche e semplici regole.","breadcrumb":{"@id":"https:\/\/www.ignas.com\/it\/blog\/montagna-con-bambini\/#breadcrumb"},"inLanguage":"it-IT","potentialAction":[{"@type":"ReadAction","target":["https:\/\/www.ignas.com\/it\/blog\/montagna-con-bambini\/"]}]},{"@type":"ImageObject","inLanguage":"it-IT","@id":"https:\/\/www.ignas.com\/it\/blog\/montagna-con-bambini\/#primaryimage","url":"https:\/\/www.ignas.com\/it\/blog\/wp-content\/uploads\/2022\/08\/montagna-con-bambini.jpg","contentUrl":"https:\/\/www.ignas.com\/it\/blog\/wp-content\/uploads\/2022\/08\/montagna-con-bambini.jpg","width":750,"height":510,"caption":"Montagna con bambini"},{"@type":"BreadcrumbList","@id":"https:\/\/www.ignas.com\/it\/blog\/montagna-con-bambini\/#breadcrumb","itemListElement":[{"@type":"ListItem","position":1,"name":"Home","item":"https:\/\/www.ignas.com\/it\/blog\/"},{"@type":"ListItem","position":2,"name":"Montagna con i bambini: coinvolgerli in sentieri e trekking"}]},{"@type":"WebSite","@id":"https:\/\/www.ignas.com\/it\/blog\/#website","url":"https:\/\/www.ignas.com\/it\/blog\/","name":"Ignas Tour","description":"","publisher":{"@id":"https:\/\/www.ignas.com\/it\/blog\/#organization"},"potentialAction":[{"@type":"SearchAction","target":{"@type":"EntryPoint","urlTemplate":"https:\/\/www.ignas.com\/it\/blog\/?s={search_term_string}"},"query-input":{"@type":"PropertyValueSpecification","valueRequired":true,"valueName":"search_term_string"}}],"inLanguage":"it-IT"},{"@type":"Organization","@id":"https:\/\/www.ignas.com\/it\/blog\/#organization","name":"Ignas Tour","url":"https:\/\/www.ignas.com\/it\/blog\/","logo":{"@type":"ImageObject","inLanguage":"it-IT","@id":"https:\/\/www.ignas.com\/it\/blog\/#\/schema\/logo\/image\/","url":"https:\/\/www.ignas.com\/it\/blog\/wp-content\/uploads\/2020\/01\/logo-ignas-com-200.png","contentUrl":"https:\/\/www.ignas.com\/it\/blog\/wp-content\/uploads\/2020\/01\/logo-ignas-com-200.png","width":1147,"height":329,"caption":"Ignas Tour"},"image":{"@id":"https:\/\/www.ignas.com\/it\/blog\/#\/schema\/logo\/image\/"}},{"@type":"Person","@id":"https:\/\/www.ignas.com\/it\/blog\/#\/schema\/person\/cb41520c07db292cc5a20ce104e28a1d","name":"Fabrizio","image":{"@type":"ImageObject","inLanguage":"it-IT","@id":"https:\/\/secure.gravatar.com\/avatar\/e17f60c58ebe3feb555b9028681e30cfd921758bbdd1f8e9816f1d7d08c1bd9f?s=96&d=mm&r=g","url":"https:\/\/secure.gravatar.com\/avatar\/e17f60c58ebe3feb555b9028681e30cfd921758bbdd1f8e9816f1d7d08c1bd9f?s=96&d=mm&r=g","contentUrl":"https:\/\/secure.gravatar.com\/avatar\/e17f60c58ebe3feb555b9028681e30cfd921758bbdd1f8e9816f1d7d08c1bd9f?s=96&d=mm&r=g","caption":"Fabrizio"},"description":"Seo Copywriter"}]}},"modified_by":"Denise Basano","_links":{"self":[{"href":"https:\/\/www.ignas.com\/it\/blog\/wp-json\/wp\/v2\/posts\/25461","targetHints":{"allow":["GET"]}}],"collection":[{"href":"https:\/\/www.ignas.com\/it\/blog\/wp-json\/wp\/v2\/posts"}],"about":[{"href":"https:\/\/www.ignas.com\/it\/blog\/wp-json\/wp\/v2\/types\/post"}],"author":[{"embeddable":true,"href":"https:\/\/www.ignas.com\/it\/blog\/wp-json\/wp\/v2\/users\/2"}],"replies":[{"embeddable":true,"href":"https:\/\/www.ignas.com\/it\/blog\/wp-json\/wp\/v2\/comments?post=25461"}],"version-history":[{"count":9,"href":"https:\/\/www.ignas.com\/it\/blog\/wp-json\/wp\/v2\/posts\/25461\/revisions"}],"predecessor-version":[{"id":28527,"href":"https:\/\/www.ignas.com\/it\/blog\/wp-json\/wp\/v2\/posts\/25461\/revisions\/28527"}],"wp:featuredmedia":[{"embeddable":true,"href":"https:\/\/www.ignas.com\/it\/blog\/wp-json\/wp\/v2\/media\/25466"}],"wp:attachment":[{"href":"https:\/\/www.ignas.com\/it\/blog\/wp-json\/wp\/v2\/media?parent=25461"}],"wp:term":[{"taxonomy":"category","embeddable":true,"href":"https:\/\/www.ignas.com\/it\/blog\/wp-json\/wp\/v2\/categories?post=25461"},{"taxonomy":"post_tag","embeddable":true,"href":"https:\/\/www.ignas.com\/it\/blog\/wp-json\/wp\/v2\/tags?post=25461"}],"curies":[{"name":"wp","href":"https:\/\/api.w.org\/{rel}","templated":true}]}}