{"id":25384,"date":"2022-07-25T17:25:02","date_gmt":"2022-07-25T15:25:02","guid":{"rendered":"https:\/\/www.ignas.com\/it\/blog\/?p=25384"},"modified":"2025-02-06T16:29:17","modified_gmt":"2025-02-06T15:29:17","slug":"val-sarentino-meraviglia-alto-adige","status":"publish","type":"post","link":"https:\/\/www.ignas.com\/it\/blog\/val-sarentino-meraviglia-alto-adige\/","title":{"rendered":"Val Sarentino: meraviglia inedita dell&#8217;Alto Adige"},"content":{"rendered":"<h2><span class=\"ez-toc-section\" id=\"Reinswald\"><\/span>Reinswald<span class=\"ez-toc-section-end\"><\/span><\/h2><div id=\"ez-toc-container\" class=\"ez-toc-v2_0_82_2 counter-hierarchy ez-toc-counter ez-toc-white ez-toc-container-direction\">\n<div class=\"ez-toc-title-container\">\n<p class=\"ez-toc-title\" style=\"cursor:inherit\"><\/p>\n<span class=\"ez-toc-title-toggle\"><a href=\"#\" class=\"ez-toc-pull-right ez-toc-btn ez-toc-btn-xs ez-toc-btn-default ez-toc-toggle\" aria-label=\"Toggle Table of Content\"><span class=\"ez-toc-js-icon-con\"><span class=\"\"><span class=\"eztoc-hide\" style=\"display:none;\">Toggle<\/span><span class=\"ez-toc-icon-toggle-span\"><svg style=\"fill: #999;color:#999\" xmlns=\"http:\/\/www.w3.org\/2000\/svg\" class=\"list-377408\" width=\"20px\" height=\"20px\" viewBox=\"0 0 24 24\" fill=\"none\"><path d=\"M6 6H4v2h2V6zm14 0H8v2h12V6zM4 11h2v2H4v-2zm16 0H8v2h12v-2zM4 16h2v2H4v-2zm16 0H8v2h12v-2z\" fill=\"currentColor\"><\/path><\/svg><svg style=\"fill: #999;color:#999\" class=\"arrow-unsorted-368013\" xmlns=\"http:\/\/www.w3.org\/2000\/svg\" width=\"10px\" height=\"10px\" viewBox=\"0 0 24 24\" version=\"1.2\" baseProfile=\"tiny\"><path d=\"M18.2 9.3l-6.2-6.3-6.2 6.3c-.2.2-.3.4-.3.7s.1.5.3.7c.2.2.4.3.7.3h11c.3 0 .5-.1.7-.3.2-.2.3-.5.3-.7s-.1-.5-.3-.7zM5.8 14.7l6.2 6.3 6.2-6.3c.2-.2.3-.5.3-.7s-.1-.5-.3-.7c-.2-.2-.4-.3-.7-.3h-11c-.3 0-.5.1-.7.3-.2.2-.3.5-.3.7s.1.5.3.7z\"\/><\/svg><\/span><\/span><\/span><\/a><\/span><\/div>\n<nav><ul class='ez-toc-list ez-toc-list-level-1 eztoc-toggle-hide-by-default' ><li class='ez-toc-page-1 ez-toc-heading-level-2'><a class=\"ez-toc-link ez-toc-heading-1\" href=\"https:\/\/www.ignas.com\/it\/blog\/val-sarentino-meraviglia-alto-adige\/#Reinswald\" >Reinswald<\/a><\/li><li class='ez-toc-page-1 ez-toc-heading-level-2'><a class=\"ez-toc-link ez-toc-heading-2\" href=\"https:\/\/www.ignas.com\/it\/blog\/val-sarentino-meraviglia-alto-adige\/#Il_sentiero_Urlesteig\" >Il sentiero Urlesteig<\/a><ul class='ez-toc-list-level-3' ><li class='ez-toc-heading-level-3'><a class=\"ez-toc-link ez-toc-heading-3\" href=\"https:\/\/www.ignas.com\/it\/blog\/val-sarentino-meraviglia-alto-adige\/#Acqua\" >Acqua<\/a><\/li><li class='ez-toc-page-1 ez-toc-heading-level-3'><a class=\"ez-toc-link ez-toc-heading-4\" href=\"https:\/\/www.ignas.com\/it\/blog\/val-sarentino-meraviglia-alto-adige\/#Animali\" >Animali<\/a><\/li><li class='ez-toc-page-1 ez-toc-heading-level-3'><a class=\"ez-toc-link ez-toc-heading-5\" href=\"https:\/\/www.ignas.com\/it\/blog\/val-sarentino-meraviglia-alto-adige\/#Storia_e_cultura\" >Storia e cultura<\/a><\/li><li class='ez-toc-page-1 ez-toc-heading-level-3'><a class=\"ez-toc-link ez-toc-heading-6\" href=\"https:\/\/www.ignas.com\/it\/blog\/val-sarentino-meraviglia-alto-adige\/#Piante\" >Piante<\/a><\/li><li class='ez-toc-page-1 ez-toc-heading-level-3'><a class=\"ez-toc-link ez-toc-heading-7\" href=\"https:\/\/www.ignas.com\/it\/blog\/val-sarentino-meraviglia-alto-adige\/#Mulini\" >Mulini<\/a><\/li><li class='ez-toc-page-1 ez-toc-heading-level-3'><a class=\"ez-toc-link ez-toc-heading-8\" href=\"https:\/\/www.ignas.com\/it\/blog\/val-sarentino-meraviglia-alto-adige\/#Prato_di_montagna\" >Prato di montagna<\/a><\/li><\/ul><\/li><li class='ez-toc-page-1 ez-toc-heading-level-2'><a class=\"ez-toc-link ez-toc-heading-9\" href=\"https:\/\/www.ignas.com\/it\/blog\/val-sarentino-meraviglia-alto-adige\/#Leggende_di_Sonvigo_il_sentiero_che_racconta\" >Leggende di Sonvigo: il sentiero che racconta<\/a><\/li><li class='ez-toc-page-1 ez-toc-heading-level-2'><a class=\"ez-toc-link ez-toc-heading-10\" href=\"https:\/\/www.ignas.com\/it\/blog\/val-sarentino-meraviglia-alto-adige\/#Stoanerne_Mandlen_gli_omini_di_pietra\" >Stoanerne Mandlen: gli omini di pietra<\/a><\/li><li class='ez-toc-page-1 ez-toc-heading-level-2'><a class=\"ez-toc-link ez-toc-heading-11\" href=\"https:\/\/www.ignas.com\/it\/blog\/val-sarentino-meraviglia-alto-adige\/#Val_Sarentino_escursioni\" >Val Sarentino escursioni<\/a><ul class='ez-toc-list-level-3' ><li class='ez-toc-heading-level-3'><a class=\"ez-toc-link ez-toc-heading-12\" href=\"https:\/\/www.ignas.com\/it\/blog\/val-sarentino-meraviglia-alto-adige\/#Passo_Di_Pennes\" >Passo Di Pennes<\/a><\/li><\/ul><\/li><li class='ez-toc-page-1 ez-toc-heading-level-2'><a class=\"ez-toc-link ez-toc-heading-13\" href=\"https:\/\/www.ignas.com\/it\/blog\/val-sarentino-meraviglia-alto-adige\/#Lago_di_Valdurna\" >Lago di Valdurna<\/a><\/li><li class='ez-toc-page-1 ez-toc-heading-level-2'><a class=\"ez-toc-link ez-toc-heading-14\" href=\"https:\/\/www.ignas.com\/it\/blog\/val-sarentino-meraviglia-alto-adige\/#Castel_Regino\" >Castel Regino<\/a><\/li><\/ul><\/nav><\/div>\n\n<p class=\"csc-firstHeader\">L&#8217;area del Reinswald parte dai mille metri del comune di San Martino (Reinswald in tedesco) e prosegue fino ai 2500 m, divenendo di fatto perfetta per chi ama lo sci, l&#8217;escursionismo e lo snowboard. Reinswald \u00e8 sia un centro sciistico con una enorme variet\u00e0 di pratiche sportive, che una zona escursionistica dove sperimentare diversi modi di vivere la montagna.<\/p>\n<p><span style=\"color: #ffffff;\"><strong><a class=\"button btnBlogCTA\" style=\"color: #ffffff;\" href=\"https:\/\/www.ignas.com\/it\/offerte-vacanze-trentino-altoadige\" target=\"_blank\" rel=\"noopener noreferrer\">Scopri le offerte in Trentino Alto Adige<\/a><\/strong><\/span><\/p>\n<h2 class=\"csc-firstHeader\"><span class=\"ez-toc-section\" id=\"Il_sentiero_Urlesteig\"><\/span>Il sentiero Urlesteig<span class=\"ez-toc-section-end\"><\/span><\/h2>\n<p>Il sentiero \u00e8 pensato per essere fatto da famiglie con bambini. Ma non per questo vuol dire che \u00e8 tutto semplice. L&#8217;idea \u00e8 stata quella di dividerlo per gradi di difficolt\u00e0 frazionandolo in aree tematiche a secondo del sentiero che si sceglie. I percorsi in realt\u00e0 sono dunque 6 e si dividono in percorso:<\/p>\n<ul>\n<li>acqua<\/li>\n<li>animali<\/li>\n<li>storia e cultura<\/li>\n<li>flora<\/li>\n<li>mulini<\/li>\n<li>Prato di montagna<\/li>\n<\/ul>\n<p><img loading=\"lazy\" decoding=\"async\" class=\"alignnone size-full wp-image-25387\" src=\"https:\/\/www.ignas.com\/it\/blog\/wp-content\/uploads\/2022\/07\/sentiero-urlesteig.jpg\" alt=\"il sentiero Urlesteig\" width=\"750\" height=\"450\" srcset=\"https:\/\/www.ignas.com\/it\/blog\/wp-content\/uploads\/2022\/07\/sentiero-urlesteig.jpg 750w, https:\/\/www.ignas.com\/it\/blog\/wp-content\/uploads\/2022\/07\/sentiero-urlesteig-300x180.jpg 300w\" sizes=\"auto, (max-width: 750px) 100vw, 750px\" \/><\/p>\n<h3 class=\"csc-firstHeader\"><span class=\"ez-toc-section\" id=\"Acqua\"><\/span>Acqua<span class=\"ez-toc-section-end\"><\/span><\/h3>\n<p>In circa 20 minuti di sentiero si arriva ad una Malga, dove i bimbi possono giocare con ruote idrauliche, zattere sull&#8217;acqua e correnti.<\/p>\n<h3><span class=\"ez-toc-section\" id=\"Animali\"><\/span>Animali<span class=\"ez-toc-section-end\"><\/span><\/h3>\n<p>30 minuti per questo percorso in leggera salita, accompagnati da tavole informative circa la fauna del luogo. Arrivati al Ristorante, oltre alla presenza di giochi d&#8217;arrampicata, sono presenti i laghetti, dove poter giocare e godersi il bellissimo scenario che creano.<\/p>\n<h3><span class=\"ez-toc-section\" id=\"Storia_e_cultura\"><\/span>Storia e cultura<span class=\"ez-toc-section-end\"><\/span><\/h3>\n<p>Ben 60 minuti di percorso questa volta. In questo percorso c&#8217;\u00e8 il Pino Mugo tutto da &#8220;sentire&#8221; durante il cammino, insieme all&#8217;interessante incontro con i pastori che sono pieni di racconti da far ascoltare. Un percorso di scoperta a 360 gradi.<\/p>\n<h3><span class=\"ez-toc-section\" id=\"Piante\"><\/span>Piante<span class=\"ez-toc-section-end\"><\/span><\/h3>\n<p>Un percorso dedicato ai segreti della flora presente attraverso 5 postazioni informative.<\/p>\n<h3><span class=\"ez-toc-section\" id=\"Mulini\"><\/span>Mulini<span class=\"ez-toc-section-end\"><\/span><\/h3>\n<p>Un percorso di circa 1 ora, che attraverso un ruscello che compie il suo tragitto fa vedere come la forza della natura compie il suo divenire. I mulini poi sono il culmine di questo itinerario, in cui \u00e8 possibile vedere come l&#8217;uomo riesca a intercettare questa forza.<\/p>\n<h3><span class=\"ez-toc-section\" id=\"Prato_di_montagna\"><\/span>Prato di montagna<span class=\"ez-toc-section-end\"><\/span><\/h3>\n<p>Un grande parco giochi pronto ad accogliere i camminatori dopo 60 minuti di passeggiata.<\/p>\n<h2><span class=\"ez-toc-section\" id=\"Leggende_di_Sonvigo_il_sentiero_che_racconta\"><\/span>Leggende di Sonvigo: il sentiero che racconta<span class=\"ez-toc-section-end\"><\/span><\/h2>\n<p><img loading=\"lazy\" decoding=\"async\" class=\"alignnone size-full wp-image-25388\" src=\"https:\/\/www.ignas.com\/it\/blog\/wp-content\/uploads\/2022\/07\/sonvigo.jpeg\" alt=\"leggende di Sonvigo\" width=\"750\" height=\"450\" srcset=\"https:\/\/www.ignas.com\/it\/blog\/wp-content\/uploads\/2022\/07\/sonvigo.jpeg 750w, https:\/\/www.ignas.com\/it\/blog\/wp-content\/uploads\/2022\/07\/sonvigo-300x180.jpeg 300w\" sizes=\"auto, (max-width: 750px) 100vw, 750px\" \/><\/p>\n<p>Ma le soprese per grandi e piccini non finiscono qui! Nei pressi di Pennes, poco dopo Campolasta, si trova Sonvigo, luogo di un interessantissimo sentiero adatto ai bambini. Si tratta di 45 minuti di percorso, con un dislivello di appena 70 metri. Se gi\u00e0 le dimensioni sono perfette per non creare troppe difficolt\u00e0 ai bambini, c&#8217;\u00e8 un ulteriore ingrediente che rende unico questo sentiero: le saghe (quiz) a giochi e disegni che sono disseminati lungo il percorso. Sono ben 9 indovinelli che possono essere risolti attraverso osservazione del luogo, logica e quel pizzico di creativit\u00e0 che non guasta mai. Tutte le saghe sono ispirate ai racconti leggendari tipici della zona, e che i bambini delle scuole elementari del posto hanno organizzato come camminata a quiz.<\/p>\n<h2 class=\"csc-firstHeader\"><span class=\"ez-toc-section\" id=\"Stoanerne_Mandlen_gli_omini_di_pietra\"><\/span>Stoanerne Mandlen: gli omini di pietra<span class=\"ez-toc-section-end\"><\/span><\/h2>\n<p><img loading=\"lazy\" decoding=\"async\" class=\"alignnone size-full wp-image-25391\" src=\"https:\/\/www.ignas.com\/it\/blog\/wp-content\/uploads\/2022\/07\/omini-di-pietra.jpeg\" alt=\"Omini di Pietra, in Val Sarentino\" width=\"750\" height=\"450\" srcset=\"https:\/\/www.ignas.com\/it\/blog\/wp-content\/uploads\/2022\/07\/omini-di-pietra.jpeg 750w, https:\/\/www.ignas.com\/it\/blog\/wp-content\/uploads\/2022\/07\/omini-di-pietra-300x180.jpeg 300w\" sizes=\"auto, (max-width: 750px) 100vw, 750px\" \/><\/p>\n<blockquote><p>Val Sarentino \u00e8 magica. Nel senso di vera e propria magia. Un esempio perfetto \u00e8 un luogo avvolto da un affascinante mistero. Si tratta della Valle degli Omini di Pietra. Arrivarci \u00e8 piuttosto semplice. Partendo dalla localit\u00e0 Prati (poco vicino a Sarentino) si sale verso una malga che dista un 45 minuti circa, e a soli 20 minuti da questo ristoro (bisogna verificare sempre se \u00e8 aperto) inizia il fascino di decine e decine di costruzioni in Pietra disseminate per questa altura. Uno spettacolo fiabesco. Secondo la leggenda dietro queste costruzioni ci sarebbero racconti di streghe e incantesimi. Ma molto pi\u00f9 semplicemente si tratterebbe di un modo per segnare il percorso, che col tempo \u00e8 diventato un qualcosa di bello e godibile come un&#8217;opera d&#8217;arte.<\/p><\/blockquote>\n<h2><span class=\"ez-toc-section\" id=\"Val_Sarentino_escursioni\"><\/span>Val Sarentino escursioni<span class=\"ez-toc-section-end\"><\/span><\/h2>\n<p>Le escursioni in Sarntal non finiscono qui. Ne abbiamo scelte una ad hoc per chi ha un livello di trekking medio e medio-alto.<\/p>\n<h3><span class=\"ez-toc-section\" id=\"Passo_Di_Pennes\"><\/span>Passo Di Pennes<span class=\"ez-toc-section-end\"><\/span><\/h3>\n<p>Un percorso che da Passo Pennes ci porta fino al Lago omonimo per poi farci passare da un ferrata fino ad arrivare alla cima, del Crono Bianco, noto come il Cervino del Sarentino. Sono 10 km di percorso, con ben 870 m di dislivello. Un sentiero non per tutti ma che assicura emozioni e grande fascino.<\/p>\n<h2><span class=\"ez-toc-section\" id=\"Lago_di_Valdurna\"><\/span>Lago di Valdurna<span class=\"ez-toc-section-end\"><\/span><\/h2>\n<p><img loading=\"lazy\" decoding=\"async\" class=\"alignnone size-full wp-image-25389\" src=\"https:\/\/www.ignas.com\/it\/blog\/wp-content\/uploads\/2022\/07\/lago-di-valdurna.jpeg\" alt=\"lago di Valdurna\" width=\"750\" height=\"450\" srcset=\"https:\/\/www.ignas.com\/it\/blog\/wp-content\/uploads\/2022\/07\/lago-di-valdurna.jpeg 750w, https:\/\/www.ignas.com\/it\/blog\/wp-content\/uploads\/2022\/07\/lago-di-valdurna-300x180.jpeg 300w\" sizes=\"auto, (max-width: 750px) 100vw, 750px\" \/><\/p>\n<p>Non \u00e8 l&#8217;unico Lago della Valle Sarentina, ma \u00e8 senza dubbio il pi\u00f9 bello da visitare. E&#8217; lungo ben 900 metri, e sono tutti percorribili, anche con bambini a seguito. Il Lago in estate mantiene temperature molto rigide, e d&#8217;inverno si ghiaccia , diventando una pista di pattinaggio.<\/p>\n<h2><span class=\"ez-toc-section\" id=\"Castel_Regino\"><\/span>Castel Regino<span class=\"ez-toc-section-end\"><\/span><\/h2>\n<p><img loading=\"lazy\" decoding=\"async\" class=\"alignnone size-full wp-image-25390\" src=\"https:\/\/www.ignas.com\/it\/blog\/wp-content\/uploads\/2022\/07\/castel-regino.jpeg\" alt=\"Castel Regino\" width=\"750\" height=\"450\" srcset=\"https:\/\/www.ignas.com\/it\/blog\/wp-content\/uploads\/2022\/07\/castel-regino.jpeg 750w, https:\/\/www.ignas.com\/it\/blog\/wp-content\/uploads\/2022\/07\/castel-regino-300x180.jpeg 300w\" sizes=\"auto, (max-width: 750px) 100vw, 750px\" \/><\/p>\n<p>Un Castello Medioevale oggetto di numerosi assedi. Il pi\u00f9 noto fu quello che (fra storia e leggende) racconta di una resistenza di oltre 2 anni. Il Castello fu poi conquistato poich\u00e9 fu svelato il tunnel dal quale venivano riforniti di cibo e di armi. Ancora oggi \u00e8 possibile visitarlo, godendo di un luogo un riecheggiano gesta e racconti memorabili.<\/p>\n","protected":false},"excerpt":{"rendered":"<p>Reinswald L&#8217;area del Reinswald parte dai mille metri del comune di San Martino (Reinswald in tedesco) e prosegue fino ai 2500 m, divenendo di fatto perfetta per chi ama lo sci, l&#8217;escursionismo e lo snowboard. Reinswald \u00e8 sia un centro sciistico con una enorme variet\u00e0 di pratiche sportive, che una zona escursionistica dove sperimentare diversi [&hellip;]<\/p>\n","protected":false},"author":2,"featured_media":25392,"comment_status":"closed","ping_status":"closed","sticky":false,"template":"","format":"standard","meta":{"_acf_changed":false,"inline_featured_image":false,"_lmt_disableupdate":"no","_lmt_disable":"no","_monsterinsights_skip_tracking":false,"_monsterinsights_sitenote_active":false,"_monsterinsights_sitenote_note":"","_monsterinsights_sitenote_category":0,"footnotes":""},"categories":[4],"tags":[],"class_list":["post-25384","post","type-post","status-publish","format-standard","has-post-thumbnail","hentry","category-alta-quota"],"acf":[],"yoast_head":"<!-- This site is optimized with the Yoast SEO plugin v27.5 - https:\/\/yoast.com\/product\/yoast-seo-wordpress\/ -->\n<title>Val Sarentino: meraviglia inedita dell&#039;Alto Adige - Ignas Tour<\/title>\n<meta name=\"description\" content=\"Val Sarentino, sveliamo questo piccolo gioiello nascosto dell&#039;Alto Adige. Fra sentieri fiabeschi a misura di bambino e percorsi unici\" \/>\n<meta name=\"robots\" content=\"index, follow, max-snippet:-1, max-image-preview:large, max-video-preview:-1\" \/>\n<link rel=\"canonical\" href=\"https:\/\/www.ignas.com\/it\/blog\/val-sarentino-meraviglia-alto-adige\/\" \/>\n<meta property=\"og:locale\" content=\"it_IT\" \/>\n<meta property=\"og:type\" content=\"article\" \/>\n<meta property=\"og:title\" content=\"Val Sarentino: meraviglia inedita dell&#039;Alto Adige - Ignas Tour\" \/>\n<meta property=\"og:description\" content=\"Val Sarentino, sveliamo questo piccolo gioiello nascosto dell&#039;Alto Adige. Fra sentieri fiabeschi a misura di bambino e percorsi unici\" \/>\n<meta property=\"og:url\" content=\"https:\/\/www.ignas.com\/it\/blog\/val-sarentino-meraviglia-alto-adige\/\" \/>\n<meta property=\"og:site_name\" content=\"Ignas Tour\" \/>\n<meta property=\"article:published_time\" content=\"2022-07-25T15:25:02+00:00\" \/>\n<meta property=\"article:modified_time\" content=\"2025-02-06T15:29:17+00:00\" \/>\n<meta property=\"og:image\" content=\"https:\/\/www.ignas.com\/it\/blog\/wp-content\/uploads\/2022\/07\/val-sarentino.jpeg\" \/>\n\t<meta property=\"og:image:width\" content=\"750\" \/>\n\t<meta property=\"og:image:height\" content=\"450\" \/>\n\t<meta property=\"og:image:type\" content=\"image\/jpeg\" \/>\n<meta name=\"author\" content=\"Fabrizio\" \/>\n<meta name=\"twitter:card\" content=\"summary_large_image\" \/>\n<meta name=\"twitter:label1\" content=\"Scritto da\" \/>\n\t<meta name=\"twitter:data1\" content=\"Fabrizio\" \/>\n\t<meta name=\"twitter:label2\" content=\"Tempo di lettura stimato\" \/>\n\t<meta name=\"twitter:data2\" content=\"5 minuti\" \/>\n<script type=\"application\/ld+json\" class=\"yoast-schema-graph\">{\"@context\":\"https:\\\/\\\/schema.org\",\"@graph\":[{\"@type\":\"Article\",\"@id\":\"https:\\\/\\\/www.ignas.com\\\/it\\\/blog\\\/val-sarentino-meraviglia-alto-adige\\\/#article\",\"isPartOf\":{\"@id\":\"https:\\\/\\\/www.ignas.com\\\/it\\\/blog\\\/val-sarentino-meraviglia-alto-adige\\\/\"},\"author\":{\"name\":\"Fabrizio\",\"@id\":\"https:\\\/\\\/www.ignas.com\\\/it\\\/blog\\\/#\\\/schema\\\/person\\\/cb41520c07db292cc5a20ce104e28a1d\"},\"headline\":\"Val Sarentino: meraviglia inedita dell&#8217;Alto Adige\",\"datePublished\":\"2022-07-25T15:25:02+00:00\",\"dateModified\":\"2025-02-06T15:29:17+00:00\",\"mainEntityOfPage\":{\"@id\":\"https:\\\/\\\/www.ignas.com\\\/it\\\/blog\\\/val-sarentino-meraviglia-alto-adige\\\/\"},\"wordCount\":755,\"publisher\":{\"@id\":\"https:\\\/\\\/www.ignas.com\\\/it\\\/blog\\\/#organization\"},\"image\":{\"@id\":\"https:\\\/\\\/www.ignas.com\\\/it\\\/blog\\\/val-sarentino-meraviglia-alto-adige\\\/#primaryimage\"},\"thumbnailUrl\":\"https:\\\/\\\/www.ignas.com\\\/it\\\/blog\\\/wp-content\\\/uploads\\\/2022\\\/07\\\/val-sarentino.jpeg\",\"articleSection\":[\"Alta Quota\"],\"inLanguage\":\"it-IT\"},{\"@type\":\"WebPage\",\"@id\":\"https:\\\/\\\/www.ignas.com\\\/it\\\/blog\\\/val-sarentino-meraviglia-alto-adige\\\/\",\"url\":\"https:\\\/\\\/www.ignas.com\\\/it\\\/blog\\\/val-sarentino-meraviglia-alto-adige\\\/\",\"name\":\"Val Sarentino: meraviglia inedita dell'Alto Adige - Ignas Tour\",\"isPartOf\":{\"@id\":\"https:\\\/\\\/www.ignas.com\\\/it\\\/blog\\\/#website\"},\"primaryImageOfPage\":{\"@id\":\"https:\\\/\\\/www.ignas.com\\\/it\\\/blog\\\/val-sarentino-meraviglia-alto-adige\\\/#primaryimage\"},\"image\":{\"@id\":\"https:\\\/\\\/www.ignas.com\\\/it\\\/blog\\\/val-sarentino-meraviglia-alto-adige\\\/#primaryimage\"},\"thumbnailUrl\":\"https:\\\/\\\/www.ignas.com\\\/it\\\/blog\\\/wp-content\\\/uploads\\\/2022\\\/07\\\/val-sarentino.jpeg\",\"datePublished\":\"2022-07-25T15:25:02+00:00\",\"dateModified\":\"2025-02-06T15:29:17+00:00\",\"description\":\"Val Sarentino, sveliamo questo piccolo gioiello nascosto dell'Alto Adige. Fra sentieri fiabeschi a misura di bambino e percorsi unici\",\"breadcrumb\":{\"@id\":\"https:\\\/\\\/www.ignas.com\\\/it\\\/blog\\\/val-sarentino-meraviglia-alto-adige\\\/#breadcrumb\"},\"inLanguage\":\"it-IT\",\"potentialAction\":[{\"@type\":\"ReadAction\",\"target\":[\"https:\\\/\\\/www.ignas.com\\\/it\\\/blog\\\/val-sarentino-meraviglia-alto-adige\\\/\"]}]},{\"@type\":\"ImageObject\",\"inLanguage\":\"it-IT\",\"@id\":\"https:\\\/\\\/www.ignas.com\\\/it\\\/blog\\\/val-sarentino-meraviglia-alto-adige\\\/#primaryimage\",\"url\":\"https:\\\/\\\/www.ignas.com\\\/it\\\/blog\\\/wp-content\\\/uploads\\\/2022\\\/07\\\/val-sarentino.jpeg\",\"contentUrl\":\"https:\\\/\\\/www.ignas.com\\\/it\\\/blog\\\/wp-content\\\/uploads\\\/2022\\\/07\\\/val-sarentino.jpeg\",\"width\":750,\"height\":450},{\"@type\":\"BreadcrumbList\",\"@id\":\"https:\\\/\\\/www.ignas.com\\\/it\\\/blog\\\/val-sarentino-meraviglia-alto-adige\\\/#breadcrumb\",\"itemListElement\":[{\"@type\":\"ListItem\",\"position\":1,\"name\":\"Home\",\"item\":\"https:\\\/\\\/www.ignas.com\\\/it\\\/blog\\\/\"},{\"@type\":\"ListItem\",\"position\":2,\"name\":\"Val Sarentino: meraviglia inedita dell&#8217;Alto Adige\"}]},{\"@type\":\"WebSite\",\"@id\":\"https:\\\/\\\/www.ignas.com\\\/it\\\/blog\\\/#website\",\"url\":\"https:\\\/\\\/www.ignas.com\\\/it\\\/blog\\\/\",\"name\":\"Ignas Tour\",\"description\":\"\",\"publisher\":{\"@id\":\"https:\\\/\\\/www.ignas.com\\\/it\\\/blog\\\/#organization\"},\"potentialAction\":[{\"@type\":\"SearchAction\",\"target\":{\"@type\":\"EntryPoint\",\"urlTemplate\":\"https:\\\/\\\/www.ignas.com\\\/it\\\/blog\\\/?s={search_term_string}\"},\"query-input\":{\"@type\":\"PropertyValueSpecification\",\"valueRequired\":true,\"valueName\":\"search_term_string\"}}],\"inLanguage\":\"it-IT\"},{\"@type\":\"Organization\",\"@id\":\"https:\\\/\\\/www.ignas.com\\\/it\\\/blog\\\/#organization\",\"name\":\"Ignas Tour\",\"url\":\"https:\\\/\\\/www.ignas.com\\\/it\\\/blog\\\/\",\"logo\":{\"@type\":\"ImageObject\",\"inLanguage\":\"it-IT\",\"@id\":\"https:\\\/\\\/www.ignas.com\\\/it\\\/blog\\\/#\\\/schema\\\/logo\\\/image\\\/\",\"url\":\"https:\\\/\\\/www.ignas.com\\\/it\\\/blog\\\/wp-content\\\/uploads\\\/2020\\\/01\\\/logo-ignas-com-200.png\",\"contentUrl\":\"https:\\\/\\\/www.ignas.com\\\/it\\\/blog\\\/wp-content\\\/uploads\\\/2020\\\/01\\\/logo-ignas-com-200.png\",\"width\":1147,\"height\":329,\"caption\":\"Ignas Tour\"},\"image\":{\"@id\":\"https:\\\/\\\/www.ignas.com\\\/it\\\/blog\\\/#\\\/schema\\\/logo\\\/image\\\/\"}},{\"@type\":\"Person\",\"@id\":\"https:\\\/\\\/www.ignas.com\\\/it\\\/blog\\\/#\\\/schema\\\/person\\\/cb41520c07db292cc5a20ce104e28a1d\",\"name\":\"Fabrizio\",\"image\":{\"@type\":\"ImageObject\",\"inLanguage\":\"it-IT\",\"@id\":\"https:\\\/\\\/secure.gravatar.com\\\/avatar\\\/e17f60c58ebe3feb555b9028681e30cfd921758bbdd1f8e9816f1d7d08c1bd9f?s=96&d=mm&r=g\",\"url\":\"https:\\\/\\\/secure.gravatar.com\\\/avatar\\\/e17f60c58ebe3feb555b9028681e30cfd921758bbdd1f8e9816f1d7d08c1bd9f?s=96&d=mm&r=g\",\"contentUrl\":\"https:\\\/\\\/secure.gravatar.com\\\/avatar\\\/e17f60c58ebe3feb555b9028681e30cfd921758bbdd1f8e9816f1d7d08c1bd9f?s=96&d=mm&r=g\",\"caption\":\"Fabrizio\"},\"description\":\"Seo Copywriter\"}]}<\/script>\n<!-- \/ Yoast SEO plugin. -->","yoast_head_json":{"title":"Val Sarentino: meraviglia inedita dell'Alto Adige - Ignas Tour","description":"Val Sarentino, sveliamo questo piccolo gioiello nascosto dell'Alto Adige. Fra sentieri fiabeschi a misura di bambino e percorsi unici","robots":{"index":"index","follow":"follow","max-snippet":"max-snippet:-1","max-image-preview":"max-image-preview:large","max-video-preview":"max-video-preview:-1"},"canonical":"https:\/\/www.ignas.com\/it\/blog\/val-sarentino-meraviglia-alto-adige\/","og_locale":"it_IT","og_type":"article","og_title":"Val Sarentino: meraviglia inedita dell'Alto Adige - Ignas Tour","og_description":"Val Sarentino, sveliamo questo piccolo gioiello nascosto dell'Alto Adige. Fra sentieri fiabeschi a misura di bambino e percorsi unici","og_url":"https:\/\/www.ignas.com\/it\/blog\/val-sarentino-meraviglia-alto-adige\/","og_site_name":"Ignas Tour","article_published_time":"2022-07-25T15:25:02+00:00","article_modified_time":"2025-02-06T15:29:17+00:00","og_image":[{"width":750,"height":450,"url":"https:\/\/www.ignas.com\/it\/blog\/wp-content\/uploads\/2022\/07\/val-sarentino.jpeg","type":"image\/jpeg"}],"author":"Fabrizio","twitter_card":"summary_large_image","twitter_misc":{"Scritto da":"Fabrizio","Tempo di lettura stimato":"5 minuti"},"schema":{"@context":"https:\/\/schema.org","@graph":[{"@type":"Article","@id":"https:\/\/www.ignas.com\/it\/blog\/val-sarentino-meraviglia-alto-adige\/#article","isPartOf":{"@id":"https:\/\/www.ignas.com\/it\/blog\/val-sarentino-meraviglia-alto-adige\/"},"author":{"name":"Fabrizio","@id":"https:\/\/www.ignas.com\/it\/blog\/#\/schema\/person\/cb41520c07db292cc5a20ce104e28a1d"},"headline":"Val Sarentino: meraviglia inedita dell&#8217;Alto Adige","datePublished":"2022-07-25T15:25:02+00:00","dateModified":"2025-02-06T15:29:17+00:00","mainEntityOfPage":{"@id":"https:\/\/www.ignas.com\/it\/blog\/val-sarentino-meraviglia-alto-adige\/"},"wordCount":755,"publisher":{"@id":"https:\/\/www.ignas.com\/it\/blog\/#organization"},"image":{"@id":"https:\/\/www.ignas.com\/it\/blog\/val-sarentino-meraviglia-alto-adige\/#primaryimage"},"thumbnailUrl":"https:\/\/www.ignas.com\/it\/blog\/wp-content\/uploads\/2022\/07\/val-sarentino.jpeg","articleSection":["Alta Quota"],"inLanguage":"it-IT"},{"@type":"WebPage","@id":"https:\/\/www.ignas.com\/it\/blog\/val-sarentino-meraviglia-alto-adige\/","url":"https:\/\/www.ignas.com\/it\/blog\/val-sarentino-meraviglia-alto-adige\/","name":"Val Sarentino: meraviglia inedita dell'Alto Adige - Ignas Tour","isPartOf":{"@id":"https:\/\/www.ignas.com\/it\/blog\/#website"},"primaryImageOfPage":{"@id":"https:\/\/www.ignas.com\/it\/blog\/val-sarentino-meraviglia-alto-adige\/#primaryimage"},"image":{"@id":"https:\/\/www.ignas.com\/it\/blog\/val-sarentino-meraviglia-alto-adige\/#primaryimage"},"thumbnailUrl":"https:\/\/www.ignas.com\/it\/blog\/wp-content\/uploads\/2022\/07\/val-sarentino.jpeg","datePublished":"2022-07-25T15:25:02+00:00","dateModified":"2025-02-06T15:29:17+00:00","description":"Val Sarentino, sveliamo questo piccolo gioiello nascosto dell'Alto Adige. Fra sentieri fiabeschi a misura di bambino e percorsi unici","breadcrumb":{"@id":"https:\/\/www.ignas.com\/it\/blog\/val-sarentino-meraviglia-alto-adige\/#breadcrumb"},"inLanguage":"it-IT","potentialAction":[{"@type":"ReadAction","target":["https:\/\/www.ignas.com\/it\/blog\/val-sarentino-meraviglia-alto-adige\/"]}]},{"@type":"ImageObject","inLanguage":"it-IT","@id":"https:\/\/www.ignas.com\/it\/blog\/val-sarentino-meraviglia-alto-adige\/#primaryimage","url":"https:\/\/www.ignas.com\/it\/blog\/wp-content\/uploads\/2022\/07\/val-sarentino.jpeg","contentUrl":"https:\/\/www.ignas.com\/it\/blog\/wp-content\/uploads\/2022\/07\/val-sarentino.jpeg","width":750,"height":450},{"@type":"BreadcrumbList","@id":"https:\/\/www.ignas.com\/it\/blog\/val-sarentino-meraviglia-alto-adige\/#breadcrumb","itemListElement":[{"@type":"ListItem","position":1,"name":"Home","item":"https:\/\/www.ignas.com\/it\/blog\/"},{"@type":"ListItem","position":2,"name":"Val Sarentino: meraviglia inedita dell&#8217;Alto Adige"}]},{"@type":"WebSite","@id":"https:\/\/www.ignas.com\/it\/blog\/#website","url":"https:\/\/www.ignas.com\/it\/blog\/","name":"Ignas Tour","description":"","publisher":{"@id":"https:\/\/www.ignas.com\/it\/blog\/#organization"},"potentialAction":[{"@type":"SearchAction","target":{"@type":"EntryPoint","urlTemplate":"https:\/\/www.ignas.com\/it\/blog\/?s={search_term_string}"},"query-input":{"@type":"PropertyValueSpecification","valueRequired":true,"valueName":"search_term_string"}}],"inLanguage":"it-IT"},{"@type":"Organization","@id":"https:\/\/www.ignas.com\/it\/blog\/#organization","name":"Ignas Tour","url":"https:\/\/www.ignas.com\/it\/blog\/","logo":{"@type":"ImageObject","inLanguage":"it-IT","@id":"https:\/\/www.ignas.com\/it\/blog\/#\/schema\/logo\/image\/","url":"https:\/\/www.ignas.com\/it\/blog\/wp-content\/uploads\/2020\/01\/logo-ignas-com-200.png","contentUrl":"https:\/\/www.ignas.com\/it\/blog\/wp-content\/uploads\/2020\/01\/logo-ignas-com-200.png","width":1147,"height":329,"caption":"Ignas Tour"},"image":{"@id":"https:\/\/www.ignas.com\/it\/blog\/#\/schema\/logo\/image\/"}},{"@type":"Person","@id":"https:\/\/www.ignas.com\/it\/blog\/#\/schema\/person\/cb41520c07db292cc5a20ce104e28a1d","name":"Fabrizio","image":{"@type":"ImageObject","inLanguage":"it-IT","@id":"https:\/\/secure.gravatar.com\/avatar\/e17f60c58ebe3feb555b9028681e30cfd921758bbdd1f8e9816f1d7d08c1bd9f?s=96&d=mm&r=g","url":"https:\/\/secure.gravatar.com\/avatar\/e17f60c58ebe3feb555b9028681e30cfd921758bbdd1f8e9816f1d7d08c1bd9f?s=96&d=mm&r=g","contentUrl":"https:\/\/secure.gravatar.com\/avatar\/e17f60c58ebe3feb555b9028681e30cfd921758bbdd1f8e9816f1d7d08c1bd9f?s=96&d=mm&r=g","caption":"Fabrizio"},"description":"Seo Copywriter"}]}},"modified_by":"Denise Basano","_links":{"self":[{"href":"https:\/\/www.ignas.com\/it\/blog\/wp-json\/wp\/v2\/posts\/25384","targetHints":{"allow":["GET"]}}],"collection":[{"href":"https:\/\/www.ignas.com\/it\/blog\/wp-json\/wp\/v2\/posts"}],"about":[{"href":"https:\/\/www.ignas.com\/it\/blog\/wp-json\/wp\/v2\/types\/post"}],"author":[{"embeddable":true,"href":"https:\/\/www.ignas.com\/it\/blog\/wp-json\/wp\/v2\/users\/2"}],"replies":[{"embeddable":true,"href":"https:\/\/www.ignas.com\/it\/blog\/wp-json\/wp\/v2\/comments?post=25384"}],"version-history":[{"count":8,"href":"https:\/\/www.ignas.com\/it\/blog\/wp-json\/wp\/v2\/posts\/25384\/revisions"}],"predecessor-version":[{"id":28489,"href":"https:\/\/www.ignas.com\/it\/blog\/wp-json\/wp\/v2\/posts\/25384\/revisions\/28489"}],"wp:featuredmedia":[{"embeddable":true,"href":"https:\/\/www.ignas.com\/it\/blog\/wp-json\/wp\/v2\/media\/25392"}],"wp:attachment":[{"href":"https:\/\/www.ignas.com\/it\/blog\/wp-json\/wp\/v2\/media?parent=25384"}],"wp:term":[{"taxonomy":"category","embeddable":true,"href":"https:\/\/www.ignas.com\/it\/blog\/wp-json\/wp\/v2\/categories?post=25384"},{"taxonomy":"post_tag","embeddable":true,"href":"https:\/\/www.ignas.com\/it\/blog\/wp-json\/wp\/v2\/tags?post=25384"}],"curies":[{"name":"wp","href":"https:\/\/api.w.org\/{rel}","templated":true}]}}