{"id":25322,"date":"2022-07-04T11:28:39","date_gmt":"2022-07-04T09:28:39","guid":{"rendered":"https:\/\/www.ignas.com\/it\/blog\/?p=25322"},"modified":"2025-02-07T11:42:49","modified_gmt":"2025-02-07T10:42:49","slug":"tour-spiagge-del-friuli","status":"publish","type":"post","link":"https:\/\/www.ignas.com\/it\/blog\/tour-spiagge-del-friuli\/","title":{"rendered":"Tour fra le spiagge del Friuli e della Slovenia"},"content":{"rendered":"<p>Friuli Venezia Giulia, migliori spiagge e la vicina costa della Slovenia. Questo mix dato dagli stabilimenti balneari, localit\u00e0 note come Lignano Sabbiadoro e Grado, e mete pi\u00f9 inconsuete come la Costa dei Barbari o le riserve naturali con lagune stupende, \u00e8 un insieme di ricette che merita un vero e proprio Tour.<\/p>\n<h2><span class=\"ez-toc-section\" id=\"Spiagge_Friuli_le_piu_belle\"><\/span>Spiagge Friuli: le pi\u00f9 belle<span class=\"ez-toc-section-end\"><\/span><\/h2><div id=\"ez-toc-container\" class=\"ez-toc-v2_0_82_2 counter-hierarchy ez-toc-counter ez-toc-white ez-toc-container-direction\">\n<div class=\"ez-toc-title-container\">\n<p class=\"ez-toc-title\" style=\"cursor:inherit\"><\/p>\n<span class=\"ez-toc-title-toggle\"><a href=\"#\" class=\"ez-toc-pull-right ez-toc-btn ez-toc-btn-xs ez-toc-btn-default ez-toc-toggle\" aria-label=\"Toggle Table of Content\"><span class=\"ez-toc-js-icon-con\"><span class=\"\"><span class=\"eztoc-hide\" style=\"display:none;\">Toggle<\/span><span class=\"ez-toc-icon-toggle-span\"><svg style=\"fill: #999;color:#999\" xmlns=\"http:\/\/www.w3.org\/2000\/svg\" class=\"list-377408\" width=\"20px\" height=\"20px\" viewBox=\"0 0 24 24\" fill=\"none\"><path d=\"M6 6H4v2h2V6zm14 0H8v2h12V6zM4 11h2v2H4v-2zm16 0H8v2h12v-2zM4 16h2v2H4v-2zm16 0H8v2h12v-2z\" fill=\"currentColor\"><\/path><\/svg><svg style=\"fill: #999;color:#999\" class=\"arrow-unsorted-368013\" xmlns=\"http:\/\/www.w3.org\/2000\/svg\" width=\"10px\" height=\"10px\" viewBox=\"0 0 24 24\" version=\"1.2\" baseProfile=\"tiny\"><path d=\"M18.2 9.3l-6.2-6.3-6.2 6.3c-.2.2-.3.4-.3.7s.1.5.3.7c.2.2.4.3.7.3h11c.3 0 .5-.1.7-.3.2-.2.3-.5.3-.7s-.1-.5-.3-.7zM5.8 14.7l6.2 6.3 6.2-6.3c.2-.2.3-.5.3-.7s-.1-.5-.3-.7c-.2-.2-.4-.3-.7-.3h-11c-.3 0-.5.1-.7.3-.2.2-.3.5-.3.7s.1.5.3.7z\"\/><\/svg><\/span><\/span><\/span><\/a><\/span><\/div>\n<nav><ul class='ez-toc-list ez-toc-list-level-1 eztoc-toggle-hide-by-default' ><li class='ez-toc-page-1 ez-toc-heading-level-2'><a class=\"ez-toc-link ez-toc-heading-1\" href=\"https:\/\/www.ignas.com\/it\/blog\/tour-spiagge-del-friuli\/#Spiagge_Friuli_le_piu_belle\" >Spiagge Friuli: le pi\u00f9 belle<\/a><\/li><li class='ez-toc-page-1 ez-toc-heading-level-2'><a class=\"ez-toc-link ez-toc-heading-2\" href=\"https:\/\/www.ignas.com\/it\/blog\/tour-spiagge-del-friuli\/#Lignano_Sabbiadoro_il_classico\" >Lignano Sabbiadoro: il classico<\/a><\/li><li class='ez-toc-page-1 ez-toc-heading-level-2'><a class=\"ez-toc-link ez-toc-heading-3\" href=\"https:\/\/www.ignas.com\/it\/blog\/tour-spiagge-del-friuli\/#Spiagge_di_Grado_il_volto_selvaggio\" >Spiagge di Grado: il volto selvaggio<\/a><\/li><li class='ez-toc-page-1 ez-toc-heading-level-2'><a class=\"ez-toc-link ez-toc-heading-4\" href=\"https:\/\/www.ignas.com\/it\/blog\/tour-spiagge-del-friuli\/#Laguna_di_Marano_oltre_le_spiagge\" >Laguna di Marano: oltre le spiagge<\/a><ul class='ez-toc-list-level-3' ><li class='ez-toc-heading-level-3'><a class=\"ez-toc-link ez-toc-heading-5\" href=\"https:\/\/www.ignas.com\/it\/blog\/tour-spiagge-del-friuli\/#Marina_Julia_Camping_Village_cuore_verde_del_mare\" >Marina Julia Camping Village: cuore verde del mare<\/a><\/li><li class='ez-toc-page-1 ez-toc-heading-level-3'><a class=\"ez-toc-link ez-toc-heading-6\" href=\"https:\/\/www.ignas.com\/it\/blog\/tour-spiagge-del-friuli\/#Riserva_Naturale_Foce_Isonzo_e_tanto_altro\" >Riserva Naturale Foce Isonzo e tanto altro<\/a><\/li><\/ul><\/li><li class='ez-toc-page-1 ez-toc-heading-level-2'><a class=\"ez-toc-link ez-toc-heading-7\" href=\"https:\/\/www.ignas.com\/it\/blog\/tour-spiagge-del-friuli\/#Spiagge_di_Trieste\" >Spiagge di Trieste<\/a><ul class='ez-toc-list-level-3' ><li class='ez-toc-heading-level-3'><a class=\"ez-toc-link ez-toc-heading-8\" href=\"https:\/\/www.ignas.com\/it\/blog\/tour-spiagge-del-friuli\/#Duino\" >Duino<\/a><\/li><li class='ez-toc-page-1 ez-toc-heading-level-3'><a class=\"ez-toc-link ez-toc-heading-9\" href=\"https:\/\/www.ignas.com\/it\/blog\/tour-spiagge-del-friuli\/#Aurisina\" >Aurisina<\/a><\/li><li class='ez-toc-page-1 ez-toc-heading-level-3'><a class=\"ez-toc-link ez-toc-heading-10\" href=\"https:\/\/www.ignas.com\/it\/blog\/tour-spiagge-del-friuli\/#Sistiana\" >Sistiana<\/a><\/li><\/ul><\/li><li class='ez-toc-page-1 ez-toc-heading-level-2'><a class=\"ez-toc-link ez-toc-heading-11\" href=\"https:\/\/www.ignas.com\/it\/blog\/tour-spiagge-del-friuli\/#La_vicina_Slovenia\" >La vicina Slovenia<\/a><ul class='ez-toc-list-level-3' ><li class='ez-toc-heading-level-3'><a class=\"ez-toc-link ez-toc-heading-12\" href=\"https:\/\/www.ignas.com\/it\/blog\/tour-spiagge-del-friuli\/#Ancarano\" >Ancarano<\/a><\/li><li class='ez-toc-page-1 ez-toc-heading-level-3'><a class=\"ez-toc-link ez-toc-heading-13\" href=\"https:\/\/www.ignas.com\/it\/blog\/tour-spiagge-del-friuli\/#Izola_sabbiosa_e_verde\" >Izola: sabbiosa e verde<\/a><\/li><li class='ez-toc-page-1 ez-toc-heading-level-3'><a class=\"ez-toc-link ez-toc-heading-14\" href=\"https:\/\/www.ignas.com\/it\/blog\/tour-spiagge-del-friuli\/#Portorose_il_cuore_della_spiaggia_slovena\" >Portorose: il cuore della spiaggia slovena<\/a><\/li><\/ul><\/li><\/ul><\/nav><\/div>\n\n<p>Oltre 110 chilometri di costa. Il Friuli Venezia Giulia pur essendo al terz&#8217;ultimo posto per lunghezza della sua spiaggia, ha tuttavia una variet\u00e0 da far invidia a tutte le altre regioni. Innanzitutto il mare del Friuli \u00e8 caratterizzato dal grande Golfo di Trieste, dalle turistiche Lignano Sabbiadoro e Grado, dagli antichi borghi marinari dal fascino invariato, come Duino e Muggia, ma anche da una interessante biodiversit\u00e0, testimoniata dalla presenza della Laguna di Marano, con Isole, Istmi e Riserve Naturali.<\/p>\n<h2><span class=\"ez-toc-section\" id=\"Lignano_Sabbiadoro_il_classico\"><\/span>Lignano Sabbiadoro: il classico<span class=\"ez-toc-section-end\"><\/span><\/h2>\n<p><img loading=\"lazy\" decoding=\"async\" class=\"alignnone size-full wp-image-25325\" src=\"https:\/\/www.ignas.com\/it\/blog\/wp-content\/uploads\/2022\/07\/lignano-sabbiadoro.jpeg\" alt=\"Spiaggia di Lignano\" width=\"750\" height=\"308\" srcset=\"https:\/\/www.ignas.com\/it\/blog\/wp-content\/uploads\/2022\/07\/lignano-sabbiadoro.jpeg 750w, https:\/\/www.ignas.com\/it\/blog\/wp-content\/uploads\/2022\/07\/lignano-sabbiadoro-300x123.jpeg 300w\" sizes=\"auto, (max-width: 750px) 100vw, 750px\" \/><\/p>\n<p>Lignano Sabbiadoro \u00e8 la meta scelta da molte famiglie. Un po&#8217; per via degli 8 km di sabbia fine, ma anche per altri due elementi formidabili: intrattenimento e l&#8217;ottima Pineta che caratterizza tutta una zona del litorale. Questi ultimi 2 ingredienti ne fanno un&#8217;alleate delle famiglie con bimbi, che trovano il fresco riparo della pineta in tutte le ore del giorno, e la sera non mancano di avere cose da fare e vivere insieme ai pi\u00f9 piccoli.<\/p>\n<h2><span class=\"ez-toc-section\" id=\"Spiagge_di_Grado_il_volto_selvaggio\"><\/span>Spiagge di Grado: il volto selvaggio<span class=\"ez-toc-section-end\"><\/span><\/h2>\n<p><img loading=\"lazy\" decoding=\"async\" class=\"alignnone size-full wp-image-25326\" src=\"https:\/\/www.ignas.com\/it\/blog\/wp-content\/uploads\/2022\/07\/spiagge-di-grado.jpeg\" alt=\"spiagge di Grado, Friuli\" width=\"750\" height=\"499\" srcset=\"https:\/\/www.ignas.com\/it\/blog\/wp-content\/uploads\/2022\/07\/spiagge-di-grado.jpeg 750w, https:\/\/www.ignas.com\/it\/blog\/wp-content\/uploads\/2022\/07\/spiagge-di-grado-300x200.jpeg 300w\" sizes=\"auto, (max-width: 750px) 100vw, 750px\" \/><\/p>\n<p>Spiaggia attrezzata, spiaggia libera e le dune di Grado con dietro la pineta. Questi sono i principali ingredienti per chi sceglie di viere una vacanza in estate in questa localit\u00e0 di mare. Sulle spiagge attrezzate c&#8217;\u00e8 l&#8217;imbarazzo della scelta. Infatti sono 3 i chilometri a disposizione con ombrellone e lettini. Su quelle libere la scelta\u00a0 si sposta verso la zona Pineta. Pini , laguna da una parte e mare dall&#8217;altra, sabbia sottile e mare con bandiera blu confermate da vari anni. Per chi ama la dimensione selvaggia del mare ci si trova nel posto giusto!<\/p>\n<h2><span class=\"ez-toc-section\" id=\"Laguna_di_Marano_oltre_le_spiagge\"><\/span>Laguna di Marano: oltre le spiagge<span class=\"ez-toc-section-end\"><\/span><\/h2>\n<p><img loading=\"lazy\" decoding=\"async\" class=\"alignnone size-full wp-image-25327\" src=\"https:\/\/www.ignas.com\/it\/blog\/wp-content\/uploads\/2022\/07\/laguna-marano.jpeg\" alt=\"Laguna di Marano\" width=\"667\" height=\"500\" srcset=\"https:\/\/www.ignas.com\/it\/blog\/wp-content\/uploads\/2022\/07\/laguna-marano.jpeg 667w, https:\/\/www.ignas.com\/it\/blog\/wp-content\/uploads\/2022\/07\/laguna-marano-300x225.jpeg 300w\" sizes=\"auto, (max-width: 667px) 100vw, 667px\" \/><\/p>\n<p>Le due penisole di Lignano e Grado, avvolgono in un abbraccio questa Laguna di oltre 90 km\u00b2. L&#8217;area \u00e8 molto vasta per questo \u00e8 meglio fare un paio di punti che \u00e8 meglio non perdere:<\/p>\n<ul>\n<li>Riserva Naturale dello Stella: micro-universo faunistico e vegetale, fra Lignano, Aprilia Marittima e Marano. Gli amanti del Birdwatching lo adoreranno.<\/li>\n<li>Ciclabile sulla laguna: una strada cicliabile che in quasi 5 km attraversa l&#8217;intera Laguna, passando per l&#8217;Isola Gorgo, Isola Ravaiarina, e Valle del Moro. Colori che sembrano venire da un altro pianeta.<\/li>\n<li>Isola delle Conchiglie: spiaggia alla stato primitivo e tenuta benissimo, raggiungibile solo con scafo. Una perla nella Laguna.<\/li>\n<li>Luogo Fiabesco: secche che emergono dalle acque lagunari, lembi di terra al di sopra del livello del mare. Colori verdi della Salicornia e viola del Limonio definiscono un luogo da fiaba.<\/li>\n<\/ul>\n<h3><span class=\"ez-toc-section\" id=\"Marina_Julia_Camping_Village_cuore_verde_del_mare\"><\/span>Marina Julia Camping Village: cuore verde del mare<span class=\"ez-toc-section-end\"><\/span><\/h3>\n<p>Ci spostiamo verso il Golfo di Trieste, pi\u00f9 precisamente nella zona che va dalla foce del Fiume Isonzo e prosegue fino a Duino e Sistiana.<\/p>\n<p>Proprio nel bel mezzo di questi luoghi, incastonato nella macchia mediterranea un po&#8217; lacustre e po&#8217; marina, si trova il Marina Julia Camping Village. Oltre alla bellezza intrinseca del luogo, a colpire \u00e8 la vicinanza a posti che hanno un fascino unico. Facciamo qualche esempio?<\/p>\n<h3><span class=\"ez-toc-section\" id=\"Riserva_Naturale_Foce_Isonzo_e_tanto_altro\"><\/span>Riserva Naturale Foce Isonzo e tanto altro<span class=\"ez-toc-section-end\"><\/span><\/h3>\n<p>Cavalli che vivono liberi e selvaggi, miglior luogo d&#8217;Italia per il birdwatching, pi\u00f9 di 600 specie di piante. Un angolo di paradiso che rappresenta l&#8217;eccellenza dell&#8217;eco-turismo in Italia. Poco distante si trova anche il\u00a0<strong>Biotopo Risorgive Schiavetti<\/strong>. Un luogo generato dall&#8217;attivit\u00e0 dell&#8217;acqua dolce risorgiva che crea un habitat naturale perfetto per una grandissima biodiversit\u00e0.<\/p>\n<h2><span class=\"ez-toc-section\" id=\"Spiagge_di_Trieste\"><\/span>Spiagge di Trieste<span class=\"ez-toc-section-end\"><\/span><\/h2>\n<p>Le spiagge nelle vicinanze di Trieste sono davvero tante. Noi ne prendiamo in esame 3: Sistiana, Duino e Aurisina.<\/p>\n<h3><span class=\"ez-toc-section\" id=\"Duino\"><\/span>Duino<span class=\"ez-toc-section-end\"><\/span><\/h3>\n<p><img loading=\"lazy\" decoding=\"async\" class=\"alignnone size-full wp-image-25328\" src=\"https:\/\/www.ignas.com\/it\/blog\/wp-content\/uploads\/2022\/07\/duino-spiagge.jpeg\" alt=\"spiagge di Duino\" width=\"750\" height=\"500\" srcset=\"https:\/\/www.ignas.com\/it\/blog\/wp-content\/uploads\/2022\/07\/duino-spiagge.jpeg 750w, https:\/\/www.ignas.com\/it\/blog\/wp-content\/uploads\/2022\/07\/duino-spiagge-300x200.jpeg 300w\" sizes=\"auto, (max-width: 750px) 100vw, 750px\" \/><\/p>\n<p>Piccolo borgo marinaro, vive della bellezza del posto sia dal punto di vista naturalistico che da quello storico.<\/p>\n<p>Da segnalare il Castello di Duino, la piccola Spiaggetta del Principe e lo scoglio di Dante.<\/p>\n<h3><span class=\"ez-toc-section\" id=\"Aurisina\"><\/span>Aurisina<span class=\"ez-toc-section-end\"><\/span><\/h3>\n<p>Una lunghissima spiaggia con tutto il bosco della macchia mediterranea affacciato sul mare. Dal bosco partono vari sentieri che portano sia al mare che al piccolo borgo, che si trova poco sopra.<\/p>\n<h3><span class=\"ez-toc-section\" id=\"Sistiana\"><\/span>Sistiana<span class=\"ez-toc-section-end\"><\/span><\/h3>\n<p>Ci troviamo di fronte a un piccolo diamante incastonato in modo perfetto rispetto all&#8217;ambiente. In questo borgo c&#8217;\u00e8 tutto: un bellissimo porto, un centro storico con negozietti e la campagna tutta intorno. Il mare \u00e8 il fedele compagno dell&#8217;intera zona.<\/p>\n<h2><span class=\"ez-toc-section\" id=\"La_vicina_Slovenia\"><\/span>La vicina Slovenia<span class=\"ez-toc-section-end\"><\/span><\/h2>\n<p><img loading=\"lazy\" decoding=\"async\" class=\"alignnone size-full wp-image-25329\" src=\"https:\/\/www.ignas.com\/it\/blog\/wp-content\/uploads\/2022\/07\/slovenia-spiagge.jpg\" alt=\"spiagge della Slovenia\" width=\"749\" height=\"500\" srcset=\"https:\/\/www.ignas.com\/it\/blog\/wp-content\/uploads\/2022\/07\/slovenia-spiagge.jpg 749w, https:\/\/www.ignas.com\/it\/blog\/wp-content\/uploads\/2022\/07\/slovenia-spiagge-300x200.jpg 300w\" sizes=\"auto, (max-width: 749px) 100vw, 749px\" \/><\/p>\n<p>La costa della Slovenia \u00e8 di appena 45 km. Eppure in una distanza cosi relativamente piccola si affacciano spiagge per tutti i tipi di vacanze. Facciamo qualche esempio.<\/p>\n<h3><span class=\"ez-toc-section\" id=\"Ancarano\"><\/span>Ancarano<span class=\"ez-toc-section-end\"><\/span><\/h3>\n<p>Qui la spiaggia ha una parola d&#8217;ordine: duttilit\u00e0! Infatti vi sono spiagge adatte ad una dimensione a tu per tu con la natura (Baia di San Bartolomeo) e altre perfette per un aperitivo sul tramontar del sole, come quella che si affaccia dal lungomare del centro.<\/p>\n<h3><span class=\"ez-toc-section\" id=\"Izola_sabbiosa_e_verde\"><\/span>Izola: sabbiosa e verde<span class=\"ez-toc-section-end\"><\/span><\/h3>\n<p>Perfetta per un pic-nic grazie alla zona verdeggiante che si affaccia sul mare, ma anche un&#8217;ottima alleata per le vacanze con bambini: la sabbia sottile accompagna gran parte di questa costa. Da segnale anche la presenza di una spiaggetta dedicata ai cani.<\/p>\n<h3><span class=\"ez-toc-section\" id=\"Portorose_il_cuore_della_spiaggia_slovena\"><\/span>Portorose: il cuore della spiaggia slovena<span class=\"ez-toc-section-end\"><\/span><\/h3>\n<div class=\"vlp-link-container vlp-layout-test1\"><a href=\"https:\/\/www.ignas.com\/it\/vacanze-slovenia\/portorose\/hotel-histrion\" class=\"vlp-link\" title=\"Hotel Histrion, 4 stelle, Portorose | Ignas Tour\" rel=\"nofollow\" target=\"_blank\"><\/a><div class=\"vlp-layout-zone-side\"><div class=\"vlp-block-3 vlp-link-image\"><img loading=\"lazy\" decoding=\"async\" style=\"max-width: 150px;\" width=\"150\" height=\"94\" src=\"https:\/\/www.ignas.com\/it\/blog\/wp-content\/uploads\/2022\/07\/Hotel-Histrion.jpg\" class=\"attachment-150x999 size-150x999\" alt=\"Lo splendido panorama del Golfo di Pirano, dove si trova l&#039;Hotel Histrion.\" srcset=\"https:\/\/www.ignas.com\/it\/blog\/wp-content\/uploads\/2022\/07\/Hotel-Histrion.jpg 1000w, https:\/\/www.ignas.com\/it\/blog\/wp-content\/uploads\/2022\/07\/Hotel-Histrion-300x188.jpg 300w, https:\/\/www.ignas.com\/it\/blog\/wp-content\/uploads\/2022\/07\/Hotel-Histrion-768x480.jpg 768w, https:\/\/www.ignas.com\/it\/blog\/wp-content\/uploads\/2022\/07\/Hotel-Histrion-320x200.jpg 320w\" sizes=\"auto, (max-width: 150px) 100vw, 150px\" \/><\/div><\/div><div class=\"vlp-layout-zone-main\"><div class=\"vlp-block-0 vlp-link-title\">Hotel Histrion, 4 stelle, Portorose | Ignas Tour<\/div><div class=\"vlp-block-1 vlp-link-summary\">Sul golfo del Pirano, in mezza pensione con ingresso al parco termale!<\/div><div class=\"vlp-block-2 vlp-link-button\">Clicca e vedi!<\/div><\/div><\/div>\n<p>Le spiagge di Portorose rappresentano una doppia alternativa di vacanza: mare e terme! Infatti da una parte \u00e8 presente una costa che offre sia spiagge libere che private con lettini e ombrelloni. Dall&#8217;altra si pu\u00f2 puntare sull&#8217;altra anima del luogo, che sono le magnifiche Terme. E non finisce qui! Con soli 15 minuti di bicicletta si pu\u00f2 raggiungere l&#8217;iconico borgo di Pirano. La ciclabile che separa le due cittadine \u00e8 una ventata di brezza marina e bellezza.<\/p>\n","protected":false},"excerpt":{"rendered":"<p>Friuli Venezia Giulia, migliori spiagge e la vicina costa della Slovenia. Questo mix dato dagli stabilimenti balneari, localit\u00e0 note come Lignano Sabbiadoro e Grado, e mete pi\u00f9 inconsuete come la Costa dei Barbari o le riserve naturali con lagune stupende, \u00e8 un insieme di ricette che merita un vero e proprio Tour. Spiagge Friuli: le [&hellip;]<\/p>\n","protected":false},"author":2,"featured_media":25328,"comment_status":"closed","ping_status":"closed","sticky":false,"template":"","format":"standard","meta":{"_acf_changed":false,"inline_featured_image":false,"_lmt_disableupdate":"no","_lmt_disable":"no","_monsterinsights_skip_tracking":false,"_monsterinsights_sitenote_active":false,"_monsterinsights_sitenote_note":"","_monsterinsights_sitenote_category":0,"footnotes":""},"categories":[3],"tags":[],"class_list":["post-25322","post","type-post","status-publish","format-standard","has-post-thumbnail","hentry","category-terre-di-mare"],"acf":[],"yoast_head":"<!-- This site is optimized with the Yoast SEO plugin v27.5 - https:\/\/yoast.com\/product\/yoast-seo-wordpress\/ -->\n<title>Tour fra le spiagge del Friuli e della Slovenia - Ignas Tour<\/title>\n<meta name=\"description\" content=\"Spiagge Friuli: dalla parte pi\u00f9 a sud fino al Golfo di Trieste passando per la Laguna di Marano, un tour che ci porta anche in Slovenia\" \/>\n<meta name=\"robots\" content=\"index, follow, max-snippet:-1, max-image-preview:large, max-video-preview:-1\" \/>\n<link rel=\"canonical\" href=\"https:\/\/www.ignas.com\/it\/blog\/tour-spiagge-del-friuli\/\" \/>\n<meta property=\"og:locale\" content=\"it_IT\" \/>\n<meta property=\"og:type\" content=\"article\" \/>\n<meta property=\"og:title\" content=\"Tour fra le spiagge del Friuli e della Slovenia - Ignas Tour\" \/>\n<meta property=\"og:description\" content=\"Spiagge Friuli: dalla parte pi\u00f9 a sud fino al Golfo di Trieste passando per la Laguna di Marano, un tour che ci porta anche in Slovenia\" \/>\n<meta property=\"og:url\" content=\"https:\/\/www.ignas.com\/it\/blog\/tour-spiagge-del-friuli\/\" \/>\n<meta property=\"og:site_name\" content=\"Ignas Tour\" \/>\n<meta property=\"article:published_time\" content=\"2022-07-04T09:28:39+00:00\" \/>\n<meta property=\"article:modified_time\" content=\"2025-02-07T10:42:49+00:00\" \/>\n<meta property=\"og:image\" content=\"https:\/\/www.ignas.com\/it\/blog\/wp-content\/uploads\/2022\/07\/duino-spiagge.jpeg\" \/>\n\t<meta property=\"og:image:width\" content=\"750\" \/>\n\t<meta property=\"og:image:height\" content=\"500\" \/>\n\t<meta property=\"og:image:type\" content=\"image\/jpeg\" \/>\n<meta name=\"author\" content=\"Fabrizio\" \/>\n<meta name=\"twitter:card\" content=\"summary_large_image\" \/>\n<meta name=\"twitter:label1\" content=\"Scritto da\" \/>\n\t<meta name=\"twitter:data1\" content=\"Fabrizio\" \/>\n\t<meta name=\"twitter:label2\" content=\"Tempo di lettura stimato\" \/>\n\t<meta name=\"twitter:data2\" content=\"7 minuti\" \/>\n<script type=\"application\/ld+json\" class=\"yoast-schema-graph\">{\"@context\":\"https:\\\/\\\/schema.org\",\"@graph\":[{\"@type\":\"Article\",\"@id\":\"https:\\\/\\\/www.ignas.com\\\/it\\\/blog\\\/tour-spiagge-del-friuli\\\/#article\",\"isPartOf\":{\"@id\":\"https:\\\/\\\/www.ignas.com\\\/it\\\/blog\\\/tour-spiagge-del-friuli\\\/\"},\"author\":{\"name\":\"Fabrizio\",\"@id\":\"https:\\\/\\\/www.ignas.com\\\/it\\\/blog\\\/#\\\/schema\\\/person\\\/cb41520c07db292cc5a20ce104e28a1d\"},\"headline\":\"Tour fra le spiagge del Friuli e della Slovenia\",\"datePublished\":\"2022-07-04T09:28:39+00:00\",\"dateModified\":\"2025-02-07T10:42:49+00:00\",\"mainEntityOfPage\":{\"@id\":\"https:\\\/\\\/www.ignas.com\\\/it\\\/blog\\\/tour-spiagge-del-friuli\\\/\"},\"wordCount\":996,\"publisher\":{\"@id\":\"https:\\\/\\\/www.ignas.com\\\/it\\\/blog\\\/#organization\"},\"image\":{\"@id\":\"https:\\\/\\\/www.ignas.com\\\/it\\\/blog\\\/tour-spiagge-del-friuli\\\/#primaryimage\"},\"thumbnailUrl\":\"https:\\\/\\\/www.ignas.com\\\/it\\\/blog\\\/wp-content\\\/uploads\\\/2022\\\/07\\\/duino-spiagge.jpeg\",\"articleSection\":[\"Terre di mare\"],\"inLanguage\":\"it-IT\"},{\"@type\":\"WebPage\",\"@id\":\"https:\\\/\\\/www.ignas.com\\\/it\\\/blog\\\/tour-spiagge-del-friuli\\\/\",\"url\":\"https:\\\/\\\/www.ignas.com\\\/it\\\/blog\\\/tour-spiagge-del-friuli\\\/\",\"name\":\"Tour fra le spiagge del Friuli e della Slovenia - Ignas Tour\",\"isPartOf\":{\"@id\":\"https:\\\/\\\/www.ignas.com\\\/it\\\/blog\\\/#website\"},\"primaryImageOfPage\":{\"@id\":\"https:\\\/\\\/www.ignas.com\\\/it\\\/blog\\\/tour-spiagge-del-friuli\\\/#primaryimage\"},\"image\":{\"@id\":\"https:\\\/\\\/www.ignas.com\\\/it\\\/blog\\\/tour-spiagge-del-friuli\\\/#primaryimage\"},\"thumbnailUrl\":\"https:\\\/\\\/www.ignas.com\\\/it\\\/blog\\\/wp-content\\\/uploads\\\/2022\\\/07\\\/duino-spiagge.jpeg\",\"datePublished\":\"2022-07-04T09:28:39+00:00\",\"dateModified\":\"2025-02-07T10:42:49+00:00\",\"description\":\"Spiagge Friuli: dalla parte pi\u00f9 a sud fino al Golfo di Trieste passando per la Laguna di Marano, un tour che ci porta anche in Slovenia\",\"breadcrumb\":{\"@id\":\"https:\\\/\\\/www.ignas.com\\\/it\\\/blog\\\/tour-spiagge-del-friuli\\\/#breadcrumb\"},\"inLanguage\":\"it-IT\",\"potentialAction\":[{\"@type\":\"ReadAction\",\"target\":[\"https:\\\/\\\/www.ignas.com\\\/it\\\/blog\\\/tour-spiagge-del-friuli\\\/\"]}]},{\"@type\":\"ImageObject\",\"inLanguage\":\"it-IT\",\"@id\":\"https:\\\/\\\/www.ignas.com\\\/it\\\/blog\\\/tour-spiagge-del-friuli\\\/#primaryimage\",\"url\":\"https:\\\/\\\/www.ignas.com\\\/it\\\/blog\\\/wp-content\\\/uploads\\\/2022\\\/07\\\/duino-spiagge.jpeg\",\"contentUrl\":\"https:\\\/\\\/www.ignas.com\\\/it\\\/blog\\\/wp-content\\\/uploads\\\/2022\\\/07\\\/duino-spiagge.jpeg\",\"width\":750,\"height\":500},{\"@type\":\"BreadcrumbList\",\"@id\":\"https:\\\/\\\/www.ignas.com\\\/it\\\/blog\\\/tour-spiagge-del-friuli\\\/#breadcrumb\",\"itemListElement\":[{\"@type\":\"ListItem\",\"position\":1,\"name\":\"Home\",\"item\":\"https:\\\/\\\/www.ignas.com\\\/it\\\/blog\\\/\"},{\"@type\":\"ListItem\",\"position\":2,\"name\":\"Tour fra le spiagge del Friuli e della Slovenia\"}]},{\"@type\":\"WebSite\",\"@id\":\"https:\\\/\\\/www.ignas.com\\\/it\\\/blog\\\/#website\",\"url\":\"https:\\\/\\\/www.ignas.com\\\/it\\\/blog\\\/\",\"name\":\"Ignas Tour\",\"description\":\"\",\"publisher\":{\"@id\":\"https:\\\/\\\/www.ignas.com\\\/it\\\/blog\\\/#organization\"},\"potentialAction\":[{\"@type\":\"SearchAction\",\"target\":{\"@type\":\"EntryPoint\",\"urlTemplate\":\"https:\\\/\\\/www.ignas.com\\\/it\\\/blog\\\/?s={search_term_string}\"},\"query-input\":{\"@type\":\"PropertyValueSpecification\",\"valueRequired\":true,\"valueName\":\"search_term_string\"}}],\"inLanguage\":\"it-IT\"},{\"@type\":\"Organization\",\"@id\":\"https:\\\/\\\/www.ignas.com\\\/it\\\/blog\\\/#organization\",\"name\":\"Ignas Tour\",\"url\":\"https:\\\/\\\/www.ignas.com\\\/it\\\/blog\\\/\",\"logo\":{\"@type\":\"ImageObject\",\"inLanguage\":\"it-IT\",\"@id\":\"https:\\\/\\\/www.ignas.com\\\/it\\\/blog\\\/#\\\/schema\\\/logo\\\/image\\\/\",\"url\":\"https:\\\/\\\/www.ignas.com\\\/it\\\/blog\\\/wp-content\\\/uploads\\\/2020\\\/01\\\/logo-ignas-com-200.png\",\"contentUrl\":\"https:\\\/\\\/www.ignas.com\\\/it\\\/blog\\\/wp-content\\\/uploads\\\/2020\\\/01\\\/logo-ignas-com-200.png\",\"width\":1147,\"height\":329,\"caption\":\"Ignas Tour\"},\"image\":{\"@id\":\"https:\\\/\\\/www.ignas.com\\\/it\\\/blog\\\/#\\\/schema\\\/logo\\\/image\\\/\"}},{\"@type\":\"Person\",\"@id\":\"https:\\\/\\\/www.ignas.com\\\/it\\\/blog\\\/#\\\/schema\\\/person\\\/cb41520c07db292cc5a20ce104e28a1d\",\"name\":\"Fabrizio\",\"image\":{\"@type\":\"ImageObject\",\"inLanguage\":\"it-IT\",\"@id\":\"https:\\\/\\\/secure.gravatar.com\\\/avatar\\\/e17f60c58ebe3feb555b9028681e30cfd921758bbdd1f8e9816f1d7d08c1bd9f?s=96&d=mm&r=g\",\"url\":\"https:\\\/\\\/secure.gravatar.com\\\/avatar\\\/e17f60c58ebe3feb555b9028681e30cfd921758bbdd1f8e9816f1d7d08c1bd9f?s=96&d=mm&r=g\",\"contentUrl\":\"https:\\\/\\\/secure.gravatar.com\\\/avatar\\\/e17f60c58ebe3feb555b9028681e30cfd921758bbdd1f8e9816f1d7d08c1bd9f?s=96&d=mm&r=g\",\"caption\":\"Fabrizio\"},\"description\":\"Seo Copywriter\"}]}<\/script>\n<!-- \/ Yoast SEO plugin. -->","yoast_head_json":{"title":"Tour fra le spiagge del Friuli e della Slovenia - Ignas Tour","description":"Spiagge Friuli: dalla parte pi\u00f9 a sud fino al Golfo di Trieste passando per la Laguna di Marano, un tour che ci porta anche in Slovenia","robots":{"index":"index","follow":"follow","max-snippet":"max-snippet:-1","max-image-preview":"max-image-preview:large","max-video-preview":"max-video-preview:-1"},"canonical":"https:\/\/www.ignas.com\/it\/blog\/tour-spiagge-del-friuli\/","og_locale":"it_IT","og_type":"article","og_title":"Tour fra le spiagge del Friuli e della Slovenia - Ignas Tour","og_description":"Spiagge Friuli: dalla parte pi\u00f9 a sud fino al Golfo di Trieste passando per la Laguna di Marano, un tour che ci porta anche in Slovenia","og_url":"https:\/\/www.ignas.com\/it\/blog\/tour-spiagge-del-friuli\/","og_site_name":"Ignas Tour","article_published_time":"2022-07-04T09:28:39+00:00","article_modified_time":"2025-02-07T10:42:49+00:00","og_image":[{"width":750,"height":500,"url":"https:\/\/www.ignas.com\/it\/blog\/wp-content\/uploads\/2022\/07\/duino-spiagge.jpeg","type":"image\/jpeg"}],"author":"Fabrizio","twitter_card":"summary_large_image","twitter_misc":{"Scritto da":"Fabrizio","Tempo di lettura stimato":"7 minuti"},"schema":{"@context":"https:\/\/schema.org","@graph":[{"@type":"Article","@id":"https:\/\/www.ignas.com\/it\/blog\/tour-spiagge-del-friuli\/#article","isPartOf":{"@id":"https:\/\/www.ignas.com\/it\/blog\/tour-spiagge-del-friuli\/"},"author":{"name":"Fabrizio","@id":"https:\/\/www.ignas.com\/it\/blog\/#\/schema\/person\/cb41520c07db292cc5a20ce104e28a1d"},"headline":"Tour fra le spiagge del Friuli e della Slovenia","datePublished":"2022-07-04T09:28:39+00:00","dateModified":"2025-02-07T10:42:49+00:00","mainEntityOfPage":{"@id":"https:\/\/www.ignas.com\/it\/blog\/tour-spiagge-del-friuli\/"},"wordCount":996,"publisher":{"@id":"https:\/\/www.ignas.com\/it\/blog\/#organization"},"image":{"@id":"https:\/\/www.ignas.com\/it\/blog\/tour-spiagge-del-friuli\/#primaryimage"},"thumbnailUrl":"https:\/\/www.ignas.com\/it\/blog\/wp-content\/uploads\/2022\/07\/duino-spiagge.jpeg","articleSection":["Terre di mare"],"inLanguage":"it-IT"},{"@type":"WebPage","@id":"https:\/\/www.ignas.com\/it\/blog\/tour-spiagge-del-friuli\/","url":"https:\/\/www.ignas.com\/it\/blog\/tour-spiagge-del-friuli\/","name":"Tour fra le spiagge del Friuli e della Slovenia - Ignas Tour","isPartOf":{"@id":"https:\/\/www.ignas.com\/it\/blog\/#website"},"primaryImageOfPage":{"@id":"https:\/\/www.ignas.com\/it\/blog\/tour-spiagge-del-friuli\/#primaryimage"},"image":{"@id":"https:\/\/www.ignas.com\/it\/blog\/tour-spiagge-del-friuli\/#primaryimage"},"thumbnailUrl":"https:\/\/www.ignas.com\/it\/blog\/wp-content\/uploads\/2022\/07\/duino-spiagge.jpeg","datePublished":"2022-07-04T09:28:39+00:00","dateModified":"2025-02-07T10:42:49+00:00","description":"Spiagge Friuli: dalla parte pi\u00f9 a sud fino al Golfo di Trieste passando per la Laguna di Marano, un tour che ci porta anche in Slovenia","breadcrumb":{"@id":"https:\/\/www.ignas.com\/it\/blog\/tour-spiagge-del-friuli\/#breadcrumb"},"inLanguage":"it-IT","potentialAction":[{"@type":"ReadAction","target":["https:\/\/www.ignas.com\/it\/blog\/tour-spiagge-del-friuli\/"]}]},{"@type":"ImageObject","inLanguage":"it-IT","@id":"https:\/\/www.ignas.com\/it\/blog\/tour-spiagge-del-friuli\/#primaryimage","url":"https:\/\/www.ignas.com\/it\/blog\/wp-content\/uploads\/2022\/07\/duino-spiagge.jpeg","contentUrl":"https:\/\/www.ignas.com\/it\/blog\/wp-content\/uploads\/2022\/07\/duino-spiagge.jpeg","width":750,"height":500},{"@type":"BreadcrumbList","@id":"https:\/\/www.ignas.com\/it\/blog\/tour-spiagge-del-friuli\/#breadcrumb","itemListElement":[{"@type":"ListItem","position":1,"name":"Home","item":"https:\/\/www.ignas.com\/it\/blog\/"},{"@type":"ListItem","position":2,"name":"Tour fra le spiagge del Friuli e della Slovenia"}]},{"@type":"WebSite","@id":"https:\/\/www.ignas.com\/it\/blog\/#website","url":"https:\/\/www.ignas.com\/it\/blog\/","name":"Ignas Tour","description":"","publisher":{"@id":"https:\/\/www.ignas.com\/it\/blog\/#organization"},"potentialAction":[{"@type":"SearchAction","target":{"@type":"EntryPoint","urlTemplate":"https:\/\/www.ignas.com\/it\/blog\/?s={search_term_string}"},"query-input":{"@type":"PropertyValueSpecification","valueRequired":true,"valueName":"search_term_string"}}],"inLanguage":"it-IT"},{"@type":"Organization","@id":"https:\/\/www.ignas.com\/it\/blog\/#organization","name":"Ignas Tour","url":"https:\/\/www.ignas.com\/it\/blog\/","logo":{"@type":"ImageObject","inLanguage":"it-IT","@id":"https:\/\/www.ignas.com\/it\/blog\/#\/schema\/logo\/image\/","url":"https:\/\/www.ignas.com\/it\/blog\/wp-content\/uploads\/2020\/01\/logo-ignas-com-200.png","contentUrl":"https:\/\/www.ignas.com\/it\/blog\/wp-content\/uploads\/2020\/01\/logo-ignas-com-200.png","width":1147,"height":329,"caption":"Ignas Tour"},"image":{"@id":"https:\/\/www.ignas.com\/it\/blog\/#\/schema\/logo\/image\/"}},{"@type":"Person","@id":"https:\/\/www.ignas.com\/it\/blog\/#\/schema\/person\/cb41520c07db292cc5a20ce104e28a1d","name":"Fabrizio","image":{"@type":"ImageObject","inLanguage":"it-IT","@id":"https:\/\/secure.gravatar.com\/avatar\/e17f60c58ebe3feb555b9028681e30cfd921758bbdd1f8e9816f1d7d08c1bd9f?s=96&d=mm&r=g","url":"https:\/\/secure.gravatar.com\/avatar\/e17f60c58ebe3feb555b9028681e30cfd921758bbdd1f8e9816f1d7d08c1bd9f?s=96&d=mm&r=g","contentUrl":"https:\/\/secure.gravatar.com\/avatar\/e17f60c58ebe3feb555b9028681e30cfd921758bbdd1f8e9816f1d7d08c1bd9f?s=96&d=mm&r=g","caption":"Fabrizio"},"description":"Seo Copywriter"}]}},"modified_by":"Denise Basano","_links":{"self":[{"href":"https:\/\/www.ignas.com\/it\/blog\/wp-json\/wp\/v2\/posts\/25322","targetHints":{"allow":["GET"]}}],"collection":[{"href":"https:\/\/www.ignas.com\/it\/blog\/wp-json\/wp\/v2\/posts"}],"about":[{"href":"https:\/\/www.ignas.com\/it\/blog\/wp-json\/wp\/v2\/types\/post"}],"author":[{"embeddable":true,"href":"https:\/\/www.ignas.com\/it\/blog\/wp-json\/wp\/v2\/users\/2"}],"replies":[{"embeddable":true,"href":"https:\/\/www.ignas.com\/it\/blog\/wp-json\/wp\/v2\/comments?post=25322"}],"version-history":[{"count":7,"href":"https:\/\/www.ignas.com\/it\/blog\/wp-json\/wp\/v2\/posts\/25322\/revisions"}],"predecessor-version":[{"id":28496,"href":"https:\/\/www.ignas.com\/it\/blog\/wp-json\/wp\/v2\/posts\/25322\/revisions\/28496"}],"wp:featuredmedia":[{"embeddable":true,"href":"https:\/\/www.ignas.com\/it\/blog\/wp-json\/wp\/v2\/media\/25328"}],"wp:attachment":[{"href":"https:\/\/www.ignas.com\/it\/blog\/wp-json\/wp\/v2\/media?parent=25322"}],"wp:term":[{"taxonomy":"category","embeddable":true,"href":"https:\/\/www.ignas.com\/it\/blog\/wp-json\/wp\/v2\/categories?post=25322"},{"taxonomy":"post_tag","embeddable":true,"href":"https:\/\/www.ignas.com\/it\/blog\/wp-json\/wp\/v2\/tags?post=25322"}],"curies":[{"name":"wp","href":"https:\/\/api.w.org\/{rel}","templated":true}]}}