{"id":24879,"date":"2022-02-02T12:06:56","date_gmt":"2022-02-02T11:06:56","guid":{"rendered":"https:\/\/www.ignas.com\/it\/blog\/?p=24879"},"modified":"2024-02-28T12:02:53","modified_gmt":"2024-02-28T11:02:53","slug":"vacanze-in-montagna","status":"publish","type":"post","link":"https:\/\/www.ignas.com\/it\/blog\/vacanze-in-montagna\/","title":{"rendered":"Vacanze in montagna: come risparmiare e cosa portarsi"},"content":{"rendered":"<p>Vacanze in montagna? In Italia il 26% degli italiani le preferisce al mare. E a sorpresa in numero sempre maggiore di chi opta per le vacanze estive in montagna. Il motivo \u00e8 dovuto al fatto che l&#8217;alta quota offre di anno in anno sempre pi\u00f9 offerte montagna anche nei periodi lontani dall&#8217;inverno. Per molti infatti lo sci, o la neve, solo solo un elemento dei tantissimi altri che i monti hanno da offrire.<\/p>\n<p>Ma per vivere al 100% la vacanza in montagna, \u00e8 fondamentale conoscere bene cosa avere con s\u00e9 per riuscire a cavarsela in tutte le situazioni, e chi la conosce bene, sa come anche piccole sbadataggini possano costare molto caro, sia in termini di godibilit\u00e0 che in quelli di sicurezza. Oltre a lasciarvi qualche consiglio su questo e altri aspetti, abbiamo selezionato qualche hotel montagna che si posiziona da anni fra le primissime scelte, e che vi far\u00e0 risparmiare qualche soldino.<\/p>\n<h2><span class=\"ez-toc-section\" id=\"Vacanze_estive_in_montagna_che_valigia\"><\/span>Vacanze estive in montagna: che valigia?<span class=\"ez-toc-section-end\"><\/span><\/h2><div id=\"ez-toc-container\" class=\"ez-toc-v2_0_82_2 counter-hierarchy ez-toc-counter ez-toc-white ez-toc-container-direction\">\n<div class=\"ez-toc-title-container\">\n<p class=\"ez-toc-title\" style=\"cursor:inherit\"><\/p>\n<span class=\"ez-toc-title-toggle\"><a href=\"#\" class=\"ez-toc-pull-right ez-toc-btn ez-toc-btn-xs ez-toc-btn-default ez-toc-toggle\" aria-label=\"Toggle Table of Content\"><span class=\"ez-toc-js-icon-con\"><span class=\"\"><span class=\"eztoc-hide\" style=\"display:none;\">Toggle<\/span><span class=\"ez-toc-icon-toggle-span\"><svg style=\"fill: #999;color:#999\" xmlns=\"http:\/\/www.w3.org\/2000\/svg\" class=\"list-377408\" width=\"20px\" height=\"20px\" viewBox=\"0 0 24 24\" fill=\"none\"><path d=\"M6 6H4v2h2V6zm14 0H8v2h12V6zM4 11h2v2H4v-2zm16 0H8v2h12v-2zM4 16h2v2H4v-2zm16 0H8v2h12v-2z\" fill=\"currentColor\"><\/path><\/svg><svg style=\"fill: #999;color:#999\" class=\"arrow-unsorted-368013\" xmlns=\"http:\/\/www.w3.org\/2000\/svg\" width=\"10px\" height=\"10px\" viewBox=\"0 0 24 24\" version=\"1.2\" baseProfile=\"tiny\"><path d=\"M18.2 9.3l-6.2-6.3-6.2 6.3c-.2.2-.3.4-.3.7s.1.5.3.7c.2.2.4.3.7.3h11c.3 0 .5-.1.7-.3.2-.2.3-.5.3-.7s-.1-.5-.3-.7zM5.8 14.7l6.2 6.3 6.2-6.3c.2-.2.3-.5.3-.7s-.1-.5-.3-.7c-.2-.2-.4-.3-.7-.3h-11c-.3 0-.5.1-.7.3-.2.2-.3.5-.3.7s.1.5.3.7z\"\/><\/svg><\/span><\/span><\/span><\/a><\/span><\/div>\n<nav><ul class='ez-toc-list ez-toc-list-level-1 eztoc-toggle-hide-by-default' ><li class='ez-toc-page-1 ez-toc-heading-level-2'><a class=\"ez-toc-link ez-toc-heading-1\" href=\"https:\/\/www.ignas.com\/it\/blog\/vacanze-in-montagna\/#Vacanze_estive_in_montagna_che_valigia\" >Vacanze estive in montagna: che valigia?<\/a><ul class='ez-toc-list-level-3' ><li class='ez-toc-heading-level-3'><a class=\"ez-toc-link ez-toc-heading-2\" href=\"https:\/\/www.ignas.com\/it\/blog\/vacanze-in-montagna\/#Cosa_portare_in_valigia\" >Cosa portare in valigia?<\/a><\/li><\/ul><\/li><li class='ez-toc-page-1 ez-toc-heading-level-2'><a class=\"ez-toc-link ez-toc-heading-3\" href=\"https:\/\/www.ignas.com\/it\/blog\/vacanze-in-montagna\/#Vacanze_in_montagna_con_bambini\" >Vacanze in montagna con bambini<\/a><ul class='ez-toc-list-level-3' ><li class='ez-toc-heading-level-3'><a class=\"ez-toc-link ez-toc-heading-4\" href=\"https:\/\/www.ignas.com\/it\/blog\/vacanze-in-montagna\/#Vacanza_montagna_con_i_bambini_e_meglio\" >Vacanza montagna: con i bambini \u00e8 meglio..<\/a><\/li><\/ul><\/li><li class='ez-toc-page-1 ez-toc-heading-level-2'><a class=\"ez-toc-link ez-toc-heading-5\" href=\"https:\/\/www.ignas.com\/it\/blog\/vacanze-in-montagna\/#Cose_da_fare_in_montagna_destate\" >Cose da fare in montagna d&#8217;estate<\/a><ul class='ez-toc-list-level-3' ><li class='ez-toc-heading-level-3'><a class=\"ez-toc-link ez-toc-heading-6\" href=\"https:\/\/www.ignas.com\/it\/blog\/vacanze-in-montagna\/#Montagna_ferie_e_percorsi_trekking\" >Montagna ferie e percorsi trekking<\/a><\/li><li class='ez-toc-page-1 ez-toc-heading-level-3'><a class=\"ez-toc-link ez-toc-heading-7\" href=\"https:\/\/www.ignas.com\/it\/blog\/vacanze-in-montagna\/#Montagna_vacanza_e_lago\" >Montagna vacanza e lago<\/a><\/li><\/ul><\/li><li class='ez-toc-page-1 ez-toc-heading-level-2'><a class=\"ez-toc-link ez-toc-heading-8\" href=\"https:\/\/www.ignas.com\/it\/blog\/vacanze-in-montagna\/#Week_end_in_montagna_come_risparmiare\" >Week end in montagna: come risparmiare<\/a><ul class='ez-toc-list-level-3' ><li class='ez-toc-heading-level-3'><a class=\"ez-toc-link ez-toc-heading-9\" href=\"https:\/\/www.ignas.com\/it\/blog\/vacanze-in-montagna\/#Hotel_Alla_Rocca_Val_di_Fiemme\" >Hotel Alla Rocca, Val di Fiemme<\/a><\/li><li class='ez-toc-page-1 ez-toc-heading-level-3'><a class=\"ez-toc-link ez-toc-heading-10\" href=\"https:\/\/www.ignas.com\/it\/blog\/vacanze-in-montagna\/#Hotel_Piandineve_Passo_del_Tonale\" >Hotel Piandineve, Passo del Tonale<\/a><\/li><li class='ez-toc-page-1 ez-toc-heading-level-3'><a class=\"ez-toc-link ez-toc-heading-11\" href=\"https:\/\/www.ignas.com\/it\/blog\/vacanze-in-montagna\/#Hotel_Italia_Val_DAosta\" >Hotel Italia, Val D&#8217;Aosta<\/a><\/li><\/ul><\/li><\/ul><\/nav><\/div>\n\n<p><img loading=\"lazy\" decoding=\"async\" class=\"alignnone wp-image-24889 size-full\" src=\"https:\/\/www.ignas.com\/it\/blog\/wp-content\/uploads\/2022\/03\/vacanze-estive-in-montagna.jpg\" alt=\"persone in vacanza estiva in montagna\" width=\"750\" height=\"393\" srcset=\"https:\/\/www.ignas.com\/it\/blog\/wp-content\/uploads\/2022\/03\/vacanze-estive-in-montagna.jpg 750w, https:\/\/www.ignas.com\/it\/blog\/wp-content\/uploads\/2022\/03\/vacanze-estive-in-montagna-300x157.jpg 300w\" sizes=\"auto, (max-width: 750px) 100vw, 750px\" \/><\/p>\n<p>Che sia un weekend in montagna o un&#8217;intera settimana, rimane in ogni caso una costante: la valigia va fatta bene senza tralasciare nulla al caso. Ma perch\u00e9 se si va in ferie in montagna \u00e8 cos\u00ec importante la valigia?<\/p>\n<p>Perch\u00e9 a differenza di quando si sceglie di andare al mare, la montagna porta con se una serie di situazioni in cui l&#8217;equipaggiamento, il cosa si indossa, cosa si ha nello zaino, la conoscenza del posto, gli orari giusti, e il buon senso ci possono evitare brutte esperienze. E allora partiamo con una mini lista.<\/p>\n<p><a class=\"button btnBlogCTA\" href=\"https:\/\/www.ignas.com\/it\/offerte-montagna\" target=\"_blank\" rel=\"noopener noreferrer\">Scopri le offerte montagna<\/a><\/p>\n<h3><span class=\"ez-toc-section\" id=\"Cosa_portare_in_valigia\"><\/span>Cosa portare in valigia?<span class=\"ez-toc-section-end\"><\/span><\/h3>\n<ul>\n<li>Creme solari: il sole in alta quota \u00e8 in grado di ustionare in un giorno solo, al pari di quello preso in spiaggia<\/li>\n<li>Occhiali da sole: stesso motivo della crema<\/li>\n<li>Acqua e cibo: mai sottovalutare il fatto che non sempre i percorsi prevedono un punto di ristoro<\/li>\n<li>Vestiti adatti: dalle scarpe che evitano brutte cadute, fino alle magliette tecniche traspiranti, tutto deve essere scelto pensando al confort e alla praticit\u00e0<\/li>\n<li>Zaino: ogni cosa utile deve essere a portato di mano, e uno zaino con pi\u00f9 tasche \u00e8 il luogo giusto<\/li>\n<li>Mappe cartacee: occhio a fidarsi solo dei cellulari, possono sempre abbandonarci<\/li>\n<li>Cambi per ogni evenienza<\/li>\n<li>Spray anti insetti (occhio particolare alle zecche e alle zanzare)<\/li>\n<li>Telo per potersi sedere in comodit\u00e0<\/li>\n<li>Bacchette trekking: col il loro ausilio si cammina di pi\u00f9 e con meno fatica<\/li>\n<\/ul>\n<p>In realt\u00e0 queste sono solo le cose basiche da inserire, ma una cosa \u00e8 certa: partendo cos\u00ec per la propria vacanze montagna sarete certi di poter affrontare tutte le situazioni degnamente.<\/p>\n<h2><span class=\"ez-toc-section\" id=\"Vacanze_in_montagna_con_bambini\"><\/span>Vacanze in montagna con bambini<span class=\"ez-toc-section-end\"><\/span><\/h2>\n<p><img loading=\"lazy\" decoding=\"async\" class=\"alignnone size-full wp-image-24885\" src=\"https:\/\/www.ignas.com\/it\/blog\/wp-content\/uploads\/2022\/03\/vacanza-in-montagna-bambini.jpg\" alt=\"vacanza in montagna con bambini\" width=\"750\" height=\"499\" srcset=\"https:\/\/www.ignas.com\/it\/blog\/wp-content\/uploads\/2022\/03\/vacanza-in-montagna-bambini.jpg 750w, https:\/\/www.ignas.com\/it\/blog\/wp-content\/uploads\/2022\/03\/vacanza-in-montagna-bambini-300x200.jpg 300w\" sizes=\"auto, (max-width: 750px) 100vw, 750px\" \/><\/p>\n<p>Montagna vacanze e bambini, possono sembrare un trio complicato sulla carta. Ma anche qui bisogna partire sapendo cosa portare nella valigia &#8220;psicologica&#8221; che abbiamo con noi. Ci sentiamo allora di darvi qualche piccola ispirazione che possa rivelarsi utile nel vostro soggiorno in montagna:<\/p>\n<ul>\n<li><strong>Se preferiscono il mare<\/strong>: spiegargli che in montagna \u00e8 facilissimo incontrare cervi, lupi, e altri animali selvatici che al mare non vedranno mai<\/li>\n<li><strong>Se non vogliono camminare<\/strong>: scegliere percorsi realizzati a misura di bimbo, con tabelle interattive e didascalie informative<\/li>\n<li><strong>Se chiedono scivoli acquatici<\/strong>: molto spesso nelle strutture (o vicino) sono presenti parchi acquatici, occhio!<\/li>\n<li><strong>Se proprio la montagna la rifiutano<\/strong>: puntare sugli Hotel con animali da fattoria, promettergli di poter accarezzare caprioli, conigli e tenere in mano un bel pulcino, potrebbe fargli cambiare idea<\/li>\n<\/ul>\n<h3><span class=\"ez-toc-section\" id=\"Vacanza_montagna_con_i_bambini_e_meglio\"><\/span>Vacanza montagna: con i bambini \u00e8 meglio..<span class=\"ez-toc-section-end\"><\/span><\/h3>\n<p>Con i bambini \u00e8 meglio partire con qualche piccolo ausilio in pi\u00f9, noi consigliamo 2 cose fondamentali:<\/p>\n<p>Un ottimo zaino da passaggio: se ne trovano tantissimi e di varie misure, il criterio principale deve essere quello che deve avere una buona struttura in modo che regga il peso del bimbo senza per questo sacrificare la vostra schiena<\/p>\n<p>Un passeggino da trekking: non sempre \u00e8 possibile usarlo, ma in una settimana in montagna capita sempre quel percorso che con un passeggino dalle ruote adatte ci permetterebbe di farlo in scioltezza: e allora meglio averlo con s\u00e9!<\/p>\n<h2><span class=\"ez-toc-section\" id=\"Cose_da_fare_in_montagna_destate\"><\/span>Cose da fare in montagna d&#8217;estate<span class=\"ez-toc-section-end\"><\/span><\/h2>\n<p><img loading=\"lazy\" decoding=\"async\" class=\"alignnone size-full wp-image-24887\" src=\"https:\/\/www.ignas.com\/it\/blog\/wp-content\/uploads\/2022\/03\/week-end-in-montagna.jpg\" alt=\"cosa fare in montagna\" width=\"750\" height=\"500\" srcset=\"https:\/\/www.ignas.com\/it\/blog\/wp-content\/uploads\/2022\/03\/week-end-in-montagna.jpg 750w, https:\/\/www.ignas.com\/it\/blog\/wp-content\/uploads\/2022\/03\/week-end-in-montagna-300x200.jpg 300w\" sizes=\"auto, (max-width: 750px) 100vw, 750px\" \/><\/p>\n<p>Le vacanze in montagna agosto (o in altri mesi estivi) possono diventare un periodo di puro relax in alta quota, oppure una serie di appuntamenti con l&#8217;avventura lo sport e il divertimento. Dipende tutto da quali sono le esigenze e al contempo le aspettative. Se il soggiorno montagna che avevate in mente \u00e8 fatto di sport e avventura, allora le parole magiche sono certamente trekking e lago! Perch\u00e9? Perch\u00e9 in entrambi i casi si aprono tantissime opzioni per le nostre attivit\u00e0 in montagna. Ma facciamo qualche esempio.<\/p>\n<h3><span class=\"ez-toc-section\" id=\"Montagna_ferie_e_percorsi_trekking\"><\/span>Montagna ferie e percorsi trekking<span class=\"ez-toc-section-end\"><\/span><\/h3>\n<p>Per alcuni potrebbe sembrare un controsenso, ma per molti \u00e8 il coronamento della propria vacanza in montagna: il percorso da fare rigorosamente a piedi e con un surplus se caratterizzato da un buon dislivello. Su quale percorso scegliere ci sono 2 principali scuole di pensiero: ad anello o in verticale. Tendenzialmente il primo \u00e8 la scelta regina di chi non ama rifare la stessa strada per il ritorno, preferendo il gusto della scoperta continua garantita da un percorso circolare. Il secondo \u00e8 invece una scelta obbligata per chi vuole scalare, salire, magari conquistando dislivelli importanti che fanno godere di panorami indimenticabili. In entrambi i casi possono essere delle attivit\u00e0 aperte a tutti, con i giusti accorgimenti anche a chi ha bambini al seguito.<\/p>\n<h3><span class=\"ez-toc-section\" id=\"Montagna_vacanza_e_lago\"><\/span>Montagna vacanza e lago<span class=\"ez-toc-section-end\"><\/span><\/h3>\n<p>Il lago \u00e8 la location che pi\u00f9 di ogni altra mette d&#8217;accordo tutte le esigenze. Del resto o che si trovi in quote altissime o a altitudini pi\u00f9 basse, in entrambi i casi ci si trova di fronte ad uno specchio d&#8217;acqua percorribile (si spera) tutto intorno, in un percorso ad anello. E questa caratteristica insieme alla bellezza intrinseca dei luoghi permette di fare varie attivit\u00e0.<\/p>\n<p>Si possono per esempio sfruttare i percorsi ad anello pianeggianti, tipici dei laghi, per fare running, o iniziare dal Lago e poi inoltrarsi in altri percorsi trekking. Ma si pu\u00f2 anche girare intorno al lago con un passeggino da trekking e godersi il panorama. Per gli amanti dello Yoga \u00e8 la location perfetta per trovare la giusta atmosfera. E poi c&#8217;\u00e8 il pi\u00f9 classico dei classici: il Pic-nic al lago.<\/p>\n<h2><span class=\"ez-toc-section\" id=\"Week_end_in_montagna_come_risparmiare\"><\/span>Week end in montagna: come risparmiare<span class=\"ez-toc-section-end\"><\/span><\/h2>\n<p>Bisogna essere sinceri: la montagna \u00e8 una vacanza che di per s\u00e9 comporta spese pi\u00f9 onerose rispetto ad altri tipi di vacanza. Un po&#8217; per via delle location in s\u00e9 e un po&#8217; per le attrezzature che bisogna avere. Ma un modo per risparmiare a ben vedere c&#8217;\u00e8! Sbirciare spesso fra le offerte vacanze montagna estate tanto per iniziare. Sia per cogliere al volo i last minute montagna ma anche per trovare quella struttura particolare, nel luogo che da tempo si \u00e8 sognato di raggiungere. Su questo punto abbiamo selezionato le 3 strutture top che permettono di vivere un sogno risparmiando molto.<\/p>\n<h3><span class=\"ez-toc-section\" id=\"Hotel_Alla_Rocca_Val_di_Fiemme\"><\/span>Hotel Alla Rocca, Val di Fiemme<span class=\"ez-toc-section-end\"><\/span><\/h3>\n<p><a href=\"https:\/\/www.ignas.com\/it\/offerte-vacanze-trentino-altoadige\/varena\/hotel-alla-rocca?pkg_code=20220101_allaroccavarena\"><img loading=\"lazy\" decoding=\"async\" class=\"alignnone wp-image-24891 size-medium\" src=\"https:\/\/www.ignas.com\/it\/blog\/wp-content\/uploads\/2022\/03\/hotel-rocca-300x181.jpg\" alt=\"\" width=\"300\" height=\"181\" srcset=\"https:\/\/www.ignas.com\/it\/blog\/wp-content\/uploads\/2022\/03\/hotel-rocca-300x181.jpg 300w, https:\/\/www.ignas.com\/it\/blog\/wp-content\/uploads\/2022\/03\/hotel-rocca-768x464.jpg 768w, https:\/\/www.ignas.com\/it\/blog\/wp-content\/uploads\/2022\/03\/hotel-rocca.jpg 956w\" sizes=\"auto, (max-width: 300px) 100vw, 300px\" \/><\/a><\/p>\n<p>Piccola localit\u00e0 della Val di Fiemme, strategicamente vicina a Cavalese e al comprensorio del Cermis. Questo Hotel, che vanta anche la vicinanza all&#8217;olimpica pista di fondo di Passo Lavaz\u00e8, offre al suo interno il centro benessere. Ma soprattutto, pur essendo un vero gioiellino, rimane fra gli Hotel pi\u00f9 a portata di tasca, contenendo nella nostra offerta anche la mezza pensione. Dare un occhiata potrebbe essere una buona idea! Scopri di pi\u00f9 sull&#8217;offerta riguardante l&#8217;<a href=\"https:\/\/www.ignas.com\/it\/offerte-vacanze-trentino-altoadige\/varena\/hotel-alla-rocca?pkg_code=20220101_allaroccavarena\"><span style=\"color: #ff6600;\"><strong>Hotel Alla Rocca<\/strong><\/span><\/a>.<\/p>\n<h3><span class=\"ez-toc-section\" id=\"Hotel_Piandineve_Passo_del_Tonale\"><\/span>Hotel Piandineve, Passo del Tonale<span class=\"ez-toc-section-end\"><\/span><\/h3>\n<p><a href=\"https:\/\/www.ignas.com\/it\/offerte-vacanze-lombardia\/loc-passo-tonale--ponte-di-legno\/hotel-piandineve?pkg_code=20220101_piandineve\" target=\"_blank\" rel=\"noopener\"><img loading=\"lazy\" decoding=\"async\" class=\"alignnone wp-image-24892 size-medium\" src=\"https:\/\/www.ignas.com\/it\/blog\/wp-content\/uploads\/2022\/03\/hotel-piandineve-300x139.jpg\" alt=\"\" width=\"300\" height=\"139\" srcset=\"https:\/\/www.ignas.com\/it\/blog\/wp-content\/uploads\/2022\/03\/hotel-piandineve-300x139.jpg 300w, https:\/\/www.ignas.com\/it\/blog\/wp-content\/uploads\/2022\/03\/hotel-piandineve.jpg 750w\" sizes=\"auto, (max-width: 300px) 100vw, 300px\" \/><\/a><\/p>\n<p>Quota 1800 di metri, fra il Parco dello Stelvio e l&#8217;Adamello Brenta. Le piste si trovano a soli 200 m dall&#8217;Hotel, e nelle immediate vicinanze partono svariati sentieri da trekking per tutti i livelli. Oltre ad un trattamento Soft-All Inclusive, nella nostra offerta \u00e8 compresa l&#8217;animazione e il Miniclub. La funivia che porta direttamente al ghiacciaio Presena, \u00e8 un motivo in pi\u00f9 per scoprire meglio questa offerta montagna. Scopri di pi\u00f9 sull&#8217;offerta riguardante l&#8217;<a href=\"https:\/\/www.ignas.com\/it\/offerte-vacanze-lombardia\/loc-passo-tonale--ponte-di-legno\/hotel-piandineve?pkg_code=20220101_piandineve\"><strong><span style=\"color: #ff6600;\">Hotel Piandineve<\/span><\/strong><\/a>.<\/p>\n<h3><span class=\"ez-toc-section\" id=\"Hotel_Italia_Val_DAosta\"><\/span>Hotel Italia, Val D&#8217;Aosta<span class=\"ez-toc-section-end\"><\/span><\/h3>\n<p><a href=\"https:\/\/www.ignas.com\/it\/offerte-vacanze-valle-d-aosta\/brusson\/hotel-italia?pkg_code=20220101_italiabrussonfb\"><img loading=\"lazy\" decoding=\"async\" class=\"alignnone wp-image-24893 size-medium\" src=\"https:\/\/www.ignas.com\/it\/blog\/wp-content\/uploads\/2022\/03\/hotel-brusson-300x187.jpg\" alt=\"\" width=\"300\" height=\"187\" srcset=\"https:\/\/www.ignas.com\/it\/blog\/wp-content\/uploads\/2022\/03\/hotel-brusson-300x187.jpg 300w, https:\/\/www.ignas.com\/it\/blog\/wp-content\/uploads\/2022\/03\/hotel-brusson-320x200.jpg 320w, https:\/\/www.ignas.com\/it\/blog\/wp-content\/uploads\/2022\/03\/hotel-brusson.jpg 767w\" sizes=\"auto, (max-width: 300px) 100vw, 300px\" \/><\/a><\/p>\n<p>Panoramica sulle montagne della Val d&#8217;Ayas e vicinanza al Castello di Graines, per questo Hotel in perfetto stile Valdostino, e con possibilit\u00e0 di scegliere sia la mezza pensione che quella completa. Fino al 30 aprile, nella nostra offerta \u00e8 presente uno sconto del 10% che lo rende molto accessibile come prezzo. Scopri di pi\u00f9 sull&#8217;offerta riguardante l&#8221;<a href=\"https:\/\/www.ignas.com\/it\/offerte-vacanze-valle-d-aosta\/brusson\/hotel-italia?pkg_code=20220101_italiabrussonfb\"><strong><span style=\"color: #ff6600;\">Hotel Italia<\/span><\/strong><\/a>.<\/p>\n","protected":false},"excerpt":{"rendered":"<p>Vacanze in montagna? In Italia il 26% degli italiani le preferisce al mare. E a sorpresa in numero sempre maggiore di chi opta per le vacanze estive in montagna. Il motivo \u00e8 dovuto al fatto che l&#8217;alta quota offre di anno in anno sempre pi\u00f9 offerte montagna anche nei periodi lontani dall&#8217;inverno. Per molti infatti [&hellip;]<\/p>\n","protected":false},"author":2,"featured_media":22542,"comment_status":"closed","ping_status":"closed","sticky":false,"template":"","format":"standard","meta":{"_acf_changed":false,"inline_featured_image":false,"_lmt_disableupdate":"no","_lmt_disable":"no","_monsterinsights_skip_tracking":false,"_monsterinsights_sitenote_active":false,"_monsterinsights_sitenote_note":"","_monsterinsights_sitenote_category":0,"footnotes":""},"categories":[4],"tags":[],"class_list":["post-24879","post","type-post","status-publish","format-standard","has-post-thumbnail","hentry","category-alta-quota"],"acf":[],"yoast_head":"<!-- This site is optimized with the Yoast SEO plugin v27.5 - https:\/\/yoast.com\/product\/yoast-seo-wordpress\/ -->\n<title>Vacanze in montagna: come risparmiare e cosa portarsi - Ignas Tour<\/title>\n<meta name=\"description\" content=\"Vacanze in montagna significa saper cosa mettere in valigia e in quale Hotel montagna prenotare: mini guida per evitare brutte sorprese\" \/>\n<meta name=\"robots\" content=\"index, follow, max-snippet:-1, max-image-preview:large, max-video-preview:-1\" \/>\n<link rel=\"canonical\" href=\"https:\/\/www.ignas.com\/it\/blog\/vacanze-in-montagna\/\" \/>\n<meta property=\"og:locale\" content=\"it_IT\" \/>\n<meta property=\"og:type\" content=\"article\" \/>\n<meta property=\"og:title\" content=\"Vacanze in montagna: come risparmiare e cosa portarsi - Ignas Tour\" \/>\n<meta property=\"og:description\" content=\"Vacanze in montagna significa saper cosa mettere in valigia e in quale Hotel montagna prenotare: mini guida per evitare brutte sorprese\" \/>\n<meta property=\"og:url\" content=\"https:\/\/www.ignas.com\/it\/blog\/vacanze-in-montagna\/\" \/>\n<meta property=\"og:site_name\" content=\"Ignas Tour\" \/>\n<meta property=\"article:published_time\" content=\"2022-02-02T11:06:56+00:00\" \/>\n<meta property=\"article:modified_time\" content=\"2024-02-28T11:02:53+00:00\" \/>\n<meta property=\"og:image\" content=\"https:\/\/www.ignas.com\/it\/blog\/wp-content\/uploads\/2019\/09\/skicenter_latemar.jpeg\" \/>\n\t<meta property=\"og:image:width\" content=\"650\" \/>\n\t<meta property=\"og:image:height\" content=\"433\" \/>\n\t<meta property=\"og:image:type\" content=\"image\/jpeg\" \/>\n<meta name=\"author\" content=\"Fabrizio\" \/>\n<meta name=\"twitter:card\" content=\"summary_large_image\" \/>\n<meta name=\"twitter:label1\" content=\"Scritto da\" \/>\n\t<meta name=\"twitter:data1\" content=\"Fabrizio\" \/>\n\t<meta name=\"twitter:label2\" content=\"Tempo di lettura stimato\" \/>\n\t<meta name=\"twitter:data2\" content=\"9 minuti\" \/>\n<script type=\"application\/ld+json\" class=\"yoast-schema-graph\">{\"@context\":\"https:\\\/\\\/schema.org\",\"@graph\":[{\"@type\":\"Article\",\"@id\":\"https:\\\/\\\/www.ignas.com\\\/it\\\/blog\\\/vacanze-in-montagna\\\/#article\",\"isPartOf\":{\"@id\":\"https:\\\/\\\/www.ignas.com\\\/it\\\/blog\\\/vacanze-in-montagna\\\/\"},\"author\":{\"name\":\"Fabrizio\",\"@id\":\"https:\\\/\\\/www.ignas.com\\\/it\\\/blog\\\/#\\\/schema\\\/person\\\/cb41520c07db292cc5a20ce104e28a1d\"},\"headline\":\"Vacanze in montagna: come risparmiare e cosa portarsi\",\"datePublished\":\"2022-02-02T11:06:56+00:00\",\"dateModified\":\"2024-02-28T11:02:53+00:00\",\"mainEntityOfPage\":{\"@id\":\"https:\\\/\\\/www.ignas.com\\\/it\\\/blog\\\/vacanze-in-montagna\\\/\"},\"wordCount\":1336,\"publisher\":{\"@id\":\"https:\\\/\\\/www.ignas.com\\\/it\\\/blog\\\/#organization\"},\"image\":{\"@id\":\"https:\\\/\\\/www.ignas.com\\\/it\\\/blog\\\/vacanze-in-montagna\\\/#primaryimage\"},\"thumbnailUrl\":\"https:\\\/\\\/www.ignas.com\\\/it\\\/blog\\\/wp-content\\\/uploads\\\/2019\\\/09\\\/skicenter_latemar.jpeg\",\"articleSection\":[\"Alta Quota\"],\"inLanguage\":\"it-IT\"},{\"@type\":\"WebPage\",\"@id\":\"https:\\\/\\\/www.ignas.com\\\/it\\\/blog\\\/vacanze-in-montagna\\\/\",\"url\":\"https:\\\/\\\/www.ignas.com\\\/it\\\/blog\\\/vacanze-in-montagna\\\/\",\"name\":\"Vacanze in montagna: come risparmiare e cosa portarsi - Ignas Tour\",\"isPartOf\":{\"@id\":\"https:\\\/\\\/www.ignas.com\\\/it\\\/blog\\\/#website\"},\"primaryImageOfPage\":{\"@id\":\"https:\\\/\\\/www.ignas.com\\\/it\\\/blog\\\/vacanze-in-montagna\\\/#primaryimage\"},\"image\":{\"@id\":\"https:\\\/\\\/www.ignas.com\\\/it\\\/blog\\\/vacanze-in-montagna\\\/#primaryimage\"},\"thumbnailUrl\":\"https:\\\/\\\/www.ignas.com\\\/it\\\/blog\\\/wp-content\\\/uploads\\\/2019\\\/09\\\/skicenter_latemar.jpeg\",\"datePublished\":\"2022-02-02T11:06:56+00:00\",\"dateModified\":\"2024-02-28T11:02:53+00:00\",\"description\":\"Vacanze in montagna significa saper cosa mettere in valigia e in quale Hotel montagna prenotare: mini guida per evitare brutte sorprese\",\"breadcrumb\":{\"@id\":\"https:\\\/\\\/www.ignas.com\\\/it\\\/blog\\\/vacanze-in-montagna\\\/#breadcrumb\"},\"inLanguage\":\"it-IT\",\"potentialAction\":[{\"@type\":\"ReadAction\",\"target\":[\"https:\\\/\\\/www.ignas.com\\\/it\\\/blog\\\/vacanze-in-montagna\\\/\"]}]},{\"@type\":\"ImageObject\",\"inLanguage\":\"it-IT\",\"@id\":\"https:\\\/\\\/www.ignas.com\\\/it\\\/blog\\\/vacanze-in-montagna\\\/#primaryimage\",\"url\":\"https:\\\/\\\/www.ignas.com\\\/it\\\/blog\\\/wp-content\\\/uploads\\\/2019\\\/09\\\/skicenter_latemar.jpeg\",\"contentUrl\":\"https:\\\/\\\/www.ignas.com\\\/it\\\/blog\\\/wp-content\\\/uploads\\\/2019\\\/09\\\/skicenter_latemar.jpeg\",\"width\":650,\"height\":433,\"caption\":\"vacanze i trentino\"},{\"@type\":\"BreadcrumbList\",\"@id\":\"https:\\\/\\\/www.ignas.com\\\/it\\\/blog\\\/vacanze-in-montagna\\\/#breadcrumb\",\"itemListElement\":[{\"@type\":\"ListItem\",\"position\":1,\"name\":\"Home\",\"item\":\"https:\\\/\\\/www.ignas.com\\\/it\\\/blog\\\/\"},{\"@type\":\"ListItem\",\"position\":2,\"name\":\"Vacanze in montagna: come risparmiare e cosa portarsi\"}]},{\"@type\":\"WebSite\",\"@id\":\"https:\\\/\\\/www.ignas.com\\\/it\\\/blog\\\/#website\",\"url\":\"https:\\\/\\\/www.ignas.com\\\/it\\\/blog\\\/\",\"name\":\"Ignas Tour\",\"description\":\"\",\"publisher\":{\"@id\":\"https:\\\/\\\/www.ignas.com\\\/it\\\/blog\\\/#organization\"},\"potentialAction\":[{\"@type\":\"SearchAction\",\"target\":{\"@type\":\"EntryPoint\",\"urlTemplate\":\"https:\\\/\\\/www.ignas.com\\\/it\\\/blog\\\/?s={search_term_string}\"},\"query-input\":{\"@type\":\"PropertyValueSpecification\",\"valueRequired\":true,\"valueName\":\"search_term_string\"}}],\"inLanguage\":\"it-IT\"},{\"@type\":\"Organization\",\"@id\":\"https:\\\/\\\/www.ignas.com\\\/it\\\/blog\\\/#organization\",\"name\":\"Ignas Tour\",\"url\":\"https:\\\/\\\/www.ignas.com\\\/it\\\/blog\\\/\",\"logo\":{\"@type\":\"ImageObject\",\"inLanguage\":\"it-IT\",\"@id\":\"https:\\\/\\\/www.ignas.com\\\/it\\\/blog\\\/#\\\/schema\\\/logo\\\/image\\\/\",\"url\":\"https:\\\/\\\/www.ignas.com\\\/it\\\/blog\\\/wp-content\\\/uploads\\\/2020\\\/01\\\/logo-ignas-com-200.png\",\"contentUrl\":\"https:\\\/\\\/www.ignas.com\\\/it\\\/blog\\\/wp-content\\\/uploads\\\/2020\\\/01\\\/logo-ignas-com-200.png\",\"width\":1147,\"height\":329,\"caption\":\"Ignas Tour\"},\"image\":{\"@id\":\"https:\\\/\\\/www.ignas.com\\\/it\\\/blog\\\/#\\\/schema\\\/logo\\\/image\\\/\"}},{\"@type\":\"Person\",\"@id\":\"https:\\\/\\\/www.ignas.com\\\/it\\\/blog\\\/#\\\/schema\\\/person\\\/cb41520c07db292cc5a20ce104e28a1d\",\"name\":\"Fabrizio\",\"image\":{\"@type\":\"ImageObject\",\"inLanguage\":\"it-IT\",\"@id\":\"https:\\\/\\\/secure.gravatar.com\\\/avatar\\\/e17f60c58ebe3feb555b9028681e30cfd921758bbdd1f8e9816f1d7d08c1bd9f?s=96&d=mm&r=g\",\"url\":\"https:\\\/\\\/secure.gravatar.com\\\/avatar\\\/e17f60c58ebe3feb555b9028681e30cfd921758bbdd1f8e9816f1d7d08c1bd9f?s=96&d=mm&r=g\",\"contentUrl\":\"https:\\\/\\\/secure.gravatar.com\\\/avatar\\\/e17f60c58ebe3feb555b9028681e30cfd921758bbdd1f8e9816f1d7d08c1bd9f?s=96&d=mm&r=g\",\"caption\":\"Fabrizio\"},\"description\":\"Seo Copywriter\"}]}<\/script>\n<!-- \/ Yoast SEO plugin. -->","yoast_head_json":{"title":"Vacanze in montagna: come risparmiare e cosa portarsi - Ignas Tour","description":"Vacanze in montagna significa saper cosa mettere in valigia e in quale Hotel montagna prenotare: mini guida per evitare brutte sorprese","robots":{"index":"index","follow":"follow","max-snippet":"max-snippet:-1","max-image-preview":"max-image-preview:large","max-video-preview":"max-video-preview:-1"},"canonical":"https:\/\/www.ignas.com\/it\/blog\/vacanze-in-montagna\/","og_locale":"it_IT","og_type":"article","og_title":"Vacanze in montagna: come risparmiare e cosa portarsi - Ignas Tour","og_description":"Vacanze in montagna significa saper cosa mettere in valigia e in quale Hotel montagna prenotare: mini guida per evitare brutte sorprese","og_url":"https:\/\/www.ignas.com\/it\/blog\/vacanze-in-montagna\/","og_site_name":"Ignas Tour","article_published_time":"2022-02-02T11:06:56+00:00","article_modified_time":"2024-02-28T11:02:53+00:00","og_image":[{"width":650,"height":433,"url":"https:\/\/www.ignas.com\/it\/blog\/wp-content\/uploads\/2019\/09\/skicenter_latemar.jpeg","type":"image\/jpeg"}],"author":"Fabrizio","twitter_card":"summary_large_image","twitter_misc":{"Scritto da":"Fabrizio","Tempo di lettura stimato":"9 minuti"},"schema":{"@context":"https:\/\/schema.org","@graph":[{"@type":"Article","@id":"https:\/\/www.ignas.com\/it\/blog\/vacanze-in-montagna\/#article","isPartOf":{"@id":"https:\/\/www.ignas.com\/it\/blog\/vacanze-in-montagna\/"},"author":{"name":"Fabrizio","@id":"https:\/\/www.ignas.com\/it\/blog\/#\/schema\/person\/cb41520c07db292cc5a20ce104e28a1d"},"headline":"Vacanze in montagna: come risparmiare e cosa portarsi","datePublished":"2022-02-02T11:06:56+00:00","dateModified":"2024-02-28T11:02:53+00:00","mainEntityOfPage":{"@id":"https:\/\/www.ignas.com\/it\/blog\/vacanze-in-montagna\/"},"wordCount":1336,"publisher":{"@id":"https:\/\/www.ignas.com\/it\/blog\/#organization"},"image":{"@id":"https:\/\/www.ignas.com\/it\/blog\/vacanze-in-montagna\/#primaryimage"},"thumbnailUrl":"https:\/\/www.ignas.com\/it\/blog\/wp-content\/uploads\/2019\/09\/skicenter_latemar.jpeg","articleSection":["Alta Quota"],"inLanguage":"it-IT"},{"@type":"WebPage","@id":"https:\/\/www.ignas.com\/it\/blog\/vacanze-in-montagna\/","url":"https:\/\/www.ignas.com\/it\/blog\/vacanze-in-montagna\/","name":"Vacanze in montagna: come risparmiare e cosa portarsi - Ignas Tour","isPartOf":{"@id":"https:\/\/www.ignas.com\/it\/blog\/#website"},"primaryImageOfPage":{"@id":"https:\/\/www.ignas.com\/it\/blog\/vacanze-in-montagna\/#primaryimage"},"image":{"@id":"https:\/\/www.ignas.com\/it\/blog\/vacanze-in-montagna\/#primaryimage"},"thumbnailUrl":"https:\/\/www.ignas.com\/it\/blog\/wp-content\/uploads\/2019\/09\/skicenter_latemar.jpeg","datePublished":"2022-02-02T11:06:56+00:00","dateModified":"2024-02-28T11:02:53+00:00","description":"Vacanze in montagna significa saper cosa mettere in valigia e in quale Hotel montagna prenotare: mini guida per evitare brutte sorprese","breadcrumb":{"@id":"https:\/\/www.ignas.com\/it\/blog\/vacanze-in-montagna\/#breadcrumb"},"inLanguage":"it-IT","potentialAction":[{"@type":"ReadAction","target":["https:\/\/www.ignas.com\/it\/blog\/vacanze-in-montagna\/"]}]},{"@type":"ImageObject","inLanguage":"it-IT","@id":"https:\/\/www.ignas.com\/it\/blog\/vacanze-in-montagna\/#primaryimage","url":"https:\/\/www.ignas.com\/it\/blog\/wp-content\/uploads\/2019\/09\/skicenter_latemar.jpeg","contentUrl":"https:\/\/www.ignas.com\/it\/blog\/wp-content\/uploads\/2019\/09\/skicenter_latemar.jpeg","width":650,"height":433,"caption":"vacanze i trentino"},{"@type":"BreadcrumbList","@id":"https:\/\/www.ignas.com\/it\/blog\/vacanze-in-montagna\/#breadcrumb","itemListElement":[{"@type":"ListItem","position":1,"name":"Home","item":"https:\/\/www.ignas.com\/it\/blog\/"},{"@type":"ListItem","position":2,"name":"Vacanze in montagna: come risparmiare e cosa portarsi"}]},{"@type":"WebSite","@id":"https:\/\/www.ignas.com\/it\/blog\/#website","url":"https:\/\/www.ignas.com\/it\/blog\/","name":"Ignas Tour","description":"","publisher":{"@id":"https:\/\/www.ignas.com\/it\/blog\/#organization"},"potentialAction":[{"@type":"SearchAction","target":{"@type":"EntryPoint","urlTemplate":"https:\/\/www.ignas.com\/it\/blog\/?s={search_term_string}"},"query-input":{"@type":"PropertyValueSpecification","valueRequired":true,"valueName":"search_term_string"}}],"inLanguage":"it-IT"},{"@type":"Organization","@id":"https:\/\/www.ignas.com\/it\/blog\/#organization","name":"Ignas Tour","url":"https:\/\/www.ignas.com\/it\/blog\/","logo":{"@type":"ImageObject","inLanguage":"it-IT","@id":"https:\/\/www.ignas.com\/it\/blog\/#\/schema\/logo\/image\/","url":"https:\/\/www.ignas.com\/it\/blog\/wp-content\/uploads\/2020\/01\/logo-ignas-com-200.png","contentUrl":"https:\/\/www.ignas.com\/it\/blog\/wp-content\/uploads\/2020\/01\/logo-ignas-com-200.png","width":1147,"height":329,"caption":"Ignas Tour"},"image":{"@id":"https:\/\/www.ignas.com\/it\/blog\/#\/schema\/logo\/image\/"}},{"@type":"Person","@id":"https:\/\/www.ignas.com\/it\/blog\/#\/schema\/person\/cb41520c07db292cc5a20ce104e28a1d","name":"Fabrizio","image":{"@type":"ImageObject","inLanguage":"it-IT","@id":"https:\/\/secure.gravatar.com\/avatar\/e17f60c58ebe3feb555b9028681e30cfd921758bbdd1f8e9816f1d7d08c1bd9f?s=96&d=mm&r=g","url":"https:\/\/secure.gravatar.com\/avatar\/e17f60c58ebe3feb555b9028681e30cfd921758bbdd1f8e9816f1d7d08c1bd9f?s=96&d=mm&r=g","contentUrl":"https:\/\/secure.gravatar.com\/avatar\/e17f60c58ebe3feb555b9028681e30cfd921758bbdd1f8e9816f1d7d08c1bd9f?s=96&d=mm&r=g","caption":"Fabrizio"},"description":"Seo Copywriter"}]}},"modified_by":"Team di Ignas Tour","_links":{"self":[{"href":"https:\/\/www.ignas.com\/it\/blog\/wp-json\/wp\/v2\/posts\/24879","targetHints":{"allow":["GET"]}}],"collection":[{"href":"https:\/\/www.ignas.com\/it\/blog\/wp-json\/wp\/v2\/posts"}],"about":[{"href":"https:\/\/www.ignas.com\/it\/blog\/wp-json\/wp\/v2\/types\/post"}],"author":[{"embeddable":true,"href":"https:\/\/www.ignas.com\/it\/blog\/wp-json\/wp\/v2\/users\/2"}],"replies":[{"embeddable":true,"href":"https:\/\/www.ignas.com\/it\/blog\/wp-json\/wp\/v2\/comments?post=24879"}],"version-history":[{"count":10,"href":"https:\/\/www.ignas.com\/it\/blog\/wp-json\/wp\/v2\/posts\/24879\/revisions"}],"predecessor-version":[{"id":27246,"href":"https:\/\/www.ignas.com\/it\/blog\/wp-json\/wp\/v2\/posts\/24879\/revisions\/27246"}],"wp:featuredmedia":[{"embeddable":true,"href":"https:\/\/www.ignas.com\/it\/blog\/wp-json\/wp\/v2\/media\/22542"}],"wp:attachment":[{"href":"https:\/\/www.ignas.com\/it\/blog\/wp-json\/wp\/v2\/media?parent=24879"}],"wp:term":[{"taxonomy":"category","embeddable":true,"href":"https:\/\/www.ignas.com\/it\/blog\/wp-json\/wp\/v2\/categories?post=24879"},{"taxonomy":"post_tag","embeddable":true,"href":"https:\/\/www.ignas.com\/it\/blog\/wp-json\/wp\/v2\/tags?post=24879"}],"curies":[{"name":"wp","href":"https:\/\/api.w.org\/{rel}","templated":true}]}}