{"id":24808,"date":"2022-03-01T11:38:07","date_gmt":"2022-03-01T10:38:07","guid":{"rendered":"https:\/\/www.ignas.com\/it\/blog\/?p=24808"},"modified":"2025-02-13T15:39:49","modified_gmt":"2025-02-13T14:39:49","slug":"riviera-dei-cedri","status":"publish","type":"post","link":"https:\/\/www.ignas.com\/it\/blog\/riviera-dei-cedri\/","title":{"rendered":"Riviera dei Cedri: Guida completa!"},"content":{"rendered":"<blockquote><div id=\"ez-toc-container\" class=\"ez-toc-v2_0_82_2 counter-hierarchy ez-toc-counter ez-toc-white ez-toc-container-direction\">\n<div class=\"ez-toc-title-container\">\n<p class=\"ez-toc-title\" style=\"cursor:inherit\"><\/p>\n<span class=\"ez-toc-title-toggle\"><a href=\"#\" class=\"ez-toc-pull-right ez-toc-btn ez-toc-btn-xs ez-toc-btn-default ez-toc-toggle\" aria-label=\"Toggle Table of Content\"><span class=\"ez-toc-js-icon-con\"><span class=\"\"><span class=\"eztoc-hide\" style=\"display:none;\">Toggle<\/span><span class=\"ez-toc-icon-toggle-span\"><svg style=\"fill: #999;color:#999\" xmlns=\"http:\/\/www.w3.org\/2000\/svg\" class=\"list-377408\" width=\"20px\" height=\"20px\" viewBox=\"0 0 24 24\" fill=\"none\"><path d=\"M6 6H4v2h2V6zm14 0H8v2h12V6zM4 11h2v2H4v-2zm16 0H8v2h12v-2zM4 16h2v2H4v-2zm16 0H8v2h12v-2z\" fill=\"currentColor\"><\/path><\/svg><svg style=\"fill: #999;color:#999\" class=\"arrow-unsorted-368013\" xmlns=\"http:\/\/www.w3.org\/2000\/svg\" width=\"10px\" height=\"10px\" viewBox=\"0 0 24 24\" version=\"1.2\" baseProfile=\"tiny\"><path d=\"M18.2 9.3l-6.2-6.3-6.2 6.3c-.2.2-.3.4-.3.7s.1.5.3.7c.2.2.4.3.7.3h11c.3 0 .5-.1.7-.3.2-.2.3-.5.3-.7s-.1-.5-.3-.7zM5.8 14.7l6.2 6.3 6.2-6.3c.2-.2.3-.5.3-.7s-.1-.5-.3-.7c-.2-.2-.4-.3-.7-.3h-11c-.3 0-.5.1-.7.3-.2.2-.3.5-.3.7s.1.5.3.7z\"\/><\/svg><\/span><\/span><\/span><\/a><\/span><\/div>\n<nav><ul class='ez-toc-list ez-toc-list-level-1 eztoc-toggle-hide-by-default' ><li class='ez-toc-page-1 ez-toc-heading-level-2'><a class=\"ez-toc-link ez-toc-heading-1\" href=\"https:\/\/www.ignas.com\/it\/blog\/riviera-dei-cedri\/#Dove_si_trova_la_Riviera_dei_Cedri\" >Dove si trova la Riviera dei Cedri?<\/a><\/li><li class='ez-toc-page-1 ez-toc-heading-level-2'><a class=\"ez-toc-link ez-toc-heading-2\" href=\"https:\/\/www.ignas.com\/it\/blog\/riviera-dei-cedri\/#Cosa_vedere_e_fare_in_Riviera_dei_Cedri\" >Cosa vedere e fare in Riviera dei Cedri?<\/a><ul class='ez-toc-list-level-3' ><li class='ez-toc-heading-level-3'><a class=\"ez-toc-link ez-toc-heading-3\" href=\"https:\/\/www.ignas.com\/it\/blog\/riviera-dei-cedri\/#Scoprite_la_Calabria_e_la_Costa_dei_Cedri_vistando_i_bei_borghi_di\" >Scoprite la Calabria e la Costa dei Cedri vistando i bei borghi di:<\/a><\/li><\/ul><\/li><li class='ez-toc-page-1 ez-toc-heading-level-2'><a class=\"ez-toc-link ez-toc-heading-4\" href=\"https:\/\/www.ignas.com\/it\/blog\/riviera-dei-cedri\/#Scalea_la_citta_antica\" >Scalea la citt\u00e0 antica<\/a><\/li><li class='ez-toc-page-1 ez-toc-heading-level-2'><a class=\"ez-toc-link ez-toc-heading-5\" href=\"https:\/\/www.ignas.com\/it\/blog\/riviera-dei-cedri\/#Santa_Maria_del_Cedro\" >Santa Maria del Cedro<\/a><\/li><li class='ez-toc-page-1 ez-toc-heading-level-2'><a class=\"ez-toc-link ez-toc-heading-6\" href=\"https:\/\/www.ignas.com\/it\/blog\/riviera-dei-cedri\/#lIsola_di_Cirella_lisola_deserta_raggiungibile_in_canoa\" >l&#8217;Isola di Cirella, l\u2019isola deserta raggiungibile in canoa<\/a><ul class='ez-toc-list-level-3' ><li class='ez-toc-heading-level-3'><a class=\"ez-toc-link ez-toc-heading-7\" href=\"https:\/\/www.ignas.com\/it\/blog\/riviera-dei-cedri\/#Diamante_la_cittadina_dei_Murales\" >Diamante, la cittadina dei Murales<\/a><\/li><\/ul><\/li><li class='ez-toc-page-1 ez-toc-heading-level-2'><a class=\"ez-toc-link ez-toc-heading-8\" href=\"https:\/\/www.ignas.com\/it\/blog\/riviera-dei-cedri\/#Belvedere_Marittimo\" >Belvedere Marittimo<\/a><ul class='ez-toc-list-level-3' ><li class='ez-toc-heading-level-3'><a class=\"ez-toc-link ez-toc-heading-9\" href=\"https:\/\/www.ignas.com\/it\/blog\/riviera-dei-cedri\/#Proseguendo_verso_Amantea\" >Proseguendo verso Amantea<\/a><\/li><\/ul><\/li><li class='ez-toc-page-1 ez-toc-heading-level-2'><a class=\"ez-toc-link ez-toc-heading-10\" href=\"https:\/\/www.ignas.com\/it\/blog\/riviera-dei-cedri\/#Amantea\" >Amantea<\/a><ul class='ez-toc-list-level-3' ><li class='ez-toc-heading-level-3'><a class=\"ez-toc-link ez-toc-heading-11\" href=\"https:\/\/www.ignas.com\/it\/blog\/riviera-dei-cedri\/#Scogli_di_Isca_Riserva_Marina_WWF\" >Scogli di Isca: Riserva Marina WWF<\/a><\/li><li class='ez-toc-page-1 ez-toc-heading-level-3'><a class=\"ez-toc-link ez-toc-heading-12\" href=\"https:\/\/www.ignas.com\/it\/blog\/riviera-dei-cedri\/#Il_Parco_Avventura_vicino_ad_Amantea\" >Il Parco Avventura vicino ad Amantea<\/a><\/li><\/ul><\/li><li class='ez-toc-page-1 ez-toc-heading-level-2'><a class=\"ez-toc-link ez-toc-heading-13\" href=\"https:\/\/www.ignas.com\/it\/blog\/riviera-dei-cedri\/#Villaggi_a_Scalea_la_giusta_soluzione\" >Villaggi a Scalea: la giusta soluzione<\/a><\/li><\/ul><\/nav><\/div>\n&#8220;Oggi qu\u00ec<\/p>\n<p>Domani l\u00e0..&#8221;<\/p><\/blockquote>\n<p>Direzione Riviera dei Cedri!<\/p>\n<p>La canzone di Patty Pravo si presta benissimo per gli spiriti liberi che amano viaggiare esplorando le bellezze dei territori circostanti.<br \/>\nEd infatti, chi l\u2019ha detto che una vacanza deve essere per forza sedentaria, ferma, immobile?<br \/>\nDirei proprio nessuno! Ecco quindi consigli e spunti per vivere la <strong>Riviera dei Cedri<\/strong> pienamente e comodamente!<\/p>\n<h2><span class=\"ez-toc-section\" id=\"Dove_si_trova_la_Riviera_dei_Cedri\"><\/span>Dove si trova la Riviera dei Cedri?<span class=\"ez-toc-section-end\"><\/span><\/h2>\n<p>La Riviera dei Cedri (o <strong>Costa dei Cedri<\/strong>) si trova in Calabria, in provincia di Cosenza. Si affaccia sul mare Tirreno e si estende per circa 80 Km comprendendo anche il <strong>Parco Nazionale del Pollino,<\/strong> che con le sue catene montuose che si specchiano sulle acque del mare crea dei panorami unici.<\/p>\n<p>Il solo nome <em>Riviera dei Cedri<\/em> evoca meravigliosi<strong> paesaggi mediterranei<\/strong> dai profumi agrumati e delicati. In questa splendida localit\u00e0 di mare, conosciuta per le sue stupende spiagge, cresce infatti una speciale variet\u00e0 di cedro, il<strong> Cedro di Calabria DOP<\/strong>, amato in tutto il mondo per il suo aroma pregiato.<\/p>\n<h2><span class=\"ez-toc-section\" id=\"Cosa_vedere_e_fare_in_Riviera_dei_Cedri\"><\/span>Cosa vedere e fare in Riviera dei Cedri?<span class=\"ez-toc-section-end\"><\/span><\/h2>\n<p><img loading=\"lazy\" decoding=\"async\" class=\"alignnone wp-image-24827 size-full\" src=\"https:\/\/www.ignas.com\/it\/blog\/wp-content\/uploads\/2022\/03\/riviera-dei-cedri.jpeg\" alt=\"vista dall'alto della Riviera dei Cedri. La lunga costa di sabbia fine incontra il mare blu della Calabria.\" width=\"615\" height=\"410\" srcset=\"https:\/\/www.ignas.com\/it\/blog\/wp-content\/uploads\/2022\/03\/riviera-dei-cedri.jpeg 615w, https:\/\/www.ignas.com\/it\/blog\/wp-content\/uploads\/2022\/03\/riviera-dei-cedri-300x200.jpeg 300w\" sizes=\"auto, (max-width: 615px) 100vw, 615px\" \/><\/p>\n<p>Questa fantastica localit\u00e0 \u00e8 ricca di storia, arte e natura tutta da esplorare! Vi racconteremo le mete imperdibili e le varie attivit\u00e0 che potrete svolgere in questo fantastico lembo di terra.<\/p>\n<p>Premettiamo per\u00f2 una cosa: <strong style=\"font-style: inherit;\">non <\/strong><strong>vi parleremo di<\/strong><strong> San Nicola Arcella<\/strong> con la notissima spiaggia dell\u2019Arcomagno. Sia perch\u00e9 ne abbiamo gi\u00e0 parlato in\u00a0<span style=\"color: #ff6600;\"><a style=\"color: #ff6600;\" href=\"https:\/\/www.ignas.com\/it\/blog\/classifica-mare-calabria\/\"><strong>questo articolo sul mare in Calabria,<\/strong> <\/a><\/span>che perch\u00e9 vogliamo rivelarvi i segreti dei borghi che caratterizzano questo splendido pezzo di costa.<\/p>\n<h3><span class=\"ez-toc-section\" id=\"Scoprite_la_Calabria_e_la_Costa_dei_Cedri_vistando_i_bei_borghi_di\"><\/span><span style=\"font-family: Poppins; color: black;\">Scoprite la Calabria e la Costa dei Cedri vistando i bei borghi di:<\/span><span class=\"ez-toc-section-end\"><\/span><\/h3>\n<ul>\n<li>Scalea<\/li>\n<li>Santa Maria del Cedro<\/li>\n<li>Isola di Cirella<\/li>\n<li>Diamante<\/li>\n<li>Belvedere Marittimo<\/li>\n<li>Amantea<\/li>\n<\/ul>\n<h2><span class=\"ez-toc-section\" id=\"Scalea_la_citta_antica\"><\/span>Scalea la citt\u00e0 antica<span class=\"ez-toc-section-end\"><\/span><\/h2>\n<div id=\"attachment_27794\" style=\"width: 610px\" class=\"wp-caption alignnone\"><img loading=\"lazy\" decoding=\"async\" aria-describedby=\"caption-attachment-27794\" class=\"wp-image-27794 size-full\" src=\"https:\/\/www.ignas.com\/it\/blog\/wp-content\/uploads\/2022\/03\/Scalea.jpg\" alt=\"La cittadina di Scalea si trova su un promontorio che da sullo splendido mare della Calabria.\" width=\"600\" height=\"400\" srcset=\"https:\/\/www.ignas.com\/it\/blog\/wp-content\/uploads\/2022\/03\/Scalea.jpg 600w, https:\/\/www.ignas.com\/it\/blog\/wp-content\/uploads\/2022\/03\/Scalea-300x200.jpg 300w\" sizes=\"auto, (max-width: 600px) 100vw, 600px\" \/><p id=\"caption-attachment-27794\" class=\"wp-caption-text\">Scalea<\/p><\/div>\n<p>Partendo da nord Scalea \u00e8 strategica per vivere la parte settentrionale della Riviera dei Cedri. Chiamata cos\u00ec per via delle tradizionali scale in pietra che attraversano il centro storico, Scalea si trova vicino alla valle del fiume Lao ed \u00e8 una delle citt\u00e0 pi\u00f9 antiche della Calabria!<\/p>\n<p>Passeggiate per il centro storico, dominato dai resti del<strong> Catello Normanno<\/strong>, percorrete il lungo mare e salite sulla <strong>Torre Talao,<\/strong> celebre torre costiera adesso terrazza panoramica da cui potrete ammirare la bellezza del mare che incontra la sottostante<span style=\"color: #ff6600;\"><a style=\"color: #ff6600;\" href=\"https:\/\/fondoambiente.it\/luoghi\/spiaggia-ajnella?ldc\"><strong> scogliera dell\u2019Ajnella<\/strong><\/a><\/span>, una delle spiagge libere pi\u00f9 apprezzate di Scalea.<\/p>\n<div id=\"attachment_25943\" style=\"width: 330px\" class=\"wp-caption alignnone\"><img loading=\"lazy\" decoding=\"async\" aria-describedby=\"caption-attachment-25943\" class=\"wp-image-25943 size-wp_review_large\" src=\"https:\/\/www.ignas.com\/it\/blog\/wp-content\/uploads\/2022\/03\/grotta-di-scalea-320x200.jpeg\" alt=\"Spiaggia rocciosa con mare blu,a Scalea\" width=\"320\" height=\"200\" \/><p id=\"caption-attachment-25943\" class=\"wp-caption-text\">scorcio di Scalea<\/p><\/div>\n<p>Le spiagge di questo bel borgo sono formate prevalentemente da ciottoli scuri, levigati dalle onde cristalline del mare.<\/p>\n<p>Andando verso la parte <strong>pi\u00f9 a nord<\/strong> della spiaggia di Scalea potrete trovare una <strong>grotta sconosciuta<\/strong> alla maggior parte delle persone. In questo punto la costa sabbiosa viene interrotta da una scogliera e in acqua si formano tantissime <strong>piscine naturali<\/strong>. Proprio dietro questa scogliera si trovano svariate grotte marine, raggiungibili a nuoto o in canoa. Fra le tante non perdetevi la <strong>Grotta della Pecora<\/strong>, un luogo incantato!<\/p>\n<h2><span class=\"ez-toc-section\" id=\"Santa_Maria_del_Cedro\"><\/span>Santa Maria del Cedro<span class=\"ez-toc-section-end\"><\/span><\/h2>\n<div id=\"attachment_27793\" style=\"width: 610px\" class=\"wp-caption alignnone\"><img loading=\"lazy\" decoding=\"async\" aria-describedby=\"caption-attachment-27793\" class=\"wp-image-27793 size-full\" src=\"https:\/\/www.ignas.com\/it\/blog\/wp-content\/uploads\/2022\/03\/S.-Maria-dei-Cedri.jpg\" alt=\"La verde Vallata di Santa Maria del Cedro si chiude con le rovine del castello di San Michele. I resti del castello e della chiesa vicina sono contornati dalla natura circostante\" width=\"600\" height=\"400\" srcset=\"https:\/\/www.ignas.com\/it\/blog\/wp-content\/uploads\/2022\/03\/S.-Maria-dei-Cedri.jpg 600w, https:\/\/www.ignas.com\/it\/blog\/wp-content\/uploads\/2022\/03\/S.-Maria-dei-Cedri-300x200.jpg 300w\" sizes=\"auto, (max-width: 600px) 100vw, 600px\" \/><p id=\"caption-attachment-27793\" class=\"wp-caption-text\">Castello di San Michele<\/p><\/div>\n<p>il borgo di Santa Maria del Cedro si trova tra Scalea e Diamante ed \u00e8 una fantastica meta per il proprio viaggio <em>on the road<\/em>. In questa verde vallata, <strong>tra uliveti, cedriere e vigneti<\/strong> si respirano i profumi intensi del mediterraneo. Questo bel borgo, oltre che essere il pi\u00f9 importante all&#8217;interno della Riviera dei Cedri, per quanto riguarda la coltivazione del cedro, vede anche la produzione di un celebre vino calabrese, il <em>Verbicaro<\/em>.<\/p>\n<p>Ma i sapori non sono le uniche note che contraddistinguono questa curiosa cittadina. Gli amanti della storia adoreranno visitare il <span style=\"color: #ff6600;\"><a style=\"color: #ff6600;\" href=\"https:\/\/cultura.gov.it\/luogo\/parco-archeologico-di-laos-santa-maria-del-cedro\"><strong>parco archeologico di Laos<\/strong><\/a><\/span>, sulle tracce dei lucani. Potranno anche passeggiare tra i sentieri dell&#8217;antico abitato di<em> Abetemarco<\/em>, ammirando ci\u00f2 che resta del maestoso <strong>castello di San Michele<\/strong>.<\/p>\n<p>Inoltre la <strong>spiaggia di Santa Maria del Cedro<\/strong> \u00e8 stata nominata<strong> bandiera blu!<\/strong> Con la sua sabbia fina che all&#8217;incontro con le onde del mare limpido diventa un sottile ghiaino ed il suo fondale basso, \u00e8 perfetta per i bambini e per godersi meravigliosi momenti di relax.<\/p>\n<h2 style=\"margin: 0cm; line-height: 24.0pt; background: white; vertical-align: baseline;\"><span class=\"ez-toc-section\" id=\"lIsola_di_Cirella_lisola_deserta_raggiungibile_in_canoa\"><\/span><span style=\"font-size: 15.0pt; font-family: Poppins; color: #222222;\">l&#8217;Isola di Cirella, l\u2019isola deserta raggiungibile in canoa<\/span><span class=\"ez-toc-section-end\"><\/span><\/h2>\n<div id=\"attachment_27791\" style=\"width: 610px\" class=\"wp-caption alignnone\"><img loading=\"lazy\" decoding=\"async\" aria-describedby=\"caption-attachment-27791\" class=\"wp-image-27791 size-full\" src=\"https:\/\/www.ignas.com\/it\/blog\/wp-content\/uploads\/2022\/03\/Cirella.jpg\" alt=\"i resti dell'antica citt\u00e0 di Cirella sono posti in primo piano. Sullo sfondo in mezzo al mare blu si intravede l'Isola di Cirella\" width=\"600\" height=\"400\" srcset=\"https:\/\/www.ignas.com\/it\/blog\/wp-content\/uploads\/2022\/03\/Cirella.jpg 600w, https:\/\/www.ignas.com\/it\/blog\/wp-content\/uploads\/2022\/03\/Cirella-300x200.jpg 300w\" sizes=\"auto, (max-width: 600px) 100vw, 600px\" \/><p id=\"caption-attachment-27791\" class=\"wp-caption-text\">Scorcio sull&#8217;Isola di Cirella<\/p><\/div>\n<p>A soli 8 km da Scalea emerge a 400 m dalla spiaggia l<strong>&#8216;Isola di Cirella,<\/strong> piccolissima e piena di macchia mediterranea, l&#8217;isola \u00e8 facilmente raggiungibile a nuoto ma anche in canoa. Una volta sbarcati potrete andare verso l&#8217;antica torre di avvistamento di navi saracene, piena di fascino e mistero. Il fondale tutto intorno \u00e8 ricco di flora e fauna marina. Spesso sono stati trovati nel fondale anche<strong> reperti archeologici<\/strong> risalenti all&#8217;et\u00e0 romana.<\/p>\n<h3 style=\"margin: 0cm; line-height: 24.0pt; background: white; vertical-align: baseline;\"><span class=\"ez-toc-section\" id=\"Diamante_la_cittadina_dei_Murales\"><\/span><span style=\"font-size: 15.0pt; font-family: Poppins; color: #222222;\">Diamante, la cittadina dei Murales<\/span><span class=\"ez-toc-section-end\"><\/span><\/h3>\n<div id=\"attachment_27792\" style=\"width: 610px\" class=\"wp-caption alignnone\"><img loading=\"lazy\" decoding=\"async\" aria-describedby=\"caption-attachment-27792\" class=\"wp-image-27792 size-full\" src=\"https:\/\/www.ignas.com\/it\/blog\/wp-content\/uploads\/2022\/03\/Diamante.jpg\" alt=\"La casette dai toni pastello, la strada di pietra, e i murales colorati sulle facciate delle case rendono unico il borgo di Diamante.\" width=\"600\" height=\"400\" srcset=\"https:\/\/www.ignas.com\/it\/blog\/wp-content\/uploads\/2022\/03\/Diamante.jpg 600w, https:\/\/www.ignas.com\/it\/blog\/wp-content\/uploads\/2022\/03\/Diamante-300x200.jpg 300w\" sizes=\"auto, (max-width: 600px) 100vw, 600px\" \/><p id=\"caption-attachment-27792\" class=\"wp-caption-text\">Il centro storico di Diamante.<\/p><\/div>\n<p style=\"background: white; vertical-align: baseline; margin: 0cm 0cm 18.0pt 0cm;\"><span style=\"font-family: Poppins; color: black;\">Il centro storico di Diamante porta <strong>pi\u00f9 di 300 Murales<\/strong> sulle mura delle sue abitazioni. Uno spettacolo per gli occhi e per la mente. Le opere, frutto dell\u2019estro di <em>pi\u00f9 di 80 pittori <\/em>italiani e internazionali, spaziano dalla <strong>tradizione popolare<\/strong> alle visioni neorealiste. Il filo rosso che lega queste opere \u00e8 la gente del luogo, la loro storia, impressa per sempre sui palazzi del centro storico.<\/span><\/p>\n<p style=\"background: white; vertical-align: baseline; margin: 0cm 0cm 18.0pt 0cm;\"><span style=\"font-family: Poppins; color: black;\">Noi vi consigliamo di visitare questo pittoresco borgo durante l\u2019attesissimo <span style=\"color: #ff6600;\"><a style=\"color: #ff6600;\" href=\"https:\/\/www.peperoncinofestival.org\/\"><strong>Peperoncino festival<\/strong><\/a><\/span>! Durante il mese di settembre potrete vedere mostre dedicate, divertirvi assistendo al Campionato Italiano di Mangiatori di Peperoncino e cimentarvi in piccanti degustazioni.<\/span><\/p>\n<h2><span class=\"ez-toc-section\" id=\"Belvedere_Marittimo\"><\/span>Belvedere Marittimo<span class=\"ez-toc-section-end\"><\/span><\/h2>\n<div id=\"attachment_27790\" style=\"width: 610px\" class=\"wp-caption alignnone\"><img loading=\"lazy\" decoding=\"async\" aria-describedby=\"caption-attachment-27790\" class=\"wp-image-27790 size-full\" src=\"https:\/\/www.ignas.com\/it\/blog\/wp-content\/uploads\/2022\/03\/Belvedere-Marittimo.jpg\" alt=\"Panorama su borgo di Belvedere Marittimo, in Calabria. Il mare cristallino e la costa di sabbia fine fa da sfondo alle palme poste in primo piano\" width=\"600\" height=\"400\" srcset=\"https:\/\/www.ignas.com\/it\/blog\/wp-content\/uploads\/2022\/03\/Belvedere-Marittimo.jpg 600w, https:\/\/www.ignas.com\/it\/blog\/wp-content\/uploads\/2022\/03\/Belvedere-Marittimo-300x200.jpg 300w\" sizes=\"auto, (max-width: 600px) 100vw, 600px\" \/><p id=\"caption-attachment-27790\" class=\"wp-caption-text\">Belvedere Marittimo<\/p><\/div>\n<p style=\"background: white; vertical-align: baseline; margin: 0cm 0cm 18.0pt 0cm;\"><span style=\"font-family: Poppins; color: black;\">Proseguendo verso sud lungo la costa c\u2019\u00e8 il bel <strong>borgo medievale<\/strong> di Belvedere Marittimo, anche noto come il <i>Borgo degli Innamorati.<\/i><\/span><\/p>\n<p style=\"background: white; vertical-align: baseline; margin: 0cm 0cm 18.0pt 0cm;\"><span style=\"font-family: Poppins; color: black;\">Questo nomignolo \u00e8 dovuto alle reliquie di San Valentino, protettore degli innamorati, custodite del <strong>Convento dei Cappuccini.<\/strong>\u00a0Anche se l\u2019origine di questo soprannome non \u00e8 molto romantica di sicuro l\u2019amore nell\u2019aria non mancher\u00e0 quando passeggerete tra le bellissime vie del centro storico, sovrastato dal Castello Aragonese con le sue caratteristiche merlature quattrocentesche.<\/span><\/p>\n<p style=\"background: white; vertical-align: baseline; margin: 0cm 0cm 18.0pt 0cm;\"><span style=\"font-family: Poppins; color: black;\">Un\u2019altra buona ragione per fermarsi in questo bel borgo? Anche lui \u00e8 <strong>bandiera blu<\/strong> ed offre splendidi scenari naturalistici, <strong>spiagge dorate<\/strong> e stupendi <strong>calanchi.<\/strong><\/span><\/p>\n<h3><span class=\"ez-toc-section\" id=\"Proseguendo_verso_Amantea\"><\/span>Proseguendo verso Amantea<span class=\"ez-toc-section-end\"><\/span><\/h3>\n<p>Sempre continuando verso sud vi consigliamo la <strong>Spiaggia di Capo Bonifati<\/strong>, e Sua Maest\u00e0<strong>: lo Scoglio della Regina.<\/strong> Alto ben 20 metri, il faraglione pi\u00f9 famoso dell\u2019intera riviera dei Cedri, \u00e8 una possente roccia che ricorda il profilo di una donna. Ma il nome lo deve a una leggenda legata al re d\u2019Inghilterra e la sua Regina, che nel tentativo disperato di scorgere l\u2019arrivo in nave del suo sposo, cadde dallo scoglio scomparendo per sempre. Ancora oggi, il tramonto rosso fuoco, che caratterizza il faraglione e le sue acque, secondo la gente del posto, \u00e8 un segno della presenza dei 2 amanti reali. Potete crederci o meno, ma la bellezza di questi tramonti sul mare \u00e8 indiscutibile.<\/p>\n<h2><span class=\"ez-toc-section\" id=\"Amantea\"><\/span>Amantea<span class=\"ez-toc-section-end\"><\/span><\/h2>\n<div id=\"attachment_27789\" style=\"width: 610px\" class=\"wp-caption alignnone\"><img loading=\"lazy\" decoding=\"async\" aria-describedby=\"caption-attachment-27789\" class=\"wp-image-27789 size-full\" src=\"https:\/\/www.ignas.com\/it\/blog\/wp-content\/uploads\/2022\/03\/Amantea.jpg\" alt=\"Il borgo di Amantea si estende a ridosso di un monte. Sulla parte alta si intravedono i resti di antiche civilt\u00e0.\" width=\"600\" height=\"400\" srcset=\"https:\/\/www.ignas.com\/it\/blog\/wp-content\/uploads\/2022\/03\/Amantea.jpg 600w, https:\/\/www.ignas.com\/it\/blog\/wp-content\/uploads\/2022\/03\/Amantea-300x200.jpg 300w\" sizes=\"auto, (max-width: 600px) 100vw, 600px\" \/><p id=\"caption-attachment-27789\" class=\"wp-caption-text\">Amantea<\/p><\/div>\n<p>Il<b> borgo medievale di Amantea<\/b>, arroccato su una collina, si affaccia sul mar Tirreno offrendo meravigliosi scorci e panorami mozzafiato ai suoi visitatori.<\/p>\n<p>Questo luogo ha un carattere unico, pensate che la parte pi\u00f9 antica della citt\u00e0, chiamata <strong>citt\u00e0 vecchia<\/strong>, \u00e8 stata letteralmente scavata nella roccia ed ancora oggi testimonia l&#8217;antica storia di questo fantastico borgo marittimo! Percorrete dunque le viuzze della zona medievale e non dimenticatevi di visitare la <strong>chiesa di San Bernardino da Siena<\/strong>, risalente al lontano XV secolo, e la<strong> chiesa di Santa Maria la Pinta<\/strong> con le sue belle decorazioni floreali.<\/p>\n<p><img loading=\"lazy\" decoding=\"async\" class=\"alignnone wp-image-25942 size-wp_review_large\" src=\"https:\/\/www.ignas.com\/it\/blog\/wp-content\/uploads\/2022\/03\/spiaggia-amantea-320x200.jpeg\" alt=\"amantea\" width=\"320\" height=\"200\" \/><\/p>\n<p>D&#8217;altra parte <strong>Amantea<\/strong> non \u00e8 solo una cittadina storica, \u00e8 infatti prima di tutto una <strong>localit\u00e0 di mare<\/strong>, conosciuta per la sua bella <strong>spiaggia di sabbia fina lunga pi\u00f9 di 5 km<\/strong>. Una spiaggia lunghissima e larga adatta per correre e passeggiare, con il mare cristallino che degrada dolcemente. In 4 parole: <strong>perfetta per le famiglie!<\/strong> L&#8217;intera costa di Amantea \u00e8 un lunghissimo velo di sabbia che si distende e accoglie gli amanti del mare, lasciando ad ciascuno grandi spazi. Raramente qui si vedono scene di calca e gente ammassata.<\/p>\n<p>Nelle sue vicinanze potrete quindi rilassarvi sulla spiaggia godendovi il tepore del sole e, se siete degli amanti delle immersioni cimentarvi nello snorkeling nella zona vicino agli scogli di Isca.<\/p>\n<h3><span class=\"ez-toc-section\" id=\"Scogli_di_Isca_Riserva_Marina_WWF\"><\/span>Scogli di Isca: Riserva Marina WWF<span class=\"ez-toc-section-end\"><\/span><\/h3>\n<p>Si tratta di due scogli che si trovano a circa 600 metri dalla spiaggia di Amantea. Proprio nei fondali intorno a queste 2 rocce, si estende il Parco Marino, fra i pi\u00f9 ricchi del mediterraneo. Gli amanti della natura che vorranno esplorarlo potranno ammirare:<em>\u00a0prati di Margherite di mare spirografi <\/em>e <em>spugne, delfini, polpi, cernie, tartarughe caretta, murene <\/em>e molto altre meraviglie!<\/p>\n<p><img loading=\"lazy\" decoding=\"async\" class=\"alignnone wp-image-25944 size-wp_review_large\" src=\"https:\/\/www.ignas.com\/it\/blog\/wp-content\/uploads\/2022\/03\/tartaruga-carretta-320x200.jpeg\" alt=\"esemplare di Carretta\" width=\"320\" height=\"200\" \/><\/p>\n<p>Un altro elemento che segna l&#8217;unicit\u00e0 di questo luogo \u00e8 la presenza di grandi colonie di rarissimi coralli marini. Una magia per gli occhi dei grandi e dei piccini.<\/p>\n<h3><span class=\"ez-toc-section\" id=\"Il_Parco_Avventura_vicino_ad_Amantea\"><\/span>Il Parco Avventura vicino ad Amantea<span class=\"ez-toc-section-end\"><\/span><\/h3>\n<p>Se viaggiate con i bambini o volete vivere delle emozioni forti considerate di andare al Parco Avventura! A soli 22 Km da Amantea vi ritroverete immersi in un bosco di 1100 mq! Con 3 percorsi acrobatici per adulti e 3 per bambini. Il tutto in piena sicurezza guidati e seguiti dallo staff altamente qualificato. Abbracciate fresco del bosco dedicandovi allo sport al divertimento!<\/p>\n<h2><span class=\"ez-toc-section\" id=\"Villaggi_a_Scalea_la_giusta_soluzione\"><\/span>Villaggi a Scalea: la giusta soluzione<span class=\"ez-toc-section-end\"><\/span><\/h2>\n<p>Ci sono molti <a href=\"https:\/\/www.ignas.com\/it\/offerte-villaggi-turistici-calabria\" target=\"_blank\" rel=\"noopener\"><strong><span style=\"color: #ff6600;\">villaggi in Calabria,<\/span><\/strong><\/a> perch\u00e9 \u00e8 una soluzione comoda per una vacanza che prevede un mix di relax e scoperta dei luoghi vicini. Tornare in villaggio dove tutto \u00e8 disegnato per il vostro confort, dopo aver avuto una giornata piena di cose da vedere e vivere, \u00e8 una vera gioia! Per questo abbiamo selezionato 2 Villaggi dove tutti i servizi sono inclusi. Scopriamo insieme di cosa si tratta!<\/p>\n<div class=\"containerCRD\">\n<div class=\"cardCRD\">\n<div class=\"card__headerCRD\">\n<p><img loading=\"lazy\" decoding=\"async\" class=\"alignnone wp-image-24818 size-medium\" src=\"https:\/\/www.ignas.com\/it\/blog\/wp-content\/uploads\/2022\/03\/caterinavil-300x188.jpg\" alt=\"villaggio caterina\" width=\"300\" height=\"188\" srcset=\"https:\/\/www.ignas.com\/it\/blog\/wp-content\/uploads\/2022\/03\/caterinavil-300x188.jpg 300w, https:\/\/www.ignas.com\/it\/blog\/wp-content\/uploads\/2022\/03\/caterinavil-320x200.jpg 320w, https:\/\/www.ignas.com\/it\/blog\/wp-content\/uploads\/2022\/03\/caterinavil.jpg 611w\" sizes=\"auto, (max-width: 300px) 100vw, 300px\" \/><\/p>\n<div class=\"card__bodyCRD\">\n<p><strong>Villaggio Santa Caterina<\/strong><\/p>\n<ul style=\"font-size: 18px;\">\n<li>Servizio Spiaggia + Miniclub<\/li>\n<li>Pensione Completa<\/li>\n<li>A 150 m dal mare<\/li>\n<\/ul>\n<div class=\"tagCRD\">\n<p class=\"textCRD\" style=\"font-size: 18px;\"><strong><span style=\"color: #ffffff;\"><a style=\"color: #ffffff;\" href=\"https:\/\/www.ignas.com\/it\/offerte-vacanze-calabria\/scalea\/santa-caterina-village\" target=\"_blank\" rel=\"noopener\">Guarda l&#8217;offerta<\/a><\/span><\/strong><\/p>\n<p>&nbsp;<\/p>\n<\/div>\n<\/div>\n<\/div>\n<\/div>\n<\/div>\n<p>Situato di fronte al mare, con accesso privato alla spiaggia, questa struttura vanta:<\/p>\n<ul>\n<li>3 ristoranti<\/li>\n<li>4 piscine<\/li>\n<li>servizio spiaggia<\/li>\n<li>animazione e Miniclub<\/li>\n<li>campi da tennis, basket e calcetto<\/li>\n<li>un centro nautico dove praticare canoa e windsurf<\/li>\n<li>sabbia\u00a0 e ghiaia perfette alleate per i giochi dei bimbi<\/li>\n<li>e tantissimo altro<\/li>\n<\/ul>\n<h4><strong>Hotel Parco dei Principi<\/strong><\/h4>\n<p><img loading=\"lazy\" decoding=\"async\" class=\"alignnone wp-image-27248 size-wp_review_large\" src=\"https:\/\/www.ignas.com\/it\/blog\/wp-content\/uploads\/2022\/03\/Hotel-Parco-dei-Principi-320x200.jpg\" alt=\"Hotel Parco dei Principi, situato vicino alla costa, circondata da un bel mare blu e un'entroterra ricco di vegetazione verde e rigogliosa.\" width=\"320\" height=\"200\" srcset=\"https:\/\/www.ignas.com\/it\/blog\/wp-content\/uploads\/2022\/03\/Hotel-Parco-dei-Principi-320x200.jpg 320w, https:\/\/www.ignas.com\/it\/blog\/wp-content\/uploads\/2022\/03\/Hotel-Parco-dei-Principi-300x188.jpg 300w, https:\/\/www.ignas.com\/it\/blog\/wp-content\/uploads\/2022\/03\/Hotel-Parco-dei-Principi-768x480.jpg 768w, https:\/\/www.ignas.com\/it\/blog\/wp-content\/uploads\/2022\/03\/Hotel-Parco-dei-Principi.jpg 800w\" sizes=\"auto, (max-width: 320px) 100vw, 320px\" \/><\/p>\n<p>Questo Hotel a Scalea \u00e8 un mix di eleganza della struttura e praticit\u00e0 dei tanti servizi inclusi nell&#8217;offerta!<\/p>\n<ul>\n<li>Pensione completa con bevande<\/li>\n<li>Servizio spiaggia con ombrellone sdraio e lettini<\/li>\n<li>Spiaggia a 100 metri<\/li>\n<li>Piscina<\/li>\n<li>Miniclub<\/li>\n<li>e tanto altro<\/li>\n<\/ul>\n<h4><a href=\"https:\/\/www.ignas.com\/it\/offerte-vacanze-calabria\/scalea\/hotel-parco-dei-principi\"><span style=\"color: #ff6600;\"><b>Guarda l&#8217;offerta<\/b><\/span><\/a><\/h4>\n","protected":false},"excerpt":{"rendered":"<p>&#8220;Oggi qu\u00ec Domani l\u00e0..&#8221; Direzione Riviera dei Cedri! La canzone di Patty Pravo si presta benissimo per gli spiriti liberi che amano viaggiare esplorando le bellezze dei territori circostanti. Ed infatti, chi l\u2019ha detto che una vacanza deve essere per forza sedentaria, ferma, immobile? Direi proprio nessuno! Ecco quindi consigli e spunti per vivere la [&hellip;]<\/p>\n","protected":false},"author":2,"featured_media":24826,"comment_status":"closed","ping_status":"closed","sticky":false,"template":"","format":"standard","meta":{"_acf_changed":false,"inline_featured_image":false,"_lmt_disableupdate":"no","_lmt_disable":"no","_monsterinsights_skip_tracking":false,"_monsterinsights_sitenote_active":false,"_monsterinsights_sitenote_note":"","_monsterinsights_sitenote_category":0,"footnotes":""},"categories":[3],"tags":[],"class_list":["post-24808","post","type-post","status-publish","format-standard","has-post-thumbnail","hentry","category-terre-di-mare"],"acf":[],"yoast_head":"<!-- This site is optimized with the Yoast SEO plugin v27.5 - https:\/\/yoast.com\/product\/yoast-seo-wordpress\/ -->\n<title>Riviera dei Cedri: Guida completa! - Ignas Tour<\/title>\n<meta name=\"description\" content=\"Un giretto nella riviera dei cedri per poi andare in quelle dei cedri. Sveliamo spiagge lontane dalla folla, e strutture uniche!\" \/>\n<meta name=\"robots\" content=\"index, follow, max-snippet:-1, max-image-preview:large, max-video-preview:-1\" \/>\n<link rel=\"canonical\" href=\"https:\/\/www.ignas.com\/it\/blog\/riviera-dei-cedri\/\" \/>\n<meta property=\"og:locale\" content=\"it_IT\" \/>\n<meta property=\"og:type\" content=\"article\" \/>\n<meta property=\"og:title\" content=\"Riviera dei Cedri: Guida completa! - Ignas Tour\" \/>\n<meta property=\"og:description\" content=\"Un giretto nella riviera dei cedri per poi andare in quelle dei cedri. Sveliamo spiagge lontane dalla folla, e strutture uniche!\" \/>\n<meta property=\"og:url\" content=\"https:\/\/www.ignas.com\/it\/blog\/riviera-dei-cedri\/\" \/>\n<meta property=\"og:site_name\" content=\"Ignas Tour\" \/>\n<meta property=\"article:published_time\" content=\"2022-03-01T10:38:07+00:00\" \/>\n<meta property=\"article:modified_time\" content=\"2025-02-13T14:39:49+00:00\" \/>\n<meta property=\"og:image\" content=\"https:\/\/www.ignas.com\/it\/blog\/wp-content\/uploads\/2022\/03\/la-riviera-dei-cedri.jpeg\" \/>\n\t<meta property=\"og:image:width\" content=\"750\" \/>\n\t<meta property=\"og:image:height\" content=\"500\" \/>\n\t<meta property=\"og:image:type\" content=\"image\/jpeg\" \/>\n<meta name=\"author\" content=\"Fabrizio\" \/>\n<meta name=\"twitter:card\" content=\"summary_large_image\" \/>\n<meta name=\"twitter:label1\" content=\"Scritto da\" \/>\n\t<meta name=\"twitter:data1\" content=\"Fabrizio\" \/>\n\t<meta name=\"twitter:label2\" content=\"Tempo di lettura stimato\" \/>\n\t<meta name=\"twitter:data2\" content=\"12 minuti\" \/>\n<script type=\"application\/ld+json\" class=\"yoast-schema-graph\">{\"@context\":\"https:\\\/\\\/schema.org\",\"@graph\":[{\"@type\":\"Article\",\"@id\":\"https:\\\/\\\/www.ignas.com\\\/it\\\/blog\\\/riviera-dei-cedri\\\/#article\",\"isPartOf\":{\"@id\":\"https:\\\/\\\/www.ignas.com\\\/it\\\/blog\\\/riviera-dei-cedri\\\/\"},\"author\":{\"name\":\"Fabrizio\",\"@id\":\"https:\\\/\\\/www.ignas.com\\\/it\\\/blog\\\/#\\\/schema\\\/person\\\/cb41520c07db292cc5a20ce104e28a1d\"},\"headline\":\"Riviera dei Cedri: Guida completa!\",\"datePublished\":\"2022-03-01T10:38:07+00:00\",\"dateModified\":\"2025-02-13T14:39:49+00:00\",\"mainEntityOfPage\":{\"@id\":\"https:\\\/\\\/www.ignas.com\\\/it\\\/blog\\\/riviera-dei-cedri\\\/\"},\"wordCount\":1649,\"publisher\":{\"@id\":\"https:\\\/\\\/www.ignas.com\\\/it\\\/blog\\\/#organization\"},\"image\":{\"@id\":\"https:\\\/\\\/www.ignas.com\\\/it\\\/blog\\\/riviera-dei-cedri\\\/#primaryimage\"},\"thumbnailUrl\":\"https:\\\/\\\/www.ignas.com\\\/it\\\/blog\\\/wp-content\\\/uploads\\\/2022\\\/03\\\/la-riviera-dei-cedri.jpeg\",\"articleSection\":[\"Terre di mare\"],\"inLanguage\":\"it-IT\"},{\"@type\":\"WebPage\",\"@id\":\"https:\\\/\\\/www.ignas.com\\\/it\\\/blog\\\/riviera-dei-cedri\\\/\",\"url\":\"https:\\\/\\\/www.ignas.com\\\/it\\\/blog\\\/riviera-dei-cedri\\\/\",\"name\":\"Riviera dei Cedri: Guida completa! - Ignas Tour\",\"isPartOf\":{\"@id\":\"https:\\\/\\\/www.ignas.com\\\/it\\\/blog\\\/#website\"},\"primaryImageOfPage\":{\"@id\":\"https:\\\/\\\/www.ignas.com\\\/it\\\/blog\\\/riviera-dei-cedri\\\/#primaryimage\"},\"image\":{\"@id\":\"https:\\\/\\\/www.ignas.com\\\/it\\\/blog\\\/riviera-dei-cedri\\\/#primaryimage\"},\"thumbnailUrl\":\"https:\\\/\\\/www.ignas.com\\\/it\\\/blog\\\/wp-content\\\/uploads\\\/2022\\\/03\\\/la-riviera-dei-cedri.jpeg\",\"datePublished\":\"2022-03-01T10:38:07+00:00\",\"dateModified\":\"2025-02-13T14:39:49+00:00\",\"description\":\"Un giretto nella riviera dei cedri per poi andare in quelle dei cedri. Sveliamo spiagge lontane dalla folla, e strutture uniche!\",\"breadcrumb\":{\"@id\":\"https:\\\/\\\/www.ignas.com\\\/it\\\/blog\\\/riviera-dei-cedri\\\/#breadcrumb\"},\"inLanguage\":\"it-IT\",\"potentialAction\":[{\"@type\":\"ReadAction\",\"target\":[\"https:\\\/\\\/www.ignas.com\\\/it\\\/blog\\\/riviera-dei-cedri\\\/\"]}]},{\"@type\":\"ImageObject\",\"inLanguage\":\"it-IT\",\"@id\":\"https:\\\/\\\/www.ignas.com\\\/it\\\/blog\\\/riviera-dei-cedri\\\/#primaryimage\",\"url\":\"https:\\\/\\\/www.ignas.com\\\/it\\\/blog\\\/wp-content\\\/uploads\\\/2022\\\/03\\\/la-riviera-dei-cedri.jpeg\",\"contentUrl\":\"https:\\\/\\\/www.ignas.com\\\/it\\\/blog\\\/wp-content\\\/uploads\\\/2022\\\/03\\\/la-riviera-dei-cedri.jpeg\",\"width\":750,\"height\":500,\"caption\":\"riviera dei cedri\"},{\"@type\":\"BreadcrumbList\",\"@id\":\"https:\\\/\\\/www.ignas.com\\\/it\\\/blog\\\/riviera-dei-cedri\\\/#breadcrumb\",\"itemListElement\":[{\"@type\":\"ListItem\",\"position\":1,\"name\":\"Home\",\"item\":\"https:\\\/\\\/www.ignas.com\\\/it\\\/blog\\\/\"},{\"@type\":\"ListItem\",\"position\":2,\"name\":\"Riviera dei Cedri: Guida completa!\"}]},{\"@type\":\"WebSite\",\"@id\":\"https:\\\/\\\/www.ignas.com\\\/it\\\/blog\\\/#website\",\"url\":\"https:\\\/\\\/www.ignas.com\\\/it\\\/blog\\\/\",\"name\":\"Ignas Tour\",\"description\":\"\",\"publisher\":{\"@id\":\"https:\\\/\\\/www.ignas.com\\\/it\\\/blog\\\/#organization\"},\"potentialAction\":[{\"@type\":\"SearchAction\",\"target\":{\"@type\":\"EntryPoint\",\"urlTemplate\":\"https:\\\/\\\/www.ignas.com\\\/it\\\/blog\\\/?s={search_term_string}\"},\"query-input\":{\"@type\":\"PropertyValueSpecification\",\"valueRequired\":true,\"valueName\":\"search_term_string\"}}],\"inLanguage\":\"it-IT\"},{\"@type\":\"Organization\",\"@id\":\"https:\\\/\\\/www.ignas.com\\\/it\\\/blog\\\/#organization\",\"name\":\"Ignas Tour\",\"url\":\"https:\\\/\\\/www.ignas.com\\\/it\\\/blog\\\/\",\"logo\":{\"@type\":\"ImageObject\",\"inLanguage\":\"it-IT\",\"@id\":\"https:\\\/\\\/www.ignas.com\\\/it\\\/blog\\\/#\\\/schema\\\/logo\\\/image\\\/\",\"url\":\"https:\\\/\\\/www.ignas.com\\\/it\\\/blog\\\/wp-content\\\/uploads\\\/2020\\\/01\\\/logo-ignas-com-200.png\",\"contentUrl\":\"https:\\\/\\\/www.ignas.com\\\/it\\\/blog\\\/wp-content\\\/uploads\\\/2020\\\/01\\\/logo-ignas-com-200.png\",\"width\":1147,\"height\":329,\"caption\":\"Ignas Tour\"},\"image\":{\"@id\":\"https:\\\/\\\/www.ignas.com\\\/it\\\/blog\\\/#\\\/schema\\\/logo\\\/image\\\/\"}},{\"@type\":\"Person\",\"@id\":\"https:\\\/\\\/www.ignas.com\\\/it\\\/blog\\\/#\\\/schema\\\/person\\\/cb41520c07db292cc5a20ce104e28a1d\",\"name\":\"Fabrizio\",\"image\":{\"@type\":\"ImageObject\",\"inLanguage\":\"it-IT\",\"@id\":\"https:\\\/\\\/secure.gravatar.com\\\/avatar\\\/e17f60c58ebe3feb555b9028681e30cfd921758bbdd1f8e9816f1d7d08c1bd9f?s=96&d=mm&r=g\",\"url\":\"https:\\\/\\\/secure.gravatar.com\\\/avatar\\\/e17f60c58ebe3feb555b9028681e30cfd921758bbdd1f8e9816f1d7d08c1bd9f?s=96&d=mm&r=g\",\"contentUrl\":\"https:\\\/\\\/secure.gravatar.com\\\/avatar\\\/e17f60c58ebe3feb555b9028681e30cfd921758bbdd1f8e9816f1d7d08c1bd9f?s=96&d=mm&r=g\",\"caption\":\"Fabrizio\"},\"description\":\"Seo Copywriter\"}]}<\/script>\n<!-- \/ Yoast SEO plugin. -->","yoast_head_json":{"title":"Riviera dei Cedri: Guida completa! - Ignas Tour","description":"Un giretto nella riviera dei cedri per poi andare in quelle dei cedri. Sveliamo spiagge lontane dalla folla, e strutture uniche!","robots":{"index":"index","follow":"follow","max-snippet":"max-snippet:-1","max-image-preview":"max-image-preview:large","max-video-preview":"max-video-preview:-1"},"canonical":"https:\/\/www.ignas.com\/it\/blog\/riviera-dei-cedri\/","og_locale":"it_IT","og_type":"article","og_title":"Riviera dei Cedri: Guida completa! - Ignas Tour","og_description":"Un giretto nella riviera dei cedri per poi andare in quelle dei cedri. Sveliamo spiagge lontane dalla folla, e strutture uniche!","og_url":"https:\/\/www.ignas.com\/it\/blog\/riviera-dei-cedri\/","og_site_name":"Ignas Tour","article_published_time":"2022-03-01T10:38:07+00:00","article_modified_time":"2025-02-13T14:39:49+00:00","og_image":[{"width":750,"height":500,"url":"https:\/\/www.ignas.com\/it\/blog\/wp-content\/uploads\/2022\/03\/la-riviera-dei-cedri.jpeg","type":"image\/jpeg"}],"author":"Fabrizio","twitter_card":"summary_large_image","twitter_misc":{"Scritto da":"Fabrizio","Tempo di lettura stimato":"12 minuti"},"schema":{"@context":"https:\/\/schema.org","@graph":[{"@type":"Article","@id":"https:\/\/www.ignas.com\/it\/blog\/riviera-dei-cedri\/#article","isPartOf":{"@id":"https:\/\/www.ignas.com\/it\/blog\/riviera-dei-cedri\/"},"author":{"name":"Fabrizio","@id":"https:\/\/www.ignas.com\/it\/blog\/#\/schema\/person\/cb41520c07db292cc5a20ce104e28a1d"},"headline":"Riviera dei Cedri: Guida completa!","datePublished":"2022-03-01T10:38:07+00:00","dateModified":"2025-02-13T14:39:49+00:00","mainEntityOfPage":{"@id":"https:\/\/www.ignas.com\/it\/blog\/riviera-dei-cedri\/"},"wordCount":1649,"publisher":{"@id":"https:\/\/www.ignas.com\/it\/blog\/#organization"},"image":{"@id":"https:\/\/www.ignas.com\/it\/blog\/riviera-dei-cedri\/#primaryimage"},"thumbnailUrl":"https:\/\/www.ignas.com\/it\/blog\/wp-content\/uploads\/2022\/03\/la-riviera-dei-cedri.jpeg","articleSection":["Terre di mare"],"inLanguage":"it-IT"},{"@type":"WebPage","@id":"https:\/\/www.ignas.com\/it\/blog\/riviera-dei-cedri\/","url":"https:\/\/www.ignas.com\/it\/blog\/riviera-dei-cedri\/","name":"Riviera dei Cedri: Guida completa! - Ignas Tour","isPartOf":{"@id":"https:\/\/www.ignas.com\/it\/blog\/#website"},"primaryImageOfPage":{"@id":"https:\/\/www.ignas.com\/it\/blog\/riviera-dei-cedri\/#primaryimage"},"image":{"@id":"https:\/\/www.ignas.com\/it\/blog\/riviera-dei-cedri\/#primaryimage"},"thumbnailUrl":"https:\/\/www.ignas.com\/it\/blog\/wp-content\/uploads\/2022\/03\/la-riviera-dei-cedri.jpeg","datePublished":"2022-03-01T10:38:07+00:00","dateModified":"2025-02-13T14:39:49+00:00","description":"Un giretto nella riviera dei cedri per poi andare in quelle dei cedri. Sveliamo spiagge lontane dalla folla, e strutture uniche!","breadcrumb":{"@id":"https:\/\/www.ignas.com\/it\/blog\/riviera-dei-cedri\/#breadcrumb"},"inLanguage":"it-IT","potentialAction":[{"@type":"ReadAction","target":["https:\/\/www.ignas.com\/it\/blog\/riviera-dei-cedri\/"]}]},{"@type":"ImageObject","inLanguage":"it-IT","@id":"https:\/\/www.ignas.com\/it\/blog\/riviera-dei-cedri\/#primaryimage","url":"https:\/\/www.ignas.com\/it\/blog\/wp-content\/uploads\/2022\/03\/la-riviera-dei-cedri.jpeg","contentUrl":"https:\/\/www.ignas.com\/it\/blog\/wp-content\/uploads\/2022\/03\/la-riviera-dei-cedri.jpeg","width":750,"height":500,"caption":"riviera dei cedri"},{"@type":"BreadcrumbList","@id":"https:\/\/www.ignas.com\/it\/blog\/riviera-dei-cedri\/#breadcrumb","itemListElement":[{"@type":"ListItem","position":1,"name":"Home","item":"https:\/\/www.ignas.com\/it\/blog\/"},{"@type":"ListItem","position":2,"name":"Riviera dei Cedri: Guida completa!"}]},{"@type":"WebSite","@id":"https:\/\/www.ignas.com\/it\/blog\/#website","url":"https:\/\/www.ignas.com\/it\/blog\/","name":"Ignas Tour","description":"","publisher":{"@id":"https:\/\/www.ignas.com\/it\/blog\/#organization"},"potentialAction":[{"@type":"SearchAction","target":{"@type":"EntryPoint","urlTemplate":"https:\/\/www.ignas.com\/it\/blog\/?s={search_term_string}"},"query-input":{"@type":"PropertyValueSpecification","valueRequired":true,"valueName":"search_term_string"}}],"inLanguage":"it-IT"},{"@type":"Organization","@id":"https:\/\/www.ignas.com\/it\/blog\/#organization","name":"Ignas Tour","url":"https:\/\/www.ignas.com\/it\/blog\/","logo":{"@type":"ImageObject","inLanguage":"it-IT","@id":"https:\/\/www.ignas.com\/it\/blog\/#\/schema\/logo\/image\/","url":"https:\/\/www.ignas.com\/it\/blog\/wp-content\/uploads\/2020\/01\/logo-ignas-com-200.png","contentUrl":"https:\/\/www.ignas.com\/it\/blog\/wp-content\/uploads\/2020\/01\/logo-ignas-com-200.png","width":1147,"height":329,"caption":"Ignas Tour"},"image":{"@id":"https:\/\/www.ignas.com\/it\/blog\/#\/schema\/logo\/image\/"}},{"@type":"Person","@id":"https:\/\/www.ignas.com\/it\/blog\/#\/schema\/person\/cb41520c07db292cc5a20ce104e28a1d","name":"Fabrizio","image":{"@type":"ImageObject","inLanguage":"it-IT","@id":"https:\/\/secure.gravatar.com\/avatar\/e17f60c58ebe3feb555b9028681e30cfd921758bbdd1f8e9816f1d7d08c1bd9f?s=96&d=mm&r=g","url":"https:\/\/secure.gravatar.com\/avatar\/e17f60c58ebe3feb555b9028681e30cfd921758bbdd1f8e9816f1d7d08c1bd9f?s=96&d=mm&r=g","contentUrl":"https:\/\/secure.gravatar.com\/avatar\/e17f60c58ebe3feb555b9028681e30cfd921758bbdd1f8e9816f1d7d08c1bd9f?s=96&d=mm&r=g","caption":"Fabrizio"},"description":"Seo Copywriter"}]}},"modified_by":"Denise Basano","_links":{"self":[{"href":"https:\/\/www.ignas.com\/it\/blog\/wp-json\/wp\/v2\/posts\/24808","targetHints":{"allow":["GET"]}}],"collection":[{"href":"https:\/\/www.ignas.com\/it\/blog\/wp-json\/wp\/v2\/posts"}],"about":[{"href":"https:\/\/www.ignas.com\/it\/blog\/wp-json\/wp\/v2\/types\/post"}],"author":[{"embeddable":true,"href":"https:\/\/www.ignas.com\/it\/blog\/wp-json\/wp\/v2\/users\/2"}],"replies":[{"embeddable":true,"href":"https:\/\/www.ignas.com\/it\/blog\/wp-json\/wp\/v2\/comments?post=24808"}],"version-history":[{"count":43,"href":"https:\/\/www.ignas.com\/it\/blog\/wp-json\/wp\/v2\/posts\/24808\/revisions"}],"predecessor-version":[{"id":28520,"href":"https:\/\/www.ignas.com\/it\/blog\/wp-json\/wp\/v2\/posts\/24808\/revisions\/28520"}],"wp:featuredmedia":[{"embeddable":true,"href":"https:\/\/www.ignas.com\/it\/blog\/wp-json\/wp\/v2\/media\/24826"}],"wp:attachment":[{"href":"https:\/\/www.ignas.com\/it\/blog\/wp-json\/wp\/v2\/media?parent=24808"}],"wp:term":[{"taxonomy":"category","embeddable":true,"href":"https:\/\/www.ignas.com\/it\/blog\/wp-json\/wp\/v2\/categories?post=24808"},{"taxonomy":"post_tag","embeddable":true,"href":"https:\/\/www.ignas.com\/it\/blog\/wp-json\/wp\/v2\/tags?post=24808"}],"curies":[{"name":"wp","href":"https:\/\/api.w.org\/{rel}","templated":true}]}}