{"id":24005,"date":"2021-09-09T15:32:20","date_gmt":"2021-09-09T13:32:20","guid":{"rendered":"https:\/\/www.ignas.com\/it\/blog\/?p=24005"},"modified":"2024-02-28T10:21:10","modified_gmt":"2024-02-28T09:21:10","slug":"val-badia","status":"publish","type":"post","link":"https:\/\/www.ignas.com\/it\/blog\/val-badia\/","title":{"rendered":"Val Badia, guida nel cuore delle dolomiti"},"content":{"rendered":"<p>La Val Badia si estende in un area di circa 150 km\u00b2\u00a0 delle dolomiti settentrionali dell&#8217;Alto Adige. Si trova all&#8217;interno di una conca circondata da 2 parchi naturali, massicci dolomitici iconici, e vicinissima ad altre valli stupende. L&#8217;intera zona \u00e8 considerata fra le migliori per le famiglie con bambini, visti gli svariati sentieri che si aprono nei boschi, molti dei quali ad anello e senza dislivelli proibitivi. Allora scopriamo insieme alcuni dei sentieri pi\u00f9 belli, e sveliamo i migliori luoghi da visitare.<\/p>\n<h2><span class=\"ez-toc-section\" id=\"Alta_Badia_e_Bassa_Badia_dove_si_trovano\"><\/span>Alta Badia e Bassa Badia: dove si trovano?<span class=\"ez-toc-section-end\"><\/span><\/h2><div id=\"ez-toc-container\" class=\"ez-toc-v2_0_82_2 counter-hierarchy ez-toc-counter ez-toc-white ez-toc-container-direction\">\n<div class=\"ez-toc-title-container\">\n<p class=\"ez-toc-title\" style=\"cursor:inherit\"><\/p>\n<span class=\"ez-toc-title-toggle\"><a href=\"#\" class=\"ez-toc-pull-right ez-toc-btn ez-toc-btn-xs ez-toc-btn-default ez-toc-toggle\" aria-label=\"Toggle Table of Content\"><span class=\"ez-toc-js-icon-con\"><span class=\"\"><span class=\"eztoc-hide\" style=\"display:none;\">Toggle<\/span><span class=\"ez-toc-icon-toggle-span\"><svg style=\"fill: #999;color:#999\" xmlns=\"http:\/\/www.w3.org\/2000\/svg\" class=\"list-377408\" width=\"20px\" height=\"20px\" viewBox=\"0 0 24 24\" fill=\"none\"><path d=\"M6 6H4v2h2V6zm14 0H8v2h12V6zM4 11h2v2H4v-2zm16 0H8v2h12v-2zM4 16h2v2H4v-2zm16 0H8v2h12v-2z\" fill=\"currentColor\"><\/path><\/svg><svg style=\"fill: #999;color:#999\" class=\"arrow-unsorted-368013\" xmlns=\"http:\/\/www.w3.org\/2000\/svg\" width=\"10px\" height=\"10px\" viewBox=\"0 0 24 24\" version=\"1.2\" baseProfile=\"tiny\"><path d=\"M18.2 9.3l-6.2-6.3-6.2 6.3c-.2.2-.3.4-.3.7s.1.5.3.7c.2.2.4.3.7.3h11c.3 0 .5-.1.7-.3.2-.2.3-.5.3-.7s-.1-.5-.3-.7zM5.8 14.7l6.2 6.3 6.2-6.3c.2-.2.3-.5.3-.7s-.1-.5-.3-.7c-.2-.2-.4-.3-.7-.3h-11c-.3 0-.5.1-.7.3-.2.2-.3.5-.3.7s.1.5.3.7z\"\/><\/svg><\/span><\/span><\/span><\/a><\/span><\/div>\n<nav><ul class='ez-toc-list ez-toc-list-level-1 eztoc-toggle-hide-by-default' ><li class='ez-toc-page-1 ez-toc-heading-level-2'><a class=\"ez-toc-link ez-toc-heading-1\" href=\"https:\/\/www.ignas.com\/it\/blog\/val-badia\/#Alta_Badia_e_Bassa_Badia_dove_si_trovano\" >Alta Badia e Bassa Badia: dove si trovano?<\/a><ul class='ez-toc-list-level-3' ><li class='ez-toc-heading-level-3'><a class=\"ez-toc-link ez-toc-heading-2\" href=\"https:\/\/www.ignas.com\/it\/blog\/val-badia\/#Corvara_in_Badia\" >Corvara in Badia<\/a><\/li><li class='ez-toc-page-1 ez-toc-heading-level-3'><a class=\"ez-toc-link ez-toc-heading-3\" href=\"https:\/\/www.ignas.com\/it\/blog\/val-badia\/#Armentarola\" >Armentarola<\/a><\/li><li class='ez-toc-page-1 ez-toc-heading-level-3'><a class=\"ez-toc-link ez-toc-heading-4\" href=\"https:\/\/www.ignas.com\/it\/blog\/val-badia\/#San_Martino_in_Badia\" >San Martino in Badia<\/a><\/li><li class='ez-toc-page-1 ez-toc-heading-level-3'><a class=\"ez-toc-link ez-toc-heading-5\" href=\"https:\/\/www.ignas.com\/it\/blog\/val-badia\/#San_Lorenzo_di_Sebato\" >San Lorenzo di Sebato<\/a><\/li><\/ul><\/li><li class='ez-toc-page-1 ez-toc-heading-level-2'><a class=\"ez-toc-link ez-toc-heading-6\" href=\"https:\/\/www.ignas.com\/it\/blog\/val-badia\/#Quali_montagne_scoprire_in_Val_Badia\" >Quali montagne scoprire in Val Badia?<\/a><ul class='ez-toc-list-level-3' ><li class='ez-toc-heading-level-3'><a class=\"ez-toc-link ez-toc-heading-7\" href=\"https:\/\/www.ignas.com\/it\/blog\/val-badia\/#Piz_Boe\" >Piz Bo\u00e8<\/a><\/li><li class='ez-toc-page-1 ez-toc-heading-level-3'><a class=\"ez-toc-link ez-toc-heading-8\" href=\"https:\/\/www.ignas.com\/it\/blog\/val-badia\/#Lagazuoi\" >Lagazuoi<\/a><\/li><\/ul><\/li><li class='ez-toc-page-1 ez-toc-heading-level-2'><a class=\"ez-toc-link ez-toc-heading-9\" href=\"https:\/\/www.ignas.com\/it\/blog\/val-badia\/#Cosa_fare_in_Val_Badia\" >Cosa fare in Val Badia<\/a><ul class='ez-toc-list-level-3' ><li class='ez-toc-heading-level-3'><a class=\"ez-toc-link ez-toc-heading-10\" href=\"https:\/\/www.ignas.com\/it\/blog\/val-badia\/#Parchi_naturali\" >Parchi naturali<\/a><\/li><li class='ez-toc-page-1 ez-toc-heading-level-3'><a class=\"ez-toc-link ez-toc-heading-11\" href=\"https:\/\/www.ignas.com\/it\/blog\/val-badia\/#Uetia-Ciampcios\" >Uetia-Ciampcios<\/a><\/li><li class='ez-toc-page-1 ez-toc-heading-level-3'><a class=\"ez-toc-link ez-toc-heading-12\" href=\"https:\/\/www.ignas.com\/it\/blog\/val-badia\/#Valle_dei_mulini\" >Valle dei mulini<\/a><\/li><li class='ez-toc-page-1 ez-toc-heading-level-3'><a class=\"ez-toc-link ez-toc-heading-13\" href=\"https:\/\/www.ignas.com\/it\/blog\/val-badia\/#Cascate_Pisciadu\" >Cascate Pisciadu<\/a><\/li><li class='ez-toc-page-1 ez-toc-heading-level-3'><a class=\"ez-toc-link ez-toc-heading-14\" href=\"https:\/\/www.ignas.com\/it\/blog\/val-badia\/#Prati_dellArmentaria\" >Prati dell&#8217;Armentaria<\/a><\/li><\/ul><\/li><\/ul><\/nav><\/div>\n\n<p>La Val Badia si divide in queste 2 zone. Per Alta si intende quella pi\u00f9 a est e per bassa quella che si estende verso ovest.<\/p>\n<p>Alta Badia:<\/p>\n<ul>\n<li>Corvara<\/li>\n<li>Armentarola<\/li>\n<li>San Cassiano<\/li>\n<li>La Villa<\/li>\n<li>Badia<\/li>\n<\/ul>\n<p>Bassa Badia:<\/p>\n<ul>\n<li>La Valle<\/li>\n<li>San Martino in Badia<\/li>\n<li>San Vigilio<\/li>\n<li>San Lorenzo<\/li>\n<\/ul>\n<p>Ognuno di questi comuni conserva preziosi motivi per cui visitarli. Scopriamone alcuni!<\/p>\n<h3><span class=\"ez-toc-section\" id=\"Corvara_in_Badia\"><\/span>Corvara in Badia<span class=\"ez-toc-section-end\"><\/span><\/h3>\n<p>Il comune pi\u00f9 grande della Val Badia, e il primo in Italia dove fu costruita una seggiovia (1947). Un paese dove il turismo la fa da padrone, ma accompagnato da una fortissima propensione allo sport, visti i 130 km di pista che sono a disposizione. Corvara vanta anche una lunga storia ( datate 1200 circa le prime notizie del piccolo centro) che deve il suo nome al corvo, simbolo anche nella bandiera della cittadina.<\/p>\n<h3><span class=\"ez-toc-section\" id=\"Armentarola\"><\/span>Armentarola<span class=\"ez-toc-section-end\"><\/span><\/h3>\n<p><img loading=\"lazy\" decoding=\"async\" class=\"alignnone size-full wp-image-24448\" src=\"https:\/\/www.ignas.com\/it\/blog\/wp-content\/uploads\/2021\/09\/armentarola-1.jpg\" alt=\"\" width=\"728\" height=\"404\" srcset=\"https:\/\/www.ignas.com\/it\/blog\/wp-content\/uploads\/2021\/09\/armentarola-1.jpg 728w, https:\/\/www.ignas.com\/it\/blog\/wp-content\/uploads\/2021\/09\/armentarola-1-300x166.jpg 300w\" sizes=\"auto, (max-width: 728px) 100vw, 728px\" \/><\/p>\n<p>Piccola frazione di Badia, un luogo perfetto per dedicarsi allo sci, visti gli impianti di risalita e il fermento scintillante che tutti gli appassionati dello sport fanno rivivere nelle stradine di questo piccolo centro. Un luogo meraviglioso anche nella stagione calda visti gli innumerevoli sentieri che partono e che si diramano verso il gruppo montuoso che sovrasta alle sue spalle.<\/p>\n<h3><span class=\"ez-toc-section\" id=\"San_Martino_in_Badia\"><\/span>San Martino in Badia<span class=\"ez-toc-section-end\"><\/span><\/h3>\n<p>La cultura ladina \u00e8 il motore pi\u00f9 autentico della Val Badia. Infatti la lingua pi\u00f9 parlata in ciascun piccolo comune \u00e8 proprio quella ladina. In particolare proprio a San Martino \u00e8 presente il Museo della Storia e della cultura ladina, ospitato all&#8217;interno del Castello. Un luogo dove si rintracciano in modo inequivocabile, le origini di questa valle.<\/p>\n<h3><span class=\"ez-toc-section\" id=\"San_Lorenzo_di_Sebato\"><\/span>San Lorenzo di Sebato<span class=\"ez-toc-section-end\"><\/span><\/h3>\n<p>Questo piccolo centro \u00e8 il comune pi\u00f9 a ovest della Val Badia. Ha una duplice storia. Da una parte quella pi\u00f9 antica che risale all&#8217;et\u00e0 romana, come testimoniano numerosi ritrovamenti risalenti all&#8217;epoca. Fra cui un Sebatum, una sorta di torre di avvistamento dell&#8217;epoca. L&#8217;altra storia invece \u00e8 relativamente pi\u00f9 recente, risale alla meta del 1200, periodo in cui San Lorenzo, divenne la principale antagonista di un altro importante centro di quel periodo, Brunico. Quest&#8217;ultima radice \u00e8 ancora ben visibile nella lingua del luogo che \u00e8 prevalentemente tedesca, sentendo la forte influenza della vicina Brunico.<\/p>\n<h4><a class=\"button btnBlogCTA\" href=\"https:\/\/www.ignas.com\/it\/ricerca?sd=1&amp;q%3Asearch%3D43%3Bdt%3D%3Bviaggiatori%3D2%3Bdatevariabili%3B\" target=\"_blank\" rel=\"noopener noreferrer\">Scopri le nostre offerte per la Val Badia<\/a><\/h4>\n<h2><span class=\"ez-toc-section\" id=\"Quali_montagne_scoprire_in_Val_Badia\"><\/span>Quali montagne scoprire in Val Badia?<span class=\"ez-toc-section-end\"><\/span><\/h2>\n<p>In questa piccola valle, le montagne sembrano custodire il luogo, in una sorta di eterna vigilanza. Molti dei gruppi montuosi risalgono al Giurassico, e hanno al loro interno ghiacciai, laghi, torrenti, boschi, e bellissimi distese di prato. Per cui raccontarle tutte \u00e8 davvero un&#8217;impresa impossibile. Proprio per questo proveremo a scoprirne solo alcune fra le pi\u00f9 particolari. Iniziamo il nostro viaggio intorno alle montagne della Val Badia.<\/p>\n<h3><span class=\"ez-toc-section\" id=\"Piz_Boe\"><\/span>Piz Bo\u00e8<span class=\"ez-toc-section-end\"><\/span><\/h3>\n<p>Siamo al cospetto della cima pi\u00f9 alta del Gruppo del Sella, oltre 3000 metri scalabili anche dai meno esperti. In particolare, partendo da Colfosco, \u00e8 possibile raggiungerne il rifugio, per poi puntare alla cima in tutta sicurezza. Grazie ad una combinazione fra seggiovie e cabinovia, \u00e8 possibile raggiungere la vetta (quasi) anche da Corvara. Lo spettacolo , anche se non si riesce a raggiungere la cima pi\u00f9 alta, \u00e8 comunque assicurato.<\/p>\n<h3><span class=\"ez-toc-section\" id=\"Lagazuoi\"><\/span>Lagazuoi<span class=\"ez-toc-section-end\"><\/span><\/h3>\n<p>Armatevi di bacchette, acqua e tanta energia! Il sentiero lungo il Lagazuoi, oltre a essere caratterizzato da una fortissima variet\u00e0 paesaggistica e faunistica (lama, daini, marmotte, etc) ha nella storia recente una sorta di segno indelebile. Infatti sono numerosissime le gallerie e le trincee riferite alla prima guerra mondiale. Attraversarle render\u00e0 lo sforzo atletico, anche celebrale, il che non guasta!<\/p>\n<h2><span class=\"ez-toc-section\" id=\"Cosa_fare_in_Val_Badia\"><\/span>Cosa fare in Val Badia<span class=\"ez-toc-section-end\"><\/span><\/h2>\n<p>Grazie alla presenza di laghi, montagne, sentieri, parchi, le attivit\u00e0 sono potenzialmente infinite. Noi ne abbiamo raggruppate alcune, in modo da potervi dare qualche consiglio concreto e pragmatico. Per cui iniziamo da una delle meraviglie naturali che circondano l&#8217;intera vallata: i parchi naturali.<\/p>\n<h3><span class=\"ez-toc-section\" id=\"Parchi_naturali\"><\/span>Parchi naturali<span class=\"ez-toc-section-end\"><\/span><\/h3>\n<p>Sono ben 2 i parchi naturali che si affacciano sulla valle: Puez Odle e Fanes-Sennes-Braies. Raggiungerli pu\u00f2 essere un gesto atletico se si scelgono le impervie salite (qualcuno sceglie anche di affrontarle con bambini) ma per chi ama la dimensione del confort vi sono seggiovie che permettono di superare le parti pi\u00f9 impegnative. In entrambi i casi il gusto della scoperta e della meraviglia sono una certezza. E allora scopriamo insieme un possibile sentiero da fare proprio a Puez Odle.<\/p>\n<h3><span class=\"ez-toc-section\" id=\"Uetia-Ciampcios\"><\/span>Uetia-Ciampcios<span class=\"ez-toc-section-end\"><\/span><\/h3>\n<p><img loading=\"lazy\" decoding=\"async\" class=\"alignnone size-full wp-image-24449\" src=\"https:\/\/www.ignas.com\/it\/blog\/wp-content\/uploads\/2021\/09\/cosa-fare-in-val-badia-1.jpg\" alt=\"\" width=\"728\" height=\"404\" srcset=\"https:\/\/www.ignas.com\/it\/blog\/wp-content\/uploads\/2021\/09\/cosa-fare-in-val-badia-1.jpg 728w, https:\/\/www.ignas.com\/it\/blog\/wp-content\/uploads\/2021\/09\/cosa-fare-in-val-badia-1-300x166.jpg 300w\" sizes=\"auto, (max-width: 728px) 100vw, 728px\" \/><\/p>\n<p>Dal paesino di Longiar\u00f9 e si sale di circa 500 m di dislivello verso il Parco naturale, dove uno sconfinato prato si trova ai piedi del Piz Dueleda. Un senso di libert\u00e0 assoluta e di immensit\u00e0 travolge ogni visitatore in questo angolo di paradiso della Val Badia. Per cui non fatevi scoraggiare dalla distanza (circa 8 km) perch\u00e9 una volta arrivati sarete ripagati.<\/p>\n<h3><span class=\"ez-toc-section\" id=\"Valle_dei_mulini\"><\/span>Valle dei mulini<span class=\"ez-toc-section-end\"><\/span><\/h3>\n<p>Partendo dallo stesso piccolo paesino potrete ammirare la Valle dei Mulini. Un percorso di appena 1 ora, senza un particolare dislivello, percorribile anche in passeggino, dove \u00e8 possibile ammirare dei Mulini ad acqua perfettamente funzionanti. Un tempo questi mulini sfruttando il torrente Seres, erano in piena funzione e permettevano ai contadini la produzione del pane. Oggi percorrerli, permette di rivivere per un momento la sensazione di trovarsi indietro nel tempo, quando le giornate erano scandite dalla posizione del sole rispetto al meraviglioso gruppo Puez che si erge sulla valle.<\/p>\n<h3><span class=\"ez-toc-section\" id=\"Cascate_Pisciadu\"><\/span>Cascate Pisciadu<span class=\"ez-toc-section-end\"><\/span><\/h3>\n<p>Per chi ama l&#8217;acqua come elemento da vivere, non potr\u00e0 perdersi queste cascate nel cuore della Val Badia. Si parte da Corvara per un percorso di circa 1:30 h, circa 8 km di percorso, nel quale passando fra piccole salite, una vecchia chiesetta, e stradine di ghiaia, si arriva al loro cospetto. Niente di meglio che sdraiarsi e fare pic-nic accompagnati dal suono delle cascate e dal fresco naturale del luogo.<\/p>\n<h3><span class=\"ez-toc-section\" id=\"Prati_dellArmentaria\"><\/span>Prati dell&#8217;Armentaria<span class=\"ez-toc-section-end\"><\/span><\/h3>\n<div dir=\"auto\">Si parte da San Leonardo, qui si pu\u00f2 prendere la seggiovia al termine della quale in soli 40 minuti si arriva ai prati fioriti. In alternativa si pu\u00f2 evitare la seggiovia e avventurarsi per circa 3 ore di cammino. In ogni caso il finale fiorito e colorato \u00e8 il medesimo, grazie alla presenza di primule farinose, pulsatille e bottoni d&#8217;oro, un tipo di flora che rende il tutto come un quadro. Proseguendo per altri 30 min circa, si pu\u00f2 raggiungere la grotta della neve, un luogo dove un ghiaccia ha creato una grotta incantevole da vedere nella sua imponenza.<\/div>\n","protected":false},"excerpt":{"rendered":"<p>La Val Badia si estende in un area di circa 150 km\u00b2\u00a0 delle dolomiti settentrionali dell&#8217;Alto Adige. Si trova all&#8217;interno di una conca circondata da 2 parchi naturali, massicci dolomitici iconici, e vicinissima ad altre valli stupende. L&#8217;intera zona \u00e8 considerata fra le migliori per le famiglie con bambini, visti gli svariati sentieri che si [&hellip;]<\/p>\n","protected":false},"author":2,"featured_media":24095,"comment_status":"closed","ping_status":"closed","sticky":false,"template":"","format":"standard","meta":{"_acf_changed":false,"inline_featured_image":false,"_lmt_disableupdate":"no","_lmt_disable":"no","_monsterinsights_skip_tracking":false,"_monsterinsights_sitenote_active":false,"_monsterinsights_sitenote_note":"","_monsterinsights_sitenote_category":0,"footnotes":""},"categories":[4],"tags":[],"class_list":["post-24005","post","type-post","status-publish","format-standard","has-post-thumbnail","hentry","category-alta-quota"],"acf":[],"yoast_head":"<!-- This site is optimized with the Yoast SEO plugin v27.5 - https:\/\/yoast.com\/product\/yoast-seo-wordpress\/ -->\n<title>Val Badia, guida nel cuore delle dolomiti - Ignas Tour<\/title>\n<meta name=\"description\" content=\"Vuoi partire per la Val Badia? Prima ti consigliamo di leggere questo breve articolo, troverai una mini guida alla scoperta dell&#039;Alta Badia\" \/>\n<meta name=\"robots\" content=\"index, follow, max-snippet:-1, max-image-preview:large, max-video-preview:-1\" \/>\n<link rel=\"canonical\" href=\"https:\/\/www.ignas.com\/it\/blog\/val-badia\/\" \/>\n<meta property=\"og:locale\" content=\"it_IT\" \/>\n<meta property=\"og:type\" content=\"article\" \/>\n<meta property=\"og:title\" content=\"Val Badia, guida nel cuore delle dolomiti - Ignas Tour\" \/>\n<meta property=\"og:description\" content=\"Vuoi partire per la Val Badia? Prima ti consigliamo di leggere questo breve articolo, troverai una mini guida alla scoperta dell&#039;Alta Badia\" \/>\n<meta property=\"og:url\" content=\"https:\/\/www.ignas.com\/it\/blog\/val-badia\/\" \/>\n<meta property=\"og:site_name\" content=\"Ignas Tour\" \/>\n<meta property=\"article:published_time\" content=\"2021-09-09T13:32:20+00:00\" \/>\n<meta property=\"article:modified_time\" content=\"2024-02-28T09:21:10+00:00\" \/>\n<meta property=\"og:image\" content=\"https:\/\/www.ignas.com\/it\/blog\/wp-content\/uploads\/2021\/09\/val-badia-guida-completa.jpg\" \/>\n\t<meta property=\"og:image:width\" content=\"650\" \/>\n\t<meta property=\"og:image:height\" content=\"365\" \/>\n\t<meta property=\"og:image:type\" content=\"image\/jpeg\" \/>\n<meta name=\"author\" content=\"Fabrizio\" \/>\n<meta name=\"twitter:card\" content=\"summary_large_image\" \/>\n<meta name=\"twitter:label1\" content=\"Scritto da\" \/>\n\t<meta name=\"twitter:data1\" content=\"Fabrizio\" \/>\n\t<meta name=\"twitter:label2\" content=\"Tempo di lettura stimato\" \/>\n\t<meta name=\"twitter:data2\" content=\"7 minuti\" \/>\n<script type=\"application\/ld+json\" class=\"yoast-schema-graph\">{\"@context\":\"https:\\\/\\\/schema.org\",\"@graph\":[{\"@type\":\"Article\",\"@id\":\"https:\\\/\\\/www.ignas.com\\\/it\\\/blog\\\/val-badia\\\/#article\",\"isPartOf\":{\"@id\":\"https:\\\/\\\/www.ignas.com\\\/it\\\/blog\\\/val-badia\\\/\"},\"author\":{\"name\":\"Fabrizio\",\"@id\":\"https:\\\/\\\/www.ignas.com\\\/it\\\/blog\\\/#\\\/schema\\\/person\\\/cb41520c07db292cc5a20ce104e28a1d\"},\"headline\":\"Val Badia, guida nel cuore delle dolomiti\",\"datePublished\":\"2021-09-09T13:32:20+00:00\",\"dateModified\":\"2024-02-28T09:21:10+00:00\",\"mainEntityOfPage\":{\"@id\":\"https:\\\/\\\/www.ignas.com\\\/it\\\/blog\\\/val-badia\\\/\"},\"wordCount\":1095,\"publisher\":{\"@id\":\"https:\\\/\\\/www.ignas.com\\\/it\\\/blog\\\/#organization\"},\"image\":{\"@id\":\"https:\\\/\\\/www.ignas.com\\\/it\\\/blog\\\/val-badia\\\/#primaryimage\"},\"thumbnailUrl\":\"https:\\\/\\\/www.ignas.com\\\/it\\\/blog\\\/wp-content\\\/uploads\\\/2021\\\/09\\\/val-badia-guida-completa.jpg\",\"articleSection\":[\"Alta Quota\"],\"inLanguage\":\"it-IT\"},{\"@type\":\"WebPage\",\"@id\":\"https:\\\/\\\/www.ignas.com\\\/it\\\/blog\\\/val-badia\\\/\",\"url\":\"https:\\\/\\\/www.ignas.com\\\/it\\\/blog\\\/val-badia\\\/\",\"name\":\"Val Badia, guida nel cuore delle dolomiti - Ignas Tour\",\"isPartOf\":{\"@id\":\"https:\\\/\\\/www.ignas.com\\\/it\\\/blog\\\/#website\"},\"primaryImageOfPage\":{\"@id\":\"https:\\\/\\\/www.ignas.com\\\/it\\\/blog\\\/val-badia\\\/#primaryimage\"},\"image\":{\"@id\":\"https:\\\/\\\/www.ignas.com\\\/it\\\/blog\\\/val-badia\\\/#primaryimage\"},\"thumbnailUrl\":\"https:\\\/\\\/www.ignas.com\\\/it\\\/blog\\\/wp-content\\\/uploads\\\/2021\\\/09\\\/val-badia-guida-completa.jpg\",\"datePublished\":\"2021-09-09T13:32:20+00:00\",\"dateModified\":\"2024-02-28T09:21:10+00:00\",\"description\":\"Vuoi partire per la Val Badia? Prima ti consigliamo di leggere questo breve articolo, troverai una mini guida alla scoperta dell'Alta Badia\",\"breadcrumb\":{\"@id\":\"https:\\\/\\\/www.ignas.com\\\/it\\\/blog\\\/val-badia\\\/#breadcrumb\"},\"inLanguage\":\"it-IT\",\"potentialAction\":[{\"@type\":\"ReadAction\",\"target\":[\"https:\\\/\\\/www.ignas.com\\\/it\\\/blog\\\/val-badia\\\/\"]}]},{\"@type\":\"ImageObject\",\"inLanguage\":\"it-IT\",\"@id\":\"https:\\\/\\\/www.ignas.com\\\/it\\\/blog\\\/val-badia\\\/#primaryimage\",\"url\":\"https:\\\/\\\/www.ignas.com\\\/it\\\/blog\\\/wp-content\\\/uploads\\\/2021\\\/09\\\/val-badia-guida-completa.jpg\",\"contentUrl\":\"https:\\\/\\\/www.ignas.com\\\/it\\\/blog\\\/wp-content\\\/uploads\\\/2021\\\/09\\\/val-badia-guida-completa.jpg\",\"width\":650,\"height\":365,\"caption\":\"val badia guida completa\"},{\"@type\":\"BreadcrumbList\",\"@id\":\"https:\\\/\\\/www.ignas.com\\\/it\\\/blog\\\/val-badia\\\/#breadcrumb\",\"itemListElement\":[{\"@type\":\"ListItem\",\"position\":1,\"name\":\"Home\",\"item\":\"https:\\\/\\\/www.ignas.com\\\/it\\\/blog\\\/\"},{\"@type\":\"ListItem\",\"position\":2,\"name\":\"Val Badia, guida nel cuore delle dolomiti\"}]},{\"@type\":\"WebSite\",\"@id\":\"https:\\\/\\\/www.ignas.com\\\/it\\\/blog\\\/#website\",\"url\":\"https:\\\/\\\/www.ignas.com\\\/it\\\/blog\\\/\",\"name\":\"Ignas Tour\",\"description\":\"\",\"publisher\":{\"@id\":\"https:\\\/\\\/www.ignas.com\\\/it\\\/blog\\\/#organization\"},\"potentialAction\":[{\"@type\":\"SearchAction\",\"target\":{\"@type\":\"EntryPoint\",\"urlTemplate\":\"https:\\\/\\\/www.ignas.com\\\/it\\\/blog\\\/?s={search_term_string}\"},\"query-input\":{\"@type\":\"PropertyValueSpecification\",\"valueRequired\":true,\"valueName\":\"search_term_string\"}}],\"inLanguage\":\"it-IT\"},{\"@type\":\"Organization\",\"@id\":\"https:\\\/\\\/www.ignas.com\\\/it\\\/blog\\\/#organization\",\"name\":\"Ignas Tour\",\"url\":\"https:\\\/\\\/www.ignas.com\\\/it\\\/blog\\\/\",\"logo\":{\"@type\":\"ImageObject\",\"inLanguage\":\"it-IT\",\"@id\":\"https:\\\/\\\/www.ignas.com\\\/it\\\/blog\\\/#\\\/schema\\\/logo\\\/image\\\/\",\"url\":\"https:\\\/\\\/www.ignas.com\\\/it\\\/blog\\\/wp-content\\\/uploads\\\/2020\\\/01\\\/logo-ignas-com-200.png\",\"contentUrl\":\"https:\\\/\\\/www.ignas.com\\\/it\\\/blog\\\/wp-content\\\/uploads\\\/2020\\\/01\\\/logo-ignas-com-200.png\",\"width\":1147,\"height\":329,\"caption\":\"Ignas Tour\"},\"image\":{\"@id\":\"https:\\\/\\\/www.ignas.com\\\/it\\\/blog\\\/#\\\/schema\\\/logo\\\/image\\\/\"}},{\"@type\":\"Person\",\"@id\":\"https:\\\/\\\/www.ignas.com\\\/it\\\/blog\\\/#\\\/schema\\\/person\\\/cb41520c07db292cc5a20ce104e28a1d\",\"name\":\"Fabrizio\",\"image\":{\"@type\":\"ImageObject\",\"inLanguage\":\"it-IT\",\"@id\":\"https:\\\/\\\/secure.gravatar.com\\\/avatar\\\/e17f60c58ebe3feb555b9028681e30cfd921758bbdd1f8e9816f1d7d08c1bd9f?s=96&d=mm&r=g\",\"url\":\"https:\\\/\\\/secure.gravatar.com\\\/avatar\\\/e17f60c58ebe3feb555b9028681e30cfd921758bbdd1f8e9816f1d7d08c1bd9f?s=96&d=mm&r=g\",\"contentUrl\":\"https:\\\/\\\/secure.gravatar.com\\\/avatar\\\/e17f60c58ebe3feb555b9028681e30cfd921758bbdd1f8e9816f1d7d08c1bd9f?s=96&d=mm&r=g\",\"caption\":\"Fabrizio\"},\"description\":\"Seo Copywriter\"}]}<\/script>\n<!-- \/ Yoast SEO plugin. -->","yoast_head_json":{"title":"Val Badia, guida nel cuore delle dolomiti - Ignas Tour","description":"Vuoi partire per la Val Badia? Prima ti consigliamo di leggere questo breve articolo, troverai una mini guida alla scoperta dell'Alta Badia","robots":{"index":"index","follow":"follow","max-snippet":"max-snippet:-1","max-image-preview":"max-image-preview:large","max-video-preview":"max-video-preview:-1"},"canonical":"https:\/\/www.ignas.com\/it\/blog\/val-badia\/","og_locale":"it_IT","og_type":"article","og_title":"Val Badia, guida nel cuore delle dolomiti - Ignas Tour","og_description":"Vuoi partire per la Val Badia? Prima ti consigliamo di leggere questo breve articolo, troverai una mini guida alla scoperta dell'Alta Badia","og_url":"https:\/\/www.ignas.com\/it\/blog\/val-badia\/","og_site_name":"Ignas Tour","article_published_time":"2021-09-09T13:32:20+00:00","article_modified_time":"2024-02-28T09:21:10+00:00","og_image":[{"width":650,"height":365,"url":"https:\/\/www.ignas.com\/it\/blog\/wp-content\/uploads\/2021\/09\/val-badia-guida-completa.jpg","type":"image\/jpeg"}],"author":"Fabrizio","twitter_card":"summary_large_image","twitter_misc":{"Scritto da":"Fabrizio","Tempo di lettura stimato":"7 minuti"},"schema":{"@context":"https:\/\/schema.org","@graph":[{"@type":"Article","@id":"https:\/\/www.ignas.com\/it\/blog\/val-badia\/#article","isPartOf":{"@id":"https:\/\/www.ignas.com\/it\/blog\/val-badia\/"},"author":{"name":"Fabrizio","@id":"https:\/\/www.ignas.com\/it\/blog\/#\/schema\/person\/cb41520c07db292cc5a20ce104e28a1d"},"headline":"Val Badia, guida nel cuore delle dolomiti","datePublished":"2021-09-09T13:32:20+00:00","dateModified":"2024-02-28T09:21:10+00:00","mainEntityOfPage":{"@id":"https:\/\/www.ignas.com\/it\/blog\/val-badia\/"},"wordCount":1095,"publisher":{"@id":"https:\/\/www.ignas.com\/it\/blog\/#organization"},"image":{"@id":"https:\/\/www.ignas.com\/it\/blog\/val-badia\/#primaryimage"},"thumbnailUrl":"https:\/\/www.ignas.com\/it\/blog\/wp-content\/uploads\/2021\/09\/val-badia-guida-completa.jpg","articleSection":["Alta Quota"],"inLanguage":"it-IT"},{"@type":"WebPage","@id":"https:\/\/www.ignas.com\/it\/blog\/val-badia\/","url":"https:\/\/www.ignas.com\/it\/blog\/val-badia\/","name":"Val Badia, guida nel cuore delle dolomiti - Ignas Tour","isPartOf":{"@id":"https:\/\/www.ignas.com\/it\/blog\/#website"},"primaryImageOfPage":{"@id":"https:\/\/www.ignas.com\/it\/blog\/val-badia\/#primaryimage"},"image":{"@id":"https:\/\/www.ignas.com\/it\/blog\/val-badia\/#primaryimage"},"thumbnailUrl":"https:\/\/www.ignas.com\/it\/blog\/wp-content\/uploads\/2021\/09\/val-badia-guida-completa.jpg","datePublished":"2021-09-09T13:32:20+00:00","dateModified":"2024-02-28T09:21:10+00:00","description":"Vuoi partire per la Val Badia? Prima ti consigliamo di leggere questo breve articolo, troverai una mini guida alla scoperta dell'Alta Badia","breadcrumb":{"@id":"https:\/\/www.ignas.com\/it\/blog\/val-badia\/#breadcrumb"},"inLanguage":"it-IT","potentialAction":[{"@type":"ReadAction","target":["https:\/\/www.ignas.com\/it\/blog\/val-badia\/"]}]},{"@type":"ImageObject","inLanguage":"it-IT","@id":"https:\/\/www.ignas.com\/it\/blog\/val-badia\/#primaryimage","url":"https:\/\/www.ignas.com\/it\/blog\/wp-content\/uploads\/2021\/09\/val-badia-guida-completa.jpg","contentUrl":"https:\/\/www.ignas.com\/it\/blog\/wp-content\/uploads\/2021\/09\/val-badia-guida-completa.jpg","width":650,"height":365,"caption":"val badia guida completa"},{"@type":"BreadcrumbList","@id":"https:\/\/www.ignas.com\/it\/blog\/val-badia\/#breadcrumb","itemListElement":[{"@type":"ListItem","position":1,"name":"Home","item":"https:\/\/www.ignas.com\/it\/blog\/"},{"@type":"ListItem","position":2,"name":"Val Badia, guida nel cuore delle dolomiti"}]},{"@type":"WebSite","@id":"https:\/\/www.ignas.com\/it\/blog\/#website","url":"https:\/\/www.ignas.com\/it\/blog\/","name":"Ignas Tour","description":"","publisher":{"@id":"https:\/\/www.ignas.com\/it\/blog\/#organization"},"potentialAction":[{"@type":"SearchAction","target":{"@type":"EntryPoint","urlTemplate":"https:\/\/www.ignas.com\/it\/blog\/?s={search_term_string}"},"query-input":{"@type":"PropertyValueSpecification","valueRequired":true,"valueName":"search_term_string"}}],"inLanguage":"it-IT"},{"@type":"Organization","@id":"https:\/\/www.ignas.com\/it\/blog\/#organization","name":"Ignas Tour","url":"https:\/\/www.ignas.com\/it\/blog\/","logo":{"@type":"ImageObject","inLanguage":"it-IT","@id":"https:\/\/www.ignas.com\/it\/blog\/#\/schema\/logo\/image\/","url":"https:\/\/www.ignas.com\/it\/blog\/wp-content\/uploads\/2020\/01\/logo-ignas-com-200.png","contentUrl":"https:\/\/www.ignas.com\/it\/blog\/wp-content\/uploads\/2020\/01\/logo-ignas-com-200.png","width":1147,"height":329,"caption":"Ignas Tour"},"image":{"@id":"https:\/\/www.ignas.com\/it\/blog\/#\/schema\/logo\/image\/"}},{"@type":"Person","@id":"https:\/\/www.ignas.com\/it\/blog\/#\/schema\/person\/cb41520c07db292cc5a20ce104e28a1d","name":"Fabrizio","image":{"@type":"ImageObject","inLanguage":"it-IT","@id":"https:\/\/secure.gravatar.com\/avatar\/e17f60c58ebe3feb555b9028681e30cfd921758bbdd1f8e9816f1d7d08c1bd9f?s=96&d=mm&r=g","url":"https:\/\/secure.gravatar.com\/avatar\/e17f60c58ebe3feb555b9028681e30cfd921758bbdd1f8e9816f1d7d08c1bd9f?s=96&d=mm&r=g","contentUrl":"https:\/\/secure.gravatar.com\/avatar\/e17f60c58ebe3feb555b9028681e30cfd921758bbdd1f8e9816f1d7d08c1bd9f?s=96&d=mm&r=g","caption":"Fabrizio"},"description":"Seo Copywriter"}]}},"modified_by":"Team di Ignas Tour","_links":{"self":[{"href":"https:\/\/www.ignas.com\/it\/blog\/wp-json\/wp\/v2\/posts\/24005","targetHints":{"allow":["GET"]}}],"collection":[{"href":"https:\/\/www.ignas.com\/it\/blog\/wp-json\/wp\/v2\/posts"}],"about":[{"href":"https:\/\/www.ignas.com\/it\/blog\/wp-json\/wp\/v2\/types\/post"}],"author":[{"embeddable":true,"href":"https:\/\/www.ignas.com\/it\/blog\/wp-json\/wp\/v2\/users\/2"}],"replies":[{"embeddable":true,"href":"https:\/\/www.ignas.com\/it\/blog\/wp-json\/wp\/v2\/comments?post=24005"}],"version-history":[{"count":19,"href":"https:\/\/www.ignas.com\/it\/blog\/wp-json\/wp\/v2\/posts\/24005\/revisions"}],"predecessor-version":[{"id":24450,"href":"https:\/\/www.ignas.com\/it\/blog\/wp-json\/wp\/v2\/posts\/24005\/revisions\/24450"}],"wp:featuredmedia":[{"embeddable":true,"href":"https:\/\/www.ignas.com\/it\/blog\/wp-json\/wp\/v2\/media\/24095"}],"wp:attachment":[{"href":"https:\/\/www.ignas.com\/it\/blog\/wp-json\/wp\/v2\/media?parent=24005"}],"wp:term":[{"taxonomy":"category","embeddable":true,"href":"https:\/\/www.ignas.com\/it\/blog\/wp-json\/wp\/v2\/categories?post=24005"},{"taxonomy":"post_tag","embeddable":true,"href":"https:\/\/www.ignas.com\/it\/blog\/wp-json\/wp\/v2\/tags?post=24005"}],"curies":[{"name":"wp","href":"https:\/\/api.w.org\/{rel}","templated":true}]}}