{"id":23732,"date":"2021-06-22T09:04:04","date_gmt":"2021-06-22T07:04:04","guid":{"rendered":"https:\/\/www.ignas.com\/it\/blog\/?p=23732"},"modified":"2024-09-19T12:46:48","modified_gmt":"2024-09-19T10:46:48","slug":"capo-vaticano-spiagge","status":"publish","type":"post","link":"https:\/\/www.ignas.com\/it\/blog\/capo-vaticano-spiagge\/","title":{"rendered":"Capo Vaticano spiagge: consigliate da chi ci vive"},"content":{"rendered":"<h2><span class=\"ez-toc-section\" id=\"Scopriamo_tutto_su_capo_vaticano_spiagge\"><\/span>Scopriamo tutto su capo vaticano spiagge<span class=\"ez-toc-section-end\"><\/span><\/h2><div id=\"ez-toc-container\" class=\"ez-toc-v2_0_82_2 counter-hierarchy ez-toc-counter ez-toc-white ez-toc-container-direction\">\n<div class=\"ez-toc-title-container\">\n<p class=\"ez-toc-title\" style=\"cursor:inherit\"><\/p>\n<span class=\"ez-toc-title-toggle\"><a href=\"#\" class=\"ez-toc-pull-right ez-toc-btn ez-toc-btn-xs ez-toc-btn-default ez-toc-toggle\" aria-label=\"Toggle Table of Content\"><span class=\"ez-toc-js-icon-con\"><span class=\"\"><span class=\"eztoc-hide\" style=\"display:none;\">Toggle<\/span><span class=\"ez-toc-icon-toggle-span\"><svg style=\"fill: #999;color:#999\" xmlns=\"http:\/\/www.w3.org\/2000\/svg\" class=\"list-377408\" width=\"20px\" height=\"20px\" viewBox=\"0 0 24 24\" fill=\"none\"><path d=\"M6 6H4v2h2V6zm14 0H8v2h12V6zM4 11h2v2H4v-2zm16 0H8v2h12v-2zM4 16h2v2H4v-2zm16 0H8v2h12v-2z\" fill=\"currentColor\"><\/path><\/svg><svg style=\"fill: #999;color:#999\" class=\"arrow-unsorted-368013\" xmlns=\"http:\/\/www.w3.org\/2000\/svg\" width=\"10px\" height=\"10px\" viewBox=\"0 0 24 24\" version=\"1.2\" baseProfile=\"tiny\"><path d=\"M18.2 9.3l-6.2-6.3-6.2 6.3c-.2.2-.3.4-.3.7s.1.5.3.7c.2.2.4.3.7.3h11c.3 0 .5-.1.7-.3.2-.2.3-.5.3-.7s-.1-.5-.3-.7zM5.8 14.7l6.2 6.3 6.2-6.3c.2-.2.3-.5.3-.7s-.1-.5-.3-.7c-.2-.2-.4-.3-.7-.3h-11c-.3 0-.5.1-.7.3-.2.2-.3.5-.3.7s.1.5.3.7z\"\/><\/svg><\/span><\/span><\/span><\/a><\/span><\/div>\n<nav><ul class='ez-toc-list ez-toc-list-level-1 eztoc-toggle-hide-by-default' ><li class='ez-toc-page-1 ez-toc-heading-level-2'><a class=\"ez-toc-link ez-toc-heading-1\" href=\"https:\/\/www.ignas.com\/it\/blog\/capo-vaticano-spiagge\/#Scopriamo_tutto_su_capo_vaticano_spiagge\" >Scopriamo tutto su capo vaticano spiagge<\/a><\/li><li class='ez-toc-page-1 ez-toc-heading-level-2'><a class=\"ez-toc-link ez-toc-heading-2\" href=\"https:\/\/www.ignas.com\/it\/blog\/capo-vaticano-spiagge\/#Capo_vaticano_spiagge\" >Capo vaticano spiagge<\/a><ul class='ez-toc-list-level-3' ><li class='ez-toc-heading-level-3'><a class=\"ez-toc-link ez-toc-heading-3\" href=\"https:\/\/www.ignas.com\/it\/blog\/capo-vaticano-spiagge\/#Spiaggia_Grotticelle\" >Spiaggia Grotticelle<\/a><\/li><li class='ez-toc-page-1 ez-toc-heading-level-3'><a class=\"ez-toc-link ez-toc-heading-4\" href=\"https:\/\/www.ignas.com\/it\/blog\/capo-vaticano-spiagge\/#Spiaggia_Baia_di_Riaci\" >Spiaggia Baia di Riaci<\/a><\/li><li class='ez-toc-page-1 ez-toc-heading-level-3'><a class=\"ez-toc-link ez-toc-heading-5\" href=\"https:\/\/www.ignas.com\/it\/blog\/capo-vaticano-spiagge\/#Spiaggia_%E2%80%9CPraia_i_focu%E2%80%9D_solo_per_pochi\" >Spiaggia &#8220;Praia i focu&#8221;, solo per pochi<\/a><\/li><li class='ez-toc-page-1 ez-toc-heading-level-3'><a class=\"ez-toc-link ez-toc-heading-6\" href=\"https:\/\/www.ignas.com\/it\/blog\/capo-vaticano-spiagge\/#Spiaggia_del_tono\" >Spiaggia del tono<\/a><\/li><\/ul><\/li><li class='ez-toc-page-1 ez-toc-heading-level-2'><a class=\"ez-toc-link ez-toc-heading-7\" href=\"https:\/\/www.ignas.com\/it\/blog\/capo-vaticano-spiagge\/#Capo_vaticano_cose_da_vedere\" >Capo vaticano cose da vedere<\/a><\/li><li class='ez-toc-page-1 ez-toc-heading-level-2'><a class=\"ez-toc-link ez-toc-heading-8\" href=\"https:\/\/www.ignas.com\/it\/blog\/capo-vaticano-spiagge\/#Escursioni_capo_vaticano\" >Escursioni capo vaticano<\/a><\/li><\/ul><\/nav><\/div>\n\n<p><a href=\"https:\/\/calabriastraordinaria.it\/destinazioni\/il-fascino-mitico-di-capo-vaticano\"><span style=\"color: #ff6600;\"><strong>Capo<\/strong> <\/span><strong><span style=\"color: #ff6600;\">vaticano<\/span><\/strong><\/a> svetta come orso appostato sulle <strong>spiagge<\/strong> <strong>calabresi<\/strong>. Il promontorio, da cui la localit\u00e0 prende il nome, \u00e8 alto 150 m dal mare. Al suo interno vengono coltivati preziosi prodotti, come la cipolla rossa e le erbe selvatiche da cui si ricava il pi\u00f9 famoso degli amari calabresi.<\/p>\n<blockquote><p>Capo Vaticano, quel mare, ora tanto decantato, quelle spiagge, quei declivi pieni di ginestre e fichi d\u2019India, quelle fantastiche rocce, tanta ricchezza naturale<\/p>\n<p>&nbsp;<\/p><\/blockquote>\n<p>Queste parole dello scrittore veneto G. Berto, datate 1962, fanno capire come la bellezza del posto ha sempre colpito i visitatori, scopriamo quindi insieme cosa rende unico questo territorio, uscendo dai soliti clich\u00e9 e dalle spiagge pi\u00f9 note, ci addentreremo nelle spiagge capo vaticano scelte dalla gente del posto. Quale miglior consigliere?<\/p>\n<h2><span class=\"ez-toc-section\" id=\"Capo_vaticano_spiagge\"><\/span>Capo vaticano spiagge<span class=\"ez-toc-section-end\"><\/span><\/h2>\n<p><img loading=\"lazy\" decoding=\"async\" class=\"alignnone size-full wp-image-25795\" src=\"https:\/\/www.ignas.com\/it\/blog\/wp-content\/uploads\/2021\/06\/veduta-aerea-capovaticano.jpeg\" alt=\"veduta aerea di Capo Vaticano\" width=\"750\" height=\"500\" srcset=\"https:\/\/www.ignas.com\/it\/blog\/wp-content\/uploads\/2021\/06\/veduta-aerea-capovaticano.jpeg 750w, https:\/\/www.ignas.com\/it\/blog\/wp-content\/uploads\/2021\/06\/veduta-aerea-capovaticano-300x200.jpeg 300w\" sizes=\"auto, (max-width: 750px) 100vw, 750px\" \/><\/p>\n<p>Mai stati a Capo vaticano? Prima di guardare qualche foto sparsa sul web, facciamo un gioco, immaginando un luogo:<\/p>\n<ul>\n<li>pi\u00f9 a sud di Barcellona e delle Baleari<\/li>\n<li>nella parte pi\u00f9 a ovest della Costa degli Dei<\/li>\n<li>125 metri di promontorio alle spalle di 7 km di spiaggia frastagliata<\/li>\n<li>sabbia bianca, ciottoli, scogli, sabbia fine e setosa<\/li>\n<li>strade che costeggiano il mare percorribili in macchina fino alla spiaggia<\/li>\n<li><strong>spiagge segrete, conosciute solo da chi ci vive<\/strong><\/li>\n<li>17 mila posti letto, per 1 milione di turisti che arrivano anche dalla parte ionica<\/li>\n<li>itinerari a piedi e immersioni sul lungo costa<\/li>\n<li>Festival musicali e sagre con le eccellenze culinarie calabresi<\/li>\n<\/ul>\n<p>A <strong>Capo vaticano spiagge<\/strong> e calette sono la garanzia di puro divertimento per tutte le esigenze. In che senso? Basta vedere la ricchissima diversit\u00e0 di spiagge che la natura ha regalato a questo piccolo territorio. Per le famiglie sono presenti spiagge di sabbia sottile, in alcune zone vi sono piscine naturali formate da scogli, e anche in giorni in cui il mare \u00e8 mosso, rendono il bagno dei piccoli sicuro e divertente. Per chi ama l&#8217;attivit\u00e0 sportiva i villaggi offrono campi sportivi di calcio, pallavolo, tennis. Gli scogli poi sono l&#8217;habitat ideale per una moltitudine di pesci e animali marini che faranno incantare gli amanti dello snorkeling.<\/p>\n<h3><span class=\"ez-toc-section\" id=\"Spiaggia_Grotticelle\"><\/span>Spiaggia Grotticelle<span class=\"ez-toc-section-end\"><\/span><\/h3>\n<p><img loading=\"lazy\" decoding=\"async\" class=\"alignnone size-full wp-image-25794\" src=\"https:\/\/www.ignas.com\/it\/blog\/wp-content\/uploads\/2021\/06\/spiaggia-di-grotticelle.jpeg\" alt=\"spiaggia di grotticelle\" width=\"750\" height=\"500\" srcset=\"https:\/\/www.ignas.com\/it\/blog\/wp-content\/uploads\/2021\/06\/spiaggia-di-grotticelle.jpeg 750w, https:\/\/www.ignas.com\/it\/blog\/wp-content\/uploads\/2021\/06\/spiaggia-di-grotticelle-300x200.jpeg 300w\" sizes=\"auto, (max-width: 750px) 100vw, 750px\" \/><\/p>\n<p>Dopo una piccola stradina in discesa si arriva ad un parcheggio amplio dove poter lasciare la macchina e in tutta comodit\u00e0 andare verso la spiaggia libera. La sabbia \u00e8 sottile e bianca, il bagno-asciuga \u00e8 con sassolini tipo ghiaia, dove sicuramente le scarpine da scoglio ci possono dare una mano ad essere pi\u00f9 disinvolti. La spiaggia andando verso sud finisce su un&#8217;insieme di scogli che degradano in mare. Andando verso nord, la spiaggia continua in un altra baia, meno larga, ma con il mare quasi sempre calmissimo, grazie alla <strong>presenza di scogli sommersi<\/strong> che garantiscono una certa tranquillit\u00e0 dalle onde.<\/p>\n<p><strong>Pro:<\/strong> un luogo unico, adatto ai bambini e agli amanti dello snorkeling.<\/p>\n<p><strong>Contro:<\/strong> molto affollato in alta stagione.<\/p>\n<h3><span class=\"ez-toc-section\" id=\"Spiaggia_Baia_di_Riaci\"><\/span>Spiaggia Baia di Riaci<span class=\"ez-toc-section-end\"><\/span><\/h3>\n<p><img loading=\"lazy\" decoding=\"async\" class=\"alignnone size-full wp-image-26164\" src=\"https:\/\/www.ignas.com\/it\/blog\/wp-content\/uploads\/2021\/06\/spiaggia-baia-di-riaci.jpeg\" alt=\"spiaggia a Baia di Riaci\" width=\"750\" height=\"499\" srcset=\"https:\/\/www.ignas.com\/it\/blog\/wp-content\/uploads\/2021\/06\/spiaggia-baia-di-riaci.jpeg 750w, https:\/\/www.ignas.com\/it\/blog\/wp-content\/uploads\/2021\/06\/spiaggia-baia-di-riaci-300x200.jpeg 300w\" sizes=\"auto, (max-width: 750px) 100vw, 750px\" \/><\/p>\n<p>Anche qui si arriva in macchina fino ad un grandissimo parcheggio. Nei giorni pi\u00f9 affollati, si pu\u00f2 anche contare su un parcheggio privato che conta centinaia di posti anche all&#8217;ombra. Ma veniamo al momento in cui si raggiunge il sublime. Ovvero piedi in spiaggia e la prima cosa che noterete \u00e8 questo <strong>enorme scoglio ad 15 m dalla riva che emerge dalle acque azzurre. <\/strong><\/p>\n<p>Molto probabilmente noterete qualche ragazzo tuffarsi dalla parte pi\u00f9 alta. Come ci \u00e8 arrivato? Lo scoglio ha un collegamento con la spiaggia che lo rende quasi un istmo. Per cui niente di meglio che farsi una passeggiata fino a raggiungerlo per poi ritornare in spiaggia con una piccola nuotata.<\/p>\n<p>Pro: a nord, dove sembra finire la spiaggia, in realt\u00e0 comincia una baia nascosta ai pi\u00f9, lontani dal caos e con l&#8217;ombra naturale del promontorio<\/p>\n<p>Contro: la strada in macchina per arrivarci potrebbe essere tenuta meglio<\/p>\n<h3><span class=\"ez-toc-section\" id=\"Spiaggia_%E2%80%9CPraia_i_focu%E2%80%9D_solo_per_pochi\"><\/span>Spiaggia &#8220;Praia i focu&#8221;, solo per pochi<span class=\"ez-toc-section-end\"><\/span><\/h3>\n<p><img loading=\"lazy\" decoding=\"async\" class=\"alignnone size-full wp-image-23877\" src=\"https:\/\/www.ignas.com\/it\/blog\/wp-content\/uploads\/2021\/06\/praia-i-focu.jpg\" alt=\"praia-i-focu\" width=\"571\" height=\"531\" srcset=\"https:\/\/www.ignas.com\/it\/blog\/wp-content\/uploads\/2021\/06\/praia-i-focu.jpg 571w, https:\/\/www.ignas.com\/it\/blog\/wp-content\/uploads\/2021\/06\/praia-i-focu-300x279.jpg 300w\" sizes=\"auto, (max-width: 571px) 100vw, 571px\" \/><\/p>\n<p>Ma dove andare per stare soli a contatto con la parte pi\u00f9 pura di Capovaticano e le sue spiagge? La risposta \u00e8 la piccola spiaggetta della <strong>Praia i focu<\/strong>. Appena 90 metri di sabbia bianca e sottile, con la scogliera alle sue spalle e scogli ai due lati, che fanno da guardiani a questo piccola perla della Calabria.<\/p>\n<p>Unica nota dolente \u00e8 la difficolt\u00e0 nel raggiungerla. Vi sono 3 opzioni:<\/p>\n<ul>\n<li>Attraverso degli scalini a cui si ha accesso solo da una strada privata ed impervia, ma spesso \u00e8 chiusa (per cui potreste arrivare fin l\u00ec e dover rinunciare)<\/li>\n<li>Via mare, lasciando l&#8217;ombrellone nella vicina spiaggia del Tono, con una nuotata lungo-costa,(per chi \u00e8 allenato)<\/li>\n<li>In alternativa in barca, si arriva a questo piccolo angolo di paradiso, in tutta sicurezza<\/li>\n<\/ul>\n<p>Pro: spiaggia sconosciuta ai turisti, e poco frequentata anche dalla gente del posto<\/p>\n<p>Contro: difficolt\u00e0 nel raggiungerla<\/p>\n<h3><span class=\"ez-toc-section\" id=\"Spiaggia_del_tono\"><\/span>Spiaggia del tono<span class=\"ez-toc-section-end\"><\/span><\/h3>\n<p>Spiaggia di sabbia bianca e a tratti con ciottoli, faraglioni verso sud, dove la spiaggia si incurva. Piccolo chiosco dove poter fare aperitivo sotto il sole rosso del tramonto. <strong>Tra le spiagge di capo vaticano<\/strong>, questa \u00e8 quella in cui vi capiter\u00e0 pi\u00f9 spesso di sentire il dialetto del posto, segnale del fatto che \u00e8 un luogo stupendo scelto proprio da chi ci vive e conosce bene questa piccola perla.<\/p>\n<p>Pro: parcheggio ampio e spiaggia molto lunga che permette di non ammassarsi agli altri<\/p>\n<p>Contro: se si arriva troppo tardi la mattina, \u00e8 possibile trovare un po&#8217; di traffico verso la strada<\/p>\n<h4><a class=\"button btnBlogCTA\" href=\"https:\/\/www.ignas.com\/it\/offerte-mare-calabria\" target=\"_blank\" rel=\"noopener noreferrer\">Scopri le nostre offerte mare in Calabria<\/a><\/h4>\n<h2><span class=\"ez-toc-section\" id=\"Capo_vaticano_cose_da_vedere\"><\/span>Capo vaticano cose da vedere<span class=\"ez-toc-section-end\"><\/span><\/h2>\n<p>L&#8217;accoppiata <strong>capo vaticano spiagge<\/strong>, \u00e8 certamente la parte pi\u00f9 caratteristica del territorio, ma al contempo, vi sono anche una serie di altre piccole e preziose possibilit\u00e0 che permettono di conoscere i lati pi\u00f9 genuini e interessanti. Ne abbiamo selezionati alcuni.<\/p>\n<p><strong>Faro di Capo Vaticano<\/strong>: da un&#8217;altezza di 102 metri, su una roccia a picco sul mare, si erge, in tutta la sua maestosit\u00e0, il Faro. Un luogo da cui godere di un panorama unico e al contempo un crocevia per imbarcazioni di oggi (tanti turisti) ma anche del passato.<\/p>\n<p>Estate a Casa Berto: Festival di letteratura, giornalismo musica e cinema. Un evento dove insieme alle pi\u00f9 note firme del giornalismo e della letteratura si vive la cultura all&#8217;interno di un territorio da favola.<\/p>\n<p>Sagra della cipolla di Tropea a Ricadi. In tutte le sue declinazioni, dal salato al dolce, il prodotto simbolo di un territorio, \u00e8 il protagonista assoluto in una serata a cielo aperto piena di aromi e sapori da vivere.<\/p>\n<h2><span class=\"ez-toc-section\" id=\"Escursioni_capo_vaticano\"><\/span>Escursioni capo vaticano<span class=\"ez-toc-section-end\"><\/span><\/h2>\n<p><img loading=\"lazy\" decoding=\"async\" class=\"alignnone size-full wp-image-26167\" src=\"https:\/\/www.ignas.com\/it\/blog\/wp-content\/uploads\/2021\/06\/escursioni-capovaticano.jpeg\" alt=\"capo vaticano escursioni\" width=\"750\" height=\"500\" srcset=\"https:\/\/www.ignas.com\/it\/blog\/wp-content\/uploads\/2021\/06\/escursioni-capovaticano.jpeg 750w, https:\/\/www.ignas.com\/it\/blog\/wp-content\/uploads\/2021\/06\/escursioni-capovaticano-300x200.jpeg 300w\" sizes=\"auto, (max-width: 750px) 100vw, 750px\" \/><\/p>\n<p>Da Niccol\u00f2 a Grotticelle, 6 km di <strong>passeggiata<\/strong>, in un sentiero per tutti (dislivello di 90 m), con una tempistica stimata in 1 ora e 45 minuti di passeggiata che dal piccolo centro di San Niccol\u00f2, vi porter\u00e0 ad affacciarvi sulla spiaggia simbolo di Capo vaticano: Grotticelle. Nel cammino potrete incontrare anche le famose erbette selvatiche dalle quali viene ricavato il famoso amaro calabrese. Ma il percorso partendo dal paese d\u00e0 la possibilit\u00e0 anche di prendere tutto ci\u00f2 che vi potr\u00e0 essere utile nel cammino.<\/p>\n<p>&nbsp;<\/p>\n<p>Le escursioni in un territorio di questo tipo, non si limitano ad essere fatte solo a piedi. Infatti la costa frastagliata si presta benissimo ad essere <strong>scoperta attraverso canoe, kajak<\/strong>, e per i pi\u00f9 pigri, piccole barche che permettono di vedere il lato nascosto di Capo vaticano. Fra le pi\u00f9 suggestive consigliamo di partire dalla spiaggetta in localit\u00e0 Trotta, lato meridionale della costa, e spingersi verso sud, oltre il primo grande scoglio. Da l\u00ec si apriranno una serie di calette, anche fatte di sabbia bianca. Un luogo in cui non troverete altro che gabbiani, conchiglie sulla riva, e la fresca ombra del promontorio di Capo Vaticano.<\/p>\n<div class=\"vlp-link-container vlp-layout-test1\"><a href=\"https:\/\/www.ignas.com\/it\/offerte-vacanze-calabria\/capo-vaticano\/villaggio-santa-monica\" class=\"vlp-link\" title=\"Villaggio Santa Monica, 3 stelle, Capo Vaticano (VV) | Ignas Tour\" rel=\"nofollow\" target=\"_blank\"><\/a><div class=\"vlp-layout-zone-side\"><div class=\"vlp-block-3 vlp-link-image\"><img loading=\"lazy\" decoding=\"async\" style=\"max-width: 150px;\" width=\"150\" height=\"94\" src=\"https:\/\/www.ignas.com\/it\/blog\/wp-content\/uploads\/2021\/06\/id7751_134039-1.jpg\" class=\"attachment-150x999 size-150x999\" alt=\"\" srcset=\"https:\/\/www.ignas.com\/it\/blog\/wp-content\/uploads\/2021\/06\/id7751_134039-1.jpg 1000w, https:\/\/www.ignas.com\/it\/blog\/wp-content\/uploads\/2021\/06\/id7751_134039-1-300x188.jpg 300w, https:\/\/www.ignas.com\/it\/blog\/wp-content\/uploads\/2021\/06\/id7751_134039-1-768x480.jpg 768w, https:\/\/www.ignas.com\/it\/blog\/wp-content\/uploads\/2021\/06\/id7751_134039-1-320x200.jpg 320w\" sizes=\"auto, (max-width: 150px) 100vw, 150px\" \/><\/div><\/div><div class=\"vlp-layout-zone-main\"><div class=\"vlp-block-0 vlp-link-title\">Villaggio Santa Monica, 3 stelle, Capo Vaticano (VV) | Ignas Tour<\/div><div class=\"vlp-block-1 vlp-link-summary\">Situato sulla collina di Capo Vaticano, il Villaggio \u201cSanta Monica\u201d \u00e8 in esclusiva posizione panoramica con vista sul mare (a soli 2000 m di distan\u2026<\/div><div class=\"vlp-block-2 vlp-link-button\">Clicca e vedi!<\/div><\/div><\/div>\n<p><span style=\"color: #ff6600;\"><strong><a class=\"button btnBlogCTA\" style=\"color: #ff6600;\" href=\"https:\/\/www.ignas.com\/it\/offerte-vacanze-costa-degli-dei\" target=\"_blank\" rel=\"noopener noreferrer\">Scopri le nostre offerte nella Costa degli Dei<\/a><\/strong><\/span><\/p>\n","protected":false},"excerpt":{"rendered":"<p>Scopriamo tutto su capo vaticano spiagge Capo vaticano svetta come orso appostato sulle spiagge calabresi. Il promontorio, da cui la localit\u00e0 prende il nome, \u00e8 alto 150 m dal mare. Al suo interno vengono coltivati preziosi prodotti, come la cipolla rossa e le erbe selvatiche da cui si ricava il pi\u00f9 famoso degli amari calabresi. [&hellip;]<\/p>\n","protected":false},"author":2,"featured_media":25793,"comment_status":"closed","ping_status":"closed","sticky":false,"template":"","format":"standard","meta":{"_acf_changed":false,"inline_featured_image":false,"_lmt_disableupdate":"no","_lmt_disable":"no","_monsterinsights_skip_tracking":false,"_monsterinsights_sitenote_active":false,"_monsterinsights_sitenote_note":"","_monsterinsights_sitenote_category":0,"footnotes":""},"categories":[3],"tags":[],"class_list":["post-23732","post","type-post","status-publish","format-standard","has-post-thumbnail","hentry","category-terre-di-mare"],"acf":[],"yoast_head":"<!-- This site is optimized with the Yoast SEO plugin v27.5 - https:\/\/yoast.com\/product\/yoast-seo-wordpress\/ -->\n<title>Capo Vaticano spiagge: consigliate da chi ci vive - Ignas Tour<\/title>\n<meta name=\"description\" content=\"Capo vaticano spiagge, consigliate dalla gente del posto, con piccole calette, e spiagge bianche. Se sei in cerca di informazioni sei nel posto giusto.\" \/>\n<meta name=\"robots\" content=\"index, follow, max-snippet:-1, max-image-preview:large, max-video-preview:-1\" \/>\n<link rel=\"canonical\" href=\"https:\/\/www.ignas.com\/it\/blog\/capo-vaticano-spiagge\/\" \/>\n<meta property=\"og:locale\" content=\"it_IT\" \/>\n<meta property=\"og:type\" content=\"article\" \/>\n<meta property=\"og:title\" content=\"Capo Vaticano spiagge: consigliate da chi ci vive - Ignas Tour\" \/>\n<meta property=\"og:description\" content=\"Capo vaticano spiagge, consigliate dalla gente del posto, con piccole calette, e spiagge bianche. Se sei in cerca di informazioni sei nel posto giusto.\" \/>\n<meta property=\"og:url\" content=\"https:\/\/www.ignas.com\/it\/blog\/capo-vaticano-spiagge\/\" \/>\n<meta property=\"og:site_name\" content=\"Ignas Tour\" \/>\n<meta property=\"article:published_time\" content=\"2021-06-22T07:04:04+00:00\" \/>\n<meta property=\"article:modified_time\" content=\"2024-09-19T10:46:48+00:00\" \/>\n<meta property=\"og:image\" content=\"https:\/\/www.ignas.com\/it\/blog\/wp-content\/uploads\/2021\/06\/capo-vaticano-spiagge.jpeg\" \/>\n\t<meta property=\"og:image:width\" content=\"750\" \/>\n\t<meta property=\"og:image:height\" content=\"500\" \/>\n\t<meta property=\"og:image:type\" content=\"image\/jpeg\" \/>\n<meta name=\"author\" content=\"Fabrizio\" \/>\n<meta name=\"twitter:card\" content=\"summary_large_image\" \/>\n<meta name=\"twitter:label1\" content=\"Scritto da\" \/>\n\t<meta name=\"twitter:data1\" content=\"Fabrizio\" \/>\n\t<meta name=\"twitter:label2\" content=\"Tempo di lettura stimato\" \/>\n\t<meta name=\"twitter:data2\" content=\"8 minuti\" \/>\n<script type=\"application\/ld+json\" class=\"yoast-schema-graph\">{\"@context\":\"https:\\\/\\\/schema.org\",\"@graph\":[{\"@type\":\"Article\",\"@id\":\"https:\\\/\\\/www.ignas.com\\\/it\\\/blog\\\/capo-vaticano-spiagge\\\/#article\",\"isPartOf\":{\"@id\":\"https:\\\/\\\/www.ignas.com\\\/it\\\/blog\\\/capo-vaticano-spiagge\\\/\"},\"author\":{\"name\":\"Fabrizio\",\"@id\":\"https:\\\/\\\/www.ignas.com\\\/it\\\/blog\\\/#\\\/schema\\\/person\\\/cb41520c07db292cc5a20ce104e28a1d\"},\"headline\":\"Capo Vaticano spiagge: consigliate da chi ci vive\",\"datePublished\":\"2021-06-22T07:04:04+00:00\",\"dateModified\":\"2024-09-19T10:46:48+00:00\",\"mainEntityOfPage\":{\"@id\":\"https:\\\/\\\/www.ignas.com\\\/it\\\/blog\\\/capo-vaticano-spiagge\\\/\"},\"wordCount\":1321,\"publisher\":{\"@id\":\"https:\\\/\\\/www.ignas.com\\\/it\\\/blog\\\/#organization\"},\"image\":{\"@id\":\"https:\\\/\\\/www.ignas.com\\\/it\\\/blog\\\/capo-vaticano-spiagge\\\/#primaryimage\"},\"thumbnailUrl\":\"https:\\\/\\\/www.ignas.com\\\/it\\\/blog\\\/wp-content\\\/uploads\\\/2021\\\/06\\\/capo-vaticano-spiagge.jpeg\",\"articleSection\":[\"Terre di mare\"],\"inLanguage\":\"it-IT\"},{\"@type\":\"WebPage\",\"@id\":\"https:\\\/\\\/www.ignas.com\\\/it\\\/blog\\\/capo-vaticano-spiagge\\\/\",\"url\":\"https:\\\/\\\/www.ignas.com\\\/it\\\/blog\\\/capo-vaticano-spiagge\\\/\",\"name\":\"Capo Vaticano spiagge: consigliate da chi ci vive - Ignas Tour\",\"isPartOf\":{\"@id\":\"https:\\\/\\\/www.ignas.com\\\/it\\\/blog\\\/#website\"},\"primaryImageOfPage\":{\"@id\":\"https:\\\/\\\/www.ignas.com\\\/it\\\/blog\\\/capo-vaticano-spiagge\\\/#primaryimage\"},\"image\":{\"@id\":\"https:\\\/\\\/www.ignas.com\\\/it\\\/blog\\\/capo-vaticano-spiagge\\\/#primaryimage\"},\"thumbnailUrl\":\"https:\\\/\\\/www.ignas.com\\\/it\\\/blog\\\/wp-content\\\/uploads\\\/2021\\\/06\\\/capo-vaticano-spiagge.jpeg\",\"datePublished\":\"2021-06-22T07:04:04+00:00\",\"dateModified\":\"2024-09-19T10:46:48+00:00\",\"description\":\"Capo vaticano spiagge, consigliate dalla gente del posto, con piccole calette, e spiagge bianche. Se sei in cerca di informazioni sei nel posto giusto.\",\"breadcrumb\":{\"@id\":\"https:\\\/\\\/www.ignas.com\\\/it\\\/blog\\\/capo-vaticano-spiagge\\\/#breadcrumb\"},\"inLanguage\":\"it-IT\",\"potentialAction\":[{\"@type\":\"ReadAction\",\"target\":[\"https:\\\/\\\/www.ignas.com\\\/it\\\/blog\\\/capo-vaticano-spiagge\\\/\"]}]},{\"@type\":\"ImageObject\",\"inLanguage\":\"it-IT\",\"@id\":\"https:\\\/\\\/www.ignas.com\\\/it\\\/blog\\\/capo-vaticano-spiagge\\\/#primaryimage\",\"url\":\"https:\\\/\\\/www.ignas.com\\\/it\\\/blog\\\/wp-content\\\/uploads\\\/2021\\\/06\\\/capo-vaticano-spiagge.jpeg\",\"contentUrl\":\"https:\\\/\\\/www.ignas.com\\\/it\\\/blog\\\/wp-content\\\/uploads\\\/2021\\\/06\\\/capo-vaticano-spiagge.jpeg\",\"width\":750,\"height\":500,\"caption\":\"spiagge di Capo Vaticano\"},{\"@type\":\"BreadcrumbList\",\"@id\":\"https:\\\/\\\/www.ignas.com\\\/it\\\/blog\\\/capo-vaticano-spiagge\\\/#breadcrumb\",\"itemListElement\":[{\"@type\":\"ListItem\",\"position\":1,\"name\":\"Home\",\"item\":\"https:\\\/\\\/www.ignas.com\\\/it\\\/blog\\\/\"},{\"@type\":\"ListItem\",\"position\":2,\"name\":\"Capo Vaticano spiagge: consigliate da chi ci vive\"}]},{\"@type\":\"WebSite\",\"@id\":\"https:\\\/\\\/www.ignas.com\\\/it\\\/blog\\\/#website\",\"url\":\"https:\\\/\\\/www.ignas.com\\\/it\\\/blog\\\/\",\"name\":\"Ignas Tour\",\"description\":\"\",\"publisher\":{\"@id\":\"https:\\\/\\\/www.ignas.com\\\/it\\\/blog\\\/#organization\"},\"potentialAction\":[{\"@type\":\"SearchAction\",\"target\":{\"@type\":\"EntryPoint\",\"urlTemplate\":\"https:\\\/\\\/www.ignas.com\\\/it\\\/blog\\\/?s={search_term_string}\"},\"query-input\":{\"@type\":\"PropertyValueSpecification\",\"valueRequired\":true,\"valueName\":\"search_term_string\"}}],\"inLanguage\":\"it-IT\"},{\"@type\":\"Organization\",\"@id\":\"https:\\\/\\\/www.ignas.com\\\/it\\\/blog\\\/#organization\",\"name\":\"Ignas Tour\",\"url\":\"https:\\\/\\\/www.ignas.com\\\/it\\\/blog\\\/\",\"logo\":{\"@type\":\"ImageObject\",\"inLanguage\":\"it-IT\",\"@id\":\"https:\\\/\\\/www.ignas.com\\\/it\\\/blog\\\/#\\\/schema\\\/logo\\\/image\\\/\",\"url\":\"https:\\\/\\\/www.ignas.com\\\/it\\\/blog\\\/wp-content\\\/uploads\\\/2020\\\/01\\\/logo-ignas-com-200.png\",\"contentUrl\":\"https:\\\/\\\/www.ignas.com\\\/it\\\/blog\\\/wp-content\\\/uploads\\\/2020\\\/01\\\/logo-ignas-com-200.png\",\"width\":1147,\"height\":329,\"caption\":\"Ignas Tour\"},\"image\":{\"@id\":\"https:\\\/\\\/www.ignas.com\\\/it\\\/blog\\\/#\\\/schema\\\/logo\\\/image\\\/\"}},{\"@type\":\"Person\",\"@id\":\"https:\\\/\\\/www.ignas.com\\\/it\\\/blog\\\/#\\\/schema\\\/person\\\/cb41520c07db292cc5a20ce104e28a1d\",\"name\":\"Fabrizio\",\"image\":{\"@type\":\"ImageObject\",\"inLanguage\":\"it-IT\",\"@id\":\"https:\\\/\\\/secure.gravatar.com\\\/avatar\\\/e17f60c58ebe3feb555b9028681e30cfd921758bbdd1f8e9816f1d7d08c1bd9f?s=96&d=mm&r=g\",\"url\":\"https:\\\/\\\/secure.gravatar.com\\\/avatar\\\/e17f60c58ebe3feb555b9028681e30cfd921758bbdd1f8e9816f1d7d08c1bd9f?s=96&d=mm&r=g\",\"contentUrl\":\"https:\\\/\\\/secure.gravatar.com\\\/avatar\\\/e17f60c58ebe3feb555b9028681e30cfd921758bbdd1f8e9816f1d7d08c1bd9f?s=96&d=mm&r=g\",\"caption\":\"Fabrizio\"},\"description\":\"Seo Copywriter\"}]}<\/script>\n<!-- \/ Yoast SEO plugin. -->","yoast_head_json":{"title":"Capo Vaticano spiagge: consigliate da chi ci vive - Ignas Tour","description":"Capo vaticano spiagge, consigliate dalla gente del posto, con piccole calette, e spiagge bianche. Se sei in cerca di informazioni sei nel posto giusto.","robots":{"index":"index","follow":"follow","max-snippet":"max-snippet:-1","max-image-preview":"max-image-preview:large","max-video-preview":"max-video-preview:-1"},"canonical":"https:\/\/www.ignas.com\/it\/blog\/capo-vaticano-spiagge\/","og_locale":"it_IT","og_type":"article","og_title":"Capo Vaticano spiagge: consigliate da chi ci vive - Ignas Tour","og_description":"Capo vaticano spiagge, consigliate dalla gente del posto, con piccole calette, e spiagge bianche. Se sei in cerca di informazioni sei nel posto giusto.","og_url":"https:\/\/www.ignas.com\/it\/blog\/capo-vaticano-spiagge\/","og_site_name":"Ignas Tour","article_published_time":"2021-06-22T07:04:04+00:00","article_modified_time":"2024-09-19T10:46:48+00:00","og_image":[{"width":750,"height":500,"url":"https:\/\/www.ignas.com\/it\/blog\/wp-content\/uploads\/2021\/06\/capo-vaticano-spiagge.jpeg","type":"image\/jpeg"}],"author":"Fabrizio","twitter_card":"summary_large_image","twitter_misc":{"Scritto da":"Fabrizio","Tempo di lettura stimato":"8 minuti"},"schema":{"@context":"https:\/\/schema.org","@graph":[{"@type":"Article","@id":"https:\/\/www.ignas.com\/it\/blog\/capo-vaticano-spiagge\/#article","isPartOf":{"@id":"https:\/\/www.ignas.com\/it\/blog\/capo-vaticano-spiagge\/"},"author":{"name":"Fabrizio","@id":"https:\/\/www.ignas.com\/it\/blog\/#\/schema\/person\/cb41520c07db292cc5a20ce104e28a1d"},"headline":"Capo Vaticano spiagge: consigliate da chi ci vive","datePublished":"2021-06-22T07:04:04+00:00","dateModified":"2024-09-19T10:46:48+00:00","mainEntityOfPage":{"@id":"https:\/\/www.ignas.com\/it\/blog\/capo-vaticano-spiagge\/"},"wordCount":1321,"publisher":{"@id":"https:\/\/www.ignas.com\/it\/blog\/#organization"},"image":{"@id":"https:\/\/www.ignas.com\/it\/blog\/capo-vaticano-spiagge\/#primaryimage"},"thumbnailUrl":"https:\/\/www.ignas.com\/it\/blog\/wp-content\/uploads\/2021\/06\/capo-vaticano-spiagge.jpeg","articleSection":["Terre di mare"],"inLanguage":"it-IT"},{"@type":"WebPage","@id":"https:\/\/www.ignas.com\/it\/blog\/capo-vaticano-spiagge\/","url":"https:\/\/www.ignas.com\/it\/blog\/capo-vaticano-spiagge\/","name":"Capo Vaticano spiagge: consigliate da chi ci vive - Ignas Tour","isPartOf":{"@id":"https:\/\/www.ignas.com\/it\/blog\/#website"},"primaryImageOfPage":{"@id":"https:\/\/www.ignas.com\/it\/blog\/capo-vaticano-spiagge\/#primaryimage"},"image":{"@id":"https:\/\/www.ignas.com\/it\/blog\/capo-vaticano-spiagge\/#primaryimage"},"thumbnailUrl":"https:\/\/www.ignas.com\/it\/blog\/wp-content\/uploads\/2021\/06\/capo-vaticano-spiagge.jpeg","datePublished":"2021-06-22T07:04:04+00:00","dateModified":"2024-09-19T10:46:48+00:00","description":"Capo vaticano spiagge, consigliate dalla gente del posto, con piccole calette, e spiagge bianche. Se sei in cerca di informazioni sei nel posto giusto.","breadcrumb":{"@id":"https:\/\/www.ignas.com\/it\/blog\/capo-vaticano-spiagge\/#breadcrumb"},"inLanguage":"it-IT","potentialAction":[{"@type":"ReadAction","target":["https:\/\/www.ignas.com\/it\/blog\/capo-vaticano-spiagge\/"]}]},{"@type":"ImageObject","inLanguage":"it-IT","@id":"https:\/\/www.ignas.com\/it\/blog\/capo-vaticano-spiagge\/#primaryimage","url":"https:\/\/www.ignas.com\/it\/blog\/wp-content\/uploads\/2021\/06\/capo-vaticano-spiagge.jpeg","contentUrl":"https:\/\/www.ignas.com\/it\/blog\/wp-content\/uploads\/2021\/06\/capo-vaticano-spiagge.jpeg","width":750,"height":500,"caption":"spiagge di Capo Vaticano"},{"@type":"BreadcrumbList","@id":"https:\/\/www.ignas.com\/it\/blog\/capo-vaticano-spiagge\/#breadcrumb","itemListElement":[{"@type":"ListItem","position":1,"name":"Home","item":"https:\/\/www.ignas.com\/it\/blog\/"},{"@type":"ListItem","position":2,"name":"Capo Vaticano spiagge: consigliate da chi ci vive"}]},{"@type":"WebSite","@id":"https:\/\/www.ignas.com\/it\/blog\/#website","url":"https:\/\/www.ignas.com\/it\/blog\/","name":"Ignas Tour","description":"","publisher":{"@id":"https:\/\/www.ignas.com\/it\/blog\/#organization"},"potentialAction":[{"@type":"SearchAction","target":{"@type":"EntryPoint","urlTemplate":"https:\/\/www.ignas.com\/it\/blog\/?s={search_term_string}"},"query-input":{"@type":"PropertyValueSpecification","valueRequired":true,"valueName":"search_term_string"}}],"inLanguage":"it-IT"},{"@type":"Organization","@id":"https:\/\/www.ignas.com\/it\/blog\/#organization","name":"Ignas Tour","url":"https:\/\/www.ignas.com\/it\/blog\/","logo":{"@type":"ImageObject","inLanguage":"it-IT","@id":"https:\/\/www.ignas.com\/it\/blog\/#\/schema\/logo\/image\/","url":"https:\/\/www.ignas.com\/it\/blog\/wp-content\/uploads\/2020\/01\/logo-ignas-com-200.png","contentUrl":"https:\/\/www.ignas.com\/it\/blog\/wp-content\/uploads\/2020\/01\/logo-ignas-com-200.png","width":1147,"height":329,"caption":"Ignas Tour"},"image":{"@id":"https:\/\/www.ignas.com\/it\/blog\/#\/schema\/logo\/image\/"}},{"@type":"Person","@id":"https:\/\/www.ignas.com\/it\/blog\/#\/schema\/person\/cb41520c07db292cc5a20ce104e28a1d","name":"Fabrizio","image":{"@type":"ImageObject","inLanguage":"it-IT","@id":"https:\/\/secure.gravatar.com\/avatar\/e17f60c58ebe3feb555b9028681e30cfd921758bbdd1f8e9816f1d7d08c1bd9f?s=96&d=mm&r=g","url":"https:\/\/secure.gravatar.com\/avatar\/e17f60c58ebe3feb555b9028681e30cfd921758bbdd1f8e9816f1d7d08c1bd9f?s=96&d=mm&r=g","contentUrl":"https:\/\/secure.gravatar.com\/avatar\/e17f60c58ebe3feb555b9028681e30cfd921758bbdd1f8e9816f1d7d08c1bd9f?s=96&d=mm&r=g","caption":"Fabrizio"},"description":"Seo Copywriter"}]}},"modified_by":"Denise Basano","_links":{"self":[{"href":"https:\/\/www.ignas.com\/it\/blog\/wp-json\/wp\/v2\/posts\/23732","targetHints":{"allow":["GET"]}}],"collection":[{"href":"https:\/\/www.ignas.com\/it\/blog\/wp-json\/wp\/v2\/posts"}],"about":[{"href":"https:\/\/www.ignas.com\/it\/blog\/wp-json\/wp\/v2\/types\/post"}],"author":[{"embeddable":true,"href":"https:\/\/www.ignas.com\/it\/blog\/wp-json\/wp\/v2\/users\/2"}],"replies":[{"embeddable":true,"href":"https:\/\/www.ignas.com\/it\/blog\/wp-json\/wp\/v2\/comments?post=23732"}],"version-history":[{"count":49,"href":"https:\/\/www.ignas.com\/it\/blog\/wp-json\/wp\/v2\/posts\/23732\/revisions"}],"predecessor-version":[{"id":28019,"href":"https:\/\/www.ignas.com\/it\/blog\/wp-json\/wp\/v2\/posts\/23732\/revisions\/28019"}],"wp:featuredmedia":[{"embeddable":true,"href":"https:\/\/www.ignas.com\/it\/blog\/wp-json\/wp\/v2\/media\/25793"}],"wp:attachment":[{"href":"https:\/\/www.ignas.com\/it\/blog\/wp-json\/wp\/v2\/media?parent=23732"}],"wp:term":[{"taxonomy":"category","embeddable":true,"href":"https:\/\/www.ignas.com\/it\/blog\/wp-json\/wp\/v2\/categories?post=23732"},{"taxonomy":"post_tag","embeddable":true,"href":"https:\/\/www.ignas.com\/it\/blog\/wp-json\/wp\/v2\/tags?post=23732"}],"curies":[{"name":"wp","href":"https:\/\/api.w.org\/{rel}","templated":true}]}}