{"id":23657,"date":"2020-06-29T11:40:18","date_gmt":"2020-06-29T09:40:18","guid":{"rendered":"https:\/\/www.ignas.com\/it\/blog\/?p=23657"},"modified":"2024-02-27T17:30:03","modified_gmt":"2024-02-27T16:30:03","slug":"val-di-fassa-cosa-vedere","status":"publish","type":"post","link":"https:\/\/www.ignas.com\/it\/blog\/val-di-fassa-cosa-vedere\/","title":{"rendered":"Val di Fassa cosa vedere"},"content":{"rendered":"<p>Val di Fassa, cosa vedere nella zona la pi\u00f9 nota e ambita dai viaggiatori. Scopriamo insieme i sentieri in mezzo ai boschi, entriamo nei piccoli comuni tenuti come gioielli e godiamo dei meravigliosi panorami che si affacciano a perdifiato sia sul bassofondo che sulle cime.<\/p>\n<h2><span class=\"ez-toc-section\" id=\"Partiamo_dal_trekking_in_Val_di_Fassa\"><\/span>Partiamo dal trekking in Val di Fassa<span class=\"ez-toc-section-end\"><\/span><\/h2><div id=\"ez-toc-container\" class=\"ez-toc-v2_0_82_2 counter-hierarchy ez-toc-counter ez-toc-white ez-toc-container-direction\">\n<div class=\"ez-toc-title-container\">\n<p class=\"ez-toc-title\" style=\"cursor:inherit\"><\/p>\n<span class=\"ez-toc-title-toggle\"><a href=\"#\" class=\"ez-toc-pull-right ez-toc-btn ez-toc-btn-xs ez-toc-btn-default ez-toc-toggle\" aria-label=\"Toggle Table of Content\"><span class=\"ez-toc-js-icon-con\"><span class=\"\"><span class=\"eztoc-hide\" style=\"display:none;\">Toggle<\/span><span class=\"ez-toc-icon-toggle-span\"><svg style=\"fill: #999;color:#999\" xmlns=\"http:\/\/www.w3.org\/2000\/svg\" class=\"list-377408\" width=\"20px\" height=\"20px\" viewBox=\"0 0 24 24\" fill=\"none\"><path d=\"M6 6H4v2h2V6zm14 0H8v2h12V6zM4 11h2v2H4v-2zm16 0H8v2h12v-2zM4 16h2v2H4v-2zm16 0H8v2h12v-2z\" fill=\"currentColor\"><\/path><\/svg><svg style=\"fill: #999;color:#999\" class=\"arrow-unsorted-368013\" xmlns=\"http:\/\/www.w3.org\/2000\/svg\" width=\"10px\" height=\"10px\" viewBox=\"0 0 24 24\" version=\"1.2\" baseProfile=\"tiny\"><path d=\"M18.2 9.3l-6.2-6.3-6.2 6.3c-.2.2-.3.4-.3.7s.1.5.3.7c.2.2.4.3.7.3h11c.3 0 .5-.1.7-.3.2-.2.3-.5.3-.7s-.1-.5-.3-.7zM5.8 14.7l6.2 6.3 6.2-6.3c.2-.2.3-.5.3-.7s-.1-.5-.3-.7c-.2-.2-.4-.3-.7-.3h-11c-.3 0-.5.1-.7.3-.2.2-.3.5-.3.7s.1.5.3.7z\"\/><\/svg><\/span><\/span><\/span><\/a><\/span><\/div>\n<nav><ul class='ez-toc-list ez-toc-list-level-1 eztoc-toggle-hide-by-default' ><li class='ez-toc-page-1 ez-toc-heading-level-2'><a class=\"ez-toc-link ez-toc-heading-1\" href=\"https:\/\/www.ignas.com\/it\/blog\/val-di-fassa-cosa-vedere\/#Partiamo_dal_trekking_in_Val_di_Fassa\" >Partiamo dal trekking in Val di Fassa<\/a><\/li><li class='ez-toc-page-1 ez-toc-heading-level-2'><a class=\"ez-toc-link ez-toc-heading-2\" href=\"https:\/\/www.ignas.com\/it\/blog\/val-di-fassa-cosa-vedere\/#Val_di_Fassa_cose_da_vedere%E2%80%A6dallalto\" >Val di Fassa, cose da vedere&#8230;dall&#8217;alto!<\/a><\/li><li class='ez-toc-page-1 ez-toc-heading-level-2'><a class=\"ez-toc-link ez-toc-heading-3\" href=\"https:\/\/www.ignas.com\/it\/blog\/val-di-fassa-cosa-vedere\/#La_Valle_nel_cuore_delle_dolomiti\" >La Valle nel cuore delle dolomiti<\/a><\/li><li class='ez-toc-page-1 ez-toc-heading-level-2'><a class=\"ez-toc-link ez-toc-heading-4\" href=\"https:\/\/www.ignas.com\/it\/blog\/val-di-fassa-cosa-vedere\/#Gruppo_Sella_un_antico_atollo\" >Gruppo Sella, un antico atollo<\/a><\/li><li class='ez-toc-page-1 ez-toc-heading-level-2'><a class=\"ez-toc-link ez-toc-heading-5\" href=\"https:\/\/www.ignas.com\/it\/blog\/val-di-fassa-cosa-vedere\/#Marmolada_la_piu_alta\" >Marmolada, la pi\u00f9 alta<\/a><\/li><li class='ez-toc-page-1 ez-toc-heading-level-2'><a class=\"ez-toc-link ez-toc-heading-6\" href=\"https:\/\/www.ignas.com\/it\/blog\/val-di-fassa-cosa-vedere\/#Sciare_in_Val_di_Fassa\" >Sciare in Val di Fassa<\/a><\/li><li class='ez-toc-page-1 ez-toc-heading-level-2'><a class=\"ez-toc-link ez-toc-heading-7\" href=\"https:\/\/www.ignas.com\/it\/blog\/val-di-fassa-cosa-vedere\/#La_montagna_che_segno_la_storia\" >La montagna che segn\u00f2 la storia<\/a><\/li><li class='ez-toc-page-1 ez-toc-heading-level-2'><a class=\"ez-toc-link ez-toc-heading-8\" href=\"https:\/\/www.ignas.com\/it\/blog\/val-di-fassa-cosa-vedere\/#Val_di_Fassa_la_scelta_delle_famiglie\" >Val di Fassa, la scelta delle famiglie<\/a><\/li><\/ul><\/nav><\/div>\n\n<p>I <strong>sentieri in Val di Fassa<\/strong> da scegliere sono innumerevoli, per cui iniziamo da quello che pu\u00f2 accontentare tutta la famiglia. Partiamo dall&#8217;andare sull&#8217;alto piano di <strong>Ciampeide, a 2000 m di quota<\/strong>. Oltre alla vista da togliere il fiato, ad attendere i pi\u00f9 piccoli ci sar\u00e0 un parco giochi con giostre, animali da fattoria, e persino un percorso a piedi nel bosco accompagnato da animali ritagliati in legno a grandezza naturale.<\/p>\n<p>Per chi invece ha voglia di qualcosa di pi\u00f9 sportivo, ma sempre a portata di famiglia, il consiglio \u00e8 quello di andare a Passo San Pellegrino. Da li dimenticate l&#8217;auto e prendete il percorso trekking che vi porter\u00e0 ai piedi delle <strong>maestose Pale di San Martino<\/strong>, dove le dolomiti svettano in tutta la loro magnificenza. Lo spazio ampio e arioso che si prospetta davanti \u00e8 l&#8217;ideale per godere di un pic-nic in compagnia delle dolomiti e dell&#8217;aria pura. Per chi invece ama gustare la cucina del luogo, sar\u00e0 impossibile resistere alla Malga e ai suoi piatti tipici!<\/p>\n<h2><span class=\"ez-toc-section\" id=\"Val_di_Fassa_cose_da_vedere%E2%80%A6dallalto\"><\/span>Val di Fassa, cose da vedere&#8230;dall&#8217;alto!<span class=\"ez-toc-section-end\"><\/span><\/h2>\n<p><img loading=\"lazy\" decoding=\"async\" class=\"alignnone size-full wp-image-24461\" src=\"https:\/\/www.ignas.com\/it\/blog\/wp-content\/uploads\/2020\/06\/sentieri-in-val-di-fassa-1.jpg\" alt=\"val di Fassa panorama\" width=\"728\" height=\"404\" srcset=\"https:\/\/www.ignas.com\/it\/blog\/wp-content\/uploads\/2020\/06\/sentieri-in-val-di-fassa-1.jpg 728w, https:\/\/www.ignas.com\/it\/blog\/wp-content\/uploads\/2020\/06\/sentieri-in-val-di-fassa-1-300x166.jpg 300w\" sizes=\"auto, (max-width: 728px) 100vw, 728px\" \/><\/p>\n<p>Spesso capita di trovarsi in luoghi unici e avere il desiderio di planarci sopra per godersi lo spettacolo dall&#8217;alto. In <strong>Val di Fassa fra le cose da fare<\/strong> c&#8217;\u00e8 anche questa rarissima opportunit\u00e0. Baster\u00e0 prendere una delle funivie che portano in altissima quota e decollare su panorami che vi rimarranno nel cuore. Ma quale scegliere?<\/p>\n<p>Partiamo dal punto che caratterizza l&#8217;intera valle, Col Rodella, decollando dalla funivia di Campitello di Fassa potrete raggiungere questo punto iconico della Valle. Alternativa di grande effetto \u00e8 anche <strong>Sass Pordoi<\/strong>, dai suoi 2950 m di altezza, potrete vedere i principali vicini di casa: Marmolada e Alpi Austriache, un autentico quadro della natura!<\/p>\n<h2><span class=\"ez-toc-section\" id=\"La_Valle_nel_cuore_delle_dolomiti\"><\/span>La Valle nel cuore delle dolomiti<span class=\"ez-toc-section-end\"><\/span><\/h2>\n<p>Proprio in Val di Fassa fra le cose da vedere ci sono i pi\u00f9 <strong>maestosi massicci delle dolomiti<\/strong>. Questo da la possibilit\u00e0 di poter in una vacanza di una decina di giorni, di poterli visitare tutti. Ma da quali partire?<\/p>\n<h2><span class=\"ez-toc-section\" id=\"Gruppo_Sella_un_antico_atollo\"><\/span>Gruppo Sella, un antico atollo<span class=\"ez-toc-section-end\"><\/span><\/h2>\n<p>E&#8217; fra i massicci pi\u00f9 estesi fra le dolomiti, a tal punto da affacciarsi in 3 diverse valli. Una di queste \u00e8 proprio la Val di Fassa. Oggi questo massiccio fa sciare migliaia di turisti ogni anno, e in estate \u00e8 luogo di escursioni fra boschi cervi e orsi. Ma milioni di anni fa era un <strong>atollo circondato da ghiaccio acqua e vulcani<\/strong>.<\/p>\n<h4><a class=\"button btnBlogCTA\" href=\"https:\/\/www.ignas.com\/it\/offerte-val-di-fassa\" target=\"_blank\" rel=\"noopener noreferrer\">Scopri le offerte in Val di Fassa<\/a><\/h4>\n<h2><span class=\"ez-toc-section\" id=\"Marmolada_la_piu_alta\"><\/span>Marmolada, la pi\u00f9 alta<span class=\"ez-toc-section-end\"><\/span><\/h2>\n<p><img loading=\"lazy\" decoding=\"async\" class=\"alignnone size-full wp-image-24462\" src=\"https:\/\/www.ignas.com\/it\/blog\/wp-content\/uploads\/2020\/06\/val-di-fassa-cosa-fare-1.jpeg\" alt=\"\" width=\"728\" height=\"404\" srcset=\"https:\/\/www.ignas.com\/it\/blog\/wp-content\/uploads\/2020\/06\/val-di-fassa-cosa-fare-1.jpeg 728w, https:\/\/www.ignas.com\/it\/blog\/wp-content\/uploads\/2020\/06\/val-di-fassa-cosa-fare-1-300x166.jpeg 300w\" sizes=\"auto, (max-width: 728px) 100vw, 728px\" \/><\/p>\n<p>3334 m di altezza, \u00e8 la vetta pi\u00f9 alta delle dolomiti. Deve il nome dal greco &#8220;marmar&#8221; che significa splendere, cosa evidentissima appena potrete ammirare il<strong> suo ghiacciaio che riflette la luce del sole<\/strong>. Per i pi\u00f9 sportivi in inverno le piste da sci offrono emozioni fortissime, e per tutto l&#8217;anno le ferrate e i sentieri permettono a famiglie con bambini di vivere la montagna in modo dinamico.<\/p>\n<p>Nel corso degli anni, il ghiacciaio che caratterizza l&#8217;intero massiccio, si \u00e8 andato sciogliendo a causa del riscaldamento globale. Il dato allarmante \u00e8 che <strong>nel 1910 misurava 450 ettari, mentre nel 2014 soltanto 190<\/strong>. Andarlo a visitare fino a quando sar\u00e0 possibile \u00e8 una di quelle cose da fare in Val di Fassa, che certamente ricorderete.<\/p>\n<h2><span class=\"ez-toc-section\" id=\"Sciare_in_Val_di_Fassa\"><\/span>Sciare in Val di Fassa<span class=\"ez-toc-section-end\"><\/span><\/h2>\n<p>Questo valle \u00e8 il tempio degli sciatori. Oltre alle mete gi\u00e0 ricordate, vi \u00e8 la famosa <strong>Marcialonga di Fassa<\/strong>, che con i suoi 69 km e un dislivello di oltre 1000 metri, \u00e8 teatro della pi\u00f9 grande competizioni di<strong> sci di fondo<\/strong> in Italia. Nei periodi caldi poi si trasforma in sentieri da vivere in bici o a piedi adatti a tutta la famiglia.<\/p>\n<p>Altra opzione per gli amanti dello scii \u00e8 la<strong> ski-area San Pellegrino<\/strong>, con oltre 45 piste da sci e ben 60 km percorribili.<\/p>\n<h2><span class=\"ez-toc-section\" id=\"La_montagna_che_segno_la_storia\"><\/span>La montagna che segn\u00f2 la storia<span class=\"ez-toc-section-end\"><\/span><\/h2>\n<p>Quella della Val di Fassa \u00e8 una storia che trova le sue origini nell&#8217;et\u00e0 del bronzo, a cui risalgono alcuni ritrovamenti. Ma \u00e8 con l&#8217;Impero Romano che la valle comincia un percorso molto tribolato che la porter\u00e0 prima ad essere sotto il Principato Vescovile di Bressanone e poi in contrasto con le mire napoleoniche. Nel periodo delle guerre mondiali la Valle si trasform\u00f2 in uno scenario di combattimento contro le invasioni. La Marmolada fu scavata costruendo <strong>cunicoli anti-bellici<\/strong>, e ancora oggi \u00e8 possibile vedere i bunker sparsi lungo la valle.<\/p>\n<p><img loading=\"lazy\" decoding=\"async\" class=\"alignnone size-full wp-image-24463\" src=\"https:\/\/www.ignas.com\/it\/blog\/wp-content\/uploads\/2020\/06\/val-di-fassa-cosa-vedere-1.jpg\" alt=\"\" width=\"728\" height=\"404\" srcset=\"https:\/\/www.ignas.com\/it\/blog\/wp-content\/uploads\/2020\/06\/val-di-fassa-cosa-vedere-1.jpg 728w, https:\/\/www.ignas.com\/it\/blog\/wp-content\/uploads\/2020\/06\/val-di-fassa-cosa-vedere-1-300x166.jpg 300w\" sizes=\"auto, (max-width: 728px) 100vw, 728px\" \/><\/p>\n<h2><span class=\"ez-toc-section\" id=\"Val_di_Fassa_la_scelta_delle_famiglie\"><\/span>Val di Fassa, la scelta delle famiglie<span class=\"ez-toc-section-end\"><\/span><\/h2>\n<p>E&#8217; dunque facile capire perch\u00e9 da ormai molti anni questa zona \u00e8 la scelta di molti turisti che trovano in questa Valle tutto: sport, natura, storia e tutto con grande professionalit\u00e0 e accoglienza. Baster\u00e0 infatti visitare anche le <strong>piccole localit\u00e0<\/strong>, veri e propri presepi d&#8217;inverno e gioielli dell&#8217;artigianato locale per farsi contagiare dalla gentilezza degli abitanti del luogo<\/p>\n<p>Un esempio su tutti \u00e8 il piccolo centro di <strong>Canazei<\/strong>. 1800 abitanti circa, in un piccolo luogo caratterizzato da chiese medioevali e la piazza centrale in cui si snodano le piccole viuzze di questa imperdibile localit\u00e0 montana. Da non perdere anche la vita mondana dei pub e ristoranti che in piena tradizione tirolese caratterizzeranno le serate di vacanza.<\/p>\n<p>Una visita per\u00f2 \u00e8 d&#8217;obbligo anche a nella piccola <strong>Soraga<\/strong>, con meno di 1000 abitanti, un borgo di montagna che d&#8217;inverno \u00e8 un presepe che protegge e coccola i turisti che da li partono per fare scii e snowboard, e in estate \u00e8 punto di partenza per escursioni e passeggiate. All&#8217;interno del paese \u00e8 possibile godere della presenza di piccole opere d&#8217;arte intagliate nel legno che accompagnano i visitatori lungo le piccole vie.<\/p>\n<h4><span style=\"color: #ff6600;\"><strong><a class=\"button btnBlogCTA\" style=\"color: #ff6600;\" href=\"https:\/\/www.ignas.com\/it\/offerte-montagna\" target=\"_blank\" rel=\"noopener noreferrer\">Scopri le offerte in Montagna<\/a><\/strong><\/span><\/h4>\n","protected":false},"excerpt":{"rendered":"<p>Val di Fassa, cosa vedere nella zona la pi\u00f9 nota e ambita dai viaggiatori. Scopriamo insieme i sentieri in mezzo ai boschi, entriamo nei piccoli comuni tenuti come gioielli e godiamo dei meravigliosi panorami che si affacciano a perdifiato sia sul bassofondo che sulle cime. Partiamo dal trekking in Val di Fassa I sentieri in [&hellip;]<\/p>\n","protected":false},"author":2,"featured_media":24199,"comment_status":"closed","ping_status":"closed","sticky":false,"template":"","format":"standard","meta":{"_acf_changed":false,"inline_featured_image":false,"_lmt_disableupdate":"no","_lmt_disable":"no","_monsterinsights_skip_tracking":false,"_monsterinsights_sitenote_active":false,"_monsterinsights_sitenote_note":"","_monsterinsights_sitenote_category":0,"footnotes":""},"categories":[4],"tags":[],"class_list":["post-23657","post","type-post","status-publish","format-standard","has-post-thumbnail","hentry","category-alta-quota"],"acf":[],"yoast_head":"<!-- This site is optimized with the Yoast SEO plugin v27.5 - https:\/\/yoast.com\/product\/yoast-seo-wordpress\/ -->\n<title>Val di Fassa cosa vedere - Ignas Tour<\/title>\n<meta name=\"description\" content=\"Cosa vedere in Val di Fassa, sentieri, punti panoramici, le montagne pi\u00f9 suggestive e i piccoli paeselli dolomitici.\" \/>\n<meta name=\"robots\" content=\"index, follow, max-snippet:-1, max-image-preview:large, max-video-preview:-1\" \/>\n<link rel=\"canonical\" href=\"https:\/\/www.ignas.com\/it\/blog\/val-di-fassa-cosa-vedere\/\" \/>\n<meta property=\"og:locale\" content=\"it_IT\" \/>\n<meta property=\"og:type\" content=\"article\" \/>\n<meta property=\"og:title\" content=\"Val di Fassa cosa vedere - Ignas Tour\" \/>\n<meta property=\"og:description\" content=\"Cosa vedere in Val di Fassa, sentieri, punti panoramici, le montagne pi\u00f9 suggestive e i piccoli paeselli dolomitici.\" \/>\n<meta property=\"og:url\" content=\"https:\/\/www.ignas.com\/it\/blog\/val-di-fassa-cosa-vedere\/\" \/>\n<meta property=\"og:site_name\" content=\"Ignas Tour\" \/>\n<meta property=\"article:published_time\" content=\"2020-06-29T09:40:18+00:00\" \/>\n<meta property=\"article:modified_time\" content=\"2024-02-27T16:30:03+00:00\" \/>\n<meta property=\"og:image\" content=\"https:\/\/www.ignas.com\/it\/blog\/wp-content\/uploads\/2020\/06\/cosa-vedere-val-di-fassa.jpg\" \/>\n\t<meta property=\"og:image:width\" content=\"879\" \/>\n\t<meta property=\"og:image:height\" content=\"586\" \/>\n\t<meta property=\"og:image:type\" content=\"image\/jpeg\" \/>\n<meta name=\"author\" content=\"Fabrizio\" \/>\n<meta name=\"twitter:card\" content=\"summary_large_image\" \/>\n<meta name=\"twitter:label1\" content=\"Scritto da\" \/>\n\t<meta name=\"twitter:data1\" content=\"Fabrizio\" \/>\n\t<meta name=\"twitter:label2\" content=\"Tempo di lettura stimato\" \/>\n\t<meta name=\"twitter:data2\" content=\"6 minuti\" \/>\n<script type=\"application\/ld+json\" class=\"yoast-schema-graph\">{\"@context\":\"https:\\\/\\\/schema.org\",\"@graph\":[{\"@type\":\"Article\",\"@id\":\"https:\\\/\\\/www.ignas.com\\\/it\\\/blog\\\/val-di-fassa-cosa-vedere\\\/#article\",\"isPartOf\":{\"@id\":\"https:\\\/\\\/www.ignas.com\\\/it\\\/blog\\\/val-di-fassa-cosa-vedere\\\/\"},\"author\":{\"name\":\"Fabrizio\",\"@id\":\"https:\\\/\\\/www.ignas.com\\\/it\\\/blog\\\/#\\\/schema\\\/person\\\/cb41520c07db292cc5a20ce104e28a1d\"},\"headline\":\"Val di Fassa cosa vedere\",\"datePublished\":\"2020-06-29T09:40:18+00:00\",\"dateModified\":\"2024-02-27T16:30:03+00:00\",\"mainEntityOfPage\":{\"@id\":\"https:\\\/\\\/www.ignas.com\\\/it\\\/blog\\\/val-di-fassa-cosa-vedere\\\/\"},\"wordCount\":942,\"publisher\":{\"@id\":\"https:\\\/\\\/www.ignas.com\\\/it\\\/blog\\\/#organization\"},\"image\":{\"@id\":\"https:\\\/\\\/www.ignas.com\\\/it\\\/blog\\\/val-di-fassa-cosa-vedere\\\/#primaryimage\"},\"thumbnailUrl\":\"https:\\\/\\\/www.ignas.com\\\/it\\\/blog\\\/wp-content\\\/uploads\\\/2020\\\/06\\\/cosa-vedere-val-di-fassa.jpg\",\"articleSection\":[\"Alta Quota\"],\"inLanguage\":\"it-IT\"},{\"@type\":\"WebPage\",\"@id\":\"https:\\\/\\\/www.ignas.com\\\/it\\\/blog\\\/val-di-fassa-cosa-vedere\\\/\",\"url\":\"https:\\\/\\\/www.ignas.com\\\/it\\\/blog\\\/val-di-fassa-cosa-vedere\\\/\",\"name\":\"Val di Fassa cosa vedere - Ignas Tour\",\"isPartOf\":{\"@id\":\"https:\\\/\\\/www.ignas.com\\\/it\\\/blog\\\/#website\"},\"primaryImageOfPage\":{\"@id\":\"https:\\\/\\\/www.ignas.com\\\/it\\\/blog\\\/val-di-fassa-cosa-vedere\\\/#primaryimage\"},\"image\":{\"@id\":\"https:\\\/\\\/www.ignas.com\\\/it\\\/blog\\\/val-di-fassa-cosa-vedere\\\/#primaryimage\"},\"thumbnailUrl\":\"https:\\\/\\\/www.ignas.com\\\/it\\\/blog\\\/wp-content\\\/uploads\\\/2020\\\/06\\\/cosa-vedere-val-di-fassa.jpg\",\"datePublished\":\"2020-06-29T09:40:18+00:00\",\"dateModified\":\"2024-02-27T16:30:03+00:00\",\"description\":\"Cosa vedere in Val di Fassa, sentieri, punti panoramici, le montagne pi\u00f9 suggestive e i piccoli paeselli dolomitici.\",\"breadcrumb\":{\"@id\":\"https:\\\/\\\/www.ignas.com\\\/it\\\/blog\\\/val-di-fassa-cosa-vedere\\\/#breadcrumb\"},\"inLanguage\":\"it-IT\",\"potentialAction\":[{\"@type\":\"ReadAction\",\"target\":[\"https:\\\/\\\/www.ignas.com\\\/it\\\/blog\\\/val-di-fassa-cosa-vedere\\\/\"]}]},{\"@type\":\"ImageObject\",\"inLanguage\":\"it-IT\",\"@id\":\"https:\\\/\\\/www.ignas.com\\\/it\\\/blog\\\/val-di-fassa-cosa-vedere\\\/#primaryimage\",\"url\":\"https:\\\/\\\/www.ignas.com\\\/it\\\/blog\\\/wp-content\\\/uploads\\\/2020\\\/06\\\/cosa-vedere-val-di-fassa.jpg\",\"contentUrl\":\"https:\\\/\\\/www.ignas.com\\\/it\\\/blog\\\/wp-content\\\/uploads\\\/2020\\\/06\\\/cosa-vedere-val-di-fassa.jpg\",\"width\":879,\"height\":586,\"caption\":\"Cosa vedere in val di Fassa\"},{\"@type\":\"BreadcrumbList\",\"@id\":\"https:\\\/\\\/www.ignas.com\\\/it\\\/blog\\\/val-di-fassa-cosa-vedere\\\/#breadcrumb\",\"itemListElement\":[{\"@type\":\"ListItem\",\"position\":1,\"name\":\"Home\",\"item\":\"https:\\\/\\\/www.ignas.com\\\/it\\\/blog\\\/\"},{\"@type\":\"ListItem\",\"position\":2,\"name\":\"Val di Fassa cosa vedere\"}]},{\"@type\":\"WebSite\",\"@id\":\"https:\\\/\\\/www.ignas.com\\\/it\\\/blog\\\/#website\",\"url\":\"https:\\\/\\\/www.ignas.com\\\/it\\\/blog\\\/\",\"name\":\"Ignas Tour\",\"description\":\"\",\"publisher\":{\"@id\":\"https:\\\/\\\/www.ignas.com\\\/it\\\/blog\\\/#organization\"},\"potentialAction\":[{\"@type\":\"SearchAction\",\"target\":{\"@type\":\"EntryPoint\",\"urlTemplate\":\"https:\\\/\\\/www.ignas.com\\\/it\\\/blog\\\/?s={search_term_string}\"},\"query-input\":{\"@type\":\"PropertyValueSpecification\",\"valueRequired\":true,\"valueName\":\"search_term_string\"}}],\"inLanguage\":\"it-IT\"},{\"@type\":\"Organization\",\"@id\":\"https:\\\/\\\/www.ignas.com\\\/it\\\/blog\\\/#organization\",\"name\":\"Ignas Tour\",\"url\":\"https:\\\/\\\/www.ignas.com\\\/it\\\/blog\\\/\",\"logo\":{\"@type\":\"ImageObject\",\"inLanguage\":\"it-IT\",\"@id\":\"https:\\\/\\\/www.ignas.com\\\/it\\\/blog\\\/#\\\/schema\\\/logo\\\/image\\\/\",\"url\":\"https:\\\/\\\/www.ignas.com\\\/it\\\/blog\\\/wp-content\\\/uploads\\\/2020\\\/01\\\/logo-ignas-com-200.png\",\"contentUrl\":\"https:\\\/\\\/www.ignas.com\\\/it\\\/blog\\\/wp-content\\\/uploads\\\/2020\\\/01\\\/logo-ignas-com-200.png\",\"width\":1147,\"height\":329,\"caption\":\"Ignas Tour\"},\"image\":{\"@id\":\"https:\\\/\\\/www.ignas.com\\\/it\\\/blog\\\/#\\\/schema\\\/logo\\\/image\\\/\"}},{\"@type\":\"Person\",\"@id\":\"https:\\\/\\\/www.ignas.com\\\/it\\\/blog\\\/#\\\/schema\\\/person\\\/cb41520c07db292cc5a20ce104e28a1d\",\"name\":\"Fabrizio\",\"image\":{\"@type\":\"ImageObject\",\"inLanguage\":\"it-IT\",\"@id\":\"https:\\\/\\\/secure.gravatar.com\\\/avatar\\\/e17f60c58ebe3feb555b9028681e30cfd921758bbdd1f8e9816f1d7d08c1bd9f?s=96&d=mm&r=g\",\"url\":\"https:\\\/\\\/secure.gravatar.com\\\/avatar\\\/e17f60c58ebe3feb555b9028681e30cfd921758bbdd1f8e9816f1d7d08c1bd9f?s=96&d=mm&r=g\",\"contentUrl\":\"https:\\\/\\\/secure.gravatar.com\\\/avatar\\\/e17f60c58ebe3feb555b9028681e30cfd921758bbdd1f8e9816f1d7d08c1bd9f?s=96&d=mm&r=g\",\"caption\":\"Fabrizio\"},\"description\":\"Seo Copywriter\"}]}<\/script>\n<!-- \/ Yoast SEO plugin. -->","yoast_head_json":{"title":"Val di Fassa cosa vedere - Ignas Tour","description":"Cosa vedere in Val di Fassa, sentieri, punti panoramici, le montagne pi\u00f9 suggestive e i piccoli paeselli dolomitici.","robots":{"index":"index","follow":"follow","max-snippet":"max-snippet:-1","max-image-preview":"max-image-preview:large","max-video-preview":"max-video-preview:-1"},"canonical":"https:\/\/www.ignas.com\/it\/blog\/val-di-fassa-cosa-vedere\/","og_locale":"it_IT","og_type":"article","og_title":"Val di Fassa cosa vedere - Ignas Tour","og_description":"Cosa vedere in Val di Fassa, sentieri, punti panoramici, le montagne pi\u00f9 suggestive e i piccoli paeselli dolomitici.","og_url":"https:\/\/www.ignas.com\/it\/blog\/val-di-fassa-cosa-vedere\/","og_site_name":"Ignas Tour","article_published_time":"2020-06-29T09:40:18+00:00","article_modified_time":"2024-02-27T16:30:03+00:00","og_image":[{"width":879,"height":586,"url":"https:\/\/www.ignas.com\/it\/blog\/wp-content\/uploads\/2020\/06\/cosa-vedere-val-di-fassa.jpg","type":"image\/jpeg"}],"author":"Fabrizio","twitter_card":"summary_large_image","twitter_misc":{"Scritto da":"Fabrizio","Tempo di lettura stimato":"6 minuti"},"schema":{"@context":"https:\/\/schema.org","@graph":[{"@type":"Article","@id":"https:\/\/www.ignas.com\/it\/blog\/val-di-fassa-cosa-vedere\/#article","isPartOf":{"@id":"https:\/\/www.ignas.com\/it\/blog\/val-di-fassa-cosa-vedere\/"},"author":{"name":"Fabrizio","@id":"https:\/\/www.ignas.com\/it\/blog\/#\/schema\/person\/cb41520c07db292cc5a20ce104e28a1d"},"headline":"Val di Fassa cosa vedere","datePublished":"2020-06-29T09:40:18+00:00","dateModified":"2024-02-27T16:30:03+00:00","mainEntityOfPage":{"@id":"https:\/\/www.ignas.com\/it\/blog\/val-di-fassa-cosa-vedere\/"},"wordCount":942,"publisher":{"@id":"https:\/\/www.ignas.com\/it\/blog\/#organization"},"image":{"@id":"https:\/\/www.ignas.com\/it\/blog\/val-di-fassa-cosa-vedere\/#primaryimage"},"thumbnailUrl":"https:\/\/www.ignas.com\/it\/blog\/wp-content\/uploads\/2020\/06\/cosa-vedere-val-di-fassa.jpg","articleSection":["Alta Quota"],"inLanguage":"it-IT"},{"@type":"WebPage","@id":"https:\/\/www.ignas.com\/it\/blog\/val-di-fassa-cosa-vedere\/","url":"https:\/\/www.ignas.com\/it\/blog\/val-di-fassa-cosa-vedere\/","name":"Val di Fassa cosa vedere - Ignas Tour","isPartOf":{"@id":"https:\/\/www.ignas.com\/it\/blog\/#website"},"primaryImageOfPage":{"@id":"https:\/\/www.ignas.com\/it\/blog\/val-di-fassa-cosa-vedere\/#primaryimage"},"image":{"@id":"https:\/\/www.ignas.com\/it\/blog\/val-di-fassa-cosa-vedere\/#primaryimage"},"thumbnailUrl":"https:\/\/www.ignas.com\/it\/blog\/wp-content\/uploads\/2020\/06\/cosa-vedere-val-di-fassa.jpg","datePublished":"2020-06-29T09:40:18+00:00","dateModified":"2024-02-27T16:30:03+00:00","description":"Cosa vedere in Val di Fassa, sentieri, punti panoramici, le montagne pi\u00f9 suggestive e i piccoli paeselli dolomitici.","breadcrumb":{"@id":"https:\/\/www.ignas.com\/it\/blog\/val-di-fassa-cosa-vedere\/#breadcrumb"},"inLanguage":"it-IT","potentialAction":[{"@type":"ReadAction","target":["https:\/\/www.ignas.com\/it\/blog\/val-di-fassa-cosa-vedere\/"]}]},{"@type":"ImageObject","inLanguage":"it-IT","@id":"https:\/\/www.ignas.com\/it\/blog\/val-di-fassa-cosa-vedere\/#primaryimage","url":"https:\/\/www.ignas.com\/it\/blog\/wp-content\/uploads\/2020\/06\/cosa-vedere-val-di-fassa.jpg","contentUrl":"https:\/\/www.ignas.com\/it\/blog\/wp-content\/uploads\/2020\/06\/cosa-vedere-val-di-fassa.jpg","width":879,"height":586,"caption":"Cosa vedere in val di Fassa"},{"@type":"BreadcrumbList","@id":"https:\/\/www.ignas.com\/it\/blog\/val-di-fassa-cosa-vedere\/#breadcrumb","itemListElement":[{"@type":"ListItem","position":1,"name":"Home","item":"https:\/\/www.ignas.com\/it\/blog\/"},{"@type":"ListItem","position":2,"name":"Val di Fassa cosa vedere"}]},{"@type":"WebSite","@id":"https:\/\/www.ignas.com\/it\/blog\/#website","url":"https:\/\/www.ignas.com\/it\/blog\/","name":"Ignas Tour","description":"","publisher":{"@id":"https:\/\/www.ignas.com\/it\/blog\/#organization"},"potentialAction":[{"@type":"SearchAction","target":{"@type":"EntryPoint","urlTemplate":"https:\/\/www.ignas.com\/it\/blog\/?s={search_term_string}"},"query-input":{"@type":"PropertyValueSpecification","valueRequired":true,"valueName":"search_term_string"}}],"inLanguage":"it-IT"},{"@type":"Organization","@id":"https:\/\/www.ignas.com\/it\/blog\/#organization","name":"Ignas Tour","url":"https:\/\/www.ignas.com\/it\/blog\/","logo":{"@type":"ImageObject","inLanguage":"it-IT","@id":"https:\/\/www.ignas.com\/it\/blog\/#\/schema\/logo\/image\/","url":"https:\/\/www.ignas.com\/it\/blog\/wp-content\/uploads\/2020\/01\/logo-ignas-com-200.png","contentUrl":"https:\/\/www.ignas.com\/it\/blog\/wp-content\/uploads\/2020\/01\/logo-ignas-com-200.png","width":1147,"height":329,"caption":"Ignas Tour"},"image":{"@id":"https:\/\/www.ignas.com\/it\/blog\/#\/schema\/logo\/image\/"}},{"@type":"Person","@id":"https:\/\/www.ignas.com\/it\/blog\/#\/schema\/person\/cb41520c07db292cc5a20ce104e28a1d","name":"Fabrizio","image":{"@type":"ImageObject","inLanguage":"it-IT","@id":"https:\/\/secure.gravatar.com\/avatar\/e17f60c58ebe3feb555b9028681e30cfd921758bbdd1f8e9816f1d7d08c1bd9f?s=96&d=mm&r=g","url":"https:\/\/secure.gravatar.com\/avatar\/e17f60c58ebe3feb555b9028681e30cfd921758bbdd1f8e9816f1d7d08c1bd9f?s=96&d=mm&r=g","contentUrl":"https:\/\/secure.gravatar.com\/avatar\/e17f60c58ebe3feb555b9028681e30cfd921758bbdd1f8e9816f1d7d08c1bd9f?s=96&d=mm&r=g","caption":"Fabrizio"},"description":"Seo Copywriter"}]}},"modified_by":"Team di Ignas Tour","_links":{"self":[{"href":"https:\/\/www.ignas.com\/it\/blog\/wp-json\/wp\/v2\/posts\/23657","targetHints":{"allow":["GET"]}}],"collection":[{"href":"https:\/\/www.ignas.com\/it\/blog\/wp-json\/wp\/v2\/posts"}],"about":[{"href":"https:\/\/www.ignas.com\/it\/blog\/wp-json\/wp\/v2\/types\/post"}],"author":[{"embeddable":true,"href":"https:\/\/www.ignas.com\/it\/blog\/wp-json\/wp\/v2\/users\/2"}],"replies":[{"embeddable":true,"href":"https:\/\/www.ignas.com\/it\/blog\/wp-json\/wp\/v2\/comments?post=23657"}],"version-history":[{"count":19,"href":"https:\/\/www.ignas.com\/it\/blog\/wp-json\/wp\/v2\/posts\/23657\/revisions"}],"predecessor-version":[{"id":27160,"href":"https:\/\/www.ignas.com\/it\/blog\/wp-json\/wp\/v2\/posts\/23657\/revisions\/27160"}],"wp:featuredmedia":[{"embeddable":true,"href":"https:\/\/www.ignas.com\/it\/blog\/wp-json\/wp\/v2\/media\/24199"}],"wp:attachment":[{"href":"https:\/\/www.ignas.com\/it\/blog\/wp-json\/wp\/v2\/media?parent=23657"}],"wp:term":[{"taxonomy":"category","embeddable":true,"href":"https:\/\/www.ignas.com\/it\/blog\/wp-json\/wp\/v2\/categories?post=23657"},{"taxonomy":"post_tag","embeddable":true,"href":"https:\/\/www.ignas.com\/it\/blog\/wp-json\/wp\/v2\/tags?post=23657"}],"curies":[{"name":"wp","href":"https:\/\/api.w.org\/{rel}","templated":true}]}}