{"id":23593,"date":"2020-05-20T14:56:52","date_gmt":"2020-05-20T12:56:52","guid":{"rendered":"https:\/\/www.ignas.com\/it\/blog\/?p=23593"},"modified":"2024-06-25T11:19:09","modified_gmt":"2024-06-25T09:19:09","slug":"alto-lago-di-garda-cosa-visitare","status":"publish","type":"post","link":"https:\/\/www.ignas.com\/it\/blog\/alto-lago-di-garda-cosa-visitare\/","title":{"rendered":"Alto Lago di Garda: cosa visitare"},"content":{"rendered":"<p>La zona dell&#8217;<a href=\"https:\/\/www.ignas.com\/it\/offerte-lago-di-garda\" target=\"_blank\" rel=\"noopener noreferrer\"><strong><span style=\"color: #ff6600;\"> Alto\u00a0 Lago di Garda<\/span><\/strong><\/a> \u00e8 un mix di sapori, tradizioni, storia e scenari naturalistici che vi lasceranno senza fiato. Abbiamo immaginato di trascorrere un&#8217;intera giornata in questa zona non facendoci mancare nulla delle meravigliose opportunit\u00e0 che si presentano a chi ha voglia di scoprire ed immergersi in questo angolo di paradiso.<\/p>\n<p>I 5 sensi sono tutti chiamati a godere della bellezza della natura e dei prodotti che in questo territorio permettono percorsi di gusto a 360\u00b0.<\/p>\n<h2><span class=\"ez-toc-section\" id=\"Viaggiare_con_gusto_e_olfatto\"><\/span>Viaggiare con gusto e olfatto<span class=\"ez-toc-section-end\"><\/span><\/h2><div id=\"ez-toc-container\" class=\"ez-toc-v2_0_82_2 counter-hierarchy ez-toc-counter ez-toc-white ez-toc-container-direction\">\n<div class=\"ez-toc-title-container\">\n<p class=\"ez-toc-title\" style=\"cursor:inherit\"><\/p>\n<span class=\"ez-toc-title-toggle\"><a href=\"#\" class=\"ez-toc-pull-right ez-toc-btn ez-toc-btn-xs ez-toc-btn-default ez-toc-toggle\" aria-label=\"Toggle Table of Content\"><span class=\"ez-toc-js-icon-con\"><span class=\"\"><span class=\"eztoc-hide\" style=\"display:none;\">Toggle<\/span><span class=\"ez-toc-icon-toggle-span\"><svg style=\"fill: #999;color:#999\" xmlns=\"http:\/\/www.w3.org\/2000\/svg\" class=\"list-377408\" width=\"20px\" height=\"20px\" viewBox=\"0 0 24 24\" fill=\"none\"><path d=\"M6 6H4v2h2V6zm14 0H8v2h12V6zM4 11h2v2H4v-2zm16 0H8v2h12v-2zM4 16h2v2H4v-2zm16 0H8v2h12v-2z\" fill=\"currentColor\"><\/path><\/svg><svg style=\"fill: #999;color:#999\" class=\"arrow-unsorted-368013\" xmlns=\"http:\/\/www.w3.org\/2000\/svg\" width=\"10px\" height=\"10px\" viewBox=\"0 0 24 24\" version=\"1.2\" baseProfile=\"tiny\"><path d=\"M18.2 9.3l-6.2-6.3-6.2 6.3c-.2.2-.3.4-.3.7s.1.5.3.7c.2.2.4.3.7.3h11c.3 0 .5-.1.7-.3.2-.2.3-.5.3-.7s-.1-.5-.3-.7zM5.8 14.7l6.2 6.3 6.2-6.3c.2-.2.3-.5.3-.7s-.1-.5-.3-.7c-.2-.2-.4-.3-.7-.3h-11c-.3 0-.5.1-.7.3-.2.2-.3.5-.3.7s.1.5.3.7z\"\/><\/svg><\/span><\/span><\/span><\/a><\/span><\/div>\n<nav><ul class='ez-toc-list ez-toc-list-level-1 eztoc-toggle-hide-by-default' ><li class='ez-toc-page-1 ez-toc-heading-level-2'><a class=\"ez-toc-link ez-toc-heading-1\" href=\"https:\/\/www.ignas.com\/it\/blog\/alto-lago-di-garda-cosa-visitare\/#Viaggiare_con_gusto_e_olfatto\" >Viaggiare con gusto e olfatto<\/a><ul class='ez-toc-list-level-3' ><li class='ez-toc-heading-level-3'><a class=\"ez-toc-link ez-toc-heading-2\" href=\"https:\/\/www.ignas.com\/it\/blog\/alto-lago-di-garda-cosa-visitare\/#Una_visita_in_Frantoio\" >Una visita in Frantoio<\/a><\/li><li class='ez-toc-page-1 ez-toc-heading-level-3'><a class=\"ez-toc-link ez-toc-heading-3\" href=\"https:\/\/www.ignas.com\/it\/blog\/alto-lago-di-garda-cosa-visitare\/#La_degustazione_in_Distilleria\" >La degustazione in Distilleria<\/a><\/li><\/ul><\/li><li class='ez-toc-page-1 ez-toc-heading-level-2'><a class=\"ez-toc-link ez-toc-heading-4\" href=\"https:\/\/www.ignas.com\/it\/blog\/alto-lago-di-garda-cosa-visitare\/#Planare_sullAlto_Lago_di_Garda_la_Funivia_Malcesine\" >Planare sull&#8217;Alto Lago di Garda, la Funivia Malcesine<\/a><\/li><li class='ez-toc-page-1 ez-toc-heading-level-2'><a class=\"ez-toc-link ez-toc-heading-5\" href=\"https:\/\/www.ignas.com\/it\/blog\/alto-lago-di-garda-cosa-visitare\/#Un_tuffo_nella_storia_visitando_il_Forte_Alto_Garga\" >Un tuffo nella storia visitando il Forte Alto Garga<\/a><\/li><li class='ez-toc-page-1 ez-toc-heading-level-2'><a class=\"ez-toc-link ez-toc-heading-6\" href=\"https:\/\/www.ignas.com\/it\/blog\/alto-lago-di-garda-cosa-visitare\/#Sul_Ponale_unescursione_senza_tempo\" >Sul Ponale un&#8217;escursione senza tempo<\/a><\/li><\/ul><\/nav><\/div>\n\n<p>Partiamo dunque dal gusto e dall&#8217;olfatto, con due perle immancabili della tradizione della zona: l&#8217;<strong>Olio di Oliva,\u00a0 e le Grappe e gli Spumanti<\/strong>, visitando due aziende dell&#8217;Alto Lago di Garda che permettono di vederne tutta le fasi di produzione.<\/p>\n<h3><span class=\"ez-toc-section\" id=\"Una_visita_in_Frantoio\"><\/span>Una visita in Frantoio<span class=\"ez-toc-section-end\"><\/span><\/h3>\n<p><img loading=\"lazy\" decoding=\"async\" class=\"alignnone size-full wp-image-24207\" src=\"https:\/\/www.ignas.com\/it\/blog\/wp-content\/uploads\/2020\/05\/olio-di-Garda.jpg\" alt=\"olio di Garda\" width=\"750\" height=\"500\" srcset=\"https:\/\/www.ignas.com\/it\/blog\/wp-content\/uploads\/2020\/05\/olio-di-Garda.jpg 750w, https:\/\/www.ignas.com\/it\/blog\/wp-content\/uploads\/2020\/05\/olio-di-Garda-300x200.jpg 300w\" sizes=\"auto, (max-width: 750px) 100vw, 750px\" \/><\/p>\n<p>Il frantoio Olio Cru a Riva del Garda \u00e8 una vera e propria casa dell&#8217;oro liquido, dove le pi\u00f9 moderne tecnologie di lavorazione sono messe al servizio di una tradizione che parte dal II\u00b0 sec a.C., periodo in cui gi\u00e0 questo prodotto veniva coltivato e scambiato in tutto il territorio. Oggi quell&#8217;antica tradizione vanta uno dei frantoi pi\u00f9 avanzati d&#8217;Europa. Dalla coltivazione, alla raccolta, alla molitura fino ai filtraggi, tutto \u00e8 concepito per raggiungere il massimo del piacere culinario. Ma non c&#8217;\u00e8 modo migliore di scoprirlo che trascorrere del tempo all&#8217;interno dei laboratori,<strong> passeggiando fra gli uliveti<\/strong>, e potendo assaggiare tutti i tipi di Olio, accompagnati da crostini, formaggi e salumi messi a disposizione dei visitatori. La famiglia Morandini lascia aperta la porta della loro &#8220;casa dell&#8217;Olio&#8221; a tutti colori che sono curiosi di avvicinarsi a questo mondo che non \u00e8 solo mera produzione, ma un vero e proprio rito ,fatto di professionalit\u00e0, rispetto e tanta passione.<\/p>\n<h3><span class=\"ez-toc-section\" id=\"La_degustazione_in_Distilleria\"><\/span>La degustazione in Distilleria<span class=\"ez-toc-section-end\"><\/span><\/h3>\n<p>Ma l&#8217;Alto Lago di Garda \u00e8 un luogo in cui il gusto , l&#8217;olfatto e il piacere dei sapori sono protagonisti anche sul versante del beverage, e in particolare l&#8217;<strong>elisir di questo angolo di Trentino<\/strong> \u00e8 rappresentato dalle grappe e dagli spumanti. Per chi ama scoprire i luoghi assaggiandoli, assaporandoli e conoscendone le varie fasi di produzione, la Distilleria dei fratelli Pisoni \u00e8 una meta da appuntarsi. All&#8217;interno della Distelleria \u00e8 possibile fare percorsi di degustazione. Si passa dalle note pi\u00f9 scintillanti degli <strong>spumanti a<\/strong>\u00a0quelle pi\u00f9 sinuose del<strong> vino ros\u00e9<\/strong>. Ma il must assoluto rimane la scelta delle <strong>grappe<\/strong> dove il gusto incontra la passione verso un prodotto dove i 3 secoli di tradizione familiare emergono in tutto il loro candore. Anche qui dunque potrete viaggiare in senso geografico ma anche coinvolgendo il gusto e l&#8217;olfatto che saranno rapiti dalla distilleria e dai suoi profumi densi e inebrianti.<\/p>\n<h2><span class=\"ez-toc-section\" id=\"Planare_sullAlto_Lago_di_Garda_la_Funivia_Malcesine\"><\/span>Planare sull&#8217;Alto Lago di Garda, la Funivia Malcesine<span class=\"ez-toc-section-end\"><\/span><\/h2>\n<p>In un luogo del genere si viene trasportati in una dimensione ancestrale con la natura in cui il senso della vista viene catturato dalla bellezza.\u00a0 Ci si rende conto di quanto lo splendore di questo posto possa rapire il visitatore. Un particolare punto di vista in questo senso \u00e8 dato salendo sulla <span style=\"color: #ff6600;\"><strong><a style=\"color: #ff6600;\" href=\"https:\/\/funiviedelbaldo.it\/it\/\" target=\"_blank\" rel=\"noopener noreferrer\">funivia Malcesine<\/a>.<\/strong><\/span>\u00a0 Decollando da Malcesine, si sorvola l&#8217;intera zona perdendosi fra il cielo azzurro che sovrasta il lago e arrivando a quota 1800 metri. La vista panoramica permette di vedere l&#8217;intero territorio e immortalare i meravigliosi colori che contraddistinguono il territorio. I pi\u00f9 avventurosi potranno prendere anche un traghetto da Malcesine per immergersi nei profumi intensi ed aromatici di <span style=\"color: #ff6600;\"><strong><a style=\"color: #ff6600;\" href=\"https:\/\/www.ignas.com\/it\/blog\/cosa-vedere-a-limone-sul-garda\/\">Limone sul Garda<\/a><\/strong><\/span>.<\/p>\n<h2><span class=\"ez-toc-section\" id=\"Un_tuffo_nella_storia_visitando_il_Forte_Alto_Garga\"><\/span>Un tuffo nella storia visitando il Forte Alto Garga<span class=\"ez-toc-section-end\"><\/span><\/h2>\n<p>La bellezza passa anche anche dalla storia. E allora baster\u00e0 usare l&#8217;udito e la vista per viaggiare nel tempo giungendo al Forte Garda. Il forte militare costruito tra i primi del 900, ha avuto un ruolo strategico importante nelle guerre mondiali. Il suo racconto vi porter\u00e0 in quei tempi, e vi sembrer\u00e0 incredibile sapere come all&#8217;interno di un cunicolo di ben <strong>300 metri che attraversa la montagna<\/strong>, vivevano fino a 150 soldati.<\/p>\n<h2><span class=\"ez-toc-section\" id=\"Sul_Ponale_unescursione_senza_tempo\"><\/span>Sul Ponale un&#8217;escursione senza tempo<span class=\"ez-toc-section-end\"><\/span><\/h2>\n<p><img loading=\"lazy\" decoding=\"async\" class=\"alignnone size-full wp-image-24208\" src=\"https:\/\/www.ignas.com\/it\/blog\/wp-content\/uploads\/2020\/05\/ponale.jpg\" alt=\"ponale\" width=\"750\" height=\"500\" srcset=\"https:\/\/www.ignas.com\/it\/blog\/wp-content\/uploads\/2020\/05\/ponale.jpg 750w, https:\/\/www.ignas.com\/it\/blog\/wp-content\/uploads\/2020\/05\/ponale-300x200.jpg 300w\" sizes=\"auto, (max-width: 750px) 100vw, 750px\" \/><\/p>\n<p><a href=\"https:\/\/www.ponale.eu\/\" target=\"_blank\" rel=\"noopener noreferrer\"><strong><span style=\"color: #ff6600;\">La Ponale<\/span><\/strong><\/a> \u00e8 una <strong>strada scavata sul dorsale<\/strong> della montagna a picco sull&#8217;Alto Lago di Garda. Una sorta di serpente che avvolge il dorso della montagna che collega Riva del Garda alla Valle del Ledro. E&#8217; stata per tantissimi anni una strada destinata al traffico, ma dal 2004 \u00e8 stata chiusa \u00e8 dedicata solo ai pedoni e alle bici. Percorrere questo sentiero regala la bellezza di avere contatto diretto con la montagna. Al contempo la vista a picco sul lago, che crea un senso di vertigine e bellezza allo stesso tempo. Bisogna provare per credere, magari pernottando in una delle strutture migliori della zona.<\/p>\n","protected":false},"excerpt":{"rendered":"<p>La zona dell&#8217; Alto\u00a0 Lago di Garda \u00e8 un mix di sapori, tradizioni, storia e scenari naturalistici che vi lasceranno senza fiato. Abbiamo immaginato di trascorrere un&#8217;intera giornata in questa zona non facendoci mancare nulla delle meravigliose opportunit\u00e0 che si presentano a chi ha voglia di scoprire ed immergersi in questo angolo di paradiso. I [&hellip;]<\/p>\n","protected":false},"author":2,"featured_media":24206,"comment_status":"closed","ping_status":"closed","sticky":false,"template":"","format":"standard","meta":{"_acf_changed":false,"inline_featured_image":false,"_lmt_disableupdate":"no","_lmt_disable":"no","_monsterinsights_skip_tracking":false,"_monsterinsights_sitenote_active":false,"_monsterinsights_sitenote_note":"","_monsterinsights_sitenote_category":0,"footnotes":""},"categories":[7],"tags":[],"class_list":["post-23593","post","type-post","status-publish","format-standard","has-post-thumbnail","hentry","category-curiosita"],"acf":[],"yoast_head":"<!-- This site is optimized with the Yoast SEO plugin v27.5 - https:\/\/yoast.com\/product\/yoast-seo-wordpress\/ -->\n<title>Alto Lago di Garda: cosa visitare - Ignas Tour<\/title>\n<meta name=\"description\" content=\"La zona dell&#039; Alto Lago di Garda \u00e8 un mix di sapori, tradizioni, storia e scenari naturalistici che vi lasceranno senza fiato. Scoprila!\" \/>\n<meta name=\"robots\" content=\"index, follow, max-snippet:-1, max-image-preview:large, max-video-preview:-1\" \/>\n<link rel=\"canonical\" href=\"https:\/\/www.ignas.com\/it\/blog\/alto-lago-di-garda-cosa-visitare\/\" \/>\n<meta property=\"og:locale\" content=\"it_IT\" \/>\n<meta property=\"og:type\" content=\"article\" \/>\n<meta property=\"og:title\" content=\"Alto Lago di Garda: cosa visitare - Ignas Tour\" \/>\n<meta property=\"og:description\" content=\"La zona dell&#039; Alto Lago di Garda \u00e8 un mix di sapori, tradizioni, storia e scenari naturalistici che vi lasceranno senza fiato. Scoprila!\" \/>\n<meta property=\"og:url\" content=\"https:\/\/www.ignas.com\/it\/blog\/alto-lago-di-garda-cosa-visitare\/\" \/>\n<meta property=\"og:site_name\" content=\"Ignas Tour\" \/>\n<meta property=\"article:published_time\" content=\"2020-05-20T12:56:52+00:00\" \/>\n<meta property=\"article:modified_time\" content=\"2024-06-25T09:19:09+00:00\" \/>\n<meta property=\"og:image\" content=\"https:\/\/www.ignas.com\/it\/blog\/wp-content\/uploads\/2020\/05\/alto-lago-garda.jpeg\" \/>\n\t<meta property=\"og:image:width\" content=\"1100\" \/>\n\t<meta property=\"og:image:height\" content=\"611\" \/>\n\t<meta property=\"og:image:type\" content=\"image\/jpeg\" \/>\n<meta name=\"author\" content=\"Fabrizio\" \/>\n<meta name=\"twitter:card\" content=\"summary_large_image\" \/>\n<meta name=\"twitter:label1\" content=\"Scritto da\" \/>\n\t<meta name=\"twitter:data1\" content=\"Fabrizio\" \/>\n\t<meta name=\"twitter:label2\" content=\"Tempo di lettura stimato\" \/>\n\t<meta name=\"twitter:data2\" content=\"5 minuti\" \/>\n<script type=\"application\/ld+json\" class=\"yoast-schema-graph\">{\"@context\":\"https:\\\/\\\/schema.org\",\"@graph\":[{\"@type\":\"Article\",\"@id\":\"https:\\\/\\\/www.ignas.com\\\/it\\\/blog\\\/alto-lago-di-garda-cosa-visitare\\\/#article\",\"isPartOf\":{\"@id\":\"https:\\\/\\\/www.ignas.com\\\/it\\\/blog\\\/alto-lago-di-garda-cosa-visitare\\\/\"},\"author\":{\"name\":\"Fabrizio\",\"@id\":\"https:\\\/\\\/www.ignas.com\\\/it\\\/blog\\\/#\\\/schema\\\/person\\\/cb41520c07db292cc5a20ce104e28a1d\"},\"headline\":\"Alto Lago di Garda: cosa visitare\",\"datePublished\":\"2020-05-20T12:56:52+00:00\",\"dateModified\":\"2024-06-25T09:19:09+00:00\",\"mainEntityOfPage\":{\"@id\":\"https:\\\/\\\/www.ignas.com\\\/it\\\/blog\\\/alto-lago-di-garda-cosa-visitare\\\/\"},\"wordCount\":735,\"publisher\":{\"@id\":\"https:\\\/\\\/www.ignas.com\\\/it\\\/blog\\\/#organization\"},\"image\":{\"@id\":\"https:\\\/\\\/www.ignas.com\\\/it\\\/blog\\\/alto-lago-di-garda-cosa-visitare\\\/#primaryimage\"},\"thumbnailUrl\":\"https:\\\/\\\/www.ignas.com\\\/it\\\/blog\\\/wp-content\\\/uploads\\\/2020\\\/05\\\/alto-lago-garda.jpeg\",\"articleSection\":[\"Curiosit\u00e0\"],\"inLanguage\":\"it-IT\"},{\"@type\":\"WebPage\",\"@id\":\"https:\\\/\\\/www.ignas.com\\\/it\\\/blog\\\/alto-lago-di-garda-cosa-visitare\\\/\",\"url\":\"https:\\\/\\\/www.ignas.com\\\/it\\\/blog\\\/alto-lago-di-garda-cosa-visitare\\\/\",\"name\":\"Alto Lago di Garda: cosa visitare - Ignas Tour\",\"isPartOf\":{\"@id\":\"https:\\\/\\\/www.ignas.com\\\/it\\\/blog\\\/#website\"},\"primaryImageOfPage\":{\"@id\":\"https:\\\/\\\/www.ignas.com\\\/it\\\/blog\\\/alto-lago-di-garda-cosa-visitare\\\/#primaryimage\"},\"image\":{\"@id\":\"https:\\\/\\\/www.ignas.com\\\/it\\\/blog\\\/alto-lago-di-garda-cosa-visitare\\\/#primaryimage\"},\"thumbnailUrl\":\"https:\\\/\\\/www.ignas.com\\\/it\\\/blog\\\/wp-content\\\/uploads\\\/2020\\\/05\\\/alto-lago-garda.jpeg\",\"datePublished\":\"2020-05-20T12:56:52+00:00\",\"dateModified\":\"2024-06-25T09:19:09+00:00\",\"description\":\"La zona dell' Alto Lago di Garda \u00e8 un mix di sapori, tradizioni, storia e scenari naturalistici che vi lasceranno senza fiato. Scoprila!\",\"breadcrumb\":{\"@id\":\"https:\\\/\\\/www.ignas.com\\\/it\\\/blog\\\/alto-lago-di-garda-cosa-visitare\\\/#breadcrumb\"},\"inLanguage\":\"it-IT\",\"potentialAction\":[{\"@type\":\"ReadAction\",\"target\":[\"https:\\\/\\\/www.ignas.com\\\/it\\\/blog\\\/alto-lago-di-garda-cosa-visitare\\\/\"]}]},{\"@type\":\"ImageObject\",\"inLanguage\":\"it-IT\",\"@id\":\"https:\\\/\\\/www.ignas.com\\\/it\\\/blog\\\/alto-lago-di-garda-cosa-visitare\\\/#primaryimage\",\"url\":\"https:\\\/\\\/www.ignas.com\\\/it\\\/blog\\\/wp-content\\\/uploads\\\/2020\\\/05\\\/alto-lago-garda.jpeg\",\"contentUrl\":\"https:\\\/\\\/www.ignas.com\\\/it\\\/blog\\\/wp-content\\\/uploads\\\/2020\\\/05\\\/alto-lago-garda.jpeg\",\"width\":1100,\"height\":611,\"caption\":\"Alto Lago di Garda\"},{\"@type\":\"BreadcrumbList\",\"@id\":\"https:\\\/\\\/www.ignas.com\\\/it\\\/blog\\\/alto-lago-di-garda-cosa-visitare\\\/#breadcrumb\",\"itemListElement\":[{\"@type\":\"ListItem\",\"position\":1,\"name\":\"Home\",\"item\":\"https:\\\/\\\/www.ignas.com\\\/it\\\/blog\\\/\"},{\"@type\":\"ListItem\",\"position\":2,\"name\":\"Alto Lago di Garda: cosa visitare\"}]},{\"@type\":\"WebSite\",\"@id\":\"https:\\\/\\\/www.ignas.com\\\/it\\\/blog\\\/#website\",\"url\":\"https:\\\/\\\/www.ignas.com\\\/it\\\/blog\\\/\",\"name\":\"Ignas Tour\",\"description\":\"\",\"publisher\":{\"@id\":\"https:\\\/\\\/www.ignas.com\\\/it\\\/blog\\\/#organization\"},\"potentialAction\":[{\"@type\":\"SearchAction\",\"target\":{\"@type\":\"EntryPoint\",\"urlTemplate\":\"https:\\\/\\\/www.ignas.com\\\/it\\\/blog\\\/?s={search_term_string}\"},\"query-input\":{\"@type\":\"PropertyValueSpecification\",\"valueRequired\":true,\"valueName\":\"search_term_string\"}}],\"inLanguage\":\"it-IT\"},{\"@type\":\"Organization\",\"@id\":\"https:\\\/\\\/www.ignas.com\\\/it\\\/blog\\\/#organization\",\"name\":\"Ignas Tour\",\"url\":\"https:\\\/\\\/www.ignas.com\\\/it\\\/blog\\\/\",\"logo\":{\"@type\":\"ImageObject\",\"inLanguage\":\"it-IT\",\"@id\":\"https:\\\/\\\/www.ignas.com\\\/it\\\/blog\\\/#\\\/schema\\\/logo\\\/image\\\/\",\"url\":\"https:\\\/\\\/www.ignas.com\\\/it\\\/blog\\\/wp-content\\\/uploads\\\/2020\\\/01\\\/logo-ignas-com-200.png\",\"contentUrl\":\"https:\\\/\\\/www.ignas.com\\\/it\\\/blog\\\/wp-content\\\/uploads\\\/2020\\\/01\\\/logo-ignas-com-200.png\",\"width\":1147,\"height\":329,\"caption\":\"Ignas Tour\"},\"image\":{\"@id\":\"https:\\\/\\\/www.ignas.com\\\/it\\\/blog\\\/#\\\/schema\\\/logo\\\/image\\\/\"}},{\"@type\":\"Person\",\"@id\":\"https:\\\/\\\/www.ignas.com\\\/it\\\/blog\\\/#\\\/schema\\\/person\\\/cb41520c07db292cc5a20ce104e28a1d\",\"name\":\"Fabrizio\",\"image\":{\"@type\":\"ImageObject\",\"inLanguage\":\"it-IT\",\"@id\":\"https:\\\/\\\/secure.gravatar.com\\\/avatar\\\/e17f60c58ebe3feb555b9028681e30cfd921758bbdd1f8e9816f1d7d08c1bd9f?s=96&d=mm&r=g\",\"url\":\"https:\\\/\\\/secure.gravatar.com\\\/avatar\\\/e17f60c58ebe3feb555b9028681e30cfd921758bbdd1f8e9816f1d7d08c1bd9f?s=96&d=mm&r=g\",\"contentUrl\":\"https:\\\/\\\/secure.gravatar.com\\\/avatar\\\/e17f60c58ebe3feb555b9028681e30cfd921758bbdd1f8e9816f1d7d08c1bd9f?s=96&d=mm&r=g\",\"caption\":\"Fabrizio\"},\"description\":\"Seo Copywriter\"}]}<\/script>\n<!-- \/ Yoast SEO plugin. -->","yoast_head_json":{"title":"Alto Lago di Garda: cosa visitare - Ignas Tour","description":"La zona dell' Alto Lago di Garda \u00e8 un mix di sapori, tradizioni, storia e scenari naturalistici che vi lasceranno senza fiato. Scoprila!","robots":{"index":"index","follow":"follow","max-snippet":"max-snippet:-1","max-image-preview":"max-image-preview:large","max-video-preview":"max-video-preview:-1"},"canonical":"https:\/\/www.ignas.com\/it\/blog\/alto-lago-di-garda-cosa-visitare\/","og_locale":"it_IT","og_type":"article","og_title":"Alto Lago di Garda: cosa visitare - Ignas Tour","og_description":"La zona dell' Alto Lago di Garda \u00e8 un mix di sapori, tradizioni, storia e scenari naturalistici che vi lasceranno senza fiato. Scoprila!","og_url":"https:\/\/www.ignas.com\/it\/blog\/alto-lago-di-garda-cosa-visitare\/","og_site_name":"Ignas Tour","article_published_time":"2020-05-20T12:56:52+00:00","article_modified_time":"2024-06-25T09:19:09+00:00","og_image":[{"width":1100,"height":611,"url":"https:\/\/www.ignas.com\/it\/blog\/wp-content\/uploads\/2020\/05\/alto-lago-garda.jpeg","type":"image\/jpeg"}],"author":"Fabrizio","twitter_card":"summary_large_image","twitter_misc":{"Scritto da":"Fabrizio","Tempo di lettura stimato":"5 minuti"},"schema":{"@context":"https:\/\/schema.org","@graph":[{"@type":"Article","@id":"https:\/\/www.ignas.com\/it\/blog\/alto-lago-di-garda-cosa-visitare\/#article","isPartOf":{"@id":"https:\/\/www.ignas.com\/it\/blog\/alto-lago-di-garda-cosa-visitare\/"},"author":{"name":"Fabrizio","@id":"https:\/\/www.ignas.com\/it\/blog\/#\/schema\/person\/cb41520c07db292cc5a20ce104e28a1d"},"headline":"Alto Lago di Garda: cosa visitare","datePublished":"2020-05-20T12:56:52+00:00","dateModified":"2024-06-25T09:19:09+00:00","mainEntityOfPage":{"@id":"https:\/\/www.ignas.com\/it\/blog\/alto-lago-di-garda-cosa-visitare\/"},"wordCount":735,"publisher":{"@id":"https:\/\/www.ignas.com\/it\/blog\/#organization"},"image":{"@id":"https:\/\/www.ignas.com\/it\/blog\/alto-lago-di-garda-cosa-visitare\/#primaryimage"},"thumbnailUrl":"https:\/\/www.ignas.com\/it\/blog\/wp-content\/uploads\/2020\/05\/alto-lago-garda.jpeg","articleSection":["Curiosit\u00e0"],"inLanguage":"it-IT"},{"@type":"WebPage","@id":"https:\/\/www.ignas.com\/it\/blog\/alto-lago-di-garda-cosa-visitare\/","url":"https:\/\/www.ignas.com\/it\/blog\/alto-lago-di-garda-cosa-visitare\/","name":"Alto Lago di Garda: cosa visitare - Ignas Tour","isPartOf":{"@id":"https:\/\/www.ignas.com\/it\/blog\/#website"},"primaryImageOfPage":{"@id":"https:\/\/www.ignas.com\/it\/blog\/alto-lago-di-garda-cosa-visitare\/#primaryimage"},"image":{"@id":"https:\/\/www.ignas.com\/it\/blog\/alto-lago-di-garda-cosa-visitare\/#primaryimage"},"thumbnailUrl":"https:\/\/www.ignas.com\/it\/blog\/wp-content\/uploads\/2020\/05\/alto-lago-garda.jpeg","datePublished":"2020-05-20T12:56:52+00:00","dateModified":"2024-06-25T09:19:09+00:00","description":"La zona dell' Alto Lago di Garda \u00e8 un mix di sapori, tradizioni, storia e scenari naturalistici che vi lasceranno senza fiato. Scoprila!","breadcrumb":{"@id":"https:\/\/www.ignas.com\/it\/blog\/alto-lago-di-garda-cosa-visitare\/#breadcrumb"},"inLanguage":"it-IT","potentialAction":[{"@type":"ReadAction","target":["https:\/\/www.ignas.com\/it\/blog\/alto-lago-di-garda-cosa-visitare\/"]}]},{"@type":"ImageObject","inLanguage":"it-IT","@id":"https:\/\/www.ignas.com\/it\/blog\/alto-lago-di-garda-cosa-visitare\/#primaryimage","url":"https:\/\/www.ignas.com\/it\/blog\/wp-content\/uploads\/2020\/05\/alto-lago-garda.jpeg","contentUrl":"https:\/\/www.ignas.com\/it\/blog\/wp-content\/uploads\/2020\/05\/alto-lago-garda.jpeg","width":1100,"height":611,"caption":"Alto Lago di Garda"},{"@type":"BreadcrumbList","@id":"https:\/\/www.ignas.com\/it\/blog\/alto-lago-di-garda-cosa-visitare\/#breadcrumb","itemListElement":[{"@type":"ListItem","position":1,"name":"Home","item":"https:\/\/www.ignas.com\/it\/blog\/"},{"@type":"ListItem","position":2,"name":"Alto Lago di Garda: cosa visitare"}]},{"@type":"WebSite","@id":"https:\/\/www.ignas.com\/it\/blog\/#website","url":"https:\/\/www.ignas.com\/it\/blog\/","name":"Ignas Tour","description":"","publisher":{"@id":"https:\/\/www.ignas.com\/it\/blog\/#organization"},"potentialAction":[{"@type":"SearchAction","target":{"@type":"EntryPoint","urlTemplate":"https:\/\/www.ignas.com\/it\/blog\/?s={search_term_string}"},"query-input":{"@type":"PropertyValueSpecification","valueRequired":true,"valueName":"search_term_string"}}],"inLanguage":"it-IT"},{"@type":"Organization","@id":"https:\/\/www.ignas.com\/it\/blog\/#organization","name":"Ignas Tour","url":"https:\/\/www.ignas.com\/it\/blog\/","logo":{"@type":"ImageObject","inLanguage":"it-IT","@id":"https:\/\/www.ignas.com\/it\/blog\/#\/schema\/logo\/image\/","url":"https:\/\/www.ignas.com\/it\/blog\/wp-content\/uploads\/2020\/01\/logo-ignas-com-200.png","contentUrl":"https:\/\/www.ignas.com\/it\/blog\/wp-content\/uploads\/2020\/01\/logo-ignas-com-200.png","width":1147,"height":329,"caption":"Ignas Tour"},"image":{"@id":"https:\/\/www.ignas.com\/it\/blog\/#\/schema\/logo\/image\/"}},{"@type":"Person","@id":"https:\/\/www.ignas.com\/it\/blog\/#\/schema\/person\/cb41520c07db292cc5a20ce104e28a1d","name":"Fabrizio","image":{"@type":"ImageObject","inLanguage":"it-IT","@id":"https:\/\/secure.gravatar.com\/avatar\/e17f60c58ebe3feb555b9028681e30cfd921758bbdd1f8e9816f1d7d08c1bd9f?s=96&d=mm&r=g","url":"https:\/\/secure.gravatar.com\/avatar\/e17f60c58ebe3feb555b9028681e30cfd921758bbdd1f8e9816f1d7d08c1bd9f?s=96&d=mm&r=g","contentUrl":"https:\/\/secure.gravatar.com\/avatar\/e17f60c58ebe3feb555b9028681e30cfd921758bbdd1f8e9816f1d7d08c1bd9f?s=96&d=mm&r=g","caption":"Fabrizio"},"description":"Seo Copywriter"}]}},"modified_by":"Denise Basano","_links":{"self":[{"href":"https:\/\/www.ignas.com\/it\/blog\/wp-json\/wp\/v2\/posts\/23593","targetHints":{"allow":["GET"]}}],"collection":[{"href":"https:\/\/www.ignas.com\/it\/blog\/wp-json\/wp\/v2\/posts"}],"about":[{"href":"https:\/\/www.ignas.com\/it\/blog\/wp-json\/wp\/v2\/types\/post"}],"author":[{"embeddable":true,"href":"https:\/\/www.ignas.com\/it\/blog\/wp-json\/wp\/v2\/users\/2"}],"replies":[{"embeddable":true,"href":"https:\/\/www.ignas.com\/it\/blog\/wp-json\/wp\/v2\/comments?post=23593"}],"version-history":[{"count":21,"href":"https:\/\/www.ignas.com\/it\/blog\/wp-json\/wp\/v2\/posts\/23593\/revisions"}],"predecessor-version":[{"id":27830,"href":"https:\/\/www.ignas.com\/it\/blog\/wp-json\/wp\/v2\/posts\/23593\/revisions\/27830"}],"wp:featuredmedia":[{"embeddable":true,"href":"https:\/\/www.ignas.com\/it\/blog\/wp-json\/wp\/v2\/media\/24206"}],"wp:attachment":[{"href":"https:\/\/www.ignas.com\/it\/blog\/wp-json\/wp\/v2\/media?parent=23593"}],"wp:term":[{"taxonomy":"category","embeddable":true,"href":"https:\/\/www.ignas.com\/it\/blog\/wp-json\/wp\/v2\/categories?post=23593"},{"taxonomy":"post_tag","embeddable":true,"href":"https:\/\/www.ignas.com\/it\/blog\/wp-json\/wp\/v2\/tags?post=23593"}],"curies":[{"name":"wp","href":"https:\/\/api.w.org\/{rel}","templated":true}]}}