{"id":23411,"date":"2020-02-10T17:57:39","date_gmt":"2020-02-10T16:57:39","guid":{"rendered":"https:\/\/www.ignas.com\/it\/blog\/?p=23411"},"modified":"2024-02-27T10:45:53","modified_gmt":"2024-02-27T09:45:53","slug":"oscar-dei-viaggi","status":"publish","type":"post","link":"https:\/\/www.ignas.com\/it\/blog\/oscar-dei-viaggi\/","title":{"rendered":"E&#8217; tempo di dare gli Oscar&#8230;anche ai viaggi!"},"content":{"rendered":"<p>I viaggi e il cinema hanno molto in comune e a ben vedere in modo diverso permettono di scoprire mondi, culture e storie, arricchendo lo &#8220;spettatore&#8221; di nuovi stimoli e avventure. Proprio in virt\u00f9 di questa similitudine, e della notte degli Oscar appena trascorsa, abbiamo consegnato le statuette alle destinazioni (1 Oscar per regione\/struttura) che si distinguono per l&#8217;eccellenza che offrono a chi viaggia. Scopriamoli insieme!<\/p>\n<h2><span class=\"ez-toc-section\" id=\"In_Toscana_the_Winner_is%E2%80%A6\"><\/span>In Toscana the Winner is&#8230;.<span class=\"ez-toc-section-end\"><\/span><\/h2><div id=\"ez-toc-container\" class=\"ez-toc-v2_0_82_2 counter-hierarchy ez-toc-counter ez-toc-white ez-toc-container-direction\">\n<div class=\"ez-toc-title-container\">\n<p class=\"ez-toc-title\" style=\"cursor:inherit\"><\/p>\n<span class=\"ez-toc-title-toggle\"><a href=\"#\" class=\"ez-toc-pull-right ez-toc-btn ez-toc-btn-xs ez-toc-btn-default ez-toc-toggle\" aria-label=\"Toggle Table of Content\"><span class=\"ez-toc-js-icon-con\"><span class=\"\"><span class=\"eztoc-hide\" style=\"display:none;\">Toggle<\/span><span class=\"ez-toc-icon-toggle-span\"><svg style=\"fill: #999;color:#999\" xmlns=\"http:\/\/www.w3.org\/2000\/svg\" class=\"list-377408\" width=\"20px\" height=\"20px\" viewBox=\"0 0 24 24\" fill=\"none\"><path d=\"M6 6H4v2h2V6zm14 0H8v2h12V6zM4 11h2v2H4v-2zm16 0H8v2h12v-2zM4 16h2v2H4v-2zm16 0H8v2h12v-2z\" fill=\"currentColor\"><\/path><\/svg><svg style=\"fill: #999;color:#999\" class=\"arrow-unsorted-368013\" xmlns=\"http:\/\/www.w3.org\/2000\/svg\" width=\"10px\" height=\"10px\" viewBox=\"0 0 24 24\" version=\"1.2\" baseProfile=\"tiny\"><path d=\"M18.2 9.3l-6.2-6.3-6.2 6.3c-.2.2-.3.4-.3.7s.1.5.3.7c.2.2.4.3.7.3h11c.3 0 .5-.1.7-.3.2-.2.3-.5.3-.7s-.1-.5-.3-.7zM5.8 14.7l6.2 6.3 6.2-6.3c.2-.2.3-.5.3-.7s-.1-.5-.3-.7c-.2-.2-.4-.3-.7-.3h-11c-.3 0-.5.1-.7.3-.2.2-.3.5-.3.7s.1.5.3.7z\"\/><\/svg><\/span><\/span><\/span><\/a><\/span><\/div>\n<nav><ul class='ez-toc-list ez-toc-list-level-1 eztoc-toggle-hide-by-default' ><li class='ez-toc-page-1 ez-toc-heading-level-2'><a class=\"ez-toc-link ez-toc-heading-1\" href=\"https:\/\/www.ignas.com\/it\/blog\/oscar-dei-viaggi\/#In_Toscana_the_Winner_is%E2%80%A6\" >In Toscana the Winner is&#8230;.<\/a><ul class='ez-toc-list-level-3' ><li class='ez-toc-heading-level-3'><a class=\"ez-toc-link ez-toc-heading-2\" href=\"https:\/\/www.ignas.com\/it\/blog\/oscar-dei-viaggi\/#Maremma_Toscana\" >Maremma Toscana<\/a><\/li><li class='ez-toc-page-1 ez-toc-heading-level-3'><a class=\"ez-toc-link ez-toc-heading-3\" href=\"https:\/\/www.ignas.com\/it\/blog\/oscar-dei-viaggi\/#Motivazione_dellOscar\" >Motivazione dell&#8217;Oscar<\/a><\/li><\/ul><\/li><li class='ez-toc-page-1 ez-toc-heading-level-2'><a class=\"ez-toc-link ez-toc-heading-4\" href=\"https:\/\/www.ignas.com\/it\/blog\/oscar-dei-viaggi\/#In_Calabria_ce_un_ex_aequo_tra%E2%80%A6\" >In Calabria c&#8217;\u00e8 un ex aequo tra&#8230;<\/a><\/li><li class='ez-toc-page-1 ez-toc-heading-level-2'><a class=\"ez-toc-link ez-toc-heading-5\" href=\"https:\/\/www.ignas.com\/it\/blog\/oscar-dei-viaggi\/#Sono_2_le_attrici_protagoniste_dellestate_calabrese\" >Sono 2 le attrici protagoniste dell&#8217;estate calabrese:<\/a><ul class='ez-toc-list-level-3' ><li class='ez-toc-heading-level-3'><a class=\"ez-toc-link ez-toc-heading-6\" href=\"https:\/\/www.ignas.com\/it\/blog\/oscar-dei-viaggi\/#Costa_degli_Dei_e_Costa_dei_Cedri\" >Costa degli Dei e Costa dei Cedri<\/a><\/li><li class='ez-toc-page-1 ez-toc-heading-level-3'><a class=\"ez-toc-link ez-toc-heading-7\" href=\"https:\/\/www.ignas.com\/it\/blog\/oscar-dei-viaggi\/#Motivazione_dellOscar_in_ex_aequo\" >Motivazione dell&#8217;Oscar( in ex aequo)<\/a><\/li><\/ul><\/li><li class='ez-toc-page-1 ez-toc-heading-level-2'><a class=\"ez-toc-link ez-toc-heading-8\" href=\"https:\/\/www.ignas.com\/it\/blog\/oscar-dei-viaggi\/#E_in_Puglia_lOscar_va%E2%80%A6\" >E in Puglia l&#8217;Oscar va&#8230;<\/a><ul class='ez-toc-list-level-3' ><li class='ez-toc-heading-level-3'><a class=\"ez-toc-link ez-toc-heading-9\" href=\"https:\/\/www.ignas.com\/it\/blog\/oscar-dei-viaggi\/#Ostuni\" >Ostuni<\/a><\/li><li class='ez-toc-page-1 ez-toc-heading-level-3'><a class=\"ez-toc-link ez-toc-heading-10\" href=\"https:\/\/www.ignas.com\/it\/blog\/oscar-dei-viaggi\/#Motivazione\" >Motivazione<\/a><\/li><\/ul><\/li><li class='ez-toc-page-1 ez-toc-heading-level-2'><a class=\"ez-toc-link ez-toc-heading-11\" href=\"https:\/\/www.ignas.com\/it\/blog\/oscar-dei-viaggi\/#UnIsola_da_Oscar_Sardegna\" >Un&#8217;Isola da Oscar: Sardegna!<\/a><ul class='ez-toc-list-level-3' ><li class='ez-toc-heading-level-3'><a class=\"ez-toc-link ez-toc-heading-12\" href=\"https:\/\/www.ignas.com\/it\/blog\/oscar-dei-viaggi\/#Stintino\" >Stintino<\/a><\/li><li class='ez-toc-page-1 ez-toc-heading-level-3'><a class=\"ez-toc-link ez-toc-heading-13\" href=\"https:\/\/www.ignas.com\/it\/blog\/oscar-dei-viaggi\/#Motivazione-2\" >Motivazione<\/a><\/li><\/ul><\/li><li class='ez-toc-page-1 ez-toc-heading-level-2'><a class=\"ez-toc-link ez-toc-heading-14\" href=\"https:\/\/www.ignas.com\/it\/blog\/oscar-dei-viaggi\/#Le_terme_per_un_Veneto_che_si_tinge_di_Noir\" >Le terme per un Veneto che si tinge di Noir!<\/a><ul class='ez-toc-list-level-3' ><li class='ez-toc-heading-level-3'><a class=\"ez-toc-link ez-toc-heading-15\" href=\"https:\/\/www.ignas.com\/it\/blog\/oscar-dei-viaggi\/#Abano_Terme_e_Montegrotto\" >Abano Terme e Montegrotto<\/a><\/li><li class='ez-toc-page-1 ez-toc-heading-level-3'><a class=\"ez-toc-link ez-toc-heading-16\" href=\"https:\/\/www.ignas.com\/it\/blog\/oscar-dei-viaggi\/#Motivazione-3\" >Motivazione<\/a><\/li><\/ul><\/li><li class='ez-toc-page-1 ez-toc-heading-level-2'><a class=\"ez-toc-link ez-toc-heading-17\" href=\"https:\/\/www.ignas.com\/it\/blog\/oscar-dei-viaggi\/#In_cima_al_Trentino_Alto_Adige_per_conquistare_lOscar\" >In cima al Trentino Alto Adige, per conquistare l&#8217;Oscar!<\/a><ul class='ez-toc-list-level-3' ><li class='ez-toc-heading-level-3'><a class=\"ez-toc-link ez-toc-heading-18\" href=\"https:\/\/www.ignas.com\/it\/blog\/oscar-dei-viaggi\/#Val_di_Fassa_e_Val_Pusteria\" >Val di Fassa e Val Pusteria<\/a><\/li><li class='ez-toc-page-1 ez-toc-heading-level-3'><a class=\"ez-toc-link ez-toc-heading-19\" href=\"https:\/\/www.ignas.com\/it\/blog\/oscar-dei-viaggi\/#Motivazione-4\" >Motivazione<\/a><\/li><\/ul><\/li><\/ul><\/nav><\/div>\n\n<h3><span class=\"ez-toc-section\" id=\"Maremma_Toscana\"><\/span>Maremma Toscana<span class=\"ez-toc-section-end\"><\/span><\/h3>\n<p>Nel cuore del Parco Naturale maremma, si vive un viaggio che permette agli spettatori di godere del verde rigoglioso della natura, che fa cornice al mare che dista pochi passi, da fare obbligatoriamente in infradito e telo sulla spalla. Le location sono caratterizzate da Bungalow o da piccole e deliziose casette in legno, coperte all&#8217;ombra dei pini marini. Colonna sonora la fanno le cicale della pineta e il fruscio leggero degli alberi che accompagneranno l&#8217;andare verso la spiaggia e vivere giornate con il sole in faccia e il mare a portata di tuffo!<\/p>\n<h3><span class=\"ez-toc-section\" id=\"Motivazione_dellOscar\"><\/span>Motivazione dell&#8217;Oscar<span class=\"ez-toc-section-end\"><\/span><\/h3>\n<blockquote><p>Trovarsi su una lingua di sabbia e dall&#8217;alto vedere che sei in una delle 3 falangi di terra che portano dritte a Monte Argentario, un luogo che ti fa riappropriare del rapporto ancestrale con la natura incontaminata.<\/p><\/blockquote>\n<h4><a class=\"button btnBlogCTA\" href=\"https:\/\/www.ignas.com\/it\/offerte-vacanze-maremma-toscana\" target=\"_blank\" rel=\"noopener noreferrer\">Hotel e villaggi nei pressi della Maremma Toscana<\/a><\/h4>\n<h2><span class=\"ez-toc-section\" id=\"In_Calabria_ce_un_ex_aequo_tra%E2%80%A6\"><\/span>In Calabria c&#8217;\u00e8 un ex aequo tra&#8230;<span class=\"ez-toc-section-end\"><\/span><\/h2>\n<p><img loading=\"lazy\" decoding=\"async\" class=\"alignnone size-full wp-image-22157\" src=\"https:\/\/www.ignas.com\/it\/blog\/wp-content\/uploads\/2016\/05\/Tropea-spiagge.jpg\" alt=\"Tropea spiagge\" width=\"960\" height=\"640\" srcset=\"https:\/\/www.ignas.com\/it\/blog\/wp-content\/uploads\/2016\/05\/Tropea-spiagge.jpg 960w, https:\/\/www.ignas.com\/it\/blog\/wp-content\/uploads\/2016\/05\/Tropea-spiagge-300x200.jpg 300w, https:\/\/www.ignas.com\/it\/blog\/wp-content\/uploads\/2016\/05\/Tropea-spiagge-768x512.jpg 768w, https:\/\/www.ignas.com\/it\/blog\/wp-content\/uploads\/2016\/05\/Tropea-spiagge-696x464.jpg 696w, https:\/\/www.ignas.com\/it\/blog\/wp-content\/uploads\/2016\/05\/Tropea-spiagge-630x420.jpg 630w\" sizes=\"auto, (max-width: 960px) 100vw, 960px\" \/><\/p>\n<h2><span class=\"ez-toc-section\" id=\"Sono_2_le_attrici_protagoniste_dellestate_calabrese\"><\/span><strong>Sono 2 le attrici protagoniste dell&#8217;estate calabrese:<\/strong><span class=\"ez-toc-section-end\"><\/span><\/h2>\n<h3><span class=\"ez-toc-section\" id=\"Costa_degli_Dei_e_Costa_dei_Cedri\"><\/span>Costa degli Dei e Costa dei Cedri<span class=\"ez-toc-section-end\"><\/span><\/h3>\n<p>Da una parte tutta la bellezza sinuosa della costa che va parte da Pizzo Calabro, passa da Tropea e finisce sulle sabbia dorata nicoterese.<\/p>\n<p>Dall&#8217;altra la meraviglia della Costa dei Cedri, caratterizzata da Diamante, perla marina da anni luogo ideale per molte famiglie, ma anche l&#8217;iconica spiaggia di San Nicola Arcella, uscita da un romanzo d&#8217;avventura e che rimane un luogo da mille e una notte per gli innamorati di tutto il mondo.<\/p>\n<h3><span class=\"ez-toc-section\" id=\"Motivazione_dellOscar_in_ex_aequo\"><\/span>Motivazione dell&#8217;Oscar( in ex aequo)<span class=\"ez-toc-section-end\"><\/span><\/h3>\n<blockquote><p>Costa degli Dei o Costa dei Cedri? Dove altri hanno visto due antagoniste, a noi \u00e8 parso un unico superbo nastro di terra confinante col mare e che porta alla medesima conclusione: volerci tornare al pi\u00f9 presto!<\/p><\/blockquote>\n<h4><a class=\"button btnBlogCTA\" href=\"https:\/\/www.ignas.com\/it\/offerte-vacanze-costa-degli-dei\" target=\"_blank\" rel=\"noopener noreferrer\">Hotel e Villaggi sulla Costa degli Dei<\/a><\/h4>\n<h2><span class=\"ez-toc-section\" id=\"E_in_Puglia_lOscar_va%E2%80%A6\"><\/span>E in Puglia l&#8217;Oscar va&#8230;<span class=\"ez-toc-section-end\"><\/span><\/h2>\n<p><img loading=\"lazy\" decoding=\"async\" class=\"size-full wp-image-23419\" src=\"https:\/\/www.ignas.com\/it\/blog\/wp-content\/uploads\/2020\/02\/puglia.jpg\" alt=\"\" width=\"780\" height=\"520\" srcset=\"https:\/\/www.ignas.com\/it\/blog\/wp-content\/uploads\/2020\/02\/puglia.jpg 780w, https:\/\/www.ignas.com\/it\/blog\/wp-content\/uploads\/2020\/02\/puglia-300x200.jpg 300w, https:\/\/www.ignas.com\/it\/blog\/wp-content\/uploads\/2020\/02\/puglia-768x512.jpg 768w\" sizes=\"auto, (max-width: 780px) 100vw, 780px\" \/><\/p>\n<h3><span class=\"ez-toc-section\" id=\"Ostuni\"><\/span>Ostuni<span class=\"ez-toc-section-end\"><\/span><\/h3>\n<p>Spiaggia sabbiosa, dorata e fine, mare blu con venature di celeste e scogli che si inabissano. Alle spalle , a pochi km, la citt\u00e0 bianca di Ostuni, luogo ideale per una scena di inseguimento cinematografico fra le bianche e strette vie della citt\u00e0. A stretto giro, la possibilit\u00e0 di raggiungere tutta l&#8217;avventura in stile &#8220;Jumanji&#8221; dello zoo Safari di Fasano. Per cui dopo un po&#8217; di action movie, e un pizzico di avventura all&#8217;indiana Jones, perch\u00e9 non vivere la magia fantasy del magico mondo dei Trulli? In questo fazzoletto di terra tante contaminazioni frutto della natura e delle civilt\u00e0 abbracciate dalla bellezza.<\/p>\n<h3><span class=\"ez-toc-section\" id=\"Motivazione\"><\/span>Motivazione<span class=\"ez-toc-section-end\"><\/span><\/h3>\n<blockquote><p>Ci si trova di fronte all&#8217;infinito moto delle onde del mare, e un attimo prima che un onda s&#8217;infranga sugli scogli, giri le spalle e ti dirigi verso le tante bellezze che questo pezzo di terra conserva.<\/p><\/blockquote>\n<h4><\/h4>\n<h4><a class=\"button btnBlogCTA\" href=\"https:\/\/www.ignas.com\/it\/offerte-vacanze-salento\" target=\"_blank\" rel=\"noopener noreferrer\">Vai in Salento<\/a><\/h4>\n<p>&nbsp;<\/p>\n<h2><span class=\"ez-toc-section\" id=\"UnIsola_da_Oscar_Sardegna\"><\/span>Un&#8217;Isola da Oscar: Sardegna!<span class=\"ez-toc-section-end\"><\/span><\/h2>\n<h3><span class=\"ez-toc-section\" id=\"Stintino\"><\/span>Stintino<span class=\"ez-toc-section-end\"><\/span><\/h3>\n<p>Per fare il pienone di nomination sarebbe bastato dirigersi poco ad est, allo stesso meridiano, dove si trova la costa ispiratrice di tanti romanzi e film, la Costa Smeralda. E invece spostando lo sguardo sulla costa nord occidentale, si viene catapultati in una dimensione che a poco a che fare con la terra e che invece ricorda molto di pi\u00f9 i paesaggi visionari di James Cameron in &#8220;Avatar&#8221;. Rigogliosi alberi che nascono sul ciglio di rocce a strapiombo di un mare cristallino. Spiagge bianche, in cui la sabbia sembra diventare polvere di luna. Un mare celeste al cui orizzonte compare il piccolo promontorio del Parco Nazionale dell&#8217;Asinara. Non vi trovate su un altro pianeta, piuttosto siete atterrati in un mondo tutto da scoprire, quello vicino alla nota spiaggia di Stintino.<\/p>\n<h3 style=\"color: #424242;\"><span class=\"ez-toc-section\" id=\"Motivazione-2\"><\/span>Motivazione<span class=\"ez-toc-section-end\"><\/span><\/h3>\n<blockquote><p>In passato si \u00e8 viaggiato per conquistare terre. Qui si salpa verso un mare blu e si viene conquistati al punto di meditare di non tornare pi\u00f9!<\/p>\n<p>&nbsp;<\/p><\/blockquote>\n<h2><span class=\"ez-toc-section\" id=\"Le_terme_per_un_Veneto_che_si_tinge_di_Noir\"><\/span>Le terme per un Veneto che si tinge di Noir!<span class=\"ez-toc-section-end\"><\/span><\/h2>\n<p><img loading=\"lazy\" decoding=\"async\" class=\"alignnone size-full wp-image-22354\" src=\"https:\/\/www.ignas.com\/it\/blog\/wp-content\/uploads\/2019\/08\/terme_italia.jpg\" alt=\"terme italia\" width=\"700\" height=\"463\" srcset=\"https:\/\/www.ignas.com\/it\/blog\/wp-content\/uploads\/2019\/08\/terme_italia.jpg 700w, https:\/\/www.ignas.com\/it\/blog\/wp-content\/uploads\/2019\/08\/terme_italia-300x198.jpg 300w, https:\/\/www.ignas.com\/it\/blog\/wp-content\/uploads\/2019\/08\/terme_italia-696x460.jpg 696w, https:\/\/www.ignas.com\/it\/blog\/wp-content\/uploads\/2019\/08\/terme_italia-635x420.jpg 635w\" sizes=\"auto, (max-width: 700px) 100vw, 700px\" \/><\/p>\n<h3><span class=\"ez-toc-section\" id=\"Abano_Terme_e_Montegrotto\"><\/span>Abano Terme e Montegrotto<span class=\"ez-toc-section-end\"><\/span><\/h3>\n<p>Sono acque che ritornano in superficie dopo un percorso nel sottosuolo lungo migliaia di anni. I fumi caldi restituiscono all&#8217;intera location un&#8217;area da film Noir, in cui fra una piscina termale e una piccola cascata di acqua calda, la trama fitta di misteri si svela, e i vapori svaniscono lasciando la scena al protagonista: il relax di una meta che fa del lento gorgoglio dell&#8217;idromassaggio la propria colonna sonora. In Veneto, fra Abano Terme e Montegrotto, vi sembrer\u00e0 di vivere dentro un film, ma nella sauna non illudetevi, non ci sar\u00e0 nessuna spia pronta a sedurvi.<\/p>\n<h3><span class=\"ez-toc-section\" id=\"Motivazione-3\"><\/span>Motivazione<span class=\"ez-toc-section-end\"><\/span><\/h3>\n<blockquote><p>Un viaggio nell&#8217;appagamento dei sensi, in cui tutto il potere dell&#8217;acqua si svela in modo sinuoso e catartico.<\/p><\/blockquote>\n<h4><a class=\"button btnBlogCTA\" href=\"https:\/\/www.ignas.com\/it\/offerte-terme-veneto\" target=\"_blank\" rel=\"noopener noreferrer\">Scopri le terme venete<\/a><\/h4>\n<h2><span class=\"ez-toc-section\" id=\"In_cima_al_Trentino_Alto_Adige_per_conquistare_lOscar\"><\/span>In cima al Trentino Alto Adige, per conquistare l&#8217;Oscar!<span class=\"ez-toc-section-end\"><\/span><\/h2>\n<p><img loading=\"lazy\" decoding=\"async\" class=\"alignnone size-full wp-image-22545\" src=\"https:\/\/www.ignas.com\/it\/blog\/wp-content\/uploads\/2019\/09\/sellaronda.jpeg\" alt=\"Monti\" width=\"700\" height=\"466\" srcset=\"https:\/\/www.ignas.com\/it\/blog\/wp-content\/uploads\/2019\/09\/sellaronda.jpeg 700w, https:\/\/www.ignas.com\/it\/blog\/wp-content\/uploads\/2019\/09\/sellaronda-300x200.jpeg 300w\" sizes=\"auto, (max-width: 700px) 100vw, 700px\" \/><\/p>\n<h3><span class=\"ez-toc-section\" id=\"Val_di_Fassa_e_Val_Pusteria\"><\/span>Val di Fassa e Val Pusteria<span class=\"ez-toc-section-end\"><\/span><\/h3>\n<p>Scenari di vette innevate, altopiani da conquistare, percorsi da superare passo dopo passo. Le dolomiti guardate da certe angolazioni danno la netta sensazione di cosa sia essere maestosi e imponenti. Eppure proprio per quella sensazione vertiginosa \u00e8 difficile non farsi prendere dalla voglia di conquistare dei passi, raggiungere quel punto alto lass\u00f9. Ci si sente come dentro un film in cui arrivare alla meta significa arrivare alla salvezza. Allora si cammina e ci si gode ogni respiro freddo fra le rocce innevate.<\/p>\n<h3><span class=\"ez-toc-section\" id=\"Motivazione-4\"><\/span>Motivazione<span class=\"ez-toc-section-end\"><\/span><\/h3>\n<blockquote><p>Luoghi in cui non basta essere viaggiatori, perch\u00e9 dopo decenni un termine riaffiora da vecchi libri di avventure: esploratori!<\/p><\/blockquote>\n<h4><a class=\"button btnBlogCTA\" href=\"https:\/\/www.ignas.com\/it\/offerte-val-di-fassa\" target=\"_blank\" rel=\"noopener noreferrer\">Vai in Val di Fassa<\/a><\/h4>\n<p>&nbsp;<\/p>\n","protected":false},"excerpt":{"rendered":"<p>I viaggi e il cinema hanno molto in comune e a ben vedere in modo diverso permettono di scoprire mondi, culture e storie, arricchendo lo &#8220;spettatore&#8221; di nuovi stimoli e avventure. Proprio in virt\u00f9 di questa similitudine, e della notte degli Oscar appena trascorsa, abbiamo consegnato le statuette alle destinazioni (1 Oscar per regione\/struttura) che [&hellip;]<\/p>\n","protected":false},"author":2,"featured_media":23423,"comment_status":"closed","ping_status":"closed","sticky":false,"template":"","format":"standard","meta":{"_acf_changed":false,"inline_featured_image":false,"_lmt_disableupdate":"no","_lmt_disable":"no","_monsterinsights_skip_tracking":false,"_monsterinsights_sitenote_active":false,"_monsterinsights_sitenote_note":"","_monsterinsights_sitenote_category":0,"footnotes":""},"categories":[7],"tags":[],"class_list":["post-23411","post","type-post","status-publish","format-standard","has-post-thumbnail","hentry","category-curiosita"],"acf":[],"yoast_head":"<!-- This site is optimized with the Yoast SEO plugin v27.5 - https:\/\/yoast.com\/product\/yoast-seo-wordpress\/ -->\n<title>E&#039; tempo di dare gli Oscar...anche ai viaggi! - Ignas Tour<\/title>\n<meta name=\"description\" content=\"I viaggi ed il cinema permettono di scoprire nuove culture e storie. Per questo abbiamo consegnato gli Oscar ai luoghi migliori! Vediamoli!\" \/>\n<meta name=\"robots\" content=\"index, follow, max-snippet:-1, max-image-preview:large, max-video-preview:-1\" \/>\n<link rel=\"canonical\" href=\"https:\/\/www.ignas.com\/it\/blog\/oscar-dei-viaggi\/\" \/>\n<meta property=\"og:locale\" content=\"it_IT\" \/>\n<meta property=\"og:type\" content=\"article\" \/>\n<meta property=\"og:title\" content=\"E&#039; tempo di dare gli Oscar...anche ai viaggi! - Ignas Tour\" \/>\n<meta property=\"og:description\" content=\"I viaggi ed il cinema permettono di scoprire nuove culture e storie. Per questo abbiamo consegnato gli Oscar ai luoghi migliori! Vediamoli!\" \/>\n<meta property=\"og:url\" content=\"https:\/\/www.ignas.com\/it\/blog\/oscar-dei-viaggi\/\" \/>\n<meta property=\"og:site_name\" content=\"Ignas Tour\" \/>\n<meta property=\"article:published_time\" content=\"2020-02-10T16:57:39+00:00\" \/>\n<meta property=\"article:modified_time\" content=\"2024-02-27T09:45:53+00:00\" \/>\n<meta property=\"og:image\" content=\"https:\/\/www.ignas.com\/it\/blog\/wp-content\/uploads\/2020\/02\/front-view-of-group-of-young-diverse-friends-38DRVYM.jpg\" \/>\n\t<meta property=\"og:image:width\" content=\"750\" \/>\n\t<meta property=\"og:image:height\" content=\"500\" \/>\n\t<meta property=\"og:image:type\" content=\"image\/jpeg\" \/>\n<meta name=\"author\" content=\"Fabrizio\" \/>\n<meta name=\"twitter:card\" content=\"summary_large_image\" \/>\n<meta name=\"twitter:label1\" content=\"Scritto da\" \/>\n\t<meta name=\"twitter:data1\" content=\"Fabrizio\" \/>\n\t<meta name=\"twitter:label2\" content=\"Tempo di lettura stimato\" \/>\n\t<meta name=\"twitter:data2\" content=\"5 minuti\" \/>\n<script type=\"application\/ld+json\" class=\"yoast-schema-graph\">{\"@context\":\"https:\\\/\\\/schema.org\",\"@graph\":[{\"@type\":\"Article\",\"@id\":\"https:\\\/\\\/www.ignas.com\\\/it\\\/blog\\\/oscar-dei-viaggi\\\/#article\",\"isPartOf\":{\"@id\":\"https:\\\/\\\/www.ignas.com\\\/it\\\/blog\\\/oscar-dei-viaggi\\\/\"},\"author\":{\"name\":\"Fabrizio\",\"@id\":\"https:\\\/\\\/www.ignas.com\\\/it\\\/blog\\\/#\\\/schema\\\/person\\\/cb41520c07db292cc5a20ce104e28a1d\"},\"headline\":\"E&#8217; tempo di dare gli Oscar&#8230;anche ai viaggi!\",\"datePublished\":\"2020-02-10T16:57:39+00:00\",\"dateModified\":\"2024-02-27T09:45:53+00:00\",\"mainEntityOfPage\":{\"@id\":\"https:\\\/\\\/www.ignas.com\\\/it\\\/blog\\\/oscar-dei-viaggi\\\/\"},\"wordCount\":929,\"publisher\":{\"@id\":\"https:\\\/\\\/www.ignas.com\\\/it\\\/blog\\\/#organization\"},\"image\":{\"@id\":\"https:\\\/\\\/www.ignas.com\\\/it\\\/blog\\\/oscar-dei-viaggi\\\/#primaryimage\"},\"thumbnailUrl\":\"https:\\\/\\\/www.ignas.com\\\/it\\\/blog\\\/wp-content\\\/uploads\\\/2020\\\/02\\\/front-view-of-group-of-young-diverse-friends-38DRVYM.jpg\",\"articleSection\":[\"Curiosit\u00e0\"],\"inLanguage\":\"it-IT\"},{\"@type\":\"WebPage\",\"@id\":\"https:\\\/\\\/www.ignas.com\\\/it\\\/blog\\\/oscar-dei-viaggi\\\/\",\"url\":\"https:\\\/\\\/www.ignas.com\\\/it\\\/blog\\\/oscar-dei-viaggi\\\/\",\"name\":\"E' tempo di dare gli Oscar...anche ai viaggi! - Ignas Tour\",\"isPartOf\":{\"@id\":\"https:\\\/\\\/www.ignas.com\\\/it\\\/blog\\\/#website\"},\"primaryImageOfPage\":{\"@id\":\"https:\\\/\\\/www.ignas.com\\\/it\\\/blog\\\/oscar-dei-viaggi\\\/#primaryimage\"},\"image\":{\"@id\":\"https:\\\/\\\/www.ignas.com\\\/it\\\/blog\\\/oscar-dei-viaggi\\\/#primaryimage\"},\"thumbnailUrl\":\"https:\\\/\\\/www.ignas.com\\\/it\\\/blog\\\/wp-content\\\/uploads\\\/2020\\\/02\\\/front-view-of-group-of-young-diverse-friends-38DRVYM.jpg\",\"datePublished\":\"2020-02-10T16:57:39+00:00\",\"dateModified\":\"2024-02-27T09:45:53+00:00\",\"description\":\"I viaggi ed il cinema permettono di scoprire nuove culture e storie. Per questo abbiamo consegnato gli Oscar ai luoghi migliori! Vediamoli!\",\"breadcrumb\":{\"@id\":\"https:\\\/\\\/www.ignas.com\\\/it\\\/blog\\\/oscar-dei-viaggi\\\/#breadcrumb\"},\"inLanguage\":\"it-IT\",\"potentialAction\":[{\"@type\":\"ReadAction\",\"target\":[\"https:\\\/\\\/www.ignas.com\\\/it\\\/blog\\\/oscar-dei-viaggi\\\/\"]}]},{\"@type\":\"ImageObject\",\"inLanguage\":\"it-IT\",\"@id\":\"https:\\\/\\\/www.ignas.com\\\/it\\\/blog\\\/oscar-dei-viaggi\\\/#primaryimage\",\"url\":\"https:\\\/\\\/www.ignas.com\\\/it\\\/blog\\\/wp-content\\\/uploads\\\/2020\\\/02\\\/front-view-of-group-of-young-diverse-friends-38DRVYM.jpg\",\"contentUrl\":\"https:\\\/\\\/www.ignas.com\\\/it\\\/blog\\\/wp-content\\\/uploads\\\/2020\\\/02\\\/front-view-of-group-of-young-diverse-friends-38DRVYM.jpg\",\"width\":750,\"height\":500},{\"@type\":\"BreadcrumbList\",\"@id\":\"https:\\\/\\\/www.ignas.com\\\/it\\\/blog\\\/oscar-dei-viaggi\\\/#breadcrumb\",\"itemListElement\":[{\"@type\":\"ListItem\",\"position\":1,\"name\":\"Home\",\"item\":\"https:\\\/\\\/www.ignas.com\\\/it\\\/blog\\\/\"},{\"@type\":\"ListItem\",\"position\":2,\"name\":\"E&#8217; tempo di dare gli Oscar&#8230;anche ai viaggi!\"}]},{\"@type\":\"WebSite\",\"@id\":\"https:\\\/\\\/www.ignas.com\\\/it\\\/blog\\\/#website\",\"url\":\"https:\\\/\\\/www.ignas.com\\\/it\\\/blog\\\/\",\"name\":\"Ignas Tour\",\"description\":\"\",\"publisher\":{\"@id\":\"https:\\\/\\\/www.ignas.com\\\/it\\\/blog\\\/#organization\"},\"potentialAction\":[{\"@type\":\"SearchAction\",\"target\":{\"@type\":\"EntryPoint\",\"urlTemplate\":\"https:\\\/\\\/www.ignas.com\\\/it\\\/blog\\\/?s={search_term_string}\"},\"query-input\":{\"@type\":\"PropertyValueSpecification\",\"valueRequired\":true,\"valueName\":\"search_term_string\"}}],\"inLanguage\":\"it-IT\"},{\"@type\":\"Organization\",\"@id\":\"https:\\\/\\\/www.ignas.com\\\/it\\\/blog\\\/#organization\",\"name\":\"Ignas Tour\",\"url\":\"https:\\\/\\\/www.ignas.com\\\/it\\\/blog\\\/\",\"logo\":{\"@type\":\"ImageObject\",\"inLanguage\":\"it-IT\",\"@id\":\"https:\\\/\\\/www.ignas.com\\\/it\\\/blog\\\/#\\\/schema\\\/logo\\\/image\\\/\",\"url\":\"https:\\\/\\\/www.ignas.com\\\/it\\\/blog\\\/wp-content\\\/uploads\\\/2020\\\/01\\\/logo-ignas-com-200.png\",\"contentUrl\":\"https:\\\/\\\/www.ignas.com\\\/it\\\/blog\\\/wp-content\\\/uploads\\\/2020\\\/01\\\/logo-ignas-com-200.png\",\"width\":1147,\"height\":329,\"caption\":\"Ignas Tour\"},\"image\":{\"@id\":\"https:\\\/\\\/www.ignas.com\\\/it\\\/blog\\\/#\\\/schema\\\/logo\\\/image\\\/\"}},{\"@type\":\"Person\",\"@id\":\"https:\\\/\\\/www.ignas.com\\\/it\\\/blog\\\/#\\\/schema\\\/person\\\/cb41520c07db292cc5a20ce104e28a1d\",\"name\":\"Fabrizio\",\"image\":{\"@type\":\"ImageObject\",\"inLanguage\":\"it-IT\",\"@id\":\"https:\\\/\\\/secure.gravatar.com\\\/avatar\\\/e17f60c58ebe3feb555b9028681e30cfd921758bbdd1f8e9816f1d7d08c1bd9f?s=96&d=mm&r=g\",\"url\":\"https:\\\/\\\/secure.gravatar.com\\\/avatar\\\/e17f60c58ebe3feb555b9028681e30cfd921758bbdd1f8e9816f1d7d08c1bd9f?s=96&d=mm&r=g\",\"contentUrl\":\"https:\\\/\\\/secure.gravatar.com\\\/avatar\\\/e17f60c58ebe3feb555b9028681e30cfd921758bbdd1f8e9816f1d7d08c1bd9f?s=96&d=mm&r=g\",\"caption\":\"Fabrizio\"},\"description\":\"Seo Copywriter\"}]}<\/script>\n<!-- \/ Yoast SEO plugin. -->","yoast_head_json":{"title":"E' tempo di dare gli Oscar...anche ai viaggi! - Ignas Tour","description":"I viaggi ed il cinema permettono di scoprire nuove culture e storie. Per questo abbiamo consegnato gli Oscar ai luoghi migliori! Vediamoli!","robots":{"index":"index","follow":"follow","max-snippet":"max-snippet:-1","max-image-preview":"max-image-preview:large","max-video-preview":"max-video-preview:-1"},"canonical":"https:\/\/www.ignas.com\/it\/blog\/oscar-dei-viaggi\/","og_locale":"it_IT","og_type":"article","og_title":"E' tempo di dare gli Oscar...anche ai viaggi! - Ignas Tour","og_description":"I viaggi ed il cinema permettono di scoprire nuove culture e storie. Per questo abbiamo consegnato gli Oscar ai luoghi migliori! Vediamoli!","og_url":"https:\/\/www.ignas.com\/it\/blog\/oscar-dei-viaggi\/","og_site_name":"Ignas Tour","article_published_time":"2020-02-10T16:57:39+00:00","article_modified_time":"2024-02-27T09:45:53+00:00","og_image":[{"width":750,"height":500,"url":"https:\/\/www.ignas.com\/it\/blog\/wp-content\/uploads\/2020\/02\/front-view-of-group-of-young-diverse-friends-38DRVYM.jpg","type":"image\/jpeg"}],"author":"Fabrizio","twitter_card":"summary_large_image","twitter_misc":{"Scritto da":"Fabrizio","Tempo di lettura stimato":"5 minuti"},"schema":{"@context":"https:\/\/schema.org","@graph":[{"@type":"Article","@id":"https:\/\/www.ignas.com\/it\/blog\/oscar-dei-viaggi\/#article","isPartOf":{"@id":"https:\/\/www.ignas.com\/it\/blog\/oscar-dei-viaggi\/"},"author":{"name":"Fabrizio","@id":"https:\/\/www.ignas.com\/it\/blog\/#\/schema\/person\/cb41520c07db292cc5a20ce104e28a1d"},"headline":"E&#8217; tempo di dare gli Oscar&#8230;anche ai viaggi!","datePublished":"2020-02-10T16:57:39+00:00","dateModified":"2024-02-27T09:45:53+00:00","mainEntityOfPage":{"@id":"https:\/\/www.ignas.com\/it\/blog\/oscar-dei-viaggi\/"},"wordCount":929,"publisher":{"@id":"https:\/\/www.ignas.com\/it\/blog\/#organization"},"image":{"@id":"https:\/\/www.ignas.com\/it\/blog\/oscar-dei-viaggi\/#primaryimage"},"thumbnailUrl":"https:\/\/www.ignas.com\/it\/blog\/wp-content\/uploads\/2020\/02\/front-view-of-group-of-young-diverse-friends-38DRVYM.jpg","articleSection":["Curiosit\u00e0"],"inLanguage":"it-IT"},{"@type":"WebPage","@id":"https:\/\/www.ignas.com\/it\/blog\/oscar-dei-viaggi\/","url":"https:\/\/www.ignas.com\/it\/blog\/oscar-dei-viaggi\/","name":"E' tempo di dare gli Oscar...anche ai viaggi! - Ignas Tour","isPartOf":{"@id":"https:\/\/www.ignas.com\/it\/blog\/#website"},"primaryImageOfPage":{"@id":"https:\/\/www.ignas.com\/it\/blog\/oscar-dei-viaggi\/#primaryimage"},"image":{"@id":"https:\/\/www.ignas.com\/it\/blog\/oscar-dei-viaggi\/#primaryimage"},"thumbnailUrl":"https:\/\/www.ignas.com\/it\/blog\/wp-content\/uploads\/2020\/02\/front-view-of-group-of-young-diverse-friends-38DRVYM.jpg","datePublished":"2020-02-10T16:57:39+00:00","dateModified":"2024-02-27T09:45:53+00:00","description":"I viaggi ed il cinema permettono di scoprire nuove culture e storie. Per questo abbiamo consegnato gli Oscar ai luoghi migliori! Vediamoli!","breadcrumb":{"@id":"https:\/\/www.ignas.com\/it\/blog\/oscar-dei-viaggi\/#breadcrumb"},"inLanguage":"it-IT","potentialAction":[{"@type":"ReadAction","target":["https:\/\/www.ignas.com\/it\/blog\/oscar-dei-viaggi\/"]}]},{"@type":"ImageObject","inLanguage":"it-IT","@id":"https:\/\/www.ignas.com\/it\/blog\/oscar-dei-viaggi\/#primaryimage","url":"https:\/\/www.ignas.com\/it\/blog\/wp-content\/uploads\/2020\/02\/front-view-of-group-of-young-diverse-friends-38DRVYM.jpg","contentUrl":"https:\/\/www.ignas.com\/it\/blog\/wp-content\/uploads\/2020\/02\/front-view-of-group-of-young-diverse-friends-38DRVYM.jpg","width":750,"height":500},{"@type":"BreadcrumbList","@id":"https:\/\/www.ignas.com\/it\/blog\/oscar-dei-viaggi\/#breadcrumb","itemListElement":[{"@type":"ListItem","position":1,"name":"Home","item":"https:\/\/www.ignas.com\/it\/blog\/"},{"@type":"ListItem","position":2,"name":"E&#8217; tempo di dare gli Oscar&#8230;anche ai viaggi!"}]},{"@type":"WebSite","@id":"https:\/\/www.ignas.com\/it\/blog\/#website","url":"https:\/\/www.ignas.com\/it\/blog\/","name":"Ignas Tour","description":"","publisher":{"@id":"https:\/\/www.ignas.com\/it\/blog\/#organization"},"potentialAction":[{"@type":"SearchAction","target":{"@type":"EntryPoint","urlTemplate":"https:\/\/www.ignas.com\/it\/blog\/?s={search_term_string}"},"query-input":{"@type":"PropertyValueSpecification","valueRequired":true,"valueName":"search_term_string"}}],"inLanguage":"it-IT"},{"@type":"Organization","@id":"https:\/\/www.ignas.com\/it\/blog\/#organization","name":"Ignas Tour","url":"https:\/\/www.ignas.com\/it\/blog\/","logo":{"@type":"ImageObject","inLanguage":"it-IT","@id":"https:\/\/www.ignas.com\/it\/blog\/#\/schema\/logo\/image\/","url":"https:\/\/www.ignas.com\/it\/blog\/wp-content\/uploads\/2020\/01\/logo-ignas-com-200.png","contentUrl":"https:\/\/www.ignas.com\/it\/blog\/wp-content\/uploads\/2020\/01\/logo-ignas-com-200.png","width":1147,"height":329,"caption":"Ignas Tour"},"image":{"@id":"https:\/\/www.ignas.com\/it\/blog\/#\/schema\/logo\/image\/"}},{"@type":"Person","@id":"https:\/\/www.ignas.com\/it\/blog\/#\/schema\/person\/cb41520c07db292cc5a20ce104e28a1d","name":"Fabrizio","image":{"@type":"ImageObject","inLanguage":"it-IT","@id":"https:\/\/secure.gravatar.com\/avatar\/e17f60c58ebe3feb555b9028681e30cfd921758bbdd1f8e9816f1d7d08c1bd9f?s=96&d=mm&r=g","url":"https:\/\/secure.gravatar.com\/avatar\/e17f60c58ebe3feb555b9028681e30cfd921758bbdd1f8e9816f1d7d08c1bd9f?s=96&d=mm&r=g","contentUrl":"https:\/\/secure.gravatar.com\/avatar\/e17f60c58ebe3feb555b9028681e30cfd921758bbdd1f8e9816f1d7d08c1bd9f?s=96&d=mm&r=g","caption":"Fabrizio"},"description":"Seo Copywriter"}]}},"modified_by":"Team di Ignas Tour","_links":{"self":[{"href":"https:\/\/www.ignas.com\/it\/blog\/wp-json\/wp\/v2\/posts\/23411","targetHints":{"allow":["GET"]}}],"collection":[{"href":"https:\/\/www.ignas.com\/it\/blog\/wp-json\/wp\/v2\/posts"}],"about":[{"href":"https:\/\/www.ignas.com\/it\/blog\/wp-json\/wp\/v2\/types\/post"}],"author":[{"embeddable":true,"href":"https:\/\/www.ignas.com\/it\/blog\/wp-json\/wp\/v2\/users\/2"}],"replies":[{"embeddable":true,"href":"https:\/\/www.ignas.com\/it\/blog\/wp-json\/wp\/v2\/comments?post=23411"}],"version-history":[{"count":17,"href":"https:\/\/www.ignas.com\/it\/blog\/wp-json\/wp\/v2\/posts\/23411\/revisions"}],"predecessor-version":[{"id":27145,"href":"https:\/\/www.ignas.com\/it\/blog\/wp-json\/wp\/v2\/posts\/23411\/revisions\/27145"}],"wp:featuredmedia":[{"embeddable":true,"href":"https:\/\/www.ignas.com\/it\/blog\/wp-json\/wp\/v2\/media\/23423"}],"wp:attachment":[{"href":"https:\/\/www.ignas.com\/it\/blog\/wp-json\/wp\/v2\/media?parent=23411"}],"wp:term":[{"taxonomy":"category","embeddable":true,"href":"https:\/\/www.ignas.com\/it\/blog\/wp-json\/wp\/v2\/categories?post=23411"},{"taxonomy":"post_tag","embeddable":true,"href":"https:\/\/www.ignas.com\/it\/blog\/wp-json\/wp\/v2\/tags?post=23411"}],"curies":[{"name":"wp","href":"https:\/\/api.w.org\/{rel}","templated":true}]}}