{"id":22995,"date":"2023-09-14T12:03:31","date_gmt":"2023-09-14T10:03:31","guid":{"rendered":"https:\/\/new.ignas.com\/it\/blog\/?p=22995"},"modified":"2025-10-31T16:47:17","modified_gmt":"2025-10-31T15:47:17","slug":"mercatini-di-natale-trento","status":"publish","type":"post","link":"https:\/\/www.ignas.com\/it\/blog\/mercatini-di-natale-trento\/","title":{"rendered":"Mercatini di Natale a Trento: I pi\u00f9 belli del 2025\/26"},"content":{"rendered":"<h2><span class=\"ez-toc-section\" id=\"Mercatini_di_Natale_a_Trento_ritorna_la_magia\"><\/span>Mercatini di Natale a Trento: ritorna la magia!<span class=\"ez-toc-section-end\"><\/span><\/h2><div id=\"ez-toc-container\" class=\"ez-toc-v2_0_82_2 counter-hierarchy ez-toc-counter ez-toc-white ez-toc-container-direction\">\n<div class=\"ez-toc-title-container\">\n<p class=\"ez-toc-title\" style=\"cursor:inherit\"><\/p>\n<span class=\"ez-toc-title-toggle\"><a href=\"#\" class=\"ez-toc-pull-right ez-toc-btn ez-toc-btn-xs ez-toc-btn-default ez-toc-toggle\" aria-label=\"Toggle Table of Content\"><span class=\"ez-toc-js-icon-con\"><span class=\"\"><span class=\"eztoc-hide\" style=\"display:none;\">Toggle<\/span><span class=\"ez-toc-icon-toggle-span\"><svg style=\"fill: #999;color:#999\" xmlns=\"http:\/\/www.w3.org\/2000\/svg\" class=\"list-377408\" width=\"20px\" height=\"20px\" viewBox=\"0 0 24 24\" fill=\"none\"><path d=\"M6 6H4v2h2V6zm14 0H8v2h12V6zM4 11h2v2H4v-2zm16 0H8v2h12v-2zM4 16h2v2H4v-2zm16 0H8v2h12v-2z\" fill=\"currentColor\"><\/path><\/svg><svg style=\"fill: #999;color:#999\" class=\"arrow-unsorted-368013\" xmlns=\"http:\/\/www.w3.org\/2000\/svg\" width=\"10px\" height=\"10px\" viewBox=\"0 0 24 24\" version=\"1.2\" baseProfile=\"tiny\"><path d=\"M18.2 9.3l-6.2-6.3-6.2 6.3c-.2.2-.3.4-.3.7s.1.5.3.7c.2.2.4.3.7.3h11c.3 0 .5-.1.7-.3.2-.2.3-.5.3-.7s-.1-.5-.3-.7zM5.8 14.7l6.2 6.3 6.2-6.3c.2-.2.3-.5.3-.7s-.1-.5-.3-.7c-.2-.2-.4-.3-.7-.3h-11c-.3 0-.5.1-.7.3-.2.2-.3.5-.3.7s.1.5.3.7z\"\/><\/svg><\/span><\/span><\/span><\/a><\/span><\/div>\n<nav><ul class='ez-toc-list ez-toc-list-level-1 eztoc-toggle-hide-by-default' ><li class='ez-toc-page-1 ez-toc-heading-level-2'><a class=\"ez-toc-link ez-toc-heading-1\" href=\"https:\/\/www.ignas.com\/it\/blog\/mercatini-di-natale-trento\/#Mercatini_di_Natale_a_Trento_ritorna_la_magia\" >Mercatini di Natale a Trento: ritorna la magia!<\/a><\/li><li class='ez-toc-page-1 ez-toc-heading-level-2'><a class=\"ez-toc-link ez-toc-heading-2\" href=\"https:\/\/www.ignas.com\/it\/blog\/mercatini-di-natale-trento\/#I_Mercatini_di_Trento_il_Natale_e_qui\" >I Mercatini di Trento: il Natale \u00e8 qui!<\/a><\/li><li class='ez-toc-page-1 ez-toc-heading-level-2'><a class=\"ez-toc-link ez-toc-heading-3\" href=\"https:\/\/www.ignas.com\/it\/blog\/mercatini-di-natale-trento\/#Mercatino_di_Natale_a_Bolzano_il_piu_grande_dItalia\" >Mercatino di Natale a Bolzano: il pi\u00f9 grande d&#8217;Italia<\/a><\/li><li class='ez-toc-page-1 ez-toc-heading-level-2'><a class=\"ez-toc-link ez-toc-heading-4\" href=\"https:\/\/www.ignas.com\/it\/blog\/mercatini-di-natale-trento\/#Mercatini_di_Rango_dove_si_respira_ancora_la_vera_tradizione\" >Mercatini di Rango: dove si respira ancora la vera tradizione<\/a><\/li><li class='ez-toc-page-1 ez-toc-heading-level-2'><a class=\"ez-toc-link ez-toc-heading-5\" href=\"https:\/\/www.ignas.com\/it\/blog\/mercatini-di-natale-trento\/#Mercatini_di_Bressanone_cornice_unica_ed_antica\" >Mercatini di Bressanone: cornice unica ed antica<\/a><\/li><li class='ez-toc-page-1 ez-toc-heading-level-2'><a class=\"ez-toc-link ez-toc-heading-6\" href=\"https:\/\/www.ignas.com\/it\/blog\/mercatini-di-natale-trento\/#Mercatini_di_Merano_lungofiume_natalizio\" >Mercatini di Merano: lungofiume natalizio<\/a><\/li><li class='ez-toc-page-1 ez-toc-heading-level-2'><a class=\"ez-toc-link ez-toc-heading-7\" href=\"https:\/\/www.ignas.com\/it\/blog\/mercatini-di-natale-trento\/#Mercatini_di_Brunico_e_Vipiteno_per_completare_il_percorso_di_natale_a_5_stelle\" >Mercatini di Brunico e Vipiteno: per completare il percorso di natale a 5 stelle<\/a><\/li><li class='ez-toc-page-1 ez-toc-heading-level-2'><a class=\"ez-toc-link ez-toc-heading-8\" href=\"https:\/\/www.ignas.com\/it\/blog\/mercatini-di-natale-trento\/#Mercatini_di_Arco\" >Mercatini di Arco<\/a><\/li><li class='ez-toc-page-1 ez-toc-heading-level-2'><a class=\"ez-toc-link ez-toc-heading-9\" href=\"https:\/\/www.ignas.com\/it\/blog\/mercatini-di-natale-trento\/#I_mercatini_natalizi_a_Rovereto\" >I mercatini natalizi a Rovereto<\/a><\/li><li class='ez-toc-page-1 ez-toc-heading-level-2'><a class=\"ez-toc-link ez-toc-heading-10\" href=\"https:\/\/www.ignas.com\/it\/blog\/mercatini-di-natale-trento\/#Mercatini_di_Ala\" >Mercatini di Ala<\/a><\/li><li class='ez-toc-page-1 ez-toc-heading-level-2'><a class=\"ez-toc-link ez-toc-heading-11\" href=\"https:\/\/www.ignas.com\/it\/blog\/mercatini-di-natale-trento\/#Il_tour_dei_mercatini_la_scelta_migliore\" >Il tour dei mercatini: la scelta migliore<\/a><\/li><\/ul><\/nav><\/div>\n\n<p>I Mercatini del 2025\/26 a Trento tornano in tutto il loro splendore magico con le loro casette di legno in stile alpino.<br \/>\nEcco le date di apertura:<\/p>\n<ul>\n<li><strong>Dal 21 novembre 2025 fino al <\/strong><strong>6 gennaio 2026<\/strong><\/li>\n<\/ul>\n<p>Quest&#8217;anno <strong>l&#8217;orario del Mercatino di Natale<\/strong> di Trento sar\u00e0, tutti i giorni, dalle <strong>ore 10:00 alle ore 20:00. Per il polo gastronomico<\/strong>, la parte dei Mercatini che offre da mangiare, gli orari sono un po&#8217; diversi, perch\u00e9 rimarr\u00e0 aperta un po&#8217; di pi\u00f9 il<strong> venerd\u00ec<\/strong> ed il <strong>sabato<\/strong>, facendo <strong>dalle ore 10 alle ore 21.<\/strong><\/p>\n<p>Come sappiamo per\u00f2. In questo periodo di feste, non tutti i giorni sono uguali agli altri, per questo vi segnaliamo anche <strong>gli orari delle aperture straordinarie:<\/strong><\/p>\n<ul>\n<li>Domenica<strong> 7 dicembre<\/strong> e luned\u00ec <strong>5 gennaio<\/strong> la sezione dedicata alle specialit\u00e0 da gustare, mantiene l&#8217;<strong>orario prolungato<\/strong> di venerd\u00ec e sabato, chiudendo <strong>alle ore 21.<\/strong><\/li>\n<li>Il <strong>24<\/strong> ed il <strong>31 dicembre<\/strong> invece, tutto il Mercatino di Natale, chiude un po&#8217; prima:<strong> alle ore 18!<\/strong><\/li>\n<\/ul>\n<p>E probabilmente ve lo starete chiedendo ora, Il <strong>25 dicembre<\/strong>, il giorno di Natale, il Mercatino di Natale di Trento \u00e8 aperto? E la risposta \u00e8 si! Ma solo il <strong>pomeriggio<\/strong>, <strong>dalle ore 15 alle ore 20!<\/strong><\/p>\n<p><img loading=\"lazy\" decoding=\"async\" class=\"alignnone wp-image-28588 size-full\" src=\"https:\/\/www.ignas.com\/it\/blog\/wp-content\/uploads\/2023\/09\/Mercatini-Natale-Trento.png\" alt=\"Mercatini di Natale di Trento, in piazza Fiera. Sulla sinistra in primo piano si notano i decori Natalizi della casetta, mentre sulla destra passeggiano i passanti, con le mura medievali della piazza che fanno da sfondo.\" width=\"800\" height=\"480\" srcset=\"https:\/\/www.ignas.com\/it\/blog\/wp-content\/uploads\/2023\/09\/Mercatini-Natale-Trento.png 800w, https:\/\/www.ignas.com\/it\/blog\/wp-content\/uploads\/2023\/09\/Mercatini-Natale-Trento-300x180.png 300w, https:\/\/www.ignas.com\/it\/blog\/wp-content\/uploads\/2023\/09\/Mercatini-Natale-Trento-768x461.png 768w\" sizes=\"auto, (max-width: 800px) 100vw, 800px\" \/><\/p>\n<p>A questo punto non resta che organizzarsi per vivere tutto lo splendore dei Mercatini di Natale di Trento! In particolare non potete perdervi le tappe pi\u00f9 iconiche, come le casette colme di prodotti di artigianato che popolano la scenica piazza Fiera, cinta dai resti delle mura medievali, che un tempo delimitavano il centro storico della citt\u00e0.<\/p>\n<p>Oppure la bella piazza Mostra, che si affaccia sul Castello del Buonconsiglio, offrendo tra luci e sapori un&#8217;atmosfera da fiaba. Vi consigliamo di girare poi il caratteristico centro storico, animato dalle diverse iniziative che ogni anno animano anche le piazzette pi\u00f9 piccole, come piazza Cesare Battisti e piazza S. Maria Maggiore, che prevedono sempre tra presepi, stand mangerecci e piste di pattinaggio, qualche sorpresa.<\/p>\n<h2><span class=\"ez-toc-section\" id=\"I_Mercatini_di_Trento_il_Natale_e_qui\"><\/span>I Mercatini di Trento: il Natale \u00e8 qui!<span class=\"ez-toc-section-end\"><\/span><\/h2>\n<p><img loading=\"lazy\" decoding=\"async\" class=\"alignnone size-full wp-image-26818\" src=\"https:\/\/www.ignas.com\/it\/blog\/wp-content\/uploads\/2023\/10\/mercatini-di-trento.jpeg\" alt=\"\" width=\"800\" height=\"533\" srcset=\"https:\/\/www.ignas.com\/it\/blog\/wp-content\/uploads\/2023\/10\/mercatini-di-trento.jpeg 800w, https:\/\/www.ignas.com\/it\/blog\/wp-content\/uploads\/2023\/10\/mercatini-di-trento-300x200.jpeg 300w, https:\/\/www.ignas.com\/it\/blog\/wp-content\/uploads\/2023\/10\/mercatini-di-trento-768x512.jpeg 768w\" sizes=\"auto, (max-width: 800px) 100vw, 800px\" \/><\/p>\n<p>Partiamo con un po&#8217; di numeri che fanno capire delle dimensioni di questa magia natalizia:<\/p>\n<p><em>530 mila visitatori, 20 mila pacchetti regalo preparati nelle casette di legno, 10 mila litri di vin brul\u00e8 e quasi 100 casette.<\/em><\/p>\n<p>Un evento quello dei mercatini a Trento che smuove numeri enormi, ma che non bastano a raccontare le atmosfere da fiaba che si respira lungo le vie della citt\u00e0. Come ogni anno l&#8217;ingresso \u00e8 gratuito, basta varcare la soglia delle belle piazze addobbate e percorrere le vie del centro storico, per godersi tutta la magia del Natale!<\/p>\n<p>La citt\u00e0 si prepara ben da prima dell&#8217;inizio dei mercatini di Natale, che vi ricordiamo essere dal 22 novembre al 6 gennaio, illuminando il centro storico con giochi di luce e luminarie natalizie.<br \/>\nQuindi il nostro consiglio \u00e8: godetevi i mercatini durante il giorno e rimanete fino a sera per godervi tutti gli sfavillanti addobbi natalizi che contribuiscono a rendere Trento la citt\u00e0 del Natale!\u00a0 Quest&#8217;anno il polo gastronomico, il venerd\u00ec ed il sabato, rimarr\u00e0 aperto fino alle ore 21! L&#8217;ideale per fermarsi ancora un po&#8217; e cenare assaporando tutto i gusto della cucina del Trentino-Alto Adige.<\/p>\n<p>Inoltre, vi consigliamo, a livello logistico, di prendere un albergo che vi consenta di esplorare anche i dintorni. Trento \u00e8 di sicuro una gemma della zona, ricca di spirito natalizio, ma la magia delle feste anima anche altre caratteristiche citt\u00e0 e deliziosi borghi, che dovete assolutamente visitare!<\/p>\n<p>Infatti i mercatini di Natale non si fermano a Trento, per questo abbiamo raccolto per voi un po&#8217; di curiosit\u00e0 su tutti i mercatini targati Trentino alto Adige! Continuate a leggere per scoprire quelli pi\u00f9 interessanti della zona: dai pi\u00f9 famosi alle perle meno conosciute.<\/p>\n<h2><span class=\"ez-toc-section\" id=\"Mercatino_di_Natale_a_Bolzano_il_piu_grande_dItalia\"><\/span>Mercatino di Natale a Bolzano: il pi\u00f9 grande d&#8217;Italia<span class=\"ez-toc-section-end\"><\/span><\/h2>\n<p>Proseguiamo quindi con un altro grande appuntamento: quello dei mercatini di Natale di Bolzano (ad appena 40 minuti da Trento)!<\/p>\n<p>Anche qui, in Piazza Walther, le casette in legno saranno protagoniste di prodotti del luogo che spaziano dalla gastronomia, all&#8217;artigianato tipico del territorio. Per i pi\u00f9 piccoli sar\u00e0 imperdibile un giro sul pony nell&#8217;area apposita di Piazza della Mostra.<\/p>\n<p>A fine novembre invece si terr\u00e0 &#8220;La lunga notte dei musei&#8221; la protagonista indiscussa, che consentir\u00e0 l&#8217;ingresso notturno nei musei della citt\u00e0. Per chi ama godersi la citt\u00e0 ma poi tornare in albergo lasciandosi alle spalle i<span style=\"color: #000000;\">l caos, consigliamo il Das Alte Rathaus, a pochi km da Bolzano.<\/span><\/p>\n<p>Per chi fosse interessato ai numeri,<strong> quello di Bolzano \u00e8 considerato nel percorso dei mercatini a 5 stelle. Quali sono gli altri 4? Ne parleremo poco pi\u00f9 avanti.<\/strong><\/p>\n<p><img loading=\"lazy\" decoding=\"async\" class=\"alignnone size-full wp-image-24416\" src=\"https:\/\/www.ignas.com\/it\/blog\/wp-content\/uploads\/2021\/10\/mercatini-di-Rango.jpg\" alt=\"\" width=\"728\" height=\"404\" srcset=\"https:\/\/www.ignas.com\/it\/blog\/wp-content\/uploads\/2021\/10\/mercatini-di-Rango.jpg 728w, https:\/\/www.ignas.com\/it\/blog\/wp-content\/uploads\/2021\/10\/mercatini-di-Rango-300x166.jpg 300w\" sizes=\"auto, (max-width: 728px) 100vw, 728px\" \/><\/p>\n<h2><span class=\"ez-toc-section\" id=\"Mercatini_di_Rango_dove_si_respira_ancora_la_vera_tradizione\"><\/span>Mercatini di Rango: dove si respira ancora la vera tradizione<span class=\"ez-toc-section-end\"><\/span><\/h2>\n<p>Un capitolo a parte merita la visita ai mercatini di Rango. Qui si respira ancora l&#8217;aria degli antichi mercatini di natale. Di fatti dimenticate le casette in legno e immergetevi nella realt\u00e0 contadino del borgo, che aprir\u00e0 le sue case antiche ai visitatori, facendo ambientare i mercatini nel cuore classico e originale del luogo. Entrare nelle <strong>casette, vecchie cantine, stalle, soffitte, sar\u00e0 una vera magia esplorativa.<\/strong><\/p>\n<p>Aggiungete a questo l&#8217;autenticit\u00e0 dell&#8217;artigianato espresso dalle sapienti mani di chi ancora lavora il legno, i tessuti o le tele, con antiche tecniche sempre attuali. Sar\u00e0 impossibile resistere all&#8217;idea di portare a casa una delle creazioni uniche, magari facendo un regalo ai propri cari.<\/p>\n<h2><span class=\"ez-toc-section\" id=\"Mercatini_di_Bressanone_cornice_unica_ed_antica\"><\/span>Mercatini di Bressanone: cornice unica ed antica<span class=\"ez-toc-section-end\"><\/span><\/h2>\n<p><img loading=\"lazy\" decoding=\"async\" class=\"alignnone size-full wp-image-25510\" src=\"https:\/\/www.ignas.com\/it\/blog\/wp-content\/uploads\/2021\/10\/mercatini-bressanone.jpeg\" alt=\"mercatini a Bressanone\" width=\"1000\" height=\"625\" srcset=\"https:\/\/www.ignas.com\/it\/blog\/wp-content\/uploads\/2021\/10\/mercatini-bressanone.jpeg 1000w, https:\/\/www.ignas.com\/it\/blog\/wp-content\/uploads\/2021\/10\/mercatini-bressanone-300x188.jpeg 300w, https:\/\/www.ignas.com\/it\/blog\/wp-content\/uploads\/2021\/10\/mercatini-bressanone-768x480.jpeg 768w, https:\/\/www.ignas.com\/it\/blog\/wp-content\/uploads\/2021\/10\/mercatini-bressanone-320x200.jpeg 320w\" sizes=\"auto, (max-width: 1000px) 100vw, 1000px\" \/><\/p>\n<p>Situato nel cuore della cittadina, pi\u00f9 precisamente in Piazza Duomo, questo mercatino oltre ad essere ricco di prodotti a Km 0 e frutto delle maestrie degli artigiani, si caratterizza per le numerose attivit\u00e0 di svago che si mettono a disposizione per i visitatori: piste di pattinaggio, giri in carrozza per le vie della citt\u00e0, giostre per bambini, visite guidate e mostre organizzate ad hoc. Anche per questo \u00e8 inserito nel <strong>percorso natalizio a 5 stelle.<\/strong><\/p>\n<h2><span class=\"ez-toc-section\" id=\"Mercatini_di_Merano_lungofiume_natalizio\"><\/span>Mercatini di Merano: lungofiume natalizio<span class=\"ez-toc-section-end\"><\/span><\/h2>\n<p>Ci\u00f2 che caratterizza questo mercatino (anche questo nel percorso a 5 stelle) \u00e8 il fatto che \u00e8 situato lunga la <strong>sponda del fiume Passirio<\/strong>. Quello che il visitatore si trover\u00e0 a vivere dunque tutta la magia del natale e dei prodotti (enogastronomici ma anche di manifattura) in una cornice suggestiva. Sar\u00e0 poi sublime poter tornare in albergo e usufruire delle numerose soluzioni benessere.<\/p>\n<p>Sar\u00e0 infatti utile ricordare come Merano sia nota per le sue terme, che ogni anno sono meta di migliaia di ospiti. E dopo un bel giro in pieno clima natalizio all&#8217;interno dei mercatini, potrete godervi le Terme di Merano, una struttura con tutti i confort e dal design raffinata.<\/p>\n<p><img loading=\"lazy\" decoding=\"async\" class=\"alignnone size-full wp-image-24417\" src=\"https:\/\/www.ignas.com\/it\/blog\/wp-content\/uploads\/2021\/10\/mercatini-di-Merano.jpg\" alt=\"\" width=\"728\" height=\"404\" srcset=\"https:\/\/www.ignas.com\/it\/blog\/wp-content\/uploads\/2021\/10\/mercatini-di-Merano.jpg 728w, https:\/\/www.ignas.com\/it\/blog\/wp-content\/uploads\/2021\/10\/mercatini-di-Merano-300x166.jpg 300w\" sizes=\"auto, (max-width: 728px) 100vw, 728px\" \/><\/p>\n<h2><span class=\"ez-toc-section\" id=\"Mercatini_di_Brunico_e_Vipiteno_per_completare_il_percorso_di_natale_a_5_stelle\"><\/span>Mercatini di Brunico e Vipiteno: per completare il percorso di natale a 5 stelle<span class=\"ez-toc-section-end\"><\/span><\/h2>\n<p>A completare il percorso 5 stelle dei mercatini non possono mancare queste due localit\u00e0. Brunico con le sue bancarelle ricche di <strong>prelibatezze<\/strong> come lo <strong>Zelten<\/strong>, tipico dolce a base di frutta secca, ma anche il tradizionale Gluhwein, impossibile non prenderlo accompagnati da un caldo vin brul\u00e8. A chiudere il cerchio dei 5, c&#8217;\u00e8 Vipiteno. Un piccolo gioiello natalizio. Se non bastassero le <strong>oltre 40 bancarelle con prodotti manifatturieri<\/strong> di alta qualit\u00e0, ci penser\u00e0 la tradizionale Mostra dei Presepi, a catturarvi e immergervi in un clima natalizio imperdibile.<\/p>\n<h2><span class=\"ez-toc-section\" id=\"Mercatini_di_Arco\"><\/span>Mercatini di Arco<span class=\"ez-toc-section-end\"><\/span><\/h2>\n<p><img loading=\"lazy\" decoding=\"async\" class=\"alignnone size-full wp-image-25509\" src=\"https:\/\/www.ignas.com\/it\/blog\/wp-content\/uploads\/2021\/10\/mercatini-arco.jpeg\" alt=\"mercatini di Arco, bancarelle\" width=\"1000\" height=\"625\" srcset=\"https:\/\/www.ignas.com\/it\/blog\/wp-content\/uploads\/2021\/10\/mercatini-arco.jpeg 1000w, https:\/\/www.ignas.com\/it\/blog\/wp-content\/uploads\/2021\/10\/mercatini-arco-300x188.jpeg 300w, https:\/\/www.ignas.com\/it\/blog\/wp-content\/uploads\/2021\/10\/mercatini-arco-768x480.jpeg 768w, https:\/\/www.ignas.com\/it\/blog\/wp-content\/uploads\/2021\/10\/mercatini-arco-320x200.jpeg 320w\" sizes=\"auto, (max-width: 1000px) 100vw, 1000px\" \/><\/p>\n<p>40 bancarelle lungo le vie di Arco, piccolo borgo trentino, pieno di addobbi vin brul\u00e8 e prodotti artigianali. Ma ad Arco i mercatini di Natale sono anche lo scenario in cui si compie la magia di <strong>spettacoli dal vivo<\/strong>: artisti di strada, fuochi d&#8217;artificio, un trenino di Natale e spettacoli di fuoco. Per cui non solo bancarelle!<\/p>\n<h2><span class=\"ez-toc-section\" id=\"I_mercatini_natalizi_a_Rovereto\"><\/span>I mercatini natalizi a Rovereto<span class=\"ez-toc-section-end\"><\/span><\/h2>\n<p><strong>50 chalet dislocati fra la piazza Damiano Chiesa e il Corso Rosmini.<\/strong> In realt\u00e0 il calendario prevede anche la nota Via dei Bambini con laboratori a loro dedicati, e l&#8217;esposizione di numerose opere d&#8217;arte di pittori locali. In effetti quella di Rovereto \u00e8 conosciuta come la magia natalizia pi\u00f9 multiculturale, in quanto, riesce a far incontrare esperienze artistico e culturali diverse fra loro.<\/p>\n<h2><span class=\"ez-toc-section\" id=\"Mercatini_di_Ala\"><\/span>Mercatini di Ala<span class=\"ez-toc-section-end\"><\/span><\/h2>\n<p>Ad Ala la magia natalizia dei mercatini passa dai Palazzi del centro storico, nei loro androni, o giardini, o addirittura all&#8217;interno delle antiche stanze, sono addobbate le bancherelle, in uno scenario filmico di grande impatto. Fra le cose da segnalare, certamente vi sono le mostre fotografiche dislocate in vari palazzi, ma anche l&#8217;esposizione di opere in tessuto del 1700. Il tema dei tessuti \u00e8 centrale in questa cittadina in quanto \u00e8 stata da sempre la<strong> culla lavorazioni della seta e abiti fini ed eleganti.<\/strong><\/p>\n<h2><span class=\"ez-toc-section\" id=\"Il_tour_dei_mercatini_la_scelta_migliore\"><\/span>Il tour dei mercatini: la scelta migliore<span class=\"ez-toc-section-end\"><\/span><\/h2>\n<p>Come abbiamo visto dunque i mercatini di natale a Trento possono essere un&#8217;ottima occasione per vivere non solo l&#8217;evento nella citt\u00e0 capoluogo, ma anche e soprattutto per fare un vero e proprio tour dei mercatini. In questa breve lista abbiamo dovuto necessariamente escluderne molti altri altrettanto unici e magici, ma partendo da questi sicuramente potrete poi aggiungere tappe alternative che faranno del vostro natale un viaggio nella tradizione e nella scoperta di costumi antichi.<\/p>\n<h6><strong>Scopri le nostre offerte per soggiornare in Hotel vicino ai Mercatini di Natale<\/strong><\/h6>\n","protected":false},"excerpt":{"rendered":"<p>Mercatini di Natale a Trento: ritorna la magia! I Mercatini del 2025\/26 a Trento tornano in tutto il loro splendore magico con le loro casette di legno in stile alpino. Ecco le date di apertura: Dal 21 novembre 2025 fino al 6 gennaio 2026 Quest&#8217;anno l&#8217;orario del Mercatino di Natale di Trento sar\u00e0, tutti i [&hellip;]<\/p>\n","protected":false},"author":2,"featured_media":26819,"comment_status":"open","ping_status":"open","sticky":false,"template":"","format":"standard","meta":{"_acf_changed":false,"inline_featured_image":false,"_lmt_disableupdate":"no","_lmt_disable":"no","_monsterinsights_skip_tracking":false,"_monsterinsights_sitenote_active":false,"_monsterinsights_sitenote_note":"","_monsterinsights_sitenote_category":0,"footnotes":""},"categories":[7],"tags":[],"class_list":["post-22995","post","type-post","status-publish","format-standard","has-post-thumbnail","hentry","category-curiosita"],"acf":[],"yoast_head":"<!-- This site is optimized with the Yoast SEO plugin v27.5 - https:\/\/yoast.com\/product\/yoast-seo-wordpress\/ -->\n<title>Mercatini di Natale a Trento: I pi\u00f9 belli del 2025\/26 - Ignas Tour<\/title>\n<meta name=\"description\" content=\"Addobbi, luci di feste, casette in legno, vin brul\u00e8 e regali. Siete gi\u00e0 entrati in clima natalizio!\" \/>\n<meta name=\"robots\" content=\"index, follow, max-snippet:-1, max-image-preview:large, max-video-preview:-1\" \/>\n<link rel=\"canonical\" href=\"https:\/\/www.ignas.com\/it\/blog\/mercatini-di-natale-trento\/\" \/>\n<meta property=\"og:locale\" content=\"it_IT\" \/>\n<meta property=\"og:type\" content=\"article\" \/>\n<meta property=\"og:title\" content=\"Mercatini di Natale a Trento: I pi\u00f9 belli del 2025\/26 - Ignas Tour\" \/>\n<meta property=\"og:description\" content=\"Addobbi, luci di feste, casette in legno, vin brul\u00e8 e regali. Siete gi\u00e0 entrati in clima natalizio!\" \/>\n<meta property=\"og:url\" content=\"https:\/\/www.ignas.com\/it\/blog\/mercatini-di-natale-trento\/\" \/>\n<meta property=\"og:site_name\" content=\"Ignas Tour\" \/>\n<meta property=\"article:published_time\" content=\"2023-09-14T10:03:31+00:00\" \/>\n<meta property=\"article:modified_time\" content=\"2025-10-31T15:47:17+00:00\" \/>\n<meta property=\"og:image\" content=\"https:\/\/www.ignas.com\/it\/blog\/wp-content\/uploads\/2023\/10\/mercatini-di-natale-trento.jpeg\" \/>\n\t<meta property=\"og:image:width\" content=\"1000\" \/>\n\t<meta property=\"og:image:height\" content=\"488\" \/>\n\t<meta property=\"og:image:type\" content=\"image\/jpeg\" \/>\n<meta name=\"author\" content=\"Fabrizio\" \/>\n<meta name=\"twitter:card\" content=\"summary_large_image\" \/>\n<meta name=\"twitter:label1\" content=\"Scritto da\" \/>\n\t<meta name=\"twitter:data1\" content=\"Fabrizio\" \/>\n\t<meta name=\"twitter:label2\" content=\"Tempo di lettura stimato\" \/>\n\t<meta name=\"twitter:data2\" content=\"10 minuti\" \/>\n<script type=\"application\/ld+json\" class=\"yoast-schema-graph\">{\"@context\":\"https:\\\/\\\/schema.org\",\"@graph\":[{\"@type\":\"Article\",\"@id\":\"https:\\\/\\\/www.ignas.com\\\/it\\\/blog\\\/mercatini-di-natale-trento\\\/#article\",\"isPartOf\":{\"@id\":\"https:\\\/\\\/www.ignas.com\\\/it\\\/blog\\\/mercatini-di-natale-trento\\\/\"},\"author\":{\"name\":\"Fabrizio\",\"@id\":\"https:\\\/\\\/www.ignas.com\\\/it\\\/blog\\\/#\\\/schema\\\/person\\\/cb41520c07db292cc5a20ce104e28a1d\"},\"headline\":\"Mercatini di Natale a Trento: I pi\u00f9 belli del 2025\\\/26\",\"datePublished\":\"2023-09-14T10:03:31+00:00\",\"dateModified\":\"2025-10-31T15:47:17+00:00\",\"mainEntityOfPage\":{\"@id\":\"https:\\\/\\\/www.ignas.com\\\/it\\\/blog\\\/mercatini-di-natale-trento\\\/\"},\"wordCount\":1448,\"commentCount\":0,\"publisher\":{\"@id\":\"https:\\\/\\\/www.ignas.com\\\/it\\\/blog\\\/#organization\"},\"image\":{\"@id\":\"https:\\\/\\\/www.ignas.com\\\/it\\\/blog\\\/mercatini-di-natale-trento\\\/#primaryimage\"},\"thumbnailUrl\":\"https:\\\/\\\/www.ignas.com\\\/it\\\/blog\\\/wp-content\\\/uploads\\\/2023\\\/10\\\/mercatini-di-natale-trento.jpeg\",\"articleSection\":[\"Curiosit\u00e0\"],\"inLanguage\":\"it-IT\",\"potentialAction\":[{\"@type\":\"CommentAction\",\"name\":\"Comment\",\"target\":[\"https:\\\/\\\/www.ignas.com\\\/it\\\/blog\\\/mercatini-di-natale-trento\\\/#respond\"]}]},{\"@type\":\"WebPage\",\"@id\":\"https:\\\/\\\/www.ignas.com\\\/it\\\/blog\\\/mercatini-di-natale-trento\\\/\",\"url\":\"https:\\\/\\\/www.ignas.com\\\/it\\\/blog\\\/mercatini-di-natale-trento\\\/\",\"name\":\"Mercatini di Natale a Trento: I pi\u00f9 belli del 2025\\\/26 - Ignas Tour\",\"isPartOf\":{\"@id\":\"https:\\\/\\\/www.ignas.com\\\/it\\\/blog\\\/#website\"},\"primaryImageOfPage\":{\"@id\":\"https:\\\/\\\/www.ignas.com\\\/it\\\/blog\\\/mercatini-di-natale-trento\\\/#primaryimage\"},\"image\":{\"@id\":\"https:\\\/\\\/www.ignas.com\\\/it\\\/blog\\\/mercatini-di-natale-trento\\\/#primaryimage\"},\"thumbnailUrl\":\"https:\\\/\\\/www.ignas.com\\\/it\\\/blog\\\/wp-content\\\/uploads\\\/2023\\\/10\\\/mercatini-di-natale-trento.jpeg\",\"datePublished\":\"2023-09-14T10:03:31+00:00\",\"dateModified\":\"2025-10-31T15:47:17+00:00\",\"description\":\"Addobbi, luci di feste, casette in legno, vin brul\u00e8 e regali. Siete gi\u00e0 entrati in clima natalizio!\",\"breadcrumb\":{\"@id\":\"https:\\\/\\\/www.ignas.com\\\/it\\\/blog\\\/mercatini-di-natale-trento\\\/#breadcrumb\"},\"inLanguage\":\"it-IT\",\"potentialAction\":[{\"@type\":\"ReadAction\",\"target\":[\"https:\\\/\\\/www.ignas.com\\\/it\\\/blog\\\/mercatini-di-natale-trento\\\/\"]}]},{\"@type\":\"ImageObject\",\"inLanguage\":\"it-IT\",\"@id\":\"https:\\\/\\\/www.ignas.com\\\/it\\\/blog\\\/mercatini-di-natale-trento\\\/#primaryimage\",\"url\":\"https:\\\/\\\/www.ignas.com\\\/it\\\/blog\\\/wp-content\\\/uploads\\\/2023\\\/10\\\/mercatini-di-natale-trento.jpeg\",\"contentUrl\":\"https:\\\/\\\/www.ignas.com\\\/it\\\/blog\\\/wp-content\\\/uploads\\\/2023\\\/10\\\/mercatini-di-natale-trento.jpeg\",\"width\":1000,\"height\":488,\"caption\":\"mercatini di natale trento\"},{\"@type\":\"BreadcrumbList\",\"@id\":\"https:\\\/\\\/www.ignas.com\\\/it\\\/blog\\\/mercatini-di-natale-trento\\\/#breadcrumb\",\"itemListElement\":[{\"@type\":\"ListItem\",\"position\":1,\"name\":\"Home\",\"item\":\"https:\\\/\\\/www.ignas.com\\\/it\\\/blog\\\/\"},{\"@type\":\"ListItem\",\"position\":2,\"name\":\"Mercatini di Natale a Trento: I pi\u00f9 belli del 2025\\\/26\"}]},{\"@type\":\"WebSite\",\"@id\":\"https:\\\/\\\/www.ignas.com\\\/it\\\/blog\\\/#website\",\"url\":\"https:\\\/\\\/www.ignas.com\\\/it\\\/blog\\\/\",\"name\":\"Ignas Tour\",\"description\":\"\",\"publisher\":{\"@id\":\"https:\\\/\\\/www.ignas.com\\\/it\\\/blog\\\/#organization\"},\"potentialAction\":[{\"@type\":\"SearchAction\",\"target\":{\"@type\":\"EntryPoint\",\"urlTemplate\":\"https:\\\/\\\/www.ignas.com\\\/it\\\/blog\\\/?s={search_term_string}\"},\"query-input\":{\"@type\":\"PropertyValueSpecification\",\"valueRequired\":true,\"valueName\":\"search_term_string\"}}],\"inLanguage\":\"it-IT\"},{\"@type\":\"Organization\",\"@id\":\"https:\\\/\\\/www.ignas.com\\\/it\\\/blog\\\/#organization\",\"name\":\"Ignas Tour\",\"url\":\"https:\\\/\\\/www.ignas.com\\\/it\\\/blog\\\/\",\"logo\":{\"@type\":\"ImageObject\",\"inLanguage\":\"it-IT\",\"@id\":\"https:\\\/\\\/www.ignas.com\\\/it\\\/blog\\\/#\\\/schema\\\/logo\\\/image\\\/\",\"url\":\"https:\\\/\\\/www.ignas.com\\\/it\\\/blog\\\/wp-content\\\/uploads\\\/2020\\\/01\\\/logo-ignas-com-200.png\",\"contentUrl\":\"https:\\\/\\\/www.ignas.com\\\/it\\\/blog\\\/wp-content\\\/uploads\\\/2020\\\/01\\\/logo-ignas-com-200.png\",\"width\":1147,\"height\":329,\"caption\":\"Ignas Tour\"},\"image\":{\"@id\":\"https:\\\/\\\/www.ignas.com\\\/it\\\/blog\\\/#\\\/schema\\\/logo\\\/image\\\/\"}},{\"@type\":\"Person\",\"@id\":\"https:\\\/\\\/www.ignas.com\\\/it\\\/blog\\\/#\\\/schema\\\/person\\\/cb41520c07db292cc5a20ce104e28a1d\",\"name\":\"Fabrizio\",\"image\":{\"@type\":\"ImageObject\",\"inLanguage\":\"it-IT\",\"@id\":\"https:\\\/\\\/secure.gravatar.com\\\/avatar\\\/e17f60c58ebe3feb555b9028681e30cfd921758bbdd1f8e9816f1d7d08c1bd9f?s=96&d=mm&r=g\",\"url\":\"https:\\\/\\\/secure.gravatar.com\\\/avatar\\\/e17f60c58ebe3feb555b9028681e30cfd921758bbdd1f8e9816f1d7d08c1bd9f?s=96&d=mm&r=g\",\"contentUrl\":\"https:\\\/\\\/secure.gravatar.com\\\/avatar\\\/e17f60c58ebe3feb555b9028681e30cfd921758bbdd1f8e9816f1d7d08c1bd9f?s=96&d=mm&r=g\",\"caption\":\"Fabrizio\"},\"description\":\"Seo Copywriter\"}]}<\/script>\n<!-- \/ Yoast SEO plugin. -->","yoast_head_json":{"title":"Mercatini di Natale a Trento: I pi\u00f9 belli del 2025\/26 - Ignas Tour","description":"Addobbi, luci di feste, casette in legno, vin brul\u00e8 e regali. Siete gi\u00e0 entrati in clima natalizio!","robots":{"index":"index","follow":"follow","max-snippet":"max-snippet:-1","max-image-preview":"max-image-preview:large","max-video-preview":"max-video-preview:-1"},"canonical":"https:\/\/www.ignas.com\/it\/blog\/mercatini-di-natale-trento\/","og_locale":"it_IT","og_type":"article","og_title":"Mercatini di Natale a Trento: I pi\u00f9 belli del 2025\/26 - Ignas Tour","og_description":"Addobbi, luci di feste, casette in legno, vin brul\u00e8 e regali. Siete gi\u00e0 entrati in clima natalizio!","og_url":"https:\/\/www.ignas.com\/it\/blog\/mercatini-di-natale-trento\/","og_site_name":"Ignas Tour","article_published_time":"2023-09-14T10:03:31+00:00","article_modified_time":"2025-10-31T15:47:17+00:00","og_image":[{"width":1000,"height":488,"url":"https:\/\/www.ignas.com\/it\/blog\/wp-content\/uploads\/2023\/10\/mercatini-di-natale-trento.jpeg","type":"image\/jpeg"}],"author":"Fabrizio","twitter_card":"summary_large_image","twitter_misc":{"Scritto da":"Fabrizio","Tempo di lettura stimato":"10 minuti"},"schema":{"@context":"https:\/\/schema.org","@graph":[{"@type":"Article","@id":"https:\/\/www.ignas.com\/it\/blog\/mercatini-di-natale-trento\/#article","isPartOf":{"@id":"https:\/\/www.ignas.com\/it\/blog\/mercatini-di-natale-trento\/"},"author":{"name":"Fabrizio","@id":"https:\/\/www.ignas.com\/it\/blog\/#\/schema\/person\/cb41520c07db292cc5a20ce104e28a1d"},"headline":"Mercatini di Natale a Trento: I pi\u00f9 belli del 2025\/26","datePublished":"2023-09-14T10:03:31+00:00","dateModified":"2025-10-31T15:47:17+00:00","mainEntityOfPage":{"@id":"https:\/\/www.ignas.com\/it\/blog\/mercatini-di-natale-trento\/"},"wordCount":1448,"commentCount":0,"publisher":{"@id":"https:\/\/www.ignas.com\/it\/blog\/#organization"},"image":{"@id":"https:\/\/www.ignas.com\/it\/blog\/mercatini-di-natale-trento\/#primaryimage"},"thumbnailUrl":"https:\/\/www.ignas.com\/it\/blog\/wp-content\/uploads\/2023\/10\/mercatini-di-natale-trento.jpeg","articleSection":["Curiosit\u00e0"],"inLanguage":"it-IT","potentialAction":[{"@type":"CommentAction","name":"Comment","target":["https:\/\/www.ignas.com\/it\/blog\/mercatini-di-natale-trento\/#respond"]}]},{"@type":"WebPage","@id":"https:\/\/www.ignas.com\/it\/blog\/mercatini-di-natale-trento\/","url":"https:\/\/www.ignas.com\/it\/blog\/mercatini-di-natale-trento\/","name":"Mercatini di Natale a Trento: I pi\u00f9 belli del 2025\/26 - Ignas Tour","isPartOf":{"@id":"https:\/\/www.ignas.com\/it\/blog\/#website"},"primaryImageOfPage":{"@id":"https:\/\/www.ignas.com\/it\/blog\/mercatini-di-natale-trento\/#primaryimage"},"image":{"@id":"https:\/\/www.ignas.com\/it\/blog\/mercatini-di-natale-trento\/#primaryimage"},"thumbnailUrl":"https:\/\/www.ignas.com\/it\/blog\/wp-content\/uploads\/2023\/10\/mercatini-di-natale-trento.jpeg","datePublished":"2023-09-14T10:03:31+00:00","dateModified":"2025-10-31T15:47:17+00:00","description":"Addobbi, luci di feste, casette in legno, vin brul\u00e8 e regali. Siete gi\u00e0 entrati in clima natalizio!","breadcrumb":{"@id":"https:\/\/www.ignas.com\/it\/blog\/mercatini-di-natale-trento\/#breadcrumb"},"inLanguage":"it-IT","potentialAction":[{"@type":"ReadAction","target":["https:\/\/www.ignas.com\/it\/blog\/mercatini-di-natale-trento\/"]}]},{"@type":"ImageObject","inLanguage":"it-IT","@id":"https:\/\/www.ignas.com\/it\/blog\/mercatini-di-natale-trento\/#primaryimage","url":"https:\/\/www.ignas.com\/it\/blog\/wp-content\/uploads\/2023\/10\/mercatini-di-natale-trento.jpeg","contentUrl":"https:\/\/www.ignas.com\/it\/blog\/wp-content\/uploads\/2023\/10\/mercatini-di-natale-trento.jpeg","width":1000,"height":488,"caption":"mercatini di natale trento"},{"@type":"BreadcrumbList","@id":"https:\/\/www.ignas.com\/it\/blog\/mercatini-di-natale-trento\/#breadcrumb","itemListElement":[{"@type":"ListItem","position":1,"name":"Home","item":"https:\/\/www.ignas.com\/it\/blog\/"},{"@type":"ListItem","position":2,"name":"Mercatini di Natale a Trento: I pi\u00f9 belli del 2025\/26"}]},{"@type":"WebSite","@id":"https:\/\/www.ignas.com\/it\/blog\/#website","url":"https:\/\/www.ignas.com\/it\/blog\/","name":"Ignas Tour","description":"","publisher":{"@id":"https:\/\/www.ignas.com\/it\/blog\/#organization"},"potentialAction":[{"@type":"SearchAction","target":{"@type":"EntryPoint","urlTemplate":"https:\/\/www.ignas.com\/it\/blog\/?s={search_term_string}"},"query-input":{"@type":"PropertyValueSpecification","valueRequired":true,"valueName":"search_term_string"}}],"inLanguage":"it-IT"},{"@type":"Organization","@id":"https:\/\/www.ignas.com\/it\/blog\/#organization","name":"Ignas Tour","url":"https:\/\/www.ignas.com\/it\/blog\/","logo":{"@type":"ImageObject","inLanguage":"it-IT","@id":"https:\/\/www.ignas.com\/it\/blog\/#\/schema\/logo\/image\/","url":"https:\/\/www.ignas.com\/it\/blog\/wp-content\/uploads\/2020\/01\/logo-ignas-com-200.png","contentUrl":"https:\/\/www.ignas.com\/it\/blog\/wp-content\/uploads\/2020\/01\/logo-ignas-com-200.png","width":1147,"height":329,"caption":"Ignas Tour"},"image":{"@id":"https:\/\/www.ignas.com\/it\/blog\/#\/schema\/logo\/image\/"}},{"@type":"Person","@id":"https:\/\/www.ignas.com\/it\/blog\/#\/schema\/person\/cb41520c07db292cc5a20ce104e28a1d","name":"Fabrizio","image":{"@type":"ImageObject","inLanguage":"it-IT","@id":"https:\/\/secure.gravatar.com\/avatar\/e17f60c58ebe3feb555b9028681e30cfd921758bbdd1f8e9816f1d7d08c1bd9f?s=96&d=mm&r=g","url":"https:\/\/secure.gravatar.com\/avatar\/e17f60c58ebe3feb555b9028681e30cfd921758bbdd1f8e9816f1d7d08c1bd9f?s=96&d=mm&r=g","contentUrl":"https:\/\/secure.gravatar.com\/avatar\/e17f60c58ebe3feb555b9028681e30cfd921758bbdd1f8e9816f1d7d08c1bd9f?s=96&d=mm&r=g","caption":"Fabrizio"},"description":"Seo Copywriter"}]}},"modified_by":"Denise Basano","_links":{"self":[{"href":"https:\/\/www.ignas.com\/it\/blog\/wp-json\/wp\/v2\/posts\/22995","targetHints":{"allow":["GET"]}}],"collection":[{"href":"https:\/\/www.ignas.com\/it\/blog\/wp-json\/wp\/v2\/posts"}],"about":[{"href":"https:\/\/www.ignas.com\/it\/blog\/wp-json\/wp\/v2\/types\/post"}],"author":[{"embeddable":true,"href":"https:\/\/www.ignas.com\/it\/blog\/wp-json\/wp\/v2\/users\/2"}],"replies":[{"embeddable":true,"href":"https:\/\/www.ignas.com\/it\/blog\/wp-json\/wp\/v2\/comments?post=22995"}],"version-history":[{"count":39,"href":"https:\/\/www.ignas.com\/it\/blog\/wp-json\/wp\/v2\/posts\/22995\/revisions"}],"predecessor-version":[{"id":28594,"href":"https:\/\/www.ignas.com\/it\/blog\/wp-json\/wp\/v2\/posts\/22995\/revisions\/28594"}],"wp:featuredmedia":[{"embeddable":true,"href":"https:\/\/www.ignas.com\/it\/blog\/wp-json\/wp\/v2\/media\/26819"}],"wp:attachment":[{"href":"https:\/\/www.ignas.com\/it\/blog\/wp-json\/wp\/v2\/media?parent=22995"}],"wp:term":[{"taxonomy":"category","embeddable":true,"href":"https:\/\/www.ignas.com\/it\/blog\/wp-json\/wp\/v2\/categories?post=22995"},{"taxonomy":"post_tag","embeddable":true,"href":"https:\/\/www.ignas.com\/it\/blog\/wp-json\/wp\/v2\/tags?post=22995"}],"curies":[{"name":"wp","href":"https:\/\/api.w.org\/{rel}","templated":true}]}}