{"id":22962,"date":"2016-03-08T00:00:00","date_gmt":"2016-03-07T23:00:00","guid":{"rendered":"http:\/\/52.212.170.109\/le-migliori-spiagge-in-sardegna-2"},"modified":"2024-05-08T14:20:15","modified_gmt":"2024-05-08T12:20:15","slug":"le-migliori-spiagge-in-sardegna","status":"publish","type":"post","link":"https:\/\/www.ignas.com\/it\/blog\/le-migliori-spiagge-in-sardegna\/","title":{"rendered":"Spiagge Sardegna: le pi\u00f9 iconiche e le meno conosciute"},"content":{"rendered":"<p>E&#8217; la regione italiana con la costa pi\u00f9 lunga, ben 1.850 km. Ed essendo anche una fra le terre emerse pi\u00f9 antiche del mondo (600 milioni di anni) ne consegue che l&#8217;argomento <strong>spiagge Sardegna<\/strong>\u00a0sia una miniera infinita di informazioni. Da Ogliastra alla Costa Smeralda, dalla Gallura da Oristano a Carbonia, \u00e8 un mondo da scoprire. Per cui ecco cosa tenere ben in mente quando si decide in quale zona andare, e le migliori dritte per evitare di perdersi luoghi unici al mondo semplicemente perch\u00e9 non si era calcolato bene la zona parcheggio rispetto al mare o che quella spiaggia da visitare ha bisogno di un percorso su un sentiero difficile. Esploriamo quindi insieme le spiagge pi\u00f9 belle della Sardegna!<\/p>\n<h2><span class=\"ez-toc-section\" id=\"Spiagge_a_nord_della_Sardegna_localita_Top\"><\/span>Spiagge a nord della Sardegna: localit\u00e0 Top<span class=\"ez-toc-section-end\"><\/span><\/h2><div id=\"ez-toc-container\" class=\"ez-toc-v2_0_82_2 counter-hierarchy ez-toc-counter ez-toc-white ez-toc-container-direction\">\n<div class=\"ez-toc-title-container\">\n<p class=\"ez-toc-title\" style=\"cursor:inherit\"><\/p>\n<span class=\"ez-toc-title-toggle\"><a href=\"#\" class=\"ez-toc-pull-right ez-toc-btn ez-toc-btn-xs ez-toc-btn-default ez-toc-toggle\" aria-label=\"Toggle Table of Content\"><span class=\"ez-toc-js-icon-con\"><span class=\"\"><span class=\"eztoc-hide\" style=\"display:none;\">Toggle<\/span><span class=\"ez-toc-icon-toggle-span\"><svg style=\"fill: #999;color:#999\" xmlns=\"http:\/\/www.w3.org\/2000\/svg\" class=\"list-377408\" width=\"20px\" height=\"20px\" viewBox=\"0 0 24 24\" fill=\"none\"><path d=\"M6 6H4v2h2V6zm14 0H8v2h12V6zM4 11h2v2H4v-2zm16 0H8v2h12v-2zM4 16h2v2H4v-2zm16 0H8v2h12v-2z\" fill=\"currentColor\"><\/path><\/svg><svg style=\"fill: #999;color:#999\" class=\"arrow-unsorted-368013\" xmlns=\"http:\/\/www.w3.org\/2000\/svg\" width=\"10px\" height=\"10px\" viewBox=\"0 0 24 24\" version=\"1.2\" baseProfile=\"tiny\"><path d=\"M18.2 9.3l-6.2-6.3-6.2 6.3c-.2.2-.3.4-.3.7s.1.5.3.7c.2.2.4.3.7.3h11c.3 0 .5-.1.7-.3.2-.2.3-.5.3-.7s-.1-.5-.3-.7zM5.8 14.7l6.2 6.3 6.2-6.3c.2-.2.3-.5.3-.7s-.1-.5-.3-.7c-.2-.2-.4-.3-.7-.3h-11c-.3 0-.5.1-.7.3-.2.2-.3.5-.3.7s.1.5.3.7z\"\/><\/svg><\/span><\/span><\/span><\/a><\/span><\/div>\n<nav><ul class='ez-toc-list ez-toc-list-level-1 eztoc-toggle-hide-by-default' ><li class='ez-toc-page-1 ez-toc-heading-level-2'><a class=\"ez-toc-link ez-toc-heading-1\" href=\"https:\/\/www.ignas.com\/it\/blog\/le-migliori-spiagge-in-sardegna\/#Spiagge_a_nord_della_Sardegna_localita_Top\" >Spiagge a nord della Sardegna: localit\u00e0 Top<\/a><\/li><li class='ez-toc-page-1 ez-toc-heading-level-2'><a class=\"ez-toc-link ez-toc-heading-2\" href=\"https:\/\/www.ignas.com\/it\/blog\/le-migliori-spiagge-in-sardegna\/#Spiagge_di_San_Teodoro\" >Spiagge di San Teodoro<\/a><ul class='ez-toc-list-level-3' ><li class='ez-toc-heading-level-3'><a class=\"ez-toc-link ez-toc-heading-3\" href=\"https:\/\/www.ignas.com\/it\/blog\/le-migliori-spiagge-in-sardegna\/#Spiaggia_La_Cinta\" >Spiaggia La Cinta<\/a><\/li><li class='ez-toc-page-1 ez-toc-heading-level-3'><a class=\"ez-toc-link ez-toc-heading-4\" href=\"https:\/\/www.ignas.com\/it\/blog\/le-migliori-spiagge-in-sardegna\/#Spiaggia_La_Marina_di_Puntaldia\" >Spiaggia La Marina di Puntaldia<\/a><\/li><li class='ez-toc-page-1 ez-toc-heading-level-3'><a class=\"ez-toc-link ez-toc-heading-5\" href=\"https:\/\/www.ignas.com\/it\/blog\/le-migliori-spiagge-in-sardegna\/#Spiaggia_Punta_Isuledda\" >Spiaggia Punta Isuledda<\/a><\/li><li class='ez-toc-page-1 ez-toc-heading-level-3'><a class=\"ez-toc-link ez-toc-heading-6\" href=\"https:\/\/www.ignas.com\/it\/blog\/le-migliori-spiagge-in-sardegna\/#Cala_Brandinchi\" >Cala Brandinchi<\/a><\/li><\/ul><\/li><li class='ez-toc-page-1 ez-toc-heading-level-2'><a class=\"ez-toc-link ez-toc-heading-7\" href=\"https:\/\/www.ignas.com\/it\/blog\/le-migliori-spiagge-in-sardegna\/#Capo_Coda_Cavallo\" >Capo Coda Cavallo<\/a><ul class='ez-toc-list-level-3' ><li class='ez-toc-heading-level-3'><a class=\"ez-toc-link ez-toc-heading-8\" href=\"https:\/\/www.ignas.com\/it\/blog\/le-migliori-spiagge-in-sardegna\/#Sardegna_spiagge_qui_diventano_poesia\" >Sardegna spiagge: qui diventano poesia<\/a><\/li><\/ul><\/li><li class='ez-toc-page-1 ez-toc-heading-level-2'><a class=\"ez-toc-link ez-toc-heading-9\" href=\"https:\/\/www.ignas.com\/it\/blog\/le-migliori-spiagge-in-sardegna\/#Golfo_Aranci\" >Golfo Aranci<\/a><ul class='ez-toc-list-level-3' ><li class='ez-toc-heading-level-3'><a class=\"ez-toc-link ez-toc-heading-10\" href=\"https:\/\/www.ignas.com\/it\/blog\/le-migliori-spiagge-in-sardegna\/#Spiaggia_di_Cala_Moresca_facile_e_suggestiva\" >Spiaggia di Cala Moresca: facile e suggestiva<\/a><\/li><li class='ez-toc-page-1 ez-toc-heading-level-3'><a class=\"ez-toc-link ez-toc-heading-11\" href=\"https:\/\/www.ignas.com\/it\/blog\/le-migliori-spiagge-in-sardegna\/#Cala_del_Sonno_solo_per_pochi\" >Cala del Sonno: solo per pochi<\/a><\/li><\/ul><\/li><li class='ez-toc-page-1 ez-toc-heading-level-2'><a class=\"ez-toc-link ez-toc-heading-12\" href=\"https:\/\/www.ignas.com\/it\/blog\/le-migliori-spiagge-in-sardegna\/#Costa_Smeralda_non_finisce_mai_di_stupire\" >Costa Smeralda: non finisce mai di stupire<\/a><ul class='ez-toc-list-level-3' ><li class='ez-toc-heading-level-3'><a class=\"ez-toc-link ez-toc-heading-13\" href=\"https:\/\/www.ignas.com\/it\/blog\/le-migliori-spiagge-in-sardegna\/#Spiaggia_del_Principe\" >Spiaggia del Principe<\/a><\/li><li class='ez-toc-page-1 ez-toc-heading-level-3'><a class=\"ez-toc-link ez-toc-heading-14\" href=\"https:\/\/www.ignas.com\/it\/blog\/le-migliori-spiagge-in-sardegna\/#Spiaggia_del_cervo\" >Spiaggia del cervo<\/a><\/li><li class='ez-toc-page-1 ez-toc-heading-level-3'><a class=\"ez-toc-link ez-toc-heading-15\" href=\"https:\/\/www.ignas.com\/it\/blog\/le-migliori-spiagge-in-sardegna\/#Un_giro_dentro_Porto_Cervo\" >Un giro dentro Porto Cervo<\/a><\/li><\/ul><\/li><li class='ez-toc-page-1 ez-toc-heading-level-2'><a class=\"ez-toc-link ez-toc-heading-16\" href=\"https:\/\/www.ignas.com\/it\/blog\/le-migliori-spiagge-in-sardegna\/#Spiagge_Palau_tra_caos_e_natura_selvaggia\" >Spiagge Palau: tra caos e natura selvaggia<\/a><ul class='ez-toc-list-level-3' ><li class='ez-toc-heading-level-3'><a class=\"ez-toc-link ez-toc-heading-17\" href=\"https:\/\/www.ignas.com\/it\/blog\/le-migliori-spiagge-in-sardegna\/#La_Sciumara\" >La Sciumara<\/a><\/li><li class='ez-toc-page-1 ez-toc-heading-level-3'><a class=\"ez-toc-link ez-toc-heading-18\" href=\"https:\/\/www.ignas.com\/it\/blog\/le-migliori-spiagge-in-sardegna\/#Punta_nera_ideale_per_i_cani\" >Punta nera: ideale per i cani<\/a><\/li><\/ul><\/li><li class='ez-toc-page-1 ez-toc-heading-level-2'><a class=\"ez-toc-link ez-toc-heading-19\" href=\"https:\/\/www.ignas.com\/it\/blog\/le-migliori-spiagge-in-sardegna\/#Arcipelago_della_Maddalena_e_Caprera_le_Isole_dellIsola\" >Arcipelago della Maddalena e Caprera: le Isole dell&#8217;Isola<\/a><ul class='ez-toc-list-level-3' ><li class='ez-toc-heading-level-3'><a class=\"ez-toc-link ez-toc-heading-20\" href=\"https:\/\/www.ignas.com\/it\/blog\/le-migliori-spiagge-in-sardegna\/#Spiaggia_del_Cardellino_sulla_Maddalena\" >Spiaggia del Cardellino sulla Maddalena<\/a><\/li><li class='ez-toc-page-1 ez-toc-heading-level-3'><a class=\"ez-toc-link ez-toc-heading-21\" href=\"https:\/\/www.ignas.com\/it\/blog\/le-migliori-spiagge-in-sardegna\/#Spiaggia_del_Costone\" >Spiaggia del Costone<\/a><\/li><li class='ez-toc-page-1 ez-toc-heading-level-3'><a class=\"ez-toc-link ez-toc-heading-22\" href=\"https:\/\/www.ignas.com\/it\/blog\/le-migliori-spiagge-in-sardegna\/#Spiaggia_di_Cala_Garibaldi_a_Caprera\" >Spiaggia di Cala Garibaldi a Caprera<\/a><\/li><\/ul><\/li><li class='ez-toc-page-1 ez-toc-heading-level-2'><a class=\"ez-toc-link ez-toc-heading-23\" href=\"https:\/\/www.ignas.com\/it\/blog\/le-migliori-spiagge-in-sardegna\/#Santa_Teresa_Gallura\" >Santa Teresa Gallura<\/a><ul class='ez-toc-list-level-3' ><li class='ez-toc-heading-level-3'><a class=\"ez-toc-link ez-toc-heading-24\" href=\"https:\/\/www.ignas.com\/it\/blog\/le-migliori-spiagge-in-sardegna\/#Spiaggia_di_Rena_di_Ponente\" >Spiaggia di Rena di Ponente<\/a><\/li><li class='ez-toc-page-1 ez-toc-heading-level-3'><a class=\"ez-toc-link ez-toc-heading-25\" href=\"https:\/\/www.ignas.com\/it\/blog\/le-migliori-spiagge-in-sardegna\/#Spiaggia_Porto_Quadro\" >Spiaggia Porto Quadro<\/a><\/li><\/ul><\/li><li class='ez-toc-page-1 ez-toc-heading-level-2'><a class=\"ez-toc-link ez-toc-heading-26\" href=\"https:\/\/www.ignas.com\/it\/blog\/le-migliori-spiagge-in-sardegna\/#Marina_di_Sorso\" >Marina di Sorso<\/a><\/li><li class='ez-toc-page-1 ez-toc-heading-level-2'><a class=\"ez-toc-link ez-toc-heading-27\" href=\"https:\/\/www.ignas.com\/it\/blog\/le-migliori-spiagge-in-sardegna\/#La_Pelosa\" >La Pelosa<\/a><\/li><li class='ez-toc-page-1 ez-toc-heading-level-2'><a class=\"ez-toc-link ez-toc-heading-28\" href=\"https:\/\/www.ignas.com\/it\/blog\/le-migliori-spiagge-in-sardegna\/#Spostiamoci_al_centro_della_Sardegna\" >Spostiamoci al centro della Sardegna<\/a><ul class='ez-toc-list-level-3' ><li class='ez-toc-heading-level-3'><a class=\"ez-toc-link ez-toc-heading-29\" href=\"https:\/\/www.ignas.com\/it\/blog\/le-migliori-spiagge-in-sardegna\/#Spiaggia_di_Mare_Morto\" >Spiaggia di Mare Morto<\/a><\/li><li class='ez-toc-page-1 ez-toc-heading-level-3'><a class=\"ez-toc-link ez-toc-heading-30\" href=\"https:\/\/www.ignas.com\/it\/blog\/le-migliori-spiagge-in-sardegna\/#Torre_Grande_immensita_nelle_spiagge_della_Sardegna\" >Torre Grande: immensit\u00e0 nelle spiagge della Sardegna<\/a><\/li><li class='ez-toc-page-1 ez-toc-heading-level-3'><a class=\"ez-toc-link ez-toc-heading-31\" href=\"https:\/\/www.ignas.com\/it\/blog\/le-migliori-spiagge-in-sardegna\/#Cala_Goloritze_Golfo_di_Orosei\" >Cala Goloritz\u00e8: Golfo di Orosei<\/a><\/li><li class='ez-toc-page-1 ez-toc-heading-level-3'><a class=\"ez-toc-link ez-toc-heading-32\" href=\"https:\/\/www.ignas.com\/it\/blog\/le-migliori-spiagge-in-sardegna\/#Spiaggia_di_Cartoe\" >Spiaggia di Cartoe<\/a><\/li><li class='ez-toc-page-1 ez-toc-heading-level-3'><a class=\"ez-toc-link ez-toc-heading-33\" href=\"https:\/\/www.ignas.com\/it\/blog\/le-migliori-spiagge-in-sardegna\/#Cala_Fuili\" >Cala Fuili<\/a><\/li><li class='ez-toc-page-1 ez-toc-heading-level-3'><a class=\"ez-toc-link ez-toc-heading-34\" href=\"https:\/\/www.ignas.com\/it\/blog\/le-migliori-spiagge-in-sardegna\/#Cala_Luna\" >Cala Luna<\/a><\/li><\/ul><\/li><li class='ez-toc-page-1 ez-toc-heading-level-2'><a class=\"ez-toc-link ez-toc-heading-35\" href=\"https:\/\/www.ignas.com\/it\/blog\/le-migliori-spiagge-in-sardegna\/#Spiagge_sud_Sardegna_la_Cenerentola\" >Spiagge sud Sardegna: la Cenerentola<\/a><ul class='ez-toc-list-level-3' ><li class='ez-toc-heading-level-3'><a class=\"ez-toc-link ez-toc-heading-36\" href=\"https:\/\/www.ignas.com\/it\/blog\/le-migliori-spiagge-in-sardegna\/#Cala_Domestica_fra_le_migliori_spiagge_della_Sardegna\" >Cala Domestica: fra le migliori spiagge della Sardegna<\/a><\/li><li class='ez-toc-page-1 ez-toc-heading-level-3'><a class=\"ez-toc-link ez-toc-heading-37\" href=\"https:\/\/www.ignas.com\/it\/blog\/le-migliori-spiagge-in-sardegna\/#Portopaglietto_sabbia_scogli_e%E2%80%A6\" >Portopaglietto: sabbia, scogli e&#8230;<\/a><\/li><\/ul><\/li><li class='ez-toc-page-1 ez-toc-heading-level-2'><a class=\"ez-toc-link ez-toc-heading-38\" href=\"https:\/\/www.ignas.com\/it\/blog\/le-migliori-spiagge-in-sardegna\/#A_SantAntioco_dentro_una_favola\" >A Sant&#8217;Antioco: dentro una favola!<\/a><ul class='ez-toc-list-level-3' ><li class='ez-toc-heading-level-3'><a class=\"ez-toc-link ez-toc-heading-39\" href=\"https:\/\/www.ignas.com\/it\/blog\/le-migliori-spiagge-in-sardegna\/#Porto_Pino_fra_spiaggia_e_laguna\" >Porto Pino: fra spiaggia e laguna<\/a><\/li><\/ul><\/li><li class='ez-toc-page-1 ez-toc-heading-level-2'><a class=\"ez-toc-link ez-toc-heading-40\" href=\"https:\/\/www.ignas.com\/it\/blog\/le-migliori-spiagge-in-sardegna\/#Spiaggia_di_Tueredda\" >Spiaggia di Tueredda<\/a><\/li><li class='ez-toc-page-1 ez-toc-heading-level-2'><a class=\"ez-toc-link ez-toc-heading-41\" href=\"https:\/\/www.ignas.com\/it\/blog\/le-migliori-spiagge-in-sardegna\/#Capo_Spartivento\" >Capo Spartivento<\/a><\/li><li class='ez-toc-page-1 ez-toc-heading-level-2'><a class=\"ez-toc-link ez-toc-heading-42\" href=\"https:\/\/www.ignas.com\/it\/blog\/le-migliori-spiagge-in-sardegna\/#Baia_di_Chia\" >Baia di Chia<\/a><ul class='ez-toc-list-level-3' ><li class='ez-toc-heading-level-3'><a class=\"ez-toc-link ez-toc-heading-43\" href=\"https:\/\/www.ignas.com\/it\/blog\/le-migliori-spiagge-in-sardegna\/#Cala_Cipolla\" >Cala Cipolla<\/a><\/li><li class='ez-toc-page-1 ez-toc-heading-level-3'><a class=\"ez-toc-link ez-toc-heading-44\" href=\"https:\/\/www.ignas.com\/it\/blog\/le-migliori-spiagge-in-sardegna\/#Spiaggia_di_Sa_Colonia\" >Spiaggia di Sa Colonia<\/a><\/li><li class='ez-toc-page-1 ez-toc-heading-level-3'><a class=\"ez-toc-link ez-toc-heading-45\" href=\"https:\/\/www.ignas.com\/it\/blog\/le-migliori-spiagge-in-sardegna\/#Spiaggia_di_Su_Portu\" >Spiaggia di Su Portu<\/a><\/li><\/ul><\/li><li class='ez-toc-page-1 ez-toc-heading-level-2'><a class=\"ez-toc-link ez-toc-heading-46\" href=\"https:\/\/www.ignas.com\/it\/blog\/le-migliori-spiagge-in-sardegna\/#Porto_Giunco\" >Porto Giunco<\/a><\/li><li class='ez-toc-page-1 ez-toc-heading-level-2'><a class=\"ez-toc-link ez-toc-heading-47\" href=\"https:\/\/www.ignas.com\/it\/blog\/le-migliori-spiagge-in-sardegna\/#Punta_Molentis\" >Punta Molentis<\/a><\/li><li class='ez-toc-page-1 ez-toc-heading-level-2'><a class=\"ez-toc-link ez-toc-heading-48\" href=\"https:\/\/www.ignas.com\/it\/blog\/le-migliori-spiagge-in-sardegna\/#Costa_Rei\" >Costa Rei<\/a><\/li><\/ul><\/nav><\/div>\n\n<p>Cominciamo il nostro tour dalle spiagge a nord della Sardegna. In particolare perlustreremo 300 km di costa tutti nella provincia di Sassari, a partire dalle mitiche spiagge di San Teodoro fino ad arrivare alla nota spiaggia La Pelosa.<\/p>\n<h2><span class=\"ez-toc-section\" id=\"Spiagge_di_San_Teodoro\"><\/span>Spiagge di San Teodoro<span class=\"ez-toc-section-end\"><\/span><\/h2>\n<p>Le spiagge di San Teodoro, in Gallura, hanno 2 elementi che le fanno essere ideali anche per le famiglie con bimbi: sono facilmente raggiungibili, trovandosi vicino all&#8217;omonimo paesino, e al contempo ha una serie di spiagge di sabbia bianca, soffice e lunghissime, quasi 4 chilometri.<\/p>\n<p><img loading=\"lazy\" decoding=\"async\" class=\"alignnone size-full wp-image-25247\" src=\"https:\/\/www.ignas.com\/it\/blog\/wp-content\/uploads\/2016\/03\/spiagge-san-teodoro.jpeg\" alt=\"spiaggia di San Teodoro in Sardegna\" width=\"750\" height=\"563\" srcset=\"https:\/\/www.ignas.com\/it\/blog\/wp-content\/uploads\/2016\/03\/spiagge-san-teodoro.jpeg 750w, https:\/\/www.ignas.com\/it\/blog\/wp-content\/uploads\/2016\/03\/spiagge-san-teodoro-300x225.jpeg 300w\" sizes=\"auto, (max-width: 750px) 100vw, 750px\" \/><\/p>\n<h3><span class=\"ez-toc-section\" id=\"Spiaggia_La_Cinta\"><\/span>Spiaggia La Cinta<span class=\"ez-toc-section-end\"><\/span><\/h3>\n<p>E&#8217; la prima spiaggia che si trova uscendo dal lungomare centrale del paesino. Quello che si apre \u00e8 un&#8217;immensa spiaggia bianca che circa verso nord, con alle spalle una laguna di quasi 2 km quadrati. Habitat perfetto per i fenicotteri rosa, animali splendidi facilissimi da avvistare anche a pochi metri di distanza.<\/p>\n<h3><span class=\"ez-toc-section\" id=\"Spiaggia_La_Marina_di_Puntaldia\"><\/span>Spiaggia La Marina di Puntaldia<span class=\"ez-toc-section-end\"><\/span><\/h3>\n<p>Sul finire dell&#8217;arco di sabbia bianca, si trova la piccola spiaggetta in questione. Stesse caratteristiche della vicina con in pi\u00f9 l&#8217;opzione di spostarsi verso la vicina localit\u00e0 di Puntaldia, dove la macchia mediterranea ha deciso di avvicinarsi fino alla riva del mare: uno spettacolo!<\/p>\n<h3><span class=\"ez-toc-section\" id=\"Spiaggia_Punta_Isuledda\"><\/span>Spiaggia Punta Isuledda<span class=\"ez-toc-section-end\"><\/span><\/h3>\n<p>Scenario differente per questa spiaggia sabbiosa molto piccola e racchiusa da una punta (da cui prende il nome) fatta di scogli levigati dal vento e dal mare.<\/p>\n<div class=\"vlp-link-container vlp-layout-basic\"><a href=\"https:\/\/www.ignas.com\/it\/offerte-vacanze-sardegna\/budoni--loc-agrustoli\/club-hotel-eurovillage?pkg_code=20240101_eurovillage\" class=\"vlp-link\" title=\"Club Hotel Eurovillage, 4 stelle, Budoni - Loc. Agrustoli (SS) | Ignas Tour\" rel=\"nofollow\" target=\"_blank\"><\/a><div class=\"vlp-layout-zone-side\"><div class=\"vlp-block-2 vlp-link-image\"><img loading=\"lazy\" decoding=\"async\" style=\"max-width: 150px;\" width=\"150\" height=\"94\" src=\"https:\/\/www.ignas.com\/it\/blog\/wp-content\/uploads\/2016\/03\/club-hotel-Eurovillage.jpg\" class=\"attachment-150x999 size-150x999\" alt=\"\" srcset=\"https:\/\/www.ignas.com\/it\/blog\/wp-content\/uploads\/2016\/03\/club-hotel-Eurovillage.jpg 800w, https:\/\/www.ignas.com\/it\/blog\/wp-content\/uploads\/2016\/03\/club-hotel-Eurovillage-300x188.jpg 300w, https:\/\/www.ignas.com\/it\/blog\/wp-content\/uploads\/2016\/03\/club-hotel-Eurovillage-768x480.jpg 768w, https:\/\/www.ignas.com\/it\/blog\/wp-content\/uploads\/2016\/03\/club-hotel-Eurovillage-320x200.jpg 320w\" sizes=\"auto, (max-width: 150px) 100vw, 150px\" \/><\/div><\/div><div class=\"vlp-layout-zone-main\"><div class=\"vlp-block-0 vlp-link-title\">Club Hotel Eurovillage, 4 stelle, Budoni - Loc. Agrustoli (SS) | Ignas Tour<\/div><div class=\"vlp-block-1 vlp-link-summary\">pensione completa + traghetto A\/R<\/div><\/div><\/div>\n<h3><\/h3>\n<h3><span class=\"ez-toc-section\" id=\"Cala_Brandinchi\"><\/span>Cala Brandinchi<span class=\"ez-toc-section-end\"><\/span><\/h3>\n<p>Conosciuta anche come &#8220;piccola Tahiti&#8221;, questa spiaggia di San Teodoro, \u00e8 caratterizzata dalla pineta che la incornicia e da colori vicino al rubino e al diamante: mare luccicante e trasparente.<\/p>\n<h2><span class=\"ez-toc-section\" id=\"Capo_Coda_Cavallo\"><\/span>Capo Coda Cavallo<span class=\"ez-toc-section-end\"><\/span><\/h2>\n<p>Spostandoci qualche km pi\u00f9 a nord troviamo una parte della Gallura che si prolunga verso il mare: quasi una penisola dentro l&#8217;isola. Questa protuberanza di terra che si affaccia verso est ha il suo punto pi\u00f9 estremo proprio nella localit\u00e0 di Capo Coda Cavallo, sempre facente parte della provincia di Sassari.<\/p>\n<h3><span class=\"ez-toc-section\" id=\"Sardegna_spiagge_qui_diventano_poesia\"><\/span>Sardegna spiagge: qui diventano poesia<span class=\"ez-toc-section-end\"><\/span><\/h3>\n<p><img loading=\"lazy\" decoding=\"async\" class=\"alignnone size-full wp-image-25248\" src=\"https:\/\/www.ignas.com\/it\/blog\/wp-content\/uploads\/2016\/03\/capo-coda-cavallo.jpeg\" alt=\"spiaggia di Capo Coda Cavallo\" width=\"750\" height=\"446\" srcset=\"https:\/\/www.ignas.com\/it\/blog\/wp-content\/uploads\/2016\/03\/capo-coda-cavallo.jpeg 750w, https:\/\/www.ignas.com\/it\/blog\/wp-content\/uploads\/2016\/03\/capo-coda-cavallo-300x178.jpeg 300w\" sizes=\"auto, (max-width: 750px) 100vw, 750px\" \/><\/p>\n<p>Questo lembo di terra di appena 1 km, ha una doppia anima: da una parte la spiaggia di\u00a0<strong>Capo Coda Cavallo<\/strong>, sabbiosa e riparata dalla baia. Dall&#8217;altra parte la spiaggia diventa scogliosa e tendenzialmente pi\u00f9 ventilata, perfetta per chi ama lo snorkeling nelle giornate con poco vento.<\/p>\n<h2><span class=\"ez-toc-section\" id=\"Golfo_Aranci\"><\/span>Golfo Aranci<span class=\"ez-toc-section-end\"><\/span><\/h2>\n<p>Oltre ad essere un piccolo comune di 2000 abitanti, il Golfo in questione \u00e8 una reale baia, creata dalla lingua di terra che, oltre al piccolo paesino, prosegue nel promontorio di Capo Figar che si affaccia sul mare.<\/p>\n<h3><span class=\"ez-toc-section\" id=\"Spiaggia_di_Cala_Moresca_facile_e_suggestiva\"><\/span>Spiaggia di Cala Moresca: facile e suggestiva<span class=\"ez-toc-section-end\"><\/span><\/h3>\n<p><img loading=\"lazy\" decoding=\"async\" class=\"alignnone size-full wp-image-25249\" src=\"https:\/\/www.ignas.com\/it\/blog\/wp-content\/uploads\/2016\/03\/golfo-degli-aranci.jpeg\" alt=\"golfo degli Aranci in Sardegna\" width=\"750\" height=\"497\" srcset=\"https:\/\/www.ignas.com\/it\/blog\/wp-content\/uploads\/2016\/03\/golfo-degli-aranci.jpeg 750w, https:\/\/www.ignas.com\/it\/blog\/wp-content\/uploads\/2016\/03\/golfo-degli-aranci-300x199.jpeg 300w\" sizes=\"auto, (max-width: 750px) 100vw, 750px\" \/><\/p>\n<p>Piccola spiaggetta, anche se viste le dimensioni \u00e8 pi\u00f9 giusto parlare di caletta. Nonostante in molte parti del promontorio l&#8217;arenile sia fatto di scogli, questa con la sua costa sabbiosa fa eccezione. Facile da raggiungere ed emozionante.<\/p>\n<h3><span class=\"ez-toc-section\" id=\"Cala_del_Sonno_solo_per_pochi\"><\/span>Cala del Sonno: solo per pochi<span class=\"ez-toc-section-end\"><\/span><\/h3>\n<p>Non esiste un vero e proprio sentiero per raggiungere questa caletta, che si trova dal lato opposto del promontorio rispetto alla spiaggetta precedente. Ci si arriva o via mare, oppure da terra ma solo per chi ha una grande esperienza con il trekking. La difficolt\u00e0 nell&#8217;arrivare spiega da sola anche il nome scelto per questo luogo, dove c&#8217;\u00e8 sempre pochissima gente, e molto spesso nessuno, perfetto per riposare con il rumore del mare.<\/p>\n<h2><span class=\"ez-toc-section\" id=\"Costa_Smeralda_non_finisce_mai_di_stupire\"><\/span>Costa Smeralda: non finisce mai di stupire<span class=\"ez-toc-section-end\"><\/span><\/h2>\n<p>Esattamente 60 anni fa, grazie alle capacit\u00e0 visionarie di un principe arabo, nel nord est della Gallura, nasceva il consorzio della Costa Smeralda, in 55 km di spiaggia. Un progetto che ancora oggi, sembra futuristico, sia per come le costruzioni hanno rispettato l&#8217;ambiente intorno, e sia per le varie attivit\u00e0 di intrattenimento che si sono fatte spazio negli anni. Ad oggi \u00e8 il luogo iconico per eccellenza dell&#8217;intera regione.<\/p>\n<p>Riguardo alla magnificenza del mare, ne abbiamo parlato specificamente in\u00a0<a href=\"https:\/\/www.ignas.com\/it\/blog\/migliori-spiagge-costa-smeralda\/\"><span style=\"color: #ff6600;\"><strong>questo articolo sulle spiagge della costa Smeralda<\/strong><\/span>.<\/a>\u00a0Ma anche qui abbiamo voluto sintetizzare alcune delle sue spiagge pi\u00f9 belle.<\/p>\n<h3><span class=\"ez-toc-section\" id=\"Spiaggia_del_Principe\"><\/span>Spiaggia del Principe<span class=\"ez-toc-section-end\"><\/span><\/h3>\n<p><img loading=\"lazy\" decoding=\"async\" class=\"alignnone size-full wp-image-25250\" src=\"https:\/\/www.ignas.com\/it\/blog\/wp-content\/uploads\/2016\/03\/spiaggia-del-principe.jpeg\" alt=\"spiaggia del Principe in Costa Smeralda\" width=\"750\" height=\"495\" srcset=\"https:\/\/www.ignas.com\/it\/blog\/wp-content\/uploads\/2016\/03\/spiaggia-del-principe.jpeg 750w, https:\/\/www.ignas.com\/it\/blog\/wp-content\/uploads\/2016\/03\/spiaggia-del-principe-300x198.jpeg 300w\" sizes=\"auto, (max-width: 750px) 100vw, 750px\" \/><\/p>\n<p>Considerata dai pi\u00f9 la pi\u00f9 bella spiaggia della Sardegna, questa caletta con appena 200 metri di spiaggia bianca e sabbiosa, \u00e8 una tappa immancabile se si vuole conoscere un luogo unico al mondo. Dal punto di vista del confort ha anche molti assi dalla sua parte: parcheggio facile e vicino alla spiaggia (300 metri) piccolo baretto sulla spiaggia, e i due costoni che la chiudono in una piccola baia la proteggono dai venti.<\/p>\n<h3><span class=\"ez-toc-section\" id=\"Spiaggia_del_cervo\"><\/span>Spiaggia del cervo<span class=\"ez-toc-section-end\"><\/span><\/h3>\n<p>Una delle spiaggette meno conosciute della Costa \u00e8 senza dubbio questa. Pi\u00f9 che di spiaggia, viste le dimensioni, si tratta di una caletta. Una cosa importante da considerare \u00e8 che per raggiungerla, oltre che con la barca, si pu\u00f2 optare da un sentiero di 20 minuti che parte dalla vicina spiaggia del Pervero. Sconsigliatissimo farlo carichi, molto meglio se vissuta come una passeggiata esplorativa.<\/p>\n<div class=\"vlp-link-container vlp-layout-basic\"><a href=\"https:\/\/www.ignas.com\/it\/offerte-vacanze-sardegna\/arzachena\/hotel-club-cala-bitta?pkg_code=20220101_clubessecalabitta\" class=\"vlp-link\" title=\"Club Esse Cala Bitta, 3 stelle, Arzachena (OT) | Ignas Tour\" rel=\"nofollow\" target=\"_blank\"><\/a><div class=\"vlp-layout-zone-side\"><div class=\"vlp-block-2 vlp-link-image\"><img loading=\"lazy\" decoding=\"async\" style=\"max-width: 150px;\" width=\"150\" height=\"94\" src=\"https:\/\/www.ignas.com\/it\/blog\/wp-content\/uploads\/2016\/03\/Cala-Bitta.jpg\" class=\"attachment-150x999 size-150x999\" alt=\"\" srcset=\"https:\/\/www.ignas.com\/it\/blog\/wp-content\/uploads\/2016\/03\/Cala-Bitta.jpg 1920w, https:\/\/www.ignas.com\/it\/blog\/wp-content\/uploads\/2016\/03\/Cala-Bitta-300x188.jpg 300w, https:\/\/www.ignas.com\/it\/blog\/wp-content\/uploads\/2016\/03\/Cala-Bitta-1024x640.jpg 1024w, https:\/\/www.ignas.com\/it\/blog\/wp-content\/uploads\/2016\/03\/Cala-Bitta-768x480.jpg 768w, https:\/\/www.ignas.com\/it\/blog\/wp-content\/uploads\/2016\/03\/Cala-Bitta-1536x960.jpg 1536w, https:\/\/www.ignas.com\/it\/blog\/wp-content\/uploads\/2016\/03\/Cala-Bitta-320x200.jpg 320w\" sizes=\"auto, (max-width: 150px) 100vw, 150px\" \/><\/div><\/div><div class=\"vlp-layout-zone-main\"><div class=\"vlp-block-0 vlp-link-title\">Club Esse Cala Bitta, 3 stelle, Arzachena (OT) | Ignas Tour<\/div><div class=\"vlp-block-1 vlp-link-summary\">Posizione strategica per vivere la Costa Smeralda ma anche vicino alla Maddalena<\/div><\/div><\/div>\n<h3><\/h3>\n<h3><span class=\"ez-toc-section\" id=\"Un_giro_dentro_Porto_Cervo\"><\/span>Un giro dentro Porto Cervo<span class=\"ez-toc-section-end\"><\/span><\/h3>\n<p>Una passeggiata dentro Porto Cervo \u00e8 un&#8217;esperienza che consigliamo al di l\u00e0 delle spiagge (che comunque ci sono e meritano anche loro un tuffo). Dal porto iconico con super mega Yoacth di lusso, alle vie con negozi di alta moda, fino ai locali dove fare aperitivi a base di pesce. Una parentesi di lusso all&#8217;interno di una vera favola urbanistica a cielo aperto.<\/p>\n<h2><span class=\"ez-toc-section\" id=\"Spiagge_Palau_tra_caos_e_natura_selvaggia\"><\/span>Spiagge Palau: tra caos e natura selvaggia<span class=\"ez-toc-section-end\"><\/span><\/h2>\n<p>Se si parla delle migliori spiagge della Gallura non pu\u00f2 mancare di certo la zona di Palau. Oltre alla cittadina in s\u00e8, piccolo gioiello urbanistico, incastonato perfettamente nel contesto marino, colpisce anche la grnade variet\u00e0 paesaggistica delle tante spiagge presenti. Parliamo quidni di 2 fra le pi\u00f9 rappresentative, mentre\u00a0 per un approfondimento della\u00a0<a href=\"https:\/\/www.ignas.com\/it\/blog\/spiagge-di-palau-sardegna\/\">zona di Palau si pu\u00f2 seguire questo articolo<\/a>.<\/p>\n<h3><span class=\"ez-toc-section\" id=\"La_Sciumara\"><\/span>La Sciumara<span class=\"ez-toc-section-end\"><\/span><\/h3>\n<p>La pi\u00f9 bella spiaggia del camune di Palau. Sabbia di piccoli ciottoli, protetta dai venti, parcheggio gratuito, e chioschetto dove potersi rifocillare. Il mare \u00e8 semplicemente meraviglioso.<\/p>\n<h3><span class=\"ez-toc-section\" id=\"Punta_nera_ideale_per_i_cani\"><\/span>Punta nera: ideale per i cani<span class=\"ez-toc-section-end\"><\/span><\/h3>\n<p>Piccola spiaggetta di 300 metri, con dietro una bella pineta, perfetta per cercare un&#8217;ombra naturale. La spiaggia \u00e8 il punto di riferimento per chi ha fido con s\u00e8 e trovare un luogo dove oterlo tenere libero di sgambettare, farsi il bagnetto e vivere il mare a 360!<\/p>\n<h2><span class=\"ez-toc-section\" id=\"Arcipelago_della_Maddalena_e_Caprera_le_Isole_dellIsola\"><\/span>Arcipelago della Maddalena e Caprera: le Isole dell&#8217;Isola<span class=\"ez-toc-section-end\"><\/span><\/h2>\n<p><img loading=\"lazy\" decoding=\"async\" class=\"alignnone size-full wp-image-25251\" src=\"https:\/\/www.ignas.com\/it\/blog\/wp-content\/uploads\/2016\/03\/arcipelago-maddalena.jpeg\" alt=\"Arcipelago della Maddalena\" width=\"750\" height=\"335\" srcset=\"https:\/\/www.ignas.com\/it\/blog\/wp-content\/uploads\/2016\/03\/arcipelago-maddalena.jpeg 750w, https:\/\/www.ignas.com\/it\/blog\/wp-content\/uploads\/2016\/03\/arcipelago-maddalena-300x134.jpeg 300w\" sizes=\"auto, (max-width: 750px) 100vw, 750px\" \/><\/p>\n<p>L&#8217;Arcipelago della Maddalena \u00e8 un mondo a parte. Merita da solo una vacanza dedicata. E chiaramente non poteva mancare qualche spiaggia delle sue all&#8217;interno di questa lista delle spiagge pi\u00f9 belle della Sardegna.<\/p>\n<h3><span class=\"ez-toc-section\" id=\"Spiaggia_del_Cardellino_sulla_Maddalena\"><\/span>Spiaggia del Cardellino sulla Maddalena<span class=\"ez-toc-section-end\"><\/span><\/h3>\n<p>Vicina alla pi\u00f9 nota Monti d&#8217;Arena, questa caletta \u00e8 sconosciuta ai pi\u00f9. Per cui la dimensione intima e al contempo l&#8217;isolotto raggiungile di fronte alla spiaggia, fanno di questo luogo un posto stupendo. Inoltre \u00e8 comodissimo anche per via del parcheggio vicino.<\/p>\n<h3><span class=\"ez-toc-section\" id=\"Spiaggia_del_Costone\"><\/span>Spiaggia del Costone<span class=\"ez-toc-section-end\"><\/span><\/h3>\n<p>Sempre sull&#8217;isola della Maddalena questa spiaggetta di sabbia \u00e8 perfetta per le giornate particolarmente ventose. Infatti la conformazione a conchiglia, garantisce una protezione totale dai venti e dal mare mosso. La sabbia \u00e8 bianca e sottile, mentre per chi ama la presenza di scogli basta andare verso nord e godersi anche quella dimensione rocciosa.<\/p>\n<h3><span class=\"ez-toc-section\" id=\"Spiaggia_di_Cala_Garibaldi_a_Caprera\"><\/span>Spiaggia di Cala Garibaldi a Caprera<span class=\"ez-toc-section-end\"><\/span><\/h3>\n<p>Si va sull&#8217;isola vicina alla Maddalena, ovvero Caprera. Anche qui i luoghi sono infiniti. Ma dovendo sceglierne uno sicuramente spicca questa caletta. Innanzitutto per via del fatto che \u00e8 facile raggiungerla. Cosa non proprio scontato su questa parte dell&#8217;Arcipelago. E poi per il perfetto equilibrio fra macchia mediterranea e spiaggia bianca su un mare turchese. Una favola.<\/p>\n<h2><span class=\"ez-toc-section\" id=\"Santa_Teresa_Gallura\"><\/span>Santa Teresa Gallura<span class=\"ez-toc-section-end\"><\/span><\/h2>\n<p><img loading=\"lazy\" decoding=\"async\" class=\"alignnone size-full wp-image-25252\" src=\"https:\/\/www.ignas.com\/it\/blog\/wp-content\/uploads\/2016\/03\/santa-teresa-gallura.jpeg\" alt=\"Spiaggia di Capo Testa\" width=\"750\" height=\"357\" srcset=\"https:\/\/www.ignas.com\/it\/blog\/wp-content\/uploads\/2016\/03\/santa-teresa-gallura.jpeg 750w, https:\/\/www.ignas.com\/it\/blog\/wp-content\/uploads\/2016\/03\/santa-teresa-gallura-300x143.jpeg 300w\" sizes=\"auto, (max-width: 750px) 100vw, 750px\" \/><\/p>\n<p>Uno dei punti pi\u00f9 a settentrione della Gallura. Il comune di S. Teresa risponde alla richiesta di quanti vogliono vivere le spiagge della Sardegna, con un profilo di spesa lievemente pi\u00f9 basso. Inoltre la conformazione geografiche fa delle spiagge di Santa Teresa di Gallura fra le zone pi\u00f9 belle della regione.<\/p>\n<div class=\"vlp-link-container vlp-layout-basic\"><a href=\"https:\/\/www.ignas.com\/it\/offerte-vacanze-sardegna\/santa-teresa-di-gallura--baia-santa-reparata\/club-esse-shardana?pkg_code=20220101_clubesseshardana\" class=\"vlp-link\" title=\"Club Esse Shardana 4 stelle a Santa Teresa di Gallura\" rel=\"nofollow\" target=\"_blank\"><\/a><div class=\"vlp-layout-zone-side\"><div class=\"vlp-block-2 vlp-link-image\"><img loading=\"lazy\" decoding=\"async\" style=\"max-width: 150px;\" width=\"150\" height=\"94\" src=\"https:\/\/www.ignas.com\/it\/blog\/wp-content\/uploads\/2016\/03\/Shardana-Gallura.jpg\" class=\"attachment-150x999 size-150x999\" alt=\"\" srcset=\"https:\/\/www.ignas.com\/it\/blog\/wp-content\/uploads\/2016\/03\/Shardana-Gallura.jpg 571w, https:\/\/www.ignas.com\/it\/blog\/wp-content\/uploads\/2016\/03\/Shardana-Gallura-300x188.jpg 300w, https:\/\/www.ignas.com\/it\/blog\/wp-content\/uploads\/2016\/03\/Shardana-Gallura-320x200.jpg 320w\" sizes=\"auto, (max-width: 150px) 100vw, 150px\" \/><\/div><\/div><div class=\"vlp-layout-zone-main\"><div class=\"vlp-block-0 vlp-link-title\">Club Esse Shardana 4 stelle a Santa Teresa di Gallura<\/div><div class=\"vlp-block-1 vlp-link-summary\">A pochi metri dalla Baia Riparata e da Rena di Ponente<\/div><\/div><\/div>\n<h3><\/h3>\n<h3><span class=\"ez-toc-section\" id=\"Spiaggia_di_Rena_di_Ponente\"><\/span>Spiaggia di Rena di Ponente<span class=\"ez-toc-section-end\"><\/span><\/h3>\n<p>Meraviglia assoluta a nord ovest della Gallura, \u00e8 certamente Capo Testa: piccola penisola collegata a S. Teresa di Gallura attraverso un istmo. Ebbene proprio su uno dei lati di questa lingua di terra si estende la deliziosa spiaggia di Rena di Ponente. Oltre ad avere una splendida sabbia bianca e un mare cristallino, la spiaggia permette nei giorni di mare mosso o vento, di passare dall&#8217;altra parte dell&#8217;istmo e trovare riparo. E poi c&#8217;\u00e8 tutta la parte dell&#8217;esplorazione di Capo Testa.<\/p>\n<h3><span class=\"ez-toc-section\" id=\"Spiaggia_Porto_Quadro\"><\/span>Spiaggia Porto Quadro<span class=\"ez-toc-section-end\"><\/span><\/h3>\n<p>Sabbia o scogli? Privacy o mondanit\u00e0? Snorkeling o sdraiati a prendere il sole? Questa spiaggetta \u00e8 la risposta univoca a tutto. Infatti oltre ad avere la compresenza di sabbia sottile e scogli, ed essere riparata dalla folla ma abbastanza vicina al cuore di S. Teresa di Gallura, \u00e8 una spiaggetta che sa sorprendere per colori e comodit\u00e0 nel raggiungerla.<\/p>\n<h2><span class=\"ez-toc-section\" id=\"Marina_di_Sorso\"><\/span>Marina di Sorso<span class=\"ez-toc-section-end\"><\/span><\/h2>\n<p>Rimanendo a nord, spostiamoci pi\u00f9 a ovest rispetto a S.Teresa e arriviamo al Golfo dell&#8217;Asinara. Si apre come un enorme ed esteso ventaglio la costa sabbiosa di Marina di Sorso. La spiaggia in particolare \u00e8 lunga ben 7 km, e prosegue per altri 7 nella piccola localit\u00e0 di <strong>Platamona<\/strong>. Questo esteso e largo pezzo di costa Sarda, \u00e8 un luogo che rimane dentro a chi ama scenari marini con alle spalle la folta pineta della macchia mediterranea. Perfetto per le famiglie, e per chi ama perdersi in un mare che sembra non finire mai.<\/p>\n<h2><span class=\"ez-toc-section\" id=\"La_Pelosa\"><\/span>La Pelosa<span class=\"ez-toc-section-end\"><\/span><\/h2>\n<p>Sulla\u00a0<span style=\"color: #ff6600;\"><strong><a style=\"color: #ff6600;\" href=\"https:\/\/www.ignas.com\/it\/blog\/spiaggia-la-pelosa\/\">spiaggia La pelosa<\/a><\/strong><\/span>\u00a0ne abbiamo gi\u00e0 scritto nel dettaglio. Ma in questa rassegna di spiagge pi\u00f9 belle della Sardegna non poteva di certo mancare lei. E dal momento che di lei gi\u00e0 abbiamo scritto tanto, possiamo solo riassumerla in 3 aggettivi: esclusiva, lunare e strabiliante.<\/p>\n<h2><span class=\"ez-toc-section\" id=\"Spostiamoci_al_centro_della_Sardegna\"><\/span>Spostiamoci al centro della Sardegna<span class=\"ez-toc-section-end\"><\/span><\/h2>\n<p><img loading=\"lazy\" decoding=\"async\" class=\"alignnone size-full wp-image-25253\" src=\"https:\/\/www.ignas.com\/it\/blog\/wp-content\/uploads\/2016\/03\/golfo-orisei.jpeg\" alt=\"Golfo di Orisei\" width=\"750\" height=\"500\" srcset=\"https:\/\/www.ignas.com\/it\/blog\/wp-content\/uploads\/2016\/03\/golfo-orisei.jpeg 750w, https:\/\/www.ignas.com\/it\/blog\/wp-content\/uploads\/2016\/03\/golfo-orisei-300x200.jpeg 300w\" sizes=\"auto, (max-width: 750px) 100vw, 750px\" \/><\/p>\n<p>Prenderemo di questa zona centrale della Sardegna due luoghi immancabili: prima nel\u00a0<strong>Golfo di Oristano<\/strong>\u00a0a ovest e dopo nel\u00a0<strong>Golfo di Orisei<\/strong>\u00a0a est. Entrambi custodiscono il meglio delle spiagge Sardegna in questa zona. Andiamo a vedere quali!<\/p>\n<h3><span class=\"ez-toc-section\" id=\"Spiaggia_di_Mare_Morto\"><\/span>Spiaggia di Mare Morto<span class=\"ez-toc-section-end\"><\/span><\/h3>\n<p>La pi\u00f9 bella fra le belle! Almeno per quanto riguarda la variet\u00e0 di meraviglie che offre. Innanzitutto una posizione che domina l&#8217;intero arco del Golfo di Oristano, trovandosi quasi alla sua estremit\u00e0, sulla Penisola di Sinis. La spiaggia \u00e8 sabbiosa ma il fondale riserva sorprese per chi ama andare con la maschere e il tubo. E poi c&#8217;\u00e8 tutto un mondo naturalistico e storico nelle immediate vicinanze. In particolare l&#8217;incantevole Laguna di Mistras, habitat naturale di creature splendide tutte da avvistare.<\/p>\n<p>Ma c&#8217;\u00e8 ancora dell&#8217;altro! L&#8217;antico villaggio di Tharros. Fondato dai Fenici, per poi passare ai romani, e successivamente ai bizantini. Un intreccio fra storia e arte di cui \u00e8 necessaria una visita guidata per apprezzarne fino in fondo la bellezza.<\/p>\n<h3><span class=\"ez-toc-section\" id=\"Torre_Grande_immensita_nelle_spiagge_della_Sardegna\"><\/span>Torre Grande: immensit\u00e0 nelle spiagge della Sardegna<span class=\"ez-toc-section-end\"><\/span><\/h3>\n<p>Un arco che da solo \u00e8 quasi un terzo dell&#8217;intero Golfo. Questa spiaggia \u00e8 perfetta per vivere l&#8217;arenile fra sport, bambini, amici a 4 zampe (c&#8217;\u00e8 una spiaggia dedicata a loro), in totale sicurezza. Meno selvaggia di altre ma splendida pulita e estesa da perder di vista dove \u00e8 la fine.<\/p>\n<h3><span class=\"ez-toc-section\" id=\"Cala_Goloritze_Golfo_di_Orosei\"><\/span>Cala Goloritz\u00e8: Golfo di Orosei<span class=\"ez-toc-section-end\"><\/span><\/h3>\n<p><img loading=\"lazy\" decoding=\"async\" class=\"alignnone size-full wp-image-25260\" src=\"https:\/\/www.ignas.com\/it\/blog\/wp-content\/uploads\/2016\/03\/cala-goloritze.jpeg\" alt=\"cala Goloritze, in Sardegna\" width=\"750\" height=\"500\" srcset=\"https:\/\/www.ignas.com\/it\/blog\/wp-content\/uploads\/2016\/03\/cala-goloritze.jpeg 750w, https:\/\/www.ignas.com\/it\/blog\/wp-content\/uploads\/2016\/03\/cala-goloritze-300x200.jpeg 300w\" sizes=\"auto, (max-width: 750px) 100vw, 750px\" \/><\/p>\n<p>Raggiungibile solo attraverso un sentiero di 1 ora e mezza, con 400 m di dislivello, questa spiaggia rappresenta la spiaggia pi\u00f9 difficile da visitare presenti in questa carrellata. Eppure non ci siamo sentiti di escluderla. Goloritz\u00e8 rappresenta in pieno la natura di tutte le spiagge della Sardegna: selvaggia, sabbiosa e scogliosa, trascinate e intima. Creata dalla natura stessa attraverso una frana che in un colpo solo ha fatto la caletta, il pinnacolo che svetta sulla punta, e l&#8217;arco roccioso naturale in cui mare imperversa ad entrare con le sue onde.<\/p>\n<h3><span class=\"ez-toc-section\" id=\"Spiaggia_di_Cartoe\"><\/span>Spiaggia di Cartoe<span class=\"ez-toc-section-end\"><\/span><\/h3>\n<p>Piccola spiaggia di sabbia, protetta da due costoni. Risulta facilissima da raggiungere visto il parcheggio vicinissimo, e al contempo sempre molto riparata dai venti. Ideale per le famiglie con bambini.<\/p>\n<div class=\"vlp-link-container vlp-layout-basic\"><a href=\"https:\/\/www.ignas.com\/it\/offerte-vacanze-sardegna\/cala-gonone\/club-esse-palmasera-resort?pkg_code=20240101_clubessepalmasera\" class=\"vlp-link\" title=\"Club Esse Palmasera Resort, 4 stelle, Cala Gonone (NU) | Ignas Tour\" rel=\"nofollow\" target=\"_blank\"><\/a><div class=\"vlp-layout-zone-side\"><div class=\"vlp-block-2 vlp-link-image\"><img loading=\"lazy\" decoding=\"async\" style=\"max-width: 150px;\" width=\"150\" height=\"94\" src=\"https:\/\/www.ignas.com\/it\/blog\/wp-content\/uploads\/2016\/03\/Club-Esse-Palmasera-Resort.jpg\" class=\"attachment-150x999 size-150x999\" alt=\"\" srcset=\"https:\/\/www.ignas.com\/it\/blog\/wp-content\/uploads\/2016\/03\/Club-Esse-Palmasera-Resort.jpg 1000w, https:\/\/www.ignas.com\/it\/blog\/wp-content\/uploads\/2016\/03\/Club-Esse-Palmasera-Resort-300x188.jpg 300w, https:\/\/www.ignas.com\/it\/blog\/wp-content\/uploads\/2016\/03\/Club-Esse-Palmasera-Resort-768x480.jpg 768w, https:\/\/www.ignas.com\/it\/blog\/wp-content\/uploads\/2016\/03\/Club-Esse-Palmasera-Resort-320x200.jpg 320w\" sizes=\"auto, (max-width: 150px) 100vw, 150px\" \/><\/div><\/div><div class=\"vlp-layout-zone-main\"><div class=\"vlp-block-0 vlp-link-title\">Club Esse Palmasera Resort, 4 stelle, Cala Gonone (NU) | Ignas Tour<\/div><div class=\"vlp-block-1 vlp-link-summary\">A pochi metri dal mare!<\/div><\/div><\/div>\n<h3><\/h3>\n<h3><span class=\"ez-toc-section\" id=\"Cala_Fuili\"><\/span>Cala Fuili<span class=\"ez-toc-section-end\"><\/span><\/h3>\n<p>Piccolissima caletta che ha nel suo arco 3 grandissime frecce: una spiaggia con colori da cartolina, facilita nel raggiungerla visto il parcheggio relativamente vicino, e la possibilit\u00e0 di visitare l&#8217;Area Archeologica Nuraghe Mannu. Da qui poi partono vari percorsi, fra cui uno che porta al canyon Codula.<\/p>\n<h3><span class=\"ez-toc-section\" id=\"Cala_Luna\"><\/span>Cala Luna<span class=\"ez-toc-section-end\"><\/span><\/h3>\n<p>Partendo da Cala Fuili sono 5 km di sentiero, che alla fine portano in questa caletta considerata fra le pi\u00f9 iconiche della regione. La spiaggia \u00e8 frequentata in alta stagione soprattutto dai turisti che vengono lasciate dalle imbarcazioni, ma nel resto del tempo \u00e8 una meta per spiriti sportivi e che non temono il trekking sotto il sole cocente.<\/p>\n<h2><span class=\"ez-toc-section\" id=\"Spiagge_sud_Sardegna_la_Cenerentola\"><\/span>Spiagge sud Sardegna: la Cenerentola<span class=\"ez-toc-section-end\"><\/span><\/h2>\n<p><img loading=\"lazy\" decoding=\"async\" class=\"alignnone size-full wp-image-25254\" src=\"https:\/\/www.ignas.com\/it\/blog\/wp-content\/uploads\/2016\/03\/cala-domestica.jpeg\" alt=\"spiaggia di Cala Domestica\" width=\"750\" height=\"241\" srcset=\"https:\/\/www.ignas.com\/it\/blog\/wp-content\/uploads\/2016\/03\/cala-domestica.jpeg 750w, https:\/\/www.ignas.com\/it\/blog\/wp-content\/uploads\/2016\/03\/cala-domestica-300x96.jpeg 300w\" sizes=\"auto, (max-width: 750px) 100vw, 750px\" \/><\/p>\n<p>Da sempre il grande turismo preferisce le spiagge sorelle del nord, eppure a ben vedere \u00e8 lei la Cenerentola della Sardegna. Infatti superando i luoghi comuni diventa cristallino come questa parte della regione sia altrettanto strepitosa e (proprio perch\u00e9 meno inflazionata) fa meravigliare e sorprendere in molti angoli della costa con le localit\u00e0 Sardegna pi\u00f9 belle.<\/p>\n<h3><span class=\"ez-toc-section\" id=\"Cala_Domestica_fra_le_migliori_spiagge_della_Sardegna\"><\/span>Cala Domestica: fra le migliori spiagge della Sardegna<span class=\"ez-toc-section-end\"><\/span><\/h3>\n<p>A soli 2 km da Bugerru, si apre questa piccola insenatura nella costa sud-occidentale. La sabbia \u00e8 sottile e la costa \u00e8 protetta da due costoni che alzano le falesie a protezione dell&#8217;intera zona. Andando verso lo spuntone a nord \u00e8 possibile raggiungere una minuscola spiaggetta nascosta. Il parcheggio \u00e8 vicinissimo alla spiaggia e facilmente raggiungibile. Impossibile visitarla e non volerci tornare. Lascia un grandissimo stupore dentro!<\/p>\n<h3><span class=\"ez-toc-section\" id=\"Portopaglietto_sabbia_scogli_e%E2%80%A6\"><\/span>Portopaglietto: sabbia, scogli e&#8230;<span class=\"ez-toc-section-end\"><\/span><\/h3>\n<p>..E un piccolo gioiellino di urbanistica marina da fare invidia alle migliore zone della Costa Smeralda. Il comune \u00e8 quello di Portoscuso e la spiaggia in questione \u00e8 formata da circa 300 m di sabbia e scogli. La possibilit\u00e0 poi di vivere anche le vie del piccolo paese di pescatori, con porticciolo e storica Tonnara che si affaccia sul mare, completano il quadro di un luogo dal sicuro fascino.<\/p>\n<h2><span class=\"ez-toc-section\" id=\"A_SantAntioco_dentro_una_favola\"><\/span>A Sant&#8217;Antioco: dentro una favola!<span class=\"ez-toc-section-end\"><\/span><\/h2>\n<p>Scendendo ancora pi\u00f9 a sud troviamo una dei luoghi pi\u00f9 belli della Sardegna: Sant&#8217;Antioco una penisola dal fascino eterno. Il canale che la collega alla terra ferma permette di visitare questo luogo in macchina in tutta comodit\u00e0. In particolare noi consigliamo un luogo che seppur difficile da raggiungere, merita tutta la fatica. Stiamo parlando dell&#8217;Arco dei Baci di Is Praneddas. Armatevi di scarpette da scoglio, pazienza e acqua. E poi via verso una delle spiagge pi\u00f9 perse nella natura selvaggia dell&#8217;intera regione.<\/p>\n<p><img loading=\"lazy\" decoding=\"async\" class=\"alignnone size-full wp-image-25255\" src=\"https:\/\/www.ignas.com\/it\/blog\/wp-content\/uploads\/2016\/03\/migliori-spiagge-sardegna.jpeg\" alt=\"Nei pressi di Sant'Antioco\" width=\"750\" height=\"422\" srcset=\"https:\/\/www.ignas.com\/it\/blog\/wp-content\/uploads\/2016\/03\/migliori-spiagge-sardegna.jpeg 750w, https:\/\/www.ignas.com\/it\/blog\/wp-content\/uploads\/2016\/03\/migliori-spiagge-sardegna-300x169.jpeg 300w\" sizes=\"auto, (max-width: 750px) 100vw, 750px\" \/><\/p>\n<h3><span class=\"ez-toc-section\" id=\"Porto_Pino_fra_spiaggia_e_laguna\"><\/span>Porto Pino: fra spiaggia e laguna<span class=\"ez-toc-section-end\"><\/span><\/h3>\n<p>Uno delle spiagge pi\u00f9 a sud con una biodiversit\u00e0 strepitosa. Basti pensare che oltre alla spiaggia bianca di sabbia sottile e il costone di roccia a nord-ovest, proprio dietro le spalle si apre una laguna che ospita una grande variet\u00e0 faunistica e vegetale. Da non perdere, proprio al di l\u00e0 del costone a nord, la piccola Grotta dei Baci: memorabile luogo!<\/p>\n<h2><span class=\"ez-toc-section\" id=\"Spiaggia_di_Tueredda\"><\/span>Spiaggia di Tueredda<span class=\"ez-toc-section-end\"><\/span><\/h2>\n<p>Situata fra Capo Malfatano e Spartivento, la spiaggia di Tueredda si estende all&#8217;interno di una baia , dove all&#8217;interno viene custodita, come un gioiello, la piccola Isola omonima, che si pu\u00f2 raggiungere a nuoto. L&#8217;arenile \u00e8 di sabbia bianca ma noi consigliamo diverso la parte ovest dell&#8217;arco, e giungere alla Baietta della Solitudine: un luogo magnetico e carico di spiritualit\u00e0 e bellezza.<\/p>\n<h2><span class=\"ez-toc-section\" id=\"Capo_Spartivento\"><\/span>Capo Spartivento<span class=\"ez-toc-section-end\"><\/span><\/h2>\n<p>Ci troviamo in un luogo di mezzo. Un pezzo di terra sarda che crea un giro di boa immaginario della regione, che proprio in questo punto comincia a risalire verso nord. Da qui il nome, visto che il vento da sud si infrange proprio qui. In questo punto si possono godere due dimensioni diverse della costa. Ma la premessa \u00e8 che per entrambe bisogna camminare 25 minuti dal parcheggio.<\/p>\n<p>Se dunque la cosa non vi scoraggia incontrerete prima la\u00a0<strong>spiaggia di Ferraglione<\/strong>. Una spiaggetta bianca di sabbia affiancata da scogli e di fronte due grandi scogli che emergono come due Isolette.<\/p>\n<p>Subito sulla destra, al di l\u00e0 della curva che fa la costa, si nasconde la seconda meta:\u00a0<strong>spiaggia dei Solitari<\/strong>. Una piccola insenatura dove vi sembrer\u00e0 davvero di staccare dal mondo intero. Autentica poesia marina.<\/p>\n<h2><span class=\"ez-toc-section\" id=\"Baia_di_Chia\"><\/span>Baia di Chia<span class=\"ez-toc-section-end\"><\/span><\/h2>\n<p><img loading=\"lazy\" decoding=\"async\" class=\"alignnone size-full wp-image-25256\" src=\"https:\/\/www.ignas.com\/it\/blog\/wp-content\/uploads\/2016\/03\/cala-cipolla.jpeg\" alt=\"spiaggia di Cala Cipolla vicino Chia\" width=\"750\" height=\"501\" srcset=\"https:\/\/www.ignas.com\/it\/blog\/wp-content\/uploads\/2016\/03\/cala-cipolla.jpeg 750w, https:\/\/www.ignas.com\/it\/blog\/wp-content\/uploads\/2016\/03\/cala-cipolla-300x200.jpeg 300w\" sizes=\"auto, (max-width: 750px) 100vw, 750px\" \/><\/p>\n<p>5 chilometri in cui si alternano scogli, sabbia sottile, isolotti, stagni e macchia mediterranea. Partiremo dalla prima spiaggia che incontriamo venendo da sud, proprio subito dopo Capo Spartivento, e risaliremo verso nord.<\/p>\n<h3><span class=\"ez-toc-section\" id=\"Cala_Cipolla\"><\/span>Cala Cipolla<span class=\"ez-toc-section-end\"><\/span><\/h3>\n<p>Piccola spiaggetta al riparo da due costoni che scendono fino al mare, caratterizzata da sabbia e alle spalle una fitta macchia mediterranea. La presenza di un piccolo chiosco e un parcheggio li vicino, rende il luogo anche confortevole.<\/p>\n<h3><span class=\"ez-toc-section\" id=\"Spiaggia_di_Sa_Colonia\"><\/span>Spiaggia di Sa Colonia<span class=\"ez-toc-section-end\"><\/span><\/h3>\n<p>Parlando di spiaggia in Sardegna non si pu\u00f2 non menzionare questo posto. Sulla sinistra si apre una stagnetto delizioso, e sulla destra la scogliera alla cui sommit\u00e0 domina un&#8217;antica Torre. La sabbia di seta completa un luogo da non perdere.<\/p>\n<h3><span class=\"ez-toc-section\" id=\"Spiaggia_di_Su_Portu\"><\/span>Spiaggia di Su Portu<span class=\"ez-toc-section-end\"><\/span><\/h3>\n<p>Alle spalle una pineta attrezzata, un spiaggetta ad arco sabbiosa, e ad appena 10 metri dalla riva una piccola Isola da esplorare. Un parcheggio comodo e la presenza di vari servizi nelle vicinanze la rendono una spiaggia adatta anche alle famiglie.<\/p>\n<h2><span class=\"ez-toc-section\" id=\"Porto_Giunco\"><\/span>Porto Giunco<span class=\"ez-toc-section-end\"><\/span><\/h2>\n<p>La spiaggia con due mari! Il primo \u00e8 quello turchese caraibico tipico della Sardegna. L&#8217;altro \u00e8 quello alle spalle, formato da uno stagno che ospita dei fantastici fenicotteri rosa al suo interno, facilissimi da fotografare e ammirare.<\/p>\n<p><img loading=\"lazy\" decoding=\"async\" class=\"alignnone size-full wp-image-25261\" src=\"https:\/\/www.ignas.com\/it\/blog\/wp-content\/uploads\/2016\/03\/punta-molentis.jpeg\" alt=\"spiaggia di Punta Molentis\" width=\"750\" height=\"500\" srcset=\"https:\/\/www.ignas.com\/it\/blog\/wp-content\/uploads\/2016\/03\/punta-molentis.jpeg 750w, https:\/\/www.ignas.com\/it\/blog\/wp-content\/uploads\/2016\/03\/punta-molentis-300x200.jpeg 300w\" sizes=\"auto, (max-width: 750px) 100vw, 750px\" \/><\/p>\n<h2><span class=\"ez-toc-section\" id=\"Punta_Molentis\"><\/span>Punta Molentis<span class=\"ez-toc-section-end\"><\/span><\/h2>\n<p>Considerata fra le 10 spiagge pi\u00f9 belle del mondo da Lonely Planet. Questo pezzo di costa \u00e8 cosi tanto preso di mira che in alta stagione vige il numero chiuso di persone (max 400). Il consiglio quindi \u00e8 quello di andare quando ancora non \u00e8 cosi popolato, per potere godere di tutte le bellezze che un luogo cos\u00ec conserva. Fra le cose che raccomandiamo, c&#8217;\u00e8 senza ombra di dubbio quella di andare a visitare l&#8217;antica cava di granito che ancora \u00e8 visibile sulla punta della penisola che si affaccia sul mare.<\/p>\n<div class=\"vlp-link-container vlp-layout-basic\"><a href=\"https:\/\/www.ignas.com\/it\/offerte-vacanze-sardegna\/cala-gonone\/cala-gonone-beach-village?pkg_code=20240101_calagonone\" class=\"vlp-link\" title=\"Club Esse Cala Gonone, 4 stelle, Cala Gonone (NU) | Ignas Tour\" rel=\"nofollow\" target=\"_blank\"><\/a><div class=\"vlp-layout-zone-side\"><div class=\"vlp-block-2 vlp-link-image\"><img loading=\"lazy\" decoding=\"async\" style=\"max-width: 150px;\" width=\"150\" height=\"94\" src=\"https:\/\/www.ignas.com\/it\/blog\/wp-content\/uploads\/2016\/03\/Club-Esse-Shardana.jpg\" class=\"attachment-150x999 size-150x999\" alt=\"\" srcset=\"https:\/\/www.ignas.com\/it\/blog\/wp-content\/uploads\/2016\/03\/Club-Esse-Shardana.jpg 1000w, https:\/\/www.ignas.com\/it\/blog\/wp-content\/uploads\/2016\/03\/Club-Esse-Shardana-300x188.jpg 300w, https:\/\/www.ignas.com\/it\/blog\/wp-content\/uploads\/2016\/03\/Club-Esse-Shardana-768x480.jpg 768w, https:\/\/www.ignas.com\/it\/blog\/wp-content\/uploads\/2016\/03\/Club-Esse-Shardana-320x200.jpg 320w\" sizes=\"auto, (max-width: 150px) 100vw, 150px\" \/><\/div><\/div><div class=\"vlp-layout-zone-main\"><div class=\"vlp-block-0 vlp-link-title\">Club Esse Cala Gonone, 4 stelle, Cala Gonone (NU) | Ignas Tour<\/div><div class=\"vlp-block-1 vlp-link-summary\">Pensione completa e Traghetto in questo Resort vicino a Cala Fuili e Cala Luna.<\/div><\/div><\/div>\n<h2><\/h2>\n<h2><span class=\"ez-toc-section\" id=\"Costa_Rei\"><\/span>Costa Rei<span class=\"ez-toc-section-end\"><\/span><\/h2>\n<p>Fra le spiagge Sardegna questo litorale rimane bello, esteso e sicuramente fra i pi\u00f9 semplici da vivere, senza rinunciare ai tipici colori sgargianti e strepitosi della regione sarda. Si tratta di quasi 5 km di spiaggia, sabbiosa e bianca, il cui fondale che degrada dolcemente, custodisce a pochi metri dalla riva scogli e flora marina perfetti per chi ama lo snorkeling. La spiaggia prende il nome dal camune che si estende alle sue spalle, e che grazie alla presenza di negozi, lungomare e altri servizi, lo rende perfetto per le famiglie.<\/p>\n<p>Essendo cos\u00ec estesa sar\u00e0 sempre possibile trovare un posto dove non sentirsi nella calca, e trovare il posto giusto dove viversi il mare nella dimensione d&#8217;intimit\u00e0 e natura libera.<\/p>\n","protected":false},"excerpt":{"rendered":"<p>E&#8217; la regione italiana con la costa pi\u00f9 lunga, ben 1.850 km. Ed essendo anche una fra le terre emerse pi\u00f9 antiche del mondo (600 milioni di anni) ne consegue che l&#8217;argomento spiagge Sardegna\u00a0sia una miniera infinita di informazioni. Da Ogliastra alla Costa Smeralda, dalla Gallura da Oristano a Carbonia, \u00e8 un mondo da scoprire. [&hellip;]<\/p>\n","protected":false},"author":2,"featured_media":25246,"comment_status":"open","ping_status":"open","sticky":false,"template":"","format":"standard","meta":{"_acf_changed":false,"inline_featured_image":false,"_lmt_disableupdate":"no","_lmt_disable":"no","_monsterinsights_skip_tracking":false,"_monsterinsights_sitenote_active":false,"_monsterinsights_sitenote_note":"","_monsterinsights_sitenote_category":0,"footnotes":""},"categories":[3],"tags":[],"class_list":["post-22962","post","type-post","status-publish","format-standard","has-post-thumbnail","hentry","category-terre-di-mare"],"acf":[],"yoast_head":"<!-- This site is optimized with the Yoast SEO plugin v27.5 - https:\/\/yoast.com\/product\/yoast-seo-wordpress\/ -->\n<title>Spiagge Sardegna: le pi\u00f9 iconiche e le meno conosciute - Ignas Tour<\/title>\n<meta name=\"description\" content=\"Lista delle migliori spiagge Sardegna: da Ogliastra alla Gallura, da Carbonia fino alla Pelosa, ma anche quelle meno conosciute.\" \/>\n<meta name=\"robots\" content=\"index, follow, max-snippet:-1, max-image-preview:large, max-video-preview:-1\" \/>\n<link rel=\"canonical\" href=\"https:\/\/www.ignas.com\/it\/blog\/le-migliori-spiagge-in-sardegna\/\" \/>\n<meta property=\"og:locale\" content=\"it_IT\" \/>\n<meta property=\"og:type\" content=\"article\" \/>\n<meta property=\"og:title\" content=\"Spiagge Sardegna: le pi\u00f9 iconiche e le meno conosciute - Ignas Tour\" \/>\n<meta property=\"og:description\" content=\"Lista delle migliori spiagge Sardegna: da Ogliastra alla Gallura, da Carbonia fino alla Pelosa, ma anche quelle meno conosciute.\" \/>\n<meta property=\"og:url\" content=\"https:\/\/www.ignas.com\/it\/blog\/le-migliori-spiagge-in-sardegna\/\" \/>\n<meta property=\"og:site_name\" content=\"Ignas Tour\" \/>\n<meta property=\"article:published_time\" content=\"2016-03-07T23:00:00+00:00\" \/>\n<meta property=\"article:modified_time\" content=\"2024-05-08T12:20:15+00:00\" \/>\n<meta property=\"og:image\" content=\"https:\/\/www.ignas.com\/it\/blog\/wp-content\/uploads\/2016\/03\/spiagge-sardegna.jpeg\" \/>\n\t<meta property=\"og:image:width\" content=\"750\" \/>\n\t<meta property=\"og:image:height\" content=\"375\" \/>\n\t<meta property=\"og:image:type\" content=\"image\/jpeg\" \/>\n<meta name=\"author\" content=\"Fabrizio\" \/>\n<meta name=\"twitter:card\" content=\"summary_large_image\" \/>\n<meta name=\"twitter:label1\" content=\"Scritto da\" \/>\n\t<meta name=\"twitter:data1\" content=\"Fabrizio\" \/>\n\t<meta name=\"twitter:label2\" content=\"Tempo di lettura stimato\" \/>\n\t<meta name=\"twitter:data2\" content=\"20 minuti\" \/>\n<script type=\"application\/ld+json\" class=\"yoast-schema-graph\">{\"@context\":\"https:\\\/\\\/schema.org\",\"@graph\":[{\"@type\":\"Article\",\"@id\":\"https:\\\/\\\/www.ignas.com\\\/it\\\/blog\\\/le-migliori-spiagge-in-sardegna\\\/#article\",\"isPartOf\":{\"@id\":\"https:\\\/\\\/www.ignas.com\\\/it\\\/blog\\\/le-migliori-spiagge-in-sardegna\\\/\"},\"author\":{\"name\":\"Fabrizio\",\"@id\":\"https:\\\/\\\/www.ignas.com\\\/it\\\/blog\\\/#\\\/schema\\\/person\\\/cb41520c07db292cc5a20ce104e28a1d\"},\"headline\":\"Spiagge Sardegna: le pi\u00f9 iconiche e le meno conosciute\",\"datePublished\":\"2016-03-07T23:00:00+00:00\",\"dateModified\":\"2024-05-08T12:20:15+00:00\",\"mainEntityOfPage\":{\"@id\":\"https:\\\/\\\/www.ignas.com\\\/it\\\/blog\\\/le-migliori-spiagge-in-sardegna\\\/\"},\"wordCount\":3443,\"commentCount\":0,\"publisher\":{\"@id\":\"https:\\\/\\\/www.ignas.com\\\/it\\\/blog\\\/#organization\"},\"image\":{\"@id\":\"https:\\\/\\\/www.ignas.com\\\/it\\\/blog\\\/le-migliori-spiagge-in-sardegna\\\/#primaryimage\"},\"thumbnailUrl\":\"https:\\\/\\\/www.ignas.com\\\/it\\\/blog\\\/wp-content\\\/uploads\\\/2016\\\/03\\\/spiagge-sardegna.jpeg\",\"articleSection\":[\"Terre di mare\"],\"inLanguage\":\"it-IT\",\"potentialAction\":[{\"@type\":\"CommentAction\",\"name\":\"Comment\",\"target\":[\"https:\\\/\\\/www.ignas.com\\\/it\\\/blog\\\/le-migliori-spiagge-in-sardegna\\\/#respond\"]}]},{\"@type\":\"WebPage\",\"@id\":\"https:\\\/\\\/www.ignas.com\\\/it\\\/blog\\\/le-migliori-spiagge-in-sardegna\\\/\",\"url\":\"https:\\\/\\\/www.ignas.com\\\/it\\\/blog\\\/le-migliori-spiagge-in-sardegna\\\/\",\"name\":\"Spiagge Sardegna: le pi\u00f9 iconiche e le meno conosciute - Ignas Tour\",\"isPartOf\":{\"@id\":\"https:\\\/\\\/www.ignas.com\\\/it\\\/blog\\\/#website\"},\"primaryImageOfPage\":{\"@id\":\"https:\\\/\\\/www.ignas.com\\\/it\\\/blog\\\/le-migliori-spiagge-in-sardegna\\\/#primaryimage\"},\"image\":{\"@id\":\"https:\\\/\\\/www.ignas.com\\\/it\\\/blog\\\/le-migliori-spiagge-in-sardegna\\\/#primaryimage\"},\"thumbnailUrl\":\"https:\\\/\\\/www.ignas.com\\\/it\\\/blog\\\/wp-content\\\/uploads\\\/2016\\\/03\\\/spiagge-sardegna.jpeg\",\"datePublished\":\"2016-03-07T23:00:00+00:00\",\"dateModified\":\"2024-05-08T12:20:15+00:00\",\"description\":\"Lista delle migliori spiagge Sardegna: da Ogliastra alla Gallura, da Carbonia fino alla Pelosa, ma anche quelle meno conosciute.\",\"breadcrumb\":{\"@id\":\"https:\\\/\\\/www.ignas.com\\\/it\\\/blog\\\/le-migliori-spiagge-in-sardegna\\\/#breadcrumb\"},\"inLanguage\":\"it-IT\",\"potentialAction\":[{\"@type\":\"ReadAction\",\"target\":[\"https:\\\/\\\/www.ignas.com\\\/it\\\/blog\\\/le-migliori-spiagge-in-sardegna\\\/\"]}]},{\"@type\":\"ImageObject\",\"inLanguage\":\"it-IT\",\"@id\":\"https:\\\/\\\/www.ignas.com\\\/it\\\/blog\\\/le-migliori-spiagge-in-sardegna\\\/#primaryimage\",\"url\":\"https:\\\/\\\/www.ignas.com\\\/it\\\/blog\\\/wp-content\\\/uploads\\\/2016\\\/03\\\/spiagge-sardegna.jpeg\",\"contentUrl\":\"https:\\\/\\\/www.ignas.com\\\/it\\\/blog\\\/wp-content\\\/uploads\\\/2016\\\/03\\\/spiagge-sardegna.jpeg\",\"width\":750,\"height\":375,\"caption\":\"spiaggia dorata di sabbua fine a forma di ferro di cavallo incontra il mare turchese della Sardegna. La natura verdeggiante incornicia la foto.\"},{\"@type\":\"BreadcrumbList\",\"@id\":\"https:\\\/\\\/www.ignas.com\\\/it\\\/blog\\\/le-migliori-spiagge-in-sardegna\\\/#breadcrumb\",\"itemListElement\":[{\"@type\":\"ListItem\",\"position\":1,\"name\":\"Home\",\"item\":\"https:\\\/\\\/www.ignas.com\\\/it\\\/blog\\\/\"},{\"@type\":\"ListItem\",\"position\":2,\"name\":\"Spiagge Sardegna: le pi\u00f9 iconiche e le meno conosciute\"}]},{\"@type\":\"WebSite\",\"@id\":\"https:\\\/\\\/www.ignas.com\\\/it\\\/blog\\\/#website\",\"url\":\"https:\\\/\\\/www.ignas.com\\\/it\\\/blog\\\/\",\"name\":\"Ignas Tour\",\"description\":\"\",\"publisher\":{\"@id\":\"https:\\\/\\\/www.ignas.com\\\/it\\\/blog\\\/#organization\"},\"potentialAction\":[{\"@type\":\"SearchAction\",\"target\":{\"@type\":\"EntryPoint\",\"urlTemplate\":\"https:\\\/\\\/www.ignas.com\\\/it\\\/blog\\\/?s={search_term_string}\"},\"query-input\":{\"@type\":\"PropertyValueSpecification\",\"valueRequired\":true,\"valueName\":\"search_term_string\"}}],\"inLanguage\":\"it-IT\"},{\"@type\":\"Organization\",\"@id\":\"https:\\\/\\\/www.ignas.com\\\/it\\\/blog\\\/#organization\",\"name\":\"Ignas Tour\",\"url\":\"https:\\\/\\\/www.ignas.com\\\/it\\\/blog\\\/\",\"logo\":{\"@type\":\"ImageObject\",\"inLanguage\":\"it-IT\",\"@id\":\"https:\\\/\\\/www.ignas.com\\\/it\\\/blog\\\/#\\\/schema\\\/logo\\\/image\\\/\",\"url\":\"https:\\\/\\\/www.ignas.com\\\/it\\\/blog\\\/wp-content\\\/uploads\\\/2020\\\/01\\\/logo-ignas-com-200.png\",\"contentUrl\":\"https:\\\/\\\/www.ignas.com\\\/it\\\/blog\\\/wp-content\\\/uploads\\\/2020\\\/01\\\/logo-ignas-com-200.png\",\"width\":1147,\"height\":329,\"caption\":\"Ignas Tour\"},\"image\":{\"@id\":\"https:\\\/\\\/www.ignas.com\\\/it\\\/blog\\\/#\\\/schema\\\/logo\\\/image\\\/\"}},{\"@type\":\"Person\",\"@id\":\"https:\\\/\\\/www.ignas.com\\\/it\\\/blog\\\/#\\\/schema\\\/person\\\/cb41520c07db292cc5a20ce104e28a1d\",\"name\":\"Fabrizio\",\"image\":{\"@type\":\"ImageObject\",\"inLanguage\":\"it-IT\",\"@id\":\"https:\\\/\\\/secure.gravatar.com\\\/avatar\\\/e17f60c58ebe3feb555b9028681e30cfd921758bbdd1f8e9816f1d7d08c1bd9f?s=96&d=mm&r=g\",\"url\":\"https:\\\/\\\/secure.gravatar.com\\\/avatar\\\/e17f60c58ebe3feb555b9028681e30cfd921758bbdd1f8e9816f1d7d08c1bd9f?s=96&d=mm&r=g\",\"contentUrl\":\"https:\\\/\\\/secure.gravatar.com\\\/avatar\\\/e17f60c58ebe3feb555b9028681e30cfd921758bbdd1f8e9816f1d7d08c1bd9f?s=96&d=mm&r=g\",\"caption\":\"Fabrizio\"},\"description\":\"Seo Copywriter\"}]}<\/script>\n<!-- \/ Yoast SEO plugin. -->","yoast_head_json":{"title":"Spiagge Sardegna: le pi\u00f9 iconiche e le meno conosciute - Ignas Tour","description":"Lista delle migliori spiagge Sardegna: da Ogliastra alla Gallura, da Carbonia fino alla Pelosa, ma anche quelle meno conosciute.","robots":{"index":"index","follow":"follow","max-snippet":"max-snippet:-1","max-image-preview":"max-image-preview:large","max-video-preview":"max-video-preview:-1"},"canonical":"https:\/\/www.ignas.com\/it\/blog\/le-migliori-spiagge-in-sardegna\/","og_locale":"it_IT","og_type":"article","og_title":"Spiagge Sardegna: le pi\u00f9 iconiche e le meno conosciute - Ignas Tour","og_description":"Lista delle migliori spiagge Sardegna: da Ogliastra alla Gallura, da Carbonia fino alla Pelosa, ma anche quelle meno conosciute.","og_url":"https:\/\/www.ignas.com\/it\/blog\/le-migliori-spiagge-in-sardegna\/","og_site_name":"Ignas Tour","article_published_time":"2016-03-07T23:00:00+00:00","article_modified_time":"2024-05-08T12:20:15+00:00","og_image":[{"width":750,"height":375,"url":"https:\/\/www.ignas.com\/it\/blog\/wp-content\/uploads\/2016\/03\/spiagge-sardegna.jpeg","type":"image\/jpeg"}],"author":"Fabrizio","twitter_card":"summary_large_image","twitter_misc":{"Scritto da":"Fabrizio","Tempo di lettura stimato":"20 minuti"},"schema":{"@context":"https:\/\/schema.org","@graph":[{"@type":"Article","@id":"https:\/\/www.ignas.com\/it\/blog\/le-migliori-spiagge-in-sardegna\/#article","isPartOf":{"@id":"https:\/\/www.ignas.com\/it\/blog\/le-migliori-spiagge-in-sardegna\/"},"author":{"name":"Fabrizio","@id":"https:\/\/www.ignas.com\/it\/blog\/#\/schema\/person\/cb41520c07db292cc5a20ce104e28a1d"},"headline":"Spiagge Sardegna: le pi\u00f9 iconiche e le meno conosciute","datePublished":"2016-03-07T23:00:00+00:00","dateModified":"2024-05-08T12:20:15+00:00","mainEntityOfPage":{"@id":"https:\/\/www.ignas.com\/it\/blog\/le-migliori-spiagge-in-sardegna\/"},"wordCount":3443,"commentCount":0,"publisher":{"@id":"https:\/\/www.ignas.com\/it\/blog\/#organization"},"image":{"@id":"https:\/\/www.ignas.com\/it\/blog\/le-migliori-spiagge-in-sardegna\/#primaryimage"},"thumbnailUrl":"https:\/\/www.ignas.com\/it\/blog\/wp-content\/uploads\/2016\/03\/spiagge-sardegna.jpeg","articleSection":["Terre di mare"],"inLanguage":"it-IT","potentialAction":[{"@type":"CommentAction","name":"Comment","target":["https:\/\/www.ignas.com\/it\/blog\/le-migliori-spiagge-in-sardegna\/#respond"]}]},{"@type":"WebPage","@id":"https:\/\/www.ignas.com\/it\/blog\/le-migliori-spiagge-in-sardegna\/","url":"https:\/\/www.ignas.com\/it\/blog\/le-migliori-spiagge-in-sardegna\/","name":"Spiagge Sardegna: le pi\u00f9 iconiche e le meno conosciute - Ignas Tour","isPartOf":{"@id":"https:\/\/www.ignas.com\/it\/blog\/#website"},"primaryImageOfPage":{"@id":"https:\/\/www.ignas.com\/it\/blog\/le-migliori-spiagge-in-sardegna\/#primaryimage"},"image":{"@id":"https:\/\/www.ignas.com\/it\/blog\/le-migliori-spiagge-in-sardegna\/#primaryimage"},"thumbnailUrl":"https:\/\/www.ignas.com\/it\/blog\/wp-content\/uploads\/2016\/03\/spiagge-sardegna.jpeg","datePublished":"2016-03-07T23:00:00+00:00","dateModified":"2024-05-08T12:20:15+00:00","description":"Lista delle migliori spiagge Sardegna: da Ogliastra alla Gallura, da Carbonia fino alla Pelosa, ma anche quelle meno conosciute.","breadcrumb":{"@id":"https:\/\/www.ignas.com\/it\/blog\/le-migliori-spiagge-in-sardegna\/#breadcrumb"},"inLanguage":"it-IT","potentialAction":[{"@type":"ReadAction","target":["https:\/\/www.ignas.com\/it\/blog\/le-migliori-spiagge-in-sardegna\/"]}]},{"@type":"ImageObject","inLanguage":"it-IT","@id":"https:\/\/www.ignas.com\/it\/blog\/le-migliori-spiagge-in-sardegna\/#primaryimage","url":"https:\/\/www.ignas.com\/it\/blog\/wp-content\/uploads\/2016\/03\/spiagge-sardegna.jpeg","contentUrl":"https:\/\/www.ignas.com\/it\/blog\/wp-content\/uploads\/2016\/03\/spiagge-sardegna.jpeg","width":750,"height":375,"caption":"spiaggia dorata di sabbua fine a forma di ferro di cavallo incontra il mare turchese della Sardegna. La natura verdeggiante incornicia la foto."},{"@type":"BreadcrumbList","@id":"https:\/\/www.ignas.com\/it\/blog\/le-migliori-spiagge-in-sardegna\/#breadcrumb","itemListElement":[{"@type":"ListItem","position":1,"name":"Home","item":"https:\/\/www.ignas.com\/it\/blog\/"},{"@type":"ListItem","position":2,"name":"Spiagge Sardegna: le pi\u00f9 iconiche e le meno conosciute"}]},{"@type":"WebSite","@id":"https:\/\/www.ignas.com\/it\/blog\/#website","url":"https:\/\/www.ignas.com\/it\/blog\/","name":"Ignas Tour","description":"","publisher":{"@id":"https:\/\/www.ignas.com\/it\/blog\/#organization"},"potentialAction":[{"@type":"SearchAction","target":{"@type":"EntryPoint","urlTemplate":"https:\/\/www.ignas.com\/it\/blog\/?s={search_term_string}"},"query-input":{"@type":"PropertyValueSpecification","valueRequired":true,"valueName":"search_term_string"}}],"inLanguage":"it-IT"},{"@type":"Organization","@id":"https:\/\/www.ignas.com\/it\/blog\/#organization","name":"Ignas Tour","url":"https:\/\/www.ignas.com\/it\/blog\/","logo":{"@type":"ImageObject","inLanguage":"it-IT","@id":"https:\/\/www.ignas.com\/it\/blog\/#\/schema\/logo\/image\/","url":"https:\/\/www.ignas.com\/it\/blog\/wp-content\/uploads\/2020\/01\/logo-ignas-com-200.png","contentUrl":"https:\/\/www.ignas.com\/it\/blog\/wp-content\/uploads\/2020\/01\/logo-ignas-com-200.png","width":1147,"height":329,"caption":"Ignas Tour"},"image":{"@id":"https:\/\/www.ignas.com\/it\/blog\/#\/schema\/logo\/image\/"}},{"@type":"Person","@id":"https:\/\/www.ignas.com\/it\/blog\/#\/schema\/person\/cb41520c07db292cc5a20ce104e28a1d","name":"Fabrizio","image":{"@type":"ImageObject","inLanguage":"it-IT","@id":"https:\/\/secure.gravatar.com\/avatar\/e17f60c58ebe3feb555b9028681e30cfd921758bbdd1f8e9816f1d7d08c1bd9f?s=96&d=mm&r=g","url":"https:\/\/secure.gravatar.com\/avatar\/e17f60c58ebe3feb555b9028681e30cfd921758bbdd1f8e9816f1d7d08c1bd9f?s=96&d=mm&r=g","contentUrl":"https:\/\/secure.gravatar.com\/avatar\/e17f60c58ebe3feb555b9028681e30cfd921758bbdd1f8e9816f1d7d08c1bd9f?s=96&d=mm&r=g","caption":"Fabrizio"},"description":"Seo Copywriter"}]}},"modified_by":"Team di Ignas Tour","_links":{"self":[{"href":"https:\/\/www.ignas.com\/it\/blog\/wp-json\/wp\/v2\/posts\/22962","targetHints":{"allow":["GET"]}}],"collection":[{"href":"https:\/\/www.ignas.com\/it\/blog\/wp-json\/wp\/v2\/posts"}],"about":[{"href":"https:\/\/www.ignas.com\/it\/blog\/wp-json\/wp\/v2\/types\/post"}],"author":[{"embeddable":true,"href":"https:\/\/www.ignas.com\/it\/blog\/wp-json\/wp\/v2\/users\/2"}],"replies":[{"embeddable":true,"href":"https:\/\/www.ignas.com\/it\/blog\/wp-json\/wp\/v2\/comments?post=22962"}],"version-history":[{"count":12,"href":"https:\/\/www.ignas.com\/it\/blog\/wp-json\/wp\/v2\/posts\/22962\/revisions"}],"predecessor-version":[{"id":27500,"href":"https:\/\/www.ignas.com\/it\/blog\/wp-json\/wp\/v2\/posts\/22962\/revisions\/27500"}],"wp:featuredmedia":[{"embeddable":true,"href":"https:\/\/www.ignas.com\/it\/blog\/wp-json\/wp\/v2\/media\/25246"}],"wp:attachment":[{"href":"https:\/\/www.ignas.com\/it\/blog\/wp-json\/wp\/v2\/media?parent=22962"}],"wp:term":[{"taxonomy":"category","embeddable":true,"href":"https:\/\/www.ignas.com\/it\/blog\/wp-json\/wp\/v2\/categories?post=22962"},{"taxonomy":"post_tag","embeddable":true,"href":"https:\/\/www.ignas.com\/it\/blog\/wp-json\/wp\/v2\/tags?post=22962"}],"curies":[{"name":"wp","href":"https:\/\/api.w.org\/{rel}","templated":true}]}}