{"id":22942,"date":"2016-04-20T00:00:00","date_gmt":"2016-04-19T22:00:00","guid":{"rendered":"http:\/\/52.212.170.109\/trulli-di-alberobello-2"},"modified":"2024-05-08T16:37:14","modified_gmt":"2024-05-08T14:37:14","slug":"trulli-di-alberobello","status":"publish","type":"post","link":"https:\/\/www.ignas.com\/it\/blog\/trulli-di-alberobello\/","title":{"rendered":"I trulli di Alberobello"},"content":{"rendered":"<p style=\"text-align: justify;\">Il bianco \u00e8 il colore che caratterizza i <strong>Trulli<\/strong>\u00a0di <strong>Alberobello<\/strong>: viuzze strette e vicoli lastricati lungo cui si delineano i bianchi profili dei<strong> trulli<\/strong>, le tipiche costruzioni in pietra di questa zona. Scopriamo insieme cosa ha reso queste strutture Patrimonio Unesco.<\/p>\n<p><iframe loading=\"lazy\" src=\"https:\/\/www.youtube.com\/embed\/If8sNVg56b4\" width=\"560\" height=\"315\" frameborder=\"0\" allowfullscreen=\"allowfullscreen\"><\/iframe><\/p>\n<h4><\/h4>\n<h2 style=\"text-align: justify;\"><span class=\"ez-toc-section\" id=\"La_storia_dei_trulli_di_Alberobello\"><\/span>La storia dei trulli di Alberobello<span class=\"ez-toc-section-end\"><\/span><\/h2><div id=\"ez-toc-container\" class=\"ez-toc-v2_0_82_2 counter-hierarchy ez-toc-counter ez-toc-white ez-toc-container-direction\">\n<div class=\"ez-toc-title-container\">\n<p class=\"ez-toc-title\" style=\"cursor:inherit\"><\/p>\n<span class=\"ez-toc-title-toggle\"><a href=\"#\" class=\"ez-toc-pull-right ez-toc-btn ez-toc-btn-xs ez-toc-btn-default ez-toc-toggle\" aria-label=\"Toggle Table of Content\"><span class=\"ez-toc-js-icon-con\"><span class=\"\"><span class=\"eztoc-hide\" style=\"display:none;\">Toggle<\/span><span class=\"ez-toc-icon-toggle-span\"><svg style=\"fill: #999;color:#999\" xmlns=\"http:\/\/www.w3.org\/2000\/svg\" class=\"list-377408\" width=\"20px\" height=\"20px\" viewBox=\"0 0 24 24\" fill=\"none\"><path d=\"M6 6H4v2h2V6zm14 0H8v2h12V6zM4 11h2v2H4v-2zm16 0H8v2h12v-2zM4 16h2v2H4v-2zm16 0H8v2h12v-2z\" fill=\"currentColor\"><\/path><\/svg><svg style=\"fill: #999;color:#999\" class=\"arrow-unsorted-368013\" xmlns=\"http:\/\/www.w3.org\/2000\/svg\" width=\"10px\" height=\"10px\" viewBox=\"0 0 24 24\" version=\"1.2\" baseProfile=\"tiny\"><path d=\"M18.2 9.3l-6.2-6.3-6.2 6.3c-.2.2-.3.4-.3.7s.1.5.3.7c.2.2.4.3.7.3h11c.3 0 .5-.1.7-.3.2-.2.3-.5.3-.7s-.1-.5-.3-.7zM5.8 14.7l6.2 6.3 6.2-6.3c.2-.2.3-.5.3-.7s-.1-.5-.3-.7c-.2-.2-.4-.3-.7-.3h-11c-.3 0-.5.1-.7.3-.2.2-.3.5-.3.7s.1.5.3.7z\"\/><\/svg><\/span><\/span><\/span><\/a><\/span><\/div>\n<nav><ul class='ez-toc-list ez-toc-list-level-1 eztoc-toggle-hide-by-default' ><li class='ez-toc-page-1 ez-toc-heading-level-2'><a class=\"ez-toc-link ez-toc-heading-1\" href=\"https:\/\/www.ignas.com\/it\/blog\/trulli-di-alberobello\/#La_storia_dei_trulli_di_Alberobello\" >La storia dei trulli di Alberobello<\/a><\/li><li class='ez-toc-page-1 ez-toc-heading-level-2'><a class=\"ez-toc-link ez-toc-heading-2\" href=\"https:\/\/www.ignas.com\/it\/blog\/trulli-di-alberobello\/#Quali_trulli_vedere_ad_Alberobello\" >Quali trulli vedere ad Alberobello<\/a><\/li><li class='ez-toc-page-1 ez-toc-heading-level-2'><a class=\"ez-toc-link ez-toc-heading-3\" href=\"https:\/\/www.ignas.com\/it\/blog\/trulli-di-alberobello\/#Trulli_in_affitto_o_meglio_solo_visitarli\" >Trulli in affitto o meglio solo visitarli?<\/a><\/li><li class='ez-toc-page-1 ez-toc-heading-level-2'><a class=\"ez-toc-link ez-toc-heading-4\" href=\"https:\/\/www.ignas.com\/it\/blog\/trulli-di-alberobello\/#Dove_si_trovano_i_Trulli\" >Dove si trovano i Trulli<\/a><\/li><\/ul><\/nav><\/div>\n\n<p style=\"text-align: justify;\">I<strong> trulli<\/strong>, dal latino<em> turris<\/em> che significa cupola, sono edifici di tradizione millenaria dalla tipica forma a cilindro sormontato da una cupola a cono, costruiti esclusivamente in pietra locale posta a secco, senza calce n\u00e9 malte, con un magico gioco di incastri e geometrie che resistono nel tempo.<\/p>\n<p style=\"text-align: justify;\"><strong>Alberobello<\/strong> \u00e8 una ridente cittadina la cui architettura \u00e8 legata principalmente a queste particolari costruzioni, piccole e accoglienti, che nel corso degli anni si sono moltiplicate lungo le vie, sono poi state dismesse nel corso degli anni, preferite a casa moderne, pi\u00f9 confortevoli e pi\u00f9 ampie, ma che negli ultimi anni sono state riscoperte. Il ritorno alle origini, alla tradizione e all&#8217;artigianato ha permesso di recuperare e salvare molti <strong>trulli<\/strong>, sparsi soprattutto per le campagne attorno ad <strong>Alberobello <\/strong>e nella <strong>Valle d&#8217;Itria<\/strong>, ricostruendoli e restaurandoli con attenzione ai particolari e alle tecniche antiche. Ora questi bianche casette dalla cupola grigia si sono trasformate in ambite e richiestissime abitazioni per le vacanze o per soggiorni nell&#8217;entroterra pugliese. Si stima che i<strong> trulli<\/strong> nascano in epoca preistorica nella <strong>Valle d&#8217;Itria<\/strong>, quelli di <strong>Alberobello<\/strong> risalgono invece al XIV secolo, quando questa terra aspra e disabitata, fu pian piano popolata e i nuovi insediamenti furono costruiti con queste abitazioni, fatte con materiali trovati sul posto, economici e facilmente reperibili.<\/p>\n<h4><a class=\"button btnBlogCTA\" href=\"https:\/\/www.ignas.com\/it\/offerte-vacanze-puglia\" target=\"_blank\" rel=\"noopener noreferrer\">Visita i Trulli di Alberobello, vai in Puglia<\/a><\/h4>\n<p><img loading=\"lazy\" decoding=\"async\" class=\"alignnone size-full wp-image-24319\" src=\"https:\/\/www.ignas.com\/it\/blog\/wp-content\/uploads\/2016\/04\/alberobello-trulli.jpg\" alt=\"panoramica dei trulli\" width=\"800\" height=\"532\" srcset=\"https:\/\/www.ignas.com\/it\/blog\/wp-content\/uploads\/2016\/04\/alberobello-trulli.jpg 800w, https:\/\/www.ignas.com\/it\/blog\/wp-content\/uploads\/2016\/04\/alberobello-trulli-300x200.jpg 300w, https:\/\/www.ignas.com\/it\/blog\/wp-content\/uploads\/2016\/04\/alberobello-trulli-768x511.jpg 768w\" sizes=\"auto, (max-width: 800px) 100vw, 800px\" \/><\/p>\n<h2 style=\"text-align: justify;\"><span class=\"ez-toc-section\" id=\"Quali_trulli_vedere_ad_Alberobello\"><\/span>Quali trulli vedere ad Alberobello<span class=\"ez-toc-section-end\"><\/span><\/h2>\n<p style=\"text-align: justify;\">La cittadina di Alberobello \u00e8 la <strong>patria dei trulli<\/strong> o meglio la capitale, qui infatti se ne trova una grande concentrazione e interi quartieri di questo borgo dell&#8217;entroterra barese sono composti da queste mitiche costruzioni. Dalle colline attorno ad Alberobello si pu\u00f2 osservare questa piccola distesa di piccole cupole grigie sovrastate da un piccolo pinnacolo e in qualche caso decorate con disegni e simboli in pietra bianca. Alcune zone della cittadina sono veri e propri antichi <strong>borghi di trulli<\/strong> che con il passare del tempo si sono aggregati in un&#8217;unica cittadina.<\/p>\n<p style=\"text-align: justify;\">E&#8217; il caso dei 1030 trulli siamesi, ovvero con doppia facciata, doppio pinnacolo, focolare basso e privi di finestre, accorpati nella zona di <strong>Monti<\/strong>, molto suggestiva e particolare, con la pi\u00f9 alta concentrazione di queste tipiche casette in pietra. Il borgo-rione di <strong>Aja Piccola <\/strong>\u00e8 caratterizzato invece da una fitta rete di vicoli stretti e tortuosi in pietra levigata dal tempo, fiancheggiati da queste immacolate casette con la porticina aperta sulla via, costruite una a fianco all&#8217;altra con qualche vigna o bouganville a dare colore e spezzare la gamma di bianchi e di grigi.<\/p>\n<p style=\"text-align: justify;\">Percorrendo queste vie si respira un&#8217;atmosfera mitica e quasi magica, si sente la forza della terra e della tradizione, si ammira l&#8217;opera dell&#8217;uomo. Varcando la soglia di un trullo si entra poi in un mondo dal sentore arcaico: pareti di pietra viva, poca calce a ricoprire le volte perfette della cupola, quasi sempre la struttura interna del trullo si compone di una camera principale dove si trova la cucina e il focolare, fulcro della casa e della vita, e attorno a cui si aprono le varie piccole stanze. Gli spazi sono ristretti e l&#8217;atmosfera \u00e8 veramente intima e familiare. Ad <strong>Alberobello<\/strong> si trovano poi tre trulli principali: il <strong>trullo sovrano<\/strong> a due piani che ospita ora un museo, il trullo denominato <strong>Casa dell&#8217;Amore<\/strong>, sede dell&#8217;ufficio del turismo e perfino la <strong>Chiesa di Sant&#8217;Antonio<\/strong>, anch&#8217;essa a forma di trullo, molto monumentale e interessante dal punto di vista artistico ed architettonico.<\/p>\n<h2><span class=\"ez-toc-section\" id=\"Trulli_in_affitto_o_meglio_solo_visitarli\"><\/span>Trulli in affitto o meglio solo visitarli?<span class=\"ez-toc-section-end\"><\/span><\/h2>\n<p>La risposta come sempre \u00e8 una sola: dipende! Da cosa ve lo diciamo subito.<\/p>\n<p>Vi sono strutture meravigliose, rese tali da lavori di ristrutturazione che hanno reso il Trullo una casa con tutti i confort per i loro ospiti. In altri (rari) casi per\u00f2 si pu\u00f2 finire nelle mani di persone che improvvisano Trulli di loro propriet\u00e0 come alloggi turistici. In questo ultimo caso \u00e8 chiaramente sconsigliato. Per cui affidarsi ad un&#8217;agenzia rimane sempre la scelta migliore. Per chi invece vuole visitare i Trulli in giornata e tornare al proprio villaggio sul mare, la posizione di Alberobello aiuta anche in questo senso. Vediamo insieme per quale motivo.<\/p>\n<h2 style=\"text-align: justify;\"><span class=\"ez-toc-section\" id=\"Dove_si_trovano_i_Trulli\"><\/span>Dove si trovano i Trulli<span class=\"ez-toc-section-end\"><\/span><\/h2>\n<h2 style=\"text-align: justify;\"><iframe loading=\"lazy\" src=\"https:\/\/www.google.com\/maps\/embed?pb=!1m18!1m12!1m3!1d48330.422853483484!2d17.212341612636095!3d40.79167673905837!2m3!1f0!2f0!3f0!3m2!1i1024!2i768!4f13.1!3m3!1m2!1s0x1347b264abcdaa6f%3A0xdec45d1171885f51!2sAlberobello+BA!5e0!3m2!1sit!2sit!4v1467966416441\" width=\"100%\" height=\"450\" frameborder=\"0\" scrolling=\"no\"><\/iframe><\/h2>\n<p>Come si evince dalla cartina, Alberobello gode di una posizione strategica rispetto alla vastit\u00e0 del territorio pugliese. Infatti si trova a met\u00e0 strada fra il <a href=\"https:\/\/www.ignas.com\/it\/offerte-vacanze-gargano\" target=\"_blank\" rel=\"noopener noreferrer\">Gargano<\/a> e il <a href=\"https:\/\/www.ignas.com\/it\/offerte-vacanze-salento\" target=\"_blank\" rel=\"noopener noreferrer\">Salento<\/a>.<\/p>\n<p>Per cui sia che scegliate l&#8217;una zona o l&#8217;altra, riuscirete comunque a visitare i <strong>Trulli<\/strong> in giornata, e tornare comodamente alla base. Riguardo al tragitto, gi\u00e0 solo quello \u00e8 un&#8217;esperienza estetica di grande impatto. Infatti proprio nelle strade che portano ai Trulli, scoprirete il carattere pi\u00f9 originale della Puglia, fatto di campagne e ulivi millenari, distese di vigne, e suggestivi passaggi di pascoli in grado di dilatare il tempo in una dimensione di totale relax.<\/p>\n","protected":false},"excerpt":{"rendered":"<p>Il bianco \u00e8 il colore che caratterizza i Trulli\u00a0di Alberobello: viuzze strette e vicoli lastricati lungo cui si delineano i bianchi profili dei trulli, le tipiche costruzioni in pietra di questa zona. Scopriamo insieme cosa ha reso queste strutture Patrimonio Unesco. La storia dei trulli di Alberobello I trulli, dal latino turris che significa cupola, [&hellip;]<\/p>\n","protected":false},"author":2,"featured_media":24321,"comment_status":"open","ping_status":"open","sticky":false,"template":"","format":"standard","meta":{"_acf_changed":false,"inline_featured_image":false,"_lmt_disableupdate":"no","_lmt_disable":"no","_monsterinsights_skip_tracking":false,"_monsterinsights_sitenote_active":false,"_monsterinsights_sitenote_note":"","_monsterinsights_sitenote_category":0,"footnotes":""},"categories":[7],"tags":[],"class_list":["post-22942","post","type-post","status-publish","format-standard","has-post-thumbnail","hentry","category-curiosita"],"acf":[],"yoast_head":"<!-- This site is optimized with the Yoast SEO plugin v27.5 - https:\/\/yoast.com\/product\/yoast-seo-wordpress\/ -->\n<title>I trulli di Alberobello - Ignas Tour<\/title>\n<meta name=\"description\" content=\"Il bianco \u00e8 il colore che domina Alberobello: viuzze strette e vicoli lastricati lungo cui si delineano i bianchi profili dei trulli. Scoprili con noi.\" \/>\n<meta name=\"robots\" content=\"index, follow, max-snippet:-1, max-image-preview:large, max-video-preview:-1\" \/>\n<link rel=\"canonical\" href=\"https:\/\/www.ignas.com\/it\/blog\/trulli-di-alberobello\/\" \/>\n<meta property=\"og:locale\" content=\"it_IT\" \/>\n<meta property=\"og:type\" content=\"article\" \/>\n<meta property=\"og:title\" content=\"I trulli di Alberobello - Ignas Tour\" \/>\n<meta property=\"og:description\" content=\"Il bianco \u00e8 il colore che domina Alberobello: viuzze strette e vicoli lastricati lungo cui si delineano i bianchi profili dei trulli. Scoprili con noi.\" \/>\n<meta property=\"og:url\" content=\"https:\/\/www.ignas.com\/it\/blog\/trulli-di-alberobello\/\" \/>\n<meta property=\"og:site_name\" content=\"Ignas Tour\" \/>\n<meta property=\"article:published_time\" content=\"2016-04-19T22:00:00+00:00\" \/>\n<meta property=\"article:modified_time\" content=\"2024-05-08T14:37:14+00:00\" \/>\n<meta property=\"og:image\" content=\"https:\/\/www.ignas.com\/it\/blog\/wp-content\/uploads\/2016\/04\/trulli.jpg\" \/>\n\t<meta property=\"og:image:width\" content=\"960\" \/>\n\t<meta property=\"og:image:height\" content=\"640\" \/>\n\t<meta property=\"og:image:type\" content=\"image\/jpeg\" \/>\n<meta name=\"author\" content=\"Fabrizio\" \/>\n<meta name=\"twitter:card\" content=\"summary_large_image\" \/>\n<meta name=\"twitter:label1\" content=\"Scritto da\" \/>\n\t<meta name=\"twitter:data1\" content=\"Fabrizio\" \/>\n\t<meta name=\"twitter:label2\" content=\"Tempo di lettura stimato\" \/>\n\t<meta name=\"twitter:data2\" content=\"5 minuti\" \/>\n<script type=\"application\/ld+json\" class=\"yoast-schema-graph\">{\"@context\":\"https:\\\/\\\/schema.org\",\"@graph\":[{\"@type\":\"Article\",\"@id\":\"https:\\\/\\\/www.ignas.com\\\/it\\\/blog\\\/trulli-di-alberobello\\\/#article\",\"isPartOf\":{\"@id\":\"https:\\\/\\\/www.ignas.com\\\/it\\\/blog\\\/trulli-di-alberobello\\\/\"},\"author\":{\"name\":\"Fabrizio\",\"@id\":\"https:\\\/\\\/www.ignas.com\\\/it\\\/blog\\\/#\\\/schema\\\/person\\\/cb41520c07db292cc5a20ce104e28a1d\"},\"headline\":\"I trulli di Alberobello\",\"datePublished\":\"2016-04-19T22:00:00+00:00\",\"dateModified\":\"2024-05-08T14:37:14+00:00\",\"mainEntityOfPage\":{\"@id\":\"https:\\\/\\\/www.ignas.com\\\/it\\\/blog\\\/trulli-di-alberobello\\\/\"},\"wordCount\":825,\"commentCount\":0,\"publisher\":{\"@id\":\"https:\\\/\\\/www.ignas.com\\\/it\\\/blog\\\/#organization\"},\"image\":{\"@id\":\"https:\\\/\\\/www.ignas.com\\\/it\\\/blog\\\/trulli-di-alberobello\\\/#primaryimage\"},\"thumbnailUrl\":\"https:\\\/\\\/www.ignas.com\\\/it\\\/blog\\\/wp-content\\\/uploads\\\/2016\\\/04\\\/trulli.jpg\",\"articleSection\":[\"Curiosit\u00e0\"],\"inLanguage\":\"it-IT\",\"potentialAction\":[{\"@type\":\"CommentAction\",\"name\":\"Comment\",\"target\":[\"https:\\\/\\\/www.ignas.com\\\/it\\\/blog\\\/trulli-di-alberobello\\\/#respond\"]}]},{\"@type\":\"WebPage\",\"@id\":\"https:\\\/\\\/www.ignas.com\\\/it\\\/blog\\\/trulli-di-alberobello\\\/\",\"url\":\"https:\\\/\\\/www.ignas.com\\\/it\\\/blog\\\/trulli-di-alberobello\\\/\",\"name\":\"I trulli di Alberobello - Ignas Tour\",\"isPartOf\":{\"@id\":\"https:\\\/\\\/www.ignas.com\\\/it\\\/blog\\\/#website\"},\"primaryImageOfPage\":{\"@id\":\"https:\\\/\\\/www.ignas.com\\\/it\\\/blog\\\/trulli-di-alberobello\\\/#primaryimage\"},\"image\":{\"@id\":\"https:\\\/\\\/www.ignas.com\\\/it\\\/blog\\\/trulli-di-alberobello\\\/#primaryimage\"},\"thumbnailUrl\":\"https:\\\/\\\/www.ignas.com\\\/it\\\/blog\\\/wp-content\\\/uploads\\\/2016\\\/04\\\/trulli.jpg\",\"datePublished\":\"2016-04-19T22:00:00+00:00\",\"dateModified\":\"2024-05-08T14:37:14+00:00\",\"description\":\"Il bianco \u00e8 il colore che domina Alberobello: viuzze strette e vicoli lastricati lungo cui si delineano i bianchi profili dei trulli. Scoprili con noi.\",\"breadcrumb\":{\"@id\":\"https:\\\/\\\/www.ignas.com\\\/it\\\/blog\\\/trulli-di-alberobello\\\/#breadcrumb\"},\"inLanguage\":\"it-IT\",\"potentialAction\":[{\"@type\":\"ReadAction\",\"target\":[\"https:\\\/\\\/www.ignas.com\\\/it\\\/blog\\\/trulli-di-alberobello\\\/\"]}]},{\"@type\":\"ImageObject\",\"inLanguage\":\"it-IT\",\"@id\":\"https:\\\/\\\/www.ignas.com\\\/it\\\/blog\\\/trulli-di-alberobello\\\/#primaryimage\",\"url\":\"https:\\\/\\\/www.ignas.com\\\/it\\\/blog\\\/wp-content\\\/uploads\\\/2016\\\/04\\\/trulli.jpg\",\"contentUrl\":\"https:\\\/\\\/www.ignas.com\\\/it\\\/blog\\\/wp-content\\\/uploads\\\/2016\\\/04\\\/trulli.jpg\",\"width\":960,\"height\":640},{\"@type\":\"BreadcrumbList\",\"@id\":\"https:\\\/\\\/www.ignas.com\\\/it\\\/blog\\\/trulli-di-alberobello\\\/#breadcrumb\",\"itemListElement\":[{\"@type\":\"ListItem\",\"position\":1,\"name\":\"Home\",\"item\":\"https:\\\/\\\/www.ignas.com\\\/it\\\/blog\\\/\"},{\"@type\":\"ListItem\",\"position\":2,\"name\":\"I trulli di Alberobello\"}]},{\"@type\":\"WebSite\",\"@id\":\"https:\\\/\\\/www.ignas.com\\\/it\\\/blog\\\/#website\",\"url\":\"https:\\\/\\\/www.ignas.com\\\/it\\\/blog\\\/\",\"name\":\"Ignas Tour\",\"description\":\"\",\"publisher\":{\"@id\":\"https:\\\/\\\/www.ignas.com\\\/it\\\/blog\\\/#organization\"},\"potentialAction\":[{\"@type\":\"SearchAction\",\"target\":{\"@type\":\"EntryPoint\",\"urlTemplate\":\"https:\\\/\\\/www.ignas.com\\\/it\\\/blog\\\/?s={search_term_string}\"},\"query-input\":{\"@type\":\"PropertyValueSpecification\",\"valueRequired\":true,\"valueName\":\"search_term_string\"}}],\"inLanguage\":\"it-IT\"},{\"@type\":\"Organization\",\"@id\":\"https:\\\/\\\/www.ignas.com\\\/it\\\/blog\\\/#organization\",\"name\":\"Ignas Tour\",\"url\":\"https:\\\/\\\/www.ignas.com\\\/it\\\/blog\\\/\",\"logo\":{\"@type\":\"ImageObject\",\"inLanguage\":\"it-IT\",\"@id\":\"https:\\\/\\\/www.ignas.com\\\/it\\\/blog\\\/#\\\/schema\\\/logo\\\/image\\\/\",\"url\":\"https:\\\/\\\/www.ignas.com\\\/it\\\/blog\\\/wp-content\\\/uploads\\\/2020\\\/01\\\/logo-ignas-com-200.png\",\"contentUrl\":\"https:\\\/\\\/www.ignas.com\\\/it\\\/blog\\\/wp-content\\\/uploads\\\/2020\\\/01\\\/logo-ignas-com-200.png\",\"width\":1147,\"height\":329,\"caption\":\"Ignas Tour\"},\"image\":{\"@id\":\"https:\\\/\\\/www.ignas.com\\\/it\\\/blog\\\/#\\\/schema\\\/logo\\\/image\\\/\"}},{\"@type\":\"Person\",\"@id\":\"https:\\\/\\\/www.ignas.com\\\/it\\\/blog\\\/#\\\/schema\\\/person\\\/cb41520c07db292cc5a20ce104e28a1d\",\"name\":\"Fabrizio\",\"image\":{\"@type\":\"ImageObject\",\"inLanguage\":\"it-IT\",\"@id\":\"https:\\\/\\\/secure.gravatar.com\\\/avatar\\\/e17f60c58ebe3feb555b9028681e30cfd921758bbdd1f8e9816f1d7d08c1bd9f?s=96&d=mm&r=g\",\"url\":\"https:\\\/\\\/secure.gravatar.com\\\/avatar\\\/e17f60c58ebe3feb555b9028681e30cfd921758bbdd1f8e9816f1d7d08c1bd9f?s=96&d=mm&r=g\",\"contentUrl\":\"https:\\\/\\\/secure.gravatar.com\\\/avatar\\\/e17f60c58ebe3feb555b9028681e30cfd921758bbdd1f8e9816f1d7d08c1bd9f?s=96&d=mm&r=g\",\"caption\":\"Fabrizio\"},\"description\":\"Seo Copywriter\"}]}<\/script>\n<!-- \/ Yoast SEO plugin. -->","yoast_head_json":{"title":"I trulli di Alberobello - Ignas Tour","description":"Il bianco \u00e8 il colore che domina Alberobello: viuzze strette e vicoli lastricati lungo cui si delineano i bianchi profili dei trulli. Scoprili con noi.","robots":{"index":"index","follow":"follow","max-snippet":"max-snippet:-1","max-image-preview":"max-image-preview:large","max-video-preview":"max-video-preview:-1"},"canonical":"https:\/\/www.ignas.com\/it\/blog\/trulli-di-alberobello\/","og_locale":"it_IT","og_type":"article","og_title":"I trulli di Alberobello - Ignas Tour","og_description":"Il bianco \u00e8 il colore che domina Alberobello: viuzze strette e vicoli lastricati lungo cui si delineano i bianchi profili dei trulli. Scoprili con noi.","og_url":"https:\/\/www.ignas.com\/it\/blog\/trulli-di-alberobello\/","og_site_name":"Ignas Tour","article_published_time":"2016-04-19T22:00:00+00:00","article_modified_time":"2024-05-08T14:37:14+00:00","og_image":[{"width":960,"height":640,"url":"https:\/\/www.ignas.com\/it\/blog\/wp-content\/uploads\/2016\/04\/trulli.jpg","type":"image\/jpeg"}],"author":"Fabrizio","twitter_card":"summary_large_image","twitter_misc":{"Scritto da":"Fabrizio","Tempo di lettura stimato":"5 minuti"},"schema":{"@context":"https:\/\/schema.org","@graph":[{"@type":"Article","@id":"https:\/\/www.ignas.com\/it\/blog\/trulli-di-alberobello\/#article","isPartOf":{"@id":"https:\/\/www.ignas.com\/it\/blog\/trulli-di-alberobello\/"},"author":{"name":"Fabrizio","@id":"https:\/\/www.ignas.com\/it\/blog\/#\/schema\/person\/cb41520c07db292cc5a20ce104e28a1d"},"headline":"I trulli di Alberobello","datePublished":"2016-04-19T22:00:00+00:00","dateModified":"2024-05-08T14:37:14+00:00","mainEntityOfPage":{"@id":"https:\/\/www.ignas.com\/it\/blog\/trulli-di-alberobello\/"},"wordCount":825,"commentCount":0,"publisher":{"@id":"https:\/\/www.ignas.com\/it\/blog\/#organization"},"image":{"@id":"https:\/\/www.ignas.com\/it\/blog\/trulli-di-alberobello\/#primaryimage"},"thumbnailUrl":"https:\/\/www.ignas.com\/it\/blog\/wp-content\/uploads\/2016\/04\/trulli.jpg","articleSection":["Curiosit\u00e0"],"inLanguage":"it-IT","potentialAction":[{"@type":"CommentAction","name":"Comment","target":["https:\/\/www.ignas.com\/it\/blog\/trulli-di-alberobello\/#respond"]}]},{"@type":"WebPage","@id":"https:\/\/www.ignas.com\/it\/blog\/trulli-di-alberobello\/","url":"https:\/\/www.ignas.com\/it\/blog\/trulli-di-alberobello\/","name":"I trulli di Alberobello - Ignas Tour","isPartOf":{"@id":"https:\/\/www.ignas.com\/it\/blog\/#website"},"primaryImageOfPage":{"@id":"https:\/\/www.ignas.com\/it\/blog\/trulli-di-alberobello\/#primaryimage"},"image":{"@id":"https:\/\/www.ignas.com\/it\/blog\/trulli-di-alberobello\/#primaryimage"},"thumbnailUrl":"https:\/\/www.ignas.com\/it\/blog\/wp-content\/uploads\/2016\/04\/trulli.jpg","datePublished":"2016-04-19T22:00:00+00:00","dateModified":"2024-05-08T14:37:14+00:00","description":"Il bianco \u00e8 il colore che domina Alberobello: viuzze strette e vicoli lastricati lungo cui si delineano i bianchi profili dei trulli. Scoprili con noi.","breadcrumb":{"@id":"https:\/\/www.ignas.com\/it\/blog\/trulli-di-alberobello\/#breadcrumb"},"inLanguage":"it-IT","potentialAction":[{"@type":"ReadAction","target":["https:\/\/www.ignas.com\/it\/blog\/trulli-di-alberobello\/"]}]},{"@type":"ImageObject","inLanguage":"it-IT","@id":"https:\/\/www.ignas.com\/it\/blog\/trulli-di-alberobello\/#primaryimage","url":"https:\/\/www.ignas.com\/it\/blog\/wp-content\/uploads\/2016\/04\/trulli.jpg","contentUrl":"https:\/\/www.ignas.com\/it\/blog\/wp-content\/uploads\/2016\/04\/trulli.jpg","width":960,"height":640},{"@type":"BreadcrumbList","@id":"https:\/\/www.ignas.com\/it\/blog\/trulli-di-alberobello\/#breadcrumb","itemListElement":[{"@type":"ListItem","position":1,"name":"Home","item":"https:\/\/www.ignas.com\/it\/blog\/"},{"@type":"ListItem","position":2,"name":"I trulli di Alberobello"}]},{"@type":"WebSite","@id":"https:\/\/www.ignas.com\/it\/blog\/#website","url":"https:\/\/www.ignas.com\/it\/blog\/","name":"Ignas Tour","description":"","publisher":{"@id":"https:\/\/www.ignas.com\/it\/blog\/#organization"},"potentialAction":[{"@type":"SearchAction","target":{"@type":"EntryPoint","urlTemplate":"https:\/\/www.ignas.com\/it\/blog\/?s={search_term_string}"},"query-input":{"@type":"PropertyValueSpecification","valueRequired":true,"valueName":"search_term_string"}}],"inLanguage":"it-IT"},{"@type":"Organization","@id":"https:\/\/www.ignas.com\/it\/blog\/#organization","name":"Ignas Tour","url":"https:\/\/www.ignas.com\/it\/blog\/","logo":{"@type":"ImageObject","inLanguage":"it-IT","@id":"https:\/\/www.ignas.com\/it\/blog\/#\/schema\/logo\/image\/","url":"https:\/\/www.ignas.com\/it\/blog\/wp-content\/uploads\/2020\/01\/logo-ignas-com-200.png","contentUrl":"https:\/\/www.ignas.com\/it\/blog\/wp-content\/uploads\/2020\/01\/logo-ignas-com-200.png","width":1147,"height":329,"caption":"Ignas Tour"},"image":{"@id":"https:\/\/www.ignas.com\/it\/blog\/#\/schema\/logo\/image\/"}},{"@type":"Person","@id":"https:\/\/www.ignas.com\/it\/blog\/#\/schema\/person\/cb41520c07db292cc5a20ce104e28a1d","name":"Fabrizio","image":{"@type":"ImageObject","inLanguage":"it-IT","@id":"https:\/\/secure.gravatar.com\/avatar\/e17f60c58ebe3feb555b9028681e30cfd921758bbdd1f8e9816f1d7d08c1bd9f?s=96&d=mm&r=g","url":"https:\/\/secure.gravatar.com\/avatar\/e17f60c58ebe3feb555b9028681e30cfd921758bbdd1f8e9816f1d7d08c1bd9f?s=96&d=mm&r=g","contentUrl":"https:\/\/secure.gravatar.com\/avatar\/e17f60c58ebe3feb555b9028681e30cfd921758bbdd1f8e9816f1d7d08c1bd9f?s=96&d=mm&r=g","caption":"Fabrizio"},"description":"Seo Copywriter"}]}},"modified_by":"Team di Ignas Tour","_links":{"self":[{"href":"https:\/\/www.ignas.com\/it\/blog\/wp-json\/wp\/v2\/posts\/22942","targetHints":{"allow":["GET"]}}],"collection":[{"href":"https:\/\/www.ignas.com\/it\/blog\/wp-json\/wp\/v2\/posts"}],"about":[{"href":"https:\/\/www.ignas.com\/it\/blog\/wp-json\/wp\/v2\/types\/post"}],"author":[{"embeddable":true,"href":"https:\/\/www.ignas.com\/it\/blog\/wp-json\/wp\/v2\/users\/2"}],"replies":[{"embeddable":true,"href":"https:\/\/www.ignas.com\/it\/blog\/wp-json\/wp\/v2\/comments?post=22942"}],"version-history":[{"count":11,"href":"https:\/\/www.ignas.com\/it\/blog\/wp-json\/wp\/v2\/posts\/22942\/revisions"}],"predecessor-version":[{"id":23784,"href":"https:\/\/www.ignas.com\/it\/blog\/wp-json\/wp\/v2\/posts\/22942\/revisions\/23784"}],"wp:featuredmedia":[{"embeddable":true,"href":"https:\/\/www.ignas.com\/it\/blog\/wp-json\/wp\/v2\/media\/24321"}],"wp:attachment":[{"href":"https:\/\/www.ignas.com\/it\/blog\/wp-json\/wp\/v2\/media?parent=22942"}],"wp:term":[{"taxonomy":"category","embeddable":true,"href":"https:\/\/www.ignas.com\/it\/blog\/wp-json\/wp\/v2\/categories?post=22942"},{"taxonomy":"post_tag","embeddable":true,"href":"https:\/\/www.ignas.com\/it\/blog\/wp-json\/wp\/v2\/tags?post=22942"}],"curies":[{"name":"wp","href":"https:\/\/api.w.org\/{rel}","templated":true}]}}