{"id":22927,"date":"2022-03-17T14:32:00","date_gmt":"2022-03-17T13:32:00","guid":{"rendered":"http:\/\/52.212.170.109\/spiagge-marche-2"},"modified":"2025-02-07T17:51:40","modified_gmt":"2025-02-07T16:51:40","slug":"spiagge-marche","status":"publish","type":"post","link":"https:\/\/www.ignas.com\/it\/blog\/spiagge-marche\/","title":{"rendered":"Spiagge Marche: dalle pi\u00f9 note a quelle nascoste!"},"content":{"rendered":"<h2><span class=\"ez-toc-section\" id=\"Spiagge_Marche_perche_averle_tutte_in_una_lista\"><\/span>Spiagge Marche: perch\u00e9 averle tutte in una lista<span class=\"ez-toc-section-end\"><\/span><\/h2><div id=\"ez-toc-container\" class=\"ez-toc-v2_0_82_2 counter-hierarchy ez-toc-counter ez-toc-white ez-toc-container-direction\">\n<div class=\"ez-toc-title-container\">\n<p class=\"ez-toc-title\" style=\"cursor:inherit\"><\/p>\n<span class=\"ez-toc-title-toggle\"><a href=\"#\" class=\"ez-toc-pull-right ez-toc-btn ez-toc-btn-xs ez-toc-btn-default ez-toc-toggle\" aria-label=\"Toggle Table of Content\"><span class=\"ez-toc-js-icon-con\"><span class=\"\"><span class=\"eztoc-hide\" style=\"display:none;\">Toggle<\/span><span class=\"ez-toc-icon-toggle-span\"><svg style=\"fill: #999;color:#999\" xmlns=\"http:\/\/www.w3.org\/2000\/svg\" class=\"list-377408\" width=\"20px\" height=\"20px\" viewBox=\"0 0 24 24\" fill=\"none\"><path d=\"M6 6H4v2h2V6zm14 0H8v2h12V6zM4 11h2v2H4v-2zm16 0H8v2h12v-2zM4 16h2v2H4v-2zm16 0H8v2h12v-2z\" fill=\"currentColor\"><\/path><\/svg><svg style=\"fill: #999;color:#999\" class=\"arrow-unsorted-368013\" xmlns=\"http:\/\/www.w3.org\/2000\/svg\" width=\"10px\" height=\"10px\" viewBox=\"0 0 24 24\" version=\"1.2\" baseProfile=\"tiny\"><path d=\"M18.2 9.3l-6.2-6.3-6.2 6.3c-.2.2-.3.4-.3.7s.1.5.3.7c.2.2.4.3.7.3h11c.3 0 .5-.1.7-.3.2-.2.3-.5.3-.7s-.1-.5-.3-.7zM5.8 14.7l6.2 6.3 6.2-6.3c.2-.2.3-.5.3-.7s-.1-.5-.3-.7c-.2-.2-.4-.3-.7-.3h-11c-.3 0-.5.1-.7.3-.2.2-.3.5-.3.7s.1.5.3.7z\"\/><\/svg><\/span><\/span><\/span><\/a><\/span><\/div>\n<nav><ul class='ez-toc-list ez-toc-list-level-1 eztoc-toggle-hide-by-default' ><li class='ez-toc-page-1 ez-toc-heading-level-2'><a class=\"ez-toc-link ez-toc-heading-1\" href=\"https:\/\/www.ignas.com\/it\/blog\/spiagge-marche\/#Spiagge_Marche_perche_averle_tutte_in_una_lista\" >Spiagge Marche: perch\u00e9 averle tutte in una lista<\/a><\/li><li class='ez-toc-page-1 ez-toc-heading-level-2'><a class=\"ez-toc-link ez-toc-heading-2\" href=\"https:\/\/www.ignas.com\/it\/blog\/spiagge-marche\/#Spiaggia_di_velluto_a_Senigallia\" >Spiaggia di velluto a Senigallia<\/a><\/li><li class='ez-toc-page-1 ez-toc-heading-level-2'><a class=\"ez-toc-link ez-toc-heading-3\" href=\"https:\/\/www.ignas.com\/it\/blog\/spiagge-marche\/#Spiaggia_di_Portonovo\" >Spiaggia di Portonovo<\/a><\/li><li class='ez-toc-page-1 ez-toc-heading-level-2'><a class=\"ez-toc-link ez-toc-heading-4\" href=\"https:\/\/www.ignas.com\/it\/blog\/spiagge-marche\/#Passetto\" >Passetto<\/a><\/li><li class='ez-toc-page-1 ez-toc-heading-level-2'><a class=\"ez-toc-link ez-toc-heading-5\" href=\"https:\/\/www.ignas.com\/it\/blog\/spiagge-marche\/#Spiaggia_delle_due_Sorelle\" >Spiaggia delle due Sorelle<\/a><\/li><li class='ez-toc-page-1 ez-toc-heading-level-2'><a class=\"ez-toc-link ez-toc-heading-6\" href=\"https:\/\/www.ignas.com\/it\/blog\/spiagge-marche\/#Monte_San_Bartolo_mare_marche_e_anche_questo\" >Monte San Bartolo: mare marche \u00e8 anche questo<\/a><\/li><li class='ez-toc-page-1 ez-toc-heading-level-2'><a class=\"ez-toc-link ez-toc-heading-7\" href=\"https:\/\/www.ignas.com\/it\/blog\/spiagge-marche\/#Fiorenzuola_di_Focara\" >Fiorenzuola di Focara<\/a><\/li><li class='ez-toc-page-1 ez-toc-heading-level-2'><a class=\"ez-toc-link ez-toc-heading-8\" href=\"https:\/\/www.ignas.com\/it\/blog\/spiagge-marche\/#Spiaggia_di_Fontespina\" >Spiaggia di Fontespina<\/a><\/li><li class='ez-toc-page-1 ez-toc-heading-level-2'><a class=\"ez-toc-link ez-toc-heading-9\" href=\"https:\/\/www.ignas.com\/it\/blog\/spiagge-marche\/#Spiaggia_Marcelli_di_Numana\" >Spiaggia Marcelli di Numana<\/a><\/li><li class='ez-toc-page-1 ez-toc-heading-level-2'><a class=\"ez-toc-link ez-toc-heading-10\" href=\"https:\/\/www.ignas.com\/it\/blog\/spiagge-marche\/#Spiaggia_dei_Gabbiani_marche_mare_in_modalita_sublime\" >Spiaggia dei Gabbiani: marche mare in modalit\u00e0 sublime<\/a><\/li><li class='ez-toc-page-1 ez-toc-heading-level-2'><a class=\"ez-toc-link ez-toc-heading-11\" href=\"https:\/\/www.ignas.com\/it\/blog\/spiagge-marche\/#Spiaggia_Mezzavalle\" >Spiaggia Mezzavalle<\/a><\/li><li class='ez-toc-page-1 ez-toc-heading-level-2'><a class=\"ez-toc-link ez-toc-heading-12\" href=\"https:\/\/www.ignas.com\/it\/blog\/spiagge-marche\/#Spiaggia_delle_Marche_per_Fido_Baia_Canaria\" >Spiaggia delle Marche per Fido? Baia Canaria!<\/a><\/li><li class='ez-toc-page-1 ez-toc-heading-level-2'><a class=\"ez-toc-link ez-toc-heading-13\" href=\"https:\/\/www.ignas.com\/it\/blog\/spiagge-marche\/#Sassi_Neri_e_mare_turchese\" >Sassi Neri e mare turchese<\/a><\/li><li class='ez-toc-page-1 ez-toc-heading-level-2'><a class=\"ez-toc-link ez-toc-heading-14\" href=\"https:\/\/www.ignas.com\/it\/blog\/spiagge-marche\/#Gabicce_Mare_il_classico\" >Gabicce Mare: il classico<\/a><\/li><li class='ez-toc-page-1 ez-toc-heading-level-2'><a class=\"ez-toc-link ez-toc-heading-15\" href=\"https:\/\/www.ignas.com\/it\/blog\/spiagge-marche\/#Spiaggia_Urbani_di_Sirolo\" >Spiaggia Urbani di Sirolo<\/a><\/li><li class='ez-toc-page-1 ez-toc-heading-level-2'><a class=\"ez-toc-link ez-toc-heading-16\" href=\"https:\/\/www.ignas.com\/it\/blog\/spiagge-marche\/#Spiaggia_Sassonia_di_Fano\" >Spiaggia Sassonia di Fano<\/a><\/li><li class='ez-toc-page-1 ez-toc-heading-level-2'><a class=\"ez-toc-link ez-toc-heading-17\" href=\"https:\/\/www.ignas.com\/it\/blog\/spiagge-marche\/#Casteldimezzo\" >Casteldimezzo<\/a><\/li><li class='ez-toc-page-1 ez-toc-heading-level-2'><a class=\"ez-toc-link ez-toc-heading-18\" href=\"https:\/\/www.ignas.com\/it\/blog\/spiagge-marche\/#Baia_Vallugola\" >Baia Vallugola<\/a><\/li><li class='ez-toc-page-1 ez-toc-heading-level-2'><a class=\"ez-toc-link ez-toc-heading-19\" href=\"https:\/\/www.ignas.com\/it\/blog\/spiagge-marche\/#Spiagge_libere_a_volonta\" >Spiagge libere a volont\u00e0!<\/a><ul class='ez-toc-list-level-3' ><li class='ez-toc-heading-level-3'><a class=\"ez-toc-link ez-toc-heading-20\" href=\"https:\/\/www.ignas.com\/it\/blog\/spiagge-marche\/#Baia_Flaminia\" >Baia Flaminia<\/a><\/li><li class='ez-toc-page-1 ez-toc-heading-level-3'><a class=\"ez-toc-link ez-toc-heading-21\" href=\"https:\/\/www.ignas.com\/it\/blog\/spiagge-marche\/#Scalaccia_il_Conero_e_una_certezza\" >Scalaccia: il Conero \u00e8 una certezza!<\/a><\/li><li class='ez-toc-page-1 ez-toc-heading-level-3'><a class=\"ez-toc-link ez-toc-heading-22\" href=\"https:\/\/www.ignas.com\/it\/blog\/spiagge-marche\/#Laghetto_Blu_a_Torrette\" >Laghetto Blu a Torrette<\/a><\/li><li class='ez-toc-page-1 ez-toc-heading-level-3'><a class=\"ez-toc-link ez-toc-heading-23\" href=\"https:\/\/www.ignas.com\/it\/blog\/spiagge-marche\/#Cesano\" >Cesano<\/a><\/li><li class='ez-toc-page-1 ez-toc-heading-level-3'><a class=\"ez-toc-link ez-toc-heading-24\" href=\"https:\/\/www.ignas.com\/it\/blog\/spiagge-marche\/#La_Pineta_Porto_SantElpidio\" >La Pineta: Porto Sant&#8217;Elpidio<\/a><\/li><li class='ez-toc-page-1 ez-toc-heading-level-3'><a class=\"ez-toc-link ez-toc-heading-25\" href=\"https:\/\/www.ignas.com\/it\/blog\/spiagge-marche\/#Area_Floristica\" >Area Floristica<\/a><\/li><\/ul><\/li><\/ul><\/nav><\/div>\n\n<p>Non si tratta semplicemente di un elenco delle pi\u00f9 belle. Infatti pur essendoci il Conero che svetta per bellezze paesaggistiche, tuttavia limitarsi alle pi\u00f9 belle, escluderebbe una serie di spiaggette e zone che bisogna assolutamente vedere visitando questa regione. Per cui iniziamo questa lunga lista, in cui si alternano spiagge notissime e mondane, a spiaggette selvatiche e segrete.<\/p>\n<h2><span class=\"ez-toc-section\" id=\"Spiaggia_di_velluto_a_Senigallia\"><\/span>Spiaggia di velluto a Senigallia<span class=\"ez-toc-section-end\"><\/span><\/h2>\n<p><img loading=\"lazy\" decoding=\"async\" class=\"alignnone size-full wp-image-25402\" src=\"https:\/\/www.ignas.com\/it\/blog\/wp-content\/uploads\/2016\/05\/spiaggia-velluto-senigallia.jpeg\" alt=\"\" width=\"750\" height=\"510\" srcset=\"https:\/\/www.ignas.com\/it\/blog\/wp-content\/uploads\/2016\/05\/spiaggia-velluto-senigallia.jpeg 750w, https:\/\/www.ignas.com\/it\/blog\/wp-content\/uploads\/2016\/05\/spiaggia-velluto-senigallia-300x204.jpeg 300w\" sizes=\"auto, (max-width: 750px) 100vw, 750px\" \/><\/p>\n<p>La riviera marchigiana ha i suoi must assoluti: fra i top 3 c&#8217;\u00e8 senza dubbio questa spiaggia. Basti pensare che la nota &#8220;Rotonda sul mare&#8221; di Fred Bongusto si trova proprio l\u00ec! Per cui se si ha voglia di entrare in un&#8217;immagine iconica dell&#8217;estate Italiana, la dorata e fine sabbia di Senigallia (velluto appunto) \u00e8 pronta a regalare momenti unici.<\/p>\n<h2><span class=\"ez-toc-section\" id=\"Spiaggia_di_Portonovo\"><\/span>Spiaggia di Portonovo<span class=\"ez-toc-section-end\"><\/span><\/h2>\n<p><img loading=\"lazy\" decoding=\"async\" class=\"alignnone size-full wp-image-25403\" src=\"https:\/\/www.ignas.com\/it\/blog\/wp-content\/uploads\/2016\/05\/spiaggia-di-portonovo.jpeg\" alt=\"spiaggia di Portonovo\" width=\"750\" height=\"510\" srcset=\"https:\/\/www.ignas.com\/it\/blog\/wp-content\/uploads\/2016\/05\/spiaggia-di-portonovo.jpeg 750w, https:\/\/www.ignas.com\/it\/blog\/wp-content\/uploads\/2016\/05\/spiaggia-di-portonovo-300x204.jpeg 300w\" sizes=\"auto, (max-width: 750px) 100vw, 750px\" \/><\/p>\n<p>Ingredienti:<\/p>\n<ul>\n<li>Spiaggia di ghiaia bianca<\/li>\n<li>il Monte Conero che fa da ombra naturale<\/li>\n<li>macchia mediterranea come cornice naturale<\/li>\n<li>parcheggio vicino (a patto che si arrivi in spiaggia di buon mattino)<\/li>\n<li>Laghetto alle spalle<\/li>\n<\/ul>\n<p>Quest&#8217;ultimo ingrediente viene impreziosito dalla presenza di simpatiche papere che sguazzano libere a due passi dalla riva. Un luogo che sicuramente incanter\u00e0 i pi\u00f9 piccoli, e che da anni oramai \u00e8 meta per giovani coppie.<\/p>\n<h2><span class=\"ez-toc-section\" id=\"Passetto\"><\/span>Passetto<span class=\"ez-toc-section-end\"><\/span><\/h2>\n<p>Gli abitanti di Ancona, da sempre, \u00e8 qui che vengono al mare nei ritagli di tempo, e anche nel weekend. E&#8217; un posto in cui bisogna indossare le scarpette da scoglio, visto che tutta la spiaggia \u00e8 formata da tronconi di roccia e ciottoli. In questa spiaggia delle marche sono 2 i posti da consigliare:<\/p>\n<ul>\n<li>Grotte del Passetto: un luogo che ha resistito nei passaggi da una generazione all&#8217;altra. Si tratta di piccole grotte ricavate dalla roccia che fanno da garage alle imbarcazioni dei pescatori. In un batter di ciglia le barche vengono calate in mare per una battuta di pesca.<\/li>\n<li>La seggiola del Papa: un enorme scoglio levigato dal mare, perfetto per prendere il sole immersi nel mare.<\/li>\n<\/ul>\n<h2><span class=\"ez-toc-section\" id=\"Spiaggia_delle_due_Sorelle\"><\/span>Spiaggia delle due Sorelle<span class=\"ez-toc-section-end\"><\/span><\/h2>\n<p><img loading=\"lazy\" decoding=\"async\" class=\"alignnone size-full wp-image-22101\" src=\"https:\/\/www.ignas.com\/it\/blog\/wp-content\/uploads\/2019\/07\/spiaggia-delle-due-sorelle.jpeg\" alt=\"spiaggia delle due sorelle conero\" width=\"850\" height=\"565\" srcset=\"https:\/\/www.ignas.com\/it\/blog\/wp-content\/uploads\/2019\/07\/spiaggia-delle-due-sorelle.jpeg 850w, https:\/\/www.ignas.com\/it\/blog\/wp-content\/uploads\/2019\/07\/spiaggia-delle-due-sorelle-300x199.jpeg 300w, https:\/\/www.ignas.com\/it\/blog\/wp-content\/uploads\/2019\/07\/spiaggia-delle-due-sorelle-768x510.jpeg 768w, https:\/\/www.ignas.com\/it\/blog\/wp-content\/uploads\/2019\/07\/spiaggia-delle-due-sorelle-696x463.jpeg 696w, https:\/\/www.ignas.com\/it\/blog\/wp-content\/uploads\/2019\/07\/spiaggia-delle-due-sorelle-632x420.jpeg 632w\" sizes=\"auto, (max-width: 850px) 100vw, 850px\" \/><\/p>\n<p>Pu\u00f2 una spiaggia essere al contempo classica e selvaggia? La risposta \u00e8 si! La spiaggia delle 2 sorelle \u00e8 fra le spiaggia marche pi\u00f9 conosciute al mondo. Il nome lo deve ai 2 faraglioni bianchissimi che svettano a pochi metri dalla riva. Il luogo \u00e8 un classico per via della notoriet\u00e0, ma conserva comunque il suo aspetto selvaggio e solitario perch\u00e9 \u00e8 raggiungibile soli via mare. Vi sono numerosi servizi che offrono il servizio di passaggio e ritorno dopo un paio di ore.<\/p>\n<h2><span class=\"ez-toc-section\" id=\"Monte_San_Bartolo_mare_marche_e_anche_questo\"><\/span>Monte San Bartolo: mare marche \u00e8 anche questo<span class=\"ez-toc-section-end\"><\/span><\/h2>\n<p><img loading=\"lazy\" decoding=\"async\" class=\"alignnone size-full wp-image-25404\" src=\"https:\/\/www.ignas.com\/it\/blog\/wp-content\/uploads\/2016\/05\/monte-san-bartolo.jpg\" alt=\"panoramica sul mare San Bartolo\" width=\"800\" height=\"600\" srcset=\"https:\/\/www.ignas.com\/it\/blog\/wp-content\/uploads\/2016\/05\/monte-san-bartolo.jpg 800w, https:\/\/www.ignas.com\/it\/blog\/wp-content\/uploads\/2016\/05\/monte-san-bartolo-300x225.jpg 300w, https:\/\/www.ignas.com\/it\/blog\/wp-content\/uploads\/2016\/05\/monte-san-bartolo-768x576.jpg 768w\" sizes=\"auto, (max-width: 800px) 100vw, 800px\" \/><\/p>\n<p>Promontorio con un entroterra ricchissimo e affacciato sul mare? No! Non stiamo parlando del<span style=\"color: #ff6600;\"><strong> <a style=\"color: #ff6600;\" href=\"https:\/\/www.ignas.com\/it\/blog\/riviera-del-conero\/\" target=\"_blank\" rel=\"noopener\">Conero (di cui abbiamo gi\u00e0 parlato in questo articolo)<\/a><\/strong><\/span> ma del Parco Naturale di San Bartolo che offre tantissime bellezze da vedere:<\/p>\n<ul>\n<li>Trekking fino al &#8220;Tetto del mondo&#8221;, un luogo da cui poter vedere la costa da una parte e gli appennini dall&#8217;altra.<\/li>\n<li>Villa Imperiale, residenza del 1400 degli Sforza di Pesaro. Un vero gioiello storico visitabile anche all&#8217;interno.<\/li>\n<li>Il bosco con alberi quali il Nocciolo, l&#8217;Acero, l&#8217;Erica, il Pioppo. Con ben 376 esemplari di alberi monumentali.<\/li>\n<li>La spiaggia che si affaccia sul promontorio, con una bianca falesia che fa da scivolo, \u00e8 sabbiosa e presente una flora marina eterogenea oltre che la presenza di biodiversit\u00e0 ittiche.<\/li>\n<li>La fauna del promontorio con la lepre, la volpe, il ghiro, l&#8217;istrice e il tasso.<\/li>\n<\/ul>\n<h2><span class=\"ez-toc-section\" id=\"Fiorenzuola_di_Focara\"><\/span>Fiorenzuola di Focara<span class=\"ez-toc-section-end\"><\/span><\/h2>\n<p>Il volto selvaggio della spiaggia, a 2 passi dalla riviera romagnola: questa spiaggia delle marche sembra uscita da una fantasia, o da un miraggio. Partendo dal paesino in cima, con una passeggiata di 20 minuti, si arriva facilmente a riva. Portare con s\u00e9 acqua e viveri \u00e8 obbligatorio, visto che gli ultimi bar li lascerete su al paesello in cima.<\/p>\n<p>Il consiglio \u00e8 quello di andarci a piedi, conquistare la riva selvaggia attraverso una passeggiata, e trovarsi lontani da tutti. Un modo per scoprire una parte poco conosciuta delle spiagge marchigiane.<\/p>\n<h4><a class=\"button btnBlogCTA\" href=\"https:\/\/www.ignas.com\/it\/offerte-mare-marche\" target=\"_blank\" rel=\"noopener noreferrer\">Scopri tutte le nostre offerte per il mare nelle Marche<\/a><\/h4>\n<h2><span class=\"ez-toc-section\" id=\"Spiaggia_di_Fontespina\"><\/span>Spiaggia di Fontespina<span class=\"ez-toc-section-end\"><\/span><\/h2>\n<p>Piccola localit\u00e0 di mare fra Civitanova e Porto Picena. Arenile sabbioso, e spiaggia libera che degrada dolcemente in mare. Perfetta per i bambini.<\/p>\n<h2><span class=\"ez-toc-section\" id=\"Spiaggia_Marcelli_di_Numana\"><\/span>Spiaggia Marcelli di Numana<span class=\"ez-toc-section-end\"><\/span><\/h2>\n<p>Marcelli, localit\u00e0 alle porte di Numana, \u00e8 un arenile di ciottoli e sabbia con una grande presenza di stabilimenti. Eppure nell&#8217;unica spiaggia libera presente, oltre a godersi la bellezza del luogo, \u00e8 possibile anche far vivere il mare a Fido, visto che a loro \u00e8 concesso il bagnetto proprio in questa spiaggetta.<\/p>\n<h2><span class=\"ez-toc-section\" id=\"Spiaggia_dei_Gabbiani_marche_mare_in_modalita_sublime\"><\/span>Spiaggia dei Gabbiani: marche mare in modalit\u00e0 sublime<span class=\"ez-toc-section-end\"><\/span><\/h2>\n<p><img loading=\"lazy\" decoding=\"async\" class=\"alignnone size-full wp-image-25405\" src=\"https:\/\/www.ignas.com\/it\/blog\/wp-content\/uploads\/2016\/05\/spiaggia-dei-gabbiani.jpeg\" alt=\"spiaggia dei gabbiani\" width=\"750\" height=\"510\" srcset=\"https:\/\/www.ignas.com\/it\/blog\/wp-content\/uploads\/2016\/05\/spiaggia-dei-gabbiani.jpeg 750w, https:\/\/www.ignas.com\/it\/blog\/wp-content\/uploads\/2016\/05\/spiaggia-dei-gabbiani-300x204.jpeg 300w\" sizes=\"auto, (max-width: 750px) 100vw, 750px\" \/><\/p>\n<p>Falesie del Monte Conero alle spalle e mare turchese davanti! Uno dei posti pi\u00f9 belli delle Marche, e certamente fra le spiagge pi\u00f9 belle d&#8217;Italia. Ma come arrivarci?<\/p>\n<p>Solo via mare! Per cui il consiglio \u00e8 quello di affittare una canoa e partire molto presto. Il luogo prende il nome dall&#8217;enorme presenza di gabbiani che hanno trovato nella falesia il loro nido. Fondali bellissimi e mare fra i pi\u00f9 limpidi dell&#8217;adriatico.<\/p>\n<h2><span class=\"ez-toc-section\" id=\"Spiaggia_Mezzavalle\"><\/span>Spiaggia Mezzavalle<span class=\"ez-toc-section-end\"><\/span><\/h2>\n<p>Spiagge marche che diventano caraibiche: Mezzavalle! La spiaggia \u00e8 formata da ciottolo medi e piccoli, pulitissima ed gode della presenza di un Bar. Ma occhio alle multe! Per raggiungerla infatti bisogna fare 20 minuti di cammino su una strada ripida (per cui scarpe obbligatorie) e molti nel vano tentativo di fare meno passi possibili, parcheggiano in zone multabili. Occhio! Meglio qualche passo in pi\u00f9 per poi tornare alla macchina senza brutte sorprese.<\/p>\n<h2><span class=\"ez-toc-section\" id=\"Spiaggia_delle_Marche_per_Fido_Baia_Canaria\"><\/span>Spiaggia delle Marche per Fido? Baia Canaria!<span class=\"ez-toc-section-end\"><\/span><\/h2>\n<p><img loading=\"lazy\" decoding=\"async\" class=\"alignnone size-full wp-image-25352\" src=\"https:\/\/www.ignas.com\/it\/blog\/wp-content\/uploads\/2022\/07\/giochi-in-spiaggia-cane.jpeg\" alt=\"spiaggia deidicata ai cani\" width=\"750\" height=\"450\" srcset=\"https:\/\/www.ignas.com\/it\/blog\/wp-content\/uploads\/2022\/07\/giochi-in-spiaggia-cane.jpeg 750w, https:\/\/www.ignas.com\/it\/blog\/wp-content\/uploads\/2022\/07\/giochi-in-spiaggia-cane-300x180.jpeg 300w\" sizes=\"auto, (max-width: 750px) 100vw, 750px\" \/><\/p>\n<p>Sul tema spiagge per cani ne abbiamo parlato nel dettaglio qui. Ma in questo caso questa spiaggia nelle marche pu\u00f2 essere messa fra le migliori del nostro paese. Tutto \u00e8 pensato per Fido: box recintati con ombrellone e sdraio per cane e padroncino. Area sgambettamento. Istruttori in riva per farli giocare. Ciotole con prodotti dog friendly. Accoglienza e competenza. Se avete un amico peloso sar\u00e0 una grande scelta!<\/p>\n<h2><span class=\"ez-toc-section\" id=\"Sassi_Neri_e_mare_turchese\"><\/span>Sassi Neri e mare turchese<span class=\"ez-toc-section-end\"><\/span><\/h2>\n<p><img loading=\"lazy\" decoding=\"async\" class=\"alignnone size-full wp-image-25406\" src=\"https:\/\/www.ignas.com\/it\/blog\/wp-content\/uploads\/2016\/05\/sassi-neri-spiaggia.jpeg\" alt=\"spiaggia dai sassi neri\" width=\"750\" height=\"510\" srcset=\"https:\/\/www.ignas.com\/it\/blog\/wp-content\/uploads\/2016\/05\/sassi-neri-spiaggia.jpeg 750w, https:\/\/www.ignas.com\/it\/blog\/wp-content\/uploads\/2016\/05\/sassi-neri-spiaggia-300x204.jpeg 300w\" sizes=\"auto, (max-width: 750px) 100vw, 750px\" \/><\/p>\n<p>Ciottoli neri e mare limpido, posto iconico del Conero. Il nome lo deve alla presenza di pietre nere che si trovano sul fondale a pochi metri dalla riva. Il luogo \u00e8 sublime, ma per raggiungerlo occorre avere pazienza e investire qualche soldino, fra parcheggio e navetta che fa andata e ritorno. In alternativa si pu\u00f2 partire dal cimitero di Sirolo (trovare un parcheggio gratuito rimane comunque un impresa) e fare tutto a piedi. A voi la scelta!<\/p>\n<h2><span class=\"ez-toc-section\" id=\"Gabicce_Mare_il_classico\"><\/span>Gabicce Mare: il classico<span class=\"ez-toc-section-end\"><\/span><\/h2>\n<p><img loading=\"lazy\" decoding=\"async\" class=\"alignnone size-full wp-image-25407\" src=\"https:\/\/www.ignas.com\/it\/blog\/wp-content\/uploads\/2016\/05\/gabbicce-panoramica.jpg\" alt=\"Gabicce vista dall'alto\" width=\"750\" height=\"510\" srcset=\"https:\/\/www.ignas.com\/it\/blog\/wp-content\/uploads\/2016\/05\/gabbicce-panoramica.jpg 750w, https:\/\/www.ignas.com\/it\/blog\/wp-content\/uploads\/2016\/05\/gabbicce-panoramica-300x204.jpg 300w\" sizes=\"auto, (max-width: 750px) 100vw, 750px\" \/><\/p>\n<p>Fra le migliori spiagge di sabbia dorata e estese. La presenza degli stabilimenti \u00e8 molto alta, con i pro e i contro del caso. Ma certamente il mare di Gabicce \u00e8 fra i pi\u00f9 puliti, soprattutto considerando che \u00e8 al confine con la riviera romagnola, questo \u00e8 un valore aggiunto. Il consiglio \u00e8 quello di sceglierla se si hanno bimbi e si vuole vivere una vacanza spensierata e caratterizzata dall&#8217;accoglienza marchigiana.<\/p>\n<h2><span class=\"ez-toc-section\" id=\"Spiaggia_Urbani_di_Sirolo\"><\/span>Spiaggia Urbani di Sirolo<span class=\"ez-toc-section-end\"><\/span><\/h2>\n<p><img loading=\"lazy\" decoding=\"async\" class=\"alignnone size-full wp-image-25408\" src=\"https:\/\/www.ignas.com\/it\/blog\/wp-content\/uploads\/2016\/05\/spiaggia-urbani-sirolo.jpg\" alt=\"piccola spiaggetta di Sirolo\" width=\"750\" height=\"510\" srcset=\"https:\/\/www.ignas.com\/it\/blog\/wp-content\/uploads\/2016\/05\/spiaggia-urbani-sirolo.jpg 750w, https:\/\/www.ignas.com\/it\/blog\/wp-content\/uploads\/2016\/05\/spiaggia-urbani-sirolo-300x204.jpg 300w\" sizes=\"auto, (max-width: 750px) 100vw, 750px\" \/><\/p>\n<p>Nel cuore del Conero, si apre questo arco fatto di sabbia e ciottoli, protetto da scogli che fanno da scudo nelle giornate di mare mosso. In direzione sud si trova una bellissima grotta visitabile, e alle sue spalle si apre il bosco del Parco Naturale.<\/p>\n<h2><span class=\"ez-toc-section\" id=\"Spiaggia_Sassonia_di_Fano\"><\/span>Spiaggia Sassonia di Fano<span class=\"ez-toc-section-end\"><\/span><\/h2>\n<p>Come svela il nome, questa \u00e8 una spiaggia di sassi e ciottoli, ben levigati dal vento e dal mare. Il posto \u00e8 ideale per chi non ama la sabbia sottile, e preferisce la praticit\u00e0 dei ciottoli. Il mare degrada dolcemente e il lungomare di Fano completano un luogo che merita una vacanza.<\/p>\n<h2><span class=\"ez-toc-section\" id=\"Casteldimezzo\"><\/span>Casteldimezzo<span class=\"ez-toc-section-end\"><\/span><\/h2>\n<p><img loading=\"lazy\" decoding=\"async\" class=\"alignnone size-full wp-image-25409\" src=\"https:\/\/www.ignas.com\/it\/blog\/wp-content\/uploads\/2016\/05\/casteldimezzo.jpg\" alt=\"Casteldimezzo, veduta dall'alto\" width=\"750\" height=\"510\" srcset=\"https:\/\/www.ignas.com\/it\/blog\/wp-content\/uploads\/2016\/05\/casteldimezzo.jpg 750w, https:\/\/www.ignas.com\/it\/blog\/wp-content\/uploads\/2016\/05\/casteldimezzo-300x204.jpg 300w\" sizes=\"auto, (max-width: 750px) 100vw, 750px\" \/><\/p>\n<p>Sabbia e sassi, natura selvaggia, mare limpido, pochissima gente anche nei periodi di alta stagione. Alle spalle la macchia mediterranea vive libera, e il sentiero che si fa a piedi per arrivare alla spiaggia (1 km circa) permette di vedere questa parte di entroterra. Uno spettacolo per gli occhi e un tuffo nella meraviglia quando vi tufferete dopo il sentiero.<\/p>\n<h2><span class=\"ez-toc-section\" id=\"Baia_Vallugola\"><\/span>Baia Vallugola<span class=\"ez-toc-section-end\"><\/span><\/h2>\n<p>Proprio al centro fra Casteldimezzo e Gabicce, si trova questa piccola localit\u00e0 di mare. Caratterizzata da un piccolo porticciolo e da una spiaggia libera, selvaggia con fondale perfetto per fare snorkeling. La macchia mediterranea sembra volersi tuffare in mare, facendo da cornice a questa piccola Baia. Parcheggio a pagamento e ristoranti e bar vicini alla spiaggia.<\/p>\n<h2><span class=\"ez-toc-section\" id=\"Spiagge_libere_a_volonta\"><\/span>Spiagge libere a volont\u00e0!<span class=\"ez-toc-section-end\"><\/span><\/h2>\n<p>Nelle Marche le spiagge libere si alternano a stabilimenti balneare che forniscono tutti i servizi. Abbiamo quindi lasciato per ultimo una carrellata di spiagge delle Marche in cui vige l&#8217;assoluta libert\u00e0, a scapito di qualche confort. Scopriamole insieme.<\/p>\n<h3><span class=\"ez-toc-section\" id=\"Baia_Flaminia\"><\/span>Baia Flaminia<span class=\"ez-toc-section-end\"><\/span><\/h3>\n<p>Una spiaggia larga 130 metri e lunga pi\u00f9 di 300. Sabbia sottile, parcheggio vicinissimo. Possibilit\u00e0 di fare snorkeling grazie alla formazione di un tratto scoglioso confinante. La vera ciliegina \u00e8 la posizione. Si trova a 5 minuti da Pesaro, ma \u00e8 immersa in un contesto bucolico che da solo merita una passeggiata esplorativa. Magari nelle ore pi\u00f9 fresche!<\/p>\n<h3><span class=\"ez-toc-section\" id=\"Scalaccia_il_Conero_e_una_certezza\"><\/span>Scalaccia: il Conero \u00e8 una certezza!<span class=\"ez-toc-section-end\"><\/span><\/h3>\n<p><img loading=\"lazy\" decoding=\"async\" class=\"alignnone size-full wp-image-25410\" src=\"https:\/\/www.ignas.com\/it\/blog\/wp-content\/uploads\/2016\/05\/spiaggia-scalaccia.jpeg\" alt=\"spiaggia delle Marche, Scalaccia\" width=\"750\" height=\"510\" srcset=\"https:\/\/www.ignas.com\/it\/blog\/wp-content\/uploads\/2016\/05\/spiaggia-scalaccia.jpeg 750w, https:\/\/www.ignas.com\/it\/blog\/wp-content\/uploads\/2016\/05\/spiaggia-scalaccia-300x204.jpeg 300w\" sizes=\"auto, (max-width: 750px) 100vw, 750px\" \/><\/p>\n<p>In questa rassegna che potremmo chiamare &#8220;Mare bello nelle Marche&#8221; non pu\u00f2 mancare questa piccola chicca che si trova nel Conero. A differenza di altre spiagge marche, questa \u00e8 formata interamente da lastre di roccia semi-immerse in mare e levigate dal vento. La spiaggetta \u00e8 molto sottile e formata da ciottoli. Per raggiungerla bisogna parcheggiare gratuitamente davanti al cimitero di Pietra la Croce e seguire il sentiero che in 20 minuti porta al mare. Il luogo \u00e8 per chi ama vivere il mare in una dimensione intima e selvaggia.<\/p>\n<h3><span class=\"ez-toc-section\" id=\"Laghetto_Blu_a_Torrette\"><\/span>Laghetto Blu a Torrette<span class=\"ez-toc-section-end\"><\/span><\/h3>\n<p>Sul lungo e sabbioso litorale che da Fano va verso Torrette, si trova questa spiaggia libera con una piccola piscina naturale (laghetto) perfetta per prendere il sole senza soffrire il caldo. Comodit\u00e0 nel parcheggio e nel raggiungere la spiaggia oltre che bar e ristoranti vicini.<\/p>\n<h3><span class=\"ez-toc-section\" id=\"Cesano\"><\/span>Cesano<span class=\"ez-toc-section-end\"><\/span><\/h3>\n<p>Spiaggia di sabbia sottile fra le pi\u00f9 estese di tuto il litorale. Possibilit\u00e0 di parcheggiare gratuitamente, e vicinanza al piccolo centro di Cesano, fra lungomare e negozietti. E&#8217; una spiaggia perfetta per andare con bambini e godersi la sabbia e il mare.<\/p>\n<h3><span class=\"ez-toc-section\" id=\"La_Pineta_Porto_SantElpidio\"><\/span>La Pineta: Porto Sant&#8217;Elpidio<span class=\"ez-toc-section-end\"><\/span><\/h3>\n<p>Nei 7 km di lungomare di Porto Sant&#8217;Elpidio si apre una piccola pineta lunga 550 metri, con una spiaggia libera di fronte e godibilissima anche grazie ad una pista ciclabile che fa raggiungere il posto facilmente. Il luogo merita una visita anche per via della cittadina che \u00e8 ricca di eventi estivi e negozietti artigianali.<\/p>\n<h3><span class=\"ez-toc-section\" id=\"Area_Floristica\"><\/span>Area Floristica<span class=\"ez-toc-section-end\"><\/span><\/h3>\n<p><img loading=\"lazy\" decoding=\"async\" class=\"alignnone size-full wp-image-25411\" src=\"https:\/\/www.ignas.com\/it\/blog\/wp-content\/uploads\/2016\/05\/AdobeStock_421782882.jpeg\" alt=\"area floristica, marche\" width=\"750\" height=\"510\" srcset=\"https:\/\/www.ignas.com\/it\/blog\/wp-content\/uploads\/2016\/05\/AdobeStock_421782882.jpeg 750w, https:\/\/www.ignas.com\/it\/blog\/wp-content\/uploads\/2016\/05\/AdobeStock_421782882-300x204.jpeg 300w\" sizes=\"auto, (max-width: 750px) 100vw, 750px\" \/><\/p>\n<p>Questa piccola parte del litorale si caratterizza per una fortissima attenzione al tema del ripristino naturalistico. Stiamo parlando dell&#8217;Area Floristica n. 48, luogo in cui si \u00e8 riuscito a ripristinare l&#8217;habitat perfetto per le praterie sub-steppiche litoranee. In Italia sono una vera rarit\u00e0, e grazie alla collaborazioni di varie associazioni ambientali delle Marche \u00e8 possibile godersi il mare con alle spalle questa perla assoluta della flora marina.<\/p>\n<p><span style=\"color: #ffffff;\"><a class=\"button btnBlogCTA\" style=\"color: #ffffff;\" href=\"https:\/\/www.ignas.com\/it\/offerte-mare-marche\" target=\"_blank\" rel=\"noopener noreferrer\">Scopri tutte le nostre offerte per il mare nelle Marche!<\/a><\/span><\/p>\n","protected":false},"excerpt":{"rendered":"<p>Spiagge Marche: perch\u00e9 averle tutte in una lista Non si tratta semplicemente di un elenco delle pi\u00f9 belle. Infatti pur essendoci il Conero che svetta per bellezze paesaggistiche, tuttavia limitarsi alle pi\u00f9 belle, escluderebbe una serie di spiaggette e zone che bisogna assolutamente vedere visitando questa regione. Per cui iniziamo questa lunga lista, in cui [&hellip;]<\/p>\n","protected":false},"author":2,"featured_media":25403,"comment_status":"open","ping_status":"open","sticky":false,"template":"","format":"standard","meta":{"_acf_changed":false,"inline_featured_image":false,"_lmt_disableupdate":"no","_lmt_disable":"no","_monsterinsights_skip_tracking":false,"_monsterinsights_sitenote_active":false,"_monsterinsights_sitenote_note":"","_monsterinsights_sitenote_category":0,"footnotes":""},"categories":[3],"tags":[],"class_list":["post-22927","post","type-post","status-publish","format-standard","has-post-thumbnail","hentry","category-terre-di-mare"],"acf":[],"yoast_head":"<!-- This site is optimized with the Yoast SEO plugin v27.5 - https:\/\/yoast.com\/product\/yoast-seo-wordpress\/ -->\n<title>Spiagge Marche: dalle pi\u00f9 note a quelle nascoste! - Ignas Tour<\/title>\n<meta name=\"description\" content=\"Direzione verso il mare delle marche? In questo caso sar\u00e0 utile conoscere tutte le spiagge delle marche, dalle pi\u00f9 conosciute a quelle segrete\" \/>\n<meta name=\"robots\" content=\"index, follow, max-snippet:-1, max-image-preview:large, max-video-preview:-1\" \/>\n<link rel=\"canonical\" href=\"https:\/\/www.ignas.com\/it\/blog\/spiagge-marche\/\" \/>\n<meta property=\"og:locale\" content=\"it_IT\" \/>\n<meta property=\"og:type\" content=\"article\" \/>\n<meta property=\"og:title\" content=\"Spiagge Marche: dalle pi\u00f9 note a quelle nascoste! - Ignas Tour\" \/>\n<meta property=\"og:description\" content=\"Direzione verso il mare delle marche? In questo caso sar\u00e0 utile conoscere tutte le spiagge delle marche, dalle pi\u00f9 conosciute a quelle segrete\" \/>\n<meta property=\"og:url\" content=\"https:\/\/www.ignas.com\/it\/blog\/spiagge-marche\/\" \/>\n<meta property=\"og:site_name\" content=\"Ignas Tour\" \/>\n<meta property=\"article:published_time\" content=\"2022-03-17T13:32:00+00:00\" \/>\n<meta property=\"article:modified_time\" content=\"2025-02-07T16:51:40+00:00\" \/>\n<meta property=\"og:image\" content=\"https:\/\/www.ignas.com\/it\/blog\/wp-content\/uploads\/2016\/05\/spiaggia-di-portonovo.jpeg\" \/>\n\t<meta property=\"og:image:width\" content=\"750\" \/>\n\t<meta property=\"og:image:height\" content=\"510\" \/>\n\t<meta property=\"og:image:type\" content=\"image\/jpeg\" \/>\n<meta name=\"author\" content=\"Fabrizio\" \/>\n<meta name=\"twitter:card\" content=\"summary_large_image\" \/>\n<meta name=\"twitter:label1\" content=\"Scritto da\" \/>\n\t<meta name=\"twitter:data1\" content=\"Fabrizio\" \/>\n\t<meta name=\"twitter:label2\" content=\"Tempo di lettura stimato\" \/>\n\t<meta name=\"twitter:data2\" content=\"13 minuti\" \/>\n<script type=\"application\/ld+json\" class=\"yoast-schema-graph\">{\"@context\":\"https:\\\/\\\/schema.org\",\"@graph\":[{\"@type\":\"Article\",\"@id\":\"https:\\\/\\\/www.ignas.com\\\/it\\\/blog\\\/spiagge-marche\\\/#article\",\"isPartOf\":{\"@id\":\"https:\\\/\\\/www.ignas.com\\\/it\\\/blog\\\/spiagge-marche\\\/\"},\"author\":{\"name\":\"Fabrizio\",\"@id\":\"https:\\\/\\\/www.ignas.com\\\/it\\\/blog\\\/#\\\/schema\\\/person\\\/cb41520c07db292cc5a20ce104e28a1d\"},\"headline\":\"Spiagge Marche: dalle pi\u00f9 note a quelle nascoste!\",\"datePublished\":\"2022-03-17T13:32:00+00:00\",\"dateModified\":\"2025-02-07T16:51:40+00:00\",\"mainEntityOfPage\":{\"@id\":\"https:\\\/\\\/www.ignas.com\\\/it\\\/blog\\\/spiagge-marche\\\/\"},\"wordCount\":1731,\"commentCount\":0,\"publisher\":{\"@id\":\"https:\\\/\\\/www.ignas.com\\\/it\\\/blog\\\/#organization\"},\"image\":{\"@id\":\"https:\\\/\\\/www.ignas.com\\\/it\\\/blog\\\/spiagge-marche\\\/#primaryimage\"},\"thumbnailUrl\":\"https:\\\/\\\/www.ignas.com\\\/it\\\/blog\\\/wp-content\\\/uploads\\\/2016\\\/05\\\/spiaggia-di-portonovo.jpeg\",\"articleSection\":[\"Terre di mare\"],\"inLanguage\":\"it-IT\",\"potentialAction\":[{\"@type\":\"CommentAction\",\"name\":\"Comment\",\"target\":[\"https:\\\/\\\/www.ignas.com\\\/it\\\/blog\\\/spiagge-marche\\\/#respond\"]}]},{\"@type\":\"WebPage\",\"@id\":\"https:\\\/\\\/www.ignas.com\\\/it\\\/blog\\\/spiagge-marche\\\/\",\"url\":\"https:\\\/\\\/www.ignas.com\\\/it\\\/blog\\\/spiagge-marche\\\/\",\"name\":\"Spiagge Marche: dalle pi\u00f9 note a quelle nascoste! - Ignas Tour\",\"isPartOf\":{\"@id\":\"https:\\\/\\\/www.ignas.com\\\/it\\\/blog\\\/#website\"},\"primaryImageOfPage\":{\"@id\":\"https:\\\/\\\/www.ignas.com\\\/it\\\/blog\\\/spiagge-marche\\\/#primaryimage\"},\"image\":{\"@id\":\"https:\\\/\\\/www.ignas.com\\\/it\\\/blog\\\/spiagge-marche\\\/#primaryimage\"},\"thumbnailUrl\":\"https:\\\/\\\/www.ignas.com\\\/it\\\/blog\\\/wp-content\\\/uploads\\\/2016\\\/05\\\/spiaggia-di-portonovo.jpeg\",\"datePublished\":\"2022-03-17T13:32:00+00:00\",\"dateModified\":\"2025-02-07T16:51:40+00:00\",\"description\":\"Direzione verso il mare delle marche? In questo caso sar\u00e0 utile conoscere tutte le spiagge delle marche, dalle pi\u00f9 conosciute a quelle segrete\",\"breadcrumb\":{\"@id\":\"https:\\\/\\\/www.ignas.com\\\/it\\\/blog\\\/spiagge-marche\\\/#breadcrumb\"},\"inLanguage\":\"it-IT\",\"potentialAction\":[{\"@type\":\"ReadAction\",\"target\":[\"https:\\\/\\\/www.ignas.com\\\/it\\\/blog\\\/spiagge-marche\\\/\"]}]},{\"@type\":\"ImageObject\",\"inLanguage\":\"it-IT\",\"@id\":\"https:\\\/\\\/www.ignas.com\\\/it\\\/blog\\\/spiagge-marche\\\/#primaryimage\",\"url\":\"https:\\\/\\\/www.ignas.com\\\/it\\\/blog\\\/wp-content\\\/uploads\\\/2016\\\/05\\\/spiaggia-di-portonovo.jpeg\",\"contentUrl\":\"https:\\\/\\\/www.ignas.com\\\/it\\\/blog\\\/wp-content\\\/uploads\\\/2016\\\/05\\\/spiaggia-di-portonovo.jpeg\",\"width\":750,\"height\":510,\"caption\":\"spiaggia di Portonovo\"},{\"@type\":\"BreadcrumbList\",\"@id\":\"https:\\\/\\\/www.ignas.com\\\/it\\\/blog\\\/spiagge-marche\\\/#breadcrumb\",\"itemListElement\":[{\"@type\":\"ListItem\",\"position\":1,\"name\":\"Home\",\"item\":\"https:\\\/\\\/www.ignas.com\\\/it\\\/blog\\\/\"},{\"@type\":\"ListItem\",\"position\":2,\"name\":\"Spiagge Marche: dalle pi\u00f9 note a quelle nascoste!\"}]},{\"@type\":\"WebSite\",\"@id\":\"https:\\\/\\\/www.ignas.com\\\/it\\\/blog\\\/#website\",\"url\":\"https:\\\/\\\/www.ignas.com\\\/it\\\/blog\\\/\",\"name\":\"Ignas Tour\",\"description\":\"\",\"publisher\":{\"@id\":\"https:\\\/\\\/www.ignas.com\\\/it\\\/blog\\\/#organization\"},\"potentialAction\":[{\"@type\":\"SearchAction\",\"target\":{\"@type\":\"EntryPoint\",\"urlTemplate\":\"https:\\\/\\\/www.ignas.com\\\/it\\\/blog\\\/?s={search_term_string}\"},\"query-input\":{\"@type\":\"PropertyValueSpecification\",\"valueRequired\":true,\"valueName\":\"search_term_string\"}}],\"inLanguage\":\"it-IT\"},{\"@type\":\"Organization\",\"@id\":\"https:\\\/\\\/www.ignas.com\\\/it\\\/blog\\\/#organization\",\"name\":\"Ignas Tour\",\"url\":\"https:\\\/\\\/www.ignas.com\\\/it\\\/blog\\\/\",\"logo\":{\"@type\":\"ImageObject\",\"inLanguage\":\"it-IT\",\"@id\":\"https:\\\/\\\/www.ignas.com\\\/it\\\/blog\\\/#\\\/schema\\\/logo\\\/image\\\/\",\"url\":\"https:\\\/\\\/www.ignas.com\\\/it\\\/blog\\\/wp-content\\\/uploads\\\/2020\\\/01\\\/logo-ignas-com-200.png\",\"contentUrl\":\"https:\\\/\\\/www.ignas.com\\\/it\\\/blog\\\/wp-content\\\/uploads\\\/2020\\\/01\\\/logo-ignas-com-200.png\",\"width\":1147,\"height\":329,\"caption\":\"Ignas Tour\"},\"image\":{\"@id\":\"https:\\\/\\\/www.ignas.com\\\/it\\\/blog\\\/#\\\/schema\\\/logo\\\/image\\\/\"}},{\"@type\":\"Person\",\"@id\":\"https:\\\/\\\/www.ignas.com\\\/it\\\/blog\\\/#\\\/schema\\\/person\\\/cb41520c07db292cc5a20ce104e28a1d\",\"name\":\"Fabrizio\",\"image\":{\"@type\":\"ImageObject\",\"inLanguage\":\"it-IT\",\"@id\":\"https:\\\/\\\/secure.gravatar.com\\\/avatar\\\/e17f60c58ebe3feb555b9028681e30cfd921758bbdd1f8e9816f1d7d08c1bd9f?s=96&d=mm&r=g\",\"url\":\"https:\\\/\\\/secure.gravatar.com\\\/avatar\\\/e17f60c58ebe3feb555b9028681e30cfd921758bbdd1f8e9816f1d7d08c1bd9f?s=96&d=mm&r=g\",\"contentUrl\":\"https:\\\/\\\/secure.gravatar.com\\\/avatar\\\/e17f60c58ebe3feb555b9028681e30cfd921758bbdd1f8e9816f1d7d08c1bd9f?s=96&d=mm&r=g\",\"caption\":\"Fabrizio\"},\"description\":\"Seo Copywriter\"}]}<\/script>\n<!-- \/ Yoast SEO plugin. -->","yoast_head_json":{"title":"Spiagge Marche: dalle pi\u00f9 note a quelle nascoste! - Ignas Tour","description":"Direzione verso il mare delle marche? In questo caso sar\u00e0 utile conoscere tutte le spiagge delle marche, dalle pi\u00f9 conosciute a quelle segrete","robots":{"index":"index","follow":"follow","max-snippet":"max-snippet:-1","max-image-preview":"max-image-preview:large","max-video-preview":"max-video-preview:-1"},"canonical":"https:\/\/www.ignas.com\/it\/blog\/spiagge-marche\/","og_locale":"it_IT","og_type":"article","og_title":"Spiagge Marche: dalle pi\u00f9 note a quelle nascoste! - Ignas Tour","og_description":"Direzione verso il mare delle marche? In questo caso sar\u00e0 utile conoscere tutte le spiagge delle marche, dalle pi\u00f9 conosciute a quelle segrete","og_url":"https:\/\/www.ignas.com\/it\/blog\/spiagge-marche\/","og_site_name":"Ignas Tour","article_published_time":"2022-03-17T13:32:00+00:00","article_modified_time":"2025-02-07T16:51:40+00:00","og_image":[{"width":750,"height":510,"url":"https:\/\/www.ignas.com\/it\/blog\/wp-content\/uploads\/2016\/05\/spiaggia-di-portonovo.jpeg","type":"image\/jpeg"}],"author":"Fabrizio","twitter_card":"summary_large_image","twitter_misc":{"Scritto da":"Fabrizio","Tempo di lettura stimato":"13 minuti"},"schema":{"@context":"https:\/\/schema.org","@graph":[{"@type":"Article","@id":"https:\/\/www.ignas.com\/it\/blog\/spiagge-marche\/#article","isPartOf":{"@id":"https:\/\/www.ignas.com\/it\/blog\/spiagge-marche\/"},"author":{"name":"Fabrizio","@id":"https:\/\/www.ignas.com\/it\/blog\/#\/schema\/person\/cb41520c07db292cc5a20ce104e28a1d"},"headline":"Spiagge Marche: dalle pi\u00f9 note a quelle nascoste!","datePublished":"2022-03-17T13:32:00+00:00","dateModified":"2025-02-07T16:51:40+00:00","mainEntityOfPage":{"@id":"https:\/\/www.ignas.com\/it\/blog\/spiagge-marche\/"},"wordCount":1731,"commentCount":0,"publisher":{"@id":"https:\/\/www.ignas.com\/it\/blog\/#organization"},"image":{"@id":"https:\/\/www.ignas.com\/it\/blog\/spiagge-marche\/#primaryimage"},"thumbnailUrl":"https:\/\/www.ignas.com\/it\/blog\/wp-content\/uploads\/2016\/05\/spiaggia-di-portonovo.jpeg","articleSection":["Terre di mare"],"inLanguage":"it-IT","potentialAction":[{"@type":"CommentAction","name":"Comment","target":["https:\/\/www.ignas.com\/it\/blog\/spiagge-marche\/#respond"]}]},{"@type":"WebPage","@id":"https:\/\/www.ignas.com\/it\/blog\/spiagge-marche\/","url":"https:\/\/www.ignas.com\/it\/blog\/spiagge-marche\/","name":"Spiagge Marche: dalle pi\u00f9 note a quelle nascoste! - Ignas Tour","isPartOf":{"@id":"https:\/\/www.ignas.com\/it\/blog\/#website"},"primaryImageOfPage":{"@id":"https:\/\/www.ignas.com\/it\/blog\/spiagge-marche\/#primaryimage"},"image":{"@id":"https:\/\/www.ignas.com\/it\/blog\/spiagge-marche\/#primaryimage"},"thumbnailUrl":"https:\/\/www.ignas.com\/it\/blog\/wp-content\/uploads\/2016\/05\/spiaggia-di-portonovo.jpeg","datePublished":"2022-03-17T13:32:00+00:00","dateModified":"2025-02-07T16:51:40+00:00","description":"Direzione verso il mare delle marche? In questo caso sar\u00e0 utile conoscere tutte le spiagge delle marche, dalle pi\u00f9 conosciute a quelle segrete","breadcrumb":{"@id":"https:\/\/www.ignas.com\/it\/blog\/spiagge-marche\/#breadcrumb"},"inLanguage":"it-IT","potentialAction":[{"@type":"ReadAction","target":["https:\/\/www.ignas.com\/it\/blog\/spiagge-marche\/"]}]},{"@type":"ImageObject","inLanguage":"it-IT","@id":"https:\/\/www.ignas.com\/it\/blog\/spiagge-marche\/#primaryimage","url":"https:\/\/www.ignas.com\/it\/blog\/wp-content\/uploads\/2016\/05\/spiaggia-di-portonovo.jpeg","contentUrl":"https:\/\/www.ignas.com\/it\/blog\/wp-content\/uploads\/2016\/05\/spiaggia-di-portonovo.jpeg","width":750,"height":510,"caption":"spiaggia di Portonovo"},{"@type":"BreadcrumbList","@id":"https:\/\/www.ignas.com\/it\/blog\/spiagge-marche\/#breadcrumb","itemListElement":[{"@type":"ListItem","position":1,"name":"Home","item":"https:\/\/www.ignas.com\/it\/blog\/"},{"@type":"ListItem","position":2,"name":"Spiagge Marche: dalle pi\u00f9 note a quelle nascoste!"}]},{"@type":"WebSite","@id":"https:\/\/www.ignas.com\/it\/blog\/#website","url":"https:\/\/www.ignas.com\/it\/blog\/","name":"Ignas Tour","description":"","publisher":{"@id":"https:\/\/www.ignas.com\/it\/blog\/#organization"},"potentialAction":[{"@type":"SearchAction","target":{"@type":"EntryPoint","urlTemplate":"https:\/\/www.ignas.com\/it\/blog\/?s={search_term_string}"},"query-input":{"@type":"PropertyValueSpecification","valueRequired":true,"valueName":"search_term_string"}}],"inLanguage":"it-IT"},{"@type":"Organization","@id":"https:\/\/www.ignas.com\/it\/blog\/#organization","name":"Ignas Tour","url":"https:\/\/www.ignas.com\/it\/blog\/","logo":{"@type":"ImageObject","inLanguage":"it-IT","@id":"https:\/\/www.ignas.com\/it\/blog\/#\/schema\/logo\/image\/","url":"https:\/\/www.ignas.com\/it\/blog\/wp-content\/uploads\/2020\/01\/logo-ignas-com-200.png","contentUrl":"https:\/\/www.ignas.com\/it\/blog\/wp-content\/uploads\/2020\/01\/logo-ignas-com-200.png","width":1147,"height":329,"caption":"Ignas Tour"},"image":{"@id":"https:\/\/www.ignas.com\/it\/blog\/#\/schema\/logo\/image\/"}},{"@type":"Person","@id":"https:\/\/www.ignas.com\/it\/blog\/#\/schema\/person\/cb41520c07db292cc5a20ce104e28a1d","name":"Fabrizio","image":{"@type":"ImageObject","inLanguage":"it-IT","@id":"https:\/\/secure.gravatar.com\/avatar\/e17f60c58ebe3feb555b9028681e30cfd921758bbdd1f8e9816f1d7d08c1bd9f?s=96&d=mm&r=g","url":"https:\/\/secure.gravatar.com\/avatar\/e17f60c58ebe3feb555b9028681e30cfd921758bbdd1f8e9816f1d7d08c1bd9f?s=96&d=mm&r=g","contentUrl":"https:\/\/secure.gravatar.com\/avatar\/e17f60c58ebe3feb555b9028681e30cfd921758bbdd1f8e9816f1d7d08c1bd9f?s=96&d=mm&r=g","caption":"Fabrizio"},"description":"Seo Copywriter"}]}},"modified_by":"Denise Basano","_links":{"self":[{"href":"https:\/\/www.ignas.com\/it\/blog\/wp-json\/wp\/v2\/posts\/22927","targetHints":{"allow":["GET"]}}],"collection":[{"href":"https:\/\/www.ignas.com\/it\/blog\/wp-json\/wp\/v2\/posts"}],"about":[{"href":"https:\/\/www.ignas.com\/it\/blog\/wp-json\/wp\/v2\/types\/post"}],"author":[{"embeddable":true,"href":"https:\/\/www.ignas.com\/it\/blog\/wp-json\/wp\/v2\/users\/2"}],"replies":[{"embeddable":true,"href":"https:\/\/www.ignas.com\/it\/blog\/wp-json\/wp\/v2\/comments?post=22927"}],"version-history":[{"count":7,"href":"https:\/\/www.ignas.com\/it\/blog\/wp-json\/wp\/v2\/posts\/22927\/revisions"}],"predecessor-version":[{"id":28511,"href":"https:\/\/www.ignas.com\/it\/blog\/wp-json\/wp\/v2\/posts\/22927\/revisions\/28511"}],"wp:featuredmedia":[{"embeddable":true,"href":"https:\/\/www.ignas.com\/it\/blog\/wp-json\/wp\/v2\/media\/25403"}],"wp:attachment":[{"href":"https:\/\/www.ignas.com\/it\/blog\/wp-json\/wp\/v2\/media?parent=22927"}],"wp:term":[{"taxonomy":"category","embeddable":true,"href":"https:\/\/www.ignas.com\/it\/blog\/wp-json\/wp\/v2\/categories?post=22927"},{"taxonomy":"post_tag","embeddable":true,"href":"https:\/\/www.ignas.com\/it\/blog\/wp-json\/wp\/v2\/tags?post=22927"}],"curies":[{"name":"wp","href":"https:\/\/api.w.org\/{rel}","templated":true}]}}