{"id":22909,"date":"2019-05-23T00:00:00","date_gmt":"2019-05-22T22:00:00","guid":{"rendered":"http:\/\/52.212.170.109\/10-cose-da-fare-sul-lago-di-garda-2"},"modified":"2024-09-19T12:46:26","modified_gmt":"2024-09-19T10:46:26","slug":"mete-lago-di-garda","status":"publish","type":"post","link":"https:\/\/www.ignas.com\/it\/blog\/mete-lago-di-garda\/","title":{"rendered":"10 cose da vedere (e fare) sul Lago di Garda"},"content":{"rendered":"<h2><span class=\"ez-toc-section\" id=\"Cosa_fare_e_vedere_sul_lago_di_Garda\"><\/span>Cosa fare e vedere sul lago di Garda?<span class=\"ez-toc-section-end\"><\/span><\/h2><div id=\"ez-toc-container\" class=\"ez-toc-v2_0_82_2 counter-hierarchy ez-toc-counter ez-toc-white ez-toc-container-direction\">\n<div class=\"ez-toc-title-container\">\n<p class=\"ez-toc-title\" style=\"cursor:inherit\"><\/p>\n<span class=\"ez-toc-title-toggle\"><a href=\"#\" class=\"ez-toc-pull-right ez-toc-btn ez-toc-btn-xs ez-toc-btn-default ez-toc-toggle\" aria-label=\"Toggle Table of Content\"><span class=\"ez-toc-js-icon-con\"><span class=\"\"><span class=\"eztoc-hide\" style=\"display:none;\">Toggle<\/span><span class=\"ez-toc-icon-toggle-span\"><svg style=\"fill: #999;color:#999\" xmlns=\"http:\/\/www.w3.org\/2000\/svg\" class=\"list-377408\" width=\"20px\" height=\"20px\" viewBox=\"0 0 24 24\" fill=\"none\"><path d=\"M6 6H4v2h2V6zm14 0H8v2h12V6zM4 11h2v2H4v-2zm16 0H8v2h12v-2zM4 16h2v2H4v-2zm16 0H8v2h12v-2z\" fill=\"currentColor\"><\/path><\/svg><svg style=\"fill: #999;color:#999\" class=\"arrow-unsorted-368013\" xmlns=\"http:\/\/www.w3.org\/2000\/svg\" width=\"10px\" height=\"10px\" viewBox=\"0 0 24 24\" version=\"1.2\" baseProfile=\"tiny\"><path d=\"M18.2 9.3l-6.2-6.3-6.2 6.3c-.2.2-.3.4-.3.7s.1.5.3.7c.2.2.4.3.7.3h11c.3 0 .5-.1.7-.3.2-.2.3-.5.3-.7s-.1-.5-.3-.7zM5.8 14.7l6.2 6.3 6.2-6.3c.2-.2.3-.5.3-.7s-.1-.5-.3-.7c-.2-.2-.4-.3-.7-.3h-11c-.3 0-.5.1-.7.3-.2.2-.3.5-.3.7s.1.5.3.7z\"\/><\/svg><\/span><\/span><\/span><\/a><\/span><\/div>\n<nav><ul class='ez-toc-list ez-toc-list-level-1 eztoc-toggle-hide-by-default' ><li class='ez-toc-page-1 ez-toc-heading-level-2'><a class=\"ez-toc-link ez-toc-heading-1\" href=\"https:\/\/www.ignas.com\/it\/blog\/mete-lago-di-garda\/#Cosa_fare_e_vedere_sul_lago_di_Garda\" >Cosa fare e vedere sul lago di Garda?<\/a><\/li><li class='ez-toc-page-1 ez-toc-heading-level-2'><a class=\"ez-toc-link ez-toc-heading-2\" href=\"https:\/\/www.ignas.com\/it\/blog\/mete-lago-di-garda\/#Mete_Lago_di_Garda_4_alternative\" >Mete Lago di Garda: 4 alternative<\/a><\/li><li class='ez-toc-page-1 ez-toc-heading-level-2'><a class=\"ez-toc-link ez-toc-heading-3\" href=\"https:\/\/www.ignas.com\/it\/blog\/mete-lago-di-garda\/#Cosa_vedere_a_Tignale\" >Cosa vedere a Tignale<\/a><\/li><li class='ez-toc-page-1 ez-toc-heading-level-2'><a class=\"ez-toc-link ez-toc-heading-4\" href=\"https:\/\/www.ignas.com\/it\/blog\/mete-lago-di-garda\/#Da_Riva_del_Garda_al_Ponale\" >Da Riva del Garda al Ponale<\/a><\/li><li class='ez-toc-page-1 ez-toc-heading-level-2'><a class=\"ez-toc-link ez-toc-heading-5\" href=\"https:\/\/www.ignas.com\/it\/blog\/mete-lago-di-garda\/#Monte_Baldo\" >Monte Baldo<\/a><\/li><li class='ez-toc-page-1 ez-toc-heading-level-2'><a class=\"ez-toc-link ez-toc-heading-6\" href=\"https:\/\/www.ignas.com\/it\/blog\/mete-lago-di-garda\/#Sentiero_panoramico_Le_Busatte\" >Sentiero panoramico Le Busatte<\/a><\/li><li class='ez-toc-page-1 ez-toc-heading-level-2'><a class=\"ez-toc-link ez-toc-heading-7\" href=\"https:\/\/www.ignas.com\/it\/blog\/mete-lago-di-garda\/#Cosa_visitare_sul_lago_di_Garda_Castello_Scaligero\" >Cosa visitare sul lago di Garda: Castello Scaligero<\/a><ul class='ez-toc-list-level-3' ><li class='ez-toc-heading-level-3'><a class=\"ez-toc-link ez-toc-heading-8\" href=\"https:\/\/www.ignas.com\/it\/blog\/mete-lago-di-garda\/#Visitare_il_Castello_di_Sirmione\" >Visitare il Castello di Sirmione<\/a><\/li><li class='ez-toc-page-1 ez-toc-heading-level-3'><a class=\"ez-toc-link ez-toc-heading-9\" href=\"https:\/\/www.ignas.com\/it\/blog\/mete-lago-di-garda\/#Il_Vittoriale_degli_Italiani\" >Il Vittoriale degli Italiani<\/a><\/li><li class='ez-toc-page-1 ez-toc-heading-level-3'><a class=\"ez-toc-link ez-toc-heading-10\" href=\"https:\/\/www.ignas.com\/it\/blog\/mete-lago-di-garda\/#Parco_della_Sigurta\" >Parco della Sigurt\u00e0<\/a><\/li><li class='ez-toc-page-1 ez-toc-heading-level-3'><a class=\"ez-toc-link ez-toc-heading-11\" href=\"https:\/\/www.ignas.com\/it\/blog\/mete-lago-di-garda\/#Limonaia_del_Castel\" >Limonaia del Castel<\/a><\/li><\/ul><\/li><li class='ez-toc-page-1 ez-toc-heading-level-2'><a class=\"ez-toc-link ez-toc-heading-12\" href=\"https:\/\/www.ignas.com\/it\/blog\/mete-lago-di-garda\/#Attivita_sul_lago_di_Garda_tra_sport_e_battello\" >Attivit\u00e0 sul lago di Garda: tra sport e battello<\/a><ul class='ez-toc-list-level-3' ><li class='ez-toc-heading-level-3'><a class=\"ez-toc-link ez-toc-heading-13\" href=\"https:\/\/www.ignas.com\/it\/blog\/mete-lago-di-garda\/#Praticare_uno_sport_acquatico\" >Praticare uno sport acquatico<\/a><\/li><\/ul><\/li><li class='ez-toc-page-1 ez-toc-heading-level-2'><a class=\"ez-toc-link ez-toc-heading-14\" href=\"https:\/\/www.ignas.com\/it\/blog\/mete-lago-di-garda\/#Peschiera_del_Garda_altra_meta_irrinunciabile\" >Peschiera del Garda: altra meta irrinunciabile!<\/a><ul class='ez-toc-list-level-3' ><li class='ez-toc-heading-level-3'><a class=\"ez-toc-link ez-toc-heading-15\" href=\"https:\/\/www.ignas.com\/it\/blog\/mete-lago-di-garda\/#Isola_del_Garda\" >Isola del Garda<\/a><\/li><li class='ez-toc-page-1 ez-toc-heading-level-3'><a class=\"ez-toc-link ez-toc-heading-16\" href=\"https:\/\/www.ignas.com\/it\/blog\/mete-lago-di-garda\/#Giro_ai_Parchi_divertimento\" >Giro ai Parchi divertimento<\/a><\/li><\/ul><\/li><\/ul><\/nav><\/div>\n\n<p>Il Lago di Garda, \u00e8<strong> il lago pi\u00f9 grande d&#8217;Italia<\/strong>, un immenso specchio d&#8217;acqua che bagna tre regioni del nord: <em>Veneto<\/em>,<em> Lombardia<\/em> e <em>Trentino-Alto Adige<\/em>.<\/p>\n<p>Questo lago \u00e8 amato sia degli italiani che dai turisti stranieri, provenienti in particolare dal nord Europa. Nei luoghi baciati dalle acque del lago si possono infatti trascorrere splendide giornate <strong>prendendo il sole<\/strong> sulla riva, praticando <strong>sport acquatici<\/strong> o passeggiando in <strong>borghi pittoreschi<\/strong>. A circondare questi bei borghi, tra cui spicca <em>Riva del Garda<\/em> per la bellezza del suo centro storico, ci sono <strong>uliveti e limoneti <\/strong>che riempiono l&#8217;aria con i profumi del mediterraneo.<\/p>\n<p>Se deciderete di fare di questa localit\u00e0 la vostra meta avrete un&#8217;ampia scelta di cose da fare.<\/p>\n<p>Gli <strong>amanti della natura<\/strong> avranno a loro disposizione<strong> percorsi ciclabili,<\/strong> <strong>parchi naturali,<\/strong> <strong>spiagge<\/strong> di bianchi ciottoli levigati e romantici porticcioli e <strong>panorami unici<\/strong>. Per gli <strong>amanti dell&#8217;art<\/strong>e e della bella vita invece ci sono tanti negozi e <strong>boutique<\/strong>,<strong> musei<\/strong> ed opere importanti come il <strong>Castello Scaligero<\/strong>, che testimoniano la storia del luogo.<\/p>\n<p>Vista la grandezza e la variet\u00e0 di territori, paesaggi ed attivit\u00e0 che caratterizzano le rive del lago pi\u00f9 grande d&#8217;Italia, abbiamo deciso di proporvi una <strong>top ten<\/strong> delle<strong> cose da vedere sul Garda<\/strong>; si tratta di una piccola lista di<strong> consigli tutti da vivere<\/strong> che vanno dalle <em>grotte di Catullo<\/em>, alle <em>Torri del Benaco<\/em>, fino al <em>Vittoriale degli Italian<\/em>i, e al vicino <em>Monte Baldo.<\/em><\/p>\n<p><span style=\"color: #ff6600;\"><strong><a style=\"color: #ff6600;\" href=\"https:\/\/www.ignas.com\/it\/offerte-lago-di-garda\" target=\"_blank\" rel=\"noopener\">Scopri tutte le nostre offerte al Lago di Garda<\/a><\/strong><\/span><\/p>\n<h2><span class=\"ez-toc-section\" id=\"Mete_Lago_di_Garda_4_alternative\"><\/span>Mete Lago di Garda: 4 alternative<span class=\"ez-toc-section-end\"><\/span><\/h2>\n<p><img loading=\"lazy\" decoding=\"async\" class=\"alignnone size-full wp-image-25628\" src=\"https:\/\/www.ignas.com\/it\/blog\/wp-content\/uploads\/2016\/05\/lago-di-garda-mete.jpg\" alt=\"cosa vedere sul Lago di Garda\" width=\"728\" height=\"410\" srcset=\"https:\/\/www.ignas.com\/it\/blog\/wp-content\/uploads\/2016\/05\/lago-di-garda-mete.jpg 728w, https:\/\/www.ignas.com\/it\/blog\/wp-content\/uploads\/2016\/05\/lago-di-garda-mete-300x169.jpg 300w\" sizes=\"auto, (max-width: 728px) 100vw, 728px\" \/><\/p>\n<div class=\"vlp-link-container vlp-layout-test1\"><a href=\"https:\/\/www.ignas.com\/it\/offerte-vacanze-trentino-altoadige\/riva-del-garda\/grand-hotel-riva\" class=\"vlp-link\" title=\"Grand Hotel Riva\" rel=\"nofollow\" target=\"_blank\"><\/a><div class=\"vlp-layout-zone-side\"><div class=\"vlp-block-3 vlp-link-image\"><img loading=\"lazy\" decoding=\"async\" style=\"max-width: 150px;\" width=\"150\" height=\"113\" src=\"https:\/\/www.ignas.com\/it\/blog\/wp-content\/uploads\/2016\/05\/grand-hotel-riva.jpg\" class=\"attachment-150x999 size-150x999\" alt=\"hotel riva\" srcset=\"https:\/\/www.ignas.com\/it\/blog\/wp-content\/uploads\/2016\/05\/grand-hotel-riva.jpg 750w, https:\/\/www.ignas.com\/it\/blog\/wp-content\/uploads\/2016\/05\/grand-hotel-riva-300x225.jpg 300w\" sizes=\"auto, (max-width: 150px) 100vw, 150px\" \/><\/div><\/div><div class=\"vlp-layout-zone-main\"><div class=\"vlp-block-0 vlp-link-title\">Grand Hotel Riva<\/div><div class=\"vlp-block-1 vlp-link-summary\">Il Grand Hotel Riva, elegante hotel in stile liberty, situato in pieno centro storico a fianco del castello veneziano La Rocca, ed immerso nel verde sulla riva del Lago di Garda.<\/div><div class=\"vlp-block-2 vlp-link-button\">Clicca e vedi!<\/div><\/div><\/div>\n<p>Prima di dare scoprire insieme una serie di mete Lago di Garda, pu\u00f2 essere utile approfondire 4 luoghi immancabili:<\/p>\n<p><strong>Malcesine<\/strong>, fra le cose da vedere a Garda non pu\u00f2 mancare lei: fra sport come il parapendio e kite surf, la spiaggia Val di Sogni e la storia di palazzi antichi. Ecco una<span style=\"color: #ff6600;\"> <strong><a style=\"color: #ff6600;\" href=\"https:\/\/www.ignas.com\/it\/blog\/malcesine-cosa-vedere\/\">guida completa per vedere Malcesine<\/a>!<\/strong><\/span><\/p>\n<p><strong>Peschiera del Garda<\/strong>: una delle citt\u00e0 pi\u00f9 affascinanti della zona, affascina con la sua storia, la sua ricchezza culturale ed i bei localini. A tal proposito abbiamo scritto un articolo su <a href=\"https:\/\/www.ignas.com\/it\/blog\/peschiera-del-garda-cosa-vedere\/\"><strong><span style=\"color: #ff6600;\">cosa vedere a Peschiera del Garda<\/span><\/strong><\/a>, per aiutarti a non perderti niente!<\/p>\n<p><strong>Il Parco Sigurt\u00e0<\/strong>: con 1 milione di tulipani, 600 mila mq di giardino e 36 diverse zone tematiche ognuna portatrice di qualcosa da scoprire.\u00a0 Scopri i nostri <span style=\"color: #ff6600;\"><a style=\"color: #ff6600;\" href=\"https:\/\/www.ignas.com\/it\/blog\/parco-sigurta\/\"><strong>consigli e curiosit\u00e0 sul Parco Sigurt\u00e0<\/strong><\/a><\/span>, per viaggiare preparato!<\/p>\n<p><strong>Alto Lago di Garda<\/strong>: la zona da cui vedere il Lago in tutta la sua magnificenza, fra degustazioni e panorami indimenticabili. Per non perderti nulla della sua bellezza leggi il nostro articolo su <a href=\"https:\/\/www.ignas.com\/it\/blog\/alto-lago-di-garda-cosa-visitare\/\"><span style=\"color: #ff6600;\"><strong>cosa visitare dell&#8217;Atto Lago di Garda!<\/strong><\/span><\/a><\/p>\n<h2><span class=\"ez-toc-section\" id=\"Cosa_vedere_a_Tignale\"><\/span>Cosa vedere a Tignale<span class=\"ez-toc-section-end\"><\/span><\/h2>\n<p><img loading=\"lazy\" decoding=\"async\" class=\"alignnone size-full wp-image-26639\" src=\"https:\/\/www.ignas.com\/it\/blog\/wp-content\/uploads\/2019\/05\/limoni.jpeg\" alt=\"\" width=\"750\" height=\"469\" srcset=\"https:\/\/www.ignas.com\/it\/blog\/wp-content\/uploads\/2019\/05\/limoni.jpeg 750w, https:\/\/www.ignas.com\/it\/blog\/wp-content\/uploads\/2019\/05\/limoni-300x188.jpeg 300w, https:\/\/www.ignas.com\/it\/blog\/wp-content\/uploads\/2019\/05\/limoni-320x200.jpeg 320w\" sizes=\"auto, (max-width: 750px) 100vw, 750px\" \/><\/p>\n<p>In questo piccolo borgo sulle sponde del Garda, dal fascino antico e pieno di scorci suggestivi, c&#8217;\u00e8 una vera e propria chicca assolutamente da visitare: la <strong>Limonia Pr\u00e0 de la Fam<\/strong>! Di cosa si tratta?<\/p>\n<p>E&#8217; <strong>un giardino <\/strong>completamente<strong> dedicato alla coltivazione dei limoni<\/strong> ed <strong>affacciato sul Lago di Garda<\/strong>. Visitarlo si traduce in un&#8217;immersione di tutti i sensi: l&#8217;intenso profumo dei limoni, i colori vivaci e la bella frescura data dagli alberi del giardino.<\/p>\n<p><span style=\"color: #ff6600;\"><strong><a style=\"color: #ff6600;\" href=\"https:\/\/www.ignas.com\/it\/offerte-vacanze-lombardia\/tignale\/hotel-la-rotonda\" target=\"_blank\" rel=\"noopener\">Ecco la nostra proposta per soggiornare a Tignale!<\/a><\/strong><\/span><\/p>\n<h2><span class=\"ez-toc-section\" id=\"Da_Riva_del_Garda_al_Ponale\"><\/span>Da Riva del Garda al Ponale<span class=\"ez-toc-section-end\"><\/span><\/h2>\n<p><img loading=\"lazy\" decoding=\"async\" class=\"alignnone size-full wp-image-24357\" src=\"https:\/\/www.ignas.com\/it\/blog\/wp-content\/uploads\/2016\/05\/Passeggiata-sul-Monte-Baldo.jpg\" alt=\"lago di Garda panorama\" width=\"1100\" height=\"611\" srcset=\"https:\/\/www.ignas.com\/it\/blog\/wp-content\/uploads\/2016\/05\/Passeggiata-sul-Monte-Baldo.jpg 1100w, https:\/\/www.ignas.com\/it\/blog\/wp-content\/uploads\/2016\/05\/Passeggiata-sul-Monte-Baldo-300x167.jpg 300w, https:\/\/www.ignas.com\/it\/blog\/wp-content\/uploads\/2016\/05\/Passeggiata-sul-Monte-Baldo-1024x569.jpg 1024w, https:\/\/www.ignas.com\/it\/blog\/wp-content\/uploads\/2016\/05\/Passeggiata-sul-Monte-Baldo-768x427.jpg 768w\" sizes=\"auto, (max-width: 1100px) 100vw, 1100px\" \/><\/p>\n<p>Passeggiata poco impegnativa che dal centro di Riva del Garda porta fino alla cascata del Ponale, lungo un percorso che attraversa gallerie e postazioni di guerra a picco sul lago, e che prosegue poi fino alla Valle di Ledro dove potrete ammirare le palafitte preistoriche. La strada del Ponale si pu\u00f2 percorrere sulla pista ciclabile o a piedi, \u00e8 abbastanza lunga ma semplice e con panorami sul tratto settentrionale del Lago di Garda davvero unici.<\/p>\n<h2><span class=\"ez-toc-section\" id=\"Monte_Baldo\"><\/span>Monte Baldo<span class=\"ez-toc-section-end\"><\/span><\/h2>\n<p>Dal centro di Malcesine, sulla sponda veronese del lago, parte la funivia del Monte Baldo che in pochi minuti vi porta a 1.800 metri di quota, per poter ammirare l&#8217;immenso lago dall&#8217;alto. Il Monte Baldo offre panorami incredibili sul lago e moltissime possibilit\u00e0 di attivit\u00e0 all&#8217;aperto con percorsi da trekking e mountain-bike di vari livelli, e in inverno persino lo sci \u201cvista lago\u201d.<\/p>\n<h2><span class=\"ez-toc-section\" id=\"Sentiero_panoramico_Le_Busatte\"><\/span>Sentiero panoramico Le Busatte<span class=\"ez-toc-section-end\"><\/span><\/h2>\n<p>400 scalini per una vista spettacolare! Il sentiero delle Busatte \u00e8 un percorso escursionistico abbastanza facile e adatto a tutti quelli che hanno voglia di faticare un pochino per poter ammirare il Lago di Garda da un&#8217;altra prospettiva. Il percorso parte da Torbole con un primo tratto agevole e abbastanza pianeggiante che raggiunge poi 3 lunghe e ripide scale che permettono di superare un tratto roccioso e abbastanza scomodo.<br \/>\nSalendo 400 scalini si raggiunge localit\u00e0 Tempesta, da cui si apre un panorama spettacolare sulla sponda trentina del Garda con le caratteristiche cittadine di Torbole e Riva del Garda.<\/p>\n<div class=\"vlp-link-container vlp-layout-test1\"><a href=\"https:\/\/www.ignas.com\/it\/offerte-vacanze-lombardia\/manerba-del-garda\/hotel-donna-silvia\" class=\"vlp-link\" title=\"Hotel Donna Silvia\" rel=\"nofollow\" target=\"_blank\"><\/a><div class=\"vlp-layout-zone-side\"><div class=\"vlp-block-3 vlp-link-image\"><img loading=\"lazy\" decoding=\"async\" style=\"max-width: 150px;\" width=\"150\" height=\"89\" src=\"https:\/\/www.ignas.com\/it\/blog\/wp-content\/uploads\/2022\/08\/hotel-silvia-garda.jpg\" class=\"attachment-150x999 size-150x999\" alt=\"silvia hotel\" srcset=\"https:\/\/www.ignas.com\/it\/blog\/wp-content\/uploads\/2022\/08\/hotel-silvia-garda.jpg 750w, https:\/\/www.ignas.com\/it\/blog\/wp-content\/uploads\/2022\/08\/hotel-silvia-garda-300x178.jpg 300w\" sizes=\"auto, (max-width: 150px) 100vw, 150px\" \/><\/div><\/div><div class=\"vlp-layout-zone-main\"><div class=\"vlp-block-0 vlp-link-title\">Hotel Donna Silvia<\/div><div class=\"vlp-block-1 vlp-link-summary\">Ideale per chi cerca un\u2019atmosfera calda e familiare sulle sponde del Lago di Garda. La struttura si trova a circa 700 metri dalla famosa spiaggia La Romantica, una delle pi\u00f9 suggestive localit\u00e0 della costa..<\/div><div class=\"vlp-block-2 vlp-link-button\">Clicca e vedi!<\/div><\/div><\/div>\n<h2><\/h2>\n<h2><span class=\"ez-toc-section\" id=\"Cosa_visitare_sul_lago_di_Garda_Castello_Scaligero\"><\/span>Cosa visitare sul lago di Garda: Castello Scaligero<span class=\"ez-toc-section-end\"><\/span><\/h2>\n<h3><span class=\"ez-toc-section\" id=\"Visitare_il_Castello_di_Sirmione\"><\/span>Visitare il Castello di Sirmione<span class=\"ez-toc-section-end\"><\/span><\/h3>\n<p><img loading=\"lazy\" decoding=\"async\" class=\"alignnone size-full wp-image-25629\" src=\"https:\/\/www.ignas.com\/it\/blog\/wp-content\/uploads\/2016\/05\/castello-sirmione.jpeg\" alt=\"Veduta del Castello di Sirmione\" width=\"780\" height=\"500\" srcset=\"https:\/\/www.ignas.com\/it\/blog\/wp-content\/uploads\/2016\/05\/castello-sirmione.jpeg 780w, https:\/\/www.ignas.com\/it\/blog\/wp-content\/uploads\/2016\/05\/castello-sirmione-300x192.jpeg 300w, https:\/\/www.ignas.com\/it\/blog\/wp-content\/uploads\/2016\/05\/castello-sirmione-768x492.jpeg 768w\" sizes=\"auto, (max-width: 780px) 100vw, 780px\" \/><\/p>\n<p>Per accedere al centro storico di Sirmione, rinomata localit\u00e0 di lago e anche termale, bisogna per forza passare attraverso l&#8217;antica porta di pietra e varcare le mura della storica fortezza Scaligera. La cittadella di Sirmione si presenta agli occhi del turista come una massiccia fortezza aperta sul lago, con imponenti bastioni, ponte levatoio che conduce al centro, porta fortificata d&#8217;accesso alla citt\u00e0: una vera e propria fortezza lacustre. La Rocca Scaligera di Sirmione \u00e8 un insieme di ponti, porte e torri con merletti protesi sulle acque che proteggono il pittoresco centro storico. La Rocca Scaligera \u00e8 visitabile da febbraio a ottobre, \u00e8 possibile accedere al ponte levatoio, salire sul torrione principale e passeggiare sui camminamenti di ronda.<\/p>\n<h3><span class=\"ez-toc-section\" id=\"Il_Vittoriale_degli_Italiani\"><\/span>Il Vittoriale degli Italiani<span class=\"ez-toc-section-end\"><\/span><\/h3>\n<p>Il rifugio di Gabriele D&#8217;Annunzio. Il Vittoriale sorge a Gardone, sulla sponda bresciana del lago a pochi chilometri da Sal\u00f2.<br \/>\nQuesto ampio complesso immerso in un parco mediterraneo comprende diversi edifici risalenti a periodi diversi e con architetture pi\u00f9 o meno particolari. Il fulcro del Vittoriale \u00e8 certamente la casa colonica, arredata e personalizzata dal celebre poeta D&#8217;Annunzio, che qui trascorse i suoi ultimi anni di vita. Il Vittoriale racchiude particolarit\u00e0 e stranezze: dall&#8217;anfiteatro privato, il mausoleo, la nave Puglia, la casa principale e il museo dedicato all&#8217;eccentrico letterato e alla storia di questo luogo, intriso di leggende e personaggi.<\/p>\n<p><img loading=\"lazy\" decoding=\"async\" class=\"alignnone size-full wp-image-24360\" src=\"https:\/\/www.ignas.com\/it\/blog\/wp-content\/uploads\/2016\/05\/lago-garda-torbole.jpg\" alt=\"cosa vedere al lago di Garda\" width=\"650\" height=\"432\" srcset=\"https:\/\/www.ignas.com\/it\/blog\/wp-content\/uploads\/2016\/05\/lago-garda-torbole.jpg 650w, https:\/\/www.ignas.com\/it\/blog\/wp-content\/uploads\/2016\/05\/lago-garda-torbole-300x199.jpg 300w\" sizes=\"auto, (max-width: 650px) 100vw, 650px\" \/><\/p>\n<h3><span class=\"ez-toc-section\" id=\"Parco_della_Sigurta\"><\/span>Parco della Sigurt\u00e0<span class=\"ez-toc-section-end\"><\/span><\/h3>\n<p>A pochi chilometri dal Lago di Garda, questo immenso parco giardino di oltre 60 ettari \u00e8 un vero paradiso di prati, laghetti e fioriture sulla sponda veronese. Il periodo pi\u00f9 indicato per visitarlo \u00e8 la primavera o l&#8217;estate. E&#8217; possibile noleggiare biciclette o golf car per gironzolare per i numerosi percorsi che si snodano attraverso il parco divertimenti. Bellissimi i roseti e il labirinto vegetale. Se vi trovate sul Garda vale la pena raggiungere il paradisiaco Parco della Sigurt\u00e0 che si trova a Valeggio sul Mincio.<\/p>\n<h3><span class=\"ez-toc-section\" id=\"Limonaia_del_Castel\"><\/span>Limonaia del Castel<span class=\"ez-toc-section-end\"><\/span><\/h3>\n<p><img loading=\"lazy\" decoding=\"async\" class=\"alignnone size-full wp-image-21554\" src=\"https:\/\/www.ignas.com\/it\/blog\/wp-content\/uploads\/2018\/10\/Limone-sul-Garda-in-bicicletta-sul-lago.jpg\" alt=\"Limone sul Garda in bicicletta sul lago\" width=\"1000\" height=\"600\" srcset=\"https:\/\/www.ignas.com\/it\/blog\/wp-content\/uploads\/2018\/10\/Limone-sul-Garda-in-bicicletta-sul-lago.jpg 1000w, https:\/\/www.ignas.com\/it\/blog\/wp-content\/uploads\/2018\/10\/Limone-sul-Garda-in-bicicletta-sul-lago-300x180.jpg 300w, https:\/\/www.ignas.com\/it\/blog\/wp-content\/uploads\/2018\/10\/Limone-sul-Garda-in-bicicletta-sul-lago-768x461.jpg 768w, https:\/\/www.ignas.com\/it\/blog\/wp-content\/uploads\/2018\/10\/Limone-sul-Garda-in-bicicletta-sul-lago-696x418.jpg 696w, https:\/\/www.ignas.com\/it\/blog\/wp-content\/uploads\/2018\/10\/Limone-sul-Garda-in-bicicletta-sul-lago-700x420.jpg 700w\" sizes=\"auto, (max-width: 1000px) 100vw, 1000px\" \/><\/p>\n<p>A <a href=\"https:\/\/www.ignas.com\/it\/blog\/cosa-vedere-a-limone-sul-garda\/\"><strong><span style=\"color: #ff6600;\">Limone sul Garda<\/span><\/strong><\/a> sorge la Limonaia del Castel, uno dei pi\u00f9 antichi e caratteristici giardini d&#8217;agrumi del Garda. Il clima mite e temperato delle rive del Lago di Garda ha permesso nel corso degli anni di coltivare piante mediterranee come l&#8217;olivo o il limone. Le limonaie, spesso dismesse, sono molto frequenti lungo le strade panoramiche costiere soprattutto sulla sponda bresciana del lago.<\/p>\n<p>Questa limonaia risale al Settecento ed \u00e8 tutt&#8217;oggi ben conservata grazie alla salvaguardia del Comune di Limone. I terrazzi vista lago aggrappati alle costa rocciosa del monte Sughera sono raggiungibili comodamente a piedi al centro di Limone per una vista panoramica sulle acque del lago.<\/p>\n<h2><span class=\"ez-toc-section\" id=\"Attivita_sul_lago_di_Garda_tra_sport_e_battello\"><\/span>Attivit\u00e0 sul lago di Garda: tra sport e battello<span class=\"ez-toc-section-end\"><\/span><\/h2>\n<div class=\"containerCRD\">\n<div class=\"cardCRD\">\n<div class=\"card__headerCRD\">\n<p><img loading=\"lazy\" decoding=\"async\" class=\"alignnone size-full wp-image-24857\" src=\"https:\/\/www.ignas.com\/it\/blog\/wp-content\/uploads\/2022\/03\/glam-desenzano.jpg\" alt=\"villaggio Glam sul Garda\" width=\"750\" height=\"422\" srcset=\"https:\/\/www.ignas.com\/it\/blog\/wp-content\/uploads\/2022\/03\/glam-desenzano.jpg 750w, https:\/\/www.ignas.com\/it\/blog\/wp-content\/uploads\/2022\/03\/glam-desenzano-300x169.jpg 300w\" sizes=\"auto, (max-width: 750px) 100vw, 750px\" \/><\/p>\n<div class=\"card__bodyCRD\">\n<h4 style=\"font-size: 24px;\"><strong>Desenzano Glam Village<\/strong><\/h4>\n<ul style=\"font-size: 18px;\">\n<li>Piscina<\/li>\n<li>Pensione Completa<\/li>\n<li>Servizio Spiaggia<\/li>\n<\/ul>\n<div class=\"tagCRD\">\n<div class=\"textCRD\" style=\"font-size: 18px;\"><span style=\"color: #ff6600;\"><strong><a style=\"color: #ff6600;\" href=\"https:\/\/www.ignas.com\/it\/offerte-vacanze-lombardia\/desenzano-del-garda\/villaggio-desenzano-camping\" target=\"_blank\" rel=\"noopener\">Portami all&#8217;Offerta<\/a><\/strong><\/span><\/div>\n<\/div>\n<\/div>\n<\/div>\n<\/div>\n<\/div>\n<h3><\/h3>\n<h3><span class=\"ez-toc-section\" id=\"Praticare_uno_sport_acquatico\"><\/span>Praticare uno sport acquatico<span class=\"ez-toc-section-end\"><\/span><\/h3>\n<p><img loading=\"lazy\" decoding=\"async\" class=\"alignnone size-full wp-image-25630\" src=\"https:\/\/www.ignas.com\/it\/blog\/wp-content\/uploads\/2016\/05\/sport-sul-lago.jpg\" alt=\"sport acquatici sul Garda\" width=\"780\" height=\"500\" srcset=\"https:\/\/www.ignas.com\/it\/blog\/wp-content\/uploads\/2016\/05\/sport-sul-lago.jpg 780w, https:\/\/www.ignas.com\/it\/blog\/wp-content\/uploads\/2016\/05\/sport-sul-lago-300x192.jpg 300w, https:\/\/www.ignas.com\/it\/blog\/wp-content\/uploads\/2016\/05\/sport-sul-lago-768x492.jpg 768w\" sizes=\"auto, (max-width: 780px) 100vw, 780px\" \/><\/p>\n<p>I venti che soffiano sulle acque del Garda, rendono questo lago meta ambita per velisti da tutto il mondo! Sfidate il vento e la paura, imbracciate una vela e lasciatevi trasportare dall&#8217;Ora del Garda. Il windsurf \u00e8 molto praticato intorno al lago e nelle giornate terse e ventose le acque blu di Torri del Benaco si colorano di piccole vele che corrono a pelo d&#8217;acqua lasciando scie bianche dietro s\u00e9 e movimentando l&#8217;orizzonte. Nei porticcioli del Garda sono ormeggiate numerose barche a vela di varie dimensioni, anche queste, in attesa di venti propizi per poter uscire e veleggiare su questo immenso specchio d&#8217;acqua.<\/p>\n<div class=\"vlp-link-container vlp-layout-test1\"><a href=\"https:\/\/www.ignas.com\/it\/offerte-vacanze-trentino-altoadige\/riva-del-garda\/grand-hotel-riva?pkg_code=20240101_grandhotelrivaig\" class=\"vlp-link\" title=\"Grand Hotel Riva, 4 stelle, Riva del Garda (TN) | Ignas TourGrand Hotel Riva\" rel=\"nofollow\" target=\"_blank\"><\/a><div class=\"vlp-layout-zone-side\"><div class=\"vlp-block-3 vlp-link-image\"><img loading=\"lazy\" decoding=\"async\" style=\"max-width: 150px;\" width=\"150\" height=\"94\" src=\"https:\/\/www.ignas.com\/it\/blog\/wp-content\/uploads\/2019\/05\/Hotel-Riva.jpg\" class=\"attachment-150x999 size-150x999\" alt=\"\" srcset=\"https:\/\/www.ignas.com\/it\/blog\/wp-content\/uploads\/2019\/05\/Hotel-Riva.jpg 1000w, https:\/\/www.ignas.com\/it\/blog\/wp-content\/uploads\/2019\/05\/Hotel-Riva-300x188.jpg 300w, https:\/\/www.ignas.com\/it\/blog\/wp-content\/uploads\/2019\/05\/Hotel-Riva-768x480.jpg 768w, https:\/\/www.ignas.com\/it\/blog\/wp-content\/uploads\/2019\/05\/Hotel-Riva-320x200.jpg 320w\" sizes=\"auto, (max-width: 150px) 100vw, 150px\" \/><\/div><\/div><div class=\"vlp-layout-zone-main\"><div class=\"vlp-block-0 vlp-link-title\">Grand Hotel Riva, 4 stelle, Riva del Garda (TN) | Ignas TourGrand Hotel Riva<\/div><div class=\"vlp-block-1 vlp-link-summary\">Il Grand Hotel Riva, elegante hotel in stile liberty, situato in pieno centro storico a fianco del castello veneziano La Rocca, ed immerso nel verde sulla riva del Lago di Garda.<\/div><div class=\"vlp-block-2 vlp-link-button\">Clicca e vedi!<\/div><\/div><\/div>\n<h3><\/h3>\n<h2><span class=\"ez-toc-section\" id=\"Peschiera_del_Garda_altra_meta_irrinunciabile\"><\/span>Peschiera del Garda: altra meta irrinunciabile!<span class=\"ez-toc-section-end\"><\/span><\/h2>\n<p>Di Peschiera e cosa vedere ne abbiamo scritto ampiamente in un <strong><span style=\"color: #ff6600;\"><a style=\"color: #ff6600;\" href=\"https:\/\/www.ignas.com\/it\/blog\/peschiera-del-garda-cosa-vedere\/\">articolo dedicato qui!<\/a><\/span><\/strong> Ma in questa rassegna dei luoghi da vedere sul Garda non poteva mancare un accenno alla meraviglia che invade tutti i visitatori di questa meravigliosa localit\u00e0 sul Lago. Piena di storia monumentale e artistica e al contempo il tutto solennemente legato alla presenza del Lago che attraversa e accompagna ogni angolo della cittadina!<\/p>\n<p><span style=\"color: #ff6600;\"><strong><a style=\"color: #ff6600;\" href=\"https:\/\/www.ignas.com\/it\/offerte-vacanze-veneto\/peschiera-del-garda\/parc-hote\" target=\"_blank\" rel=\"noopener\">Hotel consigliato? Sicuramente il Parc Hotel Peschiera!<\/a><\/strong><\/span><\/p>\n<h3><span class=\"ez-toc-section\" id=\"Isola_del_Garda\"><\/span>Isola del Garda<span class=\"ez-toc-section-end\"><\/span><\/h3>\n<p>Ci troviamo sul lago e dunque una bella gita in barca o battello \u00e8 d&#8217;obbligo. Le acque fredde e profonde del Garda sono solcate da colorati natanti: battelli, aliscafi, barche a motore, barche a vela, windsurf e canoe.<br \/>\nImbarcatevi su uno dei tanti battelli che partono dai vivaci porticcioli e scoprite angoli e scorci delle coste del Garda, non visibile dalle strade panoramiche costiere. Il nostro suggerimento \u00e8 una gita di una giornata con partenza da Riva del Garda navigazione verso Limone e Isola del Garda, discesa verso Sirmione e risalita con sosta a Malcesine e rientro a Riva del Garda.<br \/>\nUn bel giro turistico con soste di circa 2 ore in ogni porto per poter ammirare le bellezze delle cittadine del Benaco.<\/p>\n<p><img loading=\"lazy\" decoding=\"async\" class=\"aligncenter size-full wp-image-27089\" src=\"https:\/\/www.ignas.com\/it\/blog\/wp-content\/uploads\/2019\/05\/isola-garda.jpg\" alt=\"\" width=\"1920\" height=\"1279\" srcset=\"https:\/\/www.ignas.com\/it\/blog\/wp-content\/uploads\/2019\/05\/isola-garda.jpg 1920w, https:\/\/www.ignas.com\/it\/blog\/wp-content\/uploads\/2019\/05\/isola-garda-300x200.jpg 300w, https:\/\/www.ignas.com\/it\/blog\/wp-content\/uploads\/2019\/05\/isola-garda-1024x682.jpg 1024w, https:\/\/www.ignas.com\/it\/blog\/wp-content\/uploads\/2019\/05\/isola-garda-768x512.jpg 768w, https:\/\/www.ignas.com\/it\/blog\/wp-content\/uploads\/2019\/05\/isola-garda-1536x1023.jpg 1536w\" sizes=\"auto, (max-width: 1920px) 100vw, 1920px\" \/><\/p>\n<h3><span class=\"ez-toc-section\" id=\"Giro_ai_Parchi_divertimento\"><\/span>Giro ai Parchi divertimento<span class=\"ez-toc-section-end\"><\/span><\/h3>\n<p>La sponda meridionale del Garda ospita numerosi parchi tematici e dei divertimenti.<br \/>\nIl pi\u00f9 conosciuto e frequentato \u00e8 certamente Gardaland, dalla cime delle montagne russe si pu\u00f2 intravvedere il lago!<br \/>\nAltro parco a tema \u00e8 Caneva World con giochi d&#8217;acqua, piscine e scivoli, c&#8217;\u00e8 poi Movieland che segue il tema film e movies. Per gli amanti degli animali consigliamo un giro allo Zoo o al Parco Sealife.<\/p>\n<p>Questa \u00e8 la nostra top ten, i nostri suggerimenti raccolti grazie a esperienze personali e consigli riportati, ma il Lago di Garda con le sue coste e le sue acque offre veramente moltissimo. Aspettiamo qualche vostro consiglio o esperienza personale!<\/p>\n","protected":false},"excerpt":{"rendered":"<p>Cosa fare e vedere sul lago di Garda? Il Lago di Garda, \u00e8 il lago pi\u00f9 grande d&#8217;Italia, un immenso specchio d&#8217;acqua che bagna tre regioni del nord: Veneto, Lombardia e Trentino-Alto Adige. Questo lago \u00e8 amato sia degli italiani che dai turisti stranieri, provenienti in particolare dal nord Europa. Nei luoghi baciati dalle acque [&hellip;]<\/p>\n","protected":false},"author":2,"featured_media":24361,"comment_status":"open","ping_status":"open","sticky":false,"template":"","format":"standard","meta":{"_acf_changed":false,"inline_featured_image":false,"_lmt_disableupdate":"no","_lmt_disable":"no","_monsterinsights_skip_tracking":false,"_monsterinsights_sitenote_active":false,"_monsterinsights_sitenote_note":"","_monsterinsights_sitenote_category":0,"footnotes":""},"categories":[7],"tags":[],"class_list":["post-22909","post","type-post","status-publish","format-standard","has-post-thumbnail","hentry","category-curiosita"],"acf":[],"yoast_head":"<!-- This site is optimized with the Yoast SEO plugin v27.5 - https:\/\/yoast.com\/product\/yoast-seo-wordpress\/ -->\n<title>10 cose da vedere (e fare) sul Lago di Garda - Ignas Tour<\/title>\n<meta name=\"description\" content=\"Quali sono le attivit\u00e0 che si possono fare sul Lago di Garda? Castello scaligero, Peschiera sul Garda, Grotte di Catullo e mete pi\u00f9 inusuali\" \/>\n<meta name=\"robots\" content=\"index, follow, max-snippet:-1, max-image-preview:large, max-video-preview:-1\" \/>\n<link rel=\"canonical\" href=\"https:\/\/www.ignas.com\/it\/blog\/mete-lago-di-garda\/\" \/>\n<meta property=\"og:locale\" content=\"it_IT\" \/>\n<meta property=\"og:type\" content=\"article\" \/>\n<meta property=\"og:title\" content=\"10 cose da vedere (e fare) sul Lago di Garda - Ignas Tour\" \/>\n<meta property=\"og:description\" content=\"Quali sono le attivit\u00e0 che si possono fare sul Lago di Garda? Castello scaligero, Peschiera sul Garda, Grotte di Catullo e mete pi\u00f9 inusuali\" \/>\n<meta property=\"og:url\" content=\"https:\/\/www.ignas.com\/it\/blog\/mete-lago-di-garda\/\" \/>\n<meta property=\"og:site_name\" content=\"Ignas Tour\" \/>\n<meta property=\"article:published_time\" content=\"2019-05-22T22:00:00+00:00\" \/>\n<meta property=\"article:modified_time\" content=\"2024-09-19T10:46:26+00:00\" \/>\n<meta property=\"og:image\" content=\"https:\/\/www.ignas.com\/it\/blog\/wp-content\/uploads\/2016\/05\/10-cose-da-fare-lago-garda.jpg\" \/>\n\t<meta property=\"og:image:width\" content=\"1100\" \/>\n\t<meta property=\"og:image:height\" content=\"611\" \/>\n\t<meta property=\"og:image:type\" content=\"image\/jpeg\" \/>\n<meta name=\"author\" content=\"Fabrizio\" \/>\n<meta name=\"twitter:card\" content=\"summary_large_image\" \/>\n<meta name=\"twitter:label1\" content=\"Scritto da\" \/>\n\t<meta name=\"twitter:data1\" content=\"Fabrizio\" \/>\n\t<meta name=\"twitter:label2\" content=\"Tempo di lettura stimato\" \/>\n\t<meta name=\"twitter:data2\" content=\"11 minuti\" \/>\n<script type=\"application\/ld+json\" class=\"yoast-schema-graph\">{\"@context\":\"https:\\\/\\\/schema.org\",\"@graph\":[{\"@type\":\"Article\",\"@id\":\"https:\\\/\\\/www.ignas.com\\\/it\\\/blog\\\/mete-lago-di-garda\\\/#article\",\"isPartOf\":{\"@id\":\"https:\\\/\\\/www.ignas.com\\\/it\\\/blog\\\/mete-lago-di-garda\\\/\"},\"author\":{\"name\":\"Fabrizio\",\"@id\":\"https:\\\/\\\/www.ignas.com\\\/it\\\/blog\\\/#\\\/schema\\\/person\\\/cb41520c07db292cc5a20ce104e28a1d\"},\"headline\":\"10 cose da vedere (e fare) sul Lago di Garda\",\"datePublished\":\"2019-05-22T22:00:00+00:00\",\"dateModified\":\"2024-09-19T10:46:26+00:00\",\"mainEntityOfPage\":{\"@id\":\"https:\\\/\\\/www.ignas.com\\\/it\\\/blog\\\/mete-lago-di-garda\\\/\"},\"wordCount\":1862,\"commentCount\":0,\"publisher\":{\"@id\":\"https:\\\/\\\/www.ignas.com\\\/it\\\/blog\\\/#organization\"},\"image\":{\"@id\":\"https:\\\/\\\/www.ignas.com\\\/it\\\/blog\\\/mete-lago-di-garda\\\/#primaryimage\"},\"thumbnailUrl\":\"https:\\\/\\\/www.ignas.com\\\/it\\\/blog\\\/wp-content\\\/uploads\\\/2016\\\/05\\\/10-cose-da-fare-lago-garda.jpg\",\"articleSection\":[\"Curiosit\u00e0\"],\"inLanguage\":\"it-IT\",\"potentialAction\":[{\"@type\":\"CommentAction\",\"name\":\"Comment\",\"target\":[\"https:\\\/\\\/www.ignas.com\\\/it\\\/blog\\\/mete-lago-di-garda\\\/#respond\"]}]},{\"@type\":\"WebPage\",\"@id\":\"https:\\\/\\\/www.ignas.com\\\/it\\\/blog\\\/mete-lago-di-garda\\\/\",\"url\":\"https:\\\/\\\/www.ignas.com\\\/it\\\/blog\\\/mete-lago-di-garda\\\/\",\"name\":\"10 cose da vedere (e fare) sul Lago di Garda - Ignas Tour\",\"isPartOf\":{\"@id\":\"https:\\\/\\\/www.ignas.com\\\/it\\\/blog\\\/#website\"},\"primaryImageOfPage\":{\"@id\":\"https:\\\/\\\/www.ignas.com\\\/it\\\/blog\\\/mete-lago-di-garda\\\/#primaryimage\"},\"image\":{\"@id\":\"https:\\\/\\\/www.ignas.com\\\/it\\\/blog\\\/mete-lago-di-garda\\\/#primaryimage\"},\"thumbnailUrl\":\"https:\\\/\\\/www.ignas.com\\\/it\\\/blog\\\/wp-content\\\/uploads\\\/2016\\\/05\\\/10-cose-da-fare-lago-garda.jpg\",\"datePublished\":\"2019-05-22T22:00:00+00:00\",\"dateModified\":\"2024-09-19T10:46:26+00:00\",\"description\":\"Quali sono le attivit\u00e0 che si possono fare sul Lago di Garda? Castello scaligero, Peschiera sul Garda, Grotte di Catullo e mete pi\u00f9 inusuali\",\"breadcrumb\":{\"@id\":\"https:\\\/\\\/www.ignas.com\\\/it\\\/blog\\\/mete-lago-di-garda\\\/#breadcrumb\"},\"inLanguage\":\"it-IT\",\"potentialAction\":[{\"@type\":\"ReadAction\",\"target\":[\"https:\\\/\\\/www.ignas.com\\\/it\\\/blog\\\/mete-lago-di-garda\\\/\"]}]},{\"@type\":\"ImageObject\",\"inLanguage\":\"it-IT\",\"@id\":\"https:\\\/\\\/www.ignas.com\\\/it\\\/blog\\\/mete-lago-di-garda\\\/#primaryimage\",\"url\":\"https:\\\/\\\/www.ignas.com\\\/it\\\/blog\\\/wp-content\\\/uploads\\\/2016\\\/05\\\/10-cose-da-fare-lago-garda.jpg\",\"contentUrl\":\"https:\\\/\\\/www.ignas.com\\\/it\\\/blog\\\/wp-content\\\/uploads\\\/2016\\\/05\\\/10-cose-da-fare-lago-garda.jpg\",\"width\":1100,\"height\":611},{\"@type\":\"BreadcrumbList\",\"@id\":\"https:\\\/\\\/www.ignas.com\\\/it\\\/blog\\\/mete-lago-di-garda\\\/#breadcrumb\",\"itemListElement\":[{\"@type\":\"ListItem\",\"position\":1,\"name\":\"Home\",\"item\":\"https:\\\/\\\/www.ignas.com\\\/it\\\/blog\\\/\"},{\"@type\":\"ListItem\",\"position\":2,\"name\":\"10 cose da vedere (e fare) sul Lago di Garda\"}]},{\"@type\":\"WebSite\",\"@id\":\"https:\\\/\\\/www.ignas.com\\\/it\\\/blog\\\/#website\",\"url\":\"https:\\\/\\\/www.ignas.com\\\/it\\\/blog\\\/\",\"name\":\"Ignas Tour\",\"description\":\"\",\"publisher\":{\"@id\":\"https:\\\/\\\/www.ignas.com\\\/it\\\/blog\\\/#organization\"},\"potentialAction\":[{\"@type\":\"SearchAction\",\"target\":{\"@type\":\"EntryPoint\",\"urlTemplate\":\"https:\\\/\\\/www.ignas.com\\\/it\\\/blog\\\/?s={search_term_string}\"},\"query-input\":{\"@type\":\"PropertyValueSpecification\",\"valueRequired\":true,\"valueName\":\"search_term_string\"}}],\"inLanguage\":\"it-IT\"},{\"@type\":\"Organization\",\"@id\":\"https:\\\/\\\/www.ignas.com\\\/it\\\/blog\\\/#organization\",\"name\":\"Ignas Tour\",\"url\":\"https:\\\/\\\/www.ignas.com\\\/it\\\/blog\\\/\",\"logo\":{\"@type\":\"ImageObject\",\"inLanguage\":\"it-IT\",\"@id\":\"https:\\\/\\\/www.ignas.com\\\/it\\\/blog\\\/#\\\/schema\\\/logo\\\/image\\\/\",\"url\":\"https:\\\/\\\/www.ignas.com\\\/it\\\/blog\\\/wp-content\\\/uploads\\\/2020\\\/01\\\/logo-ignas-com-200.png\",\"contentUrl\":\"https:\\\/\\\/www.ignas.com\\\/it\\\/blog\\\/wp-content\\\/uploads\\\/2020\\\/01\\\/logo-ignas-com-200.png\",\"width\":1147,\"height\":329,\"caption\":\"Ignas Tour\"},\"image\":{\"@id\":\"https:\\\/\\\/www.ignas.com\\\/it\\\/blog\\\/#\\\/schema\\\/logo\\\/image\\\/\"}},{\"@type\":\"Person\",\"@id\":\"https:\\\/\\\/www.ignas.com\\\/it\\\/blog\\\/#\\\/schema\\\/person\\\/cb41520c07db292cc5a20ce104e28a1d\",\"name\":\"Fabrizio\",\"image\":{\"@type\":\"ImageObject\",\"inLanguage\":\"it-IT\",\"@id\":\"https:\\\/\\\/secure.gravatar.com\\\/avatar\\\/e17f60c58ebe3feb555b9028681e30cfd921758bbdd1f8e9816f1d7d08c1bd9f?s=96&d=mm&r=g\",\"url\":\"https:\\\/\\\/secure.gravatar.com\\\/avatar\\\/e17f60c58ebe3feb555b9028681e30cfd921758bbdd1f8e9816f1d7d08c1bd9f?s=96&d=mm&r=g\",\"contentUrl\":\"https:\\\/\\\/secure.gravatar.com\\\/avatar\\\/e17f60c58ebe3feb555b9028681e30cfd921758bbdd1f8e9816f1d7d08c1bd9f?s=96&d=mm&r=g\",\"caption\":\"Fabrizio\"},\"description\":\"Seo Copywriter\"}]}<\/script>\n<!-- \/ Yoast SEO plugin. -->","yoast_head_json":{"title":"10 cose da vedere (e fare) sul Lago di Garda - Ignas Tour","description":"Quali sono le attivit\u00e0 che si possono fare sul Lago di Garda? Castello scaligero, Peschiera sul Garda, Grotte di Catullo e mete pi\u00f9 inusuali","robots":{"index":"index","follow":"follow","max-snippet":"max-snippet:-1","max-image-preview":"max-image-preview:large","max-video-preview":"max-video-preview:-1"},"canonical":"https:\/\/www.ignas.com\/it\/blog\/mete-lago-di-garda\/","og_locale":"it_IT","og_type":"article","og_title":"10 cose da vedere (e fare) sul Lago di Garda - Ignas Tour","og_description":"Quali sono le attivit\u00e0 che si possono fare sul Lago di Garda? Castello scaligero, Peschiera sul Garda, Grotte di Catullo e mete pi\u00f9 inusuali","og_url":"https:\/\/www.ignas.com\/it\/blog\/mete-lago-di-garda\/","og_site_name":"Ignas Tour","article_published_time":"2019-05-22T22:00:00+00:00","article_modified_time":"2024-09-19T10:46:26+00:00","og_image":[{"width":1100,"height":611,"url":"https:\/\/www.ignas.com\/it\/blog\/wp-content\/uploads\/2016\/05\/10-cose-da-fare-lago-garda.jpg","type":"image\/jpeg"}],"author":"Fabrizio","twitter_card":"summary_large_image","twitter_misc":{"Scritto da":"Fabrizio","Tempo di lettura stimato":"11 minuti"},"schema":{"@context":"https:\/\/schema.org","@graph":[{"@type":"Article","@id":"https:\/\/www.ignas.com\/it\/blog\/mete-lago-di-garda\/#article","isPartOf":{"@id":"https:\/\/www.ignas.com\/it\/blog\/mete-lago-di-garda\/"},"author":{"name":"Fabrizio","@id":"https:\/\/www.ignas.com\/it\/blog\/#\/schema\/person\/cb41520c07db292cc5a20ce104e28a1d"},"headline":"10 cose da vedere (e fare) sul Lago di Garda","datePublished":"2019-05-22T22:00:00+00:00","dateModified":"2024-09-19T10:46:26+00:00","mainEntityOfPage":{"@id":"https:\/\/www.ignas.com\/it\/blog\/mete-lago-di-garda\/"},"wordCount":1862,"commentCount":0,"publisher":{"@id":"https:\/\/www.ignas.com\/it\/blog\/#organization"},"image":{"@id":"https:\/\/www.ignas.com\/it\/blog\/mete-lago-di-garda\/#primaryimage"},"thumbnailUrl":"https:\/\/www.ignas.com\/it\/blog\/wp-content\/uploads\/2016\/05\/10-cose-da-fare-lago-garda.jpg","articleSection":["Curiosit\u00e0"],"inLanguage":"it-IT","potentialAction":[{"@type":"CommentAction","name":"Comment","target":["https:\/\/www.ignas.com\/it\/blog\/mete-lago-di-garda\/#respond"]}]},{"@type":"WebPage","@id":"https:\/\/www.ignas.com\/it\/blog\/mete-lago-di-garda\/","url":"https:\/\/www.ignas.com\/it\/blog\/mete-lago-di-garda\/","name":"10 cose da vedere (e fare) sul Lago di Garda - Ignas Tour","isPartOf":{"@id":"https:\/\/www.ignas.com\/it\/blog\/#website"},"primaryImageOfPage":{"@id":"https:\/\/www.ignas.com\/it\/blog\/mete-lago-di-garda\/#primaryimage"},"image":{"@id":"https:\/\/www.ignas.com\/it\/blog\/mete-lago-di-garda\/#primaryimage"},"thumbnailUrl":"https:\/\/www.ignas.com\/it\/blog\/wp-content\/uploads\/2016\/05\/10-cose-da-fare-lago-garda.jpg","datePublished":"2019-05-22T22:00:00+00:00","dateModified":"2024-09-19T10:46:26+00:00","description":"Quali sono le attivit\u00e0 che si possono fare sul Lago di Garda? Castello scaligero, Peschiera sul Garda, Grotte di Catullo e mete pi\u00f9 inusuali","breadcrumb":{"@id":"https:\/\/www.ignas.com\/it\/blog\/mete-lago-di-garda\/#breadcrumb"},"inLanguage":"it-IT","potentialAction":[{"@type":"ReadAction","target":["https:\/\/www.ignas.com\/it\/blog\/mete-lago-di-garda\/"]}]},{"@type":"ImageObject","inLanguage":"it-IT","@id":"https:\/\/www.ignas.com\/it\/blog\/mete-lago-di-garda\/#primaryimage","url":"https:\/\/www.ignas.com\/it\/blog\/wp-content\/uploads\/2016\/05\/10-cose-da-fare-lago-garda.jpg","contentUrl":"https:\/\/www.ignas.com\/it\/blog\/wp-content\/uploads\/2016\/05\/10-cose-da-fare-lago-garda.jpg","width":1100,"height":611},{"@type":"BreadcrumbList","@id":"https:\/\/www.ignas.com\/it\/blog\/mete-lago-di-garda\/#breadcrumb","itemListElement":[{"@type":"ListItem","position":1,"name":"Home","item":"https:\/\/www.ignas.com\/it\/blog\/"},{"@type":"ListItem","position":2,"name":"10 cose da vedere (e fare) sul Lago di Garda"}]},{"@type":"WebSite","@id":"https:\/\/www.ignas.com\/it\/blog\/#website","url":"https:\/\/www.ignas.com\/it\/blog\/","name":"Ignas Tour","description":"","publisher":{"@id":"https:\/\/www.ignas.com\/it\/blog\/#organization"},"potentialAction":[{"@type":"SearchAction","target":{"@type":"EntryPoint","urlTemplate":"https:\/\/www.ignas.com\/it\/blog\/?s={search_term_string}"},"query-input":{"@type":"PropertyValueSpecification","valueRequired":true,"valueName":"search_term_string"}}],"inLanguage":"it-IT"},{"@type":"Organization","@id":"https:\/\/www.ignas.com\/it\/blog\/#organization","name":"Ignas Tour","url":"https:\/\/www.ignas.com\/it\/blog\/","logo":{"@type":"ImageObject","inLanguage":"it-IT","@id":"https:\/\/www.ignas.com\/it\/blog\/#\/schema\/logo\/image\/","url":"https:\/\/www.ignas.com\/it\/blog\/wp-content\/uploads\/2020\/01\/logo-ignas-com-200.png","contentUrl":"https:\/\/www.ignas.com\/it\/blog\/wp-content\/uploads\/2020\/01\/logo-ignas-com-200.png","width":1147,"height":329,"caption":"Ignas Tour"},"image":{"@id":"https:\/\/www.ignas.com\/it\/blog\/#\/schema\/logo\/image\/"}},{"@type":"Person","@id":"https:\/\/www.ignas.com\/it\/blog\/#\/schema\/person\/cb41520c07db292cc5a20ce104e28a1d","name":"Fabrizio","image":{"@type":"ImageObject","inLanguage":"it-IT","@id":"https:\/\/secure.gravatar.com\/avatar\/e17f60c58ebe3feb555b9028681e30cfd921758bbdd1f8e9816f1d7d08c1bd9f?s=96&d=mm&r=g","url":"https:\/\/secure.gravatar.com\/avatar\/e17f60c58ebe3feb555b9028681e30cfd921758bbdd1f8e9816f1d7d08c1bd9f?s=96&d=mm&r=g","contentUrl":"https:\/\/secure.gravatar.com\/avatar\/e17f60c58ebe3feb555b9028681e30cfd921758bbdd1f8e9816f1d7d08c1bd9f?s=96&d=mm&r=g","caption":"Fabrizio"},"description":"Seo Copywriter"}]}},"modified_by":"Denise Basano","_links":{"self":[{"href":"https:\/\/www.ignas.com\/it\/blog\/wp-json\/wp\/v2\/posts\/22909","targetHints":{"allow":["GET"]}}],"collection":[{"href":"https:\/\/www.ignas.com\/it\/blog\/wp-json\/wp\/v2\/posts"}],"about":[{"href":"https:\/\/www.ignas.com\/it\/blog\/wp-json\/wp\/v2\/types\/post"}],"author":[{"embeddable":true,"href":"https:\/\/www.ignas.com\/it\/blog\/wp-json\/wp\/v2\/users\/2"}],"replies":[{"embeddable":true,"href":"https:\/\/www.ignas.com\/it\/blog\/wp-json\/wp\/v2\/comments?post=22909"}],"version-history":[{"count":41,"href":"https:\/\/www.ignas.com\/it\/blog\/wp-json\/wp\/v2\/posts\/22909\/revisions"}],"predecessor-version":[{"id":27087,"href":"https:\/\/www.ignas.com\/it\/blog\/wp-json\/wp\/v2\/posts\/22909\/revisions\/27087"}],"wp:featuredmedia":[{"embeddable":true,"href":"https:\/\/www.ignas.com\/it\/blog\/wp-json\/wp\/v2\/media\/24361"}],"wp:attachment":[{"href":"https:\/\/www.ignas.com\/it\/blog\/wp-json\/wp\/v2\/media?parent=22909"}],"wp:term":[{"taxonomy":"category","embeddable":true,"href":"https:\/\/www.ignas.com\/it\/blog\/wp-json\/wp\/v2\/categories?post=22909"},{"taxonomy":"post_tag","embeddable":true,"href":"https:\/\/www.ignas.com\/it\/blog\/wp-json\/wp\/v2\/tags?post=22909"}],"curies":[{"name":"wp","href":"https:\/\/api.w.org\/{rel}","templated":true}]}}