{"id":22889,"date":"2016-06-27T00:00:00","date_gmt":"2016-06-26T22:00:00","guid":{"rendered":"http:\/\/52.212.170.109\/spiaggia-la-pelosa-2"},"modified":"2025-01-10T12:39:09","modified_gmt":"2025-01-10T11:39:09","slug":"spiaggia-la-pelosa","status":"publish","type":"post","link":"https:\/\/www.ignas.com\/it\/blog\/spiaggia-la-pelosa\/","title":{"rendered":"Stintino La Pelosa e dintorni!"},"content":{"rendered":"<p>Istintinu! Chi ha la fortuna di viverci, \u00e8 cos\u00ec che chiama questo luogo che dall&#8217;alto sembra voler protendersi verso la vicina Isola dell&#8217;Asinara. <strong>Stintino<\/strong> \u00e8 l\u2019ultima propaggine di terra che disegna quasi un abbraccio sulla costa nord occidentale della Sardegna. In appena 31 km di costa sono tantissime le cose che la natura ha donato a questo luogo. Certamente fra le pi\u00f9 famose c\u2019\u00e8 la <strong>spiaggia simbolo di Stintino, la Pelosa<\/strong>. Scopriamo insieme questa e altre meno famose ma intrise di un fascino senza tempo!<\/p>\n<h2><span class=\"ez-toc-section\" id=\"Stintino_la_Pelosa\"><\/span><a href=\"https:\/\/www.ignas.com\/it\/ricerca?sd=1&amp;q%3Asearch%3DStintino+%28SS%29%3Bdt%3D%3Bviaggiatori%3D2%3Bdatevariabili%3B\">Stintino la Pelosa<\/a><span class=\"ez-toc-section-end\"><\/span><\/h2><div id=\"ez-toc-container\" class=\"ez-toc-v2_0_82_2 counter-hierarchy ez-toc-counter ez-toc-white ez-toc-container-direction\">\n<div class=\"ez-toc-title-container\">\n<p class=\"ez-toc-title\" style=\"cursor:inherit\"><\/p>\n<span class=\"ez-toc-title-toggle\"><a href=\"#\" class=\"ez-toc-pull-right ez-toc-btn ez-toc-btn-xs ez-toc-btn-default ez-toc-toggle\" aria-label=\"Toggle Table of Content\"><span class=\"ez-toc-js-icon-con\"><span class=\"\"><span class=\"eztoc-hide\" style=\"display:none;\">Toggle<\/span><span class=\"ez-toc-icon-toggle-span\"><svg style=\"fill: #999;color:#999\" xmlns=\"http:\/\/www.w3.org\/2000\/svg\" class=\"list-377408\" width=\"20px\" height=\"20px\" viewBox=\"0 0 24 24\" fill=\"none\"><path d=\"M6 6H4v2h2V6zm14 0H8v2h12V6zM4 11h2v2H4v-2zm16 0H8v2h12v-2zM4 16h2v2H4v-2zm16 0H8v2h12v-2z\" fill=\"currentColor\"><\/path><\/svg><svg style=\"fill: #999;color:#999\" class=\"arrow-unsorted-368013\" xmlns=\"http:\/\/www.w3.org\/2000\/svg\" width=\"10px\" height=\"10px\" viewBox=\"0 0 24 24\" version=\"1.2\" baseProfile=\"tiny\"><path d=\"M18.2 9.3l-6.2-6.3-6.2 6.3c-.2.2-.3.4-.3.7s.1.5.3.7c.2.2.4.3.7.3h11c.3 0 .5-.1.7-.3.2-.2.3-.5.3-.7s-.1-.5-.3-.7zM5.8 14.7l6.2 6.3 6.2-6.3c.2-.2.3-.5.3-.7s-.1-.5-.3-.7c-.2-.2-.4-.3-.7-.3h-11c-.3 0-.5.1-.7.3-.2.2-.3.5-.3.7s.1.5.3.7z\"\/><\/svg><\/span><\/span><\/span><\/a><\/span><\/div>\n<nav><ul class='ez-toc-list ez-toc-list-level-1 eztoc-toggle-hide-by-default' ><li class='ez-toc-page-1 ez-toc-heading-level-2'><a class=\"ez-toc-link ez-toc-heading-1\" href=\"https:\/\/www.ignas.com\/it\/blog\/spiaggia-la-pelosa\/#Stintino_la_Pelosa\" >Stintino la Pelosa<\/a><\/li><li class='ez-toc-page-1 ez-toc-heading-level-2'><a class=\"ez-toc-link ez-toc-heading-2\" href=\"https:\/\/www.ignas.com\/it\/blog\/spiaggia-la-pelosa\/#Regole_per_l_ingresso_in_spiaggia_2025\" >Regole per l&#8217; ingresso in spiaggia 2025<\/a><\/li><li class='ez-toc-page-1 ez-toc-heading-level-2'><a class=\"ez-toc-link ez-toc-heading-3\" href=\"https:\/\/www.ignas.com\/it\/blog\/spiaggia-la-pelosa\/#Cala_lupo\" >Cala lupo<\/a><\/li><li class='ez-toc-page-1 ez-toc-heading-level-2'><a class=\"ez-toc-link ez-toc-heading-4\" href=\"https:\/\/www.ignas.com\/it\/blog\/spiaggia-la-pelosa\/#La_mappa_della_zona_della_Spiaggia_la_Pelosa_Stintino\" >La mappa della zona della Spiaggia la Pelosa, Stintino<\/a><\/li><li class='ez-toc-page-1 ez-toc-heading-level-2'><a class=\"ez-toc-link ez-toc-heading-5\" href=\"https:\/\/www.ignas.com\/it\/blog\/spiaggia-la-pelosa\/#Punta_negra\" >Punta negra<\/a><\/li><li class='ez-toc-page-1 ez-toc-heading-level-2'><a class=\"ez-toc-link ez-toc-heading-6\" href=\"https:\/\/www.ignas.com\/it\/blog\/spiaggia-la-pelosa\/#Le_saline_alternativa_a_Stintino_la_Pelosa\" >Le saline, alternativa a Stintino la Pelosa<\/a><\/li><li class='ez-toc-page-1 ez-toc-heading-level-2'><a class=\"ez-toc-link ez-toc-heading-7\" href=\"https:\/\/www.ignas.com\/it\/blog\/spiaggia-la-pelosa\/#Spiaggia_di_Pilo_e_Nuraghe\" >Spiaggia di Pilo e Nuraghe<\/a><\/li><\/ul><\/nav><\/div>\n\n<p>Stintino, La Pelosa. Tre parole e un unica dimensione: il mare e il cielo. In questa che \u00e8 fra le pi\u00f9 note spiagge di Stintino, sembra quasi che il cielo sia caduto in mare, facendo sciogliere nell&#8217;acqua salata i colori pi\u00f9 chiari delle nuvole bianche e quelli pi\u00f9 turchesi del cielo sconfinato.<\/p>\n<p>La zona di cui fa parte <strong>questa spiaggia si trova nella parte pi\u00f9 a nord di Stintino<\/strong>. La sabbia \u00e8 prevalentemente sabbiosa, con la presenza discreta di qualche scoglio sopra il velo del mare e qualcun altro che degrada sott&#8217;acqua, per la felicit\u00e0 di chi ama fare snorkeling. La Pelosa si distingue fra le spiagge di Stintino, per 2 caratteristiche principali:<\/p>\n<ul>\n<li>La <strong>Torre della Pelosa<\/strong>: fortificazione che si erge nell&#8217;isolotto omonimo e facilmente raggiungibile a piedi. Il monumento fa da custode a questo luogo di confine fra la sardegna e il mare!<\/li>\n<li>I colori del mare e la vicina Isola: Arrivati sulla spiaggia sarete catapultati in un tripudio di colori che vi faranno sentire in un vecchio romanzo dei pirati, visto che i colori sono molto simili ai Caraibi. L\u2019Isola dell&#8217;Asinara e il suo Parco naturale vanno poi a completare il quadro che si manifesta di fronte ai fortunati visitatori.<\/li>\n<\/ul>\n<p><img loading=\"lazy\" decoding=\"async\" class=\"alignnone size-full wp-image-22087\" src=\"https:\/\/www.ignas.com\/it\/blog\/wp-content\/uploads\/2016\/06\/La-Pelosa-Stintino.jpg\" alt=\"La Pelosa Stintino\" width=\"960\" height=\"640\" srcset=\"https:\/\/www.ignas.com\/it\/blog\/wp-content\/uploads\/2016\/06\/La-Pelosa-Stintino.jpg 960w, https:\/\/www.ignas.com\/it\/blog\/wp-content\/uploads\/2016\/06\/La-Pelosa-Stintino-300x200.jpg 300w, https:\/\/www.ignas.com\/it\/blog\/wp-content\/uploads\/2016\/06\/La-Pelosa-Stintino-768x512.jpg 768w, https:\/\/www.ignas.com\/it\/blog\/wp-content\/uploads\/2016\/06\/La-Pelosa-Stintino-696x464.jpg 696w, https:\/\/www.ignas.com\/it\/blog\/wp-content\/uploads\/2016\/06\/La-Pelosa-Stintino-630x420.jpg 630w\" sizes=\"auto, (max-width: 960px) 100vw, 960px\" \/><\/p>\n<h2><span class=\"ez-toc-section\" id=\"Regole_per_l_ingresso_in_spiaggia_2025\"><\/span>Regole per l&#8217; ingresso in spiaggia 2025<span class=\"ez-toc-section-end\"><\/span><\/h2>\n<p>Come ogni anno la Pelosa viene presa di mira da moltissimi (troppi per qualcuno) turisti. Cos\u00ec da anni si \u00e8 ricorso ad una serie di regole per l&#8217;ingresso in spiaggia, e pi\u00f9 in generale\u00a0 per fare rispettare un luogo cosi unico al mondo.<\/p>\n<p>Ecco le <strong>regole della spiaggia La Pelosa<\/strong> aggiornate per il 2025:<\/p>\n<ul>\n<li>Possono accedere alla spiaggia un numero massimo di persone 1500 dalle ore 8 alle ore 18.00<\/li>\n<li>L&#8217; ingresso \u00e8 a numero chiuso su prenotazione e a pagamento.<\/li>\n<li>Si possono registrare un massimo di quattro persone a prenotazione,<span style=\"color: #ff6600;\"><strong><a style=\"color: #ff6600;\" href=\"https:\/\/spiaggialapelosa.it\/\"> tramite l&#8217;app<\/a><\/strong><\/span>.<\/li>\n<li>Bisogna prenotare almeno 2 giorni prima.<\/li>\n<li>C&#8217;\u00e8 il divieto di fumare e di abbandonare rifiuti.<\/li>\n<li>Bisogna portarsi una stuoia da mettere sotto i teli del mare per preservare la sabbia.<\/li>\n<li>Vietato raccogliere e portare con s\u00e9 sabbia, sassi e conchiglie.<\/li>\n<li>L&#8217;ingresso agli animali \u00e8 vietato.<\/li>\n<\/ul>\n<p>E&#8217; altrettanto importante tenere presente che:<\/p>\n<ul>\n<li>Non viene impedito a nessuno di potersi fare un bagno a farsi una passeggiata in riva, ma il limite viene dato solo a chi vuole stanziarsi con teli e altro.<\/li>\n<li>Dalle 18 in poi l&#8217;ingresso \u00e8 gratuito e libero<\/li>\n<li>I cani possono entrare dopo le 20<\/li>\n<li>Si pu\u00f2 prenotare solo <strong>dal 1 giugno al 31 ottobre.<\/strong><\/li>\n<\/ul>\n<p>Queste regole, che fanno discutere ogni anno, tuttavia nascono da una doppia esigenza: da una parte evitare di rovinare l&#8217;arenile e il delicatissimo equilibrio naturale del luogo, e dall&#8217;altro ammassare un numero spropositato di persone in un luogo noto in tutto il mondo. E attenzione alle multe, possono arrivare anche a 500 euro.<\/p>\n<h2><span class=\"ez-toc-section\" id=\"Cala_lupo\"><\/span>Cala lupo<span class=\"ez-toc-section-end\"><\/span><\/h2>\n<p>A Stintino La Pelosa \u00e8 la spiaggia di riferimento per tutti i viaggiatori. Ma se vi state chiedendo<strong> \u201cCosa vedere a Stintino\u201d<\/strong> (oltre alla Pelosa) la risposta \u00e8: le meravigliose spiagge vicine. Una fra tutte \u00e8 Cala Lupo Stintino, contraddistinta da 3 principali perle:<\/p>\n<ul>\n<li>totale assenza di caos e relax assicurato. Essendo non semplicissima da raggiungere rispetto ad altre spiagge, non \u00e8 presa di mira, permettendo dunque di vivere il mare nella sua dimensione pi\u00f9 pura.<\/li>\n<li>spiaggia bianca e soffice che fa credere di essere in qualche zona esotica. E invece \u00e8 la Sardegna!<\/li>\n<li>possibilit\u00e0 di fare snorkeling ammirando i fondali con presenze di stelle marine e cavallucci. Una vera rarit\u00e0!<\/li>\n<\/ul>\n<h2><span class=\"ez-toc-section\" id=\"La_mappa_della_zona_della_Spiaggia_la_Pelosa_Stintino\"><\/span>La mappa della zona della Spiaggia la Pelosa, Stintino<span class=\"ez-toc-section-end\"><\/span><\/h2>\n<p><iframe loading=\"lazy\" style=\"border: 0;\" src=\"https:\/\/www.google.com\/maps\/embed?pb=!1m18!1m12!1m3!1d24808.762628133154!2d8.198640996954294!3d40.963671193931525!2m3!1f0!2f0!3f0!3m2!1i1024!2i768!4f13.1!3m3!1m2!1s0x12dc9e7186be51dd%3A0xff1db3e8eed05b65!2sSpiaggia+La+Pelosa!5e0!3m2!1sit!2sit!4v1467704331155\" width=\"100%\" height=\"450\" frameborder=\"0\" allowfullscreen=\"allowfullscreen\"><\/iframe><\/p>\n<h2><span class=\"ez-toc-section\" id=\"Punta_negra\"><\/span>Punta negra<span class=\"ez-toc-section-end\"><\/span><\/h2>\n<p>A circa 3 km a sud da Stintino La Pelosa, troviamo un\u2019altra spiaggia dai colori pittoreschi: Punta Negra Stintino. Anche qui la macchia mediterranea tende a sconfinare ed arrivare fino al bagnasciuga. La sabbia \u00e8 presente sono nella prima caletta, e per quanto comoda, diventa impraticabile dopo le 11 a causa della gente ammassata. Per cui <strong>il consiglio \u00e8 quello di spostarsi al di l\u00e0 della spiaggetta<\/strong> di sabbia e raggiungere quella formata da piccoli scogli. Un po\u2019 meno agio ma finalmente sarete voi e il mare!<\/p>\n<h2><span class=\"ez-toc-section\" id=\"Le_saline_alternativa_a_Stintino_la_Pelosa\"><\/span>Le saline, alternativa a Stintino la Pelosa<span class=\"ez-toc-section-end\"><\/span><\/h2>\n<p>Per molti questa spiaggia \u00e8 l\u2019alternativa pi\u00f9 simile alla affollata Pelosa Stintino: stiamo parlando della <strong>spiaggia Le Saline<\/strong>. Quello che capita alle saline \u00e8 un effetto da spaesamento quasi da astronauta. Il paesaggio verde rigoglioso \u00e8 separato da lingue sottilissime di sabbia bianchissima. Gli occhiali da sole sono obbligatori, per combattere l\u2019effetto luminoso e accecante tipico della neve. Il bianco di questa spiaggia \u00e8 davvero lunare. A completare l\u2019effetto di magia pura ci pensa il turchese del mare che inabissa in modo irregolare la sabbia creando dei punti di secca che rendono il luogo affascinante e perturbante.<\/p>\n<p><strong>Due cose da sapere<\/strong>:<\/p>\n<ul>\n<li>Parcheggio: buone notizie! E\u2019 gratuito e facile da trovare. Chiaramente \u00e8 preferibile arrivare nella prima parte della mattinata per andare sul sicuro.<\/li>\n<li>Posidonie: questa pianta marina \u00e8 fortemente presente nei primi metri della riva e a qualcuno pu\u00f2 dar l\u2019idea di sporco. Tutt&#8217;altro. In ogni caso superati i primi metri l\u2019acqua riprende il suo colore naturale: un turchese che sa di cielo!<\/li>\n<\/ul>\n<p><img loading=\"lazy\" decoding=\"async\" class=\"alignnone size-full wp-image-24348\" src=\"https:\/\/www.ignas.com\/it\/blog\/wp-content\/uploads\/2016\/06\/torre-stinitno.jpg\" alt=\"la torre di Stintino\" width=\"1100\" height=\"611\" srcset=\"https:\/\/www.ignas.com\/it\/blog\/wp-content\/uploads\/2016\/06\/torre-stinitno.jpg 1100w, https:\/\/www.ignas.com\/it\/blog\/wp-content\/uploads\/2016\/06\/torre-stinitno-300x167.jpg 300w, https:\/\/www.ignas.com\/it\/blog\/wp-content\/uploads\/2016\/06\/torre-stinitno-1024x569.jpg 1024w, https:\/\/www.ignas.com\/it\/blog\/wp-content\/uploads\/2016\/06\/torre-stinitno-768x427.jpg 768w\" sizes=\"auto, (max-width: 1100px) 100vw, 1100px\" \/><\/p>\n<h2><span class=\"ez-toc-section\" id=\"Spiaggia_di_Pilo_e_Nuraghe\"><\/span>Spiaggia di Pilo e Nuraghe<span class=\"ez-toc-section-end\"><\/span><\/h2>\n<p>Quest\u2019ultima spiaggia \u00e8 quella pi\u00f9 a sud rispetto a <strong>Stintino La Pelosa<\/strong>, e certamente fra le pi\u00f9 caratteristiche dell\u2019intera zona. Dietro le spalle del chilometro e mezzo di spiaggia bianca, \u00e8 presente uno stagno, che conferisce all&#8217;intera zona un aria selvaggia e primitiva. Scegliere questa fra le spiagge di Stintino, significa prediligere il rapporto con la natura e i suoi abitanti. Sono infatti molti gli avvistamenti di Aironi, Gabbiano Roseo, Martin Pescatore e altri volatili che hanno trovato in questo luogo il loro habitat.<\/p>\n<p>Unica nota negativa \u00e8 la vicina centrale elettrica che deturpa il paesaggio verso est. Ma rimane comunque un luogo incantato.<\/p>\n<p>Nelle vicinanze il consiglio \u00e8 quello di <strong>visitare \u201cNuraghe Unia\u201d<\/strong>, una delle testimonianze archeologiche dell\u2019antica storia sarda.<\/p>\n<p><a class=\"button btnBlogCTA\" href=\"https:\/\/www.ignas.com\/it\/offerte-vacanze-sardegna\" target=\"_blank\" rel=\"noopener noreferrer\">Scopri le offerte in Sardegna<\/a><\/p>\n","protected":false},"excerpt":{"rendered":"<p>Istintinu! Chi ha la fortuna di viverci, \u00e8 cos\u00ec che chiama questo luogo che dall&#8217;alto sembra voler protendersi verso la vicina Isola dell&#8217;Asinara. Stintino \u00e8 l\u2019ultima propaggine di terra che disegna quasi un abbraccio sulla costa nord occidentale della Sardegna. In appena 31 km di costa sono tantissime le cose che la natura ha donato [&hellip;]<\/p>\n","protected":false},"author":2,"featured_media":24969,"comment_status":"open","ping_status":"open","sticky":false,"template":"","format":"standard","meta":{"_acf_changed":false,"inline_featured_image":false,"_lmt_disableupdate":"no","_lmt_disable":"no","_monsterinsights_skip_tracking":false,"_monsterinsights_sitenote_active":false,"_monsterinsights_sitenote_note":"","_monsterinsights_sitenote_category":0,"footnotes":""},"categories":[3],"tags":[],"class_list":["post-22889","post","type-post","status-publish","format-standard","has-post-thumbnail","hentry","category-terre-di-mare"],"acf":[],"yoast_head":"<!-- This site is optimized with the Yoast SEO plugin v27.5 - https:\/\/yoast.com\/product\/yoast-seo-wordpress\/ -->\n<title>Stintino La Pelosa e dintorni! - Ignas Tour<\/title>\n<meta name=\"description\" content=\"la spiaggia di Stintino, La Pelosa, \u00e8 l\u2019ultima propaggine di terra che disegna quasi un abbraccio sulla costa nord occidentale della Sardegna\" \/>\n<meta name=\"robots\" content=\"index, follow, max-snippet:-1, max-image-preview:large, max-video-preview:-1\" \/>\n<link rel=\"canonical\" href=\"https:\/\/www.ignas.com\/it\/blog\/spiaggia-la-pelosa\/\" \/>\n<meta property=\"og:locale\" content=\"it_IT\" \/>\n<meta property=\"og:type\" content=\"article\" \/>\n<meta property=\"og:title\" content=\"Stintino La Pelosa e dintorni! - Ignas Tour\" \/>\n<meta property=\"og:description\" content=\"la spiaggia di Stintino, La Pelosa, \u00e8 l\u2019ultima propaggine di terra che disegna quasi un abbraccio sulla costa nord occidentale della Sardegna\" \/>\n<meta property=\"og:url\" content=\"https:\/\/www.ignas.com\/it\/blog\/spiaggia-la-pelosa\/\" \/>\n<meta property=\"og:site_name\" content=\"Ignas Tour\" \/>\n<meta property=\"article:published_time\" content=\"2016-06-26T22:00:00+00:00\" \/>\n<meta property=\"article:modified_time\" content=\"2025-01-10T11:39:09+00:00\" \/>\n<meta property=\"og:image\" content=\"https:\/\/www.ignas.com\/it\/blog\/wp-content\/uploads\/2016\/06\/spiaggia-la-pelosa.jpeg\" \/>\n\t<meta property=\"og:image:width\" content=\"750\" \/>\n\t<meta property=\"og:image:height\" content=\"500\" \/>\n\t<meta property=\"og:image:type\" content=\"image\/jpeg\" \/>\n<meta name=\"author\" content=\"Fabrizio\" \/>\n<meta name=\"twitter:card\" content=\"summary_large_image\" \/>\n<meta name=\"twitter:label1\" content=\"Scritto da\" \/>\n\t<meta name=\"twitter:data1\" content=\"Fabrizio\" \/>\n\t<meta name=\"twitter:label2\" content=\"Tempo di lettura stimato\" \/>\n\t<meta name=\"twitter:data2\" content=\"7 minuti\" \/>\n<script type=\"application\/ld+json\" class=\"yoast-schema-graph\">{\"@context\":\"https:\\\/\\\/schema.org\",\"@graph\":[{\"@type\":\"Article\",\"@id\":\"https:\\\/\\\/www.ignas.com\\\/it\\\/blog\\\/spiaggia-la-pelosa\\\/#article\",\"isPartOf\":{\"@id\":\"https:\\\/\\\/www.ignas.com\\\/it\\\/blog\\\/spiaggia-la-pelosa\\\/\"},\"author\":{\"name\":\"Fabrizio\",\"@id\":\"https:\\\/\\\/www.ignas.com\\\/it\\\/blog\\\/#\\\/schema\\\/person\\\/cb41520c07db292cc5a20ce104e28a1d\"},\"headline\":\"Stintino La Pelosa e dintorni!\",\"datePublished\":\"2016-06-26T22:00:00+00:00\",\"dateModified\":\"2025-01-10T11:39:09+00:00\",\"mainEntityOfPage\":{\"@id\":\"https:\\\/\\\/www.ignas.com\\\/it\\\/blog\\\/spiaggia-la-pelosa\\\/\"},\"wordCount\":1037,\"commentCount\":2,\"publisher\":{\"@id\":\"https:\\\/\\\/www.ignas.com\\\/it\\\/blog\\\/#organization\"},\"image\":{\"@id\":\"https:\\\/\\\/www.ignas.com\\\/it\\\/blog\\\/spiaggia-la-pelosa\\\/#primaryimage\"},\"thumbnailUrl\":\"https:\\\/\\\/www.ignas.com\\\/it\\\/blog\\\/wp-content\\\/uploads\\\/2016\\\/06\\\/spiaggia-la-pelosa.jpeg\",\"articleSection\":[\"Terre di mare\"],\"inLanguage\":\"it-IT\",\"potentialAction\":[{\"@type\":\"CommentAction\",\"name\":\"Comment\",\"target\":[\"https:\\\/\\\/www.ignas.com\\\/it\\\/blog\\\/spiaggia-la-pelosa\\\/#respond\"]}]},{\"@type\":\"WebPage\",\"@id\":\"https:\\\/\\\/www.ignas.com\\\/it\\\/blog\\\/spiaggia-la-pelosa\\\/\",\"url\":\"https:\\\/\\\/www.ignas.com\\\/it\\\/blog\\\/spiaggia-la-pelosa\\\/\",\"name\":\"Stintino La Pelosa e dintorni! - Ignas Tour\",\"isPartOf\":{\"@id\":\"https:\\\/\\\/www.ignas.com\\\/it\\\/blog\\\/#website\"},\"primaryImageOfPage\":{\"@id\":\"https:\\\/\\\/www.ignas.com\\\/it\\\/blog\\\/spiaggia-la-pelosa\\\/#primaryimage\"},\"image\":{\"@id\":\"https:\\\/\\\/www.ignas.com\\\/it\\\/blog\\\/spiaggia-la-pelosa\\\/#primaryimage\"},\"thumbnailUrl\":\"https:\\\/\\\/www.ignas.com\\\/it\\\/blog\\\/wp-content\\\/uploads\\\/2016\\\/06\\\/spiaggia-la-pelosa.jpeg\",\"datePublished\":\"2016-06-26T22:00:00+00:00\",\"dateModified\":\"2025-01-10T11:39:09+00:00\",\"description\":\"la spiaggia di Stintino, La Pelosa, \u00e8 l\u2019ultima propaggine di terra che disegna quasi un abbraccio sulla costa nord occidentale della Sardegna\",\"breadcrumb\":{\"@id\":\"https:\\\/\\\/www.ignas.com\\\/it\\\/blog\\\/spiaggia-la-pelosa\\\/#breadcrumb\"},\"inLanguage\":\"it-IT\",\"potentialAction\":[{\"@type\":\"ReadAction\",\"target\":[\"https:\\\/\\\/www.ignas.com\\\/it\\\/blog\\\/spiaggia-la-pelosa\\\/\"]}]},{\"@type\":\"ImageObject\",\"inLanguage\":\"it-IT\",\"@id\":\"https:\\\/\\\/www.ignas.com\\\/it\\\/blog\\\/spiaggia-la-pelosa\\\/#primaryimage\",\"url\":\"https:\\\/\\\/www.ignas.com\\\/it\\\/blog\\\/wp-content\\\/uploads\\\/2016\\\/06\\\/spiaggia-la-pelosa.jpeg\",\"contentUrl\":\"https:\\\/\\\/www.ignas.com\\\/it\\\/blog\\\/wp-content\\\/uploads\\\/2016\\\/06\\\/spiaggia-la-pelosa.jpeg\",\"width\":750,\"height\":500,\"caption\":\"panoramica spiaggia Pelosa\"},{\"@type\":\"BreadcrumbList\",\"@id\":\"https:\\\/\\\/www.ignas.com\\\/it\\\/blog\\\/spiaggia-la-pelosa\\\/#breadcrumb\",\"itemListElement\":[{\"@type\":\"ListItem\",\"position\":1,\"name\":\"Home\",\"item\":\"https:\\\/\\\/www.ignas.com\\\/it\\\/blog\\\/\"},{\"@type\":\"ListItem\",\"position\":2,\"name\":\"Stintino La Pelosa e dintorni!\"}]},{\"@type\":\"WebSite\",\"@id\":\"https:\\\/\\\/www.ignas.com\\\/it\\\/blog\\\/#website\",\"url\":\"https:\\\/\\\/www.ignas.com\\\/it\\\/blog\\\/\",\"name\":\"Ignas Tour\",\"description\":\"\",\"publisher\":{\"@id\":\"https:\\\/\\\/www.ignas.com\\\/it\\\/blog\\\/#organization\"},\"potentialAction\":[{\"@type\":\"SearchAction\",\"target\":{\"@type\":\"EntryPoint\",\"urlTemplate\":\"https:\\\/\\\/www.ignas.com\\\/it\\\/blog\\\/?s={search_term_string}\"},\"query-input\":{\"@type\":\"PropertyValueSpecification\",\"valueRequired\":true,\"valueName\":\"search_term_string\"}}],\"inLanguage\":\"it-IT\"},{\"@type\":\"Organization\",\"@id\":\"https:\\\/\\\/www.ignas.com\\\/it\\\/blog\\\/#organization\",\"name\":\"Ignas Tour\",\"url\":\"https:\\\/\\\/www.ignas.com\\\/it\\\/blog\\\/\",\"logo\":{\"@type\":\"ImageObject\",\"inLanguage\":\"it-IT\",\"@id\":\"https:\\\/\\\/www.ignas.com\\\/it\\\/blog\\\/#\\\/schema\\\/logo\\\/image\\\/\",\"url\":\"https:\\\/\\\/www.ignas.com\\\/it\\\/blog\\\/wp-content\\\/uploads\\\/2020\\\/01\\\/logo-ignas-com-200.png\",\"contentUrl\":\"https:\\\/\\\/www.ignas.com\\\/it\\\/blog\\\/wp-content\\\/uploads\\\/2020\\\/01\\\/logo-ignas-com-200.png\",\"width\":1147,\"height\":329,\"caption\":\"Ignas Tour\"},\"image\":{\"@id\":\"https:\\\/\\\/www.ignas.com\\\/it\\\/blog\\\/#\\\/schema\\\/logo\\\/image\\\/\"}},{\"@type\":\"Person\",\"@id\":\"https:\\\/\\\/www.ignas.com\\\/it\\\/blog\\\/#\\\/schema\\\/person\\\/cb41520c07db292cc5a20ce104e28a1d\",\"name\":\"Fabrizio\",\"image\":{\"@type\":\"ImageObject\",\"inLanguage\":\"it-IT\",\"@id\":\"https:\\\/\\\/secure.gravatar.com\\\/avatar\\\/e17f60c58ebe3feb555b9028681e30cfd921758bbdd1f8e9816f1d7d08c1bd9f?s=96&d=mm&r=g\",\"url\":\"https:\\\/\\\/secure.gravatar.com\\\/avatar\\\/e17f60c58ebe3feb555b9028681e30cfd921758bbdd1f8e9816f1d7d08c1bd9f?s=96&d=mm&r=g\",\"contentUrl\":\"https:\\\/\\\/secure.gravatar.com\\\/avatar\\\/e17f60c58ebe3feb555b9028681e30cfd921758bbdd1f8e9816f1d7d08c1bd9f?s=96&d=mm&r=g\",\"caption\":\"Fabrizio\"},\"description\":\"Seo Copywriter\"}]}<\/script>\n<!-- \/ Yoast SEO plugin. -->","yoast_head_json":{"title":"Stintino La Pelosa e dintorni! - Ignas Tour","description":"la spiaggia di Stintino, La Pelosa, \u00e8 l\u2019ultima propaggine di terra che disegna quasi un abbraccio sulla costa nord occidentale della Sardegna","robots":{"index":"index","follow":"follow","max-snippet":"max-snippet:-1","max-image-preview":"max-image-preview:large","max-video-preview":"max-video-preview:-1"},"canonical":"https:\/\/www.ignas.com\/it\/blog\/spiaggia-la-pelosa\/","og_locale":"it_IT","og_type":"article","og_title":"Stintino La Pelosa e dintorni! - Ignas Tour","og_description":"la spiaggia di Stintino, La Pelosa, \u00e8 l\u2019ultima propaggine di terra che disegna quasi un abbraccio sulla costa nord occidentale della Sardegna","og_url":"https:\/\/www.ignas.com\/it\/blog\/spiaggia-la-pelosa\/","og_site_name":"Ignas Tour","article_published_time":"2016-06-26T22:00:00+00:00","article_modified_time":"2025-01-10T11:39:09+00:00","og_image":[{"width":750,"height":500,"url":"https:\/\/www.ignas.com\/it\/blog\/wp-content\/uploads\/2016\/06\/spiaggia-la-pelosa.jpeg","type":"image\/jpeg"}],"author":"Fabrizio","twitter_card":"summary_large_image","twitter_misc":{"Scritto da":"Fabrizio","Tempo di lettura stimato":"7 minuti"},"schema":{"@context":"https:\/\/schema.org","@graph":[{"@type":"Article","@id":"https:\/\/www.ignas.com\/it\/blog\/spiaggia-la-pelosa\/#article","isPartOf":{"@id":"https:\/\/www.ignas.com\/it\/blog\/spiaggia-la-pelosa\/"},"author":{"name":"Fabrizio","@id":"https:\/\/www.ignas.com\/it\/blog\/#\/schema\/person\/cb41520c07db292cc5a20ce104e28a1d"},"headline":"Stintino La Pelosa e dintorni!","datePublished":"2016-06-26T22:00:00+00:00","dateModified":"2025-01-10T11:39:09+00:00","mainEntityOfPage":{"@id":"https:\/\/www.ignas.com\/it\/blog\/spiaggia-la-pelosa\/"},"wordCount":1037,"commentCount":2,"publisher":{"@id":"https:\/\/www.ignas.com\/it\/blog\/#organization"},"image":{"@id":"https:\/\/www.ignas.com\/it\/blog\/spiaggia-la-pelosa\/#primaryimage"},"thumbnailUrl":"https:\/\/www.ignas.com\/it\/blog\/wp-content\/uploads\/2016\/06\/spiaggia-la-pelosa.jpeg","articleSection":["Terre di mare"],"inLanguage":"it-IT","potentialAction":[{"@type":"CommentAction","name":"Comment","target":["https:\/\/www.ignas.com\/it\/blog\/spiaggia-la-pelosa\/#respond"]}]},{"@type":"WebPage","@id":"https:\/\/www.ignas.com\/it\/blog\/spiaggia-la-pelosa\/","url":"https:\/\/www.ignas.com\/it\/blog\/spiaggia-la-pelosa\/","name":"Stintino La Pelosa e dintorni! - Ignas Tour","isPartOf":{"@id":"https:\/\/www.ignas.com\/it\/blog\/#website"},"primaryImageOfPage":{"@id":"https:\/\/www.ignas.com\/it\/blog\/spiaggia-la-pelosa\/#primaryimage"},"image":{"@id":"https:\/\/www.ignas.com\/it\/blog\/spiaggia-la-pelosa\/#primaryimage"},"thumbnailUrl":"https:\/\/www.ignas.com\/it\/blog\/wp-content\/uploads\/2016\/06\/spiaggia-la-pelosa.jpeg","datePublished":"2016-06-26T22:00:00+00:00","dateModified":"2025-01-10T11:39:09+00:00","description":"la spiaggia di Stintino, La Pelosa, \u00e8 l\u2019ultima propaggine di terra che disegna quasi un abbraccio sulla costa nord occidentale della Sardegna","breadcrumb":{"@id":"https:\/\/www.ignas.com\/it\/blog\/spiaggia-la-pelosa\/#breadcrumb"},"inLanguage":"it-IT","potentialAction":[{"@type":"ReadAction","target":["https:\/\/www.ignas.com\/it\/blog\/spiaggia-la-pelosa\/"]}]},{"@type":"ImageObject","inLanguage":"it-IT","@id":"https:\/\/www.ignas.com\/it\/blog\/spiaggia-la-pelosa\/#primaryimage","url":"https:\/\/www.ignas.com\/it\/blog\/wp-content\/uploads\/2016\/06\/spiaggia-la-pelosa.jpeg","contentUrl":"https:\/\/www.ignas.com\/it\/blog\/wp-content\/uploads\/2016\/06\/spiaggia-la-pelosa.jpeg","width":750,"height":500,"caption":"panoramica spiaggia Pelosa"},{"@type":"BreadcrumbList","@id":"https:\/\/www.ignas.com\/it\/blog\/spiaggia-la-pelosa\/#breadcrumb","itemListElement":[{"@type":"ListItem","position":1,"name":"Home","item":"https:\/\/www.ignas.com\/it\/blog\/"},{"@type":"ListItem","position":2,"name":"Stintino La Pelosa e dintorni!"}]},{"@type":"WebSite","@id":"https:\/\/www.ignas.com\/it\/blog\/#website","url":"https:\/\/www.ignas.com\/it\/blog\/","name":"Ignas Tour","description":"","publisher":{"@id":"https:\/\/www.ignas.com\/it\/blog\/#organization"},"potentialAction":[{"@type":"SearchAction","target":{"@type":"EntryPoint","urlTemplate":"https:\/\/www.ignas.com\/it\/blog\/?s={search_term_string}"},"query-input":{"@type":"PropertyValueSpecification","valueRequired":true,"valueName":"search_term_string"}}],"inLanguage":"it-IT"},{"@type":"Organization","@id":"https:\/\/www.ignas.com\/it\/blog\/#organization","name":"Ignas Tour","url":"https:\/\/www.ignas.com\/it\/blog\/","logo":{"@type":"ImageObject","inLanguage":"it-IT","@id":"https:\/\/www.ignas.com\/it\/blog\/#\/schema\/logo\/image\/","url":"https:\/\/www.ignas.com\/it\/blog\/wp-content\/uploads\/2020\/01\/logo-ignas-com-200.png","contentUrl":"https:\/\/www.ignas.com\/it\/blog\/wp-content\/uploads\/2020\/01\/logo-ignas-com-200.png","width":1147,"height":329,"caption":"Ignas Tour"},"image":{"@id":"https:\/\/www.ignas.com\/it\/blog\/#\/schema\/logo\/image\/"}},{"@type":"Person","@id":"https:\/\/www.ignas.com\/it\/blog\/#\/schema\/person\/cb41520c07db292cc5a20ce104e28a1d","name":"Fabrizio","image":{"@type":"ImageObject","inLanguage":"it-IT","@id":"https:\/\/secure.gravatar.com\/avatar\/e17f60c58ebe3feb555b9028681e30cfd921758bbdd1f8e9816f1d7d08c1bd9f?s=96&d=mm&r=g","url":"https:\/\/secure.gravatar.com\/avatar\/e17f60c58ebe3feb555b9028681e30cfd921758bbdd1f8e9816f1d7d08c1bd9f?s=96&d=mm&r=g","contentUrl":"https:\/\/secure.gravatar.com\/avatar\/e17f60c58ebe3feb555b9028681e30cfd921758bbdd1f8e9816f1d7d08c1bd9f?s=96&d=mm&r=g","caption":"Fabrizio"},"description":"Seo Copywriter"}]}},"modified_by":"Team di Ignas Tour","_links":{"self":[{"href":"https:\/\/www.ignas.com\/it\/blog\/wp-json\/wp\/v2\/posts\/22889","targetHints":{"allow":["GET"]}}],"collection":[{"href":"https:\/\/www.ignas.com\/it\/blog\/wp-json\/wp\/v2\/posts"}],"about":[{"href":"https:\/\/www.ignas.com\/it\/blog\/wp-json\/wp\/v2\/types\/post"}],"author":[{"embeddable":true,"href":"https:\/\/www.ignas.com\/it\/blog\/wp-json\/wp\/v2\/users\/2"}],"replies":[{"embeddable":true,"href":"https:\/\/www.ignas.com\/it\/blog\/wp-json\/wp\/v2\/comments?post=22889"}],"version-history":[{"count":33,"href":"https:\/\/www.ignas.com\/it\/blog\/wp-json\/wp\/v2\/posts\/22889\/revisions"}],"predecessor-version":[{"id":28384,"href":"https:\/\/www.ignas.com\/it\/blog\/wp-json\/wp\/v2\/posts\/22889\/revisions\/28384"}],"wp:featuredmedia":[{"embeddable":true,"href":"https:\/\/www.ignas.com\/it\/blog\/wp-json\/wp\/v2\/media\/24969"}],"wp:attachment":[{"href":"https:\/\/www.ignas.com\/it\/blog\/wp-json\/wp\/v2\/media?parent=22889"}],"wp:term":[{"taxonomy":"category","embeddable":true,"href":"https:\/\/www.ignas.com\/it\/blog\/wp-json\/wp\/v2\/categories?post=22889"},{"taxonomy":"post_tag","embeddable":true,"href":"https:\/\/www.ignas.com\/it\/blog\/wp-json\/wp\/v2\/tags?post=22889"}],"curies":[{"name":"wp","href":"https:\/\/api.w.org\/{rel}","templated":true}]}}