{"id":22872,"date":"2016-08-12T00:00:00","date_gmt":"2016-08-11T22:00:00","guid":{"rendered":"http:\/\/52.212.170.109\/urbino-2"},"modified":"2024-06-03T09:23:04","modified_gmt":"2024-06-03T07:23:04","slug":"urbino","status":"publish","type":"post","link":"https:\/\/www.ignas.com\/it\/blog\/urbino\/","title":{"rendered":"Urbino, culla del Rinascimento, assolutamente da visitare"},"content":{"rendered":"<h2><span class=\"ez-toc-section\" id=\"Urbino_cosa_visitare\"><\/span>Urbino, cosa visitare?<span class=\"ez-toc-section-end\"><\/span><\/h2><div id=\"ez-toc-container\" class=\"ez-toc-v2_0_82_2 counter-hierarchy ez-toc-counter ez-toc-white ez-toc-container-direction\">\n<div class=\"ez-toc-title-container\">\n<p class=\"ez-toc-title\" style=\"cursor:inherit\"><\/p>\n<span class=\"ez-toc-title-toggle\"><a href=\"#\" class=\"ez-toc-pull-right ez-toc-btn ez-toc-btn-xs ez-toc-btn-default ez-toc-toggle\" aria-label=\"Toggle Table of Content\"><span class=\"ez-toc-js-icon-con\"><span class=\"\"><span class=\"eztoc-hide\" style=\"display:none;\">Toggle<\/span><span class=\"ez-toc-icon-toggle-span\"><svg style=\"fill: #999;color:#999\" xmlns=\"http:\/\/www.w3.org\/2000\/svg\" class=\"list-377408\" width=\"20px\" height=\"20px\" viewBox=\"0 0 24 24\" fill=\"none\"><path d=\"M6 6H4v2h2V6zm14 0H8v2h12V6zM4 11h2v2H4v-2zm16 0H8v2h12v-2zM4 16h2v2H4v-2zm16 0H8v2h12v-2z\" fill=\"currentColor\"><\/path><\/svg><svg style=\"fill: #999;color:#999\" class=\"arrow-unsorted-368013\" xmlns=\"http:\/\/www.w3.org\/2000\/svg\" width=\"10px\" height=\"10px\" viewBox=\"0 0 24 24\" version=\"1.2\" baseProfile=\"tiny\"><path d=\"M18.2 9.3l-6.2-6.3-6.2 6.3c-.2.2-.3.4-.3.7s.1.5.3.7c.2.2.4.3.7.3h11c.3 0 .5-.1.7-.3.2-.2.3-.5.3-.7s-.1-.5-.3-.7zM5.8 14.7l6.2 6.3 6.2-6.3c.2-.2.3-.5.3-.7s-.1-.5-.3-.7c-.2-.2-.4-.3-.7-.3h-11c-.3 0-.5.1-.7.3-.2.2-.3.5-.3.7s.1.5.3.7z\"\/><\/svg><\/span><\/span><\/span><\/a><\/span><\/div>\n<nav><ul class='ez-toc-list ez-toc-list-level-1 eztoc-toggle-hide-by-default' ><li class='ez-toc-page-1 ez-toc-heading-level-2'><a class=\"ez-toc-link ez-toc-heading-1\" href=\"https:\/\/www.ignas.com\/it\/blog\/urbino\/#Urbino_cosa_visitare\" >Urbino, cosa visitare?<\/a><\/li><li class='ez-toc-page-1 ez-toc-heading-level-2'><a class=\"ez-toc-link ez-toc-heading-2\" href=\"https:\/\/www.ignas.com\/it\/blog\/urbino\/#Da_non_perdere_ad_Urbino\" >Da non perdere ad Urbino<\/a><ul class='ez-toc-list-level-3' ><li class='ez-toc-heading-level-3'><a class=\"ez-toc-link ez-toc-heading-3\" href=\"https:\/\/www.ignas.com\/it\/blog\/urbino\/#Palazzo_Ducale_e_la_Galleria_Nazionale\" >Palazzo Ducale e la Galleria Nazionale<\/a><\/li><li class='ez-toc-page-1 ez-toc-heading-level-3'><a class=\"ez-toc-link ez-toc-heading-4\" href=\"https:\/\/www.ignas.com\/it\/blog\/urbino\/#Casa_di_Raffaello\" >Casa di Raffaello<\/a><\/li><li class='ez-toc-page-1 ez-toc-heading-level-3'><a class=\"ez-toc-link ez-toc-heading-5\" href=\"https:\/\/www.ignas.com\/it\/blog\/urbino\/#Oratorio_San_Giovanni_a_Urbino\" >Oratorio San Giovanni a Urbino<\/a><\/li><li class='ez-toc-page-1 ez-toc-heading-level-3'><a class=\"ez-toc-link ez-toc-heading-6\" href=\"https:\/\/www.ignas.com\/it\/blog\/urbino\/#Duomo_di_Urbino\" >Duomo di Urbino<\/a><\/li><li class='ez-toc-page-1 ez-toc-heading-level-3'><a class=\"ez-toc-link ez-toc-heading-7\" href=\"https:\/\/www.ignas.com\/it\/blog\/urbino\/#Rampe_Elicoidali_e_Teatro_Raffaello_a_Urbino\" >Rampe Elicoidali e Teatro Raffaello a Urbino<\/a><\/li><li class='ez-toc-page-1 ez-toc-heading-level-3'><a class=\"ez-toc-link ez-toc-heading-8\" href=\"https:\/\/www.ignas.com\/it\/blog\/urbino\/#Castello_di_Gradara\" >Castello di Gradara<\/a><\/li><li class='ez-toc-page-1 ez-toc-heading-level-3'><a class=\"ez-toc-link ez-toc-heading-9\" href=\"https:\/\/www.ignas.com\/it\/blog\/urbino\/#La_mappa_di_Urbino\" >La mappa di Urbino<\/a><\/li><\/ul><\/li><li class='ez-toc-page-1 ez-toc-heading-level-2'><a class=\"ez-toc-link ez-toc-heading-10\" href=\"https:\/\/www.ignas.com\/it\/blog\/urbino\/#Cerchi_una_vacanza_nelle_Marche_per_Visitare_Urbino\" >Cerchi una vacanza nelle Marche per Visitare Urbino?<\/a><\/li><\/ul><\/nav><\/div>\n\n<p>Urbino \u00e8 una citt\u00e0 davvero incredibile, immersa nell&#8217;entroterra marchigiano e famosa per le sue opere d&#8217;arte e architettura rinascimentale. \u00c8 stata addirittura definita la &#8220;citt\u00e0 ideale&#8221; e il suo centro storico \u00e8 stato dichiarato <strong>Patrimonio Mondiale dell&#8217;Umanit\u00e0 dall&#8217;Unesco<\/strong>.<\/p>\n<p>Questa citt\u00e0 ha una storia affascinante, con i Duchi di Montefeltro che hanno ridisegnato il suo volto medievale secondo i canoni rinascimentali e che hanno dato vita a un vero e proprio laboratorio artistico. Grazie a loro, Urbino si \u00e8 circondata di artisti e maestri d&#8217;arte e architettura, che hanno contribuito a rendere la citt\u00e0 un vero gioiello da scoprire.<\/p>\n<p>Tra le colline dolci delle Marche, in una posizione panoramica circondata da vigneti e campi di girasoli, Urbino offre ai visitatori una straordinaria variet\u00e0 di palazzi, musei e chiese, che sembrano quasi fuori luogo in una citt\u00e0 cos\u00ec piccola. Passeggiando per le sue strade si pu\u00f2 ammirare la bellezza e la perfezione di scorci e piazzette, oltre a chiese di diverse epoche che raccontano la storia e lo sviluppo di questo antico Ducato. Insomma, Urbino \u00e8 un vero tesoro da non perdere se vi trovate nelle Marche!<\/p>\n<p><strong>Curiosit\u00e0 culinarie:<\/strong> nelle Marche si possono gustare piatti tipici come la crescia sfogliata, il vincisgrassi (una sorta di lasagna tipica marchigiana), la porchetta, il brodetto di pesce e i formaggi locali come il pecorino e il casciotta d&#8217;Urbino.<\/p>\n<h4><a class=\"button btnBlogCTA\" href=\"https:\/\/www.ignas.com\/it\/offerte-vacanze-marche\" rel=\"noopener noreferrer\">Scopri tutte le offerte per una vacanza nelle Marche<\/a><\/h4>\n<h2><span class=\"ez-toc-section\" id=\"Da_non_perdere_ad_Urbino\"><\/span>Da non perdere ad Urbino<span class=\"ez-toc-section-end\"><\/span><\/h2>\n<p>Ecco alcune cose assolutamente da non perdere ad Urbino:<\/p>\n<h3><span class=\"ez-toc-section\" id=\"Palazzo_Ducale_e_la_Galleria_Nazionale\"><\/span>Palazzo Ducale e la Galleria Nazionale<span class=\"ez-toc-section-end\"><\/span><\/h3>\n<p>Il <a href=\"https:\/\/gndm.it\/palazzo\/\"><strong>Palazzo Ducale<\/strong><\/a>, il <a href=\"https:\/\/www.palazzoducaleurbino.it\/\">c<\/a>uore pulsante del Rinascimento italiano, la casa dei mecenati che vollero far crescere la loro citt\u00e0 trasformandola nel capolavoro che oggi possiamo ammirare. Questa dimora ducale \u00e8 in realt\u00e0 una piccola citt\u00e0 fortificata integrata nella citt\u00e0, edificata a partire dal 1444. Oggi circa 80 stanze di questo maestoso palazzo ospitano la <a href=\"https:\/\/gndm.it\/\">Galleria Nazionale delle March<\/a>e con opere di Raffaello, Tiziano e Piero della Francesca. La collezione raccoglie opere dal 1300 al 1600, in prevalenza dipinti ma anche mobili, sculture, arazzi e disegni. Le opere principali si trovano al primo piano, divise tra gli appartamenti dove il Duca e la sua famiglia vivevano. L&#8217;Appartamento del Duca ospita i due principali capolavori della Galleria, opere di Piero della Francesca: la Flagellazione di Cristo e la Madonna di Senigallia. Nello Studiolo del Duca e in diverse sale di rappresentanza sono esposte la \u201c<strong>Citt\u00e0 Ideale<\/strong>\u201d, la Comunione degli Apostoli di Giusto di Gand e la Profanazione dell\u2019Ostia di Paolo Uccello, non potevano poi mancare le opere di Raffaello, grande pittore urbinate.<\/p>\n<p><img loading=\"lazy\" decoding=\"async\" class=\"alignnone size-full wp-image-24341\" src=\"https:\/\/www.ignas.com\/it\/blog\/wp-content\/uploads\/2016\/08\/urbino.jpg\" alt=\"\" width=\"1100\" height=\"611\" srcset=\"https:\/\/www.ignas.com\/it\/blog\/wp-content\/uploads\/2016\/08\/urbino.jpg 1100w, https:\/\/www.ignas.com\/it\/blog\/wp-content\/uploads\/2016\/08\/urbino-300x167.jpg 300w, https:\/\/www.ignas.com\/it\/blog\/wp-content\/uploads\/2016\/08\/urbino-1024x569.jpg 1024w, https:\/\/www.ignas.com\/it\/blog\/wp-content\/uploads\/2016\/08\/urbino-768x427.jpg 768w\" sizes=\"auto, (max-width: 1100px) 100vw, 1100px\" \/><\/p>\n<h3><span class=\"ez-toc-section\" id=\"Casa_di_Raffaello\"><\/span>Casa di Raffaello<span class=\"ez-toc-section-end\"><\/span><\/h3>\n<p>Il grande pittore ed artista Raffaello Sanzio nacque ad Urbino nel 1483 e trascorse la sua infanzia formandosi nella bottega del padre, artista alla corte di Federico da Montefeltro. La casa natale, oggi propriet\u00e0 dell&#8217;Accademia Raffaello, ospita alcune opere originali giovanili del pittore urbinate.<\/p>\n<h3><span class=\"ez-toc-section\" id=\"Oratorio_San_Giovanni_a_Urbino\"><\/span>Oratorio San Giovanni a Urbino<span class=\"ez-toc-section-end\"><\/span><\/h3>\n<p>All&#8217;esterno l&#8217;edificio pu\u00f2 apparire poco interessante ma all&#8217;interno si rivela un vero e proprio capolavoro con un ciclo di affreschi dei fratelli Lorenzo e Jacopo Salimbeni da San Severino risalente circa al 1400. Al centro troneggia la \u201cCrocifissione\u201d che copre tutto l\u2019abside e rapisce per i numerosi dettagli curatissimi che rappresentano un&#8217;umanit\u00e0 sofferente e disperata ai piedi della croce.<\/p>\n<h3><span class=\"ez-toc-section\" id=\"Duomo_di_Urbino\"><\/span>Duomo di Urbino<span class=\"ez-toc-section-end\"><\/span><\/h3>\n<p>Il <strong>Duomo di Urbino<\/strong>, in stile neoclassico, \u00e8 l&#8217;edificio religioso pi\u00f9 importante della citt\u00e0 e assolutamente da visitare sono le grotte sotterranee che nel corso dei secoli hanno ospitato misteriose confraternite e dove, durante la Seconda Guerra Mondiale, sono state nascoste le opere del Tesoro della Basilica di San Marco di Venezia. Qui sotto si trovano diverse cappelle e il Corridoio del Perdono, luogo di pellegrinaggio durante il Luned\u00ec di Pasqua.<\/p>\n<h3><span class=\"ez-toc-section\" id=\"Rampe_Elicoidali_e_Teatro_Raffaello_a_Urbino\"><\/span>Rampe Elicoidali e Teatro Raffaello a Urbino<span class=\"ez-toc-section-end\"><\/span><\/h3>\n<p>Urbino \u00e8 costruita prevalentemente seguendo linee verticali, il centro \u00e8 in salita e vi si accede tramite strette stradine. Il Duca Federico di Montefeltro, per proteggersi e tutelarsi, fece costruire proprio ai piedi dei Torricini di Palazzo Ducale un bastione e all&#8217;interno di esso delle <strong>rampe elicoidali<\/strong>, una magnifica opera di ingegneria. Usando queste avveniristiche rampe il Duca poteva raggiungere le stalle ducali direttamente dal Palazzo, rimanendo coperto e protetto. Nel 1800 all&#8217;imponente bastione fu sovrapposto il Teatro intitolato a Raffaello Sanzio ed ora \u00e8 possibile raggiungere il centro storico risalendo per queste ripide rampe.<\/p>\n<h3><span class=\"ez-toc-section\" id=\"Castello_di_Gradara\"><\/span>Castello di Gradara<span class=\"ez-toc-section-end\"><\/span><\/h3>\n<p>Il famoso <a href=\"https:\/\/www.gradara.org\/\"><strong>castello di Paolo e Francesca<\/strong>,<\/a> amanti della Divina Commedia, sorge a circa 30 chilometri da Urbino procedendo verso la costa delle Marche; il borgo sviluppatosi ai suoi piedi e perfettamente conservato merita sicuramente una visita.<\/p>\n<h3><span class=\"ez-toc-section\" id=\"La_mappa_di_Urbino\"><\/span>La mappa di Urbino<span class=\"ez-toc-section-end\"><\/span><\/h3>\n<p><iframe loading=\"lazy\" src=\"https:\/\/www.google.com\/maps\/embed?pb=!1m18!1m12!1m3!1d92225.90595356513!2d12.53436056884647!3d43.750859919235424!2m3!1f0!2f0!3f0!3m2!1i1024!2i768!4f13.1!3m3!1m2!1s0x132cf76be20ba9a1%3A0x4082c90e3e58c40!2sUrbino+PU!5e0!3m2!1sit!2sit!4v1470997033325\" width=\"100%\" height=\"450\" frameborder=\"0\" scrolling=\"no\"><\/iframe><\/p>\n<h2><span class=\"ez-toc-section\" id=\"Cerchi_una_vacanza_nelle_Marche_per_Visitare_Urbino\"><\/span>Cerchi una vacanza nelle Marche per Visitare Urbino?<span class=\"ez-toc-section-end\"><\/span><\/h2>\n<h4><span style=\"color: #ff6600;\"><strong><a class=\"button btnBlogCTA\" style=\"color: #ff6600;\" href=\"https:\/\/www.ignas.com\/it\/offerte-vacanze-marche\" rel=\"noopener noreferrer\">Scopri tutte le offerte per una vacanza in Umbria<\/a><\/strong><\/span><\/h4>\n","protected":false},"excerpt":{"rendered":"<p>Urbino, cosa visitare? Urbino \u00e8 una citt\u00e0 davvero incredibile, immersa nell&#8217;entroterra marchigiano e famosa per le sue opere d&#8217;arte e architettura rinascimentale. \u00c8 stata addirittura definita la &#8220;citt\u00e0 ideale&#8221; e il suo centro storico \u00e8 stato dichiarato Patrimonio Mondiale dell&#8217;Umanit\u00e0 dall&#8217;Unesco. Questa citt\u00e0 ha una storia affascinante, con i Duchi di Montefeltro che hanno ridisegnato [&hellip;]<\/p>\n","protected":false},"author":3,"featured_media":24342,"comment_status":"open","ping_status":"open","sticky":false,"template":"","format":"standard","meta":{"_acf_changed":false,"inline_featured_image":false,"_lmt_disableupdate":"no","_lmt_disable":"no","_monsterinsights_skip_tracking":false,"_monsterinsights_sitenote_active":false,"_monsterinsights_sitenote_note":"","_monsterinsights_sitenote_category":0,"footnotes":""},"categories":[10],"tags":[],"class_list":["post-22872","post","type-post","status-publish","format-standard","has-post-thumbnail","hentry","category-dietro-le-mura"],"acf":[],"yoast_head":"<!-- This site is optimized with the Yoast SEO plugin v27.5 - https:\/\/yoast.com\/product\/yoast-seo-wordpress\/ -->\n<title>Urbino, culla del Rinascimento, assolutamente da visitare - Ignas Tour<\/title>\n<meta name=\"description\" content=\"Urbino, incredibile citt\u00e0 d&#039;arte dell&#039;entroterra marchigiano, uno scrigno di opere d&#039;arte e d&#039;architettura rinascimentale...\" \/>\n<meta name=\"robots\" content=\"index, follow, max-snippet:-1, max-image-preview:large, max-video-preview:-1\" \/>\n<link rel=\"canonical\" href=\"https:\/\/www.ignas.com\/it\/blog\/urbino\/\" \/>\n<meta property=\"og:locale\" content=\"it_IT\" \/>\n<meta property=\"og:type\" content=\"article\" \/>\n<meta property=\"og:title\" content=\"Urbino, culla del Rinascimento, assolutamente da visitare - Ignas Tour\" \/>\n<meta property=\"og:description\" content=\"Urbino, incredibile citt\u00e0 d&#039;arte dell&#039;entroterra marchigiano, uno scrigno di opere d&#039;arte e d&#039;architettura rinascimentale...\" \/>\n<meta property=\"og:url\" content=\"https:\/\/www.ignas.com\/it\/blog\/urbino\/\" \/>\n<meta property=\"og:site_name\" content=\"Ignas Tour\" \/>\n<meta property=\"article:published_time\" content=\"2016-08-11T22:00:00+00:00\" \/>\n<meta property=\"article:modified_time\" content=\"2024-06-03T07:23:04+00:00\" \/>\n<meta property=\"og:image\" content=\"https:\/\/www.ignas.com\/it\/blog\/wp-content\/uploads\/2016\/08\/urbino-cosa-visitare.jpg\" \/>\n\t<meta property=\"og:image:width\" content=\"1100\" \/>\n\t<meta property=\"og:image:height\" content=\"611\" \/>\n\t<meta property=\"og:image:type\" content=\"image\/jpeg\" \/>\n<meta name=\"author\" content=\"Denise Basano\" \/>\n<meta name=\"twitter:card\" content=\"summary_large_image\" \/>\n<meta name=\"twitter:label1\" content=\"Scritto da\" \/>\n\t<meta name=\"twitter:data1\" content=\"Denise Basano\" \/>\n\t<meta name=\"twitter:label2\" content=\"Tempo di lettura stimato\" \/>\n\t<meta name=\"twitter:data2\" content=\"5 minuti\" \/>\n<script type=\"application\/ld+json\" class=\"yoast-schema-graph\">{\"@context\":\"https:\\\/\\\/schema.org\",\"@graph\":[{\"@type\":\"Article\",\"@id\":\"https:\\\/\\\/www.ignas.com\\\/it\\\/blog\\\/urbino\\\/#article\",\"isPartOf\":{\"@id\":\"https:\\\/\\\/www.ignas.com\\\/it\\\/blog\\\/urbino\\\/\"},\"author\":{\"name\":\"Denise Basano\",\"@id\":\"https:\\\/\\\/www.ignas.com\\\/it\\\/blog\\\/#\\\/schema\\\/person\\\/5631a37ffdfcd651f50931ad19459b25\"},\"headline\":\"Urbino, culla del Rinascimento, assolutamente da visitare\",\"datePublished\":\"2016-08-11T22:00:00+00:00\",\"dateModified\":\"2024-06-03T07:23:04+00:00\",\"mainEntityOfPage\":{\"@id\":\"https:\\\/\\\/www.ignas.com\\\/it\\\/blog\\\/urbino\\\/\"},\"wordCount\":765,\"commentCount\":1,\"publisher\":{\"@id\":\"https:\\\/\\\/www.ignas.com\\\/it\\\/blog\\\/#organization\"},\"image\":{\"@id\":\"https:\\\/\\\/www.ignas.com\\\/it\\\/blog\\\/urbino\\\/#primaryimage\"},\"thumbnailUrl\":\"https:\\\/\\\/www.ignas.com\\\/it\\\/blog\\\/wp-content\\\/uploads\\\/2016\\\/08\\\/urbino-cosa-visitare.jpg\",\"articleSection\":[\"Dietro le Mura\"],\"inLanguage\":\"it-IT\",\"potentialAction\":[{\"@type\":\"CommentAction\",\"name\":\"Comment\",\"target\":[\"https:\\\/\\\/www.ignas.com\\\/it\\\/blog\\\/urbino\\\/#respond\"]}]},{\"@type\":\"WebPage\",\"@id\":\"https:\\\/\\\/www.ignas.com\\\/it\\\/blog\\\/urbino\\\/\",\"url\":\"https:\\\/\\\/www.ignas.com\\\/it\\\/blog\\\/urbino\\\/\",\"name\":\"Urbino, culla del Rinascimento, assolutamente da visitare - Ignas Tour\",\"isPartOf\":{\"@id\":\"https:\\\/\\\/www.ignas.com\\\/it\\\/blog\\\/#website\"},\"primaryImageOfPage\":{\"@id\":\"https:\\\/\\\/www.ignas.com\\\/it\\\/blog\\\/urbino\\\/#primaryimage\"},\"image\":{\"@id\":\"https:\\\/\\\/www.ignas.com\\\/it\\\/blog\\\/urbino\\\/#primaryimage\"},\"thumbnailUrl\":\"https:\\\/\\\/www.ignas.com\\\/it\\\/blog\\\/wp-content\\\/uploads\\\/2016\\\/08\\\/urbino-cosa-visitare.jpg\",\"datePublished\":\"2016-08-11T22:00:00+00:00\",\"dateModified\":\"2024-06-03T07:23:04+00:00\",\"description\":\"Urbino, incredibile citt\u00e0 d'arte dell'entroterra marchigiano, uno scrigno di opere d'arte e d'architettura rinascimentale...\",\"breadcrumb\":{\"@id\":\"https:\\\/\\\/www.ignas.com\\\/it\\\/blog\\\/urbino\\\/#breadcrumb\"},\"inLanguage\":\"it-IT\",\"potentialAction\":[{\"@type\":\"ReadAction\",\"target\":[\"https:\\\/\\\/www.ignas.com\\\/it\\\/blog\\\/urbino\\\/\"]}]},{\"@type\":\"ImageObject\",\"inLanguage\":\"it-IT\",\"@id\":\"https:\\\/\\\/www.ignas.com\\\/it\\\/blog\\\/urbino\\\/#primaryimage\",\"url\":\"https:\\\/\\\/www.ignas.com\\\/it\\\/blog\\\/wp-content\\\/uploads\\\/2016\\\/08\\\/urbino-cosa-visitare.jpg\",\"contentUrl\":\"https:\\\/\\\/www.ignas.com\\\/it\\\/blog\\\/wp-content\\\/uploads\\\/2016\\\/08\\\/urbino-cosa-visitare.jpg\",\"width\":1100,\"height\":611,\"caption\":\"Cosa vedere a Urbino\"},{\"@type\":\"BreadcrumbList\",\"@id\":\"https:\\\/\\\/www.ignas.com\\\/it\\\/blog\\\/urbino\\\/#breadcrumb\",\"itemListElement\":[{\"@type\":\"ListItem\",\"position\":1,\"name\":\"Home\",\"item\":\"https:\\\/\\\/www.ignas.com\\\/it\\\/blog\\\/\"},{\"@type\":\"ListItem\",\"position\":2,\"name\":\"Urbino, culla del Rinascimento, assolutamente da visitare\"}]},{\"@type\":\"WebSite\",\"@id\":\"https:\\\/\\\/www.ignas.com\\\/it\\\/blog\\\/#website\",\"url\":\"https:\\\/\\\/www.ignas.com\\\/it\\\/blog\\\/\",\"name\":\"Ignas Tour\",\"description\":\"\",\"publisher\":{\"@id\":\"https:\\\/\\\/www.ignas.com\\\/it\\\/blog\\\/#organization\"},\"potentialAction\":[{\"@type\":\"SearchAction\",\"target\":{\"@type\":\"EntryPoint\",\"urlTemplate\":\"https:\\\/\\\/www.ignas.com\\\/it\\\/blog\\\/?s={search_term_string}\"},\"query-input\":{\"@type\":\"PropertyValueSpecification\",\"valueRequired\":true,\"valueName\":\"search_term_string\"}}],\"inLanguage\":\"it-IT\"},{\"@type\":\"Organization\",\"@id\":\"https:\\\/\\\/www.ignas.com\\\/it\\\/blog\\\/#organization\",\"name\":\"Ignas Tour\",\"url\":\"https:\\\/\\\/www.ignas.com\\\/it\\\/blog\\\/\",\"logo\":{\"@type\":\"ImageObject\",\"inLanguage\":\"it-IT\",\"@id\":\"https:\\\/\\\/www.ignas.com\\\/it\\\/blog\\\/#\\\/schema\\\/logo\\\/image\\\/\",\"url\":\"https:\\\/\\\/www.ignas.com\\\/it\\\/blog\\\/wp-content\\\/uploads\\\/2020\\\/01\\\/logo-ignas-com-200.png\",\"contentUrl\":\"https:\\\/\\\/www.ignas.com\\\/it\\\/blog\\\/wp-content\\\/uploads\\\/2020\\\/01\\\/logo-ignas-com-200.png\",\"width\":1147,\"height\":329,\"caption\":\"Ignas Tour\"},\"image\":{\"@id\":\"https:\\\/\\\/www.ignas.com\\\/it\\\/blog\\\/#\\\/schema\\\/logo\\\/image\\\/\"}},{\"@type\":\"Person\",\"@id\":\"https:\\\/\\\/www.ignas.com\\\/it\\\/blog\\\/#\\\/schema\\\/person\\\/5631a37ffdfcd651f50931ad19459b25\",\"name\":\"Denise Basano\",\"image\":{\"@type\":\"ImageObject\",\"inLanguage\":\"it-IT\",\"@id\":\"https:\\\/\\\/secure.gravatar.com\\\/avatar\\\/1b67bf83da25015d03ee29992767c06d53ef83b0e87847b1d483ccdd7cf95696?s=96&d=mm&r=g\",\"url\":\"https:\\\/\\\/secure.gravatar.com\\\/avatar\\\/1b67bf83da25015d03ee29992767c06d53ef83b0e87847b1d483ccdd7cf95696?s=96&d=mm&r=g\",\"contentUrl\":\"https:\\\/\\\/secure.gravatar.com\\\/avatar\\\/1b67bf83da25015d03ee29992767c06d53ef83b0e87847b1d483ccdd7cf95696?s=96&d=mm&r=g\",\"caption\":\"Denise Basano\"}}]}<\/script>\n<!-- \/ Yoast SEO plugin. -->","yoast_head_json":{"title":"Urbino, culla del Rinascimento, assolutamente da visitare - Ignas Tour","description":"Urbino, incredibile citt\u00e0 d'arte dell'entroterra marchigiano, uno scrigno di opere d'arte e d'architettura rinascimentale...","robots":{"index":"index","follow":"follow","max-snippet":"max-snippet:-1","max-image-preview":"max-image-preview:large","max-video-preview":"max-video-preview:-1"},"canonical":"https:\/\/www.ignas.com\/it\/blog\/urbino\/","og_locale":"it_IT","og_type":"article","og_title":"Urbino, culla del Rinascimento, assolutamente da visitare - Ignas Tour","og_description":"Urbino, incredibile citt\u00e0 d'arte dell'entroterra marchigiano, uno scrigno di opere d'arte e d'architettura rinascimentale...","og_url":"https:\/\/www.ignas.com\/it\/blog\/urbino\/","og_site_name":"Ignas Tour","article_published_time":"2016-08-11T22:00:00+00:00","article_modified_time":"2024-06-03T07:23:04+00:00","og_image":[{"width":1100,"height":611,"url":"https:\/\/www.ignas.com\/it\/blog\/wp-content\/uploads\/2016\/08\/urbino-cosa-visitare.jpg","type":"image\/jpeg"}],"author":"Denise Basano","twitter_card":"summary_large_image","twitter_misc":{"Scritto da":"Denise Basano","Tempo di lettura stimato":"5 minuti"},"schema":{"@context":"https:\/\/schema.org","@graph":[{"@type":"Article","@id":"https:\/\/www.ignas.com\/it\/blog\/urbino\/#article","isPartOf":{"@id":"https:\/\/www.ignas.com\/it\/blog\/urbino\/"},"author":{"name":"Denise Basano","@id":"https:\/\/www.ignas.com\/it\/blog\/#\/schema\/person\/5631a37ffdfcd651f50931ad19459b25"},"headline":"Urbino, culla del Rinascimento, assolutamente da visitare","datePublished":"2016-08-11T22:00:00+00:00","dateModified":"2024-06-03T07:23:04+00:00","mainEntityOfPage":{"@id":"https:\/\/www.ignas.com\/it\/blog\/urbino\/"},"wordCount":765,"commentCount":1,"publisher":{"@id":"https:\/\/www.ignas.com\/it\/blog\/#organization"},"image":{"@id":"https:\/\/www.ignas.com\/it\/blog\/urbino\/#primaryimage"},"thumbnailUrl":"https:\/\/www.ignas.com\/it\/blog\/wp-content\/uploads\/2016\/08\/urbino-cosa-visitare.jpg","articleSection":["Dietro le Mura"],"inLanguage":"it-IT","potentialAction":[{"@type":"CommentAction","name":"Comment","target":["https:\/\/www.ignas.com\/it\/blog\/urbino\/#respond"]}]},{"@type":"WebPage","@id":"https:\/\/www.ignas.com\/it\/blog\/urbino\/","url":"https:\/\/www.ignas.com\/it\/blog\/urbino\/","name":"Urbino, culla del Rinascimento, assolutamente da visitare - Ignas Tour","isPartOf":{"@id":"https:\/\/www.ignas.com\/it\/blog\/#website"},"primaryImageOfPage":{"@id":"https:\/\/www.ignas.com\/it\/blog\/urbino\/#primaryimage"},"image":{"@id":"https:\/\/www.ignas.com\/it\/blog\/urbino\/#primaryimage"},"thumbnailUrl":"https:\/\/www.ignas.com\/it\/blog\/wp-content\/uploads\/2016\/08\/urbino-cosa-visitare.jpg","datePublished":"2016-08-11T22:00:00+00:00","dateModified":"2024-06-03T07:23:04+00:00","description":"Urbino, incredibile citt\u00e0 d'arte dell'entroterra marchigiano, uno scrigno di opere d'arte e d'architettura rinascimentale...","breadcrumb":{"@id":"https:\/\/www.ignas.com\/it\/blog\/urbino\/#breadcrumb"},"inLanguage":"it-IT","potentialAction":[{"@type":"ReadAction","target":["https:\/\/www.ignas.com\/it\/blog\/urbino\/"]}]},{"@type":"ImageObject","inLanguage":"it-IT","@id":"https:\/\/www.ignas.com\/it\/blog\/urbino\/#primaryimage","url":"https:\/\/www.ignas.com\/it\/blog\/wp-content\/uploads\/2016\/08\/urbino-cosa-visitare.jpg","contentUrl":"https:\/\/www.ignas.com\/it\/blog\/wp-content\/uploads\/2016\/08\/urbino-cosa-visitare.jpg","width":1100,"height":611,"caption":"Cosa vedere a Urbino"},{"@type":"BreadcrumbList","@id":"https:\/\/www.ignas.com\/it\/blog\/urbino\/#breadcrumb","itemListElement":[{"@type":"ListItem","position":1,"name":"Home","item":"https:\/\/www.ignas.com\/it\/blog\/"},{"@type":"ListItem","position":2,"name":"Urbino, culla del Rinascimento, assolutamente da visitare"}]},{"@type":"WebSite","@id":"https:\/\/www.ignas.com\/it\/blog\/#website","url":"https:\/\/www.ignas.com\/it\/blog\/","name":"Ignas Tour","description":"","publisher":{"@id":"https:\/\/www.ignas.com\/it\/blog\/#organization"},"potentialAction":[{"@type":"SearchAction","target":{"@type":"EntryPoint","urlTemplate":"https:\/\/www.ignas.com\/it\/blog\/?s={search_term_string}"},"query-input":{"@type":"PropertyValueSpecification","valueRequired":true,"valueName":"search_term_string"}}],"inLanguage":"it-IT"},{"@type":"Organization","@id":"https:\/\/www.ignas.com\/it\/blog\/#organization","name":"Ignas Tour","url":"https:\/\/www.ignas.com\/it\/blog\/","logo":{"@type":"ImageObject","inLanguage":"it-IT","@id":"https:\/\/www.ignas.com\/it\/blog\/#\/schema\/logo\/image\/","url":"https:\/\/www.ignas.com\/it\/blog\/wp-content\/uploads\/2020\/01\/logo-ignas-com-200.png","contentUrl":"https:\/\/www.ignas.com\/it\/blog\/wp-content\/uploads\/2020\/01\/logo-ignas-com-200.png","width":1147,"height":329,"caption":"Ignas Tour"},"image":{"@id":"https:\/\/www.ignas.com\/it\/blog\/#\/schema\/logo\/image\/"}},{"@type":"Person","@id":"https:\/\/www.ignas.com\/it\/blog\/#\/schema\/person\/5631a37ffdfcd651f50931ad19459b25","name":"Denise Basano","image":{"@type":"ImageObject","inLanguage":"it-IT","@id":"https:\/\/secure.gravatar.com\/avatar\/1b67bf83da25015d03ee29992767c06d53ef83b0e87847b1d483ccdd7cf95696?s=96&d=mm&r=g","url":"https:\/\/secure.gravatar.com\/avatar\/1b67bf83da25015d03ee29992767c06d53ef83b0e87847b1d483ccdd7cf95696?s=96&d=mm&r=g","contentUrl":"https:\/\/secure.gravatar.com\/avatar\/1b67bf83da25015d03ee29992767c06d53ef83b0e87847b1d483ccdd7cf95696?s=96&d=mm&r=g","caption":"Denise Basano"}}]}},"modified_by":"Team di Ignas Tour","_links":{"self":[{"href":"https:\/\/www.ignas.com\/it\/blog\/wp-json\/wp\/v2\/posts\/22872","targetHints":{"allow":["GET"]}}],"collection":[{"href":"https:\/\/www.ignas.com\/it\/blog\/wp-json\/wp\/v2\/posts"}],"about":[{"href":"https:\/\/www.ignas.com\/it\/blog\/wp-json\/wp\/v2\/types\/post"}],"author":[{"embeddable":true,"href":"https:\/\/www.ignas.com\/it\/blog\/wp-json\/wp\/v2\/users\/3"}],"replies":[{"embeddable":true,"href":"https:\/\/www.ignas.com\/it\/blog\/wp-json\/wp\/v2\/comments?post=22872"}],"version-history":[{"count":8,"href":"https:\/\/www.ignas.com\/it\/blog\/wp-json\/wp\/v2\/posts\/22872\/revisions"}],"predecessor-version":[{"id":27680,"href":"https:\/\/www.ignas.com\/it\/blog\/wp-json\/wp\/v2\/posts\/22872\/revisions\/27680"}],"wp:featuredmedia":[{"embeddable":true,"href":"https:\/\/www.ignas.com\/it\/blog\/wp-json\/wp\/v2\/media\/24342"}],"wp:attachment":[{"href":"https:\/\/www.ignas.com\/it\/blog\/wp-json\/wp\/v2\/media?parent=22872"}],"wp:term":[{"taxonomy":"category","embeddable":true,"href":"https:\/\/www.ignas.com\/it\/blog\/wp-json\/wp\/v2\/categories?post=22872"},{"taxonomy":"post_tag","embeddable":true,"href":"https:\/\/www.ignas.com\/it\/blog\/wp-json\/wp\/v2\/tags?post=22872"}],"curies":[{"name":"wp","href":"https:\/\/api.w.org\/{rel}","templated":true}]}}