{"id":22870,"date":"2021-11-05T00:00:00","date_gmt":"2021-11-04T23:00:00","guid":{"rendered":"http:\/\/52.212.170.109\/?p=22870"},"modified":"2022-03-11T11:01:59","modified_gmt":"2022-03-11T10:01:59","slug":"levico-terme-cosa-vedere","status":"publish","type":"post","link":"https:\/\/www.ignas.com\/it\/blog\/levico-terme-cosa-vedere\/","title":{"rendered":"Levico terme cosa vedere in pochi giorni"},"content":{"rendered":"<p>Ci troviamo nel fondovalle della Valsugana, nel punto dove il Fiume Brenta nasce (Lago di Levico) per poi disegnare una vera e propria curva che attraversa le montagna percorrendo l&#8217;intera valle e infine sfociando nell&#8217;Adriatico. Levico si trova nel punto iniziale di questo percorso. Pi\u00f9 precisamente siamo nel punto pi\u00f9 alto della valle (520 m) all&#8217;ombra del gruppo del Lagorai. Se avrete occasione di salire in cima potrete vedere come la cittadina si sia nel tempo fatta spazio nella valle, con l&#8217;eccezione di qualche frazione che invece insiste sui versanti dei monti. Fedelissimo compagno di sempre rimane il Lago, godibilissimo sia in estate che in inverno.<\/p>\n<p>Ma a Levico Terme cose da vedere non mancano, e allora iniziamo questo piccolo viaggio.<\/p>\n<h2><span class=\"ez-toc-section\" id=\"Lago_di_Levico_spiaggia_da_vivere\"><\/span>Lago di Levico spiaggia da vivere<span class=\"ez-toc-section-end\"><\/span><\/h2><div id=\"ez-toc-container\" class=\"ez-toc-v2_0_82_2 counter-hierarchy ez-toc-counter ez-toc-white ez-toc-container-direction\">\n<div class=\"ez-toc-title-container\">\n<p class=\"ez-toc-title\" style=\"cursor:inherit\"><\/p>\n<span class=\"ez-toc-title-toggle\"><a href=\"#\" class=\"ez-toc-pull-right ez-toc-btn ez-toc-btn-xs ez-toc-btn-default ez-toc-toggle\" aria-label=\"Toggle Table of Content\"><span class=\"ez-toc-js-icon-con\"><span class=\"\"><span class=\"eztoc-hide\" style=\"display:none;\">Toggle<\/span><span class=\"ez-toc-icon-toggle-span\"><svg style=\"fill: #999;color:#999\" xmlns=\"http:\/\/www.w3.org\/2000\/svg\" class=\"list-377408\" width=\"20px\" height=\"20px\" viewBox=\"0 0 24 24\" fill=\"none\"><path d=\"M6 6H4v2h2V6zm14 0H8v2h12V6zM4 11h2v2H4v-2zm16 0H8v2h12v-2zM4 16h2v2H4v-2zm16 0H8v2h12v-2z\" fill=\"currentColor\"><\/path><\/svg><svg style=\"fill: #999;color:#999\" class=\"arrow-unsorted-368013\" xmlns=\"http:\/\/www.w3.org\/2000\/svg\" width=\"10px\" height=\"10px\" viewBox=\"0 0 24 24\" version=\"1.2\" baseProfile=\"tiny\"><path d=\"M18.2 9.3l-6.2-6.3-6.2 6.3c-.2.2-.3.4-.3.7s.1.5.3.7c.2.2.4.3.7.3h11c.3 0 .5-.1.7-.3.2-.2.3-.5.3-.7s-.1-.5-.3-.7zM5.8 14.7l6.2 6.3 6.2-6.3c.2-.2.3-.5.3-.7s-.1-.5-.3-.7c-.2-.2-.4-.3-.7-.3h-11c-.3 0-.5.1-.7.3-.2.2-.3.5-.3.7s.1.5.3.7z\"\/><\/svg><\/span><\/span><\/span><\/a><\/span><\/div>\n<nav><ul class='ez-toc-list ez-toc-list-level-1 eztoc-toggle-hide-by-default' ><li class='ez-toc-page-1 ez-toc-heading-level-2'><a class=\"ez-toc-link ez-toc-heading-1\" href=\"https:\/\/www.ignas.com\/it\/blog\/levico-terme-cosa-vedere\/#Lago_di_Levico_spiaggia_da_vivere\" >Lago di Levico spiaggia da vivere<\/a><\/li><li class='ez-toc-page-1 ez-toc-heading-level-2'><a class=\"ez-toc-link ez-toc-heading-2\" href=\"https:\/\/www.ignas.com\/it\/blog\/levico-terme-cosa-vedere\/#Forte_delle_Benne_storia_e_bellezza\" >Forte delle Benne, storia e bellezza<\/a><\/li><li class='ez-toc-page-1 ez-toc-heading-level-2'><a class=\"ez-toc-link ez-toc-heading-3\" href=\"https:\/\/www.ignas.com\/it\/blog\/levico-terme-cosa-vedere\/#Mercatini_di_natale_Levico_terme\" >Mercatini di natale Levico terme<\/a><\/li><li class='ez-toc-page-1 ez-toc-heading-level-2'><a class=\"ez-toc-link ez-toc-heading-4\" href=\"https:\/\/www.ignas.com\/it\/blog\/levico-terme-cosa-vedere\/#Parco_Secolare_degli_Asburgo\" >Parco Secolare degli Asburgo<\/a><\/li><li class='ez-toc-page-1 ez-toc-heading-level-2'><a class=\"ez-toc-link ez-toc-heading-5\" href=\"https:\/\/www.ignas.com\/it\/blog\/levico-terme-cosa-vedere\/#Trattamenti_termali_a_Levico\" >Trattamenti termali a Levico<\/a><\/li><li class='ez-toc-page-1 ez-toc-heading-level-2'><a class=\"ez-toc-link ez-toc-heading-6\" href=\"https:\/\/www.ignas.com\/it\/blog\/levico-terme-cosa-vedere\/#Nei_dintorni\" >Nei dintorni<\/a><\/li><\/ul><\/nav><\/div>\n\n<p>Siamo in uno dei laghi pi\u00f9 caldi del sud Europa, uno specchio d&#8217;acqua che ha per diverse volte meritato la bandiera blu, unico caso in tutto il trentino. Il lago di Levico \u00e8 dunque sia da vivere immersi nelle sue limpide acque, che sdraiati sulla spiaggia. Ciottoli, soffice erbetta, e sabbia, dipende dai gusti. Ma al lago di Levico spiaggia e acque rappresentano una vera alternativa in estate.<\/p>\n<p>E nei periodi invernali? Anche l\u00ec il posto \u00e8 pieno di alternative da vivere per tutti.\u00a0 Intanto vi \u00e8 il classico giro del lago di Levico:<\/p>\n<ul>\n<li>2 ore di camminata<\/li>\n<li>9 km di lunghezza<\/li>\n<li>Appena 70 m di dislivello<\/li>\n<\/ul>\n<p>Met\u00e0 di questo percorso \u00e8 possibile farlo anche in passeggino, invece per poterlo completare bisogner\u00e0 passare da alcuni punti sconnessi da radici e scalini.<\/p>\n<p>Inoltre fra le varie proposte di sentieri che vi sono lungo il lago, vi \u00e8 un&#8217;alternativa che ha il sapore di storia recente. Si tratta del percorso che porta dal lago di Levico fin sulla collina. Questa collina, oltre a dividere il lago di Levico dal quello di Caldonazzo, ospita anche un vecchio forte austriaco risalente alla fine dell&#8217; 800. Dunque a Levico terme cosa vedere se ami la storia? Sicuramente questo luogo ma non solo!<\/p>\n<p><img loading=\"lazy\" decoding=\"async\" class=\"alignnone size-full wp-image-24533\" src=\"https:\/\/www.ignas.com\/it\/blog\/wp-content\/uploads\/2021\/11\/lago-di-levico.jpg\" alt=\"spiaggia di Levico\" width=\"728\" height=\"404\" srcset=\"https:\/\/www.ignas.com\/it\/blog\/wp-content\/uploads\/2021\/11\/lago-di-levico.jpg 728w, https:\/\/www.ignas.com\/it\/blog\/wp-content\/uploads\/2021\/11\/lago-di-levico-300x166.jpg 300w\" sizes=\"auto, (max-width: 728px) 100vw, 728px\" \/><\/p>\n<h2><span class=\"ez-toc-section\" id=\"Forte_delle_Benne_storia_e_bellezza\"><\/span>Forte delle Benne, storia e bellezza<span class=\"ez-toc-section-end\"><\/span><\/h2>\n<p>A Levico terme cose da vedere che riguardano la storia non finiscono qui. Infatti vi \u00e8 un altra fortezza dello stesso periodo situato in cima al versante opposto: il Forte delle Benne. Quello che oggi \u00e8 un ristrutturato e visitabile monumento storico italiano, in realt\u00e0 in origine fu costruito dall&#8217;Impero Austriaco per difendere il territorio trentino, allora sotto il loro dominio. Faceva parte insieme ad altre fortificazioni (vedi Forte Tenna) di una cintura difensiva posta lungo tutto il territorio. Ma gi\u00e0 finita la prima guerra mondiale il forte era in mano agli italiani, e negli ultimi anni \u00e8 diventato un luogo dove storia e cultura si incontrano. Assolutamente da visitare!<\/p>\n<h2><span class=\"ez-toc-section\" id=\"Mercatini_di_natale_Levico_terme\"><\/span>Mercatini di natale Levico terme<span class=\"ez-toc-section-end\"><\/span><\/h2>\n<p><img loading=\"lazy\" decoding=\"async\" class=\"alignnone size-full wp-image-24535\" src=\"https:\/\/www.ignas.com\/it\/blog\/wp-content\/uploads\/2021\/11\/mercatini-levico-terme.jpg\" alt=\"mercatini di Natale a Levico\" width=\"728\" height=\"404\" srcset=\"https:\/\/www.ignas.com\/it\/blog\/wp-content\/uploads\/2021\/11\/mercatini-levico-terme.jpg 728w, https:\/\/www.ignas.com\/it\/blog\/wp-content\/uploads\/2021\/11\/mercatini-levico-terme-300x166.jpg 300w\" sizes=\"auto, (max-width: 728px) 100vw, 728px\" \/><\/p>\n<p>Ma a Levico terme cosa vedere nel periodo natalizio? Per i pochissimi che non lo sanno, vi \u00e8 uno dei pi\u00f9 pittoreschi e tradizionali mercatini di natale. Cosa li rende unici? Prima di tutto la cornice: il parco secolare degli Asburgo. (di cui parliamo subito dopo) E poi tutti i piccoli dettagli magici che si nascondono dentro ogni casetta:<\/p>\n<ul>\n<li>Villaggio degli Elfi dove i piccoli aiutanti di Babbo Natale sono pronti a far divertire i pi\u00f9 piccoli<\/li>\n<li>Il Trono di babbo Natale, dove incontrale il protagonista della festa e esprimere il proprio desiderio<\/li>\n<li>La Fattoria didattica per mettere in contatto i pi\u00f9 piccoli con asinelli, caprette e coniglietti<\/li>\n<li>Cori natalizi Live, per rendere il natale ancora pi\u00f9 magico<\/li>\n<li>Punti gastronomici con raffinate pietanze della tradizione<\/li>\n<li>Prese vivente, per una magia che attira grandi e piccini<\/li>\n<\/ul>\n<p>Tutto questo a tanto altro \u00e8 la magia del mercatino, aperto da novembre all&#8217;Epifania!<\/p>\n<h2><span class=\"ez-toc-section\" id=\"Parco_Secolare_degli_Asburgo\"><\/span>Parco Secolare degli Asburgo<span class=\"ez-toc-section-end\"><\/span><\/h2>\n<p><img loading=\"lazy\" decoding=\"async\" class=\"alignnone size-full wp-image-24534\" src=\"https:\/\/www.ignas.com\/it\/blog\/wp-content\/uploads\/2021\/11\/parco-secolare-asburgico.jpg\" alt=\"Parco secolare asburgico\" width=\"728\" height=\"404\" srcset=\"https:\/\/www.ignas.com\/it\/blog\/wp-content\/uploads\/2021\/11\/parco-secolare-asburgico.jpg 728w, https:\/\/www.ignas.com\/it\/blog\/wp-content\/uploads\/2021\/11\/parco-secolare-asburgico-300x166.jpg 300w\" sizes=\"auto, (max-width: 728px) 100vw, 728px\" \/><\/p>\n<p>Il pi\u00f9 grande Parco storico del Trentino, con i suoi 131 mila mq di superficie. All&#8217;interno troviamo:<\/p>\n<ul>\n<li>581 alberi di specie diversa<\/li>\n<li>4300 arbusti<\/li>\n<li>75mila specie bulbose<\/li>\n<\/ul>\n<p>Inaugurato alla fine dell&#8217;800 per mettere un sigillo di grande levatura estetica all&#8217;urbanistica della cittadina, che proprio in quegli anni veniva raggiunta da una nuova rete ferroviaria. Il giardino \u00e8 concepito con stile inglese, per cui spazia aperti e chiusi che si alternano, imitando quanto pi\u00f9 possibile la dimensione naturale dei boschi. Armonia delle installazioni ma senza sfociare nell&#8217; estremo raziocinio dei giardini di stile francese.<\/p>\n<p>Il Parco \u00e8 stato restaurato negli ultimi anni, grazie a una ricerca che lo ha riportato al suo concetto di Parco Naturale che aveva in principio. Ad oggi oltre ad essere un luogo dove trascorrere momenti di relax passeggiandoci dentro, \u00e8 anche una location per eventi culturali e della tradizione. Uno su tutti il noto mercatino di Natale di Levico.<\/p>\n<h2><span class=\"ez-toc-section\" id=\"Trattamenti_termali_a_Levico\"><\/span>Trattamenti termali a Levico<span class=\"ez-toc-section-end\"><\/span><\/h2>\n<p>Le acque di Levico oltre ad essere meravigliose dal punto di vista estetico e paesaggistico, rappresentano un assoluto punto di riferimento per chi ama le terme. La tipologia di trattamenti termali connessi a queste acque sono numerosi:<\/p>\n<ul>\n<li>Inalatoria<\/li>\n<li>Dermatologica<\/li>\n<li>Osteoarticolari<\/li>\n<li>Reumatologiche<\/li>\n<\/ul>\n<p>Se un tempo queste cure erano per lo pi\u00f9 destinate ai pi\u00f9 anziani, oggi le terme rappresentano un luogo dove in tutte le et\u00e0 si riesce a trovare quel giusto mix fra cura di se stessi , relax e della propria saluta. Anche per i bambini per esempio, la presenza di terapia dermatologiche e inalatoria rappresenta un ottima soluzione per fronteggiare o prevenire fastidi ad essi riferiti.<\/p>\n<p><img loading=\"lazy\" decoding=\"async\" class=\"alignnone size-full wp-image-24536\" src=\"https:\/\/www.ignas.com\/it\/blog\/wp-content\/uploads\/2021\/11\/trattamenti-levico.jpeg\" alt=\"trattamenti termali a Levico\" width=\"728\" height=\"404\" srcset=\"https:\/\/www.ignas.com\/it\/blog\/wp-content\/uploads\/2021\/11\/trattamenti-levico.jpeg 728w, https:\/\/www.ignas.com\/it\/blog\/wp-content\/uploads\/2021\/11\/trattamenti-levico-300x166.jpeg 300w\" sizes=\"auto, (max-width: 728px) 100vw, 728px\" \/><\/p>\n<h2><span class=\"ez-toc-section\" id=\"Nei_dintorni\"><\/span>Nei dintorni<span class=\"ez-toc-section-end\"><\/span><\/h2>\n<p>Anche nei dintorni Levico offre un a serie di piccole gemme da scoprire. Una su tutte \u00e8 certamente il museo d&#8217;arte naturale Arte Sella. Se invece siete amanti delle passeggiate sul lungo lago, allora potrete passare dal lago di Levico a quello di Caldonazzo. Se invece \u00e8 di attivit\u00e0 sportive che avete bisogno, vi segnaliamo la meravigliosa ciclabile della Valsugana.<\/p>\n","protected":false},"excerpt":{"rendered":"<p>Ci troviamo nel fondovalle della Valsugana, nel punto dove il Fiume Brenta nasce (Lago di Levico) per poi disegnare una vera e propria curva che attraversa le montagna percorrendo l&#8217;intera valle e infine sfociando nell&#8217;Adriatico. Levico si trova nel punto iniziale di questo percorso. Pi\u00f9 precisamente siamo nel punto pi\u00f9 alto della valle (520 m) [&hellip;]<\/p>\n","protected":false},"author":2,"featured_media":24873,"comment_status":"open","ping_status":"open","sticky":false,"template":"","format":"standard","meta":{"_acf_changed":false,"inline_featured_image":false,"_lmt_disableupdate":"","_lmt_disable":"","_monsterinsights_skip_tracking":false,"_monsterinsights_sitenote_active":false,"_monsterinsights_sitenote_note":"","_monsterinsights_sitenote_category":0,"footnotes":""},"categories":[5],"tags":[],"class_list":["post-22870","post","type-post","status-publish","format-standard","has-post-thumbnail","hentry","category-relax"],"acf":[],"yoast_head":"<!-- This site is optimized with the Yoast SEO plugin v27.5 - https:\/\/yoast.com\/product\/yoast-seo-wordpress\/ -->\n<title>Levico terme cosa vedere in pochi giorni - Ignas Tour<\/title>\n<meta name=\"description\" content=\"Ma a Levico terme cosa vedere in un paio di giorni? A sorpresa le cose sono davvero tante e ognuna con una sua storia tutta da scoprire.\" \/>\n<meta name=\"robots\" content=\"index, follow, max-snippet:-1, max-image-preview:large, max-video-preview:-1\" \/>\n<link rel=\"canonical\" href=\"https:\/\/www.ignas.com\/it\/blog\/levico-terme-cosa-vedere\/\" \/>\n<meta property=\"og:locale\" content=\"it_IT\" \/>\n<meta property=\"og:type\" content=\"article\" \/>\n<meta property=\"og:title\" content=\"Levico terme cosa vedere in pochi giorni - Ignas Tour\" \/>\n<meta property=\"og:description\" content=\"Ma a Levico terme cosa vedere in un paio di giorni? A sorpresa le cose sono davvero tante e ognuna con una sua storia tutta da scoprire.\" \/>\n<meta property=\"og:url\" content=\"https:\/\/www.ignas.com\/it\/blog\/levico-terme-cosa-vedere\/\" \/>\n<meta property=\"og:site_name\" content=\"Ignas Tour\" \/>\n<meta property=\"article:published_time\" content=\"2021-11-04T23:00:00+00:00\" \/>\n<meta property=\"article:modified_time\" content=\"2022-03-11T10:01:59+00:00\" \/>\n<meta property=\"og:image\" content=\"https:\/\/www.ignas.com\/it\/blog\/wp-content\/uploads\/2021\/11\/levico-terme-cosa-vedere-1.jpg\" \/>\n\t<meta property=\"og:image:width\" content=\"1080\" \/>\n\t<meta property=\"og:image:height\" content=\"613\" \/>\n\t<meta property=\"og:image:type\" content=\"image\/jpeg\" \/>\n<meta name=\"author\" content=\"Fabrizio\" \/>\n<meta name=\"twitter:card\" content=\"summary_large_image\" \/>\n<meta name=\"twitter:label1\" content=\"Scritto da\" \/>\n\t<meta name=\"twitter:data1\" content=\"Fabrizio\" \/>\n\t<meta name=\"twitter:label2\" content=\"Tempo di lettura stimato\" \/>\n\t<meta name=\"twitter:data2\" content=\"5 minuti\" \/>\n<script type=\"application\/ld+json\" class=\"yoast-schema-graph\">{\"@context\":\"https:\\\/\\\/schema.org\",\"@graph\":[{\"@type\":\"Article\",\"@id\":\"https:\\\/\\\/www.ignas.com\\\/it\\\/blog\\\/levico-terme-cosa-vedere\\\/#article\",\"isPartOf\":{\"@id\":\"https:\\\/\\\/www.ignas.com\\\/it\\\/blog\\\/levico-terme-cosa-vedere\\\/\"},\"author\":{\"name\":\"Fabrizio\",\"@id\":\"https:\\\/\\\/www.ignas.com\\\/it\\\/blog\\\/#\\\/schema\\\/person\\\/cb41520c07db292cc5a20ce104e28a1d\"},\"headline\":\"Levico terme cosa vedere in pochi giorni\",\"datePublished\":\"2021-11-04T23:00:00+00:00\",\"dateModified\":\"2022-03-11T10:01:59+00:00\",\"mainEntityOfPage\":{\"@id\":\"https:\\\/\\\/www.ignas.com\\\/it\\\/blog\\\/levico-terme-cosa-vedere\\\/\"},\"wordCount\":918,\"commentCount\":0,\"publisher\":{\"@id\":\"https:\\\/\\\/www.ignas.com\\\/it\\\/blog\\\/#organization\"},\"image\":{\"@id\":\"https:\\\/\\\/www.ignas.com\\\/it\\\/blog\\\/levico-terme-cosa-vedere\\\/#primaryimage\"},\"thumbnailUrl\":\"https:\\\/\\\/www.ignas.com\\\/it\\\/blog\\\/wp-content\\\/uploads\\\/2021\\\/11\\\/levico-terme-cosa-vedere-1.jpg\",\"articleSection\":[\"Relax\"],\"inLanguage\":\"it-IT\",\"potentialAction\":[{\"@type\":\"CommentAction\",\"name\":\"Comment\",\"target\":[\"https:\\\/\\\/www.ignas.com\\\/it\\\/blog\\\/levico-terme-cosa-vedere\\\/#respond\"]}]},{\"@type\":\"WebPage\",\"@id\":\"https:\\\/\\\/www.ignas.com\\\/it\\\/blog\\\/levico-terme-cosa-vedere\\\/\",\"url\":\"https:\\\/\\\/www.ignas.com\\\/it\\\/blog\\\/levico-terme-cosa-vedere\\\/\",\"name\":\"Levico terme cosa vedere in pochi giorni - Ignas Tour\",\"isPartOf\":{\"@id\":\"https:\\\/\\\/www.ignas.com\\\/it\\\/blog\\\/#website\"},\"primaryImageOfPage\":{\"@id\":\"https:\\\/\\\/www.ignas.com\\\/it\\\/blog\\\/levico-terme-cosa-vedere\\\/#primaryimage\"},\"image\":{\"@id\":\"https:\\\/\\\/www.ignas.com\\\/it\\\/blog\\\/levico-terme-cosa-vedere\\\/#primaryimage\"},\"thumbnailUrl\":\"https:\\\/\\\/www.ignas.com\\\/it\\\/blog\\\/wp-content\\\/uploads\\\/2021\\\/11\\\/levico-terme-cosa-vedere-1.jpg\",\"datePublished\":\"2021-11-04T23:00:00+00:00\",\"dateModified\":\"2022-03-11T10:01:59+00:00\",\"description\":\"Ma a Levico terme cosa vedere in un paio di giorni? A sorpresa le cose sono davvero tante e ognuna con una sua storia tutta da scoprire.\",\"breadcrumb\":{\"@id\":\"https:\\\/\\\/www.ignas.com\\\/it\\\/blog\\\/levico-terme-cosa-vedere\\\/#breadcrumb\"},\"inLanguage\":\"it-IT\",\"potentialAction\":[{\"@type\":\"ReadAction\",\"target\":[\"https:\\\/\\\/www.ignas.com\\\/it\\\/blog\\\/levico-terme-cosa-vedere\\\/\"]}]},{\"@type\":\"ImageObject\",\"inLanguage\":\"it-IT\",\"@id\":\"https:\\\/\\\/www.ignas.com\\\/it\\\/blog\\\/levico-terme-cosa-vedere\\\/#primaryimage\",\"url\":\"https:\\\/\\\/www.ignas.com\\\/it\\\/blog\\\/wp-content\\\/uploads\\\/2021\\\/11\\\/levico-terme-cosa-vedere-1.jpg\",\"contentUrl\":\"https:\\\/\\\/www.ignas.com\\\/it\\\/blog\\\/wp-content\\\/uploads\\\/2021\\\/11\\\/levico-terme-cosa-vedere-1.jpg\",\"width\":1080,\"height\":613,\"caption\":\"levico terme cosa vedere\"},{\"@type\":\"BreadcrumbList\",\"@id\":\"https:\\\/\\\/www.ignas.com\\\/it\\\/blog\\\/levico-terme-cosa-vedere\\\/#breadcrumb\",\"itemListElement\":[{\"@type\":\"ListItem\",\"position\":1,\"name\":\"Home\",\"item\":\"https:\\\/\\\/www.ignas.com\\\/it\\\/blog\\\/\"},{\"@type\":\"ListItem\",\"position\":2,\"name\":\"Levico terme cosa vedere in pochi giorni\"}]},{\"@type\":\"WebSite\",\"@id\":\"https:\\\/\\\/www.ignas.com\\\/it\\\/blog\\\/#website\",\"url\":\"https:\\\/\\\/www.ignas.com\\\/it\\\/blog\\\/\",\"name\":\"Ignas Tour\",\"description\":\"\",\"publisher\":{\"@id\":\"https:\\\/\\\/www.ignas.com\\\/it\\\/blog\\\/#organization\"},\"potentialAction\":[{\"@type\":\"SearchAction\",\"target\":{\"@type\":\"EntryPoint\",\"urlTemplate\":\"https:\\\/\\\/www.ignas.com\\\/it\\\/blog\\\/?s={search_term_string}\"},\"query-input\":{\"@type\":\"PropertyValueSpecification\",\"valueRequired\":true,\"valueName\":\"search_term_string\"}}],\"inLanguage\":\"it-IT\"},{\"@type\":\"Organization\",\"@id\":\"https:\\\/\\\/www.ignas.com\\\/it\\\/blog\\\/#organization\",\"name\":\"Ignas Tour\",\"url\":\"https:\\\/\\\/www.ignas.com\\\/it\\\/blog\\\/\",\"logo\":{\"@type\":\"ImageObject\",\"inLanguage\":\"it-IT\",\"@id\":\"https:\\\/\\\/www.ignas.com\\\/it\\\/blog\\\/#\\\/schema\\\/logo\\\/image\\\/\",\"url\":\"https:\\\/\\\/www.ignas.com\\\/it\\\/blog\\\/wp-content\\\/uploads\\\/2020\\\/01\\\/logo-ignas-com-200.png\",\"contentUrl\":\"https:\\\/\\\/www.ignas.com\\\/it\\\/blog\\\/wp-content\\\/uploads\\\/2020\\\/01\\\/logo-ignas-com-200.png\",\"width\":1147,\"height\":329,\"caption\":\"Ignas Tour\"},\"image\":{\"@id\":\"https:\\\/\\\/www.ignas.com\\\/it\\\/blog\\\/#\\\/schema\\\/logo\\\/image\\\/\"}},{\"@type\":\"Person\",\"@id\":\"https:\\\/\\\/www.ignas.com\\\/it\\\/blog\\\/#\\\/schema\\\/person\\\/cb41520c07db292cc5a20ce104e28a1d\",\"name\":\"Fabrizio\",\"image\":{\"@type\":\"ImageObject\",\"inLanguage\":\"it-IT\",\"@id\":\"https:\\\/\\\/secure.gravatar.com\\\/avatar\\\/e17f60c58ebe3feb555b9028681e30cfd921758bbdd1f8e9816f1d7d08c1bd9f?s=96&d=mm&r=g\",\"url\":\"https:\\\/\\\/secure.gravatar.com\\\/avatar\\\/e17f60c58ebe3feb555b9028681e30cfd921758bbdd1f8e9816f1d7d08c1bd9f?s=96&d=mm&r=g\",\"contentUrl\":\"https:\\\/\\\/secure.gravatar.com\\\/avatar\\\/e17f60c58ebe3feb555b9028681e30cfd921758bbdd1f8e9816f1d7d08c1bd9f?s=96&d=mm&r=g\",\"caption\":\"Fabrizio\"},\"description\":\"Seo Copywriter\"}]}<\/script>\n<!-- \/ Yoast SEO plugin. -->","yoast_head_json":{"title":"Levico terme cosa vedere in pochi giorni - Ignas Tour","description":"Ma a Levico terme cosa vedere in un paio di giorni? A sorpresa le cose sono davvero tante e ognuna con una sua storia tutta da scoprire.","robots":{"index":"index","follow":"follow","max-snippet":"max-snippet:-1","max-image-preview":"max-image-preview:large","max-video-preview":"max-video-preview:-1"},"canonical":"https:\/\/www.ignas.com\/it\/blog\/levico-terme-cosa-vedere\/","og_locale":"it_IT","og_type":"article","og_title":"Levico terme cosa vedere in pochi giorni - Ignas Tour","og_description":"Ma a Levico terme cosa vedere in un paio di giorni? A sorpresa le cose sono davvero tante e ognuna con una sua storia tutta da scoprire.","og_url":"https:\/\/www.ignas.com\/it\/blog\/levico-terme-cosa-vedere\/","og_site_name":"Ignas Tour","article_published_time":"2021-11-04T23:00:00+00:00","article_modified_time":"2022-03-11T10:01:59+00:00","og_image":[{"width":1080,"height":613,"url":"https:\/\/www.ignas.com\/it\/blog\/wp-content\/uploads\/2021\/11\/levico-terme-cosa-vedere-1.jpg","type":"image\/jpeg"}],"author":"Fabrizio","twitter_card":"summary_large_image","twitter_misc":{"Scritto da":"Fabrizio","Tempo di lettura stimato":"5 minuti"},"schema":{"@context":"https:\/\/schema.org","@graph":[{"@type":"Article","@id":"https:\/\/www.ignas.com\/it\/blog\/levico-terme-cosa-vedere\/#article","isPartOf":{"@id":"https:\/\/www.ignas.com\/it\/blog\/levico-terme-cosa-vedere\/"},"author":{"name":"Fabrizio","@id":"https:\/\/www.ignas.com\/it\/blog\/#\/schema\/person\/cb41520c07db292cc5a20ce104e28a1d"},"headline":"Levico terme cosa vedere in pochi giorni","datePublished":"2021-11-04T23:00:00+00:00","dateModified":"2022-03-11T10:01:59+00:00","mainEntityOfPage":{"@id":"https:\/\/www.ignas.com\/it\/blog\/levico-terme-cosa-vedere\/"},"wordCount":918,"commentCount":0,"publisher":{"@id":"https:\/\/www.ignas.com\/it\/blog\/#organization"},"image":{"@id":"https:\/\/www.ignas.com\/it\/blog\/levico-terme-cosa-vedere\/#primaryimage"},"thumbnailUrl":"https:\/\/www.ignas.com\/it\/blog\/wp-content\/uploads\/2021\/11\/levico-terme-cosa-vedere-1.jpg","articleSection":["Relax"],"inLanguage":"it-IT","potentialAction":[{"@type":"CommentAction","name":"Comment","target":["https:\/\/www.ignas.com\/it\/blog\/levico-terme-cosa-vedere\/#respond"]}]},{"@type":"WebPage","@id":"https:\/\/www.ignas.com\/it\/blog\/levico-terme-cosa-vedere\/","url":"https:\/\/www.ignas.com\/it\/blog\/levico-terme-cosa-vedere\/","name":"Levico terme cosa vedere in pochi giorni - Ignas Tour","isPartOf":{"@id":"https:\/\/www.ignas.com\/it\/blog\/#website"},"primaryImageOfPage":{"@id":"https:\/\/www.ignas.com\/it\/blog\/levico-terme-cosa-vedere\/#primaryimage"},"image":{"@id":"https:\/\/www.ignas.com\/it\/blog\/levico-terme-cosa-vedere\/#primaryimage"},"thumbnailUrl":"https:\/\/www.ignas.com\/it\/blog\/wp-content\/uploads\/2021\/11\/levico-terme-cosa-vedere-1.jpg","datePublished":"2021-11-04T23:00:00+00:00","dateModified":"2022-03-11T10:01:59+00:00","description":"Ma a Levico terme cosa vedere in un paio di giorni? A sorpresa le cose sono davvero tante e ognuna con una sua storia tutta da scoprire.","breadcrumb":{"@id":"https:\/\/www.ignas.com\/it\/blog\/levico-terme-cosa-vedere\/#breadcrumb"},"inLanguage":"it-IT","potentialAction":[{"@type":"ReadAction","target":["https:\/\/www.ignas.com\/it\/blog\/levico-terme-cosa-vedere\/"]}]},{"@type":"ImageObject","inLanguage":"it-IT","@id":"https:\/\/www.ignas.com\/it\/blog\/levico-terme-cosa-vedere\/#primaryimage","url":"https:\/\/www.ignas.com\/it\/blog\/wp-content\/uploads\/2021\/11\/levico-terme-cosa-vedere-1.jpg","contentUrl":"https:\/\/www.ignas.com\/it\/blog\/wp-content\/uploads\/2021\/11\/levico-terme-cosa-vedere-1.jpg","width":1080,"height":613,"caption":"levico terme cosa vedere"},{"@type":"BreadcrumbList","@id":"https:\/\/www.ignas.com\/it\/blog\/levico-terme-cosa-vedere\/#breadcrumb","itemListElement":[{"@type":"ListItem","position":1,"name":"Home","item":"https:\/\/www.ignas.com\/it\/blog\/"},{"@type":"ListItem","position":2,"name":"Levico terme cosa vedere in pochi giorni"}]},{"@type":"WebSite","@id":"https:\/\/www.ignas.com\/it\/blog\/#website","url":"https:\/\/www.ignas.com\/it\/blog\/","name":"Ignas Tour","description":"","publisher":{"@id":"https:\/\/www.ignas.com\/it\/blog\/#organization"},"potentialAction":[{"@type":"SearchAction","target":{"@type":"EntryPoint","urlTemplate":"https:\/\/www.ignas.com\/it\/blog\/?s={search_term_string}"},"query-input":{"@type":"PropertyValueSpecification","valueRequired":true,"valueName":"search_term_string"}}],"inLanguage":"it-IT"},{"@type":"Organization","@id":"https:\/\/www.ignas.com\/it\/blog\/#organization","name":"Ignas Tour","url":"https:\/\/www.ignas.com\/it\/blog\/","logo":{"@type":"ImageObject","inLanguage":"it-IT","@id":"https:\/\/www.ignas.com\/it\/blog\/#\/schema\/logo\/image\/","url":"https:\/\/www.ignas.com\/it\/blog\/wp-content\/uploads\/2020\/01\/logo-ignas-com-200.png","contentUrl":"https:\/\/www.ignas.com\/it\/blog\/wp-content\/uploads\/2020\/01\/logo-ignas-com-200.png","width":1147,"height":329,"caption":"Ignas Tour"},"image":{"@id":"https:\/\/www.ignas.com\/it\/blog\/#\/schema\/logo\/image\/"}},{"@type":"Person","@id":"https:\/\/www.ignas.com\/it\/blog\/#\/schema\/person\/cb41520c07db292cc5a20ce104e28a1d","name":"Fabrizio","image":{"@type":"ImageObject","inLanguage":"it-IT","@id":"https:\/\/secure.gravatar.com\/avatar\/e17f60c58ebe3feb555b9028681e30cfd921758bbdd1f8e9816f1d7d08c1bd9f?s=96&d=mm&r=g","url":"https:\/\/secure.gravatar.com\/avatar\/e17f60c58ebe3feb555b9028681e30cfd921758bbdd1f8e9816f1d7d08c1bd9f?s=96&d=mm&r=g","contentUrl":"https:\/\/secure.gravatar.com\/avatar\/e17f60c58ebe3feb555b9028681e30cfd921758bbdd1f8e9816f1d7d08c1bd9f?s=96&d=mm&r=g","caption":"Fabrizio"},"description":"Seo Copywriter"}]}},"modified_by":"Denise Basano","_links":{"self":[{"href":"https:\/\/www.ignas.com\/it\/blog\/wp-json\/wp\/v2\/posts\/22870","targetHints":{"allow":["GET"]}}],"collection":[{"href":"https:\/\/www.ignas.com\/it\/blog\/wp-json\/wp\/v2\/posts"}],"about":[{"href":"https:\/\/www.ignas.com\/it\/blog\/wp-json\/wp\/v2\/types\/post"}],"author":[{"embeddable":true,"href":"https:\/\/www.ignas.com\/it\/blog\/wp-json\/wp\/v2\/users\/2"}],"replies":[{"embeddable":true,"href":"https:\/\/www.ignas.com\/it\/blog\/wp-json\/wp\/v2\/comments?post=22870"}],"version-history":[{"count":9,"href":"https:\/\/www.ignas.com\/it\/blog\/wp-json\/wp\/v2\/posts\/22870\/revisions"}],"predecessor-version":[{"id":24537,"href":"https:\/\/www.ignas.com\/it\/blog\/wp-json\/wp\/v2\/posts\/22870\/revisions\/24537"}],"wp:featuredmedia":[{"embeddable":true,"href":"https:\/\/www.ignas.com\/it\/blog\/wp-json\/wp\/v2\/media\/24873"}],"wp:attachment":[{"href":"https:\/\/www.ignas.com\/it\/blog\/wp-json\/wp\/v2\/media?parent=22870"}],"wp:term":[{"taxonomy":"category","embeddable":true,"href":"https:\/\/www.ignas.com\/it\/blog\/wp-json\/wp\/v2\/categories?post=22870"},{"taxonomy":"post_tag","embeddable":true,"href":"https:\/\/www.ignas.com\/it\/blog\/wp-json\/wp\/v2\/tags?post=22870"}],"curies":[{"name":"wp","href":"https:\/\/api.w.org\/{rel}","templated":true}]}}