{"id":22779,"date":"2017-03-01T00:00:00","date_gmt":"2017-02-28T23:00:00","guid":{"rendered":"http:\/\/52.212.170.109\/classifica-mete-vacanze-estate-2"},"modified":"2024-06-26T10:24:26","modified_gmt":"2024-06-26T08:24:26","slug":"classifica-mete-vacanze-estate","status":"publish","type":"post","link":"https:\/\/www.ignas.com\/it\/blog\/classifica-mete-vacanze-estate\/","title":{"rendered":"Le 10 Mete Estive pi\u00f9 ricercate"},"content":{"rendered":"<h2><span class=\"ez-toc-section\" id=\"Le_10_Mete_Estive_piu_ricercate_e_dove_trovare_le_offerte\"><\/span>Le 10 Mete Estive pi\u00f9 ricercate e dove trovare le offerte<span class=\"ez-toc-section-end\"><\/span><\/h2><div id=\"ez-toc-container\" class=\"ez-toc-v2_0_82_2 counter-hierarchy ez-toc-counter ez-toc-white ez-toc-container-direction\">\n<div class=\"ez-toc-title-container\">\n<p class=\"ez-toc-title\" style=\"cursor:inherit\"><\/p>\n<span class=\"ez-toc-title-toggle\"><a href=\"#\" class=\"ez-toc-pull-right ez-toc-btn ez-toc-btn-xs ez-toc-btn-default ez-toc-toggle\" aria-label=\"Toggle Table of Content\"><span class=\"ez-toc-js-icon-con\"><span class=\"\"><span class=\"eztoc-hide\" style=\"display:none;\">Toggle<\/span><span class=\"ez-toc-icon-toggle-span\"><svg style=\"fill: #999;color:#999\" xmlns=\"http:\/\/www.w3.org\/2000\/svg\" class=\"list-377408\" width=\"20px\" height=\"20px\" viewBox=\"0 0 24 24\" fill=\"none\"><path d=\"M6 6H4v2h2V6zm14 0H8v2h12V6zM4 11h2v2H4v-2zm16 0H8v2h12v-2zM4 16h2v2H4v-2zm16 0H8v2h12v-2z\" fill=\"currentColor\"><\/path><\/svg><svg style=\"fill: #999;color:#999\" class=\"arrow-unsorted-368013\" xmlns=\"http:\/\/www.w3.org\/2000\/svg\" width=\"10px\" height=\"10px\" viewBox=\"0 0 24 24\" version=\"1.2\" baseProfile=\"tiny\"><path d=\"M18.2 9.3l-6.2-6.3-6.2 6.3c-.2.2-.3.4-.3.7s.1.5.3.7c.2.2.4.3.7.3h11c.3 0 .5-.1.7-.3.2-.2.3-.5.3-.7s-.1-.5-.3-.7zM5.8 14.7l6.2 6.3 6.2-6.3c.2-.2.3-.5.3-.7s-.1-.5-.3-.7c-.2-.2-.4-.3-.7-.3h-11c-.3 0-.5.1-.7.3-.2.2-.3.5-.3.7s.1.5.3.7z\"\/><\/svg><\/span><\/span><\/span><\/a><\/span><\/div>\n<nav><ul class='ez-toc-list ez-toc-list-level-1 eztoc-toggle-hide-by-default' ><li class='ez-toc-page-1 ez-toc-heading-level-2'><a class=\"ez-toc-link ez-toc-heading-1\" href=\"https:\/\/www.ignas.com\/it\/blog\/classifica-mete-vacanze-estate\/#Le_10_Mete_Estive_piu_ricercate_e_dove_trovare_le_offerte\" >Le 10 Mete Estive pi\u00f9 ricercate e dove trovare le offerte<\/a><ul class='ez-toc-list-level-3' ><li class='ez-toc-heading-level-3'><a class=\"ez-toc-link ez-toc-heading-2\" href=\"https:\/\/www.ignas.com\/it\/blog\/classifica-mete-vacanze-estate\/#10_Basilicata\" >10. Basilicata<\/a><\/li><li class='ez-toc-page-1 ez-toc-heading-level-3'><a class=\"ez-toc-link ez-toc-heading-3\" href=\"https:\/\/www.ignas.com\/it\/blog\/classifica-mete-vacanze-estate\/#9_Lignano_Sabbiadoro\" >9. Lignano Sabbiadoro<\/a><\/li><li class='ez-toc-page-1 ez-toc-heading-level-3'><a class=\"ez-toc-link ez-toc-heading-4\" href=\"https:\/\/www.ignas.com\/it\/blog\/classifica-mete-vacanze-estate\/#8_Jesolo\" >8. Jesolo<\/a><\/li><li class='ez-toc-page-1 ez-toc-heading-level-3'><a class=\"ez-toc-link ez-toc-heading-5\" href=\"https:\/\/www.ignas.com\/it\/blog\/classifica-mete-vacanze-estate\/#7_Campania\" >7. Campania<\/a><\/li><li class='ez-toc-page-1 ez-toc-heading-level-3'><a class=\"ez-toc-link ez-toc-heading-6\" href=\"https:\/\/www.ignas.com\/it\/blog\/classifica-mete-vacanze-estate\/#6_Sicilia\" >6. Sicilia<\/a><\/li><li class='ez-toc-page-1 ez-toc-heading-level-3'><a class=\"ez-toc-link ez-toc-heading-7\" href=\"https:\/\/www.ignas.com\/it\/blog\/classifica-mete-vacanze-estate\/#5_Toscana\" >5. Toscana<\/a><\/li><li class='ez-toc-page-1 ez-toc-heading-level-3'><a class=\"ez-toc-link ez-toc-heading-8\" href=\"https:\/\/www.ignas.com\/it\/blog\/classifica-mete-vacanze-estate\/#4_Calabria\" >4. Calabria<\/a><\/li><li class='ez-toc-page-1 ez-toc-heading-level-3'><a class=\"ez-toc-link ez-toc-heading-9\" href=\"https:\/\/www.ignas.com\/it\/blog\/classifica-mete-vacanze-estate\/#3_Sardegna\" >3. Sardegna<\/a><\/li><li class='ez-toc-page-1 ez-toc-heading-level-3'><a class=\"ez-toc-link ez-toc-heading-10\" href=\"https:\/\/www.ignas.com\/it\/blog\/classifica-mete-vacanze-estate\/#2_La_Riviera_Romagnola\" >2. La Riviera Romagnola<\/a><\/li><li class='ez-toc-page-1 ez-toc-heading-level-3'><a class=\"ez-toc-link ez-toc-heading-11\" href=\"https:\/\/www.ignas.com\/it\/blog\/classifica-mete-vacanze-estate\/#1_Puglia\" >1. Puglia<\/a><\/li><\/ul><\/li><\/ul><\/nav><\/div>\n\n<p>Avete gi\u00e0 pensato alle mete da visitare nell&#8217;estate? Vi abbiamo preparato la classifica delle localit\u00e0 marittime pi\u00f9 affollate in previsione della prossima estate.<\/p>\n<h3><span class=\"ez-toc-section\" id=\"10_Basilicata\"><\/span><strong>10. Basilicata<\/strong><span class=\"ez-toc-section-end\"><\/span><\/h3>\n<p>La Basilicata \u00e8 da sempre poco considerata, ultimamente per\u00f2 \u00e8 divenuta una delle mete pi\u00f9 frequentate. L&#8217;estate prevede un trend di crescita per questa regione. <strong>Bagnata da due mari, Tirreno e in misura minore lo Ionio<\/strong>, dove la costa della Basilicata separa la Puglia e la Calabria.<span style=\"color: #ff6600;\"> <strong><a style=\"color: #ff6600;\" href=\"https:\/\/macarro.it\/\">La spiaggia del Macarro<\/a>,<\/strong><\/span> chiamata anche Cala Grande \u00e8 la pi\u00f9 conosciuta della Basilicata, grazie alla sua ghiaia scura, il mare azzurro e la verde e selvaggia natura che la circonda. Non meno bella risulta <span style=\"color: #ff6600;\"><a style=\"color: #ff6600;\" href=\"https:\/\/www.visitmaratea.it\/package\/spiaggia-nera\/\"><strong>Cala Jannina o Spiaggia Nera<\/strong><\/a><\/span>, famosa per i suoi colori scuri della sabbia, incastonata tra la scogliera del Parco naturale dell&#8217;Illicini. Citando un famoso film, la Basilicata va girata coast to coast!<\/p>\n<h3><span class=\"ez-toc-section\" id=\"9_Lignano_Sabbiadoro\"><\/span><strong>9. Lignano Sabbiadoro<\/strong><span class=\"ez-toc-section-end\"><\/span><\/h3>\n<p>Lignano Sabbiadoro, dal nome non lascia dubbi, qui la sabbia e dorata e fine, le spiagge lunghe e il mare dal fondale basso. Tutta la citt\u00e0 \u00e8 molto curata e offre molti servizi agli ospiti. <span style=\"color: #ff6600;\"><a style=\"color: #ff6600;\" href=\"https:\/\/www.ignas.com\/it\/ricerca?sd=1&amp;q%3Asearch%3DLignano+Sabbiadoro+%28UD%29%3Bdt%3D%3Bviaggiatori%3D2%3Bdatevariabili%3B\"><strong>Lignano Sabbiadoro<\/strong><\/a><\/span> \u00e8 la meta perfetta anche i bambini che troveranno un mondo di divertimento. La citt\u00e0 \u00e8 vivace anche in serata con i negozi, bar e ristoranti aperti anche nelle tarde.<\/p>\n<h3><span class=\"ez-toc-section\" id=\"8_Jesolo\"><\/span><strong>8. Jesolo<\/strong><span class=\"ez-toc-section-end\"><\/span><\/h3>\n<p>Soprattutto per chi vive nel nord Italia, <strong><span style=\"color: #ff6600;\"><a style=\"color: #ff6600;\" href=\"https:\/\/www.ignas.com\/it\/jesolo\" target=\"_blank\" rel=\"noopener noreferrer\">Jesolo<\/a><\/span><\/strong> \u00e8 una meta da visitare almeno una volta. Bellissima cittadina ricca di pineta, la spiaggia \u00e8 larga, di sabbia morbida e il mare dai fondali bassi, insomma qui troviamo l&#8217;ideale per viaggiare con i pi\u00f9 piccoli. Ma non solo, per i pi\u00f9 grandi, Jesolo offre zone in cui rilassarsi, spiagge libere ricche di divertimento con feste organizzate dai vari lidi.<\/p>\n<h3><span class=\"ez-toc-section\" id=\"7_Campania\"><\/span><strong>7. Campania<\/strong><span class=\"ez-toc-section-end\"><\/span><\/h3>\n<p><strong><span style=\"color: #ff6600;\"><a style=\"color: #ff6600;\" href=\"https:\/\/www.ignas.com\/it\/offerte-mare-campania\" target=\"_blank\" rel=\"noopener noreferrer\">La Campania:<\/a> <\/span><a href=\"https:\/\/www.ignas.com\/it\/offerte-vacanze-cilento\" target=\"_blank\" rel=\"noopener noreferrer\"><span style=\"color: #ff6600;\">Cilento<\/span><\/a><\/strong>, Costiera Amalfitana, Capri, <span style=\"color: #ff6600;\"><strong><a style=\"color: #ff6600;\" href=\"https:\/\/www.ignas.com\/it\/offerte-vacanze-ischia\" target=\"_blank\" rel=\"noopener noreferrer\">Ischia <\/a><\/strong><\/span>e tanto altro. La Campania offre mare, divertimento, relax, terme, arte, cultura e specialit\u00e0 culinaria davvero ottime. <strong>Napoli<\/strong>, va girata, \u00e8 una citt\u00e0 da amare e girare, ricca di scorci che vi porteranno al mare. Grazie ad un traghetto si raggiunge <strong>Ischia, l&#8217;isola dalle infinite propriet\u00e0 termali ed un mare stupendo.<\/strong> Tendenza per la Campania molto in crescita!<\/p>\n<h3><span class=\"ez-toc-section\" id=\"6_Sicilia\"><\/span><strong>6. Sicilia<\/strong><span class=\"ez-toc-section-end\"><\/span><\/h3>\n<p><a href=\"https:\/\/www.ignas.com\/it\/offerte-mare-sicilia\" target=\"_blank\" rel=\"noopener noreferrer\">La Sicilia<\/a>, l&#8217;isola pi\u00f9 grande del Mediterraneo. E&#8217; la regione pi\u00f9 estesa d&#8217;Italia che comprende anche gli arcipelaghi delle Eolie, <strong>Egadi<\/strong>, <strong>Pelagie<\/strong>, <strong>Ustica <\/strong>e <strong>Pantelleria<\/strong>. Ogni angolo qui in Sicilia vi parler\u00e0 di storia, arte, tradizioni e cultura, ammirando templi greci, mosaici romani e bizantini, insomma un&#8217;isola non solo per i turisti ma per veri viaggiatori. <strong>Qui l&#8217;azzurro del cielo incontra le mille sfumature blu, verdi e turchese di un mare limpidissimo<\/strong>. Lasciatevi incantare dalla Sicilia: un&#8217;isola dal profumo inebriante di aranceti, mandorle e salsedine\u2026<\/p>\n<h3><span class=\"ez-toc-section\" id=\"5_Toscana\"><\/span><strong>5. Toscana<\/strong><span class=\"ez-toc-section-end\"><\/span><\/h3>\n<p><img loading=\"lazy\" decoding=\"async\" class=\"alignnone wp-image-21903 size-full\" title=\"toscana\" src=\"https:\/\/52.212.170.109\/wp-content\/uploads\/2017\/03\/toscana.jpg\" alt=\"toscana\" width=\"1800\" height=\"1200\" \/><\/p>\n<p><a href=\"https:\/\/www.ignas.com\/it\/offerte-mare-toscana\" target=\"_blank\" rel=\"noopener noreferrer\">La Toscana <\/a>ha tutto ci\u00f2 che cerchiamo da una vacanza. Mare stupendo con spiagge nascoste tra la natura selvaggia. In Toscana troviamo la <strong>spiaggia di Vada <\/strong>nei pressi della <strong>Valle degli Etruschi<\/strong>, citt\u00e0 come <strong>Marina di Grosseto <\/strong>e <strong>Follonica <\/strong>dove trovare il relax con nuotate al mare, svago e divertimento serale. La Toscana gode anche di alcune tra le pi\u00f9 belle isole italiane, come l&#8217;isola d&#8217;Elba <strong><span style=\"color: #ff6600;\"><a style=\"color: #ff6600;\" href=\"https:\/\/www.ignas.it\/blog\/spiagge-isola-elba\" target=\"_blank\" rel=\"noopener noreferrer\">(scopri le spiagge pi\u00f9 belle dell&#8217;isola d&#8217;Elba)<\/a><\/span><\/strong>. E&#8217; piccola e a misura d&#8217;uomo ma vanta pi\u00f9 di 100 spiagge tutte magnifiche come Spiaggia di Sansone,Procchio,Sant&#8217;Andrea,Lido di Capoliveri e tantissime altre che vi invitiamo a scoprirle.<\/p>\n<h3><span class=\"ez-toc-section\" id=\"4_Calabria\"><\/span><strong>4. <a href=\"https:\/\/it.wikipedia.org\/wiki\/Calabria\">Calabria<\/a><\/strong><span class=\"ez-toc-section-end\"><\/span><\/h3>\n<p><strong>La <span style=\"color: #ff6600;\"><a style=\"color: #ff6600;\" href=\"https:\/\/www.ignas.com\/it\/offerte-mare-calabria\" target=\"_blank\" rel=\"noopener noreferrer\">Calabria <\/a><\/span><\/strong>\u00e8 la regione che anno dopo anno si \u00e8 avvicina sempre pi\u00f9 rapidamente verso il podio. Infatti sempre pi\u00f9 turisti dedicano attenzione alla Calabria, la motivazione \u00e8 semplice: <strong>bellissimo mare con bellissime spiagge, di ghiaia, di sabbia, di roccia, scogliere e grotte<\/strong>. Il colore del mare \u00e8 unico, un azzurro che pi\u00f9 azzurro non si pu\u00f2. Una localit\u00e0 va citata si trova su tutte: <strong>Praia a Mare<\/strong> in provincia di Cosenza<strong><span style=\"color: #ff6600;\"> <a style=\"color: #ff6600;\" href=\"https:\/\/www.ignas.it\/blog\/praia-a-mare\" target=\"_blank\" rel=\"noopener noreferrer\">(scopri Praia a mare)<\/a><\/span><\/strong>. <strong>A Praia a Mare<\/strong> troverete alcune delle spiagge pi\u00f9 belle e suggestive, caratterizzata da un litorale molto ampio e lungo di sabbia grigia mista a ghiaino. Poco distante, raggiungibile con un brevissimo tragitto in barca, la Calabria offre l&#8217;<strong>Isola di Dino<\/strong>. Piccola isola di fronte alla localit\u00e0 Fiuzzi, famosa soprattutto per le grotte marine, tra le pi\u00f9 famose sono la <strong>Grotta Azzurra<\/strong>, cos\u00ec chiamata per l&#8217;intenso colore azzurro dell&#8217;acqua al suo interno e la Grotta del Leone, il nome deriva della quale deriva dalla presenza al suo interno di uno scoglio che assomiglia molto ad un leone sdraiato.<\/p>\n<h3><span class=\"ez-toc-section\" id=\"3_Sardegna\"><\/span><strong>3. Sardegna<\/strong><span class=\"ez-toc-section-end\"><\/span><\/h3>\n<p><span style=\"color: #ff6600;\"><a style=\"color: #ff6600;\" href=\"https:\/\/www.ignas.com\/it\/offerte-mare-sardegna\" target=\"_blank\" rel=\"noopener noreferrer\"><strong>La Sardegna<\/strong><\/a><\/span>, seconda isola pi\u00f9 grande d&#8217;Italia si trova in posizione strategica proprio al centro del <strong>Mediterraneo occidentale<\/strong>. Tra montagne, boschi, pianure, coste rocciose e soprattutto lunghe spiagge di sabbia finissima e incredibilmente bianca, la Sardegna \u00e8 un&#8217;isola incantevole. <strong>A Porto Cervo<\/strong> \u00e8 d&#8217;obbligo dedicarci attenzione, soprattutto di sera, quando anche le luci degli <strong>yacht <\/strong>si accendo e <strong>illuminano <\/strong>tutto il <strong>porto <\/strong>turistico. La localit\u00e0 \u00e8 molto esclusiva, con negozi, ristoranti e discoteche di un certo pregio, probabilmente il luogo pi\u00f9 chic della Sardegna. La fortuna sulla bellezza naturale ha toccato per\u00f2 <strong>San Teodoro,<\/strong> localit\u00e0 sarda in cui di giorno il mare splendente, il sole, la sabbia bianca quasi impalpabile vi aspettano.<\/p>\n<h3><span class=\"ez-toc-section\" id=\"2_La_Riviera_Romagnola\"><\/span><strong>2. La Riviera Romagnola<\/strong><span class=\"ez-toc-section-end\"><\/span><\/h3>\n<p><img loading=\"lazy\" decoding=\"async\" class=\"alignnone wp-image-21902 size-full\" title=\"riviera romagnola\" src=\"https:\/\/52.212.170.109\/wp-content\/uploads\/2017\/03\/riviera-romagnola.jpg\" alt=\"riviera-romagnola\" width=\"1800\" height=\"1200\" srcset=\"https:\/\/www.ignas.com\/it\/blog\/wp-content\/uploads\/2017\/03\/riviera-romagnola.jpg 1800w, https:\/\/www.ignas.com\/it\/blog\/wp-content\/uploads\/2017\/03\/riviera-romagnola-300x200.jpg 300w, https:\/\/www.ignas.com\/it\/blog\/wp-content\/uploads\/2017\/03\/riviera-romagnola-768x512.jpg 768w, https:\/\/www.ignas.com\/it\/blog\/wp-content\/uploads\/2017\/03\/riviera-romagnola-1024x683.jpg 1024w, https:\/\/www.ignas.com\/it\/blog\/wp-content\/uploads\/2017\/03\/riviera-romagnola-696x464.jpg 696w, https:\/\/www.ignas.com\/it\/blog\/wp-content\/uploads\/2017\/03\/riviera-romagnola-1068x712.jpg 1068w, https:\/\/www.ignas.com\/it\/blog\/wp-content\/uploads\/2017\/03\/riviera-romagnola-630x420.jpg 630w\" sizes=\"auto, (max-width: 1800px) 100vw, 1800px\" \/><\/p>\n<p>La <span style=\"color: #ff6600;\"><strong><a style=\"color: #ff6600;\" href=\"https:\/\/www.ignas.com\/it\/offerte-vacanze-riviera-romagnola\" target=\"_blank\" rel=\"noopener noreferrer\">Riviera Romagnola<\/a><\/strong><\/span> si estende in oltre 90 km di costa con sabbia dorata e mare blu dai fondali bassi sul Mar Adriatico. Le citt\u00e0 marittime pi\u00f9 famose come Rimini, Riccione, Cattolica, Cesenatico o Milano Marittima sono da anni le mete preferite delle famiglie italiane e non solo. La Riviera Romagnola attira migliaia di turisti da tutto il mondo che nei mesi pi\u00f9 caldi affollano le spiagge. Le spiagge sono fornite di stabilimenti balneari dotati di tutti i comfort sia per gli adulti che per i pi\u00f9 piccoli. In tutta la Riviera Romagnola il mare ha bassi fondali, caratteristica che lo rende perfetto per un tuffo tranquillo con i bimbi.<\/p>\n<h3><span class=\"ez-toc-section\" id=\"1_Puglia\"><\/span><strong>1. Puglia<\/strong><span class=\"ez-toc-section-end\"><\/span><\/h3>\n<p>Da nord a sud la <span style=\"color: #ff6600;\"><strong><a style=\"color: #ff6600;\" href=\"https:\/\/www.ignas.com\/it\/offerte-mare-puglia\" target=\"_blank\" rel=\"noopener noreferrer\">Puglia <\/a><\/strong><\/span>vi offre mare, meraviglie naturali e un&#8217;accoglienza tra le pi\u00f9 calorose <strong><a href=\"https:\/\/www.ignas.it\/blog\/le-migliori-spiagge-nel-salento\"><span style=\"color: #ff6c36;\"><u>(scopri le migliori spiagge del Salento)<\/u><\/span><\/a><\/strong>. Tra le localit\u00e0 marittime pi\u00f9 famose troviamo <strong><a href=\"https:\/\/www.ignas.it\/blog\/maldive-del-salento\"><span style=\"color: #ff6c36;\"><u>Le Maldive del Salento<\/u><\/span><\/a><\/strong>, in una delle punte pi\u00f9 a sud di una magnifica Puglia, nel comune di Salve (Le), la natura \u00e8 stata veramente molto generosa ad offrirci un vero e proprio spettacolo. Medesima meraviglia la troviamo a Pescoluse, localit\u00e0 che fa sempre parte delle <strong>Maldive del Salento, famosa per la spiaggia di sabbia fine e bianca e un mare color smeraldo<\/strong>. In Puglia si trova Gallipoli: una piccola cittadina a misura d&#8217;uomo, ideale per gruppi di giovani o famiglie. Il centro, incastonato nel castello vecchio \u00e8 ricco di ristoranti tipici e non, gelaterie, botteghe di artigiani locali e negozi aperti fino alle ore tarde. <strong>La Puglia offre moltissime altre spiagge, dal Gargano al Salento, come Punta della Suina, Punta Prosciutto o Torre dell&#8217;Orso.<\/strong><\/p>\n","protected":false},"excerpt":{"rendered":"<p>Le 10 Mete Estive pi\u00f9 ricercate e dove trovare le offerte Avete gi\u00e0 pensato alle mete da visitare nell&#8217;estate? Vi abbiamo preparato la classifica delle localit\u00e0 marittime pi\u00f9 affollate in previsione della prossima estate. 10. Basilicata La Basilicata \u00e8 da sempre poco considerata, ultimamente per\u00f2 \u00e8 divenuta una delle mete pi\u00f9 frequentate. L&#8217;estate prevede un [&hellip;]<\/p>\n","protected":false},"author":2,"featured_media":21899,"comment_status":"open","ping_status":"open","sticky":false,"template":"","format":"standard","meta":{"_acf_changed":false,"inline_featured_image":false,"_lmt_disableupdate":"no","_lmt_disable":"no","_monsterinsights_skip_tracking":false,"_monsterinsights_sitenote_active":false,"_monsterinsights_sitenote_note":"","_monsterinsights_sitenote_category":0,"footnotes":""},"categories":[3],"tags":[],"class_list":["post-22779","post","type-post","status-publish","format-standard","has-post-thumbnail","hentry","category-terre-di-mare"],"acf":[],"yoast_head":"<!-- This site is optimized with the Yoast SEO plugin v27.5 - https:\/\/yoast.com\/product\/yoast-seo-wordpress\/ -->\n<title>Le 10 Mete Estive pi\u00f9 ricercate - Ignas Tour<\/title>\n<meta name=\"description\" content=\"Avete gi\u00e0 pensato alle mete da visitare nell\u2019estate? Vi abbiamo preparato la classifica delle localit\u00e0 marittime pi\u00f9 affollate in previsione della prossima estate.\" \/>\n<meta name=\"robots\" content=\"index, follow, max-snippet:-1, max-image-preview:large, max-video-preview:-1\" \/>\n<link rel=\"canonical\" href=\"https:\/\/www.ignas.com\/it\/blog\/classifica-mete-vacanze-estate\/\" \/>\n<meta property=\"og:locale\" content=\"it_IT\" \/>\n<meta property=\"og:type\" content=\"article\" \/>\n<meta property=\"og:title\" content=\"Le 10 Mete Estive pi\u00f9 ricercate - Ignas Tour\" \/>\n<meta property=\"og:description\" content=\"Avete gi\u00e0 pensato alle mete da visitare nell\u2019estate? Vi abbiamo preparato la classifica delle localit\u00e0 marittime pi\u00f9 affollate in previsione della prossima estate.\" \/>\n<meta property=\"og:url\" content=\"https:\/\/www.ignas.com\/it\/blog\/classifica-mete-vacanze-estate\/\" \/>\n<meta property=\"og:site_name\" content=\"Ignas Tour\" \/>\n<meta property=\"article:published_time\" content=\"2017-02-28T23:00:00+00:00\" \/>\n<meta property=\"article:modified_time\" content=\"2024-06-26T08:24:26+00:00\" \/>\n<meta property=\"og:image\" content=\"https:\/\/www.ignas.com\/it\/blog\/wp-content\/uploads\/2017\/03\/10-mete-estive.jpg\" \/>\n\t<meta property=\"og:image:width\" content=\"960\" \/>\n\t<meta property=\"og:image:height\" content=\"640\" \/>\n\t<meta property=\"og:image:type\" content=\"image\/jpeg\" \/>\n<meta name=\"author\" content=\"Fabrizio\" \/>\n<meta name=\"twitter:card\" content=\"summary_large_image\" \/>\n<meta name=\"twitter:label1\" content=\"Scritto da\" \/>\n\t<meta name=\"twitter:data1\" content=\"Fabrizio\" \/>\n\t<meta name=\"twitter:label2\" content=\"Tempo di lettura stimato\" \/>\n\t<meta name=\"twitter:data2\" content=\"7 minuti\" \/>\n<script type=\"application\/ld+json\" class=\"yoast-schema-graph\">{\"@context\":\"https:\\\/\\\/schema.org\",\"@graph\":[{\"@type\":\"Article\",\"@id\":\"https:\\\/\\\/www.ignas.com\\\/it\\\/blog\\\/classifica-mete-vacanze-estate\\\/#article\",\"isPartOf\":{\"@id\":\"https:\\\/\\\/www.ignas.com\\\/it\\\/blog\\\/classifica-mete-vacanze-estate\\\/\"},\"author\":{\"name\":\"Fabrizio\",\"@id\":\"https:\\\/\\\/www.ignas.com\\\/it\\\/blog\\\/#\\\/schema\\\/person\\\/cb41520c07db292cc5a20ce104e28a1d\"},\"headline\":\"Le 10 Mete Estive pi\u00f9 ricercate\",\"datePublished\":\"2017-02-28T23:00:00+00:00\",\"dateModified\":\"2024-06-26T08:24:26+00:00\",\"mainEntityOfPage\":{\"@id\":\"https:\\\/\\\/www.ignas.com\\\/it\\\/blog\\\/classifica-mete-vacanze-estate\\\/\"},\"wordCount\":1086,\"commentCount\":0,\"publisher\":{\"@id\":\"https:\\\/\\\/www.ignas.com\\\/it\\\/blog\\\/#organization\"},\"image\":{\"@id\":\"https:\\\/\\\/www.ignas.com\\\/it\\\/blog\\\/classifica-mete-vacanze-estate\\\/#primaryimage\"},\"thumbnailUrl\":\"https:\\\/\\\/www.ignas.com\\\/it\\\/blog\\\/wp-content\\\/uploads\\\/2017\\\/03\\\/10-mete-estive.jpg\",\"articleSection\":[\"Terre di mare\"],\"inLanguage\":\"it-IT\",\"potentialAction\":[{\"@type\":\"CommentAction\",\"name\":\"Comment\",\"target\":[\"https:\\\/\\\/www.ignas.com\\\/it\\\/blog\\\/classifica-mete-vacanze-estate\\\/#respond\"]}]},{\"@type\":\"WebPage\",\"@id\":\"https:\\\/\\\/www.ignas.com\\\/it\\\/blog\\\/classifica-mete-vacanze-estate\\\/\",\"url\":\"https:\\\/\\\/www.ignas.com\\\/it\\\/blog\\\/classifica-mete-vacanze-estate\\\/\",\"name\":\"Le 10 Mete Estive pi\u00f9 ricercate - Ignas Tour\",\"isPartOf\":{\"@id\":\"https:\\\/\\\/www.ignas.com\\\/it\\\/blog\\\/#website\"},\"primaryImageOfPage\":{\"@id\":\"https:\\\/\\\/www.ignas.com\\\/it\\\/blog\\\/classifica-mete-vacanze-estate\\\/#primaryimage\"},\"image\":{\"@id\":\"https:\\\/\\\/www.ignas.com\\\/it\\\/blog\\\/classifica-mete-vacanze-estate\\\/#primaryimage\"},\"thumbnailUrl\":\"https:\\\/\\\/www.ignas.com\\\/it\\\/blog\\\/wp-content\\\/uploads\\\/2017\\\/03\\\/10-mete-estive.jpg\",\"datePublished\":\"2017-02-28T23:00:00+00:00\",\"dateModified\":\"2024-06-26T08:24:26+00:00\",\"description\":\"Avete gi\u00e0 pensato alle mete da visitare nell\u2019estate? Vi abbiamo preparato la classifica delle localit\u00e0 marittime pi\u00f9 affollate in previsione della prossima estate.\",\"breadcrumb\":{\"@id\":\"https:\\\/\\\/www.ignas.com\\\/it\\\/blog\\\/classifica-mete-vacanze-estate\\\/#breadcrumb\"},\"inLanguage\":\"it-IT\",\"potentialAction\":[{\"@type\":\"ReadAction\",\"target\":[\"https:\\\/\\\/www.ignas.com\\\/it\\\/blog\\\/classifica-mete-vacanze-estate\\\/\"]}]},{\"@type\":\"ImageObject\",\"inLanguage\":\"it-IT\",\"@id\":\"https:\\\/\\\/www.ignas.com\\\/it\\\/blog\\\/classifica-mete-vacanze-estate\\\/#primaryimage\",\"url\":\"https:\\\/\\\/www.ignas.com\\\/it\\\/blog\\\/wp-content\\\/uploads\\\/2017\\\/03\\\/10-mete-estive.jpg\",\"contentUrl\":\"https:\\\/\\\/www.ignas.com\\\/it\\\/blog\\\/wp-content\\\/uploads\\\/2017\\\/03\\\/10-mete-estive.jpg\",\"width\":960,\"height\":640,\"caption\":\"10 mete estive\"},{\"@type\":\"BreadcrumbList\",\"@id\":\"https:\\\/\\\/www.ignas.com\\\/it\\\/blog\\\/classifica-mete-vacanze-estate\\\/#breadcrumb\",\"itemListElement\":[{\"@type\":\"ListItem\",\"position\":1,\"name\":\"Home\",\"item\":\"https:\\\/\\\/www.ignas.com\\\/it\\\/blog\\\/\"},{\"@type\":\"ListItem\",\"position\":2,\"name\":\"Le 10 Mete Estive pi\u00f9 ricercate\"}]},{\"@type\":\"WebSite\",\"@id\":\"https:\\\/\\\/www.ignas.com\\\/it\\\/blog\\\/#website\",\"url\":\"https:\\\/\\\/www.ignas.com\\\/it\\\/blog\\\/\",\"name\":\"Ignas Tour\",\"description\":\"\",\"publisher\":{\"@id\":\"https:\\\/\\\/www.ignas.com\\\/it\\\/blog\\\/#organization\"},\"potentialAction\":[{\"@type\":\"SearchAction\",\"target\":{\"@type\":\"EntryPoint\",\"urlTemplate\":\"https:\\\/\\\/www.ignas.com\\\/it\\\/blog\\\/?s={search_term_string}\"},\"query-input\":{\"@type\":\"PropertyValueSpecification\",\"valueRequired\":true,\"valueName\":\"search_term_string\"}}],\"inLanguage\":\"it-IT\"},{\"@type\":\"Organization\",\"@id\":\"https:\\\/\\\/www.ignas.com\\\/it\\\/blog\\\/#organization\",\"name\":\"Ignas Tour\",\"url\":\"https:\\\/\\\/www.ignas.com\\\/it\\\/blog\\\/\",\"logo\":{\"@type\":\"ImageObject\",\"inLanguage\":\"it-IT\",\"@id\":\"https:\\\/\\\/www.ignas.com\\\/it\\\/blog\\\/#\\\/schema\\\/logo\\\/image\\\/\",\"url\":\"https:\\\/\\\/www.ignas.com\\\/it\\\/blog\\\/wp-content\\\/uploads\\\/2020\\\/01\\\/logo-ignas-com-200.png\",\"contentUrl\":\"https:\\\/\\\/www.ignas.com\\\/it\\\/blog\\\/wp-content\\\/uploads\\\/2020\\\/01\\\/logo-ignas-com-200.png\",\"width\":1147,\"height\":329,\"caption\":\"Ignas Tour\"},\"image\":{\"@id\":\"https:\\\/\\\/www.ignas.com\\\/it\\\/blog\\\/#\\\/schema\\\/logo\\\/image\\\/\"}},{\"@type\":\"Person\",\"@id\":\"https:\\\/\\\/www.ignas.com\\\/it\\\/blog\\\/#\\\/schema\\\/person\\\/cb41520c07db292cc5a20ce104e28a1d\",\"name\":\"Fabrizio\",\"image\":{\"@type\":\"ImageObject\",\"inLanguage\":\"it-IT\",\"@id\":\"https:\\\/\\\/secure.gravatar.com\\\/avatar\\\/e17f60c58ebe3feb555b9028681e30cfd921758bbdd1f8e9816f1d7d08c1bd9f?s=96&d=mm&r=g\",\"url\":\"https:\\\/\\\/secure.gravatar.com\\\/avatar\\\/e17f60c58ebe3feb555b9028681e30cfd921758bbdd1f8e9816f1d7d08c1bd9f?s=96&d=mm&r=g\",\"contentUrl\":\"https:\\\/\\\/secure.gravatar.com\\\/avatar\\\/e17f60c58ebe3feb555b9028681e30cfd921758bbdd1f8e9816f1d7d08c1bd9f?s=96&d=mm&r=g\",\"caption\":\"Fabrizio\"},\"description\":\"Seo Copywriter\"}]}<\/script>\n<!-- \/ Yoast SEO plugin. -->","yoast_head_json":{"title":"Le 10 Mete Estive pi\u00f9 ricercate - Ignas Tour","description":"Avete gi\u00e0 pensato alle mete da visitare nell\u2019estate? Vi abbiamo preparato la classifica delle localit\u00e0 marittime pi\u00f9 affollate in previsione della prossima estate.","robots":{"index":"index","follow":"follow","max-snippet":"max-snippet:-1","max-image-preview":"max-image-preview:large","max-video-preview":"max-video-preview:-1"},"canonical":"https:\/\/www.ignas.com\/it\/blog\/classifica-mete-vacanze-estate\/","og_locale":"it_IT","og_type":"article","og_title":"Le 10 Mete Estive pi\u00f9 ricercate - Ignas Tour","og_description":"Avete gi\u00e0 pensato alle mete da visitare nell\u2019estate? Vi abbiamo preparato la classifica delle localit\u00e0 marittime pi\u00f9 affollate in previsione della prossima estate.","og_url":"https:\/\/www.ignas.com\/it\/blog\/classifica-mete-vacanze-estate\/","og_site_name":"Ignas Tour","article_published_time":"2017-02-28T23:00:00+00:00","article_modified_time":"2024-06-26T08:24:26+00:00","og_image":[{"width":960,"height":640,"url":"https:\/\/www.ignas.com\/it\/blog\/wp-content\/uploads\/2017\/03\/10-mete-estive.jpg","type":"image\/jpeg"}],"author":"Fabrizio","twitter_card":"summary_large_image","twitter_misc":{"Scritto da":"Fabrizio","Tempo di lettura stimato":"7 minuti"},"schema":{"@context":"https:\/\/schema.org","@graph":[{"@type":"Article","@id":"https:\/\/www.ignas.com\/it\/blog\/classifica-mete-vacanze-estate\/#article","isPartOf":{"@id":"https:\/\/www.ignas.com\/it\/blog\/classifica-mete-vacanze-estate\/"},"author":{"name":"Fabrizio","@id":"https:\/\/www.ignas.com\/it\/blog\/#\/schema\/person\/cb41520c07db292cc5a20ce104e28a1d"},"headline":"Le 10 Mete Estive pi\u00f9 ricercate","datePublished":"2017-02-28T23:00:00+00:00","dateModified":"2024-06-26T08:24:26+00:00","mainEntityOfPage":{"@id":"https:\/\/www.ignas.com\/it\/blog\/classifica-mete-vacanze-estate\/"},"wordCount":1086,"commentCount":0,"publisher":{"@id":"https:\/\/www.ignas.com\/it\/blog\/#organization"},"image":{"@id":"https:\/\/www.ignas.com\/it\/blog\/classifica-mete-vacanze-estate\/#primaryimage"},"thumbnailUrl":"https:\/\/www.ignas.com\/it\/blog\/wp-content\/uploads\/2017\/03\/10-mete-estive.jpg","articleSection":["Terre di mare"],"inLanguage":"it-IT","potentialAction":[{"@type":"CommentAction","name":"Comment","target":["https:\/\/www.ignas.com\/it\/blog\/classifica-mete-vacanze-estate\/#respond"]}]},{"@type":"WebPage","@id":"https:\/\/www.ignas.com\/it\/blog\/classifica-mete-vacanze-estate\/","url":"https:\/\/www.ignas.com\/it\/blog\/classifica-mete-vacanze-estate\/","name":"Le 10 Mete Estive pi\u00f9 ricercate - Ignas Tour","isPartOf":{"@id":"https:\/\/www.ignas.com\/it\/blog\/#website"},"primaryImageOfPage":{"@id":"https:\/\/www.ignas.com\/it\/blog\/classifica-mete-vacanze-estate\/#primaryimage"},"image":{"@id":"https:\/\/www.ignas.com\/it\/blog\/classifica-mete-vacanze-estate\/#primaryimage"},"thumbnailUrl":"https:\/\/www.ignas.com\/it\/blog\/wp-content\/uploads\/2017\/03\/10-mete-estive.jpg","datePublished":"2017-02-28T23:00:00+00:00","dateModified":"2024-06-26T08:24:26+00:00","description":"Avete gi\u00e0 pensato alle mete da visitare nell\u2019estate? Vi abbiamo preparato la classifica delle localit\u00e0 marittime pi\u00f9 affollate in previsione della prossima estate.","breadcrumb":{"@id":"https:\/\/www.ignas.com\/it\/blog\/classifica-mete-vacanze-estate\/#breadcrumb"},"inLanguage":"it-IT","potentialAction":[{"@type":"ReadAction","target":["https:\/\/www.ignas.com\/it\/blog\/classifica-mete-vacanze-estate\/"]}]},{"@type":"ImageObject","inLanguage":"it-IT","@id":"https:\/\/www.ignas.com\/it\/blog\/classifica-mete-vacanze-estate\/#primaryimage","url":"https:\/\/www.ignas.com\/it\/blog\/wp-content\/uploads\/2017\/03\/10-mete-estive.jpg","contentUrl":"https:\/\/www.ignas.com\/it\/blog\/wp-content\/uploads\/2017\/03\/10-mete-estive.jpg","width":960,"height":640,"caption":"10 mete estive"},{"@type":"BreadcrumbList","@id":"https:\/\/www.ignas.com\/it\/blog\/classifica-mete-vacanze-estate\/#breadcrumb","itemListElement":[{"@type":"ListItem","position":1,"name":"Home","item":"https:\/\/www.ignas.com\/it\/blog\/"},{"@type":"ListItem","position":2,"name":"Le 10 Mete Estive pi\u00f9 ricercate"}]},{"@type":"WebSite","@id":"https:\/\/www.ignas.com\/it\/blog\/#website","url":"https:\/\/www.ignas.com\/it\/blog\/","name":"Ignas Tour","description":"","publisher":{"@id":"https:\/\/www.ignas.com\/it\/blog\/#organization"},"potentialAction":[{"@type":"SearchAction","target":{"@type":"EntryPoint","urlTemplate":"https:\/\/www.ignas.com\/it\/blog\/?s={search_term_string}"},"query-input":{"@type":"PropertyValueSpecification","valueRequired":true,"valueName":"search_term_string"}}],"inLanguage":"it-IT"},{"@type":"Organization","@id":"https:\/\/www.ignas.com\/it\/blog\/#organization","name":"Ignas Tour","url":"https:\/\/www.ignas.com\/it\/blog\/","logo":{"@type":"ImageObject","inLanguage":"it-IT","@id":"https:\/\/www.ignas.com\/it\/blog\/#\/schema\/logo\/image\/","url":"https:\/\/www.ignas.com\/it\/blog\/wp-content\/uploads\/2020\/01\/logo-ignas-com-200.png","contentUrl":"https:\/\/www.ignas.com\/it\/blog\/wp-content\/uploads\/2020\/01\/logo-ignas-com-200.png","width":1147,"height":329,"caption":"Ignas Tour"},"image":{"@id":"https:\/\/www.ignas.com\/it\/blog\/#\/schema\/logo\/image\/"}},{"@type":"Person","@id":"https:\/\/www.ignas.com\/it\/blog\/#\/schema\/person\/cb41520c07db292cc5a20ce104e28a1d","name":"Fabrizio","image":{"@type":"ImageObject","inLanguage":"it-IT","@id":"https:\/\/secure.gravatar.com\/avatar\/e17f60c58ebe3feb555b9028681e30cfd921758bbdd1f8e9816f1d7d08c1bd9f?s=96&d=mm&r=g","url":"https:\/\/secure.gravatar.com\/avatar\/e17f60c58ebe3feb555b9028681e30cfd921758bbdd1f8e9816f1d7d08c1bd9f?s=96&d=mm&r=g","contentUrl":"https:\/\/secure.gravatar.com\/avatar\/e17f60c58ebe3feb555b9028681e30cfd921758bbdd1f8e9816f1d7d08c1bd9f?s=96&d=mm&r=g","caption":"Fabrizio"},"description":"Seo Copywriter"}]}},"modified_by":"Team di Ignas Tour","_links":{"self":[{"href":"https:\/\/www.ignas.com\/it\/blog\/wp-json\/wp\/v2\/posts\/22779","targetHints":{"allow":["GET"]}}],"collection":[{"href":"https:\/\/www.ignas.com\/it\/blog\/wp-json\/wp\/v2\/posts"}],"about":[{"href":"https:\/\/www.ignas.com\/it\/blog\/wp-json\/wp\/v2\/types\/post"}],"author":[{"embeddable":true,"href":"https:\/\/www.ignas.com\/it\/blog\/wp-json\/wp\/v2\/users\/2"}],"replies":[{"embeddable":true,"href":"https:\/\/www.ignas.com\/it\/blog\/wp-json\/wp\/v2\/comments?post=22779"}],"version-history":[{"count":6,"href":"https:\/\/www.ignas.com\/it\/blog\/wp-json\/wp\/v2\/posts\/22779\/revisions"}],"predecessor-version":[{"id":27858,"href":"https:\/\/www.ignas.com\/it\/blog\/wp-json\/wp\/v2\/posts\/22779\/revisions\/27858"}],"wp:featuredmedia":[{"embeddable":true,"href":"https:\/\/www.ignas.com\/it\/blog\/wp-json\/wp\/v2\/media\/21899"}],"wp:attachment":[{"href":"https:\/\/www.ignas.com\/it\/blog\/wp-json\/wp\/v2\/media?parent=22779"}],"wp:term":[{"taxonomy":"category","embeddable":true,"href":"https:\/\/www.ignas.com\/it\/blog\/wp-json\/wp\/v2\/categories?post=22779"},{"taxonomy":"post_tag","embeddable":true,"href":"https:\/\/www.ignas.com\/it\/blog\/wp-json\/wp\/v2\/tags?post=22779"}],"curies":[{"name":"wp","href":"https:\/\/api.w.org\/{rel}","templated":true}]}}