{"id":22770,"date":"2022-03-04T00:00:00","date_gmt":"2022-03-03T23:00:00","guid":{"rendered":"http:\/\/52.212.170.109\/vacanze-con-il-cane-2"},"modified":"2024-02-28T14:22:16","modified_gmt":"2024-02-28T13:22:16","slug":"vacanze-animali","status":"publish","type":"post","link":"https:\/\/www.ignas.com\/it\/blog\/vacanze-animali\/","title":{"rendered":"Vacanze animali: motivazioni e esempi concreti"},"content":{"rendered":"<p>Vacanze animali! Due parole che aprono mille interrogativi!<\/p>\n<p>Nel villaggio \u00e8 ben accetto il piccolo (o grande) amico?<\/p>\n<p>Non tutte le strutture sono pet-friendly, e molte famiglie affidano a parenti, amici o dog-sitter il proprio cane o il proprio gatto, noi invece vi diamo 5 motivi per cui prenotare anche per lui e anche le migliori strutture amiche degli animali.<\/p>\n<h1><span class=\"ez-toc-section\" id=\"Vacanza_animali_i_5_motivi_per_cui_prenotare_una_struttura_pet-friendly\"><\/span>Vacanza animali: i 5 motivi per cui prenotare una struttura pet-friendly<span class=\"ez-toc-section-end\"><\/span><\/h1><div id=\"ez-toc-container\" class=\"ez-toc-v2_0_82_2 counter-hierarchy ez-toc-counter ez-toc-white ez-toc-container-direction\">\n<div class=\"ez-toc-title-container\">\n<p class=\"ez-toc-title\" style=\"cursor:inherit\"><\/p>\n<span class=\"ez-toc-title-toggle\"><a href=\"#\" class=\"ez-toc-pull-right ez-toc-btn ez-toc-btn-xs ez-toc-btn-default ez-toc-toggle\" aria-label=\"Toggle Table of Content\"><span class=\"ez-toc-js-icon-con\"><span class=\"\"><span class=\"eztoc-hide\" style=\"display:none;\">Toggle<\/span><span class=\"ez-toc-icon-toggle-span\"><svg style=\"fill: #999;color:#999\" xmlns=\"http:\/\/www.w3.org\/2000\/svg\" class=\"list-377408\" width=\"20px\" height=\"20px\" viewBox=\"0 0 24 24\" fill=\"none\"><path d=\"M6 6H4v2h2V6zm14 0H8v2h12V6zM4 11h2v2H4v-2zm16 0H8v2h12v-2zM4 16h2v2H4v-2zm16 0H8v2h12v-2z\" fill=\"currentColor\"><\/path><\/svg><svg style=\"fill: #999;color:#999\" class=\"arrow-unsorted-368013\" xmlns=\"http:\/\/www.w3.org\/2000\/svg\" width=\"10px\" height=\"10px\" viewBox=\"0 0 24 24\" version=\"1.2\" baseProfile=\"tiny\"><path d=\"M18.2 9.3l-6.2-6.3-6.2 6.3c-.2.2-.3.4-.3.7s.1.5.3.7c.2.2.4.3.7.3h11c.3 0 .5-.1.7-.3.2-.2.3-.5.3-.7s-.1-.5-.3-.7zM5.8 14.7l6.2 6.3 6.2-6.3c.2-.2.3-.5.3-.7s-.1-.5-.3-.7c-.2-.2-.4-.3-.7-.3h-11c-.3 0-.5.1-.7.3-.2.2-.3.5-.3.7s.1.5.3.7z\"\/><\/svg><\/span><\/span><\/span><\/a><\/span><\/div>\n<nav><ul class='ez-toc-list ez-toc-list-level-1 eztoc-toggle-hide-by-default' ><li class='ez-toc-page-1 ez-toc-heading-level-1'><a class=\"ez-toc-link ez-toc-heading-1\" href=\"https:\/\/www.ignas.com\/it\/blog\/vacanze-animali\/#Vacanza_animali_i_5_motivi_per_cui_prenotare_una_struttura_pet-friendly\" >Vacanza animali: i 5 motivi per cui prenotare una struttura pet-friendly<\/a><ul class='ez-toc-list-level-2' ><li class='ez-toc-heading-level-2'><a class=\"ez-toc-link ez-toc-heading-2\" href=\"https:\/\/www.ignas.com\/it\/blog\/vacanze-animali\/#Vacanze_con_il_cane_esempi_concreti\" >Vacanze con il cane: esempi concreti<\/a><\/li><li class='ez-toc-page-1 ez-toc-heading-level-2'><a class=\"ez-toc-link ez-toc-heading-3\" href=\"https:\/\/www.ignas.com\/it\/blog\/vacanze-animali\/#Dog_Experience_le_migliori_vacanze_con_cani\" >Dog Experience: le migliori vacanze con cani!<\/a><ul class='ez-toc-list-level-3' ><li class='ez-toc-heading-level-3'><a class=\"ez-toc-link ez-toc-heading-4\" href=\"https:\/\/www.ignas.com\/it\/blog\/vacanze-animali\/#Hotel_New_Bristol_Domus_Mea_Cesenatico\" >Hotel New Bristol &amp; Domus Mea (Cesenatico)<\/a><\/li><li class='ez-toc-page-1 ez-toc-heading-level-3'><a class=\"ez-toc-link ez-toc-heading-5\" href=\"https:\/\/www.ignas.com\/it\/blog\/vacanze-animali\/#Hotel_Sassdei_Suite_Trentino\" >Hotel Sassdei Suite, Trentino<\/a><\/li><li class='ez-toc-page-1 ez-toc-heading-level-3'><a class=\"ez-toc-link ez-toc-heading-6\" href=\"https:\/\/www.ignas.com\/it\/blog\/vacanze-animali\/#Desenzano_Glam_Village_Sul_Lago_di_Garda\" >Desenzano Glam Village (Sul Lago di Garda)<\/a><\/li><li class='ez-toc-page-1 ez-toc-heading-level-3'><a class=\"ez-toc-link ez-toc-heading-7\" href=\"https:\/\/www.ignas.com\/it\/blog\/vacanze-animali\/#Grand_Hotel_Gallia_Milano_Marittima\" >Grand Hotel Gallia (Milano Marittima)<\/a><\/li><\/ul><\/li><\/ul><\/li><\/ul><\/nav><\/div>\n\n<p>1.<strong><em> Non vi tradirebbe mai: <\/em><\/strong>Se fosse lui a partire, state pur certi che non vi lascerebbe a casa.<\/p>\n<p>2.<strong> <em>Ha bisogno della vostra compagnia: <\/em><\/strong>Siamo le loro guide. Andare in vacanza senza di loro significa farli sentire persi e abbandonati, anche se per pochi giorni.<\/p>\n<p>3. <em><strong>Fa compagnia ai vostri bambini<\/strong>: <\/em>Essere accompagnati dal vostro amicone pelosone regala una garanzia in pi\u00f9 ai vostri bambini: non si annoieranno!<\/p>\n<p>4. <strong>Strutture paradiso per Fido:<\/strong><em>\u00a0<\/em>Si tratta delle<strong> Dog Experience<\/strong>, ne parleremo poco pi\u00f9 avanti.<\/p>\n<p>5. <em><strong>Il vostro animale sar\u00e0 felice<\/strong>: <\/em>Quanto \u00e8 bello guardarlo mentre scodinzola o vi fa le fusa e vi dimostra quanto \u00e8 grato nei vostri confronti? Se lo porterete con voi, non ci saranno dubbi, lui lo far\u00e0!<\/p>\n<p><img loading=\"lazy\" decoding=\"async\" class=\"alignnone size-full wp-image-24849\" src=\"https:\/\/www.ignas.com\/it\/blog\/wp-content\/uploads\/2017\/05\/vacanze-animali.jpg\" alt=\"vacanze con animali\" width=\"750\" height=\"415\" srcset=\"https:\/\/www.ignas.com\/it\/blog\/wp-content\/uploads\/2017\/05\/vacanze-animali.jpg 750w, https:\/\/www.ignas.com\/it\/blog\/wp-content\/uploads\/2017\/05\/vacanze-animali-300x166.jpg 300w\" sizes=\"auto, (max-width: 750px) 100vw, 750px\" \/><\/p>\n<h2><span class=\"ez-toc-section\" id=\"Vacanze_con_il_cane_esempi_concreti\"><\/span>Vacanze con il cane: esempi concreti<span class=\"ez-toc-section-end\"><\/span><\/h2>\n<p>Anche per queste motivazioni andare in vacanza con il cane, con il passare degli anni, \u00e8 diventata una richiesta sempre pi\u00f9 presente e ascoltata da parte delle strutture. Infatti se prima le vacanze col cane erano tollerate dagli Hotel, con il passare del tempo si \u00e8 passati ad una vera e propria capacit\u00e0 di accoglienza sia in termini di logistica che in quella di empatia.<\/p>\n<p>Apriamo dunque le porte a queste strutture, facciamo un giro dentro e vediamo come sono riuscite a coniugare le esigenze di chi ama gli animali e di chi invece Fido non ce l&#8217;ha!<\/p>\n<h2><span class=\"ez-toc-section\" id=\"Dog_Experience_le_migliori_vacanze_con_cani\"><\/span>Dog Experience: le migliori vacanze con cani!<span class=\"ez-toc-section-end\"><\/span><\/h2>\n<p>Di cosa si tratta?<\/p>\n<p>Sono una serie di attivit\u00e0 rivolte esclusivamente ai cani ospiti della struttura, <strong>da prenotare prima e pagare direttamente in struttura<\/strong>:<\/p>\n<ul>\n<li>spiagge esclusivamente dedicate a loro<\/li>\n<li>villette con verande provviste di cancelletto<\/li>\n<li>istruttori<\/li>\n<li>veterinari di riferimento<\/li>\n<li>aree con percorsi agility<\/li>\n<li>docce dedicate con prodotti specifici<\/li>\n<\/ul>\n<p>Questi sono solo una parte delle attivit\u00e0 rivolte alle vacanze con cane messe a disposizione.<\/p>\n<p>Ma dove trovare questi servizi?<\/p>\n<p><img loading=\"lazy\" decoding=\"async\" class=\"alignnone size-full wp-image-24850\" src=\"https:\/\/www.ignas.com\/it\/blog\/wp-content\/uploads\/2017\/05\/spiagge-per-cani.jpeg\" alt=\"spiagge per i cani\" width=\"750\" height=\"500\" srcset=\"https:\/\/www.ignas.com\/it\/blog\/wp-content\/uploads\/2017\/05\/spiagge-per-cani.jpeg 750w, https:\/\/www.ignas.com\/it\/blog\/wp-content\/uploads\/2017\/05\/spiagge-per-cani-300x200.jpeg 300w\" sizes=\"auto, (max-width: 750px) 100vw, 750px\" \/><\/p>\n<h3><span class=\"ez-toc-section\" id=\"Hotel_New_Bristol_Domus_Mea_Cesenatico\"><\/span>Hotel New Bristol &amp; Domus Mea (Cesenatico)<span class=\"ez-toc-section-end\"><\/span><\/h3>\n<ul>\n<li>Pensione completa<\/li>\n<li>Noleggio bici<\/li>\n<li>Utilizzo della sala fitness<\/li>\n<li>Servizio spiaggia<\/li>\n<\/ul>\n<p>L&#8217;hotel si trova sulla costa del Mare Adriatico. A pochi passi dal centro storico di Cesenatico,\u00a0 una citt\u00e0 di mare ricca di tradizioni, eventi e servizi. Cammina con il tuo piccolo (o grande) amico sulle strade del porto canale, realizzato sul progetto di Leonardo Da Vinci. Gli animali di piccola e media taglia sono ammessi! Scopri di pi\u00f9 sull&#8217;offerta dell&#8217;<a href=\"https:\/\/www.ignas.com\/it\/offerte-vacanze-emilia-romagna\/cesenatico\/hotel-new-bristol--domus-mea?pkg_code=20240101_newbristoldomusmea\"><strong><span style=\"color: #ff6600;\">Hotel New Bristol &amp; Domus Mea.<\/span><\/strong><\/a><\/p>\n<h3><\/h3>\n<div class=\"containerCRD\">\n<div class=\"cardCRD\">\n<div class=\"card__headerCRD\">\n<p><img loading=\"lazy\" decoding=\"async\" class=\"alignleft wp-image-27257 size-large\" src=\"https:\/\/www.ignas.com\/it\/blog\/wp-content\/uploads\/2022\/03\/Hotel-Sassdei-Suite-1024x640.jpg\" alt=\"\" width=\"660\" height=\"413\" srcset=\"https:\/\/www.ignas.com\/it\/blog\/wp-content\/uploads\/2022\/03\/Hotel-Sassdei-Suite-1024x640.jpg 1024w, https:\/\/www.ignas.com\/it\/blog\/wp-content\/uploads\/2022\/03\/Hotel-Sassdei-Suite-300x187.jpg 300w, https:\/\/www.ignas.com\/it\/blog\/wp-content\/uploads\/2022\/03\/Hotel-Sassdei-Suite-768x480.jpg 768w, https:\/\/www.ignas.com\/it\/blog\/wp-content\/uploads\/2022\/03\/Hotel-Sassdei-Suite-1536x960.jpg 1536w, https:\/\/www.ignas.com\/it\/blog\/wp-content\/uploads\/2022\/03\/Hotel-Sassdei-Suite-320x200.jpg 320w, https:\/\/www.ignas.com\/it\/blog\/wp-content\/uploads\/2022\/03\/Hotel-Sassdei-Suite.jpg 1853w\" sizes=\"auto, (max-width: 660px) 100vw, 660px\" \/><\/p>\n<div class=\"card__bodyCRD\">\n<h3 style=\"font-size: 24px;\"><span class=\"ez-toc-section\" id=\"Hotel_Sassdei_Suite_Trentino\"><\/span><strong>Hotel Sassdei Suite, Trentino<\/strong><span class=\"ez-toc-section-end\"><\/span><\/h3>\n<ul style=\"font-size: 18px;\">\n<li>Mezza pensione con colazione a buffet<\/li>\n<li>Centro benessere con piscina coperta<\/li>\n<li>Utilizzo della sala fitness<\/li>\n<li>Parcheggio privato<\/li>\n<\/ul>\n<\/div>\n<\/div>\n<\/div>\n<\/div>\n<p>Situato\u00a0 a circa 1050 m, \u00e8 circondato dalle Dolomiti di Brenta e si trova a ca. 50 mt dal centro di Andalo e dagli impianti di risalita della Paganella.<br \/>\nAndalo \u00e8 un delizioso borgo di montagna, meta ideale per distendersi e giocare con il proprio amico a 4 zampe, tra escursioni nel verde e splendide piste da sci.<\/p>\n<p>Questo splendido hotel ammette animali domestici di piccola e media taglia, da segnalare al momento della prenotazione. Scopri di pi\u00f9 sull&#8217;offerta dell&#8217;Hotel <a href=\"https:\/\/www.ignas.com\/it\/offerte-vacanze-trentino-altoadige\/andalo\/hotel-sassdei-suite?pkg_code=20240101_sassdeiandaloint\"><strong><span style=\"color: #ff6600;\">Sassdei Suite<\/span><\/strong><\/a>,<\/p>\n<h3><span class=\"ez-toc-section\" id=\"Desenzano_Glam_Village_Sul_Lago_di_Garda\"><\/span>Desenzano Glam Village (Sul Lago di Garda)<span class=\"ez-toc-section-end\"><\/span><\/h3>\n<div class=\"containerCRD\">\n<div class=\"cardCRD\">\n<div class=\"card__headerCRD\">\n<p><img loading=\"lazy\" decoding=\"async\" class=\"wp-image-27258 size-full alignnone\" src=\"https:\/\/www.ignas.com\/it\/blog\/wp-content\/uploads\/2022\/03\/Grand-Hotel-Gallia.jpg\" alt=\"\" width=\"1000\" height=\"625\" srcset=\"https:\/\/www.ignas.com\/it\/blog\/wp-content\/uploads\/2022\/03\/Grand-Hotel-Gallia.jpg 1000w, https:\/\/www.ignas.com\/it\/blog\/wp-content\/uploads\/2022\/03\/Grand-Hotel-Gallia-300x188.jpg 300w, https:\/\/www.ignas.com\/it\/blog\/wp-content\/uploads\/2022\/03\/Grand-Hotel-Gallia-768x480.jpg 768w, https:\/\/www.ignas.com\/it\/blog\/wp-content\/uploads\/2022\/03\/Grand-Hotel-Gallia-320x200.jpg 320w\" sizes=\"auto, (max-width: 1000px) 100vw, 1000px\" \/><\/p>\n<div class=\"card__bodyCRD\">\n<h3 style=\"font-size: 24px;\"><span class=\"ez-toc-section\" id=\"Grand_Hotel_Gallia_Milano_Marittima\"><\/span><strong>Grand Hotel Gallia (Milano Marittima)<\/strong><span class=\"ez-toc-section-end\"><\/span><\/h3>\n<ul style=\"font-size: 18px;\">\n<li>Pensione completa<\/li>\n<li>Servizio spiaggia<\/li>\n<li>Miniclub<\/li>\n<\/ul>\n<\/div>\n<\/div>\n<\/div>\n<\/div>\n<p>Questo hotel in\u00a0 riva al mare, \u00e8 la soluzione ideale per giocare sulla spiaggia col proprio cane e passeggiare insieme nella pineta secolare, dove sorge il Grand Hotel Gallia. All&#8217;interno sono ammessi gli animali di piccola taglia, scopri di pi\u00f9 sull&#8217;offerta per il <a href=\"https:\/\/www.ignas.com\/it\/offerte-vacanze-emilia-romagna\/milano-marittima\/grand-hotel-gallia?pkg_code=20240101_galliamilanomarittimafb\"><strong><span style=\"color: #ff6600;\">Grand Hotel Gallia<\/span><\/strong><\/a>.<\/p>\n<div class=\"containerCRD\">\n<div class=\"cardCRD\">\n<div class=\"card__headerCRD\"><\/div>\n<\/div>\n<\/div>\n<p>&nbsp;<\/p>\n","protected":false},"excerpt":{"rendered":"<p>Vacanze animali! Due parole che aprono mille interrogativi! Nel villaggio \u00e8 ben accetto il piccolo (o grande) amico? Non tutte le strutture sono pet-friendly, e molte famiglie affidano a parenti, amici o dog-sitter il proprio cane o il proprio gatto, noi invece vi diamo 5 motivi per cui prenotare anche per lui e anche le [&hellip;]<\/p>\n","protected":false},"author":2,"featured_media":21881,"comment_status":"open","ping_status":"open","sticky":false,"template":"","format":"standard","meta":{"_acf_changed":false,"inline_featured_image":false,"_lmt_disableupdate":"no","_lmt_disable":"no","_monsterinsights_skip_tracking":false,"_monsterinsights_sitenote_active":false,"_monsterinsights_sitenote_note":"","_monsterinsights_sitenote_category":0,"footnotes":""},"categories":[3],"tags":[],"class_list":["post-22770","post","type-post","status-publish","format-standard","has-post-thumbnail","hentry","category-terre-di-mare"],"acf":[],"yoast_head":"<!-- This site is optimized with the Yoast SEO plugin v27.5 - https:\/\/yoast.com\/product\/yoast-seo-wordpress\/ -->\n<title>Vacanze animali: motivazioni e esempi concreti - Ignas Tour<\/title>\n<meta name=\"description\" content=\"Vacanze animali un binomio non sempre facile da far coesistere. Noi abbiamo individuato i nodi principali e li abbiamo sciolti uno ad uno!\" \/>\n<meta name=\"robots\" content=\"index, follow, max-snippet:-1, max-image-preview:large, max-video-preview:-1\" \/>\n<link rel=\"canonical\" href=\"https:\/\/www.ignas.com\/it\/blog\/vacanze-animali\/\" \/>\n<meta property=\"og:locale\" content=\"it_IT\" \/>\n<meta property=\"og:type\" content=\"article\" \/>\n<meta property=\"og:title\" content=\"Vacanze animali: motivazioni e esempi concreti - Ignas Tour\" \/>\n<meta property=\"og:description\" content=\"Vacanze animali un binomio non sempre facile da far coesistere. Noi abbiamo individuato i nodi principali e li abbiamo sciolti uno ad uno!\" \/>\n<meta property=\"og:url\" content=\"https:\/\/www.ignas.com\/it\/blog\/vacanze-animali\/\" \/>\n<meta property=\"og:site_name\" content=\"Ignas Tour\" \/>\n<meta property=\"article:published_time\" content=\"2022-03-03T23:00:00+00:00\" \/>\n<meta property=\"article:modified_time\" content=\"2024-02-28T13:22:16+00:00\" \/>\n<meta property=\"og:image\" content=\"https:\/\/www.ignas.com\/it\/blog\/wp-content\/uploads\/2017\/05\/vacanze-con-animali.jpeg\" \/>\n\t<meta property=\"og:image:width\" content=\"960\" \/>\n\t<meta property=\"og:image:height\" content=\"640\" \/>\n\t<meta property=\"og:image:type\" content=\"image\/jpeg\" \/>\n<meta name=\"author\" content=\"Fabrizio\" \/>\n<meta name=\"twitter:card\" content=\"summary_large_image\" \/>\n<meta name=\"twitter:label1\" content=\"Scritto da\" \/>\n\t<meta name=\"twitter:data1\" content=\"Fabrizio\" \/>\n\t<meta name=\"twitter:label2\" content=\"Tempo di lettura stimato\" \/>\n\t<meta name=\"twitter:data2\" content=\"5 minuti\" \/>\n<script type=\"application\/ld+json\" class=\"yoast-schema-graph\">{\"@context\":\"https:\\\/\\\/schema.org\",\"@graph\":[{\"@type\":\"Article\",\"@id\":\"https:\\\/\\\/www.ignas.com\\\/it\\\/blog\\\/vacanze-animali\\\/#article\",\"isPartOf\":{\"@id\":\"https:\\\/\\\/www.ignas.com\\\/it\\\/blog\\\/vacanze-animali\\\/\"},\"author\":{\"name\":\"Fabrizio\",\"@id\":\"https:\\\/\\\/www.ignas.com\\\/it\\\/blog\\\/#\\\/schema\\\/person\\\/cb41520c07db292cc5a20ce104e28a1d\"},\"headline\":\"Vacanze animali: motivazioni e esempi concreti\",\"datePublished\":\"2022-03-03T23:00:00+00:00\",\"dateModified\":\"2024-02-28T13:22:16+00:00\",\"mainEntityOfPage\":{\"@id\":\"https:\\\/\\\/www.ignas.com\\\/it\\\/blog\\\/vacanze-animali\\\/\"},\"wordCount\":610,\"commentCount\":2,\"publisher\":{\"@id\":\"https:\\\/\\\/www.ignas.com\\\/it\\\/blog\\\/#organization\"},\"image\":{\"@id\":\"https:\\\/\\\/www.ignas.com\\\/it\\\/blog\\\/vacanze-animali\\\/#primaryimage\"},\"thumbnailUrl\":\"https:\\\/\\\/www.ignas.com\\\/it\\\/blog\\\/wp-content\\\/uploads\\\/2017\\\/05\\\/vacanze-con-animali.jpeg\",\"articleSection\":[\"Terre di mare\"],\"inLanguage\":\"it-IT\",\"potentialAction\":[{\"@type\":\"CommentAction\",\"name\":\"Comment\",\"target\":[\"https:\\\/\\\/www.ignas.com\\\/it\\\/blog\\\/vacanze-animali\\\/#respond\"]}]},{\"@type\":\"WebPage\",\"@id\":\"https:\\\/\\\/www.ignas.com\\\/it\\\/blog\\\/vacanze-animali\\\/\",\"url\":\"https:\\\/\\\/www.ignas.com\\\/it\\\/blog\\\/vacanze-animali\\\/\",\"name\":\"Vacanze animali: motivazioni e esempi concreti - Ignas Tour\",\"isPartOf\":{\"@id\":\"https:\\\/\\\/www.ignas.com\\\/it\\\/blog\\\/#website\"},\"primaryImageOfPage\":{\"@id\":\"https:\\\/\\\/www.ignas.com\\\/it\\\/blog\\\/vacanze-animali\\\/#primaryimage\"},\"image\":{\"@id\":\"https:\\\/\\\/www.ignas.com\\\/it\\\/blog\\\/vacanze-animali\\\/#primaryimage\"},\"thumbnailUrl\":\"https:\\\/\\\/www.ignas.com\\\/it\\\/blog\\\/wp-content\\\/uploads\\\/2017\\\/05\\\/vacanze-con-animali.jpeg\",\"datePublished\":\"2022-03-03T23:00:00+00:00\",\"dateModified\":\"2024-02-28T13:22:16+00:00\",\"description\":\"Vacanze animali un binomio non sempre facile da far coesistere. Noi abbiamo individuato i nodi principali e li abbiamo sciolti uno ad uno!\",\"breadcrumb\":{\"@id\":\"https:\\\/\\\/www.ignas.com\\\/it\\\/blog\\\/vacanze-animali\\\/#breadcrumb\"},\"inLanguage\":\"it-IT\",\"potentialAction\":[{\"@type\":\"ReadAction\",\"target\":[\"https:\\\/\\\/www.ignas.com\\\/it\\\/blog\\\/vacanze-animali\\\/\"]}]},{\"@type\":\"ImageObject\",\"inLanguage\":\"it-IT\",\"@id\":\"https:\\\/\\\/www.ignas.com\\\/it\\\/blog\\\/vacanze-animali\\\/#primaryimage\",\"url\":\"https:\\\/\\\/www.ignas.com\\\/it\\\/blog\\\/wp-content\\\/uploads\\\/2017\\\/05\\\/vacanze-con-animali.jpeg\",\"contentUrl\":\"https:\\\/\\\/www.ignas.com\\\/it\\\/blog\\\/wp-content\\\/uploads\\\/2017\\\/05\\\/vacanze-con-animali.jpeg\",\"width\":960,\"height\":640,\"caption\":\"vacanze-con-animali\"},{\"@type\":\"BreadcrumbList\",\"@id\":\"https:\\\/\\\/www.ignas.com\\\/it\\\/blog\\\/vacanze-animali\\\/#breadcrumb\",\"itemListElement\":[{\"@type\":\"ListItem\",\"position\":1,\"name\":\"Home\",\"item\":\"https:\\\/\\\/www.ignas.com\\\/it\\\/blog\\\/\"},{\"@type\":\"ListItem\",\"position\":2,\"name\":\"Vacanze animali: motivazioni e esempi concreti\"}]},{\"@type\":\"WebSite\",\"@id\":\"https:\\\/\\\/www.ignas.com\\\/it\\\/blog\\\/#website\",\"url\":\"https:\\\/\\\/www.ignas.com\\\/it\\\/blog\\\/\",\"name\":\"Ignas Tour\",\"description\":\"\",\"publisher\":{\"@id\":\"https:\\\/\\\/www.ignas.com\\\/it\\\/blog\\\/#organization\"},\"potentialAction\":[{\"@type\":\"SearchAction\",\"target\":{\"@type\":\"EntryPoint\",\"urlTemplate\":\"https:\\\/\\\/www.ignas.com\\\/it\\\/blog\\\/?s={search_term_string}\"},\"query-input\":{\"@type\":\"PropertyValueSpecification\",\"valueRequired\":true,\"valueName\":\"search_term_string\"}}],\"inLanguage\":\"it-IT\"},{\"@type\":\"Organization\",\"@id\":\"https:\\\/\\\/www.ignas.com\\\/it\\\/blog\\\/#organization\",\"name\":\"Ignas Tour\",\"url\":\"https:\\\/\\\/www.ignas.com\\\/it\\\/blog\\\/\",\"logo\":{\"@type\":\"ImageObject\",\"inLanguage\":\"it-IT\",\"@id\":\"https:\\\/\\\/www.ignas.com\\\/it\\\/blog\\\/#\\\/schema\\\/logo\\\/image\\\/\",\"url\":\"https:\\\/\\\/www.ignas.com\\\/it\\\/blog\\\/wp-content\\\/uploads\\\/2020\\\/01\\\/logo-ignas-com-200.png\",\"contentUrl\":\"https:\\\/\\\/www.ignas.com\\\/it\\\/blog\\\/wp-content\\\/uploads\\\/2020\\\/01\\\/logo-ignas-com-200.png\",\"width\":1147,\"height\":329,\"caption\":\"Ignas Tour\"},\"image\":{\"@id\":\"https:\\\/\\\/www.ignas.com\\\/it\\\/blog\\\/#\\\/schema\\\/logo\\\/image\\\/\"}},{\"@type\":\"Person\",\"@id\":\"https:\\\/\\\/www.ignas.com\\\/it\\\/blog\\\/#\\\/schema\\\/person\\\/cb41520c07db292cc5a20ce104e28a1d\",\"name\":\"Fabrizio\",\"image\":{\"@type\":\"ImageObject\",\"inLanguage\":\"it-IT\",\"@id\":\"https:\\\/\\\/secure.gravatar.com\\\/avatar\\\/e17f60c58ebe3feb555b9028681e30cfd921758bbdd1f8e9816f1d7d08c1bd9f?s=96&d=mm&r=g\",\"url\":\"https:\\\/\\\/secure.gravatar.com\\\/avatar\\\/e17f60c58ebe3feb555b9028681e30cfd921758bbdd1f8e9816f1d7d08c1bd9f?s=96&d=mm&r=g\",\"contentUrl\":\"https:\\\/\\\/secure.gravatar.com\\\/avatar\\\/e17f60c58ebe3feb555b9028681e30cfd921758bbdd1f8e9816f1d7d08c1bd9f?s=96&d=mm&r=g\",\"caption\":\"Fabrizio\"},\"description\":\"Seo Copywriter\"}]}<\/script>\n<!-- \/ Yoast SEO plugin. -->","yoast_head_json":{"title":"Vacanze animali: motivazioni e esempi concreti - Ignas Tour","description":"Vacanze animali un binomio non sempre facile da far coesistere. Noi abbiamo individuato i nodi principali e li abbiamo sciolti uno ad uno!","robots":{"index":"index","follow":"follow","max-snippet":"max-snippet:-1","max-image-preview":"max-image-preview:large","max-video-preview":"max-video-preview:-1"},"canonical":"https:\/\/www.ignas.com\/it\/blog\/vacanze-animali\/","og_locale":"it_IT","og_type":"article","og_title":"Vacanze animali: motivazioni e esempi concreti - Ignas Tour","og_description":"Vacanze animali un binomio non sempre facile da far coesistere. Noi abbiamo individuato i nodi principali e li abbiamo sciolti uno ad uno!","og_url":"https:\/\/www.ignas.com\/it\/blog\/vacanze-animali\/","og_site_name":"Ignas Tour","article_published_time":"2022-03-03T23:00:00+00:00","article_modified_time":"2024-02-28T13:22:16+00:00","og_image":[{"width":960,"height":640,"url":"https:\/\/www.ignas.com\/it\/blog\/wp-content\/uploads\/2017\/05\/vacanze-con-animali.jpeg","type":"image\/jpeg"}],"author":"Fabrizio","twitter_card":"summary_large_image","twitter_misc":{"Scritto da":"Fabrizio","Tempo di lettura stimato":"5 minuti"},"schema":{"@context":"https:\/\/schema.org","@graph":[{"@type":"Article","@id":"https:\/\/www.ignas.com\/it\/blog\/vacanze-animali\/#article","isPartOf":{"@id":"https:\/\/www.ignas.com\/it\/blog\/vacanze-animali\/"},"author":{"name":"Fabrizio","@id":"https:\/\/www.ignas.com\/it\/blog\/#\/schema\/person\/cb41520c07db292cc5a20ce104e28a1d"},"headline":"Vacanze animali: motivazioni e esempi concreti","datePublished":"2022-03-03T23:00:00+00:00","dateModified":"2024-02-28T13:22:16+00:00","mainEntityOfPage":{"@id":"https:\/\/www.ignas.com\/it\/blog\/vacanze-animali\/"},"wordCount":610,"commentCount":2,"publisher":{"@id":"https:\/\/www.ignas.com\/it\/blog\/#organization"},"image":{"@id":"https:\/\/www.ignas.com\/it\/blog\/vacanze-animali\/#primaryimage"},"thumbnailUrl":"https:\/\/www.ignas.com\/it\/blog\/wp-content\/uploads\/2017\/05\/vacanze-con-animali.jpeg","articleSection":["Terre di mare"],"inLanguage":"it-IT","potentialAction":[{"@type":"CommentAction","name":"Comment","target":["https:\/\/www.ignas.com\/it\/blog\/vacanze-animali\/#respond"]}]},{"@type":"WebPage","@id":"https:\/\/www.ignas.com\/it\/blog\/vacanze-animali\/","url":"https:\/\/www.ignas.com\/it\/blog\/vacanze-animali\/","name":"Vacanze animali: motivazioni e esempi concreti - Ignas Tour","isPartOf":{"@id":"https:\/\/www.ignas.com\/it\/blog\/#website"},"primaryImageOfPage":{"@id":"https:\/\/www.ignas.com\/it\/blog\/vacanze-animali\/#primaryimage"},"image":{"@id":"https:\/\/www.ignas.com\/it\/blog\/vacanze-animali\/#primaryimage"},"thumbnailUrl":"https:\/\/www.ignas.com\/it\/blog\/wp-content\/uploads\/2017\/05\/vacanze-con-animali.jpeg","datePublished":"2022-03-03T23:00:00+00:00","dateModified":"2024-02-28T13:22:16+00:00","description":"Vacanze animali un binomio non sempre facile da far coesistere. Noi abbiamo individuato i nodi principali e li abbiamo sciolti uno ad uno!","breadcrumb":{"@id":"https:\/\/www.ignas.com\/it\/blog\/vacanze-animali\/#breadcrumb"},"inLanguage":"it-IT","potentialAction":[{"@type":"ReadAction","target":["https:\/\/www.ignas.com\/it\/blog\/vacanze-animali\/"]}]},{"@type":"ImageObject","inLanguage":"it-IT","@id":"https:\/\/www.ignas.com\/it\/blog\/vacanze-animali\/#primaryimage","url":"https:\/\/www.ignas.com\/it\/blog\/wp-content\/uploads\/2017\/05\/vacanze-con-animali.jpeg","contentUrl":"https:\/\/www.ignas.com\/it\/blog\/wp-content\/uploads\/2017\/05\/vacanze-con-animali.jpeg","width":960,"height":640,"caption":"vacanze-con-animali"},{"@type":"BreadcrumbList","@id":"https:\/\/www.ignas.com\/it\/blog\/vacanze-animali\/#breadcrumb","itemListElement":[{"@type":"ListItem","position":1,"name":"Home","item":"https:\/\/www.ignas.com\/it\/blog\/"},{"@type":"ListItem","position":2,"name":"Vacanze animali: motivazioni e esempi concreti"}]},{"@type":"WebSite","@id":"https:\/\/www.ignas.com\/it\/blog\/#website","url":"https:\/\/www.ignas.com\/it\/blog\/","name":"Ignas Tour","description":"","publisher":{"@id":"https:\/\/www.ignas.com\/it\/blog\/#organization"},"potentialAction":[{"@type":"SearchAction","target":{"@type":"EntryPoint","urlTemplate":"https:\/\/www.ignas.com\/it\/blog\/?s={search_term_string}"},"query-input":{"@type":"PropertyValueSpecification","valueRequired":true,"valueName":"search_term_string"}}],"inLanguage":"it-IT"},{"@type":"Organization","@id":"https:\/\/www.ignas.com\/it\/blog\/#organization","name":"Ignas Tour","url":"https:\/\/www.ignas.com\/it\/blog\/","logo":{"@type":"ImageObject","inLanguage":"it-IT","@id":"https:\/\/www.ignas.com\/it\/blog\/#\/schema\/logo\/image\/","url":"https:\/\/www.ignas.com\/it\/blog\/wp-content\/uploads\/2020\/01\/logo-ignas-com-200.png","contentUrl":"https:\/\/www.ignas.com\/it\/blog\/wp-content\/uploads\/2020\/01\/logo-ignas-com-200.png","width":1147,"height":329,"caption":"Ignas Tour"},"image":{"@id":"https:\/\/www.ignas.com\/it\/blog\/#\/schema\/logo\/image\/"}},{"@type":"Person","@id":"https:\/\/www.ignas.com\/it\/blog\/#\/schema\/person\/cb41520c07db292cc5a20ce104e28a1d","name":"Fabrizio","image":{"@type":"ImageObject","inLanguage":"it-IT","@id":"https:\/\/secure.gravatar.com\/avatar\/e17f60c58ebe3feb555b9028681e30cfd921758bbdd1f8e9816f1d7d08c1bd9f?s=96&d=mm&r=g","url":"https:\/\/secure.gravatar.com\/avatar\/e17f60c58ebe3feb555b9028681e30cfd921758bbdd1f8e9816f1d7d08c1bd9f?s=96&d=mm&r=g","contentUrl":"https:\/\/secure.gravatar.com\/avatar\/e17f60c58ebe3feb555b9028681e30cfd921758bbdd1f8e9816f1d7d08c1bd9f?s=96&d=mm&r=g","caption":"Fabrizio"},"description":"Seo Copywriter"}]}},"modified_by":"Team di Ignas Tour","_links":{"self":[{"href":"https:\/\/www.ignas.com\/it\/blog\/wp-json\/wp\/v2\/posts\/22770","targetHints":{"allow":["GET"]}}],"collection":[{"href":"https:\/\/www.ignas.com\/it\/blog\/wp-json\/wp\/v2\/posts"}],"about":[{"href":"https:\/\/www.ignas.com\/it\/blog\/wp-json\/wp\/v2\/types\/post"}],"author":[{"embeddable":true,"href":"https:\/\/www.ignas.com\/it\/blog\/wp-json\/wp\/v2\/users\/2"}],"replies":[{"embeddable":true,"href":"https:\/\/www.ignas.com\/it\/blog\/wp-json\/wp\/v2\/comments?post=22770"}],"version-history":[{"count":25,"href":"https:\/\/www.ignas.com\/it\/blog\/wp-json\/wp\/v2\/posts\/22770\/revisions"}],"predecessor-version":[{"id":27260,"href":"https:\/\/www.ignas.com\/it\/blog\/wp-json\/wp\/v2\/posts\/22770\/revisions\/27260"}],"wp:featuredmedia":[{"embeddable":true,"href":"https:\/\/www.ignas.com\/it\/blog\/wp-json\/wp\/v2\/media\/21881"}],"wp:attachment":[{"href":"https:\/\/www.ignas.com\/it\/blog\/wp-json\/wp\/v2\/media?parent=22770"}],"wp:term":[{"taxonomy":"category","embeddable":true,"href":"https:\/\/www.ignas.com\/it\/blog\/wp-json\/wp\/v2\/categories?post=22770"},{"taxonomy":"post_tag","embeddable":true,"href":"https:\/\/www.ignas.com\/it\/blog\/wp-json\/wp\/v2\/tags?post=22770"}],"curies":[{"name":"wp","href":"https:\/\/api.w.org\/{rel}","templated":true}]}}