{"id":22758,"date":"2017-08-25T00:00:00","date_gmt":"2017-08-24T22:00:00","guid":{"rendered":"http:\/\/52.212.170.109\/vacanze-al-mare-in-inverno-2"},"modified":"2024-05-06T16:15:29","modified_gmt":"2024-05-06T14:15:29","slug":"mare-in-inverno","status":"publish","type":"post","link":"https:\/\/www.ignas.com\/it\/blog\/mare-in-inverno\/","title":{"rendered":"Il Mare d&#8217;Inverno: dove andare"},"content":{"rendered":"<h2><span class=\"ez-toc-section\" id=\"Dove_andare_al_Mare_dInverno\"><\/span>Dove andare al Mare d&#8217;Inverno<span class=\"ez-toc-section-end\"><\/span><\/h2><div id=\"ez-toc-container\" class=\"ez-toc-v2_0_82_2 counter-hierarchy ez-toc-counter ez-toc-white ez-toc-container-direction\">\n<div class=\"ez-toc-title-container\">\n<p class=\"ez-toc-title\" style=\"cursor:inherit\"><\/p>\n<span class=\"ez-toc-title-toggle\"><a href=\"#\" class=\"ez-toc-pull-right ez-toc-btn ez-toc-btn-xs ez-toc-btn-default ez-toc-toggle\" aria-label=\"Toggle Table of Content\"><span class=\"ez-toc-js-icon-con\"><span class=\"\"><span class=\"eztoc-hide\" style=\"display:none;\">Toggle<\/span><span class=\"ez-toc-icon-toggle-span\"><svg style=\"fill: #999;color:#999\" xmlns=\"http:\/\/www.w3.org\/2000\/svg\" class=\"list-377408\" width=\"20px\" height=\"20px\" viewBox=\"0 0 24 24\" fill=\"none\"><path d=\"M6 6H4v2h2V6zm14 0H8v2h12V6zM4 11h2v2H4v-2zm16 0H8v2h12v-2zM4 16h2v2H4v-2zm16 0H8v2h12v-2z\" fill=\"currentColor\"><\/path><\/svg><svg style=\"fill: #999;color:#999\" class=\"arrow-unsorted-368013\" xmlns=\"http:\/\/www.w3.org\/2000\/svg\" width=\"10px\" height=\"10px\" viewBox=\"0 0 24 24\" version=\"1.2\" baseProfile=\"tiny\"><path d=\"M18.2 9.3l-6.2-6.3-6.2 6.3c-.2.2-.3.4-.3.7s.1.5.3.7c.2.2.4.3.7.3h11c.3 0 .5-.1.7-.3.2-.2.3-.5.3-.7s-.1-.5-.3-.7zM5.8 14.7l6.2 6.3 6.2-6.3c.2-.2.3-.5.3-.7s-.1-.5-.3-.7c-.2-.2-.4-.3-.7-.3h-11c-.3 0-.5.1-.7.3-.2.2-.3.5-.3.7s.1.5.3.7z\"\/><\/svg><\/span><\/span><\/span><\/a><\/span><\/div>\n<nav><ul class='ez-toc-list ez-toc-list-level-1 eztoc-toggle-hide-by-default' ><li class='ez-toc-page-1 ez-toc-heading-level-2'><a class=\"ez-toc-link ez-toc-heading-1\" href=\"https:\/\/www.ignas.com\/it\/blog\/mare-in-inverno\/#Dove_andare_al_Mare_dInverno\" >Dove andare al Mare d&#8217;Inverno<\/a><\/li><li class='ez-toc-page-1 ez-toc-heading-level-2'><a class=\"ez-toc-link ez-toc-heading-2\" href=\"https:\/\/www.ignas.com\/it\/blog\/mare-in-inverno\/#Pescara\" >Pescara<\/a><\/li><li class='ez-toc-page-1 ez-toc-heading-level-2'><a class=\"ez-toc-link ez-toc-heading-3\" href=\"https:\/\/www.ignas.com\/it\/blog\/mare-in-inverno\/#Vasto\" >Vasto<\/a><\/li><li class='ez-toc-page-1 ez-toc-heading-level-2'><a class=\"ez-toc-link ez-toc-heading-4\" href=\"https:\/\/www.ignas.com\/it\/blog\/mare-in-inverno\/#Portorose\" >Portorose<\/a><\/li><li class='ez-toc-page-1 ez-toc-heading-level-2'><a class=\"ez-toc-link ez-toc-heading-5\" href=\"https:\/\/www.ignas.com\/it\/blog\/mare-in-inverno\/#Rossano\" >Rossano<\/a><\/li><li class='ez-toc-page-1 ez-toc-heading-level-2'><a class=\"ez-toc-link ez-toc-heading-6\" href=\"https:\/\/www.ignas.com\/it\/blog\/mare-in-inverno\/#Policoro\" >Policoro<\/a><\/li><li class='ez-toc-page-1 ez-toc-heading-level-2'><a class=\"ez-toc-link ez-toc-heading-7\" href=\"https:\/\/www.ignas.com\/it\/blog\/mare-in-inverno\/#Tricase\" >Tricase<\/a><\/li><\/ul><\/nav><\/div>\n\n<p><cite>\u201cIl mare d&#8217;inverno<br \/>\n\u00c8 solo un film in bianco e nero<br \/>\nVisto alla TV&#8230;\u201d<br \/>\n<strong>1983 &#8211; Loredana Bert\u00e8<\/strong><\/cite><\/p>\n<p>Cos\u00ec cantava Loredana Bert\u00e8 nel lontano 1983, ma quanto si sbagliava! Contrariamente a quanto pensano molte persone, il <strong>mare d\u2019inverno <\/strong>non \u00e8 luogo triste, senza vita, fatto di alberghi chiusi. Gi\u00e0 da qualche anno infatti le localit\u00e0 marine si stanno dando da fare per offrire ai viaggiatori la possibilit\u00e0 di godere del mare in <strong>tutte le stagioni<\/strong>.<\/p>\n<p>Una vacanza al mare a gennaio, febbraio o marzo \u00e8 sinonimo di <strong>pace<\/strong>, <strong>tranquillit\u00e0<\/strong>, ma anche <strong>scoperta<\/strong>, di quelle cittadine e borghi che d\u2019estate sono cos\u00ec affollate e caotiche che non riescono a trasmettere l\u2019<strong>emozione <\/strong>e la <strong>bellezza<\/strong>, che invece traspare nella stagione fredda.<\/p>\n<p>Ma dove andare esattamente? Quale meta scegliere per godere anche d\u2019inverno di una <a href=\"https:\/\/www.ignas.com\/it\/offerte-vacanze-mare\" target=\"_blank\" rel=\"noopener noreferrer\"><strong>vacanza al mare<\/strong><\/a>? Continuate a leggere e vi daremo qualche spunto interessante\u2026 I veri appassionati del mare d\u2019inverno troveranno piacevoli conferme, mentre i pi\u00f9 scettici siamo sicuri sapranno ricredersi.<\/p>\n<h2><span class=\"ez-toc-section\" id=\"Pescara\"><\/span>Pescara<span class=\"ez-toc-section-end\"><\/span><\/h2>\n<p>Pescara \u00e8 conosciuta soprattutto per essere la <strong>citt\u00e0 natale di D\u2019Annunzio<\/strong> di cui potrete visitarne la casa in cui abit\u00f2 nei suoi primi 11 anni di vita. La <a href=\"https:\/\/www.vittoriale.it\/\"><strong>Casa-Museo del Vate<\/strong><\/a> conserva molti documenti, divise ed averi del poeta, ed \u00e8 riconosciuta come monumento nazionale dal 1927.<br \/>\nLa citt\u00e0 si divide tra modernit\u00e0 e storia, divenendo meta ideale sia d\u2019estate che d\u2019inverno. Dopo una giornata alla scoperta del <strong>centro<\/strong>, perch\u00e9 non rilassarsi in uno dei tanti locali e godersi un buon aperitivo con dell\u2019ottimo <strong>Montepulciano d\u2019Abruzzo<\/strong>? Per continuare con un assaggio dei famosi <strong>arrosticini<\/strong>, i tipici spiedini di pecora cotti alla brace, chiudendo la giornata con una rilassante passeggiata nella <strong>Pineta D\u2019Annunziana<\/strong>, sorseggiando l\u2019antico liquore tipico abruzzese <strong>Aurum<\/strong> che qui veniva prodotto.<\/p>\n<h2><span class=\"ez-toc-section\" id=\"Vasto\"><\/span>Vasto<span class=\"ez-toc-section-end\"><\/span><\/h2>\n<p>Il nostro viaggio tra le localit\u00e0 marittime da visitare in inverno continua in <strong>Abruzzo<\/strong>, a <a href=\"https:\/\/www.comune.vasto.ch.it\/\"><strong>Vasto<\/strong><\/a>, una cittadina adagiata su una collina che domina il golfo omonimo. Il <strong>centro storico<\/strong> \u00e8 caratterizzato da stretti vicoli dove perdersi, soffermandosi nei <strong>negozietti<\/strong>, visitando i <strong>palazzi <\/strong>e sostando nei <strong>ristoranti <\/strong>dove assaggiare la cucina tipica abruzzese. Piatto principe di questa terra \u00e8 il <strong>brodetto di pesce alla vastese<\/strong>, cui \u00e8 dedicato anche un festival estivo.<br \/>\nNei dintorni non perdete una visita alla <a href=\"https:\/\/www.puntaderci.it\/\"><strong>riserva naturale di Punta Aderici<\/strong><\/a> e ad uno dei tanti <strong>trabocchi <\/strong>sparsi lungo la costa, antiche piattaforme tra roccia e mare usate per la pesca.<\/p>\n<h2><span class=\"ez-toc-section\" id=\"Portorose\"><\/span>Portorose<span class=\"ez-toc-section-end\"><\/span><\/h2>\n<p>Facciamo un salto all\u2019estero, nella vicina <strong>Slovenia <\/strong>a <a href=\"https:\/\/www.portoroz.si\/it\/\"><strong>Portorose<\/strong><\/a>. Vicinissima all\u2019Italia, a solo mezzora d\u2019auto da Trieste, questa localit\u00e0 di mare \u00e8 soprattutto <strong>meta termale<\/strong> e quindi adatta a qualsiasi stagione. I <strong>Lifeclass Hotel<\/strong> sono la scelta migliore per godere al massimo di <strong>terme<\/strong>, <strong>cure <\/strong>e <strong>wellness<\/strong>. Al loro interno troverete un<strong> centro medico ed estetico<\/strong>, specializzato nel trattamento dei processi d\u2019invecchiamento, un <strong>centro Wai Thai<\/strong>, unico nel suo genere, dove sperimentare il massaggio tradizionale tailandese, un <strong>centro Ayurveda<\/strong>, un <strong>centro Thalasso<\/strong> con i migliori prodotti provenienti dalle <a href=\"https:\/\/www.portoroz.si\/it\/scopri\/pirano\/attrazioni\/4457-object-secovlje-salina-nature-park\"><strong>Saline di Pirano<\/strong><\/a>; e ancora il <strong>Sauna Park<\/strong>, con ben 7 tipi di sauna, rituali di benessere e la grotta gelata, le <strong>piscine con acqua di mare<\/strong> e un <strong>centro fitness<\/strong>.<br \/>\nAlla sera poi potrete divertirvi nel famoso <strong>Casin\u00f2 <\/strong>tra giochi, musica e ottimo vino.<\/p>\n<h2><span class=\"ez-toc-section\" id=\"Rossano\"><\/span>Rossano<span class=\"ez-toc-section-end\"><\/span><\/h2>\n<p>Il viaggio alla scoperta del mare d\u2019inverno continua nel profondo sud d\u2019Italia, che grazie al suo <strong>clima temperato<\/strong> rende una visita piacevole in tutte le stagioni.<br \/>\n<a href=\"http:\/\/www.rossano.eu\/\"><strong>Rossano<\/strong><\/a>, citt\u00e0 del \u201cCodex purpureus rossanensis\u201d antico evangelario bizantino illustrato con splendide miniature policrome, si trova su un colle fortificato sull\u2019<strong>altopiano della Sila Greca<\/strong>. Questo paese fu un importante centro spirituale bizantino e conserva ancora molte tracce di questo passato religioso tra <strong>monasteri <\/strong>e <a href=\"https:\/\/monacincammino.it\/forme-di-vita-monastica\/le-laure\/\"><strong>laure eremitiche<\/strong><\/a> scavate nella roccia.<\/p>\n<h2><span class=\"ez-toc-section\" id=\"Policoro\"><\/span>Policoro<span class=\"ez-toc-section-end\"><\/span><\/h2>\n<p><strong><a href=\"https:\/\/www.policoro.basilicata.it\/\">Policoro<\/a> <\/strong>\u00e8 un comune nella provincia di Matera situato nella<a href=\"https:\/\/www.turismo.it\/italia\/scheda\/piana-di-metaponto\/territorio\/\"><strong> pianura di Metaponto<\/strong><\/a>. Le sue origini sono cos\u00ec antiche che risalgono ai tempi della Magna Grecia. Oggi si possono ancora visitare le rovine dell<a href=\"https:\/\/www.sitiarcheologiciditalia.it\/parco-archeologico-di-heraclea\/\">\u2019<strong>antica citt\u00e0 di Heraclea<\/strong><\/a> che sorgeva a poca distanza dall\u2019attuale Policoro.<br \/>\nUna vacanza qui \u00e8 come un tuffo nel passato, nella quiete della costa ionica e del <a href=\"https:\/\/www.policoro.basilicata.it\/riformafondiaria\/il-bosco-pantano\/\"><strong>Bosco di Policoro<\/strong><\/a>, un\u2019area naturale protetta con vari sentieri per lunghe passeggiate rigeneranti.<\/p>\n<h2><span class=\"ez-toc-section\" id=\"Tricase\"><\/span>Tricase<span class=\"ez-toc-section-end\"><\/span><\/h2>\n<p>Concludiamo la nostra lista per vacanze al mare in inverno con la cittadina di <a href=\"https:\/\/www.puglia.com\/tricase\/\"><strong>Tricase <\/strong><\/a>nel <strong>Salento<\/strong>. \u00c8 il pi\u00f9 grande centro del <a href=\"https:\/\/www.leucaweb.it\/it\/leuca-guida-turistica\/il-territorio-del-capo-di-leuca\/\"><strong>Capo di Leuca<\/strong><\/a> e custode di innumerevoli bellezze sia naturali che architettoniche. Sulla strada che conduce a Tricase Porto potrete ammirare un vero e proprio \u201cpezzo di storia\u201d: una delle pi\u00f9 <strong>antiche Quercie Vallonee<\/strong>. Chiss\u00e0 quante cose potrebbe raccontarci dall\u2019alto dei suoi 700 anni di vita!<br \/>\nTricase \u00e8 sinonimo soprattutto di <strong>natura <\/strong>che qui la fa da padrona, il comune infatti \u00e8 inserito nel <a href=\"https:\/\/www.parcootrantoleuca.it\/\"><strong>Parco Naturale Regionale Costa Otranto \u2013 Santa Maria di Leuca e Bosco di Tricase<\/strong><\/a>, un\u2019area naturale protetta di oltre 3000 ettari ricchissima di flora e fauna. Da non perdere una visita alle <a href=\"https:\/\/www.nelsalento.com\/blog\/guida-completa-alle-grotte-salentine\/\"><strong>grotte carsiche<\/strong><\/a> lungo il tratto di costa del parco.<\/p>\n","protected":false},"excerpt":{"rendered":"<p>Dove andare al Mare d&#8217;Inverno \u201cIl mare d&#8217;inverno \u00c8 solo un film in bianco e nero Visto alla TV&#8230;\u201d 1983 &#8211; Loredana Bert\u00e8 Cos\u00ec cantava Loredana Bert\u00e8 nel lontano 1983, ma quanto si sbagliava! Contrariamente a quanto pensano molte persone, il mare d\u2019inverno non \u00e8 luogo triste, senza vita, fatto di alberghi chiusi. Gi\u00e0 da [&hellip;]<\/p>\n","protected":false},"author":3,"featured_media":21846,"comment_status":"open","ping_status":"open","sticky":false,"template":"","format":"standard","meta":{"_acf_changed":false,"inline_featured_image":false,"_lmt_disableupdate":"no","_lmt_disable":"no","_monsterinsights_skip_tracking":false,"_monsterinsights_sitenote_active":false,"_monsterinsights_sitenote_note":"","_monsterinsights_sitenote_category":0,"footnotes":""},"categories":[3],"tags":[],"class_list":["post-22758","post","type-post","status-publish","format-standard","has-post-thumbnail","hentry","category-terre-di-mare"],"acf":[],"yoast_head":"<!-- This site is optimized with the Yoast SEO plugin v27.5 - https:\/\/yoast.com\/product\/yoast-seo-wordpress\/ -->\n<title>Il Mare d&#039;Inverno: dove andare - Ignas Tour<\/title>\n<meta name=\"description\" content=\"Una vacanza al mare a gennaio, febbraio o marzo \u00e8 sinonimo di pace, tranquillit\u00e0, ma anche scoperta di quelle cittadine e borghi che d\u2019estate ...\" \/>\n<meta name=\"robots\" content=\"index, follow, max-snippet:-1, max-image-preview:large, max-video-preview:-1\" \/>\n<link rel=\"canonical\" href=\"https:\/\/www.ignas.com\/it\/blog\/mare-in-inverno\/\" \/>\n<meta property=\"og:locale\" content=\"it_IT\" \/>\n<meta property=\"og:type\" content=\"article\" \/>\n<meta property=\"og:title\" content=\"Il Mare d&#039;Inverno: dove andare - Ignas Tour\" \/>\n<meta property=\"og:description\" content=\"Una vacanza al mare a gennaio, febbraio o marzo \u00e8 sinonimo di pace, tranquillit\u00e0, ma anche scoperta di quelle cittadine e borghi che d\u2019estate ...\" \/>\n<meta property=\"og:url\" content=\"https:\/\/www.ignas.com\/it\/blog\/mare-in-inverno\/\" \/>\n<meta property=\"og:site_name\" content=\"Ignas Tour\" \/>\n<meta property=\"article:published_time\" content=\"2017-08-24T22:00:00+00:00\" \/>\n<meta property=\"article:modified_time\" content=\"2024-05-06T14:15:29+00:00\" \/>\n<meta property=\"og:image\" content=\"https:\/\/www.ignas.com\/it\/blog\/wp-content\/uploads\/2017\/08\/mare-inverno.jpeg\" \/>\n\t<meta property=\"og:image:width\" content=\"960\" \/>\n\t<meta property=\"og:image:height\" content=\"600\" \/>\n\t<meta property=\"og:image:type\" content=\"image\/jpeg\" \/>\n<meta name=\"author\" content=\"Denise Basano\" \/>\n<meta name=\"twitter:card\" content=\"summary_large_image\" \/>\n<meta name=\"twitter:label1\" content=\"Scritto da\" \/>\n\t<meta name=\"twitter:data1\" content=\"Denise Basano\" \/>\n\t<meta name=\"twitter:label2\" content=\"Tempo di lettura stimato\" \/>\n\t<meta name=\"twitter:data2\" content=\"5 minuti\" \/>\n<script type=\"application\/ld+json\" class=\"yoast-schema-graph\">{\"@context\":\"https:\\\/\\\/schema.org\",\"@graph\":[{\"@type\":\"Article\",\"@id\":\"https:\\\/\\\/www.ignas.com\\\/it\\\/blog\\\/mare-in-inverno\\\/#article\",\"isPartOf\":{\"@id\":\"https:\\\/\\\/www.ignas.com\\\/it\\\/blog\\\/mare-in-inverno\\\/\"},\"author\":{\"name\":\"Denise Basano\",\"@id\":\"https:\\\/\\\/www.ignas.com\\\/it\\\/blog\\\/#\\\/schema\\\/person\\\/5631a37ffdfcd651f50931ad19459b25\"},\"headline\":\"Il Mare d&#8217;Inverno: dove andare\",\"datePublished\":\"2017-08-24T22:00:00+00:00\",\"dateModified\":\"2024-05-06T14:15:29+00:00\",\"mainEntityOfPage\":{\"@id\":\"https:\\\/\\\/www.ignas.com\\\/it\\\/blog\\\/mare-in-inverno\\\/\"},\"wordCount\":814,\"commentCount\":0,\"publisher\":{\"@id\":\"https:\\\/\\\/www.ignas.com\\\/it\\\/blog\\\/#organization\"},\"image\":{\"@id\":\"https:\\\/\\\/www.ignas.com\\\/it\\\/blog\\\/mare-in-inverno\\\/#primaryimage\"},\"thumbnailUrl\":\"https:\\\/\\\/www.ignas.com\\\/it\\\/blog\\\/wp-content\\\/uploads\\\/2017\\\/08\\\/mare-inverno.jpeg\",\"articleSection\":[\"Terre di mare\"],\"inLanguage\":\"it-IT\",\"potentialAction\":[{\"@type\":\"CommentAction\",\"name\":\"Comment\",\"target\":[\"https:\\\/\\\/www.ignas.com\\\/it\\\/blog\\\/mare-in-inverno\\\/#respond\"]}]},{\"@type\":\"WebPage\",\"@id\":\"https:\\\/\\\/www.ignas.com\\\/it\\\/blog\\\/mare-in-inverno\\\/\",\"url\":\"https:\\\/\\\/www.ignas.com\\\/it\\\/blog\\\/mare-in-inverno\\\/\",\"name\":\"Il Mare d'Inverno: dove andare - Ignas Tour\",\"isPartOf\":{\"@id\":\"https:\\\/\\\/www.ignas.com\\\/it\\\/blog\\\/#website\"},\"primaryImageOfPage\":{\"@id\":\"https:\\\/\\\/www.ignas.com\\\/it\\\/blog\\\/mare-in-inverno\\\/#primaryimage\"},\"image\":{\"@id\":\"https:\\\/\\\/www.ignas.com\\\/it\\\/blog\\\/mare-in-inverno\\\/#primaryimage\"},\"thumbnailUrl\":\"https:\\\/\\\/www.ignas.com\\\/it\\\/blog\\\/wp-content\\\/uploads\\\/2017\\\/08\\\/mare-inverno.jpeg\",\"datePublished\":\"2017-08-24T22:00:00+00:00\",\"dateModified\":\"2024-05-06T14:15:29+00:00\",\"description\":\"Una vacanza al mare a gennaio, febbraio o marzo \u00e8 sinonimo di pace, tranquillit\u00e0, ma anche scoperta di quelle cittadine e borghi che d\u2019estate ...\",\"breadcrumb\":{\"@id\":\"https:\\\/\\\/www.ignas.com\\\/it\\\/blog\\\/mare-in-inverno\\\/#breadcrumb\"},\"inLanguage\":\"it-IT\",\"potentialAction\":[{\"@type\":\"ReadAction\",\"target\":[\"https:\\\/\\\/www.ignas.com\\\/it\\\/blog\\\/mare-in-inverno\\\/\"]}]},{\"@type\":\"ImageObject\",\"inLanguage\":\"it-IT\",\"@id\":\"https:\\\/\\\/www.ignas.com\\\/it\\\/blog\\\/mare-in-inverno\\\/#primaryimage\",\"url\":\"https:\\\/\\\/www.ignas.com\\\/it\\\/blog\\\/wp-content\\\/uploads\\\/2017\\\/08\\\/mare-inverno.jpeg\",\"contentUrl\":\"https:\\\/\\\/www.ignas.com\\\/it\\\/blog\\\/wp-content\\\/uploads\\\/2017\\\/08\\\/mare-inverno.jpeg\",\"width\":960,\"height\":600,\"caption\":\"mare inverno\"},{\"@type\":\"BreadcrumbList\",\"@id\":\"https:\\\/\\\/www.ignas.com\\\/it\\\/blog\\\/mare-in-inverno\\\/#breadcrumb\",\"itemListElement\":[{\"@type\":\"ListItem\",\"position\":1,\"name\":\"Home\",\"item\":\"https:\\\/\\\/www.ignas.com\\\/it\\\/blog\\\/\"},{\"@type\":\"ListItem\",\"position\":2,\"name\":\"Il Mare d&#8217;Inverno: dove andare\"}]},{\"@type\":\"WebSite\",\"@id\":\"https:\\\/\\\/www.ignas.com\\\/it\\\/blog\\\/#website\",\"url\":\"https:\\\/\\\/www.ignas.com\\\/it\\\/blog\\\/\",\"name\":\"Ignas Tour\",\"description\":\"\",\"publisher\":{\"@id\":\"https:\\\/\\\/www.ignas.com\\\/it\\\/blog\\\/#organization\"},\"potentialAction\":[{\"@type\":\"SearchAction\",\"target\":{\"@type\":\"EntryPoint\",\"urlTemplate\":\"https:\\\/\\\/www.ignas.com\\\/it\\\/blog\\\/?s={search_term_string}\"},\"query-input\":{\"@type\":\"PropertyValueSpecification\",\"valueRequired\":true,\"valueName\":\"search_term_string\"}}],\"inLanguage\":\"it-IT\"},{\"@type\":\"Organization\",\"@id\":\"https:\\\/\\\/www.ignas.com\\\/it\\\/blog\\\/#organization\",\"name\":\"Ignas Tour\",\"url\":\"https:\\\/\\\/www.ignas.com\\\/it\\\/blog\\\/\",\"logo\":{\"@type\":\"ImageObject\",\"inLanguage\":\"it-IT\",\"@id\":\"https:\\\/\\\/www.ignas.com\\\/it\\\/blog\\\/#\\\/schema\\\/logo\\\/image\\\/\",\"url\":\"https:\\\/\\\/www.ignas.com\\\/it\\\/blog\\\/wp-content\\\/uploads\\\/2020\\\/01\\\/logo-ignas-com-200.png\",\"contentUrl\":\"https:\\\/\\\/www.ignas.com\\\/it\\\/blog\\\/wp-content\\\/uploads\\\/2020\\\/01\\\/logo-ignas-com-200.png\",\"width\":1147,\"height\":329,\"caption\":\"Ignas Tour\"},\"image\":{\"@id\":\"https:\\\/\\\/www.ignas.com\\\/it\\\/blog\\\/#\\\/schema\\\/logo\\\/image\\\/\"}},{\"@type\":\"Person\",\"@id\":\"https:\\\/\\\/www.ignas.com\\\/it\\\/blog\\\/#\\\/schema\\\/person\\\/5631a37ffdfcd651f50931ad19459b25\",\"name\":\"Denise Basano\",\"image\":{\"@type\":\"ImageObject\",\"inLanguage\":\"it-IT\",\"@id\":\"https:\\\/\\\/secure.gravatar.com\\\/avatar\\\/1b67bf83da25015d03ee29992767c06d53ef83b0e87847b1d483ccdd7cf95696?s=96&d=mm&r=g\",\"url\":\"https:\\\/\\\/secure.gravatar.com\\\/avatar\\\/1b67bf83da25015d03ee29992767c06d53ef83b0e87847b1d483ccdd7cf95696?s=96&d=mm&r=g\",\"contentUrl\":\"https:\\\/\\\/secure.gravatar.com\\\/avatar\\\/1b67bf83da25015d03ee29992767c06d53ef83b0e87847b1d483ccdd7cf95696?s=96&d=mm&r=g\",\"caption\":\"Denise Basano\"}}]}<\/script>\n<!-- \/ Yoast SEO plugin. -->","yoast_head_json":{"title":"Il Mare d'Inverno: dove andare - Ignas Tour","description":"Una vacanza al mare a gennaio, febbraio o marzo \u00e8 sinonimo di pace, tranquillit\u00e0, ma anche scoperta di quelle cittadine e borghi che d\u2019estate ...","robots":{"index":"index","follow":"follow","max-snippet":"max-snippet:-1","max-image-preview":"max-image-preview:large","max-video-preview":"max-video-preview:-1"},"canonical":"https:\/\/www.ignas.com\/it\/blog\/mare-in-inverno\/","og_locale":"it_IT","og_type":"article","og_title":"Il Mare d'Inverno: dove andare - Ignas Tour","og_description":"Una vacanza al mare a gennaio, febbraio o marzo \u00e8 sinonimo di pace, tranquillit\u00e0, ma anche scoperta di quelle cittadine e borghi che d\u2019estate ...","og_url":"https:\/\/www.ignas.com\/it\/blog\/mare-in-inverno\/","og_site_name":"Ignas Tour","article_published_time":"2017-08-24T22:00:00+00:00","article_modified_time":"2024-05-06T14:15:29+00:00","og_image":[{"width":960,"height":600,"url":"https:\/\/www.ignas.com\/it\/blog\/wp-content\/uploads\/2017\/08\/mare-inverno.jpeg","type":"image\/jpeg"}],"author":"Denise Basano","twitter_card":"summary_large_image","twitter_misc":{"Scritto da":"Denise Basano","Tempo di lettura stimato":"5 minuti"},"schema":{"@context":"https:\/\/schema.org","@graph":[{"@type":"Article","@id":"https:\/\/www.ignas.com\/it\/blog\/mare-in-inverno\/#article","isPartOf":{"@id":"https:\/\/www.ignas.com\/it\/blog\/mare-in-inverno\/"},"author":{"name":"Denise Basano","@id":"https:\/\/www.ignas.com\/it\/blog\/#\/schema\/person\/5631a37ffdfcd651f50931ad19459b25"},"headline":"Il Mare d&#8217;Inverno: dove andare","datePublished":"2017-08-24T22:00:00+00:00","dateModified":"2024-05-06T14:15:29+00:00","mainEntityOfPage":{"@id":"https:\/\/www.ignas.com\/it\/blog\/mare-in-inverno\/"},"wordCount":814,"commentCount":0,"publisher":{"@id":"https:\/\/www.ignas.com\/it\/blog\/#organization"},"image":{"@id":"https:\/\/www.ignas.com\/it\/blog\/mare-in-inverno\/#primaryimage"},"thumbnailUrl":"https:\/\/www.ignas.com\/it\/blog\/wp-content\/uploads\/2017\/08\/mare-inverno.jpeg","articleSection":["Terre di mare"],"inLanguage":"it-IT","potentialAction":[{"@type":"CommentAction","name":"Comment","target":["https:\/\/www.ignas.com\/it\/blog\/mare-in-inverno\/#respond"]}]},{"@type":"WebPage","@id":"https:\/\/www.ignas.com\/it\/blog\/mare-in-inverno\/","url":"https:\/\/www.ignas.com\/it\/blog\/mare-in-inverno\/","name":"Il Mare d'Inverno: dove andare - Ignas Tour","isPartOf":{"@id":"https:\/\/www.ignas.com\/it\/blog\/#website"},"primaryImageOfPage":{"@id":"https:\/\/www.ignas.com\/it\/blog\/mare-in-inverno\/#primaryimage"},"image":{"@id":"https:\/\/www.ignas.com\/it\/blog\/mare-in-inverno\/#primaryimage"},"thumbnailUrl":"https:\/\/www.ignas.com\/it\/blog\/wp-content\/uploads\/2017\/08\/mare-inverno.jpeg","datePublished":"2017-08-24T22:00:00+00:00","dateModified":"2024-05-06T14:15:29+00:00","description":"Una vacanza al mare a gennaio, febbraio o marzo \u00e8 sinonimo di pace, tranquillit\u00e0, ma anche scoperta di quelle cittadine e borghi che d\u2019estate ...","breadcrumb":{"@id":"https:\/\/www.ignas.com\/it\/blog\/mare-in-inverno\/#breadcrumb"},"inLanguage":"it-IT","potentialAction":[{"@type":"ReadAction","target":["https:\/\/www.ignas.com\/it\/blog\/mare-in-inverno\/"]}]},{"@type":"ImageObject","inLanguage":"it-IT","@id":"https:\/\/www.ignas.com\/it\/blog\/mare-in-inverno\/#primaryimage","url":"https:\/\/www.ignas.com\/it\/blog\/wp-content\/uploads\/2017\/08\/mare-inverno.jpeg","contentUrl":"https:\/\/www.ignas.com\/it\/blog\/wp-content\/uploads\/2017\/08\/mare-inverno.jpeg","width":960,"height":600,"caption":"mare inverno"},{"@type":"BreadcrumbList","@id":"https:\/\/www.ignas.com\/it\/blog\/mare-in-inverno\/#breadcrumb","itemListElement":[{"@type":"ListItem","position":1,"name":"Home","item":"https:\/\/www.ignas.com\/it\/blog\/"},{"@type":"ListItem","position":2,"name":"Il Mare d&#8217;Inverno: dove andare"}]},{"@type":"WebSite","@id":"https:\/\/www.ignas.com\/it\/blog\/#website","url":"https:\/\/www.ignas.com\/it\/blog\/","name":"Ignas Tour","description":"","publisher":{"@id":"https:\/\/www.ignas.com\/it\/blog\/#organization"},"potentialAction":[{"@type":"SearchAction","target":{"@type":"EntryPoint","urlTemplate":"https:\/\/www.ignas.com\/it\/blog\/?s={search_term_string}"},"query-input":{"@type":"PropertyValueSpecification","valueRequired":true,"valueName":"search_term_string"}}],"inLanguage":"it-IT"},{"@type":"Organization","@id":"https:\/\/www.ignas.com\/it\/blog\/#organization","name":"Ignas Tour","url":"https:\/\/www.ignas.com\/it\/blog\/","logo":{"@type":"ImageObject","inLanguage":"it-IT","@id":"https:\/\/www.ignas.com\/it\/blog\/#\/schema\/logo\/image\/","url":"https:\/\/www.ignas.com\/it\/blog\/wp-content\/uploads\/2020\/01\/logo-ignas-com-200.png","contentUrl":"https:\/\/www.ignas.com\/it\/blog\/wp-content\/uploads\/2020\/01\/logo-ignas-com-200.png","width":1147,"height":329,"caption":"Ignas Tour"},"image":{"@id":"https:\/\/www.ignas.com\/it\/blog\/#\/schema\/logo\/image\/"}},{"@type":"Person","@id":"https:\/\/www.ignas.com\/it\/blog\/#\/schema\/person\/5631a37ffdfcd651f50931ad19459b25","name":"Denise Basano","image":{"@type":"ImageObject","inLanguage":"it-IT","@id":"https:\/\/secure.gravatar.com\/avatar\/1b67bf83da25015d03ee29992767c06d53ef83b0e87847b1d483ccdd7cf95696?s=96&d=mm&r=g","url":"https:\/\/secure.gravatar.com\/avatar\/1b67bf83da25015d03ee29992767c06d53ef83b0e87847b1d483ccdd7cf95696?s=96&d=mm&r=g","contentUrl":"https:\/\/secure.gravatar.com\/avatar\/1b67bf83da25015d03ee29992767c06d53ef83b0e87847b1d483ccdd7cf95696?s=96&d=mm&r=g","caption":"Denise Basano"}}]}},"modified_by":"Team di Ignas Tour","_links":{"self":[{"href":"https:\/\/www.ignas.com\/it\/blog\/wp-json\/wp\/v2\/posts\/22758","targetHints":{"allow":["GET"]}}],"collection":[{"href":"https:\/\/www.ignas.com\/it\/blog\/wp-json\/wp\/v2\/posts"}],"about":[{"href":"https:\/\/www.ignas.com\/it\/blog\/wp-json\/wp\/v2\/types\/post"}],"author":[{"embeddable":true,"href":"https:\/\/www.ignas.com\/it\/blog\/wp-json\/wp\/v2\/users\/3"}],"replies":[{"embeddable":true,"href":"https:\/\/www.ignas.com\/it\/blog\/wp-json\/wp\/v2\/comments?post=22758"}],"version-history":[{"count":6,"href":"https:\/\/www.ignas.com\/it\/blog\/wp-json\/wp\/v2\/posts\/22758\/revisions"}],"predecessor-version":[{"id":27425,"href":"https:\/\/www.ignas.com\/it\/blog\/wp-json\/wp\/v2\/posts\/22758\/revisions\/27425"}],"wp:featuredmedia":[{"embeddable":true,"href":"https:\/\/www.ignas.com\/it\/blog\/wp-json\/wp\/v2\/media\/21846"}],"wp:attachment":[{"href":"https:\/\/www.ignas.com\/it\/blog\/wp-json\/wp\/v2\/media?parent=22758"}],"wp:term":[{"taxonomy":"category","embeddable":true,"href":"https:\/\/www.ignas.com\/it\/blog\/wp-json\/wp\/v2\/categories?post=22758"},{"taxonomy":"post_tag","embeddable":true,"href":"https:\/\/www.ignas.com\/it\/blog\/wp-json\/wp\/v2\/tags?post=22758"}],"curies":[{"name":"wp","href":"https:\/\/api.w.org\/{rel}","templated":true}]}}