{"id":22737,"date":"2017-10-09T00:00:00","date_gmt":"2017-10-08T22:00:00","guid":{"rendered":"http:\/\/52.212.170.109\/assisi-cosa-vedere-in-2-giorni-2"},"modified":"2024-07-15T12:34:13","modified_gmt":"2024-07-15T10:34:13","slug":"assisi-cosa-vedere-in-2-giorni","status":"publish","type":"post","link":"https:\/\/www.ignas.com\/it\/blog\/assisi-cosa-vedere-in-2-giorni\/","title":{"rendered":"Cosa vedere ad Assisi in 2 giorni"},"content":{"rendered":"<p><strong>Assisi<\/strong>, famosa per essere luogo di nascita di <strong>San Francesco<\/strong>, \u00e8 una delle citt\u00e0 pi\u00f9 belle dell\u2019<strong>Umbria<\/strong>. Nota meta di <strong>pellegrinaggi<\/strong>, la citt\u00e0 sa trasmettere pace e tranquillit\u00e0, diventando cos\u00ec destinazione ideale per una fuga dallo stress della vita quotidiana.<\/p>\n<p>Naturalmente grazie alla sua ubicazione pu\u00f2 diventare una meta perfetta per organizzare una vacanza all&#8217;insegna dello <span style=\"color: #ff6600;\"><strong><a style=\"color: #ff6600;\" href=\"https:\/\/www.movimentominimalista.com\/slow-travel-e-slow-tourism-cosa-sono\">slow travel\u00a0<\/a><\/strong><\/span><\/p>\n<p>Il ricco patrimonio artistico, architettonico e storico rende Assisi un vero tesoro, un concentrato di bellezza e maestosit\u00e0.<br \/>\nPotete visitare la cittadina anche in 1 giorno date le sue ridotte dimensioni, ma meglio prendersi un <strong>weekend<\/strong>, per girare con calma, prendendosi il giusto tempo.<\/p>\n<p>Ecco quindi la nostra <strong>piccola guida per visitare Assisi in 2 giorni<\/strong>.<\/p>\n<h2><span class=\"ez-toc-section\" id=\"Giorno_1_%E2%80%93_Cosa_vedere_ad_Assisi_il_primo_giorno\"><\/span>Giorno 1 &#8211; Cosa vedere ad Assisi il primo giorno<span class=\"ez-toc-section-end\"><\/span><\/h2><div id=\"ez-toc-container\" class=\"ez-toc-v2_0_82_2 counter-hierarchy ez-toc-counter ez-toc-white ez-toc-container-direction\">\n<div class=\"ez-toc-title-container\">\n<p class=\"ez-toc-title\" style=\"cursor:inherit\"><\/p>\n<span class=\"ez-toc-title-toggle\"><a href=\"#\" class=\"ez-toc-pull-right ez-toc-btn ez-toc-btn-xs ez-toc-btn-default ez-toc-toggle\" aria-label=\"Toggle Table of Content\"><span class=\"ez-toc-js-icon-con\"><span class=\"\"><span class=\"eztoc-hide\" style=\"display:none;\">Toggle<\/span><span class=\"ez-toc-icon-toggle-span\"><svg style=\"fill: #999;color:#999\" xmlns=\"http:\/\/www.w3.org\/2000\/svg\" class=\"list-377408\" width=\"20px\" height=\"20px\" viewBox=\"0 0 24 24\" fill=\"none\"><path d=\"M6 6H4v2h2V6zm14 0H8v2h12V6zM4 11h2v2H4v-2zm16 0H8v2h12v-2zM4 16h2v2H4v-2zm16 0H8v2h12v-2z\" fill=\"currentColor\"><\/path><\/svg><svg style=\"fill: #999;color:#999\" class=\"arrow-unsorted-368013\" xmlns=\"http:\/\/www.w3.org\/2000\/svg\" width=\"10px\" height=\"10px\" viewBox=\"0 0 24 24\" version=\"1.2\" baseProfile=\"tiny\"><path d=\"M18.2 9.3l-6.2-6.3-6.2 6.3c-.2.2-.3.4-.3.7s.1.5.3.7c.2.2.4.3.7.3h11c.3 0 .5-.1.7-.3.2-.2.3-.5.3-.7s-.1-.5-.3-.7zM5.8 14.7l6.2 6.3 6.2-6.3c.2-.2.3-.5.3-.7s-.1-.5-.3-.7c-.2-.2-.4-.3-.7-.3h-11c-.3 0-.5.1-.7.3-.2.2-.3.5-.3.7s.1.5.3.7z\"\/><\/svg><\/span><\/span><\/span><\/a><\/span><\/div>\n<nav><ul class='ez-toc-list ez-toc-list-level-1 eztoc-toggle-hide-by-default' ><li class='ez-toc-page-1 ez-toc-heading-level-2'><a class=\"ez-toc-link ez-toc-heading-1\" href=\"https:\/\/www.ignas.com\/it\/blog\/assisi-cosa-vedere-in-2-giorni\/#Giorno_1_%E2%80%93_Cosa_vedere_ad_Assisi_il_primo_giorno\" >Giorno 1 &#8211; Cosa vedere ad Assisi il primo giorno<\/a><ul class='ez-toc-list-level-3' ><li class='ez-toc-heading-level-3'><a class=\"ez-toc-link ez-toc-heading-2\" href=\"https:\/\/www.ignas.com\/it\/blog\/assisi-cosa-vedere-in-2-giorni\/#Basilica_di_San_Francesco_dAssisi\" >Basilica di San Francesco d\u2019Assisi<\/a><\/li><li class='ez-toc-page-1 ez-toc-heading-level-3'><a class=\"ez-toc-link ez-toc-heading-3\" href=\"https:\/\/www.ignas.com\/it\/blog\/assisi-cosa-vedere-in-2-giorni\/#Rocca_Maggiore\" >Rocca Maggiore<\/a><\/li><li class='ez-toc-page-1 ez-toc-heading-level-3'><a class=\"ez-toc-link ez-toc-heading-4\" href=\"https:\/\/www.ignas.com\/it\/blog\/assisi-cosa-vedere-in-2-giorni\/#Palazzo_del_Capitano_del_Popolo_e_Palazzo_dei_Priori\" >Palazzo del Capitano del Popolo e Palazzo dei Priori<\/a><\/li><li class='ez-toc-page-1 ez-toc-heading-level-3'><a class=\"ez-toc-link ez-toc-heading-5\" href=\"https:\/\/www.ignas.com\/it\/blog\/assisi-cosa-vedere-in-2-giorni\/#Tempio_di_Minerva\" >Tempio di Minerva<\/a><\/li><li class='ez-toc-page-1 ez-toc-heading-level-3'><a class=\"ez-toc-link ez-toc-heading-6\" href=\"https:\/\/www.ignas.com\/it\/blog\/assisi-cosa-vedere-in-2-giorni\/#Cattedrale_di_San_Rufino\" >Cattedrale di San Rufino<\/a><\/li><li class='ez-toc-page-1 ez-toc-heading-level-3'><a class=\"ez-toc-link ez-toc-heading-7\" href=\"https:\/\/www.ignas.com\/it\/blog\/assisi-cosa-vedere-in-2-giorni\/#Basilica_di_Santa_Chiara\" >Basilica di Santa Chiara<\/a><\/li><\/ul><\/li><li class='ez-toc-page-1 ez-toc-heading-level-2'><a class=\"ez-toc-link ez-toc-heading-8\" href=\"https:\/\/www.ignas.com\/it\/blog\/assisi-cosa-vedere-in-2-giorni\/#Giorno_2_%E2%80%93_Assisi_e_Santa_Maria_degli_Angeli\" >Giorno 2 \u2013 Assisi e Santa Maria degli Angeli<\/a><ul class='ez-toc-list-level-3' ><li class='ez-toc-heading-level-3'><a class=\"ez-toc-link ez-toc-heading-9\" href=\"https:\/\/www.ignas.com\/it\/blog\/assisi-cosa-vedere-in-2-giorni\/#Pinacoteca_Palazzo_Vallemani\" >Pinacoteca Palazzo Vallemani<\/a><\/li><li class='ez-toc-page-1 ez-toc-heading-level-3'><a class=\"ez-toc-link ez-toc-heading-10\" href=\"https:\/\/www.ignas.com\/it\/blog\/assisi-cosa-vedere-in-2-giorni\/#Eremo_delle_Carceri\" >Eremo delle Carceri<\/a><\/li><li class='ez-toc-page-1 ez-toc-heading-level-3'><a class=\"ez-toc-link ez-toc-heading-11\" href=\"https:\/\/www.ignas.com\/it\/blog\/assisi-cosa-vedere-in-2-giorni\/#Basilica_di_Santa_Maria_degli_Angeli\" >Basilica di Santa Maria degli Angeli<\/a><\/li><\/ul><\/li><\/ul><\/nav><\/div>\n\n<ul>\n<li><span style=\"color: #ff6600;\"><strong><a style=\"color: #ff6600;\" href=\"https:\/\/www.sanfrancescoassisi.org\/html\/ita\/index.php\">Basilica di San Francesco d\u2019Assisi<\/a><\/strong><\/span><\/li>\n<li><span style=\"color: #ff6600;\"><strong><a style=\"color: #ff6600;\" href=\"https:\/\/www.assisiseraficabellezza.it\/?utm_source=gads&amp;kw=rocca%20maggiore%20assisi&amp;gad_source=1&amp;gclid=Cj0KCQjw_-GxBhC1ARIsADGgDjsX0HsBuwGaGi6Lc14A4-OxYGhjhdsJJqMtbKRUmMoiV8WigMIb_xoaAntBEALw_wcB\">Rocca Maggiore<\/a><\/strong><\/span><\/li>\n<li><span style=\"color: #ff6600;\"><strong><a style=\"color: #ff6600;\" href=\"https:\/\/www.umbriatourism.it\/it\/-\/palazzo-del-capitano-del-popolo-assisi\">Palazzo del Capitano del Popolo<\/a><\/strong><\/span><\/li>\n<li><span style=\"color: #ff6600;\"><strong><a style=\"color: #ff6600;\" href=\"https:\/\/www.turismoroma.it\/it\/luoghi\/basilica-di-santa-maria-sopra-minerva\">Santa Maria sopra Minerva<\/a><\/strong><\/span><\/li>\n<li><span style=\"color: #ff6600;\"><strong><a style=\"color: #ff6600;\" href=\"https:\/\/gallerianazionaledellumbria.it\/palazzo\/\">Palazzo dei Priori<\/a><\/strong><\/span><\/li>\n<li><span style=\"color: #ff6600;\"><strong><a style=\"color: #ff6600;\" href=\"https:\/\/www.umbriatourism.it\/it\/-\/cattedrale-di-san-rufino\">Cattedrale di San Rufino<\/a><\/strong><\/span><\/li>\n<li><span style=\"color: #ff6600;\"><strong><a style=\"color: #ff6600;\" href=\"https:\/\/www.umbriatourism.it\/it\/-\/basilica-santa-chiara-di-assisi\">Basilica di Santa Chiara<\/a><\/strong><\/span><\/li>\n<\/ul>\n<p>&nbsp;<\/p>\n<h3><span class=\"ez-toc-section\" id=\"Basilica_di_San_Francesco_dAssisi\"><\/span>Basilica di San Francesco d\u2019Assisi<span class=\"ez-toc-section-end\"><\/span><\/h3>\n<p>Il nostro itinerario comincia ovviamente dalla famosissima\u00a0 <strong>Basilica di San Francesco<\/strong>, oggi <strong>Patrimonio dell\u2019Umanit\u00e0 UNESCO<\/strong>, che conserva le <strong>spoglie del Santo<\/strong>. Costruita immediatamente dopo la morte di San Francesco, \u00e8 adagiata su di una collina ed \u00e8 formata da <strong>due chiese sovrapposte<\/strong> di epoche diverse. La prima in stile romanico umbro, mentre la seconda in stile gotico di derivazione francese.<\/p>\n<p>La <strong>chiesa inferiore<\/strong> ha delle magnifiche decorazioni realizzate da artisti di fama mondiale come <strong>Giotto<\/strong>, <strong>Cimabue <\/strong>e <strong>Simone Martini<\/strong>. \u00c8 qui che sono ospitate le r<strong>eliquie di San Francesco<\/strong> insieme ad alcuni oggetti da lui appartenuti.<\/p>\n<p>Alla <strong>chiesa superiore<\/strong> appartiene <strong>la pi\u00f9 completa raccolta di vetrate medievali d\u2019Italia<\/strong>, realizzate da artisti tedeschi, francesi ed umbri. Contiene inoltre spettacolari <strong>affreschi decorativi<\/strong> realizzati da <strong>Cimabue <\/strong>e <strong>Giotto <\/strong>alla cui vista rimarrete incantati.<\/p>\n<p><img loading=\"lazy\" decoding=\"async\" class=\"alignnone size-full wp-image-21776\" src=\"https:\/\/www.ignas.com\/it\/blog\/wp-content\/uploads\/2017\/10\/roccamaggiore.jpeg\" alt=\"roccamaggiore\" width=\"1000\" height=\"600\" srcset=\"https:\/\/www.ignas.com\/it\/blog\/wp-content\/uploads\/2017\/10\/roccamaggiore.jpeg 1000w, https:\/\/www.ignas.com\/it\/blog\/wp-content\/uploads\/2017\/10\/roccamaggiore-300x180.jpeg 300w, https:\/\/www.ignas.com\/it\/blog\/wp-content\/uploads\/2017\/10\/roccamaggiore-768x461.jpeg 768w, https:\/\/www.ignas.com\/it\/blog\/wp-content\/uploads\/2017\/10\/roccamaggiore-696x418.jpeg 696w, https:\/\/www.ignas.com\/it\/blog\/wp-content\/uploads\/2017\/10\/roccamaggiore-700x420.jpeg 700w\" sizes=\"auto, (max-width: 1000px) 100vw, 1000px\" \/><\/p>\n<h3><span class=\"ez-toc-section\" id=\"Rocca_Maggiore\"><\/span>Rocca Maggiore<span class=\"ez-toc-section-end\"><\/span><\/h3>\n<p>La <span style=\"color: #ff6600;\"><strong><a style=\"color: #ff6600;\" href=\"https:\/\/www.umbriatourism.it\/it\/-\/rocca-maggiore-di-assisi\">Rocca Maggiore <\/a><\/strong><\/span>domina, dall\u2019alto della collina su cui \u00e8 posta, Assisi e la valle del Tescio. Si pu\u00f2 raggiungere comodamente<strong> a piedi <\/strong>da Porta Perlici con una passeggiata tra le <strong>mura secolari<\/strong>. Fu costruita nel 1173 ed ospit\u00f2 grandi personaggi come l\u2019imperatore Federico I Barbarossa e il piccolo imperatore Federico II di Svevia, futuro re di Scilia.<\/p>\n<p>Nel 1198 fu parzialmente distrutta da una rivolta cittadina e poi ricostruita nel 1356 con lo stesso aspetto. Successivamente vennero aggiunti il <strong>torrione <\/strong>e le <strong>mura<\/strong> realizzate in <strong>pietra rosa<\/strong> del vicino <strong>Monte Subasio<\/strong>. Dalla Rocca potrete scattare spettacolari fotografie del panorama circostante e della citt\u00e0 di Assisi vista dall\u2019alto.<\/p>\n<p><img loading=\"lazy\" decoding=\"async\" class=\"alignnone size-full wp-image-21775\" src=\"https:\/\/www.ignas.com\/it\/blog\/wp-content\/uploads\/2017\/10\/piazza-assisi.jpeg\" alt=\"piazza-assisi\" width=\"1000\" height=\"600\" srcset=\"https:\/\/www.ignas.com\/it\/blog\/wp-content\/uploads\/2017\/10\/piazza-assisi.jpeg 1000w, https:\/\/www.ignas.com\/it\/blog\/wp-content\/uploads\/2017\/10\/piazza-assisi-300x180.jpeg 300w, https:\/\/www.ignas.com\/it\/blog\/wp-content\/uploads\/2017\/10\/piazza-assisi-768x461.jpeg 768w, https:\/\/www.ignas.com\/it\/blog\/wp-content\/uploads\/2017\/10\/piazza-assisi-696x418.jpeg 696w, https:\/\/www.ignas.com\/it\/blog\/wp-content\/uploads\/2017\/10\/piazza-assisi-700x420.jpeg 700w\" sizes=\"auto, (max-width: 1000px) 100vw, 1000px\" \/><\/p>\n<p>&nbsp;<\/p>\n<h3><span class=\"ez-toc-section\" id=\"Palazzo_del_Capitano_del_Popolo_e_Palazzo_dei_Priori\"><\/span>Palazzo del Capitano del Popolo e Palazzo dei Priori<span class=\"ez-toc-section-end\"><\/span><\/h3>\n<p>Ci spostiamo nel centro storico, nella <strong>Piazza del Comune<\/strong> di Assisi su cui si affacciano due antichi e bellissimi palazzi: il <span style=\"color: #ff6600;\"><a style=\"color: #ff6600;\" href=\"https:\/\/www.visit-assisi.it\/monumenti-e-luoghi-dinteresse-2\/siti-medievali\/palazzo-del-capitano-del-popolo-e-torre-civica\/\"><strong>Palazzo del Capitano del Popolo<\/strong><\/a><\/span> e <strong>Palazzo dei Priori<\/strong>.<\/p>\n<p>Palazzo del Capitano del Popolo fu sede della <strong>magistratura <\/strong>del Capitano Guido de\u2019 Rossi da Firenze, il quale fece costruire anche la <strong>Torre <\/strong>adiacente.<\/p>\n<p>Palazzo dei Priori \u00e8 il secondo edificio che venne eretto poco pi\u00f9 tardi a completamento dei <strong>palazzi comunali<\/strong>. \u00c8 decorato con bellissimi <strong>affreschi <\/strong>che mostrano ville e castelli di Assisi, stemmi delle principali famiglie locali, personaggi illustri e figure allegoriche.<\/p>\n<h3><span class=\"ez-toc-section\" id=\"Tempio_di_Minerva\"><\/span>Tempio di Minerva<span class=\"ez-toc-section-end\"><\/span><\/h3>\n<p>Nella <strong>Piazza del Comune<\/strong> troviamo anche il maestoso <span style=\"color: #ff6600;\"><a style=\"color: #ff6600;\" href=\"https:\/\/www.visit-assisi.it\/siti-romani-2\/tempio-di-minerva\/\"><strong>Tempio di Minerva<\/strong><\/a><\/span>, oggi <strong>Chiesa di Santa Maria sopra Minerva<\/strong>. Il tempio risale all\u2019<strong>epoca romana<\/strong>, quando Assisi viene promossa a Municipium Romanum nell\u201988 a.C. Fu l\u2019imperatore Augusto a trasformare la citt\u00e0 e a promuovere la costruzione di un \u201cForum\u201d, vari templi, il muro di cinta, le terme ed il teatro. Fra questi anche il Tempio di Minerva che con la sua imponenza sovrasta la piazza.<\/p>\n<p>Piazza del Comune \u00e8 cos\u00ec ricca che merita una sosta in uno dei <strong>caff\u00e8<\/strong>, per riposarsi ed ammirare lo spettacolo di architetture cos\u00ec diverse fra loro, ma che riescono ad integrarsi magnificamente.<\/p>\n<p><img loading=\"lazy\" decoding=\"async\" class=\"alignnone size-full wp-image-21772\" src=\"https:\/\/www.ignas.com\/it\/blog\/wp-content\/uploads\/2017\/10\/san-rufino.jpeg\" alt=\"san-rufino\" width=\"1000\" height=\"600\" srcset=\"https:\/\/www.ignas.com\/it\/blog\/wp-content\/uploads\/2017\/10\/san-rufino.jpeg 1000w, https:\/\/www.ignas.com\/it\/blog\/wp-content\/uploads\/2017\/10\/san-rufino-300x180.jpeg 300w, https:\/\/www.ignas.com\/it\/blog\/wp-content\/uploads\/2017\/10\/san-rufino-768x461.jpeg 768w, https:\/\/www.ignas.com\/it\/blog\/wp-content\/uploads\/2017\/10\/san-rufino-696x418.jpeg 696w, https:\/\/www.ignas.com\/it\/blog\/wp-content\/uploads\/2017\/10\/san-rufino-700x420.jpeg 700w\" sizes=\"auto, (max-width: 1000px) 100vw, 1000px\" \/><\/p>\n<h3><span class=\"ez-toc-section\" id=\"Cattedrale_di_San_Rufino\"><\/span>Cattedrale di San Rufino<span class=\"ez-toc-section-end\"><\/span><\/h3>\n<p>Saliamo ora alla <span style=\"color: #ff6600;\"><a style=\"color: #ff6600;\" href=\"https:\/\/www.visit-assisi.it\/monumenti-e-luoghi-dinteresse-2\/siti-religiosi\/cattedrale-di-san-rufino\/\"><strong>Cattedrale di San Rufino<\/strong><\/a><\/span>, dedicata al vescovo e martire, nonch\u00e9 <strong>la chiesa pi\u00f9 antica di Assisi<\/strong>. \u00c8 proprio qui che San Francesco e Santa Chiara vennero battezzati, ed \u00e8 sempre qui che San Francesco fece la sua prima predicazione. Luogo molto importante quindi sia per i pellegrini che per gli appassionati di storia.<\/p>\n<h3><span class=\"ez-toc-section\" id=\"Basilica_di_Santa_Chiara\"><\/span>Basilica di Santa Chiara<span class=\"ez-toc-section-end\"><\/span><\/h3>\n<p>Concludiamo la giornata in bellezza con una visita alla <span style=\"color: #ff6600;\"><a style=\"color: #ff6600;\" href=\"https:\/\/www.assisisantachiara.it\/\"><strong>Basilica di Santa Chiara<\/strong><\/a><\/span> che custodisce <strong>i resti della Santa<\/strong>. Costruita con la pietra rosa del Monte Subasio conserva il famoso <strong>crocifisso <\/strong>che si dice parl\u00f2 a San Francesco.<\/p>\n<h2><span class=\"ez-toc-section\" id=\"Giorno_2_%E2%80%93_Assisi_e_Santa_Maria_degli_Angeli\"><\/span>Giorno 2 \u2013 Assisi e Santa Maria degli Angeli<span class=\"ez-toc-section-end\"><\/span><\/h2>\n<ul>\n<li><strong><span style=\"color: #ff6600;\"><a style=\"color: #ff6600;\" href=\"https:\/\/www.visit-assisi.it\/monumenti-e-luoghi-dinteresse-2\/musei\/pinacoteca-comunale\/\">Pinacoteca Palazzo Vallemani<\/a><\/span><\/strong><\/li>\n<li><strong><span style=\"color: #ff6600;\"><a style=\"color: #ff6600;\" href=\"https:\/\/www.santuarioeremodellecarceri.org\/\">Eremo delle Carceri<\/a><\/span><\/strong><\/li>\n<li><strong><span style=\"color: #ff6600;\"><a style=\"color: #ff6600;\" href=\"https:\/\/www.visit-assisi.it\/monumenti-e-luoghi-dinteresse-2\/siti-religiosi\/basilica-papale-di-santa-maria-degli-angeli-in-porziuncola\/\">Basilica di Santa Maria degli Angeli<\/a><\/span><\/strong><\/li>\n<\/ul>\n<p><img loading=\"lazy\" decoding=\"async\" class=\"alignnone size-full wp-image-21771\" src=\"https:\/\/www.ignas.com\/it\/blog\/wp-content\/uploads\/2017\/10\/affreschi-assisi.jpeg\" alt=\"affreschi-assisi\" width=\"1000\" height=\"600\" srcset=\"https:\/\/www.ignas.com\/it\/blog\/wp-content\/uploads\/2017\/10\/affreschi-assisi.jpeg 1000w, https:\/\/www.ignas.com\/it\/blog\/wp-content\/uploads\/2017\/10\/affreschi-assisi-300x180.jpeg 300w, https:\/\/www.ignas.com\/it\/blog\/wp-content\/uploads\/2017\/10\/affreschi-assisi-768x461.jpeg 768w, https:\/\/www.ignas.com\/it\/blog\/wp-content\/uploads\/2017\/10\/affreschi-assisi-696x418.jpeg 696w, https:\/\/www.ignas.com\/it\/blog\/wp-content\/uploads\/2017\/10\/affreschi-assisi-700x420.jpeg 700w\" sizes=\"auto, (max-width: 1000px) 100vw, 1000px\" \/><\/p>\n<h3><span class=\"ez-toc-section\" id=\"Pinacoteca_Palazzo_Vallemani\"><\/span>Pinacoteca Palazzo Vallemani<span class=\"ez-toc-section-end\"><\/span><\/h3>\n<p>Il secondo giorno prendetevela un po\u2019 pi\u00f9 comoda e dopo una bella colazione fate un giro per il <strong>centro <\/strong>a caccia di <strong>souvenir <\/strong>e <strong>prodotti tipici umbri<\/strong>. Per chi \u00e8 interessato il bel <strong>Palazzo Vallemani<\/strong> ospita la <strong>Pinacoteca Comunale d\u2019Assisi<\/strong>, con diversi <strong>affreschi d\u2019epoca medievale e rinascimentale<\/strong> e <strong>dipinti su tavola e su tela<\/strong>. Da non perdere il pezzo forte della raccolta: la <strong>Maest\u00e0 di Giotto<\/strong>.<\/p>\n<h3><span class=\"ez-toc-section\" id=\"Eremo_delle_Carceri\"><\/span>Eremo delle Carceri<span class=\"ez-toc-section-end\"><\/span><\/h3>\n<p>A 4 chilometri dal centro risalendo il <strong>Monte Subasio<\/strong> si trova l<a href=\"https:\/\/www.santuarioeremodellecarceri.org\/\">\u2019<span style=\"color: #ff6600;\"><strong>Eremo delle Carceri<\/strong><\/span><\/a>, luogo in cui San Francesco e i suoi discepoli si ritiravano per pregare. Il posto \u00e8 molto suggestivo, \u00e8 infatti immerso in un <strong>bosco di lecci secolari<\/strong>, tra <strong>grotte naturali <\/strong>che venivano utilizzate per la meditazione.<\/p>\n<p><img loading=\"lazy\" decoding=\"async\" class=\"alignnone size-full wp-image-21769\" src=\"https:\/\/www.ignas.com\/it\/blog\/wp-content\/uploads\/2017\/10\/basilica-santa-maria.jpeg\" alt=\"basilica-santa-maria\" width=\"1000\" height=\"600\" srcset=\"https:\/\/www.ignas.com\/it\/blog\/wp-content\/uploads\/2017\/10\/basilica-santa-maria.jpeg 1000w, https:\/\/www.ignas.com\/it\/blog\/wp-content\/uploads\/2017\/10\/basilica-santa-maria-300x180.jpeg 300w, https:\/\/www.ignas.com\/it\/blog\/wp-content\/uploads\/2017\/10\/basilica-santa-maria-768x461.jpeg 768w, https:\/\/www.ignas.com\/it\/blog\/wp-content\/uploads\/2017\/10\/basilica-santa-maria-696x418.jpeg 696w, https:\/\/www.ignas.com\/it\/blog\/wp-content\/uploads\/2017\/10\/basilica-santa-maria-700x420.jpeg 700w\" sizes=\"auto, (max-width: 1000px) 100vw, 1000px\" \/><\/p>\n<h3><span class=\"ez-toc-section\" id=\"Basilica_di_Santa_Maria_degli_Angeli\"><\/span>Basilica di Santa Maria degli Angeli<span class=\"ez-toc-section-end\"><\/span><\/h3>\n<p>Situata nella frazione omonima a 5 minuti dal centro, la <span style=\"color: #ff6600;\"><a style=\"color: #ff6600;\" href=\"https:\/\/www.visit-assisi.it\/monumenti-e-luoghi-dinteresse-2\/siti-religiosi\/basilica-papale-di-santa-maria-degli-angeli-in-porziuncola\/\"><strong>Basilica di Santa Maria degli Angeli<\/strong><\/a> <\/span>venne eretta a protezione della<strong> Cappella della Porziuncola.<\/strong> Si \u00e8 venuta a creare cos\u00ec una strana costruzione, <strong>una chiesa dentro la chiesa<\/strong>. \u00c8 uno dei luoghi francescani pi\u00f9 importanti, qui infatti San Francesco ebbe la vocazione, accolse Santa Chiara e i primi frati e ricevette il Perdono di Assisi, diventando cos\u00ec uno dei suoi luoghi prediletti.<\/p>\n<p>Piccola <strong>curiosit\u00e0<\/strong>: i frati francescani fondarono la citt\u00e0 americana di <strong>Los Angeles<\/strong>, dandogli il nome di \u201cCitt\u00e0 della Chiesa della Nostra Signora degli Angeli della Porziuncola di Assisi\u201d, che conserva tutt\u2019oggi in lingua spagnola (\u201cEl Pueblo de la Iglesia de Nuestra Se\u00f1ora de la Reina de Los Angeles sobre la Porciuncula de As\u00eds\u201d).<\/p>\n","protected":false},"excerpt":{"rendered":"<p>Assisi, famosa per essere luogo di nascita di San Francesco, \u00e8 una delle citt\u00e0 pi\u00f9 belle dell\u2019Umbria. Nota meta di pellegrinaggi, la citt\u00e0 sa trasmettere pace e tranquillit\u00e0, diventando cos\u00ec destinazione ideale per una fuga dallo stress della vita quotidiana. Naturalmente grazie alla sua ubicazione pu\u00f2 diventare una meta perfetta per organizzare una vacanza all&#8217;insegna [&hellip;]<\/p>\n","protected":false},"author":3,"featured_media":21779,"comment_status":"open","ping_status":"open","sticky":false,"template":"","format":"standard","meta":{"_acf_changed":false,"inline_featured_image":false,"_lmt_disableupdate":"no","_lmt_disable":"no","_monsterinsights_skip_tracking":false,"_monsterinsights_sitenote_active":false,"_monsterinsights_sitenote_note":"","_monsterinsights_sitenote_category":0,"footnotes":""},"categories":[10],"tags":[],"class_list":["post-22737","post","type-post","status-publish","format-standard","has-post-thumbnail","hentry","category-dietro-le-mura"],"acf":[],"yoast_head":"<!-- This site is optimized with the Yoast SEO plugin v27.5 - https:\/\/yoast.com\/product\/yoast-seo-wordpress\/ -->\n<title>Cosa vedere ad Assisi in 2 giorni - Ignas Tour<\/title>\n<meta name=\"description\" content=\"Assisi con la sua pace e tranquillit\u00e0 \u00e8 una nota meta di pellegrinaggi ed ideale per una fuga dallo stress. Scopri cosa fare ad Assisi.\" \/>\n<meta name=\"robots\" content=\"index, follow, max-snippet:-1, max-image-preview:large, max-video-preview:-1\" \/>\n<link rel=\"canonical\" href=\"https:\/\/www.ignas.com\/it\/blog\/assisi-cosa-vedere-in-2-giorni\/\" \/>\n<meta property=\"og:locale\" content=\"it_IT\" \/>\n<meta property=\"og:type\" content=\"article\" \/>\n<meta property=\"og:title\" content=\"Cosa vedere ad Assisi in 2 giorni - Ignas Tour\" \/>\n<meta property=\"og:description\" content=\"Assisi con la sua pace e tranquillit\u00e0 \u00e8 una nota meta di pellegrinaggi ed ideale per una fuga dallo stress. Scopri cosa fare ad Assisi.\" \/>\n<meta property=\"og:url\" content=\"https:\/\/www.ignas.com\/it\/blog\/assisi-cosa-vedere-in-2-giorni\/\" \/>\n<meta property=\"og:site_name\" content=\"Ignas Tour\" \/>\n<meta property=\"article:published_time\" content=\"2017-10-08T22:00:00+00:00\" \/>\n<meta property=\"article:modified_time\" content=\"2024-07-15T10:34:13+00:00\" \/>\n<meta property=\"og:image\" content=\"https:\/\/www.ignas.com\/it\/blog\/wp-content\/uploads\/2017\/10\/Assisi-Umbria.jpg\" \/>\n\t<meta property=\"og:image:width\" content=\"960\" \/>\n\t<meta property=\"og:image:height\" content=\"600\" \/>\n\t<meta property=\"og:image:type\" content=\"image\/jpeg\" \/>\n<meta name=\"author\" content=\"Denise Basano\" \/>\n<meta name=\"twitter:card\" content=\"summary_large_image\" \/>\n<meta name=\"twitter:label1\" content=\"Scritto da\" \/>\n\t<meta name=\"twitter:data1\" content=\"Denise Basano\" \/>\n\t<meta name=\"twitter:label2\" content=\"Tempo di lettura stimato\" \/>\n\t<meta name=\"twitter:data2\" content=\"7 minuti\" \/>\n<script type=\"application\/ld+json\" class=\"yoast-schema-graph\">{\"@context\":\"https:\\\/\\\/schema.org\",\"@graph\":[{\"@type\":\"Article\",\"@id\":\"https:\\\/\\\/www.ignas.com\\\/it\\\/blog\\\/assisi-cosa-vedere-in-2-giorni\\\/#article\",\"isPartOf\":{\"@id\":\"https:\\\/\\\/www.ignas.com\\\/it\\\/blog\\\/assisi-cosa-vedere-in-2-giorni\\\/\"},\"author\":{\"name\":\"Denise Basano\",\"@id\":\"https:\\\/\\\/www.ignas.com\\\/it\\\/blog\\\/#\\\/schema\\\/person\\\/5631a37ffdfcd651f50931ad19459b25\"},\"headline\":\"Cosa vedere ad Assisi in 2 giorni\",\"datePublished\":\"2017-10-08T22:00:00+00:00\",\"dateModified\":\"2024-07-15T10:34:13+00:00\",\"mainEntityOfPage\":{\"@id\":\"https:\\\/\\\/www.ignas.com\\\/it\\\/blog\\\/assisi-cosa-vedere-in-2-giorni\\\/\"},\"wordCount\":983,\"commentCount\":0,\"publisher\":{\"@id\":\"https:\\\/\\\/www.ignas.com\\\/it\\\/blog\\\/#organization\"},\"image\":{\"@id\":\"https:\\\/\\\/www.ignas.com\\\/it\\\/blog\\\/assisi-cosa-vedere-in-2-giorni\\\/#primaryimage\"},\"thumbnailUrl\":\"https:\\\/\\\/www.ignas.com\\\/it\\\/blog\\\/wp-content\\\/uploads\\\/2017\\\/10\\\/Assisi-Umbria.jpg\",\"articleSection\":[\"Dietro le Mura\"],\"inLanguage\":\"it-IT\",\"potentialAction\":[{\"@type\":\"CommentAction\",\"name\":\"Comment\",\"target\":[\"https:\\\/\\\/www.ignas.com\\\/it\\\/blog\\\/assisi-cosa-vedere-in-2-giorni\\\/#respond\"]}]},{\"@type\":\"WebPage\",\"@id\":\"https:\\\/\\\/www.ignas.com\\\/it\\\/blog\\\/assisi-cosa-vedere-in-2-giorni\\\/\",\"url\":\"https:\\\/\\\/www.ignas.com\\\/it\\\/blog\\\/assisi-cosa-vedere-in-2-giorni\\\/\",\"name\":\"Cosa vedere ad Assisi in 2 giorni - Ignas Tour\",\"isPartOf\":{\"@id\":\"https:\\\/\\\/www.ignas.com\\\/it\\\/blog\\\/#website\"},\"primaryImageOfPage\":{\"@id\":\"https:\\\/\\\/www.ignas.com\\\/it\\\/blog\\\/assisi-cosa-vedere-in-2-giorni\\\/#primaryimage\"},\"image\":{\"@id\":\"https:\\\/\\\/www.ignas.com\\\/it\\\/blog\\\/assisi-cosa-vedere-in-2-giorni\\\/#primaryimage\"},\"thumbnailUrl\":\"https:\\\/\\\/www.ignas.com\\\/it\\\/blog\\\/wp-content\\\/uploads\\\/2017\\\/10\\\/Assisi-Umbria.jpg\",\"datePublished\":\"2017-10-08T22:00:00+00:00\",\"dateModified\":\"2024-07-15T10:34:13+00:00\",\"description\":\"Assisi con la sua pace e tranquillit\u00e0 \u00e8 una nota meta di pellegrinaggi ed ideale per una fuga dallo stress. Scopri cosa fare ad Assisi.\",\"breadcrumb\":{\"@id\":\"https:\\\/\\\/www.ignas.com\\\/it\\\/blog\\\/assisi-cosa-vedere-in-2-giorni\\\/#breadcrumb\"},\"inLanguage\":\"it-IT\",\"potentialAction\":[{\"@type\":\"ReadAction\",\"target\":[\"https:\\\/\\\/www.ignas.com\\\/it\\\/blog\\\/assisi-cosa-vedere-in-2-giorni\\\/\"]}]},{\"@type\":\"ImageObject\",\"inLanguage\":\"it-IT\",\"@id\":\"https:\\\/\\\/www.ignas.com\\\/it\\\/blog\\\/assisi-cosa-vedere-in-2-giorni\\\/#primaryimage\",\"url\":\"https:\\\/\\\/www.ignas.com\\\/it\\\/blog\\\/wp-content\\\/uploads\\\/2017\\\/10\\\/Assisi-Umbria.jpg\",\"contentUrl\":\"https:\\\/\\\/www.ignas.com\\\/it\\\/blog\\\/wp-content\\\/uploads\\\/2017\\\/10\\\/Assisi-Umbria.jpg\",\"width\":960,\"height\":600,\"caption\":\"Assisi - Umbria\"},{\"@type\":\"BreadcrumbList\",\"@id\":\"https:\\\/\\\/www.ignas.com\\\/it\\\/blog\\\/assisi-cosa-vedere-in-2-giorni\\\/#breadcrumb\",\"itemListElement\":[{\"@type\":\"ListItem\",\"position\":1,\"name\":\"Home\",\"item\":\"https:\\\/\\\/www.ignas.com\\\/it\\\/blog\\\/\"},{\"@type\":\"ListItem\",\"position\":2,\"name\":\"Cosa vedere ad Assisi in 2 giorni\"}]},{\"@type\":\"WebSite\",\"@id\":\"https:\\\/\\\/www.ignas.com\\\/it\\\/blog\\\/#website\",\"url\":\"https:\\\/\\\/www.ignas.com\\\/it\\\/blog\\\/\",\"name\":\"Ignas Tour\",\"description\":\"\",\"publisher\":{\"@id\":\"https:\\\/\\\/www.ignas.com\\\/it\\\/blog\\\/#organization\"},\"potentialAction\":[{\"@type\":\"SearchAction\",\"target\":{\"@type\":\"EntryPoint\",\"urlTemplate\":\"https:\\\/\\\/www.ignas.com\\\/it\\\/blog\\\/?s={search_term_string}\"},\"query-input\":{\"@type\":\"PropertyValueSpecification\",\"valueRequired\":true,\"valueName\":\"search_term_string\"}}],\"inLanguage\":\"it-IT\"},{\"@type\":\"Organization\",\"@id\":\"https:\\\/\\\/www.ignas.com\\\/it\\\/blog\\\/#organization\",\"name\":\"Ignas Tour\",\"url\":\"https:\\\/\\\/www.ignas.com\\\/it\\\/blog\\\/\",\"logo\":{\"@type\":\"ImageObject\",\"inLanguage\":\"it-IT\",\"@id\":\"https:\\\/\\\/www.ignas.com\\\/it\\\/blog\\\/#\\\/schema\\\/logo\\\/image\\\/\",\"url\":\"https:\\\/\\\/www.ignas.com\\\/it\\\/blog\\\/wp-content\\\/uploads\\\/2020\\\/01\\\/logo-ignas-com-200.png\",\"contentUrl\":\"https:\\\/\\\/www.ignas.com\\\/it\\\/blog\\\/wp-content\\\/uploads\\\/2020\\\/01\\\/logo-ignas-com-200.png\",\"width\":1147,\"height\":329,\"caption\":\"Ignas Tour\"},\"image\":{\"@id\":\"https:\\\/\\\/www.ignas.com\\\/it\\\/blog\\\/#\\\/schema\\\/logo\\\/image\\\/\"}},{\"@type\":\"Person\",\"@id\":\"https:\\\/\\\/www.ignas.com\\\/it\\\/blog\\\/#\\\/schema\\\/person\\\/5631a37ffdfcd651f50931ad19459b25\",\"name\":\"Denise Basano\",\"image\":{\"@type\":\"ImageObject\",\"inLanguage\":\"it-IT\",\"@id\":\"https:\\\/\\\/secure.gravatar.com\\\/avatar\\\/1b67bf83da25015d03ee29992767c06d53ef83b0e87847b1d483ccdd7cf95696?s=96&d=mm&r=g\",\"url\":\"https:\\\/\\\/secure.gravatar.com\\\/avatar\\\/1b67bf83da25015d03ee29992767c06d53ef83b0e87847b1d483ccdd7cf95696?s=96&d=mm&r=g\",\"contentUrl\":\"https:\\\/\\\/secure.gravatar.com\\\/avatar\\\/1b67bf83da25015d03ee29992767c06d53ef83b0e87847b1d483ccdd7cf95696?s=96&d=mm&r=g\",\"caption\":\"Denise Basano\"}}]}<\/script>\n<!-- \/ Yoast SEO plugin. -->","yoast_head_json":{"title":"Cosa vedere ad Assisi in 2 giorni - Ignas Tour","description":"Assisi con la sua pace e tranquillit\u00e0 \u00e8 una nota meta di pellegrinaggi ed ideale per una fuga dallo stress. Scopri cosa fare ad Assisi.","robots":{"index":"index","follow":"follow","max-snippet":"max-snippet:-1","max-image-preview":"max-image-preview:large","max-video-preview":"max-video-preview:-1"},"canonical":"https:\/\/www.ignas.com\/it\/blog\/assisi-cosa-vedere-in-2-giorni\/","og_locale":"it_IT","og_type":"article","og_title":"Cosa vedere ad Assisi in 2 giorni - Ignas Tour","og_description":"Assisi con la sua pace e tranquillit\u00e0 \u00e8 una nota meta di pellegrinaggi ed ideale per una fuga dallo stress. Scopri cosa fare ad Assisi.","og_url":"https:\/\/www.ignas.com\/it\/blog\/assisi-cosa-vedere-in-2-giorni\/","og_site_name":"Ignas Tour","article_published_time":"2017-10-08T22:00:00+00:00","article_modified_time":"2024-07-15T10:34:13+00:00","og_image":[{"width":960,"height":600,"url":"https:\/\/www.ignas.com\/it\/blog\/wp-content\/uploads\/2017\/10\/Assisi-Umbria.jpg","type":"image\/jpeg"}],"author":"Denise Basano","twitter_card":"summary_large_image","twitter_misc":{"Scritto da":"Denise Basano","Tempo di lettura stimato":"7 minuti"},"schema":{"@context":"https:\/\/schema.org","@graph":[{"@type":"Article","@id":"https:\/\/www.ignas.com\/it\/blog\/assisi-cosa-vedere-in-2-giorni\/#article","isPartOf":{"@id":"https:\/\/www.ignas.com\/it\/blog\/assisi-cosa-vedere-in-2-giorni\/"},"author":{"name":"Denise Basano","@id":"https:\/\/www.ignas.com\/it\/blog\/#\/schema\/person\/5631a37ffdfcd651f50931ad19459b25"},"headline":"Cosa vedere ad Assisi in 2 giorni","datePublished":"2017-10-08T22:00:00+00:00","dateModified":"2024-07-15T10:34:13+00:00","mainEntityOfPage":{"@id":"https:\/\/www.ignas.com\/it\/blog\/assisi-cosa-vedere-in-2-giorni\/"},"wordCount":983,"commentCount":0,"publisher":{"@id":"https:\/\/www.ignas.com\/it\/blog\/#organization"},"image":{"@id":"https:\/\/www.ignas.com\/it\/blog\/assisi-cosa-vedere-in-2-giorni\/#primaryimage"},"thumbnailUrl":"https:\/\/www.ignas.com\/it\/blog\/wp-content\/uploads\/2017\/10\/Assisi-Umbria.jpg","articleSection":["Dietro le Mura"],"inLanguage":"it-IT","potentialAction":[{"@type":"CommentAction","name":"Comment","target":["https:\/\/www.ignas.com\/it\/blog\/assisi-cosa-vedere-in-2-giorni\/#respond"]}]},{"@type":"WebPage","@id":"https:\/\/www.ignas.com\/it\/blog\/assisi-cosa-vedere-in-2-giorni\/","url":"https:\/\/www.ignas.com\/it\/blog\/assisi-cosa-vedere-in-2-giorni\/","name":"Cosa vedere ad Assisi in 2 giorni - Ignas Tour","isPartOf":{"@id":"https:\/\/www.ignas.com\/it\/blog\/#website"},"primaryImageOfPage":{"@id":"https:\/\/www.ignas.com\/it\/blog\/assisi-cosa-vedere-in-2-giorni\/#primaryimage"},"image":{"@id":"https:\/\/www.ignas.com\/it\/blog\/assisi-cosa-vedere-in-2-giorni\/#primaryimage"},"thumbnailUrl":"https:\/\/www.ignas.com\/it\/blog\/wp-content\/uploads\/2017\/10\/Assisi-Umbria.jpg","datePublished":"2017-10-08T22:00:00+00:00","dateModified":"2024-07-15T10:34:13+00:00","description":"Assisi con la sua pace e tranquillit\u00e0 \u00e8 una nota meta di pellegrinaggi ed ideale per una fuga dallo stress. Scopri cosa fare ad Assisi.","breadcrumb":{"@id":"https:\/\/www.ignas.com\/it\/blog\/assisi-cosa-vedere-in-2-giorni\/#breadcrumb"},"inLanguage":"it-IT","potentialAction":[{"@type":"ReadAction","target":["https:\/\/www.ignas.com\/it\/blog\/assisi-cosa-vedere-in-2-giorni\/"]}]},{"@type":"ImageObject","inLanguage":"it-IT","@id":"https:\/\/www.ignas.com\/it\/blog\/assisi-cosa-vedere-in-2-giorni\/#primaryimage","url":"https:\/\/www.ignas.com\/it\/blog\/wp-content\/uploads\/2017\/10\/Assisi-Umbria.jpg","contentUrl":"https:\/\/www.ignas.com\/it\/blog\/wp-content\/uploads\/2017\/10\/Assisi-Umbria.jpg","width":960,"height":600,"caption":"Assisi - Umbria"},{"@type":"BreadcrumbList","@id":"https:\/\/www.ignas.com\/it\/blog\/assisi-cosa-vedere-in-2-giorni\/#breadcrumb","itemListElement":[{"@type":"ListItem","position":1,"name":"Home","item":"https:\/\/www.ignas.com\/it\/blog\/"},{"@type":"ListItem","position":2,"name":"Cosa vedere ad Assisi in 2 giorni"}]},{"@type":"WebSite","@id":"https:\/\/www.ignas.com\/it\/blog\/#website","url":"https:\/\/www.ignas.com\/it\/blog\/","name":"Ignas Tour","description":"","publisher":{"@id":"https:\/\/www.ignas.com\/it\/blog\/#organization"},"potentialAction":[{"@type":"SearchAction","target":{"@type":"EntryPoint","urlTemplate":"https:\/\/www.ignas.com\/it\/blog\/?s={search_term_string}"},"query-input":{"@type":"PropertyValueSpecification","valueRequired":true,"valueName":"search_term_string"}}],"inLanguage":"it-IT"},{"@type":"Organization","@id":"https:\/\/www.ignas.com\/it\/blog\/#organization","name":"Ignas Tour","url":"https:\/\/www.ignas.com\/it\/blog\/","logo":{"@type":"ImageObject","inLanguage":"it-IT","@id":"https:\/\/www.ignas.com\/it\/blog\/#\/schema\/logo\/image\/","url":"https:\/\/www.ignas.com\/it\/blog\/wp-content\/uploads\/2020\/01\/logo-ignas-com-200.png","contentUrl":"https:\/\/www.ignas.com\/it\/blog\/wp-content\/uploads\/2020\/01\/logo-ignas-com-200.png","width":1147,"height":329,"caption":"Ignas Tour"},"image":{"@id":"https:\/\/www.ignas.com\/it\/blog\/#\/schema\/logo\/image\/"}},{"@type":"Person","@id":"https:\/\/www.ignas.com\/it\/blog\/#\/schema\/person\/5631a37ffdfcd651f50931ad19459b25","name":"Denise Basano","image":{"@type":"ImageObject","inLanguage":"it-IT","@id":"https:\/\/secure.gravatar.com\/avatar\/1b67bf83da25015d03ee29992767c06d53ef83b0e87847b1d483ccdd7cf95696?s=96&d=mm&r=g","url":"https:\/\/secure.gravatar.com\/avatar\/1b67bf83da25015d03ee29992767c06d53ef83b0e87847b1d483ccdd7cf95696?s=96&d=mm&r=g","contentUrl":"https:\/\/secure.gravatar.com\/avatar\/1b67bf83da25015d03ee29992767c06d53ef83b0e87847b1d483ccdd7cf95696?s=96&d=mm&r=g","caption":"Denise Basano"}}]}},"modified_by":"Denise Basano","_links":{"self":[{"href":"https:\/\/www.ignas.com\/it\/blog\/wp-json\/wp\/v2\/posts\/22737","targetHints":{"allow":["GET"]}}],"collection":[{"href":"https:\/\/www.ignas.com\/it\/blog\/wp-json\/wp\/v2\/posts"}],"about":[{"href":"https:\/\/www.ignas.com\/it\/blog\/wp-json\/wp\/v2\/types\/post"}],"author":[{"embeddable":true,"href":"https:\/\/www.ignas.com\/it\/blog\/wp-json\/wp\/v2\/users\/3"}],"replies":[{"embeddable":true,"href":"https:\/\/www.ignas.com\/it\/blog\/wp-json\/wp\/v2\/comments?post=22737"}],"version-history":[{"count":13,"href":"https:\/\/www.ignas.com\/it\/blog\/wp-json\/wp\/v2\/posts\/22737\/revisions"}],"predecessor-version":[{"id":27937,"href":"https:\/\/www.ignas.com\/it\/blog\/wp-json\/wp\/v2\/posts\/22737\/revisions\/27937"}],"wp:featuredmedia":[{"embeddable":true,"href":"https:\/\/www.ignas.com\/it\/blog\/wp-json\/wp\/v2\/media\/21779"}],"wp:attachment":[{"href":"https:\/\/www.ignas.com\/it\/blog\/wp-json\/wp\/v2\/media?parent=22737"}],"wp:term":[{"taxonomy":"category","embeddable":true,"href":"https:\/\/www.ignas.com\/it\/blog\/wp-json\/wp\/v2\/categories?post=22737"},{"taxonomy":"post_tag","embeddable":true,"href":"https:\/\/www.ignas.com\/it\/blog\/wp-json\/wp\/v2\/tags?post=22737"}],"curies":[{"name":"wp","href":"https:\/\/api.w.org\/{rel}","templated":true}]}}