{"id":22726,"date":"2017-10-26T00:00:00","date_gmt":"2017-10-25T22:00:00","guid":{"rendered":"http:\/\/52.212.170.109\/borghi-piu-belli-d-italia-2"},"modified":"2024-11-05T14:50:18","modified_gmt":"2024-11-05T13:50:18","slug":"borghi-piu-belli-d-italia","status":"publish","type":"post","link":"https:\/\/www.ignas.com\/it\/blog\/borghi-piu-belli-d-italia\/","title":{"rendered":"I borghi pi\u00f9 belli d\u2019Italia"},"content":{"rendered":"<h2><span class=\"ez-toc-section\" id=\"Scopriamo_assieme_i_26_borghi_piu_belli_dItalia\"><\/span>Scopriamo assieme i 26 borghi pi\u00f9 belli d&#8217;Italia<span class=\"ez-toc-section-end\"><\/span><\/h2><div id=\"ez-toc-container\" class=\"ez-toc-v2_0_82_2 counter-hierarchy ez-toc-counter ez-toc-white ez-toc-container-direction\">\n<div class=\"ez-toc-title-container\">\n<p class=\"ez-toc-title\" style=\"cursor:inherit\"><\/p>\n<span class=\"ez-toc-title-toggle\"><a href=\"#\" class=\"ez-toc-pull-right ez-toc-btn ez-toc-btn-xs ez-toc-btn-default ez-toc-toggle\" aria-label=\"Toggle Table of Content\"><span class=\"ez-toc-js-icon-con\"><span class=\"\"><span class=\"eztoc-hide\" style=\"display:none;\">Toggle<\/span><span class=\"ez-toc-icon-toggle-span\"><svg style=\"fill: #999;color:#999\" xmlns=\"http:\/\/www.w3.org\/2000\/svg\" class=\"list-377408\" width=\"20px\" height=\"20px\" viewBox=\"0 0 24 24\" fill=\"none\"><path d=\"M6 6H4v2h2V6zm14 0H8v2h12V6zM4 11h2v2H4v-2zm16 0H8v2h12v-2zM4 16h2v2H4v-2zm16 0H8v2h12v-2z\" fill=\"currentColor\"><\/path><\/svg><svg style=\"fill: #999;color:#999\" class=\"arrow-unsorted-368013\" xmlns=\"http:\/\/www.w3.org\/2000\/svg\" width=\"10px\" height=\"10px\" viewBox=\"0 0 24 24\" version=\"1.2\" baseProfile=\"tiny\"><path d=\"M18.2 9.3l-6.2-6.3-6.2 6.3c-.2.2-.3.4-.3.7s.1.5.3.7c.2.2.4.3.7.3h11c.3 0 .5-.1.7-.3.2-.2.3-.5.3-.7s-.1-.5-.3-.7zM5.8 14.7l6.2 6.3 6.2-6.3c.2-.2.3-.5.3-.7s-.1-.5-.3-.7c-.2-.2-.4-.3-.7-.3h-11c-.3 0-.5.1-.7.3-.2.2-.3.5-.3.7s.1.5.3.7z\"\/><\/svg><\/span><\/span><\/span><\/a><\/span><\/div>\n<nav><ul class='ez-toc-list ez-toc-list-level-1 eztoc-toggle-hide-by-default' ><li class='ez-toc-page-1 ez-toc-heading-level-2'><a class=\"ez-toc-link ez-toc-heading-1\" href=\"https:\/\/www.ignas.com\/it\/blog\/borghi-piu-belli-d-italia\/#Scopriamo_assieme_i_26_borghi_piu_belli_dItalia\" >Scopriamo assieme i 26 borghi pi\u00f9 belli d&#8217;Italia<\/a><\/li><li class='ez-toc-page-1 ez-toc-heading-level-2'><a class=\"ez-toc-link ez-toc-heading-2\" href=\"https:\/\/www.ignas.com\/it\/blog\/borghi-piu-belli-d-italia\/#1_Ronciglione_Lazio\" >1. Ronciglione (Lazio)<\/a><\/li><li class='ez-toc-page-1 ez-toc-heading-level-2'><a class=\"ez-toc-link ez-toc-heading-3\" href=\"https:\/\/www.ignas.com\/it\/blog\/borghi-piu-belli-d-italia\/#2_SantAntioco_Sardegna\" >2. Sant&#8217;Antioco (Sardegna)<\/a><\/li><li class='ez-toc-page-1 ez-toc-heading-level-2'><a class=\"ez-toc-link ez-toc-heading-4\" href=\"https:\/\/www.ignas.com\/it\/blog\/borghi-piu-belli-d-italia\/#3_Salemi_Sicilia\" >3. Salemi (Sicilia)<\/a><\/li><li class='ez-toc-page-1 ez-toc-heading-level-2'><a class=\"ez-toc-link ez-toc-heading-5\" href=\"https:\/\/www.ignas.com\/it\/blog\/borghi-piu-belli-d-italia\/#4_Bellano_Lombardia\" >4. Bellano (Lombardia)<\/a><\/li><li class='ez-toc-page-1 ez-toc-heading-level-2'><a class=\"ez-toc-link ez-toc-heading-6\" href=\"https:\/\/www.ignas.com\/it\/blog\/borghi-piu-belli-d-italia\/#5_Locorotondo_%E2%80%93_Puglia\" >5. Locorotondo &#8211; Puglia<\/a><\/li><li class='ez-toc-page-1 ez-toc-heading-level-2'><a class=\"ez-toc-link ez-toc-heading-7\" href=\"https:\/\/www.ignas.com\/it\/blog\/borghi-piu-belli-d-italia\/#6_Buonconvento_%E2%80%93_Toscana\" >6. Buonconvento &#8211; Toscana<\/a><\/li><li class='ez-toc-page-1 ez-toc-heading-level-2'><a class=\"ez-toc-link ez-toc-heading-8\" href=\"https:\/\/www.ignas.com\/it\/blog\/borghi-piu-belli-d-italia\/#7_Bard_%E2%80%93_Valle_DAosta\" >7. Bard &#8211; Valle D&#8217;Aosta<\/a><\/li><li class='ez-toc-page-1 ez-toc-heading-level-2'><a class=\"ez-toc-link ez-toc-heading-9\" href=\"https:\/\/www.ignas.com\/it\/blog\/borghi-piu-belli-d-italia\/#8_Rosazza_%E2%80%93_Piemonte\" >8. Rosazza &#8211; Piemonte<\/a><\/li><li class='ez-toc-page-1 ez-toc-heading-level-2'><a class=\"ez-toc-link ez-toc-heading-10\" href=\"https:\/\/www.ignas.com\/it\/blog\/borghi-piu-belli-d-italia\/#9_San_Lorenzo_in_Banale_%E2%80%93_Trentino_Alto_Adige\" >9. San Lorenzo in Banale \u2013 Trentino Alto Adige<\/a><\/li><li class='ez-toc-page-1 ez-toc-heading-level-2'><a class=\"ez-toc-link ez-toc-heading-11\" href=\"https:\/\/www.ignas.com\/it\/blog\/borghi-piu-belli-d-italia\/#10_Pretoro_%E2%80%93_Abruzzo\" >10. Pretoro &#8211; Abruzzo<\/a><\/li><li class='ez-toc-page-1 ez-toc-heading-level-2'><a class=\"ez-toc-link ez-toc-heading-12\" href=\"https:\/\/www.ignas.com\/it\/blog\/borghi-piu-belli-d-italia\/#11_Erice_%E2%80%93_Sicilia\" >11. Erice &#8211; Sicilia<\/a><\/li><li class='ez-toc-page-1 ez-toc-heading-level-2'><a class=\"ez-toc-link ez-toc-heading-13\" href=\"https:\/\/www.ignas.com\/it\/blog\/borghi-piu-belli-d-italia\/#12_Tropea_%E2%80%93_Calabria\" >12. Tropea &#8211; Calabria<\/a><\/li><li class='ez-toc-page-1 ez-toc-heading-level-2'><a class=\"ez-toc-link ez-toc-heading-14\" href=\"https:\/\/www.ignas.com\/it\/blog\/borghi-piu-belli-d-italia\/#13_Ravello_%E2%80%93_Campania\" >13. Ravello &#8211; Campania<\/a><\/li><li class='ez-toc-page-1 ez-toc-heading-level-2'><a class=\"ez-toc-link ez-toc-heading-15\" href=\"https:\/\/www.ignas.com\/it\/blog\/borghi-piu-belli-d-italia\/#14_Fagagna_%E2%80%93_Friuli\" >14. Fagagna &#8211; Friuli<\/a><\/li><li class='ez-toc-page-1 ez-toc-heading-level-2'><a class=\"ez-toc-link ez-toc-heading-16\" href=\"https:\/\/www.ignas.com\/it\/blog\/borghi-piu-belli-d-italia\/#15_Tellaro_%E2%80%93_Liguria\" >15. Tellaro &#8211; Liguria<\/a><\/li><li class='ez-toc-page-1 ez-toc-heading-level-2'><a class=\"ez-toc-link ez-toc-heading-17\" href=\"https:\/\/www.ignas.com\/it\/blog\/borghi-piu-belli-d-italia\/#16_Bagnara_%E2%80%93_Romagna\" >16. Bagnara &#8211; Romagna<\/a><\/li><li class='ez-toc-page-1 ez-toc-heading-level-2'><a class=\"ez-toc-link ez-toc-heading-18\" href=\"https:\/\/www.ignas.com\/it\/blog\/borghi-piu-belli-d-italia\/#17_Nocera_%E2%80%93_Umbria\" >17. Nocera &#8211; Umbria<\/a><\/li><li class='ez-toc-page-1 ez-toc-heading-level-2'><a class=\"ez-toc-link ez-toc-heading-19\" href=\"https:\/\/www.ignas.com\/it\/blog\/borghi-piu-belli-d-italia\/#18_Egna_%E2%80%93_Trentino_Alto_Adige\" >18. Egna \u2013 Trentino Alto Adige<\/a><\/li><li class='ez-toc-page-1 ez-toc-heading-level-2'><a class=\"ez-toc-link ez-toc-heading-20\" href=\"https:\/\/www.ignas.com\/it\/blog\/borghi-piu-belli-d-italia\/#19_Civita_di_Bagnoregio_%E2%80%93_Lazio\" >19. Civita di Bagnoregio &#8211; Lazio<\/a><\/li><li class='ez-toc-page-1 ez-toc-heading-level-2'><a class=\"ez-toc-link ez-toc-heading-21\" href=\"https:\/\/www.ignas.com\/it\/blog\/borghi-piu-belli-d-italia\/#20_Bosa_%E2%80%93_Sardegna\" >20. Bosa &#8211; Sardegna<\/a><\/li><li class='ez-toc-page-1 ez-toc-heading-level-2'><a class=\"ez-toc-link ez-toc-heading-22\" href=\"https:\/\/www.ignas.com\/it\/blog\/borghi-piu-belli-d-italia\/#21_Arqua_Petrarca_%E2%80%93_Veneto\" >21. Arqu\u00e0 Petrarca &#8211; Veneto<\/a><\/li><li class='ez-toc-page-1 ez-toc-heading-level-2'><a class=\"ez-toc-link ez-toc-heading-23\" href=\"https:\/\/www.ignas.com\/it\/blog\/borghi-piu-belli-d-italia\/#22_Recanati_%E2%80%93_Marche\" >22. Recanati &#8211; Marche<\/a><\/li><li class='ez-toc-page-1 ez-toc-heading-level-2'><a class=\"ez-toc-link ez-toc-heading-24\" href=\"https:\/\/www.ignas.com\/it\/blog\/borghi-piu-belli-d-italia\/#23_Ciro_%E2%80%93_Calabria\" >23. Cir\u00f2 &#8211; Calabria<\/a><\/li><li class='ez-toc-page-1 ez-toc-heading-level-2'><a class=\"ez-toc-link ez-toc-heading-25\" href=\"https:\/\/www.ignas.com\/it\/blog\/borghi-piu-belli-d-italia\/#24_Rotondella_%E2%80%93_Basilicata\" >24. Rotondella &#8211; Basilicata<\/a><\/li><li class='ez-toc-page-1 ez-toc-heading-level-2'><a class=\"ez-toc-link ez-toc-heading-26\" href=\"https:\/\/www.ignas.com\/it\/blog\/borghi-piu-belli-d-italia\/#25_Baunei_%E2%80%93_Sardegna\" >25. Baunei &#8211; Sardegna<\/a><\/li><li class='ez-toc-page-1 ez-toc-heading-level-2'><a class=\"ez-toc-link ez-toc-heading-27\" href=\"https:\/\/www.ignas.com\/it\/blog\/borghi-piu-belli-d-italia\/#26Castiglione_del_Lago_%E2%80%93_Umbria\" >26.Castiglione del Lago &#8211; Umbria<\/a><\/li><\/ul><\/nav><\/div>\n\n<p>Nel 2001 nasce l\u2019associazione de \u201c<strong>I borghi pi\u00f9 belli d\u2019Italia<\/strong>\u201d, la quale si prefissa di <strong>conservare <\/strong>e <strong>salvaguardare <\/strong>piccoli paesi dallo spiccato valore storico e artistico.<\/p>\n<p>Per noi turisti questa \u00e8 da considerarsi una grande fortuna, poich\u00e9 possiamo godere della vista di questi splendidi posti, che altrimenti verrebbero dimenticati.<\/p>\n<p>Da Nord a Sud l\u2019associazione comprende oltre <strong>250 borghi<\/strong>, nei quali sembra di tornare indietro nel tempo, in un\u2019oasi di pace dove tutto scorre pi\u00f9 lentamente e in armonia con la natura.<\/p>\n<p>Probabilmente non basta una vita per visitarli tutti, ne abbiamo quindi scelto alcuni<strong> tra i 26 borghi pi\u00f9 belli d\u2019Italia<\/strong> da non perdere.<\/p>\n<h2><span class=\"ez-toc-section\" id=\"1_Ronciglione_Lazio\"><\/span>1. Ronciglione (Lazio)<span class=\"ez-toc-section-end\"><\/span><\/h2>\n<p><img loading=\"lazy\" decoding=\"async\" class=\"alignnone wp-image-26837 size-full\" src=\"https:\/\/www.ignas.com\/it\/blog\/wp-content\/uploads\/2017\/10\/ronciglione-borgo-piu-bello.jpeg\" alt=\"sant'antioco, il borgo pi\u00f9 bello d'Italia\" width=\"1100\" height=\"581\" srcset=\"https:\/\/www.ignas.com\/it\/blog\/wp-content\/uploads\/2017\/10\/ronciglione-borgo-piu-bello.jpeg 1100w, https:\/\/www.ignas.com\/it\/blog\/wp-content\/uploads\/2017\/10\/ronciglione-borgo-piu-bello-300x158.jpeg 300w, https:\/\/www.ignas.com\/it\/blog\/wp-content\/uploads\/2017\/10\/ronciglione-borgo-piu-bello-1024x541.jpeg 1024w, https:\/\/www.ignas.com\/it\/blog\/wp-content\/uploads\/2017\/10\/ronciglione-borgo-piu-bello-768x406.jpeg 768w\" sizes=\"auto, (max-width: 1100px) 100vw, 1100px\" \/><\/p>\n<p>Ronciglione \u00e8 il borgo pi\u00f9 bello d&#8217;Italia 2023! La sua storia parte dal medioevo, e lo testimonia uno dei monumenti pi\u00f9 suggestivi: la <span style=\"color: #ff6600;\"><strong><a style=\"color: #ff6600;\" href=\"https:\/\/www.iluoghidelsilenzio.it\/chiesa-di-santeusebio-ronciglione-vt\/\">Chiesa di San Eusebio<\/a><\/strong><\/span>. Ma anche il rinascimento ha lasciato una grande traccia del suo passaggio in paese con il Castello della Rovere. Ma il borgo \u00e8 anche ben ancorato al presente con uno degli eventi pi\u00f9 famosi d&#8217;Italia nel suo genere: la grande festa di Carnevale. Infine anche la natura che lo circonda lo rende un luogo assolutamente da visitare, un esempio su tutti \u00e8 la presenza del vicinissimo<span style=\"color: #ff6600;\"><strong><a style=\"color: #ff6600;\" href=\"https:\/\/www.parchilazio.it\/vico\"> Lago di Vico<\/a><\/strong><\/span>.<\/p>\n<h2><span class=\"ez-toc-section\" id=\"2_SantAntioco_Sardegna\"><\/span>2. Sant&#8217;Antioco (Sardegna)<span class=\"ez-toc-section-end\"><\/span><\/h2>\n<p><img loading=\"lazy\" decoding=\"async\" class=\"alignnone size-full wp-image-26834\" src=\"https:\/\/www.ignas.com\/it\/blog\/wp-content\/uploads\/2017\/10\/sant-antioco.jpeg\" alt=\"sant'antioco\" width=\"915\" height=\"611\" srcset=\"https:\/\/www.ignas.com\/it\/blog\/wp-content\/uploads\/2017\/10\/sant-antioco.jpeg 915w, https:\/\/www.ignas.com\/it\/blog\/wp-content\/uploads\/2017\/10\/sant-antioco-300x200.jpeg 300w, https:\/\/www.ignas.com\/it\/blog\/wp-content\/uploads\/2017\/10\/sant-antioco-768x513.jpeg 768w\" sizes=\"auto, (max-width: 915px) 100vw, 915px\" \/><\/p>\n<p>Come spesso capita con i borghi pi\u00f9 belli d&#8217;Italia, questo luogo \u00e8 un&#8217;intero mondo, tutto da scoprire. Dal punto di vista paesaggistico ci troviamo su un&#8217;isola nell&#8217;Isola Sarda. Collegata alla Sardegna attraverso un Istmo, il borgo \u00e8 l&#8217;ideale per trascorrere spensierate vacanze all&#8217;insegna del mare, della cultura e della buona cucina. Vi sono siti archeologici risalenti a 500 a.C. oltre al <strong><span style=\"color: #ff6600;\"><a style=\"color: #ff6600;\" href=\"https:\/\/www.mumamilazzo.com\/site\/\">museo Muma<\/a><\/span><\/strong> dove la tradizione e l&#8217;antica storia del borgo vengono testimoniate da un interessante percorso di reperti e forme d&#8217;arte. E poi vi \u00e8 tutta la struggente bellezza del mare!<\/p>\n<h2><span class=\"ez-toc-section\" id=\"3_Salemi_Sicilia\"><\/span>3. Salemi (Sicilia)<span class=\"ez-toc-section-end\"><\/span><\/h2>\n<p><img loading=\"lazy\" decoding=\"async\" class=\"alignnone size-full wp-image-26838\" src=\"https:\/\/www.ignas.com\/it\/blog\/wp-content\/uploads\/2017\/10\/salemi.jpeg\" alt=\"salemi\" width=\"1100\" height=\"511\" srcset=\"https:\/\/www.ignas.com\/it\/blog\/wp-content\/uploads\/2017\/10\/salemi.jpeg 1100w, https:\/\/www.ignas.com\/it\/blog\/wp-content\/uploads\/2017\/10\/salemi-300x139.jpeg 300w, https:\/\/www.ignas.com\/it\/blog\/wp-content\/uploads\/2017\/10\/salemi-1024x476.jpeg 1024w, https:\/\/www.ignas.com\/it\/blog\/wp-content\/uploads\/2017\/10\/salemi-768x357.jpeg 768w\" sizes=\"auto, (max-width: 1100px) 100vw, 1100px\" \/><\/p>\n<p>Salemi \u00e8 un borgo del trapanese, dove la contaminazione artistica delle varie dominazioni si svela dietro ogni angolo. Si va dai romani, ai Goti, ai bizantini fino agli Arabi. E poi si arriva fino ai pi\u00f9 recenti Normanni, Svevi e alla liberazione garibaldina. Dunque un paese dove la storia e la cultura si pu\u00f2 respirare fra castelli, monumenti e tradizioni.<\/p>\n<h2><span class=\"ez-toc-section\" id=\"4_Bellano_Lombardia\"><\/span>4. Bellano (Lombardia)<span class=\"ez-toc-section-end\"><\/span><\/h2>\n<p><img loading=\"lazy\" decoding=\"async\" class=\"alignnone size-full wp-image-26839\" src=\"https:\/\/www.ignas.com\/it\/blog\/wp-content\/uploads\/2017\/10\/bellano.jpeg\" alt=\"bellano\" width=\"1100\" height=\"378\" srcset=\"https:\/\/www.ignas.com\/it\/blog\/wp-content\/uploads\/2017\/10\/bellano.jpeg 1100w, https:\/\/www.ignas.com\/it\/blog\/wp-content\/uploads\/2017\/10\/bellano-300x103.jpeg 300w, https:\/\/www.ignas.com\/it\/blog\/wp-content\/uploads\/2017\/10\/bellano-1024x352.jpeg 1024w, https:\/\/www.ignas.com\/it\/blog\/wp-content\/uploads\/2017\/10\/bellano-768x264.jpeg 768w\" sizes=\"auto, (max-width: 1100px) 100vw, 1100px\" \/><\/p>\n<p>Siamo al cospetto di un borgo che elegantemente si affaccia sul <a href=\"https:\/\/www.in-lombardia.it\/it\/turismo-in-lombardia\/lago-di-como-turismo\">lago di Como<\/a>. Le sue origini romane sono testimoniate da alcuni ritrovamenti in et\u00e0 imperiale. Tuttavia \u00e8 con l&#8217;iniziativa del potere secolare che il borgo fiorisce portando cultura lungo tutto il basso medioevo e oltre. Sar\u00e0 poi grazie al Ducato di Milano che il borgo vedr\u00e0 un ulteriore passo in avanti, che lo porter\u00e0 ad essere fra i borghi pi\u00f9 belli d&#8217;Italia.<\/p>\n<h2><span class=\"ez-toc-section\" id=\"5_Locorotondo_%E2%80%93_Puglia\"><\/span>5. Locorotondo &#8211; Puglia<span class=\"ez-toc-section-end\"><\/span><\/h2>\n<p><img loading=\"lazy\" decoding=\"async\" class=\"alignnone size-full wp-image-26836\" src=\"https:\/\/www.ignas.com\/it\/blog\/wp-content\/uploads\/2017\/10\/locorotondo.jpeg\" alt=\"locorotondo\" width=\"917\" height=\"611\" srcset=\"https:\/\/www.ignas.com\/it\/blog\/wp-content\/uploads\/2017\/10\/locorotondo.jpeg 917w, https:\/\/www.ignas.com\/it\/blog\/wp-content\/uploads\/2017\/10\/locorotondo-300x200.jpeg 300w, https:\/\/www.ignas.com\/it\/blog\/wp-content\/uploads\/2017\/10\/locorotondo-768x512.jpeg 768w\" sizes=\"auto, (max-width: 917px) 100vw, 917px\" \/><\/p>\n<p>Fondato nell\u2019XI secolo <strong>Locorotondo <\/strong>si trova su una collina che domina la <span style=\"color: #ff6600;\"><a style=\"color: #ff6600;\" href=\"https:\/\/www.italia.it\/it\/puglia\/valle-ditria\"><strong>Valle d\u2019Itria<\/strong><\/a><\/span>. Il piccolo centro storico \u00e8 caratterizzato da stradine pavimentate e case costruite in pietra chiara. Locorotondo \u00e8 cos\u00ec affascinante che venne scelto come <strong>location per alcuni film<\/strong> tra cui \u201cCos\u00ec \u00e8 la vita\u201d con il trio comico Aldo, Giovanni e Giacomo, e \u201cBaciami piccina\u201d con Vincenzo Salemme.<\/p>\n<h2><span class=\"ez-toc-section\" id=\"6_Buonconvento_%E2%80%93_Toscana\"><\/span>6. Buonconvento &#8211; Toscana<span class=\"ez-toc-section-end\"><\/span><\/h2>\n<p>Arrivati davanti alle mura medioevali, che chiudono per intero l&#8217;intero borgo all&#8217;interno di un rettangolo protettivo, avrete la netta sensazione di trovarvi di fronte ad un opera d&#8217;arte urbana. Dove l&#8217;antico resiste al moderno, per raffinatezza, bellezza e fascino senza tempo. Un luogo che potrebbe benissimo essere usato per girare un film ai tempi dei cavalieri e delle dame di corte. Per cui nessun indugio, varchiamo queste mura ed addentriamoci in questa favola antica.<\/p>\n<p>Cosa vedere per prima cosa in questo che \u00e8 sena ombra di dubbio una fra i primi 5 borghi pi\u00f9 belli d&#8217;Italia. Partiamo dal <span style=\"color: #ff6600;\"><strong><a style=\"color: #ff6600;\" href=\"https:\/\/eco.museisenesi.org\/archivio\/844\">Palazzo Pretorio<\/a><\/strong><\/span> del 300, con la sua Torre Civica e i due archi gotici con l&#8217;orologio all&#8217;estremit\u00e0 in alto. Continuando nelle splendide vie del borgo, troviamo la Porta Senese, una delle 2 porte delle mura, ma l&#8217;unica sopravvissuta ai bombardamenti e conservata in modo splendido. Arrivati al centro, non perdete l&#8217;incanto che rapisce chiunque percorra via Oscura, unica grazie ai sovrappassi in mattoni che si alternano in una via poco illuminata, a che grazie alla presenza di questi sovrappassi crea un gioco di chiaro e scuro sublime. In realt\u00e0 per\u00f2 \u00e8 l&#8217;intera esperienza che si vive passeggiando per le vie di questo borgo, che rester\u00e0 impressa nei visitatori.<\/p>\n<h2><span class=\"ez-toc-section\" id=\"7_Bard_%E2%80%93_Valle_DAosta\"><\/span>7. Bard &#8211; Valle D&#8217;Aosta<span class=\"ez-toc-section-end\"><\/span><\/h2>\n<p><img loading=\"lazy\" decoding=\"async\" class=\"alignnone size-full wp-image-25618\" src=\"https:\/\/www.ignas.com\/it\/blog\/wp-content\/uploads\/2017\/10\/Bard.jpeg\" alt=\"Bard, Valle D'Aosta\" width=\"1100\" height=\"611\" srcset=\"https:\/\/www.ignas.com\/it\/blog\/wp-content\/uploads\/2017\/10\/Bard.jpeg 1100w, https:\/\/www.ignas.com\/it\/blog\/wp-content\/uploads\/2017\/10\/Bard-300x167.jpeg 300w, https:\/\/www.ignas.com\/it\/blog\/wp-content\/uploads\/2017\/10\/Bard-1024x569.jpeg 1024w, https:\/\/www.ignas.com\/it\/blog\/wp-content\/uploads\/2017\/10\/Bard-768x427.jpeg 768w\" sizes=\"auto, (max-width: 1100px) 100vw, 1100px\" \/><\/p>\n<p>Ci troviamo di fronte a un viaggio spazio-temporale. Visitare il piccolo<span style=\"color: #ff6600;\"><strong> <a style=\"color: #ff6600;\" href=\"https:\/\/www.fortedibard.it\/il-borgo-di-bard\/\">borgo di Bard<\/a> <\/strong><\/span>\u00e8 proprio un salto in un antico passato cavalleresco. Ci\u00f2 che vedrete appena arrivati \u00e8 questo Forte, costruito in cima alla roccia che domina l&#8217;intero territorio, sotto il quale passa il fiume. Questa posizione \u00e8 ci\u00f2 che pi\u00f9 caratterizza questo luogo, e che rende la stradina che si arrampica lungo la roccia, una via che sembra essere uscita da un film in costume. Il Forte di Bard dunque ma anche il centro storico che lo circonda, la raffinatezza dei palazzi dei nobili, le piccole e meravigliose chiesette. Chiaramente ci\u00f2 che cattura l&#8217;attenzione del visitatore \u00e8 il Castello, teatro nel passato di grandi resistenze nelle battaglie, ma che ad oggi \u00e8 luogo di cultura. Infatti oggi \u00e8 sede del Museo delle Alpi, delle Fortificazioni e un luogo dove gli spazi rendono possibile fare didattica ai ragazzi. Un bel modo per far vivere in ottica moderna un luogo storico e stupendo<\/p>\n<h2><span class=\"ez-toc-section\" id=\"8_Rosazza_%E2%80%93_Piemonte\"><\/span>8. Rosazza &#8211; Piemonte<span class=\"ez-toc-section-end\"><\/span><\/h2>\n<p>Rosazza \u00e8 un piccolissimo comune di 93 abitanti. Incastonato fin dall&#8217;inizio dalla figura di Federico Rosazza, senatore del regno d&#8217;Italia. Un uomo che aveva profondi legami con l&#8217;esoterismo, e che per osmosi trafer\u00ec questo fascino anche al paesino, visto che fece costruire molte opere con riferimenti simbolici all&#8217;occultismo. Esempio perfetto di questo \u00e8 il<span style=\"color: #ff6600;\"><strong><a style=\"color: #ff6600;\" href=\"https:\/\/www.atl.biella.it\/vedere-dettaglio\/-\/d\/castel-1\"> Castello di Rosazza<\/a><\/strong><\/span>, fatto erigere dal senatore, con una meravigliosa torre che troneggia e colonne dallo stile di Paestum. Intorno fa da cornice un ampio giardino, che dona al tutto un&#8217;atmosfera magica. Grazie al senatore il paesino ha varie opere, come l&#8217;antico palazzo comunale, e l&#8217;edificio religioso. In ciascuna opera sono disseminati piccoli riferimenti alla massoneria e al mondo che Rosazza amava tanto. Perfino per le strade del borgo sono contraddistinte da simboli come le rose in pietra, simbolo massonico. Anche per questa ragione questo piccolo paesino \u00e8 considerato fra i borghi pi\u00f9 misteriosi del Paese.<\/p>\n<h2><span class=\"ez-toc-section\" id=\"9_San_Lorenzo_in_Banale_%E2%80%93_Trentino_Alto_Adige\"><\/span>9. San Lorenzo in Banale \u2013 Trentino Alto Adige<span class=\"ez-toc-section-end\"><\/span><\/h2>\n<p><span style=\"color: #ff6600;\"><a style=\"color: #ff6600;\" href=\"https:\/\/www.visittrentino.info\/it\/trentino\/destinazioni\/san-lorenzo-in-banale_md_246\"><strong>San Lorenzo in Banale<\/strong><\/a><\/span> offre moltissimo dal punto di vista storico e archeologico. Diversi palazzi e chiese decorati con affreschi, altari e statue lignee, raccontano la storia del luogo.<\/p>\n<p><img loading=\"lazy\" decoding=\"async\" class=\"alignnone wp-image-21749 size-full\" title=\"san lorenzo in banale\" src=\"https:\/\/www.ignas.com\/it\/blog\/wp-content\/uploads\/2017\/10\/san-lorenzo-in-banale.jpeg\" alt=\"san-lorenzo-in-banale\" width=\"1000\" height=\"600\" srcset=\"https:\/\/www.ignas.com\/it\/blog\/wp-content\/uploads\/2017\/10\/san-lorenzo-in-banale.jpeg 1000w, https:\/\/www.ignas.com\/it\/blog\/wp-content\/uploads\/2017\/10\/san-lorenzo-in-banale-300x180.jpeg 300w, https:\/\/www.ignas.com\/it\/blog\/wp-content\/uploads\/2017\/10\/san-lorenzo-in-banale-768x461.jpeg 768w, https:\/\/www.ignas.com\/it\/blog\/wp-content\/uploads\/2017\/10\/san-lorenzo-in-banale-696x418.jpeg 696w, https:\/\/www.ignas.com\/it\/blog\/wp-content\/uploads\/2017\/10\/san-lorenzo-in-banale-700x420.jpeg 700w\" sizes=\"auto, (max-width: 1000px) 100vw, 1000px\" \/><\/p>\n<h2><span class=\"ez-toc-section\" id=\"10_Pretoro_%E2%80%93_Abruzzo\"><\/span>10. Pretoro &#8211; Abruzzo<span class=\"ez-toc-section-end\"><\/span><\/h2>\n<p>Alle pendici del massiccio della <strong>Majella <\/strong>si incontra<span style=\"color: #ff6600;\"> <a style=\"color: #ff6600;\" href=\"https:\/\/borghipiubelliditalia.it\/borgo\/pretoro\/\"><strong>Pretoro<\/strong><\/a><\/span>, piccolo borgo di artigiani dalla particolare struttura urbanistica. Nel paese potrete ammirare le case appoggiate le une alle altre, gli stretti vicoli e le scalinate. Fermatevi qui a mangiare uno dei piatti tipici della cucina abruzzese: i <strong>maccheroni alla chitarra<\/strong> con rag\u00f9 di agnello.<\/p>\n<p><span style=\"color: #ff6600;\"><strong><a style=\"color: #ff6600;\" href=\"https:\/\/www.ignas.com\/it\/offerte-vacanze-abruzzo\" target=\"_blank\" rel=\"noopener noreferrer\">Per soggiornare in Abruzzo scegli tra le nostre offerte<\/a><\/strong><\/span><\/p>\n<h2><span class=\"ez-toc-section\" id=\"11_Erice_%E2%80%93_Sicilia\"><\/span>11. Erice &#8211; Sicilia<span class=\"ez-toc-section-end\"><\/span><\/h2>\n<p><img loading=\"lazy\" decoding=\"async\" class=\"alignnone size-full wp-image-24322\" src=\"https:\/\/www.ignas.com\/it\/blog\/wp-content\/uploads\/2017\/10\/erice.jpg\" alt=\"\" width=\"1100\" height=\"611\" srcset=\"https:\/\/www.ignas.com\/it\/blog\/wp-content\/uploads\/2017\/10\/erice.jpg 1100w, https:\/\/www.ignas.com\/it\/blog\/wp-content\/uploads\/2017\/10\/erice-300x167.jpg 300w, https:\/\/www.ignas.com\/it\/blog\/wp-content\/uploads\/2017\/10\/erice-1024x569.jpg 1024w, https:\/\/www.ignas.com\/it\/blog\/wp-content\/uploads\/2017\/10\/erice-768x427.jpg 768w\" sizes=\"auto, (max-width: 1100px) 100vw, 1100px\" \/><\/p>\n<p>Il comune \u00e8 abitato da circa 25 mila abitanti, ma nel centro storico, situato sulla vetta del Monte Erice, vi sono 1000 abitanti appena. Il borgo antico dunque, pur essendo meno abitato, tuttavia \u00e8 il centro nevralgico del turismo. A colpire i visitatori \u00e8 innanzitutto la posizione di dominio rispetto alla sottostante pianura che si affaccia sul mare. Il panorama \u00e8 da togliere il fiato, gi\u00e0 a partire dalla funivia che si pu\u00f2 prendere per salire nel borgo di Erice in tutta comodit\u00e0, a soli 4 \u20ac andata e ritorno. Una volta saliti si \u00e8 subito colpiti dal contesto fiabesco di mura medievali e dal <span style=\"color: #ff6600;\"><strong><a style=\"color: #ff6600;\" href=\"https:\/\/fondazioneericearte.org\/il-castello-di-venere\/\">Castello di Venere<\/a><\/strong><\/span>, di origine normanna, conserva ancora oggi intatto l&#8217;immortale fascino. Una volta in giro per il borgo non potrete resitere al richiamo di profumi dei piccoli forni artigianali: arancina o cannoli? A voi la scelta.<br \/>\nUna volta ritornati gi\u00f9 riprendendo la funivia, sar\u00e0 stata un&#8217;ottima idea prenotare una stanza presso <a href=\"https:\/\/www.ignas.com\/it\/offerte-vacanze-sicilia\/valderice\/hotel-baglio-santacroce?pkg_code=20240101_bagliosantacroce\">l&#8217;<span style=\"color: #ff6600;\"><strong>Hotel Baglio Santacroce<\/strong><\/span><\/a>, a pochi km dal comune di Erice.<\/p>\n<h2><span class=\"ez-toc-section\" id=\"12_Tropea_%E2%80%93_Calabria\"><\/span>12. Tropea &#8211; Calabria<span class=\"ez-toc-section-end\"><\/span><\/h2>\n<p><img loading=\"lazy\" decoding=\"async\" class=\"alignnone size-full wp-image-24328\" src=\"https:\/\/www.ignas.com\/it\/blog\/wp-content\/uploads\/2017\/10\/tropea-borgo-italia.jpg\" alt=\"Tropea borgo bellissimo\" width=\"1100\" height=\"611\" srcset=\"https:\/\/www.ignas.com\/it\/blog\/wp-content\/uploads\/2017\/10\/tropea-borgo-italia.jpg 1100w, https:\/\/www.ignas.com\/it\/blog\/wp-content\/uploads\/2017\/10\/tropea-borgo-italia-300x167.jpg 300w, https:\/\/www.ignas.com\/it\/blog\/wp-content\/uploads\/2017\/10\/tropea-borgo-italia-1024x569.jpg 1024w, https:\/\/www.ignas.com\/it\/blog\/wp-content\/uploads\/2017\/10\/tropea-borgo-italia-768x427.jpg 768w\" sizes=\"auto, (max-width: 1100px) 100vw, 1100px\" \/><\/p>\n<p>Storia millenaria, promontorio disteso su un mare azzurro, spiagge sabbiose e a tratti con scogli disegnati dal tempo. Tropea e i suoi vicoli stretti con piccoli negozi d&#8217;artigianato, profumi e sapori calabresi, ma suoni che vengono da tutti il mondo, grazie al turismo internazionale che contraddistingue questa perla del tirreno. Tutto questo e molto altro le hanno fatto conquistare il primo posto fra i borghi pi\u00f9 belli d&#8217;Italia!<\/p>\n<p><span style=\"color: #ff6600;\"><strong><a style=\"color: #ff6600;\" href=\"https:\/\/www.ignas.com\/it\/offerte-vacanze-calabria\" target=\"_blank\" rel=\"noopener noreferrer\">Scopri la Calabria, trova la tua offerta vacanze su misura\u00a0<\/a><\/strong><\/span><\/p>\n<h2><span class=\"ez-toc-section\" id=\"13_Ravello_%E2%80%93_Campania\"><\/span>13. Ravello &#8211; Campania<span class=\"ez-toc-section-end\"><\/span><\/h2>\n<p><img loading=\"lazy\" decoding=\"async\" class=\"alignnone size-full wp-image-24323\" src=\"https:\/\/www.ignas.com\/it\/blog\/wp-content\/uploads\/2017\/10\/ravello.jpg\" alt=\"Ravello\" width=\"1100\" height=\"611\" srcset=\"https:\/\/www.ignas.com\/it\/blog\/wp-content\/uploads\/2017\/10\/ravello.jpg 1100w, https:\/\/www.ignas.com\/it\/blog\/wp-content\/uploads\/2017\/10\/ravello-300x167.jpg 300w, https:\/\/www.ignas.com\/it\/blog\/wp-content\/uploads\/2017\/10\/ravello-1024x569.jpg 1024w, https:\/\/www.ignas.com\/it\/blog\/wp-content\/uploads\/2017\/10\/ravello-768x427.jpg 768w\" sizes=\"auto, (max-width: 1100px) 100vw, 1100px\" \/><\/p>\n<p>Appartenendo ad una delle mete classiche della riviera amalfitana, Ravello fa del mare una splendida cornice, attorno ad uno spettacolare trionfo di monumenti ville e chiese che dominano l&#8217;intero litorale da una posizione rialzata in grado di togliere il fiato ai numerosi visitatori. Fra i luoghi d&#8217;interesse va certamente segnalato la fiabesca<span style=\"color: #ff6600;\"><strong> <a style=\"color: #ff6600;\" href=\"https:\/\/it.wikipedia.org\/wiki\/Villa_Rufolo\">Villa Rufolo<\/a><\/strong><\/span>, risalente al 1200&#8242; , voluta dalla omonima famiglia, \u00e8 ancora oggi il luogo d&#8217;eccellenza per gli innamorati e gli appassionati di fotografia. Grazie alla immensa<strong> terrazza fiorita<\/strong> e alla sua posizione a picco sul mare regala momenti indimenticabili. Segnaliamo la difficolt\u00e0 di muoversi nelle strette e affollate strade che portano a Ravello, motivo in pi\u00f9 per pernottare un po&#8217; fuori dal centro nevralgico e raggiungere il posto affittando una moto, muovendosi cosi in scioltezza nelle lunghissime code che potreste incontrare. Fra i posti che vi consigliamo di visitare c&#8217;\u00e8 senza alcun dubbio la celebre <strong>Paestum<\/strong>, l&#8217;antica citt\u00e0 della Magna Grecia e oggi uno dei<strong> siti archeologici<\/strong> pi\u00f9 importanti d&#8217;Italia.<\/p>\n<h2><span class=\"ez-toc-section\" id=\"14_Fagagna_%E2%80%93_Friuli\"><\/span>14. Fagagna &#8211; Friuli<span class=\"ez-toc-section-end\"><\/span><\/h2>\n<p>Un borgo dalla storia antica, ci sono testimonianze che mostrano che la sua fondazione risalga addirittura al primo secolo d.C!<\/p>\n<p>La sua bella chiesa invece, <b>pieve di Santa Maria Assunta <\/b>risale al X secondo, costruita in onore di Santa Maria come anche il <strong>Castello di Fagnana,<\/strong> risalente anch&#8217;esso a quel periodo. Ma la storia pi\u00f9 importante e decisiva per le sorti del borgo risale al 1300 quando la citt\u00e0 veniva gestita dai nobili con l&#8217;ausilio del popolo. Dunque 2 fazioni che per\u00f2 con il tempo si scontrarono duramente, fino al punto di far cadere il Castello in miseria per scelte poco lungimiranti dei nobili. La seconda vita del borgo parte molto tempo dopo, a fine 800, periodo in cui si diede al campo agricolo ma anche l\u00ec si fece una scelta discutibile unendo Fagagna ad altri 6 borghi e facendone un solo comune. Negli ultimi anni si \u00e8 invece consolidata l&#8217;idea che il borgo meriti una dimensione propria, e anche grazie a questa nuova visione \u00e8 arrivato a far parte dei paesini pi\u00f9 belli d&#8217;Italia<\/p>\n<h2><span class=\"ez-toc-section\" id=\"15_Tellaro_%E2%80%93_Liguria\"><\/span>15. Tellaro &#8211; Liguria<span class=\"ez-toc-section-end\"><\/span><\/h2>\n<p><img loading=\"lazy\" decoding=\"async\" class=\"alignnone size-full wp-image-24324\" src=\"https:\/\/www.ignas.com\/it\/blog\/wp-content\/uploads\/2017\/10\/tellaro.jpg\" alt=\"Tellaro\" width=\"1100\" height=\"611\" srcset=\"https:\/\/www.ignas.com\/it\/blog\/wp-content\/uploads\/2017\/10\/tellaro.jpg 1100w, https:\/\/www.ignas.com\/it\/blog\/wp-content\/uploads\/2017\/10\/tellaro-300x167.jpg 300w, https:\/\/www.ignas.com\/it\/blog\/wp-content\/uploads\/2017\/10\/tellaro-1024x569.jpg 1024w, https:\/\/www.ignas.com\/it\/blog\/wp-content\/uploads\/2017\/10\/tellaro-768x427.jpg 768w\" sizes=\"auto, (max-width: 1100px) 100vw, 1100px\" \/><\/p>\n<p>Siamo su una delle pi\u00f9 belle zone di mare della Liguria. Tellaro \u00e8 una frazione del comune di<strong> <a href=\"https:\/\/www.liguria.info\/la-spezia\/lerici\/\">Lerici<\/a><\/strong>, caratterizzato dall&#8217;essere un antico borgo marinaro. Le vie d&#8217;accesso al paese non sono delle pi\u00f9 comode, dal momento che il paese \u00e8 arroccato su un altura che scende dritto in mare. Ma una volta arrivati dove il borgo incontra la riva, lo spettacolo vi far\u00e0 dimenticare la fatica. Le spiagge sono caratterizzate dalla presenza di scogli, e spostandosi verso la parte pi\u00f9 occidentale, i sassi fanno spazio alla sabbia soffice e sottile, che fa da cornice a un mare splendido. Non \u00e8 un caso che in un piccolo posto come Tellaro abbiano soggiornato, innamorandosene, tre grandi uomini della cultura internazionale come D.H.Lawrence, Mario Soldati e Eugenio Montale.<\/p>\n<h2><span class=\"ez-toc-section\" id=\"16_Bagnara_%E2%80%93_Romagna\"><\/span>16. Bagnara &#8211; Romagna<span class=\"ez-toc-section-end\"><\/span><\/h2>\n<p>Bagnara di Romagna \u00e8 un piccolo borgo nella vicina provincia di Ravenna, anche se sta al confine con la provincia di Bologna. E&#8217; entrato da un anno appena nella lista dei borghi pi\u00f9 belli d&#8217;Italia, sia per la sua antichissima storia che per le bellezze monumentali che ancora sono testimoniate. Ma partendo dalla storia di questo paesino, bisogna andare indietro fino ai tempi degli etruschi, per poi andare ai romani e passando dal medioevo arrivare agli inizi della storia d&#8217;Italia. Un piccolo borgo dove la storia partendo da tempi antichissimi \u00e8 arrivata fino ai giorni nostri, facendolo di diritto essere uno dei pi\u00f9 belli d&#8217;Italia. Ma cosa vedere una volta arrivati in questo gioiellino? Prima fra tutto \u00e8 la <span style=\"color: #ff6600;\"><strong><a style=\"color: #ff6600;\" href=\"https:\/\/imolamusei.it\/rocca-sforzesca\/\">Rocca sforzesca<\/a><\/strong><\/span>, del 1300, un monumento che ha avuto diversi utilizzi, da quello militare al farla divenire un carcere, per poi divenire sede Vescovile. Molto belle da vedere anche le mura della Rocca, conservate benissimo. Perfino la Porta delle mura \u00e8 ancora oggi ben visibile. Merita anche una visita la<span style=\"color: #ff6600;\"><strong><a style=\"color: #ff6600;\" href=\"https:\/\/www.bassaromagnamia.it\/poitofintrests\/chiesa-arcipretale-di-s-giovanni-battista-e-s-andrea-apostolo\/\"> Chiesa di Giovanni Battista<\/a><\/strong><\/span>, al suo interno la statua della Madonna del Voto di 1 metro di altezza, dipinti del 1600. A soli 2 km dal centro, \u00e8 assolutamente da vedere<span style=\"color: #ff6600;\"><strong> <a style=\"color: #ff6600;\" href=\"https:\/\/www.bassaromagnamia.it\/poitofintrests\/villa-morsiani\/\">Villa Morsiani<\/a><\/strong><\/span>, del 1500. Usata sia come dimora dei Conti Morsiani, che come edificio militare. L&#8217;intera villa \u00e8 circondata da un parco secolare, fiabesco di grande impatto.<\/p>\n<h2><span class=\"ez-toc-section\" id=\"17_Nocera_%E2%80%93_Umbria\"><\/span>17. Nocera &#8211; Umbria<span class=\"ez-toc-section-end\"><\/span><\/h2>\n<p><img loading=\"lazy\" decoding=\"async\" class=\"alignnone size-full wp-image-25619\" src=\"https:\/\/www.ignas.com\/it\/blog\/wp-content\/uploads\/2017\/10\/nocera-umbra.jpeg\" alt=\"Nocera Umbra\" width=\"1100\" height=\"611\" srcset=\"https:\/\/www.ignas.com\/it\/blog\/wp-content\/uploads\/2017\/10\/nocera-umbra.jpeg 1100w, https:\/\/www.ignas.com\/it\/blog\/wp-content\/uploads\/2017\/10\/nocera-umbra-300x167.jpeg 300w, https:\/\/www.ignas.com\/it\/blog\/wp-content\/uploads\/2017\/10\/nocera-umbra-1024x569.jpeg 1024w, https:\/\/www.ignas.com\/it\/blog\/wp-content\/uploads\/2017\/10\/nocera-umbra-768x427.jpeg 768w\" sizes=\"auto, (max-width: 1100px) 100vw, 1100px\" \/><\/p>\n<p>Nocera Umbra non \u00e8 semplicemente uno dei borghi pi\u00f9 belli d&#8217;Italia, ma \u00e8 luogo che ha resistito a tante difficolt\u00e0, che l&#8217;hanno messa in ginocchio e che tuttavia \u00e8 riuscita a superarle e arrivare ad oggi fra i pi\u00f9 bei paesini italiani. Basti pensare che in et\u00e0 antica il bel borgo \u00e8 stato saccheggiato e devastato dalla furia delle invasioni barbariche, e che ci\u00f2 nonostante riusc\u00ec a rinascere fino a tornare ad essere un punto di riferimento nel medioevo. E nel vicinissimo 1997 un terremoto l&#8217;ha rimessa ko. Ma anche l\u00ec il borgo \u00e8 riuscito a rinascere. Dopo una lunga ricostruzione il paese \u00e8 tornato a splendere. Dunque cosa vedere oggi a Nocera? La <span style=\"color: #ff6600;\"><strong><a style=\"color: #ff6600;\" href=\"https:\/\/www.umbriaconme.com\/it\/news\/basilica-di-san-francesco-di-assisi_19.html\">Chiesa di San Francesco<\/a><\/strong><\/span>, eretta per i frati dell&#8217;omonimo Ordine, costruita in stile gotico e diventata Pinacoteca e Museo nel corso del 900. Sempre parlando di Chiese, non pu\u00f2 mancare il <span style=\"color: #ff6600;\"><strong><a style=\"color: #ff6600;\" href=\"https:\/\/www.secretumbria.it\/duomo-orvieto-santa-maria-assunta\/\">Duomo di Maria Assunta<\/a><\/strong><\/span>, antichissimo, 1000 d.c., e che conserva ancora oggi resti della costruzione in stile romanico. Intorno a Nocera sono da visitare gli oltre 15 castelli che raccontano degli antichi fasti della contea del Paesino<\/p>\n<h2><span class=\"ez-toc-section\" id=\"18_Egna_%E2%80%93_Trentino_Alto_Adige\"><\/span>18. Egna \u2013 Trentino Alto Adige<span class=\"ez-toc-section-end\"><\/span><\/h2>\n<p><img loading=\"lazy\" decoding=\"async\" class=\"alignnone size-full wp-image-24326\" src=\"https:\/\/www.ignas.com\/it\/blog\/wp-content\/uploads\/2017\/10\/egna.jpeg\" alt=\"I portici di Egna\" width=\"1000\" height=\"600\" srcset=\"https:\/\/www.ignas.com\/it\/blog\/wp-content\/uploads\/2017\/10\/egna.jpeg 1000w, https:\/\/www.ignas.com\/it\/blog\/wp-content\/uploads\/2017\/10\/egna-300x180.jpeg 300w, https:\/\/www.ignas.com\/it\/blog\/wp-content\/uploads\/2017\/10\/egna-768x461.jpeg 768w\" sizes=\"auto, (max-width: 1000px) 100vw, 1000px\" \/><\/p>\n<p><strong>Egna<\/strong>, il paese sede di Ignas Tour, in provincia di Bolzano \u00e8 uno splendido borgo immerso tra <strong>vigneti <\/strong>e <strong>meleti <\/strong>(perfetto luogo di relax per la pausa pranzo o dopo lavoro) e circondato da splendide <strong>montagne<\/strong>. Ci\u00f2 che caratterizza il paese sono sicuramente i <strong>portici<\/strong>, che ritroviamo in parecchie cittadine di stampo tedesco. Da non perdere la <a href=\"https:\/\/www.comune.egna.bz.it\/system\/web\/veranstaltungsstaette.aspx?detailonr=224968772&amp;sprache=3\">chiesa gotica<\/a> (tra le pi\u00f9 belle dell\u2019Alto Adige) e l\u2019annuale <strong>festa dei portici<\/strong> a fine agosto.<\/p>\n<p>Per soggiornare ad <strong>Egna <\/strong>scegli l\u2019<span style=\"color: #ff6600;\"><strong><a style=\"color: #ff6600;\" href=\"https:\/\/www.ignas.com\/it\/offerte-vacanze-trentino-altoadige\/egna\/hotel-das-alte-rathaus\" target=\"_blank\" rel=\"noopener noreferrer\">Hotel Das Alte Rathaus<\/a><\/strong><\/span><\/p>\n<h2><span class=\"ez-toc-section\" id=\"19_Civita_di_Bagnoregio_%E2%80%93_Lazio\"><\/span>19. Civita di Bagnoregio &#8211; Lazio<span class=\"ez-toc-section-end\"><\/span><\/h2>\n<p><img loading=\"lazy\" decoding=\"async\" class=\"alignnone size-full wp-image-24327\" src=\"https:\/\/www.ignas.com\/it\/blog\/wp-content\/uploads\/2017\/10\/civita-di-bagnoregia.jpg\" alt=\"la citt\u00e0 che muore\" width=\"1100\" height=\"611\" srcset=\"https:\/\/www.ignas.com\/it\/blog\/wp-content\/uploads\/2017\/10\/civita-di-bagnoregia.jpg 1100w, https:\/\/www.ignas.com\/it\/blog\/wp-content\/uploads\/2017\/10\/civita-di-bagnoregia-300x167.jpg 300w, https:\/\/www.ignas.com\/it\/blog\/wp-content\/uploads\/2017\/10\/civita-di-bagnoregia-1024x569.jpg 1024w, https:\/\/www.ignas.com\/it\/blog\/wp-content\/uploads\/2017\/10\/civita-di-bagnoregia-768x427.jpg 768w\" sizes=\"auto, (max-width: 1100px) 100vw, 1100px\" \/><\/p>\n<p>Questo piccolo borgo \u00e8 famoso nel mondo per il fatto che a causa dell&#8217;erosione naturale dei fiumi , della conformazione del terreno argilloso, e non ultimo, il disboscamento, il paese \u00e8 destinato ha inabissarsi su se stesso. <a href=\"https:\/\/www.ignas.com\/it\/blog\/civita-bagnoregio\/\" target=\"_blank\" rel=\"noopener noreferrer\">Da qui il nome &#8220;la citt\u00e0 che muore&#8221;<\/a>. Ma \u00e8 invece pi\u00f9 che doveroso sottolineare come la storia di questo luogo parli di una citt\u00e0 che vive, e lo fa da epoca antichissima. Infatti le testimonianze architettoniche insieme a numerosi ritrovamenti, indicano come il borgo debba le sue origini alla favolosa civilt\u00e0 etrusca. Se quindi gli etruschi furono i primi a fondare le basi architettoniche di questa piccola citt\u00e0 attraverso impianti idraulici e piccoli costruzioni, l civilt\u00e0 romanica prosegu\u00ec l&#8217;opera facendo del posto un luogo in cui il mercato di merci era il motore economico. Anche il periodo medioevale attraverso le strade di piccolo paese, come testimoniano le piccole case dell&#8217;epoca e la chiesa di San Donato. Ad oggi \u00e8 possibile visitare il paese lasciando l&#8217;auto fuori dal borgo e attraversando un piccolo ponte, costruito nel 1965, perdendosi nel fascino assoluto di questo luogo sospeso nel tempo.<\/p>\n<h2><span class=\"ez-toc-section\" id=\"20_Bosa_%E2%80%93_Sardegna\"><\/span>20. Bosa &#8211; Sardegna<span class=\"ez-toc-section-end\"><\/span><\/h2>\n<p>Bosa \u00e8 un perla assolutamente da visitare nel panorama di una vacanza nella magnifica Sardegna. Questo piccolo (ma neanche troppo) borgo, sorge sulle rive del fiume Temo, e al contempo si affaccia sul mar mediterraneo. La storia di Bosa ha una stratificazione che pochi luoghi nel mondo possono vantare. Basti pensare che si parte dall&#8217;et\u00e0 preistorica dove si hanno le prove dei primi insediamenti, e da l\u00ec si passa ai fenici, i romani, gli aragonesi, gli spagnoli, gli austriaci, fino alla pi\u00f9 recente unit\u00e0 d&#8217;Italia. Visitare Bosa significher\u00e0 avvicinarsi a tutte queste epoche ma al contempo questo luogo \u00e8 di interesse internazionale per via dei suoi aspetti naturalistici. Infatti oltre alla presenza di specie rare come i grifoni, anche dal punto di vista della flora il borgo nasconde nei propri fondali forme di coralli di rara bellezza. Ovviamente per visitare un posto dalle cos\u00ec tante meraviglie \u00e8 consigliato pernottare nelle vicinanza.<\/p>\n<h2><span class=\"ez-toc-section\" id=\"21_Arqua_Petrarca_%E2%80%93_Veneto\"><\/span>21. Arqu\u00e0 Petrarca &#8211; Veneto<span class=\"ez-toc-section-end\"><\/span><\/h2>\n<p>Tra le dolci colline dei <strong>Colli Euganei<\/strong> sorge <strong>Arqu\u00e0 Petrarca<\/strong>, nome che omaggia il famoso <strong>poeta <\/strong>che qui venne a trascorrere gli ultimi anni della sua vita. Il tempo ad Arqu\u00e0 si \u00e8 fermato a quando si lavavano i panni al lavatoio, si lasciavano i cavalli agli abbeveratoi, a quando le case venivano costruite con la pietra. Da vedere anche la <span style=\"color: #ff6600;\"><a style=\"color: #ff6600;\" href=\"https:\/\/padovacultura.padovanet.it\/it\/musei\/casa-del-petrarca\"><strong>casa di Petrarca<\/strong><\/a><\/span> con le pitture cinquecentesche e il piccolo museo.<\/p>\n<h2><span class=\"ez-toc-section\" id=\"22_Recanati_%E2%80%93_Marche\"><\/span>22. Recanati &#8211; Marche<span class=\"ez-toc-section-end\"><\/span><\/h2>\n<p><img loading=\"lazy\" decoding=\"async\" class=\"alignnone size-full wp-image-25620\" src=\"https:\/\/www.ignas.com\/it\/blog\/wp-content\/uploads\/2017\/10\/recanati.jpeg\" alt=\"Recanati, statua Leopardi\" width=\"1100\" height=\"611\" srcset=\"https:\/\/www.ignas.com\/it\/blog\/wp-content\/uploads\/2017\/10\/recanati.jpeg 1100w, https:\/\/www.ignas.com\/it\/blog\/wp-content\/uploads\/2017\/10\/recanati-300x167.jpeg 300w, https:\/\/www.ignas.com\/it\/blog\/wp-content\/uploads\/2017\/10\/recanati-1024x569.jpeg 1024w, https:\/\/www.ignas.com\/it\/blog\/wp-content\/uploads\/2017\/10\/recanati-768x427.jpeg 768w\" sizes=\"auto, (max-width: 1100px) 100vw, 1100px\" \/><\/p>\n<p>Nella classifica dei borghi pi\u00f9 belli d&#8217;Italia, non pu\u00f2 mancare il luogo che ha dato i natali a Giacomo Leopardi. Il paese conserva monumenti e palazzi che via via faranno attraversare ai visitatori, i diversi periodi storici che il paese ha vissuto. Da segnalare la visita alla <span style=\"color: #ff6600;\"><strong><a style=\"color: #ff6600;\" href=\"https:\/\/letsmarche.it\/-\/chiesa-di-s.-agostino-18\">Chiesa di Sant&#8217;Agostino<\/a><\/strong><\/span>, all&#8217;interno colpisce certamente l&#8217;affresco medievale raffigurante l&#8217;Ultima cena. La Chiesa \u00e8 per\u00f2 famosa per via del suo campanile, che ha ispirato la nota poesia &#8220;Il passero solitario&#8221;. Non potr\u00e0 quindi mancare nella vostra giornata in questo bel borgo, la visita all&#8217;interno della casa dove visse Leopardi. Vi consigliamo di prenotare la visita guidata, che riuscir\u00e0 a farvi conoscere ogni piccolo segreto che quelle mura conservano.<\/p>\n<h2><span class=\"ez-toc-section\" id=\"23_Ciro_%E2%80%93_Calabria\"><\/span>23. Cir\u00f2 &#8211; Calabria<span class=\"ez-toc-section-end\"><\/span><\/h2>\n<p>Un piccolo gruppo di case antiche e ben arroccate sulla collina che da sul bellissimo mar ionico, in un fazzoletto di terra verde, dove la natura ha regalato bellezza e forza alle viti del posto, i cui vini vengono ogni anno esportati in tutto il mondo. Una storia antichissima che parte dalla magna Grecia e arriva fino ad oggi passando anche da un medioevo in cui personaggi illuminati hanno dato contributi fondamentali all&#8217;Europa. Uno su tutti, Luigi Lilio, con la sua riforma del calendario, ancora oggi valida in tutti i pase del mondo. Un luogo fatto di cultura e bellezza, che merita di diritto il suo posto fra i primi sette borghi piu belli!<\/p>\n<h2><span class=\"ez-toc-section\" id=\"24_Rotondella_%E2%80%93_Basilicata\"><\/span>24. Rotondella &#8211; Basilicata<span class=\"ez-toc-section-end\"><\/span><\/h2>\n<p><img loading=\"lazy\" decoding=\"async\" class=\"alignnone size-full wp-image-25621\" src=\"https:\/\/www.ignas.com\/it\/blog\/wp-content\/uploads\/2017\/10\/rotondella.jpeg\" alt=\"Rotondella, vista aerea\" width=\"1100\" height=\"611\" srcset=\"https:\/\/www.ignas.com\/it\/blog\/wp-content\/uploads\/2017\/10\/rotondella.jpeg 1100w, https:\/\/www.ignas.com\/it\/blog\/wp-content\/uploads\/2017\/10\/rotondella-300x167.jpeg 300w, https:\/\/www.ignas.com\/it\/blog\/wp-content\/uploads\/2017\/10\/rotondella-1024x569.jpeg 1024w, https:\/\/www.ignas.com\/it\/blog\/wp-content\/uploads\/2017\/10\/rotondella-768x427.jpeg 768w\" sizes=\"auto, (max-width: 1100px) 100vw, 1100px\" \/><\/p>\n<p>Conosciuto come &#8220;balcone sullo ionio&#8221;, questo piccolo borgo ha origine molto antiche, fino al neolitico. Gi\u00e0 nel 1260 era conosciuto come Rotunda Maris, sia per la sua posizione vicino allo Ionio, ma anche per la sua caratteristica pi\u00f9 evidente, una struttura tondeggiante. Un luogo da visitare e da cui fare una serie foto ricordo!<\/p>\n<h2><span class=\"ez-toc-section\" id=\"25_Baunei_%E2%80%93_Sardegna\"><\/span>25. Baunei &#8211; Sardegna<span class=\"ez-toc-section-end\"><\/span><\/h2>\n<p>Barbagia sarda, siamo nei territori dell&#8217;Ogliastra, in un piccolo centro urbano di poco pi\u00f9 di 300 anime, che hanno la fortuna di vivere in un angolo di paradiso, dove la natura si fa spazio in modo incontaminato e libero, fra i boschi alti e selvatici, e via via scende lungo la spiaggia frastagliata e ricca di scogli calcarei che ne danno un&#8217;area antica e primitiva. Un secondo posto meritato per questo luogo senza tempo.<\/p>\n<h2><span class=\"ez-toc-section\" id=\"26Castiglione_del_Lago_%E2%80%93_Umbria\"><\/span>26.Castiglione del Lago &#8211; Umbria<span class=\"ez-toc-section-end\"><\/span><\/h2>\n<p><img loading=\"lazy\" decoding=\"async\" class=\"alignnone size-full wp-image-24325\" src=\"https:\/\/www.ignas.com\/it\/blog\/wp-content\/uploads\/2017\/10\/castiglione.jpeg\" alt=\"\" width=\"1000\" height=\"600\" srcset=\"https:\/\/www.ignas.com\/it\/blog\/wp-content\/uploads\/2017\/10\/castiglione.jpeg 1000w, https:\/\/www.ignas.com\/it\/blog\/wp-content\/uploads\/2017\/10\/castiglione-300x180.jpeg 300w, https:\/\/www.ignas.com\/it\/blog\/wp-content\/uploads\/2017\/10\/castiglione-768x461.jpeg 768w\" sizes=\"auto, (max-width: 1000px) 100vw, 1000px\" \/><\/p>\n<p><strong>Castiglione del Lago<\/strong> si trova su un promontorio che si affaccia sul <strong>lago Trasimeno<\/strong>. Il borgo conserva ancora il suo aspetto <strong>medievale<\/strong>, grazie anche alla bellissima <span style=\"color: #ff6600;\"><a style=\"color: #ff6600;\" href=\"https:\/\/www.roccamedievale.it\/rocca-del-leone\/\" target=\"_blank\" rel=\"noopener noreferrer\"><strong>Rocca del Leone<\/strong><\/a><\/span> che domina dall\u2019alto il paesaggio circostante. Da vedere anche la piccola<span style=\"color: #ff6600;\"><a style=\"color: #ff6600;\" href=\"https:\/\/www.trasimenoland.com\/isola-polvese\/\"><strong> Isola Polvese<\/strong><\/a><\/span> ricca di vegetazione e sede anch\u2019essa di un suggestivo <strong>Castello medievale<\/strong>.<\/p>\n","protected":false},"excerpt":{"rendered":"<p>Scopriamo assieme i 26 borghi pi\u00f9 belli d&#8217;Italia Nel 2001 nasce l\u2019associazione de \u201cI borghi pi\u00f9 belli d\u2019Italia\u201d, la quale si prefissa di conservare e salvaguardare piccoli paesi dallo spiccato valore storico e artistico. Per noi turisti questa \u00e8 da considerarsi una grande fortuna, poich\u00e9 possiamo godere della vista di questi splendidi posti, che altrimenti [&hellip;]<\/p>\n","protected":false},"author":2,"featured_media":26836,"comment_status":"open","ping_status":"open","sticky":false,"template":"","format":"standard","meta":{"_acf_changed":false,"inline_featured_image":false,"_lmt_disableupdate":"no","_lmt_disable":"no","_monsterinsights_skip_tracking":false,"_monsterinsights_sitenote_active":false,"_monsterinsights_sitenote_note":"","_monsterinsights_sitenote_category":0,"footnotes":""},"categories":[10],"tags":[],"class_list":["post-22726","post","type-post","status-publish","format-standard","has-post-thumbnail","hentry","category-dietro-le-mura"],"acf":[],"yoast_head":"<!-- This site is optimized with the Yoast SEO plugin v27.5 - https:\/\/yoast.com\/product\/yoast-seo-wordpress\/ -->\n<title>I borghi pi\u00f9 belli d\u2019Italia - Ignas Tour<\/title>\n<meta name=\"description\" content=\"Ogni anno vengono selezionati i borghi pi\u00f9 belli d&#039;Italia, perle del nostro paese ricche di storia e bellezze naturale. Primo posto Tropea\" \/>\n<meta name=\"robots\" content=\"index, follow, max-snippet:-1, max-image-preview:large, max-video-preview:-1\" \/>\n<link rel=\"canonical\" href=\"https:\/\/www.ignas.com\/it\/blog\/borghi-piu-belli-d-italia\/\" \/>\n<meta property=\"og:locale\" content=\"it_IT\" \/>\n<meta property=\"og:type\" content=\"article\" \/>\n<meta property=\"og:title\" content=\"I borghi pi\u00f9 belli d\u2019Italia - Ignas Tour\" \/>\n<meta property=\"og:description\" content=\"Ogni anno vengono selezionati i borghi pi\u00f9 belli d&#039;Italia, perle del nostro paese ricche di storia e bellezze naturale. Primo posto Tropea\" \/>\n<meta property=\"og:url\" content=\"https:\/\/www.ignas.com\/it\/blog\/borghi-piu-belli-d-italia\/\" \/>\n<meta property=\"og:site_name\" content=\"Ignas Tour\" \/>\n<meta property=\"article:published_time\" content=\"2017-10-25T22:00:00+00:00\" \/>\n<meta property=\"article:modified_time\" content=\"2024-11-05T13:50:18+00:00\" \/>\n<meta property=\"og:image\" content=\"https:\/\/www.ignas.com\/it\/blog\/wp-content\/uploads\/2017\/10\/locorotondo.jpeg\" \/>\n\t<meta property=\"og:image:width\" content=\"917\" \/>\n\t<meta property=\"og:image:height\" content=\"611\" \/>\n\t<meta property=\"og:image:type\" content=\"image\/jpeg\" \/>\n<meta name=\"author\" content=\"Fabrizio\" \/>\n<meta name=\"twitter:card\" content=\"summary_large_image\" \/>\n<meta name=\"twitter:label1\" content=\"Scritto da\" \/>\n\t<meta name=\"twitter:data1\" content=\"Fabrizio\" \/>\n\t<meta name=\"twitter:label2\" content=\"Tempo di lettura stimato\" \/>\n\t<meta name=\"twitter:data2\" content=\"21 minuti\" \/>\n<script type=\"application\/ld+json\" class=\"yoast-schema-graph\">{\"@context\":\"https:\\\/\\\/schema.org\",\"@graph\":[{\"@type\":\"Article\",\"@id\":\"https:\\\/\\\/www.ignas.com\\\/it\\\/blog\\\/borghi-piu-belli-d-italia\\\/#article\",\"isPartOf\":{\"@id\":\"https:\\\/\\\/www.ignas.com\\\/it\\\/blog\\\/borghi-piu-belli-d-italia\\\/\"},\"author\":{\"name\":\"Fabrizio\",\"@id\":\"https:\\\/\\\/www.ignas.com\\\/it\\\/blog\\\/#\\\/schema\\\/person\\\/cb41520c07db292cc5a20ce104e28a1d\"},\"headline\":\"I borghi pi\u00f9 belli d\u2019Italia\",\"datePublished\":\"2017-10-25T22:00:00+00:00\",\"dateModified\":\"2024-11-05T13:50:18+00:00\",\"mainEntityOfPage\":{\"@id\":\"https:\\\/\\\/www.ignas.com\\\/it\\\/blog\\\/borghi-piu-belli-d-italia\\\/\"},\"wordCount\":3142,\"commentCount\":5,\"publisher\":{\"@id\":\"https:\\\/\\\/www.ignas.com\\\/it\\\/blog\\\/#organization\"},\"image\":{\"@id\":\"https:\\\/\\\/www.ignas.com\\\/it\\\/blog\\\/borghi-piu-belli-d-italia\\\/#primaryimage\"},\"thumbnailUrl\":\"https:\\\/\\\/www.ignas.com\\\/it\\\/blog\\\/wp-content\\\/uploads\\\/2017\\\/10\\\/locorotondo.jpeg\",\"articleSection\":[\"Dietro le Mura\"],\"inLanguage\":\"it-IT\",\"potentialAction\":[{\"@type\":\"CommentAction\",\"name\":\"Comment\",\"target\":[\"https:\\\/\\\/www.ignas.com\\\/it\\\/blog\\\/borghi-piu-belli-d-italia\\\/#respond\"]}]},{\"@type\":\"WebPage\",\"@id\":\"https:\\\/\\\/www.ignas.com\\\/it\\\/blog\\\/borghi-piu-belli-d-italia\\\/\",\"url\":\"https:\\\/\\\/www.ignas.com\\\/it\\\/blog\\\/borghi-piu-belli-d-italia\\\/\",\"name\":\"I borghi pi\u00f9 belli d\u2019Italia - Ignas Tour\",\"isPartOf\":{\"@id\":\"https:\\\/\\\/www.ignas.com\\\/it\\\/blog\\\/#website\"},\"primaryImageOfPage\":{\"@id\":\"https:\\\/\\\/www.ignas.com\\\/it\\\/blog\\\/borghi-piu-belli-d-italia\\\/#primaryimage\"},\"image\":{\"@id\":\"https:\\\/\\\/www.ignas.com\\\/it\\\/blog\\\/borghi-piu-belli-d-italia\\\/#primaryimage\"},\"thumbnailUrl\":\"https:\\\/\\\/www.ignas.com\\\/it\\\/blog\\\/wp-content\\\/uploads\\\/2017\\\/10\\\/locorotondo.jpeg\",\"datePublished\":\"2017-10-25T22:00:00+00:00\",\"dateModified\":\"2024-11-05T13:50:18+00:00\",\"description\":\"Ogni anno vengono selezionati i borghi pi\u00f9 belli d'Italia, perle del nostro paese ricche di storia e bellezze naturale. Primo posto Tropea\",\"breadcrumb\":{\"@id\":\"https:\\\/\\\/www.ignas.com\\\/it\\\/blog\\\/borghi-piu-belli-d-italia\\\/#breadcrumb\"},\"inLanguage\":\"it-IT\",\"potentialAction\":[{\"@type\":\"ReadAction\",\"target\":[\"https:\\\/\\\/www.ignas.com\\\/it\\\/blog\\\/borghi-piu-belli-d-italia\\\/\"]}]},{\"@type\":\"ImageObject\",\"inLanguage\":\"it-IT\",\"@id\":\"https:\\\/\\\/www.ignas.com\\\/it\\\/blog\\\/borghi-piu-belli-d-italia\\\/#primaryimage\",\"url\":\"https:\\\/\\\/www.ignas.com\\\/it\\\/blog\\\/wp-content\\\/uploads\\\/2017\\\/10\\\/locorotondo.jpeg\",\"contentUrl\":\"https:\\\/\\\/www.ignas.com\\\/it\\\/blog\\\/wp-content\\\/uploads\\\/2017\\\/10\\\/locorotondo.jpeg\",\"width\":917,\"height\":611,\"caption\":\"locorotondo\"},{\"@type\":\"BreadcrumbList\",\"@id\":\"https:\\\/\\\/www.ignas.com\\\/it\\\/blog\\\/borghi-piu-belli-d-italia\\\/#breadcrumb\",\"itemListElement\":[{\"@type\":\"ListItem\",\"position\":1,\"name\":\"Home\",\"item\":\"https:\\\/\\\/www.ignas.com\\\/it\\\/blog\\\/\"},{\"@type\":\"ListItem\",\"position\":2,\"name\":\"I borghi pi\u00f9 belli d\u2019Italia\"}]},{\"@type\":\"WebSite\",\"@id\":\"https:\\\/\\\/www.ignas.com\\\/it\\\/blog\\\/#website\",\"url\":\"https:\\\/\\\/www.ignas.com\\\/it\\\/blog\\\/\",\"name\":\"Ignas Tour\",\"description\":\"\",\"publisher\":{\"@id\":\"https:\\\/\\\/www.ignas.com\\\/it\\\/blog\\\/#organization\"},\"potentialAction\":[{\"@type\":\"SearchAction\",\"target\":{\"@type\":\"EntryPoint\",\"urlTemplate\":\"https:\\\/\\\/www.ignas.com\\\/it\\\/blog\\\/?s={search_term_string}\"},\"query-input\":{\"@type\":\"PropertyValueSpecification\",\"valueRequired\":true,\"valueName\":\"search_term_string\"}}],\"inLanguage\":\"it-IT\"},{\"@type\":\"Organization\",\"@id\":\"https:\\\/\\\/www.ignas.com\\\/it\\\/blog\\\/#organization\",\"name\":\"Ignas Tour\",\"url\":\"https:\\\/\\\/www.ignas.com\\\/it\\\/blog\\\/\",\"logo\":{\"@type\":\"ImageObject\",\"inLanguage\":\"it-IT\",\"@id\":\"https:\\\/\\\/www.ignas.com\\\/it\\\/blog\\\/#\\\/schema\\\/logo\\\/image\\\/\",\"url\":\"https:\\\/\\\/www.ignas.com\\\/it\\\/blog\\\/wp-content\\\/uploads\\\/2020\\\/01\\\/logo-ignas-com-200.png\",\"contentUrl\":\"https:\\\/\\\/www.ignas.com\\\/it\\\/blog\\\/wp-content\\\/uploads\\\/2020\\\/01\\\/logo-ignas-com-200.png\",\"width\":1147,\"height\":329,\"caption\":\"Ignas Tour\"},\"image\":{\"@id\":\"https:\\\/\\\/www.ignas.com\\\/it\\\/blog\\\/#\\\/schema\\\/logo\\\/image\\\/\"}},{\"@type\":\"Person\",\"@id\":\"https:\\\/\\\/www.ignas.com\\\/it\\\/blog\\\/#\\\/schema\\\/person\\\/cb41520c07db292cc5a20ce104e28a1d\",\"name\":\"Fabrizio\",\"image\":{\"@type\":\"ImageObject\",\"inLanguage\":\"it-IT\",\"@id\":\"https:\\\/\\\/secure.gravatar.com\\\/avatar\\\/e17f60c58ebe3feb555b9028681e30cfd921758bbdd1f8e9816f1d7d08c1bd9f?s=96&d=mm&r=g\",\"url\":\"https:\\\/\\\/secure.gravatar.com\\\/avatar\\\/e17f60c58ebe3feb555b9028681e30cfd921758bbdd1f8e9816f1d7d08c1bd9f?s=96&d=mm&r=g\",\"contentUrl\":\"https:\\\/\\\/secure.gravatar.com\\\/avatar\\\/e17f60c58ebe3feb555b9028681e30cfd921758bbdd1f8e9816f1d7d08c1bd9f?s=96&d=mm&r=g\",\"caption\":\"Fabrizio\"},\"description\":\"Seo Copywriter\"}]}<\/script>\n<!-- \/ Yoast SEO plugin. -->","yoast_head_json":{"title":"I borghi pi\u00f9 belli d\u2019Italia - Ignas Tour","description":"Ogni anno vengono selezionati i borghi pi\u00f9 belli d'Italia, perle del nostro paese ricche di storia e bellezze naturale. Primo posto Tropea","robots":{"index":"index","follow":"follow","max-snippet":"max-snippet:-1","max-image-preview":"max-image-preview:large","max-video-preview":"max-video-preview:-1"},"canonical":"https:\/\/www.ignas.com\/it\/blog\/borghi-piu-belli-d-italia\/","og_locale":"it_IT","og_type":"article","og_title":"I borghi pi\u00f9 belli d\u2019Italia - Ignas Tour","og_description":"Ogni anno vengono selezionati i borghi pi\u00f9 belli d'Italia, perle del nostro paese ricche di storia e bellezze naturale. Primo posto Tropea","og_url":"https:\/\/www.ignas.com\/it\/blog\/borghi-piu-belli-d-italia\/","og_site_name":"Ignas Tour","article_published_time":"2017-10-25T22:00:00+00:00","article_modified_time":"2024-11-05T13:50:18+00:00","og_image":[{"width":917,"height":611,"url":"https:\/\/www.ignas.com\/it\/blog\/wp-content\/uploads\/2017\/10\/locorotondo.jpeg","type":"image\/jpeg"}],"author":"Fabrizio","twitter_card":"summary_large_image","twitter_misc":{"Scritto da":"Fabrizio","Tempo di lettura stimato":"21 minuti"},"schema":{"@context":"https:\/\/schema.org","@graph":[{"@type":"Article","@id":"https:\/\/www.ignas.com\/it\/blog\/borghi-piu-belli-d-italia\/#article","isPartOf":{"@id":"https:\/\/www.ignas.com\/it\/blog\/borghi-piu-belli-d-italia\/"},"author":{"name":"Fabrizio","@id":"https:\/\/www.ignas.com\/it\/blog\/#\/schema\/person\/cb41520c07db292cc5a20ce104e28a1d"},"headline":"I borghi pi\u00f9 belli d\u2019Italia","datePublished":"2017-10-25T22:00:00+00:00","dateModified":"2024-11-05T13:50:18+00:00","mainEntityOfPage":{"@id":"https:\/\/www.ignas.com\/it\/blog\/borghi-piu-belli-d-italia\/"},"wordCount":3142,"commentCount":5,"publisher":{"@id":"https:\/\/www.ignas.com\/it\/blog\/#organization"},"image":{"@id":"https:\/\/www.ignas.com\/it\/blog\/borghi-piu-belli-d-italia\/#primaryimage"},"thumbnailUrl":"https:\/\/www.ignas.com\/it\/blog\/wp-content\/uploads\/2017\/10\/locorotondo.jpeg","articleSection":["Dietro le Mura"],"inLanguage":"it-IT","potentialAction":[{"@type":"CommentAction","name":"Comment","target":["https:\/\/www.ignas.com\/it\/blog\/borghi-piu-belli-d-italia\/#respond"]}]},{"@type":"WebPage","@id":"https:\/\/www.ignas.com\/it\/blog\/borghi-piu-belli-d-italia\/","url":"https:\/\/www.ignas.com\/it\/blog\/borghi-piu-belli-d-italia\/","name":"I borghi pi\u00f9 belli d\u2019Italia - Ignas Tour","isPartOf":{"@id":"https:\/\/www.ignas.com\/it\/blog\/#website"},"primaryImageOfPage":{"@id":"https:\/\/www.ignas.com\/it\/blog\/borghi-piu-belli-d-italia\/#primaryimage"},"image":{"@id":"https:\/\/www.ignas.com\/it\/blog\/borghi-piu-belli-d-italia\/#primaryimage"},"thumbnailUrl":"https:\/\/www.ignas.com\/it\/blog\/wp-content\/uploads\/2017\/10\/locorotondo.jpeg","datePublished":"2017-10-25T22:00:00+00:00","dateModified":"2024-11-05T13:50:18+00:00","description":"Ogni anno vengono selezionati i borghi pi\u00f9 belli d'Italia, perle del nostro paese ricche di storia e bellezze naturale. Primo posto Tropea","breadcrumb":{"@id":"https:\/\/www.ignas.com\/it\/blog\/borghi-piu-belli-d-italia\/#breadcrumb"},"inLanguage":"it-IT","potentialAction":[{"@type":"ReadAction","target":["https:\/\/www.ignas.com\/it\/blog\/borghi-piu-belli-d-italia\/"]}]},{"@type":"ImageObject","inLanguage":"it-IT","@id":"https:\/\/www.ignas.com\/it\/blog\/borghi-piu-belli-d-italia\/#primaryimage","url":"https:\/\/www.ignas.com\/it\/blog\/wp-content\/uploads\/2017\/10\/locorotondo.jpeg","contentUrl":"https:\/\/www.ignas.com\/it\/blog\/wp-content\/uploads\/2017\/10\/locorotondo.jpeg","width":917,"height":611,"caption":"locorotondo"},{"@type":"BreadcrumbList","@id":"https:\/\/www.ignas.com\/it\/blog\/borghi-piu-belli-d-italia\/#breadcrumb","itemListElement":[{"@type":"ListItem","position":1,"name":"Home","item":"https:\/\/www.ignas.com\/it\/blog\/"},{"@type":"ListItem","position":2,"name":"I borghi pi\u00f9 belli d\u2019Italia"}]},{"@type":"WebSite","@id":"https:\/\/www.ignas.com\/it\/blog\/#website","url":"https:\/\/www.ignas.com\/it\/blog\/","name":"Ignas Tour","description":"","publisher":{"@id":"https:\/\/www.ignas.com\/it\/blog\/#organization"},"potentialAction":[{"@type":"SearchAction","target":{"@type":"EntryPoint","urlTemplate":"https:\/\/www.ignas.com\/it\/blog\/?s={search_term_string}"},"query-input":{"@type":"PropertyValueSpecification","valueRequired":true,"valueName":"search_term_string"}}],"inLanguage":"it-IT"},{"@type":"Organization","@id":"https:\/\/www.ignas.com\/it\/blog\/#organization","name":"Ignas Tour","url":"https:\/\/www.ignas.com\/it\/blog\/","logo":{"@type":"ImageObject","inLanguage":"it-IT","@id":"https:\/\/www.ignas.com\/it\/blog\/#\/schema\/logo\/image\/","url":"https:\/\/www.ignas.com\/it\/blog\/wp-content\/uploads\/2020\/01\/logo-ignas-com-200.png","contentUrl":"https:\/\/www.ignas.com\/it\/blog\/wp-content\/uploads\/2020\/01\/logo-ignas-com-200.png","width":1147,"height":329,"caption":"Ignas Tour"},"image":{"@id":"https:\/\/www.ignas.com\/it\/blog\/#\/schema\/logo\/image\/"}},{"@type":"Person","@id":"https:\/\/www.ignas.com\/it\/blog\/#\/schema\/person\/cb41520c07db292cc5a20ce104e28a1d","name":"Fabrizio","image":{"@type":"ImageObject","inLanguage":"it-IT","@id":"https:\/\/secure.gravatar.com\/avatar\/e17f60c58ebe3feb555b9028681e30cfd921758bbdd1f8e9816f1d7d08c1bd9f?s=96&d=mm&r=g","url":"https:\/\/secure.gravatar.com\/avatar\/e17f60c58ebe3feb555b9028681e30cfd921758bbdd1f8e9816f1d7d08c1bd9f?s=96&d=mm&r=g","contentUrl":"https:\/\/secure.gravatar.com\/avatar\/e17f60c58ebe3feb555b9028681e30cfd921758bbdd1f8e9816f1d7d08c1bd9f?s=96&d=mm&r=g","caption":"Fabrizio"},"description":"Seo Copywriter"}]}},"modified_by":"Denise Basano","_links":{"self":[{"href":"https:\/\/www.ignas.com\/it\/blog\/wp-json\/wp\/v2\/posts\/22726","targetHints":{"allow":["GET"]}}],"collection":[{"href":"https:\/\/www.ignas.com\/it\/blog\/wp-json\/wp\/v2\/posts"}],"about":[{"href":"https:\/\/www.ignas.com\/it\/blog\/wp-json\/wp\/v2\/types\/post"}],"author":[{"embeddable":true,"href":"https:\/\/www.ignas.com\/it\/blog\/wp-json\/wp\/v2\/users\/2"}],"replies":[{"embeddable":true,"href":"https:\/\/www.ignas.com\/it\/blog\/wp-json\/wp\/v2\/comments?post=22726"}],"version-history":[{"count":35,"href":"https:\/\/www.ignas.com\/it\/blog\/wp-json\/wp\/v2\/posts\/22726\/revisions"}],"predecessor-version":[{"id":28302,"href":"https:\/\/www.ignas.com\/it\/blog\/wp-json\/wp\/v2\/posts\/22726\/revisions\/28302"}],"wp:featuredmedia":[{"embeddable":true,"href":"https:\/\/www.ignas.com\/it\/blog\/wp-json\/wp\/v2\/media\/26836"}],"wp:attachment":[{"href":"https:\/\/www.ignas.com\/it\/blog\/wp-json\/wp\/v2\/media?parent=22726"}],"wp:term":[{"taxonomy":"category","embeddable":true,"href":"https:\/\/www.ignas.com\/it\/blog\/wp-json\/wp\/v2\/categories?post=22726"},{"taxonomy":"post_tag","embeddable":true,"href":"https:\/\/www.ignas.com\/it\/blog\/wp-json\/wp\/v2\/tags?post=22726"}],"curies":[{"name":"wp","href":"https:\/\/api.w.org\/{rel}","templated":true}]}}