{"id":22686,"date":"2018-03-12T00:00:00","date_gmt":"2018-03-11T23:00:00","guid":{"rendered":"http:\/\/52.212.170.109\/estate-in-val-di-fiemme-2"},"modified":"2024-05-08T16:59:16","modified_gmt":"2024-05-08T14:59:16","slug":"estate-in-val-di-fiemme","status":"publish","type":"post","link":"https:\/\/www.ignas.com\/it\/blog\/estate-in-val-di-fiemme\/","title":{"rendered":"Cosa fare in estate in Val di Fiemme"},"content":{"rendered":"<p>Sempre molte pi\u00f9 persone scelgono di trascorrere le proprie <strong>vacanze estive in montagna<\/strong> alla ricerca di pace e tranquillit\u00e0, c&#8217;\u00e8 chi desidera uno stretto <strong>contatto con la natura<\/strong>, chi \u00e8 attratto dalla possibilit\u00e0 di fare moltissime <strong>attivit\u00e0 sportive<\/strong> e chi vuole semplicemente godersi tanto, tanto <strong>relax<\/strong>. Che siate dei giovani avventurosi, delle famiglie con bambini o degli adulti con qualche anno in pi\u00f9, poco conta: la <strong>Val di Fiemme <\/strong>ha molto da offrire a tutti.<\/p>\n<p>Venite con noi alla scoperta delle cinque attivit\u00e0 da fare assolutamente in Val di Fiemme, nella cornice delle splendide Dolomiti.<\/p>\n<h6 style=\"text-align: right;\"><\/h6>\n<h2><span class=\"ez-toc-section\" id=\"1_In_bici_sulla_Pista_Ciclabile_delle_Dolomiti\"><\/span>1. In bici sulla Pista Ciclabile delle Dolomiti<span class=\"ez-toc-section-end\"><\/span><\/h2><div id=\"ez-toc-container\" class=\"ez-toc-v2_0_82_2 counter-hierarchy ez-toc-counter ez-toc-white ez-toc-container-direction\">\n<div class=\"ez-toc-title-container\">\n<p class=\"ez-toc-title\" style=\"cursor:inherit\"><\/p>\n<span class=\"ez-toc-title-toggle\"><a href=\"#\" class=\"ez-toc-pull-right ez-toc-btn ez-toc-btn-xs ez-toc-btn-default ez-toc-toggle\" aria-label=\"Toggle Table of Content\"><span class=\"ez-toc-js-icon-con\"><span class=\"\"><span class=\"eztoc-hide\" style=\"display:none;\">Toggle<\/span><span class=\"ez-toc-icon-toggle-span\"><svg style=\"fill: #999;color:#999\" xmlns=\"http:\/\/www.w3.org\/2000\/svg\" class=\"list-377408\" width=\"20px\" height=\"20px\" viewBox=\"0 0 24 24\" fill=\"none\"><path d=\"M6 6H4v2h2V6zm14 0H8v2h12V6zM4 11h2v2H4v-2zm16 0H8v2h12v-2zM4 16h2v2H4v-2zm16 0H8v2h12v-2z\" fill=\"currentColor\"><\/path><\/svg><svg style=\"fill: #999;color:#999\" class=\"arrow-unsorted-368013\" xmlns=\"http:\/\/www.w3.org\/2000\/svg\" width=\"10px\" height=\"10px\" viewBox=\"0 0 24 24\" version=\"1.2\" baseProfile=\"tiny\"><path d=\"M18.2 9.3l-6.2-6.3-6.2 6.3c-.2.2-.3.4-.3.7s.1.5.3.7c.2.2.4.3.7.3h11c.3 0 .5-.1.7-.3.2-.2.3-.5.3-.7s-.1-.5-.3-.7zM5.8 14.7l6.2 6.3 6.2-6.3c.2-.2.3-.5.3-.7s-.1-.5-.3-.7c-.2-.2-.4-.3-.7-.3h-11c-.3 0-.5.1-.7.3-.2.2-.3.5-.3.7s.1.5.3.7z\"\/><\/svg><\/span><\/span><\/span><\/a><\/span><\/div>\n<nav><ul class='ez-toc-list ez-toc-list-level-1 eztoc-toggle-hide-by-default' ><li class='ez-toc-page-1 ez-toc-heading-level-2'><a class=\"ez-toc-link ez-toc-heading-1\" href=\"https:\/\/www.ignas.com\/it\/blog\/estate-in-val-di-fiemme\/#1_In_bici_sulla_Pista_Ciclabile_delle_Dolomiti\" >1. In bici sulla Pista Ciclabile delle Dolomiti<\/a><\/li><li class='ez-toc-page-1 ez-toc-heading-level-2'><a class=\"ez-toc-link ez-toc-heading-2\" href=\"https:\/\/www.ignas.com\/it\/blog\/estate-in-val-di-fiemme\/#2_Alla_scoperta_del_sentiero_geologico_del_Feudo\" >2. Alla scoperta del sentiero geologico del Feudo<\/a><\/li><li class='ez-toc-page-1 ez-toc-heading-level-2'><a class=\"ez-toc-link ez-toc-heading-3\" href=\"https:\/\/www.ignas.com\/it\/blog\/estate-in-val-di-fiemme\/#3_Adrenalina_sulle_montagne_russe_a_Gardone\" >3. Adrenalina sulle montagne russe a Gardon\u00e8<\/a><\/li><li class='ez-toc-page-1 ez-toc-heading-level-2'><a class=\"ez-toc-link ez-toc-heading-4\" href=\"https:\/\/www.ignas.com\/it\/blog\/estate-in-val-di-fiemme\/#4_Trekking_in_Val_di_Fiemme\" >4. Trekking in Val di Fiemme<\/a><\/li><li class='ez-toc-page-1 ez-toc-heading-level-2'><a class=\"ez-toc-link ez-toc-heading-5\" href=\"https:\/\/www.ignas.com\/it\/blog\/estate-in-val-di-fiemme\/#5_Mangiare_in_Val_Venegia\" >5. Mangiare in Val Venegia<\/a><\/li><\/ul><\/nav><\/div>\n\n<p>La <strong>Pista Ciclabile delle Dolomiti<\/strong> percorre un percorso di circa 45 km, con 600 metri di dislivello, e attraversa tutta la Val di Fiemme, collegandola con la Val di Fassa: a partire da Molina di Fiemme potete raggiungere Canazei pedalando fra i <strong>prati<\/strong>, circondati da tipici <strong>masi <\/strong>e a lato di freschi <strong>ruscelli<\/strong>.<\/p>\n<p>Per i pi\u00f9 allenati la pista pu\u00f2 essere utilizzata come riscaldamento per affrontare poi i <a href=\"https:\/\/www.visittrentino.info\/it\/articoli\/outdoor\/sellaronda\"><strong>quattro passi dolomitici Sellaronda<\/strong><\/a>, mentre per chi volesse concetrarsi pi\u00f9 sul panorama che sulla prestazione fisica, da fine giugno a met\u00e0 settembre pu\u00f2 usufruire delle navette <strong>Fiemme Fassa Bike Express<\/strong> per la risalita percorrendo poi la pista ciclabile in <strong>discesa<\/strong>.<\/p>\n<h6 style=\"text-align: right;\">pg visitfiemme.it, foto orlerimages.com<\/h6>\n<h2><span class=\"ez-toc-section\" id=\"2_Alla_scoperta_del_sentiero_geologico_del_Feudo\"><\/span>2. Alla scoperta del sentiero geologico del Feudo<span class=\"ez-toc-section-end\"><\/span><\/h2>\n<p>Lo sapevate che le<strong> rocce dolomitiche<\/strong> racchiudono una storia di oltre <strong>200 milioni di anni<\/strong>? Avreste mia pensato che una volta queste cime fossero <strong>sommerse dal<\/strong> <strong>mare<\/strong>? E sapevate che in mezzo allo strato di calcare dolomitico si trova traccia della lava del <a href=\"https:\/\/www.visittrentino.info\/it\/guida\/eventi\/predazzo-c-era-una-volta-un-vulcano_e_57830805\"><strong>vulcano di Predazzo<\/strong><\/a>, che erutt\u00f2 ben 238 milioni di fa? Il sentiero <a href=\"https:\/\/www.visittrentino.info\/it\/guida\/tour\/geotrail-dos-capel_tour_26642786\"><strong>Geotrail Dos Cap\u00e8l <\/strong><\/a>vi porter\u00e0 alla scoperta di tutto ci\u00f2 e molto di pi\u00f9: le numerose <strong>installazioni <\/strong>interattive vi spiegheranno gli <strong>eventi geologici <\/strong>che hanno portato alla creazione dell&#8217;incantevole <strong>universo dolomitico<\/strong>. La passeggiata \u00e8 di media difficolt\u00e0 ed \u00e8 adatta anche ai bambini.<\/p>\n<h6 style=\"text-align: right;\">pg visitfiemme.it, foto orlerimages.com<\/h6>\n<h2><span class=\"ez-toc-section\" id=\"3_Adrenalina_sulle_montagne_russe_a_Gardone\"><\/span>3. Adrenalina sulle montagne russe a Gardon\u00e8<span class=\"ez-toc-section-end\"><\/span><\/h2>\n<p>L&#8217;<a href=\"https:\/\/www.visittrentino.info\/it\/guida\/attivita-outdoor\/parchi-avventura\/alpine-coaster-gardone_md_419\"><strong>Alpine Coaster Gardon\u00e8<\/strong><\/a> altro non \u00e8 che una <strong>montagna russa<\/strong> che scende tra i verdi prati della Val di Fiemme! Degli slittini a 2 posti, simili a dei bob, scendono lungo una rotaia in un susseguirsi di curve <strong>tra i boschi <\/strong>di abeti, larici e cirmoli del Feudo. Il circuito ad anello scende per <strong>980 metri<\/strong> e la velocit\u00e0 pu\u00f2 essere regolata in autonomia fino ad un massimo di <strong>40 km\/h<\/strong>. I bambini devono essere accompagnati da un adulto.<\/p>\n<p>&nbsp;<\/p>\n<h2><span class=\"ez-toc-section\" id=\"4_Trekking_in_Val_di_Fiemme\"><\/span>4. Trekking in Val di Fiemme<span class=\"ez-toc-section-end\"><\/span><\/h2>\n<p>Ci troviamo nella patria del <strong>trekking<\/strong>: l&#8217;offerta di sentieri per fare escursioni \u00e8 davvero ampia e soddisfa davvero tutti, dai principianti ai pi\u00f9 esperti. Durante una vacanza in Val di Fiemme vi raccomandiamo di fare almeno un&#8217;escursione a<a href=\"https:\/\/www.visittrentino.info\/it\/trentino\/destinazioni\/passo-rolle_md_118\"> <strong>passo Rolle <\/strong><\/a>per la vista mozzafiato.<\/p>\n<p>Non dimenticatevi poi di fare una sosta a<a href=\"https:\/\/it.wikipedia.org\/wiki\/Paneveggio\"> <strong>Paneveggio <\/strong><\/a>per vedere i <strong>cervi <\/strong>dal vivo, \u00e8 sempre una grande emozione.<\/p>\n<p>&nbsp;<\/p>\n<h2><span class=\"ez-toc-section\" id=\"5_Mangiare_in_Val_Venegia\"><\/span>5. Mangiare in Val Venegia<span class=\"ez-toc-section-end\"><\/span><\/h2>\n<p>La <strong>Val Venegia<\/strong>, nella parte settentrionale del <a href=\"https:\/\/www.parcopan.org\/\"><strong>Parco Paneveggio Pale di San Martino<\/strong><\/a>, \u00e8 una valle di orgine glaciale che pu\u00f2 essere considerata un giardino botanico per la grande quantit\u00e0 di diverse specie di piante presenti (ne sono state censite pi\u00f9 di 500). Le escursioni in questa zona sono alla portata di tutti e conducono a due <strong>malghe<\/strong>, <strong>Venegia <\/strong>e <strong>Venegiota<\/strong>, dove potrete ammirare anche gli animali al pascolo.<\/p>\n<p>E visto che l&#8217;aria di montagna fa sempre venire un sano <strong>apettito<\/strong>, ecco arrivato il momento di assaggiare i gustosissimi <strong>piatti tipici del Trentino <\/strong>in queste malghe calorose ed accoglienti: buon appetito a tutti!<\/p>\n<p><a href=\"https:\/\/www.ignas.com\/it\/offerte-val-di-fiemme\" target=\"_blank\" rel=\"noopener noreferrer\"><span style=\"color: #ff6c36;\"><u><strong>Scopri tutte le offerte per\u00a0 una vacanza da sogno in Val di Fiemme\u00a0 in Trentino<\/strong><\/u><\/span><\/a><\/p>\n","protected":false},"excerpt":{"rendered":"<p>Sempre molte pi\u00f9 persone scelgono di trascorrere le proprie vacanze estive in montagna alla ricerca di pace e tranquillit\u00e0, c&#8217;\u00e8 chi desidera uno stretto contatto con la natura, chi \u00e8 attratto dalla possibilit\u00e0 di fare moltissime attivit\u00e0 sportive e chi vuole semplicemente godersi tanto, tanto relax. Che siate dei giovani avventurosi, delle famiglie con bambini [&hellip;]<\/p>\n","protected":false},"author":3,"featured_media":21573,"comment_status":"open","ping_status":"open","sticky":false,"template":"","format":"standard","meta":{"_acf_changed":false,"inline_featured_image":false,"_lmt_disableupdate":"no","_lmt_disable":"no","_monsterinsights_skip_tracking":false,"_monsterinsights_sitenote_active":false,"_monsterinsights_sitenote_note":"","_monsterinsights_sitenote_category":0,"footnotes":""},"categories":[4],"tags":[],"class_list":["post-22686","post","type-post","status-publish","format-standard","has-post-thumbnail","hentry","category-alta-quota"],"acf":[],"yoast_head":"<!-- This site is optimized with the Yoast SEO plugin v27.5 - https:\/\/yoast.com\/product\/yoast-seo-wordpress\/ -->\n<title>Cosa fare in estate in Val di Fiemme - Ignas Tour<\/title>\n<meta name=\"description\" content=\"Venite con noi alla scoperta delle cinque attivit\u00e0 da fare assolutamente in Val di Fiemme, nella cornice delle splendide Dolomiti.\" \/>\n<meta name=\"robots\" content=\"index, follow, max-snippet:-1, max-image-preview:large, max-video-preview:-1\" \/>\n<link rel=\"canonical\" href=\"https:\/\/www.ignas.com\/it\/blog\/estate-in-val-di-fiemme\/\" \/>\n<meta property=\"og:locale\" content=\"it_IT\" \/>\n<meta property=\"og:type\" content=\"article\" \/>\n<meta property=\"og:title\" content=\"Cosa fare in estate in Val di Fiemme - Ignas Tour\" \/>\n<meta property=\"og:description\" content=\"Venite con noi alla scoperta delle cinque attivit\u00e0 da fare assolutamente in Val di Fiemme, nella cornice delle splendide Dolomiti.\" \/>\n<meta property=\"og:url\" content=\"https:\/\/www.ignas.com\/it\/blog\/estate-in-val-di-fiemme\/\" \/>\n<meta property=\"og:site_name\" content=\"Ignas Tour\" \/>\n<meta property=\"article:published_time\" content=\"2018-03-11T23:00:00+00:00\" \/>\n<meta property=\"article:modified_time\" content=\"2024-05-08T14:59:16+00:00\" \/>\n<meta property=\"og:image\" content=\"https:\/\/www.ignas.com\/it\/blog\/wp-content\/uploads\/2018\/03\/Pale-di-San-Martino-Dolomiti-Val-di-Fiemme.jpg\" \/>\n\t<meta property=\"og:image:width\" content=\"960\" \/>\n\t<meta property=\"og:image:height\" content=\"600\" \/>\n\t<meta property=\"og:image:type\" content=\"image\/jpeg\" \/>\n<meta name=\"author\" content=\"Denise Basano\" \/>\n<meta name=\"twitter:card\" content=\"summary_large_image\" \/>\n<meta name=\"twitter:label1\" content=\"Scritto da\" \/>\n\t<meta name=\"twitter:data1\" content=\"Denise Basano\" \/>\n\t<meta name=\"twitter:label2\" content=\"Tempo di lettura stimato\" \/>\n\t<meta name=\"twitter:data2\" content=\"4 minuti\" \/>\n<script type=\"application\/ld+json\" class=\"yoast-schema-graph\">{\"@context\":\"https:\\\/\\\/schema.org\",\"@graph\":[{\"@type\":\"Article\",\"@id\":\"https:\\\/\\\/www.ignas.com\\\/it\\\/blog\\\/estate-in-val-di-fiemme\\\/#article\",\"isPartOf\":{\"@id\":\"https:\\\/\\\/www.ignas.com\\\/it\\\/blog\\\/estate-in-val-di-fiemme\\\/\"},\"author\":{\"name\":\"Denise Basano\",\"@id\":\"https:\\\/\\\/www.ignas.com\\\/it\\\/blog\\\/#\\\/schema\\\/person\\\/5631a37ffdfcd651f50931ad19459b25\"},\"headline\":\"Cosa fare in estate in Val di Fiemme\",\"datePublished\":\"2018-03-11T23:00:00+00:00\",\"dateModified\":\"2024-05-08T14:59:16+00:00\",\"mainEntityOfPage\":{\"@id\":\"https:\\\/\\\/www.ignas.com\\\/it\\\/blog\\\/estate-in-val-di-fiemme\\\/\"},\"wordCount\":601,\"commentCount\":0,\"publisher\":{\"@id\":\"https:\\\/\\\/www.ignas.com\\\/it\\\/blog\\\/#organization\"},\"image\":{\"@id\":\"https:\\\/\\\/www.ignas.com\\\/it\\\/blog\\\/estate-in-val-di-fiemme\\\/#primaryimage\"},\"thumbnailUrl\":\"https:\\\/\\\/www.ignas.com\\\/it\\\/blog\\\/wp-content\\\/uploads\\\/2018\\\/03\\\/Pale-di-San-Martino-Dolomiti-Val-di-Fiemme.jpg\",\"articleSection\":[\"Alta Quota\"],\"inLanguage\":\"it-IT\",\"potentialAction\":[{\"@type\":\"CommentAction\",\"name\":\"Comment\",\"target\":[\"https:\\\/\\\/www.ignas.com\\\/it\\\/blog\\\/estate-in-val-di-fiemme\\\/#respond\"]}]},{\"@type\":\"WebPage\",\"@id\":\"https:\\\/\\\/www.ignas.com\\\/it\\\/blog\\\/estate-in-val-di-fiemme\\\/\",\"url\":\"https:\\\/\\\/www.ignas.com\\\/it\\\/blog\\\/estate-in-val-di-fiemme\\\/\",\"name\":\"Cosa fare in estate in Val di Fiemme - Ignas Tour\",\"isPartOf\":{\"@id\":\"https:\\\/\\\/www.ignas.com\\\/it\\\/blog\\\/#website\"},\"primaryImageOfPage\":{\"@id\":\"https:\\\/\\\/www.ignas.com\\\/it\\\/blog\\\/estate-in-val-di-fiemme\\\/#primaryimage\"},\"image\":{\"@id\":\"https:\\\/\\\/www.ignas.com\\\/it\\\/blog\\\/estate-in-val-di-fiemme\\\/#primaryimage\"},\"thumbnailUrl\":\"https:\\\/\\\/www.ignas.com\\\/it\\\/blog\\\/wp-content\\\/uploads\\\/2018\\\/03\\\/Pale-di-San-Martino-Dolomiti-Val-di-Fiemme.jpg\",\"datePublished\":\"2018-03-11T23:00:00+00:00\",\"dateModified\":\"2024-05-08T14:59:16+00:00\",\"description\":\"Venite con noi alla scoperta delle cinque attivit\u00e0 da fare assolutamente in Val di Fiemme, nella cornice delle splendide Dolomiti.\",\"breadcrumb\":{\"@id\":\"https:\\\/\\\/www.ignas.com\\\/it\\\/blog\\\/estate-in-val-di-fiemme\\\/#breadcrumb\"},\"inLanguage\":\"it-IT\",\"potentialAction\":[{\"@type\":\"ReadAction\",\"target\":[\"https:\\\/\\\/www.ignas.com\\\/it\\\/blog\\\/estate-in-val-di-fiemme\\\/\"]}]},{\"@type\":\"ImageObject\",\"inLanguage\":\"it-IT\",\"@id\":\"https:\\\/\\\/www.ignas.com\\\/it\\\/blog\\\/estate-in-val-di-fiemme\\\/#primaryimage\",\"url\":\"https:\\\/\\\/www.ignas.com\\\/it\\\/blog\\\/wp-content\\\/uploads\\\/2018\\\/03\\\/Pale-di-San-Martino-Dolomiti-Val-di-Fiemme.jpg\",\"contentUrl\":\"https:\\\/\\\/www.ignas.com\\\/it\\\/blog\\\/wp-content\\\/uploads\\\/2018\\\/03\\\/Pale-di-San-Martino-Dolomiti-Val-di-Fiemme.jpg\",\"width\":960,\"height\":600,\"caption\":\"Pale di san martino dolomiti\"},{\"@type\":\"BreadcrumbList\",\"@id\":\"https:\\\/\\\/www.ignas.com\\\/it\\\/blog\\\/estate-in-val-di-fiemme\\\/#breadcrumb\",\"itemListElement\":[{\"@type\":\"ListItem\",\"position\":1,\"name\":\"Home\",\"item\":\"https:\\\/\\\/www.ignas.com\\\/it\\\/blog\\\/\"},{\"@type\":\"ListItem\",\"position\":2,\"name\":\"Cosa fare in estate in Val di Fiemme\"}]},{\"@type\":\"WebSite\",\"@id\":\"https:\\\/\\\/www.ignas.com\\\/it\\\/blog\\\/#website\",\"url\":\"https:\\\/\\\/www.ignas.com\\\/it\\\/blog\\\/\",\"name\":\"Ignas Tour\",\"description\":\"\",\"publisher\":{\"@id\":\"https:\\\/\\\/www.ignas.com\\\/it\\\/blog\\\/#organization\"},\"potentialAction\":[{\"@type\":\"SearchAction\",\"target\":{\"@type\":\"EntryPoint\",\"urlTemplate\":\"https:\\\/\\\/www.ignas.com\\\/it\\\/blog\\\/?s={search_term_string}\"},\"query-input\":{\"@type\":\"PropertyValueSpecification\",\"valueRequired\":true,\"valueName\":\"search_term_string\"}}],\"inLanguage\":\"it-IT\"},{\"@type\":\"Organization\",\"@id\":\"https:\\\/\\\/www.ignas.com\\\/it\\\/blog\\\/#organization\",\"name\":\"Ignas Tour\",\"url\":\"https:\\\/\\\/www.ignas.com\\\/it\\\/blog\\\/\",\"logo\":{\"@type\":\"ImageObject\",\"inLanguage\":\"it-IT\",\"@id\":\"https:\\\/\\\/www.ignas.com\\\/it\\\/blog\\\/#\\\/schema\\\/logo\\\/image\\\/\",\"url\":\"https:\\\/\\\/www.ignas.com\\\/it\\\/blog\\\/wp-content\\\/uploads\\\/2020\\\/01\\\/logo-ignas-com-200.png\",\"contentUrl\":\"https:\\\/\\\/www.ignas.com\\\/it\\\/blog\\\/wp-content\\\/uploads\\\/2020\\\/01\\\/logo-ignas-com-200.png\",\"width\":1147,\"height\":329,\"caption\":\"Ignas Tour\"},\"image\":{\"@id\":\"https:\\\/\\\/www.ignas.com\\\/it\\\/blog\\\/#\\\/schema\\\/logo\\\/image\\\/\"}},{\"@type\":\"Person\",\"@id\":\"https:\\\/\\\/www.ignas.com\\\/it\\\/blog\\\/#\\\/schema\\\/person\\\/5631a37ffdfcd651f50931ad19459b25\",\"name\":\"Denise Basano\",\"image\":{\"@type\":\"ImageObject\",\"inLanguage\":\"it-IT\",\"@id\":\"https:\\\/\\\/secure.gravatar.com\\\/avatar\\\/1b67bf83da25015d03ee29992767c06d53ef83b0e87847b1d483ccdd7cf95696?s=96&d=mm&r=g\",\"url\":\"https:\\\/\\\/secure.gravatar.com\\\/avatar\\\/1b67bf83da25015d03ee29992767c06d53ef83b0e87847b1d483ccdd7cf95696?s=96&d=mm&r=g\",\"contentUrl\":\"https:\\\/\\\/secure.gravatar.com\\\/avatar\\\/1b67bf83da25015d03ee29992767c06d53ef83b0e87847b1d483ccdd7cf95696?s=96&d=mm&r=g\",\"caption\":\"Denise Basano\"}}]}<\/script>\n<!-- \/ Yoast SEO plugin. -->","yoast_head_json":{"title":"Cosa fare in estate in Val di Fiemme - Ignas Tour","description":"Venite con noi alla scoperta delle cinque attivit\u00e0 da fare assolutamente in Val di Fiemme, nella cornice delle splendide Dolomiti.","robots":{"index":"index","follow":"follow","max-snippet":"max-snippet:-1","max-image-preview":"max-image-preview:large","max-video-preview":"max-video-preview:-1"},"canonical":"https:\/\/www.ignas.com\/it\/blog\/estate-in-val-di-fiemme\/","og_locale":"it_IT","og_type":"article","og_title":"Cosa fare in estate in Val di Fiemme - Ignas Tour","og_description":"Venite con noi alla scoperta delle cinque attivit\u00e0 da fare assolutamente in Val di Fiemme, nella cornice delle splendide Dolomiti.","og_url":"https:\/\/www.ignas.com\/it\/blog\/estate-in-val-di-fiemme\/","og_site_name":"Ignas Tour","article_published_time":"2018-03-11T23:00:00+00:00","article_modified_time":"2024-05-08T14:59:16+00:00","og_image":[{"width":960,"height":600,"url":"https:\/\/www.ignas.com\/it\/blog\/wp-content\/uploads\/2018\/03\/Pale-di-San-Martino-Dolomiti-Val-di-Fiemme.jpg","type":"image\/jpeg"}],"author":"Denise Basano","twitter_card":"summary_large_image","twitter_misc":{"Scritto da":"Denise Basano","Tempo di lettura stimato":"4 minuti"},"schema":{"@context":"https:\/\/schema.org","@graph":[{"@type":"Article","@id":"https:\/\/www.ignas.com\/it\/blog\/estate-in-val-di-fiemme\/#article","isPartOf":{"@id":"https:\/\/www.ignas.com\/it\/blog\/estate-in-val-di-fiemme\/"},"author":{"name":"Denise Basano","@id":"https:\/\/www.ignas.com\/it\/blog\/#\/schema\/person\/5631a37ffdfcd651f50931ad19459b25"},"headline":"Cosa fare in estate in Val di Fiemme","datePublished":"2018-03-11T23:00:00+00:00","dateModified":"2024-05-08T14:59:16+00:00","mainEntityOfPage":{"@id":"https:\/\/www.ignas.com\/it\/blog\/estate-in-val-di-fiemme\/"},"wordCount":601,"commentCount":0,"publisher":{"@id":"https:\/\/www.ignas.com\/it\/blog\/#organization"},"image":{"@id":"https:\/\/www.ignas.com\/it\/blog\/estate-in-val-di-fiemme\/#primaryimage"},"thumbnailUrl":"https:\/\/www.ignas.com\/it\/blog\/wp-content\/uploads\/2018\/03\/Pale-di-San-Martino-Dolomiti-Val-di-Fiemme.jpg","articleSection":["Alta Quota"],"inLanguage":"it-IT","potentialAction":[{"@type":"CommentAction","name":"Comment","target":["https:\/\/www.ignas.com\/it\/blog\/estate-in-val-di-fiemme\/#respond"]}]},{"@type":"WebPage","@id":"https:\/\/www.ignas.com\/it\/blog\/estate-in-val-di-fiemme\/","url":"https:\/\/www.ignas.com\/it\/blog\/estate-in-val-di-fiemme\/","name":"Cosa fare in estate in Val di Fiemme - Ignas Tour","isPartOf":{"@id":"https:\/\/www.ignas.com\/it\/blog\/#website"},"primaryImageOfPage":{"@id":"https:\/\/www.ignas.com\/it\/blog\/estate-in-val-di-fiemme\/#primaryimage"},"image":{"@id":"https:\/\/www.ignas.com\/it\/blog\/estate-in-val-di-fiemme\/#primaryimage"},"thumbnailUrl":"https:\/\/www.ignas.com\/it\/blog\/wp-content\/uploads\/2018\/03\/Pale-di-San-Martino-Dolomiti-Val-di-Fiemme.jpg","datePublished":"2018-03-11T23:00:00+00:00","dateModified":"2024-05-08T14:59:16+00:00","description":"Venite con noi alla scoperta delle cinque attivit\u00e0 da fare assolutamente in Val di Fiemme, nella cornice delle splendide Dolomiti.","breadcrumb":{"@id":"https:\/\/www.ignas.com\/it\/blog\/estate-in-val-di-fiemme\/#breadcrumb"},"inLanguage":"it-IT","potentialAction":[{"@type":"ReadAction","target":["https:\/\/www.ignas.com\/it\/blog\/estate-in-val-di-fiemme\/"]}]},{"@type":"ImageObject","inLanguage":"it-IT","@id":"https:\/\/www.ignas.com\/it\/blog\/estate-in-val-di-fiemme\/#primaryimage","url":"https:\/\/www.ignas.com\/it\/blog\/wp-content\/uploads\/2018\/03\/Pale-di-San-Martino-Dolomiti-Val-di-Fiemme.jpg","contentUrl":"https:\/\/www.ignas.com\/it\/blog\/wp-content\/uploads\/2018\/03\/Pale-di-San-Martino-Dolomiti-Val-di-Fiemme.jpg","width":960,"height":600,"caption":"Pale di san martino dolomiti"},{"@type":"BreadcrumbList","@id":"https:\/\/www.ignas.com\/it\/blog\/estate-in-val-di-fiemme\/#breadcrumb","itemListElement":[{"@type":"ListItem","position":1,"name":"Home","item":"https:\/\/www.ignas.com\/it\/blog\/"},{"@type":"ListItem","position":2,"name":"Cosa fare in estate in Val di Fiemme"}]},{"@type":"WebSite","@id":"https:\/\/www.ignas.com\/it\/blog\/#website","url":"https:\/\/www.ignas.com\/it\/blog\/","name":"Ignas Tour","description":"","publisher":{"@id":"https:\/\/www.ignas.com\/it\/blog\/#organization"},"potentialAction":[{"@type":"SearchAction","target":{"@type":"EntryPoint","urlTemplate":"https:\/\/www.ignas.com\/it\/blog\/?s={search_term_string}"},"query-input":{"@type":"PropertyValueSpecification","valueRequired":true,"valueName":"search_term_string"}}],"inLanguage":"it-IT"},{"@type":"Organization","@id":"https:\/\/www.ignas.com\/it\/blog\/#organization","name":"Ignas Tour","url":"https:\/\/www.ignas.com\/it\/blog\/","logo":{"@type":"ImageObject","inLanguage":"it-IT","@id":"https:\/\/www.ignas.com\/it\/blog\/#\/schema\/logo\/image\/","url":"https:\/\/www.ignas.com\/it\/blog\/wp-content\/uploads\/2020\/01\/logo-ignas-com-200.png","contentUrl":"https:\/\/www.ignas.com\/it\/blog\/wp-content\/uploads\/2020\/01\/logo-ignas-com-200.png","width":1147,"height":329,"caption":"Ignas Tour"},"image":{"@id":"https:\/\/www.ignas.com\/it\/blog\/#\/schema\/logo\/image\/"}},{"@type":"Person","@id":"https:\/\/www.ignas.com\/it\/blog\/#\/schema\/person\/5631a37ffdfcd651f50931ad19459b25","name":"Denise Basano","image":{"@type":"ImageObject","inLanguage":"it-IT","@id":"https:\/\/secure.gravatar.com\/avatar\/1b67bf83da25015d03ee29992767c06d53ef83b0e87847b1d483ccdd7cf95696?s=96&d=mm&r=g","url":"https:\/\/secure.gravatar.com\/avatar\/1b67bf83da25015d03ee29992767c06d53ef83b0e87847b1d483ccdd7cf95696?s=96&d=mm&r=g","contentUrl":"https:\/\/secure.gravatar.com\/avatar\/1b67bf83da25015d03ee29992767c06d53ef83b0e87847b1d483ccdd7cf95696?s=96&d=mm&r=g","caption":"Denise Basano"}}]}},"modified_by":"Team di Ignas Tour","_links":{"self":[{"href":"https:\/\/www.ignas.com\/it\/blog\/wp-json\/wp\/v2\/posts\/22686","targetHints":{"allow":["GET"]}}],"collection":[{"href":"https:\/\/www.ignas.com\/it\/blog\/wp-json\/wp\/v2\/posts"}],"about":[{"href":"https:\/\/www.ignas.com\/it\/blog\/wp-json\/wp\/v2\/types\/post"}],"author":[{"embeddable":true,"href":"https:\/\/www.ignas.com\/it\/blog\/wp-json\/wp\/v2\/users\/3"}],"replies":[{"embeddable":true,"href":"https:\/\/www.ignas.com\/it\/blog\/wp-json\/wp\/v2\/comments?post=22686"}],"version-history":[{"count":9,"href":"https:\/\/www.ignas.com\/it\/blog\/wp-json\/wp\/v2\/posts\/22686\/revisions"}],"predecessor-version":[{"id":27546,"href":"https:\/\/www.ignas.com\/it\/blog\/wp-json\/wp\/v2\/posts\/22686\/revisions\/27546"}],"wp:featuredmedia":[{"embeddable":true,"href":"https:\/\/www.ignas.com\/it\/blog\/wp-json\/wp\/v2\/media\/21573"}],"wp:attachment":[{"href":"https:\/\/www.ignas.com\/it\/blog\/wp-json\/wp\/v2\/media?parent=22686"}],"wp:term":[{"taxonomy":"category","embeddable":true,"href":"https:\/\/www.ignas.com\/it\/blog\/wp-json\/wp\/v2\/categories?post=22686"},{"taxonomy":"post_tag","embeddable":true,"href":"https:\/\/www.ignas.com\/it\/blog\/wp-json\/wp\/v2\/tags?post=22686"}],"curies":[{"name":"wp","href":"https:\/\/api.w.org\/{rel}","templated":true}]}}