{"id":22673,"date":"2018-09-17T00:00:00","date_gmt":"2018-09-16T22:00:00","guid":{"rendered":"http:\/\/52.212.170.109\/percorsi-letterari-2"},"modified":"2024-02-26T17:12:05","modified_gmt":"2024-02-26T16:12:05","slug":"percorsi-letterari-le-case-museo-degli-scrittori-italiani","status":"publish","type":"post","link":"https:\/\/www.ignas.com\/it\/blog\/percorsi-letterari-le-case-museo-degli-scrittori-italiani\/","title":{"rendered":"Percorsi letterari \u2013 Le case museo degli scrittori italiani"},"content":{"rendered":"<p>Ti sei mai chiesto dove hanno vissuto i <strong>grandi scrittori italiani<\/strong>? Sei curioso di visitare i luoghi che hanno ispirato le poesie che hai studiato a scuola?<\/p>\n<p>Per gli <strong>appassionati di letteratura<\/strong>, \u00e8 possibile visitare alcune <strong>case dove hanno vissuto<\/strong> i maggiori scrittori e poeti italiani, oggi adibite a <strong>case museo<\/strong>:<\/p>\n<p>&nbsp;<\/p>\n<h2><span class=\"ez-toc-section\" id=\"1_Gabriele_DAnnunzio_%E2%80%93_Gardone_Riviera\"><\/span>1. Gabriele D\u2019Annunzio \u2013 Gardone Riviera<span class=\"ez-toc-section-end\"><\/span><\/h2><div id=\"ez-toc-container\" class=\"ez-toc-v2_0_82_2 counter-hierarchy ez-toc-counter ez-toc-white ez-toc-container-direction\">\n<div class=\"ez-toc-title-container\">\n<p class=\"ez-toc-title\" style=\"cursor:inherit\"><\/p>\n<span class=\"ez-toc-title-toggle\"><a href=\"#\" class=\"ez-toc-pull-right ez-toc-btn ez-toc-btn-xs ez-toc-btn-default ez-toc-toggle\" aria-label=\"Toggle Table of Content\"><span class=\"ez-toc-js-icon-con\"><span class=\"\"><span class=\"eztoc-hide\" style=\"display:none;\">Toggle<\/span><span class=\"ez-toc-icon-toggle-span\"><svg style=\"fill: #999;color:#999\" xmlns=\"http:\/\/www.w3.org\/2000\/svg\" class=\"list-377408\" width=\"20px\" height=\"20px\" viewBox=\"0 0 24 24\" fill=\"none\"><path d=\"M6 6H4v2h2V6zm14 0H8v2h12V6zM4 11h2v2H4v-2zm16 0H8v2h12v-2zM4 16h2v2H4v-2zm16 0H8v2h12v-2z\" fill=\"currentColor\"><\/path><\/svg><svg style=\"fill: #999;color:#999\" class=\"arrow-unsorted-368013\" xmlns=\"http:\/\/www.w3.org\/2000\/svg\" width=\"10px\" height=\"10px\" viewBox=\"0 0 24 24\" version=\"1.2\" baseProfile=\"tiny\"><path d=\"M18.2 9.3l-6.2-6.3-6.2 6.3c-.2.2-.3.4-.3.7s.1.5.3.7c.2.2.4.3.7.3h11c.3 0 .5-.1.7-.3.2-.2.3-.5.3-.7s-.1-.5-.3-.7zM5.8 14.7l6.2 6.3 6.2-6.3c.2-.2.3-.5.3-.7s-.1-.5-.3-.7c-.2-.2-.4-.3-.7-.3h-11c-.3 0-.5.1-.7.3-.2.2-.3.5-.3.7s.1.5.3.7z\"\/><\/svg><\/span><\/span><\/span><\/a><\/span><\/div>\n<nav><ul class='ez-toc-list ez-toc-list-level-1 eztoc-toggle-hide-by-default' ><li class='ez-toc-page-1 ez-toc-heading-level-2'><a class=\"ez-toc-link ez-toc-heading-1\" href=\"https:\/\/www.ignas.com\/it\/blog\/percorsi-letterari-le-case-museo-degli-scrittori-italiani\/#1_Gabriele_DAnnunzio_%E2%80%93_Gardone_Riviera\" >1. Gabriele D\u2019Annunzio \u2013 Gardone Riviera<\/a><\/li><li class='ez-toc-page-1 ez-toc-heading-level-2'><a class=\"ez-toc-link ez-toc-heading-2\" href=\"https:\/\/www.ignas.com\/it\/blog\/percorsi-letterari-le-case-museo-degli-scrittori-italiani\/#2_Giacomo_Leopardi_%E2%80%93_Recanati\" >2. Giacomo Leopardi \u2013 Recanati<\/a><\/li><li class='ez-toc-page-1 ez-toc-heading-level-2'><a class=\"ez-toc-link ez-toc-heading-3\" href=\"https:\/\/www.ignas.com\/it\/blog\/percorsi-letterari-le-case-museo-degli-scrittori-italiani\/#3_Giovanni_Pascoli_%E2%80%93_Castelvecchio_Pascoli\" >3. Giovanni Pascoli \u2013 Castelvecchio Pascoli<\/a><\/li><li class='ez-toc-page-1 ez-toc-heading-level-2'><a class=\"ez-toc-link ez-toc-heading-4\" href=\"https:\/\/www.ignas.com\/it\/blog\/percorsi-letterari-le-case-museo-degli-scrittori-italiani\/#4_Alessandro_Manzoni_%E2%80%93_Milano\" >4. Alessandro Manzoni \u2013 Milano<\/a><\/li><li class='ez-toc-page-1 ez-toc-heading-level-2'><a class=\"ez-toc-link ez-toc-heading-5\" href=\"https:\/\/www.ignas.com\/it\/blog\/percorsi-letterari-le-case-museo-degli-scrittori-italiani\/#5_Giosue_Carducci_%E2%80%93_Bologna\" >5. Giosu\u00e8 Carducci \u2013 Bologna<\/a><\/li><\/ul><\/nav><\/div>\n\n<p>L\u2019abitazione di D\u2019Annuzio, da lui nominata \u201c<strong>Vittoriale degli Italiani<\/strong>\u201d \u00e8 forse la pi\u00f9 nota e impressionante abitazione di scrittori italiani.<\/p>\n<p>La struttura sorge sui dolci pendii che abbracciano il <strong>lago di Garda<\/strong>: non solo una semplice casa, ma \u00e8 un vero e proprio complesso di edifici, vie, giardini e corsi d\u2019acqua a memoria della vita del Vate e delle imprese degli italiani durante la prima guerra mondiale.<\/p>\n<p>La struttura \u00e8 oggi aperta al pubblico e le visite guidate permettono di visitare le stanze della casa del poeta.<\/p>\n<p>&nbsp;<\/p>\n<h2><span class=\"ez-toc-section\" id=\"2_Giacomo_Leopardi_%E2%80%93_Recanati\"><\/span>2. Giacomo Leopardi \u2013 Recanati<span class=\"ez-toc-section-end\"><\/span><\/h2>\n<p>Il <strong>Palazzo Leopardi<\/strong> si affaccia sulla piazza che prende il nome dalla sua celebre poesia Il Sabato del Villaggio. La struttura, dalle linee semplici ed eleganti, proviene dall\u2019unione di vari edifici attuata dall\u2019architetto Carlo Orazio Leopardi nella met\u00e0 del Settecento.<\/p>\n<p>Il Palazzo \u00e8 tutt\u2019oggi abitato dalla famiglia Leopardi ed \u00e8 visitabile solo la vastissima biblioteca che con i suoi 20.000 volumi occupa tutto il primo piano.<\/p>\n<p>Aperta al pubblico anche la <strong>casa di Teresa Fattorini <\/strong>(la <strong>Silvia <\/strong>del celebre canto omonimo), che si trova al primo piano delle scuderie ed \u00e8 comporta da stanze arredate con mobili dell\u2019epoca.<\/p>\n<p>&nbsp;<\/p>\n<h2><span class=\"ez-toc-section\" id=\"3_Giovanni_Pascoli_%E2%80%93_Castelvecchio_Pascoli\"><\/span>3. Giovanni Pascoli \u2013 Castelvecchio Pascoli<span class=\"ez-toc-section-end\"><\/span><\/h2>\n<p>In questa <strong>villa di campagna<\/strong> il poeta trascorse gli anni pi\u00f9 tranquilli della sua vita, dal 1895 in poi ed \u00e8 stata la culla in\u00a0cui sono state concepite le raccolte pi\u00f9 famose come Myricae, i Primi Poemetti, i Canti di Castelvecchio, i Poemi Conviviali.<\/p>\n<p>La casa ha mantenuto gli arredi originali\u00a0e conserva la stessa struttura e la disposizione degli spazi che aveva al momento della morte del poeta avvenuta nel 1912.<\/p>\n<p>L\u2019edificio ospita un archivio che raccoglie 76.000 carte e una biblioteca con oltre 12.000 voluti ed \u00e8 stato dichiarato <strong>monumento nazionale<\/strong>.<\/p>\n<h2><span class=\"ez-toc-section\" id=\"4_Alessandro_Manzoni_%E2%80%93_Milano\"><\/span>4. Alessandro Manzoni \u2013 Milano<span class=\"ez-toc-section-end\"><\/span><\/h2>\n<p>La casa museo manzoniana si trova <strong>nel cuore di Milano<\/strong> ed \u00e8 la casa dove Manzoni visse con la sua famiglia per oltre cinquant\u2019anni, dal 1814 al 1873, anno della sua morte.<\/p>\n<p>L\u2019edificio \u00e8 stato recentemente restaurato in modo da ampliare lo spazio espositivo e rendere il sito un polo culturale aperto non solo agli studiosi ma a tutti i cittadini.<\/p>\n<p>Il percorso museale si articola in dieci sezioni che ripercorrono la vita dello scrittore nelle varie stanze, tra le quali la camera da letto e lo studio nel quale venne scritto il celebre romanzo de I Promessi Sposi.<\/p>\n<h2><span class=\"ez-toc-section\" id=\"5_Giosue_Carducci_%E2%80%93_Bologna\"><\/span>5. Giosu\u00e8 Carducci \u2013 Bologna<span class=\"ez-toc-section-end\"><\/span><\/h2>\n<p>Qui il <strong>premio Nobel per la letteratura<\/strong> di trasfer\u00ec nel 1890 per insegnare all\u2019Universit\u00e0 di Bologna e qui rest\u00f2 fino alla sua morte, avvenuta nel 1907. La casa, ora adibita a museo, si trova nel cuore della citt\u00e0, in una piazza che porta il nome del suo illustro abitante.<\/p>\n<p>L\u2019edificio conserva gli arredi e le suppellettili originali, la biblioteca-archivio del poeta e circondato da un giardino monumentale.<\/p>\n","protected":false},"excerpt":{"rendered":"<p>Ti sei mai chiesto dove hanno vissuto i grandi scrittori italiani? Sei curioso di visitare i luoghi che hanno ispirato le poesie che hai studiato a scuola? Per gli appassionati di letteratura, \u00e8 possibile visitare alcune case dove hanno vissuto i maggiori scrittori e poeti italiani, oggi adibite a case museo: &nbsp; 1. Gabriele D\u2019Annunzio [&hellip;]<\/p>\n","protected":false},"author":2,"featured_media":21561,"comment_status":"open","ping_status":"open","sticky":false,"template":"","format":"standard","meta":{"_acf_changed":false,"inline_featured_image":false,"_lmt_disableupdate":"no","_lmt_disable":"no","_monsterinsights_skip_tracking":false,"_monsterinsights_sitenote_active":false,"_monsterinsights_sitenote_note":"","_monsterinsights_sitenote_category":0,"footnotes":""},"categories":[7],"tags":[],"class_list":["post-22673","post","type-post","status-publish","format-standard","has-post-thumbnail","hentry","category-curiosita"],"acf":[],"yoast_head":"<!-- This site is optimized with the Yoast SEO plugin v27.5 - https:\/\/yoast.com\/product\/yoast-seo-wordpress\/ -->\n<title>Percorsi letterari \u2013 Le case museo degli scrittori italiani - Ignas Tour<\/title>\n<meta name=\"description\" content=\"Gli scrittori italiani che hanno segnato la storia! Scopri chi erano e come vivevano esplorando le loro case ora musei.\" \/>\n<meta name=\"robots\" content=\"index, follow, max-snippet:-1, max-image-preview:large, max-video-preview:-1\" \/>\n<link rel=\"canonical\" href=\"https:\/\/www.ignas.com\/it\/blog\/percorsi-letterari-le-case-museo-degli-scrittori-italiani\/\" \/>\n<meta property=\"og:locale\" content=\"it_IT\" \/>\n<meta property=\"og:type\" content=\"article\" \/>\n<meta property=\"og:title\" content=\"Percorsi letterari \u2013 Le case museo degli scrittori italiani - Ignas Tour\" \/>\n<meta property=\"og:description\" content=\"Gli scrittori italiani che hanno segnato la storia! Scopri chi erano e come vivevano esplorando le loro case ora musei.\" \/>\n<meta property=\"og:url\" content=\"https:\/\/www.ignas.com\/it\/blog\/percorsi-letterari-le-case-museo-degli-scrittori-italiani\/\" \/>\n<meta property=\"og:site_name\" content=\"Ignas Tour\" \/>\n<meta property=\"article:published_time\" content=\"2018-09-16T22:00:00+00:00\" \/>\n<meta property=\"article:modified_time\" content=\"2024-02-26T16:12:05+00:00\" \/>\n<meta property=\"og:image\" content=\"https:\/\/www.ignas.com\/it\/blog\/wp-content\/uploads\/2018\/09\/Vittoriale-degli-Italiani.jpg\" \/>\n\t<meta property=\"og:image:width\" content=\"960\" \/>\n\t<meta property=\"og:image:height\" content=\"600\" \/>\n\t<meta property=\"og:image:type\" content=\"image\/jpeg\" \/>\n<meta name=\"author\" content=\"Fabrizio\" \/>\n<meta name=\"twitter:card\" content=\"summary_large_image\" \/>\n<meta name=\"twitter:label1\" content=\"Scritto da\" \/>\n\t<meta name=\"twitter:data1\" content=\"Fabrizio\" \/>\n\t<meta name=\"twitter:label2\" content=\"Tempo di lettura stimato\" \/>\n\t<meta name=\"twitter:data2\" content=\"3 minuti\" \/>\n<script type=\"application\/ld+json\" class=\"yoast-schema-graph\">{\"@context\":\"https:\\\/\\\/schema.org\",\"@graph\":[{\"@type\":\"Article\",\"@id\":\"https:\\\/\\\/www.ignas.com\\\/it\\\/blog\\\/percorsi-letterari-le-case-museo-degli-scrittori-italiani\\\/#article\",\"isPartOf\":{\"@id\":\"https:\\\/\\\/www.ignas.com\\\/it\\\/blog\\\/percorsi-letterari-le-case-museo-degli-scrittori-italiani\\\/\"},\"author\":{\"name\":\"Fabrizio\",\"@id\":\"https:\\\/\\\/www.ignas.com\\\/it\\\/blog\\\/#\\\/schema\\\/person\\\/cb41520c07db292cc5a20ce104e28a1d\"},\"headline\":\"Percorsi letterari \u2013 Le case museo degli scrittori italiani\",\"datePublished\":\"2018-09-16T22:00:00+00:00\",\"dateModified\":\"2024-02-26T16:12:05+00:00\",\"mainEntityOfPage\":{\"@id\":\"https:\\\/\\\/www.ignas.com\\\/it\\\/blog\\\/percorsi-letterari-le-case-museo-degli-scrittori-italiani\\\/\"},\"wordCount\":517,\"commentCount\":0,\"publisher\":{\"@id\":\"https:\\\/\\\/www.ignas.com\\\/it\\\/blog\\\/#organization\"},\"image\":{\"@id\":\"https:\\\/\\\/www.ignas.com\\\/it\\\/blog\\\/percorsi-letterari-le-case-museo-degli-scrittori-italiani\\\/#primaryimage\"},\"thumbnailUrl\":\"https:\\\/\\\/www.ignas.com\\\/it\\\/blog\\\/wp-content\\\/uploads\\\/2018\\\/09\\\/Vittoriale-degli-Italiani.jpg\",\"articleSection\":[\"Curiosit\u00e0\"],\"inLanguage\":\"it-IT\",\"potentialAction\":[{\"@type\":\"CommentAction\",\"name\":\"Comment\",\"target\":[\"https:\\\/\\\/www.ignas.com\\\/it\\\/blog\\\/percorsi-letterari-le-case-museo-degli-scrittori-italiani\\\/#respond\"]}]},{\"@type\":\"WebPage\",\"@id\":\"https:\\\/\\\/www.ignas.com\\\/it\\\/blog\\\/percorsi-letterari-le-case-museo-degli-scrittori-italiani\\\/\",\"url\":\"https:\\\/\\\/www.ignas.com\\\/it\\\/blog\\\/percorsi-letterari-le-case-museo-degli-scrittori-italiani\\\/\",\"name\":\"Percorsi letterari \u2013 Le case museo degli scrittori italiani - Ignas Tour\",\"isPartOf\":{\"@id\":\"https:\\\/\\\/www.ignas.com\\\/it\\\/blog\\\/#website\"},\"primaryImageOfPage\":{\"@id\":\"https:\\\/\\\/www.ignas.com\\\/it\\\/blog\\\/percorsi-letterari-le-case-museo-degli-scrittori-italiani\\\/#primaryimage\"},\"image\":{\"@id\":\"https:\\\/\\\/www.ignas.com\\\/it\\\/blog\\\/percorsi-letterari-le-case-museo-degli-scrittori-italiani\\\/#primaryimage\"},\"thumbnailUrl\":\"https:\\\/\\\/www.ignas.com\\\/it\\\/blog\\\/wp-content\\\/uploads\\\/2018\\\/09\\\/Vittoriale-degli-Italiani.jpg\",\"datePublished\":\"2018-09-16T22:00:00+00:00\",\"dateModified\":\"2024-02-26T16:12:05+00:00\",\"description\":\"Gli scrittori italiani che hanno segnato la storia! Scopri chi erano e come vivevano esplorando le loro case ora musei.\",\"breadcrumb\":{\"@id\":\"https:\\\/\\\/www.ignas.com\\\/it\\\/blog\\\/percorsi-letterari-le-case-museo-degli-scrittori-italiani\\\/#breadcrumb\"},\"inLanguage\":\"it-IT\",\"potentialAction\":[{\"@type\":\"ReadAction\",\"target\":[\"https:\\\/\\\/www.ignas.com\\\/it\\\/blog\\\/percorsi-letterari-le-case-museo-degli-scrittori-italiani\\\/\"]}]},{\"@type\":\"ImageObject\",\"inLanguage\":\"it-IT\",\"@id\":\"https:\\\/\\\/www.ignas.com\\\/it\\\/blog\\\/percorsi-letterari-le-case-museo-degli-scrittori-italiani\\\/#primaryimage\",\"url\":\"https:\\\/\\\/www.ignas.com\\\/it\\\/blog\\\/wp-content\\\/uploads\\\/2018\\\/09\\\/Vittoriale-degli-Italiani.jpg\",\"contentUrl\":\"https:\\\/\\\/www.ignas.com\\\/it\\\/blog\\\/wp-content\\\/uploads\\\/2018\\\/09\\\/Vittoriale-degli-Italiani.jpg\",\"width\":960,\"height\":600,\"caption\":\"Vittoriale degli Italiani\"},{\"@type\":\"BreadcrumbList\",\"@id\":\"https:\\\/\\\/www.ignas.com\\\/it\\\/blog\\\/percorsi-letterari-le-case-museo-degli-scrittori-italiani\\\/#breadcrumb\",\"itemListElement\":[{\"@type\":\"ListItem\",\"position\":1,\"name\":\"Home\",\"item\":\"https:\\\/\\\/www.ignas.com\\\/it\\\/blog\\\/\"},{\"@type\":\"ListItem\",\"position\":2,\"name\":\"Percorsi letterari \u2013 Le case museo degli scrittori italiani\"}]},{\"@type\":\"WebSite\",\"@id\":\"https:\\\/\\\/www.ignas.com\\\/it\\\/blog\\\/#website\",\"url\":\"https:\\\/\\\/www.ignas.com\\\/it\\\/blog\\\/\",\"name\":\"Ignas Tour\",\"description\":\"\",\"publisher\":{\"@id\":\"https:\\\/\\\/www.ignas.com\\\/it\\\/blog\\\/#organization\"},\"potentialAction\":[{\"@type\":\"SearchAction\",\"target\":{\"@type\":\"EntryPoint\",\"urlTemplate\":\"https:\\\/\\\/www.ignas.com\\\/it\\\/blog\\\/?s={search_term_string}\"},\"query-input\":{\"@type\":\"PropertyValueSpecification\",\"valueRequired\":true,\"valueName\":\"search_term_string\"}}],\"inLanguage\":\"it-IT\"},{\"@type\":\"Organization\",\"@id\":\"https:\\\/\\\/www.ignas.com\\\/it\\\/blog\\\/#organization\",\"name\":\"Ignas Tour\",\"url\":\"https:\\\/\\\/www.ignas.com\\\/it\\\/blog\\\/\",\"logo\":{\"@type\":\"ImageObject\",\"inLanguage\":\"it-IT\",\"@id\":\"https:\\\/\\\/www.ignas.com\\\/it\\\/blog\\\/#\\\/schema\\\/logo\\\/image\\\/\",\"url\":\"https:\\\/\\\/www.ignas.com\\\/it\\\/blog\\\/wp-content\\\/uploads\\\/2020\\\/01\\\/logo-ignas-com-200.png\",\"contentUrl\":\"https:\\\/\\\/www.ignas.com\\\/it\\\/blog\\\/wp-content\\\/uploads\\\/2020\\\/01\\\/logo-ignas-com-200.png\",\"width\":1147,\"height\":329,\"caption\":\"Ignas Tour\"},\"image\":{\"@id\":\"https:\\\/\\\/www.ignas.com\\\/it\\\/blog\\\/#\\\/schema\\\/logo\\\/image\\\/\"}},{\"@type\":\"Person\",\"@id\":\"https:\\\/\\\/www.ignas.com\\\/it\\\/blog\\\/#\\\/schema\\\/person\\\/cb41520c07db292cc5a20ce104e28a1d\",\"name\":\"Fabrizio\",\"image\":{\"@type\":\"ImageObject\",\"inLanguage\":\"it-IT\",\"@id\":\"https:\\\/\\\/secure.gravatar.com\\\/avatar\\\/e17f60c58ebe3feb555b9028681e30cfd921758bbdd1f8e9816f1d7d08c1bd9f?s=96&d=mm&r=g\",\"url\":\"https:\\\/\\\/secure.gravatar.com\\\/avatar\\\/e17f60c58ebe3feb555b9028681e30cfd921758bbdd1f8e9816f1d7d08c1bd9f?s=96&d=mm&r=g\",\"contentUrl\":\"https:\\\/\\\/secure.gravatar.com\\\/avatar\\\/e17f60c58ebe3feb555b9028681e30cfd921758bbdd1f8e9816f1d7d08c1bd9f?s=96&d=mm&r=g\",\"caption\":\"Fabrizio\"},\"description\":\"Seo Copywriter\"}]}<\/script>\n<!-- \/ Yoast SEO plugin. -->","yoast_head_json":{"title":"Percorsi letterari \u2013 Le case museo degli scrittori italiani - Ignas Tour","description":"Gli scrittori italiani che hanno segnato la storia! Scopri chi erano e come vivevano esplorando le loro case ora musei.","robots":{"index":"index","follow":"follow","max-snippet":"max-snippet:-1","max-image-preview":"max-image-preview:large","max-video-preview":"max-video-preview:-1"},"canonical":"https:\/\/www.ignas.com\/it\/blog\/percorsi-letterari-le-case-museo-degli-scrittori-italiani\/","og_locale":"it_IT","og_type":"article","og_title":"Percorsi letterari \u2013 Le case museo degli scrittori italiani - Ignas Tour","og_description":"Gli scrittori italiani che hanno segnato la storia! Scopri chi erano e come vivevano esplorando le loro case ora musei.","og_url":"https:\/\/www.ignas.com\/it\/blog\/percorsi-letterari-le-case-museo-degli-scrittori-italiani\/","og_site_name":"Ignas Tour","article_published_time":"2018-09-16T22:00:00+00:00","article_modified_time":"2024-02-26T16:12:05+00:00","og_image":[{"width":960,"height":600,"url":"https:\/\/www.ignas.com\/it\/blog\/wp-content\/uploads\/2018\/09\/Vittoriale-degli-Italiani.jpg","type":"image\/jpeg"}],"author":"Fabrizio","twitter_card":"summary_large_image","twitter_misc":{"Scritto da":"Fabrizio","Tempo di lettura stimato":"3 minuti"},"schema":{"@context":"https:\/\/schema.org","@graph":[{"@type":"Article","@id":"https:\/\/www.ignas.com\/it\/blog\/percorsi-letterari-le-case-museo-degli-scrittori-italiani\/#article","isPartOf":{"@id":"https:\/\/www.ignas.com\/it\/blog\/percorsi-letterari-le-case-museo-degli-scrittori-italiani\/"},"author":{"name":"Fabrizio","@id":"https:\/\/www.ignas.com\/it\/blog\/#\/schema\/person\/cb41520c07db292cc5a20ce104e28a1d"},"headline":"Percorsi letterari \u2013 Le case museo degli scrittori italiani","datePublished":"2018-09-16T22:00:00+00:00","dateModified":"2024-02-26T16:12:05+00:00","mainEntityOfPage":{"@id":"https:\/\/www.ignas.com\/it\/blog\/percorsi-letterari-le-case-museo-degli-scrittori-italiani\/"},"wordCount":517,"commentCount":0,"publisher":{"@id":"https:\/\/www.ignas.com\/it\/blog\/#organization"},"image":{"@id":"https:\/\/www.ignas.com\/it\/blog\/percorsi-letterari-le-case-museo-degli-scrittori-italiani\/#primaryimage"},"thumbnailUrl":"https:\/\/www.ignas.com\/it\/blog\/wp-content\/uploads\/2018\/09\/Vittoriale-degli-Italiani.jpg","articleSection":["Curiosit\u00e0"],"inLanguage":"it-IT","potentialAction":[{"@type":"CommentAction","name":"Comment","target":["https:\/\/www.ignas.com\/it\/blog\/percorsi-letterari-le-case-museo-degli-scrittori-italiani\/#respond"]}]},{"@type":"WebPage","@id":"https:\/\/www.ignas.com\/it\/blog\/percorsi-letterari-le-case-museo-degli-scrittori-italiani\/","url":"https:\/\/www.ignas.com\/it\/blog\/percorsi-letterari-le-case-museo-degli-scrittori-italiani\/","name":"Percorsi letterari \u2013 Le case museo degli scrittori italiani - Ignas Tour","isPartOf":{"@id":"https:\/\/www.ignas.com\/it\/blog\/#website"},"primaryImageOfPage":{"@id":"https:\/\/www.ignas.com\/it\/blog\/percorsi-letterari-le-case-museo-degli-scrittori-italiani\/#primaryimage"},"image":{"@id":"https:\/\/www.ignas.com\/it\/blog\/percorsi-letterari-le-case-museo-degli-scrittori-italiani\/#primaryimage"},"thumbnailUrl":"https:\/\/www.ignas.com\/it\/blog\/wp-content\/uploads\/2018\/09\/Vittoriale-degli-Italiani.jpg","datePublished":"2018-09-16T22:00:00+00:00","dateModified":"2024-02-26T16:12:05+00:00","description":"Gli scrittori italiani che hanno segnato la storia! Scopri chi erano e come vivevano esplorando le loro case ora musei.","breadcrumb":{"@id":"https:\/\/www.ignas.com\/it\/blog\/percorsi-letterari-le-case-museo-degli-scrittori-italiani\/#breadcrumb"},"inLanguage":"it-IT","potentialAction":[{"@type":"ReadAction","target":["https:\/\/www.ignas.com\/it\/blog\/percorsi-letterari-le-case-museo-degli-scrittori-italiani\/"]}]},{"@type":"ImageObject","inLanguage":"it-IT","@id":"https:\/\/www.ignas.com\/it\/blog\/percorsi-letterari-le-case-museo-degli-scrittori-italiani\/#primaryimage","url":"https:\/\/www.ignas.com\/it\/blog\/wp-content\/uploads\/2018\/09\/Vittoriale-degli-Italiani.jpg","contentUrl":"https:\/\/www.ignas.com\/it\/blog\/wp-content\/uploads\/2018\/09\/Vittoriale-degli-Italiani.jpg","width":960,"height":600,"caption":"Vittoriale degli Italiani"},{"@type":"BreadcrumbList","@id":"https:\/\/www.ignas.com\/it\/blog\/percorsi-letterari-le-case-museo-degli-scrittori-italiani\/#breadcrumb","itemListElement":[{"@type":"ListItem","position":1,"name":"Home","item":"https:\/\/www.ignas.com\/it\/blog\/"},{"@type":"ListItem","position":2,"name":"Percorsi letterari \u2013 Le case museo degli scrittori italiani"}]},{"@type":"WebSite","@id":"https:\/\/www.ignas.com\/it\/blog\/#website","url":"https:\/\/www.ignas.com\/it\/blog\/","name":"Ignas Tour","description":"","publisher":{"@id":"https:\/\/www.ignas.com\/it\/blog\/#organization"},"potentialAction":[{"@type":"SearchAction","target":{"@type":"EntryPoint","urlTemplate":"https:\/\/www.ignas.com\/it\/blog\/?s={search_term_string}"},"query-input":{"@type":"PropertyValueSpecification","valueRequired":true,"valueName":"search_term_string"}}],"inLanguage":"it-IT"},{"@type":"Organization","@id":"https:\/\/www.ignas.com\/it\/blog\/#organization","name":"Ignas Tour","url":"https:\/\/www.ignas.com\/it\/blog\/","logo":{"@type":"ImageObject","inLanguage":"it-IT","@id":"https:\/\/www.ignas.com\/it\/blog\/#\/schema\/logo\/image\/","url":"https:\/\/www.ignas.com\/it\/blog\/wp-content\/uploads\/2020\/01\/logo-ignas-com-200.png","contentUrl":"https:\/\/www.ignas.com\/it\/blog\/wp-content\/uploads\/2020\/01\/logo-ignas-com-200.png","width":1147,"height":329,"caption":"Ignas Tour"},"image":{"@id":"https:\/\/www.ignas.com\/it\/blog\/#\/schema\/logo\/image\/"}},{"@type":"Person","@id":"https:\/\/www.ignas.com\/it\/blog\/#\/schema\/person\/cb41520c07db292cc5a20ce104e28a1d","name":"Fabrizio","image":{"@type":"ImageObject","inLanguage":"it-IT","@id":"https:\/\/secure.gravatar.com\/avatar\/e17f60c58ebe3feb555b9028681e30cfd921758bbdd1f8e9816f1d7d08c1bd9f?s=96&d=mm&r=g","url":"https:\/\/secure.gravatar.com\/avatar\/e17f60c58ebe3feb555b9028681e30cfd921758bbdd1f8e9816f1d7d08c1bd9f?s=96&d=mm&r=g","contentUrl":"https:\/\/secure.gravatar.com\/avatar\/e17f60c58ebe3feb555b9028681e30cfd921758bbdd1f8e9816f1d7d08c1bd9f?s=96&d=mm&r=g","caption":"Fabrizio"},"description":"Seo Copywriter"}]}},"modified_by":"Team di Ignas Tour","_links":{"self":[{"href":"https:\/\/www.ignas.com\/it\/blog\/wp-json\/wp\/v2\/posts\/22673","targetHints":{"allow":["GET"]}}],"collection":[{"href":"https:\/\/www.ignas.com\/it\/blog\/wp-json\/wp\/v2\/posts"}],"about":[{"href":"https:\/\/www.ignas.com\/it\/blog\/wp-json\/wp\/v2\/types\/post"}],"author":[{"embeddable":true,"href":"https:\/\/www.ignas.com\/it\/blog\/wp-json\/wp\/v2\/users\/2"}],"replies":[{"embeddable":true,"href":"https:\/\/www.ignas.com\/it\/blog\/wp-json\/wp\/v2\/comments?post=22673"}],"version-history":[{"count":2,"href":"https:\/\/www.ignas.com\/it\/blog\/wp-json\/wp\/v2\/posts\/22673\/revisions"}],"predecessor-version":[{"id":24655,"href":"https:\/\/www.ignas.com\/it\/blog\/wp-json\/wp\/v2\/posts\/22673\/revisions\/24655"}],"wp:featuredmedia":[{"embeddable":true,"href":"https:\/\/www.ignas.com\/it\/blog\/wp-json\/wp\/v2\/media\/21561"}],"wp:attachment":[{"href":"https:\/\/www.ignas.com\/it\/blog\/wp-json\/wp\/v2\/media?parent=22673"}],"wp:term":[{"taxonomy":"category","embeddable":true,"href":"https:\/\/www.ignas.com\/it\/blog\/wp-json\/wp\/v2\/categories?post=22673"},{"taxonomy":"post_tag","embeddable":true,"href":"https:\/\/www.ignas.com\/it\/blog\/wp-json\/wp\/v2\/tags?post=22673"}],"curies":[{"name":"wp","href":"https:\/\/api.w.org\/{rel}","templated":true}]}}