{"id":22655,"date":"2019-06-18T00:00:00","date_gmt":"2019-06-17T22:00:00","guid":{"rendered":"http:\/\/52.212.170.109\/costa-degli-dei-2"},"modified":"2025-04-08T15:38:29","modified_gmt":"2025-04-08T13:38:29","slug":"costa-degli-dei","status":"publish","type":"post","link":"https:\/\/www.ignas.com\/it\/blog\/costa-degli-dei\/","title":{"rendered":"Costa degli Dei, meta estiva da sogno"},"content":{"rendered":"<p>La costa degli d\u00e8i si trova in Calabria, in provincia di Vibo Valentia e si affaccia sul mar Tirreno.<\/p>\n<p>Lunga 55 Km, \u00e8 ricca di paesaggi meravigliosi creati da distese di sabbia dorata e stupendi panorami marini composti da antiche grotte, calette segrete e imponenti scogliere che si inabissano nel mare limpido.<\/p>\n<p>Non \u00e8 un caso se \u00e8 una delle coste pi\u00f9 apprezzate dai turisti per trascorrere le proprie vacanze in Calabria. E contate che l\u2019intero litorale calabrese \u00e8 lungo ben 800 Km e si suddivide in 7 tipi di coste diverse: <em>Costa Viola, <\/em><span style=\"color: #ff6600;\"><strong><a style=\"color: #ff6600;\" href=\"https:\/\/www.ignas.com\/it\/blog\/riviera-dei-cedri\/\">Riviera dei Cedri<\/a><\/strong><\/span><em>, Costa dei Gelsomini, Costa degli Aranci, Costa dei Saraceni, Costa degli Achei.<\/em><\/p>\n<hr \/>\n<h2><span class=\"ez-toc-section\" id=\"Ma_perche_si_chiama_Costa_degli_Dei\"><\/span>Ma perch\u00e9 si chiama Costa degli Dei?<span class=\"ez-toc-section-end\"><\/span><\/h2><div id=\"ez-toc-container\" class=\"ez-toc-v2_0_82_2 counter-hierarchy ez-toc-counter ez-toc-white ez-toc-container-direction\">\n<div class=\"ez-toc-title-container\">\n<p class=\"ez-toc-title\" style=\"cursor:inherit\"><\/p>\n<span class=\"ez-toc-title-toggle\"><a href=\"#\" class=\"ez-toc-pull-right ez-toc-btn ez-toc-btn-xs ez-toc-btn-default ez-toc-toggle\" aria-label=\"Toggle Table of Content\"><span class=\"ez-toc-js-icon-con\"><span class=\"\"><span class=\"eztoc-hide\" style=\"display:none;\">Toggle<\/span><span class=\"ez-toc-icon-toggle-span\"><svg style=\"fill: #999;color:#999\" xmlns=\"http:\/\/www.w3.org\/2000\/svg\" class=\"list-377408\" width=\"20px\" height=\"20px\" viewBox=\"0 0 24 24\" fill=\"none\"><path d=\"M6 6H4v2h2V6zm14 0H8v2h12V6zM4 11h2v2H4v-2zm16 0H8v2h12v-2zM4 16h2v2H4v-2zm16 0H8v2h12v-2z\" fill=\"currentColor\"><\/path><\/svg><svg style=\"fill: #999;color:#999\" class=\"arrow-unsorted-368013\" xmlns=\"http:\/\/www.w3.org\/2000\/svg\" width=\"10px\" height=\"10px\" viewBox=\"0 0 24 24\" version=\"1.2\" baseProfile=\"tiny\"><path d=\"M18.2 9.3l-6.2-6.3-6.2 6.3c-.2.2-.3.4-.3.7s.1.5.3.7c.2.2.4.3.7.3h11c.3 0 .5-.1.7-.3.2-.2.3-.5.3-.7s-.1-.5-.3-.7zM5.8 14.7l6.2 6.3 6.2-6.3c.2-.2.3-.5.3-.7s-.1-.5-.3-.7c-.2-.2-.4-.3-.7-.3h-11c-.3 0-.5.1-.7.3-.2.2-.3.5-.3.7s.1.5.3.7z\"\/><\/svg><\/span><\/span><\/span><\/a><\/span><\/div>\n<nav><ul class='ez-toc-list ez-toc-list-level-1 eztoc-toggle-hide-by-default' ><li class='ez-toc-page-1 ez-toc-heading-level-2'><a class=\"ez-toc-link ez-toc-heading-1\" href=\"https:\/\/www.ignas.com\/it\/blog\/costa-degli-dei\/#Ma_perche_si_chiama_Costa_degli_Dei\" >Ma perch\u00e9 si chiama Costa degli Dei?<\/a><\/li><li class='ez-toc-page-1 ez-toc-heading-level-2'><a class=\"ez-toc-link ez-toc-heading-2\" href=\"https:\/\/www.ignas.com\/it\/blog\/costa-degli-dei\/#Cosa_vedere_lungo_la_Costa_degli_Dei\" >Cosa vedere lungo la Costa degli Dei?<\/a><ul class='ez-toc-list-level-3' ><li class='ez-toc-heading-level-3'><a class=\"ez-toc-link ez-toc-heading-3\" href=\"https:\/\/www.ignas.com\/it\/blog\/costa-degli-dei\/#Pizzo_Calabro_tra_natura_e_delizie\" >Pizzo Calabro: tra natura e delizie<\/a><\/li><li class='ez-toc-page-1 ez-toc-heading-level-3'><a class=\"ez-toc-link ez-toc-heading-4\" href=\"https:\/\/www.ignas.com\/it\/blog\/costa-degli-dei\/#Vibo_Marina_il_borgo_dei_pescatori\" >Vibo Marina, il borgo dei pescatori<\/a><\/li><li class='ez-toc-page-1 ez-toc-heading-level-3'><a class=\"ez-toc-link ez-toc-heading-5\" href=\"https:\/\/www.ignas.com\/it\/blog\/costa-degli-dei\/#Briatico_ed_il_suo_bel_lungomare\" >Briatico ed il suo bel lungomare<\/a><\/li><li class='ez-toc-page-1 ez-toc-heading-level-3'><a class=\"ez-toc-link ez-toc-heading-6\" href=\"https:\/\/www.ignas.com\/it\/blog\/costa-degli-dei\/#Zambrone_e_i_suoi_fondali_marini\" >Zambrone e i suoi fondali marini<\/a><\/li><li class='ez-toc-page-1 ez-toc-heading-level-3'><a class=\"ez-toc-link ez-toc-heading-7\" href=\"https:\/\/www.ignas.com\/it\/blog\/costa-degli-dei\/#Parghelia_sul_mare_vicino_a_Tropea\" >Parghelia, sul mare vicino a Tropea<\/a><\/li><li class='ez-toc-page-1 ez-toc-heading-level-3'><a class=\"ez-toc-link ez-toc-heading-8\" href=\"https:\/\/www.ignas.com\/it\/blog\/costa-degli-dei\/#Tropea_un_classico_sempre_attuale\" >Tropea: un classico sempre attuale<\/a><\/li><li class='ez-toc-page-1 ez-toc-heading-level-3'><a class=\"ez-toc-link ez-toc-heading-9\" href=\"https:\/\/www.ignas.com\/it\/blog\/costa-degli-dei\/#Ricadi_ed_il_suo_mare_limpido\" >Ricadi ed il suo mare limpido<\/a><\/li><li class='ez-toc-page-1 ez-toc-heading-level-3'><a class=\"ez-toc-link ez-toc-heading-10\" href=\"https:\/\/www.ignas.com\/it\/blog\/costa-degli-dei\/#Joppolo_spiaggia_rocciosa\" >Joppolo spiaggia rocciosa<\/a><\/li><li class='ez-toc-page-1 ez-toc-heading-level-3'><a class=\"ez-toc-link ez-toc-heading-11\" href=\"https:\/\/www.ignas.com\/it\/blog\/costa-degli-dei\/#Nicotera_un_viaggio_nel_tempo_e_nel_gusto\" >Nicotera: un viaggio nel tempo e nel gusto<\/a><\/li><li class='ez-toc-page-1 ez-toc-heading-level-3'><a class=\"ez-toc-link ez-toc-heading-12\" href=\"https:\/\/www.ignas.com\/it\/blog\/costa-degli-dei\/#Qual_e_la_spiaggia_piu_bella_della_Costa_degli_Dei\" >Qual \u00e8 la spiaggia pi\u00f9 bella della Costa degli Dei?<\/a><\/li><li class='ez-toc-page-1 ez-toc-heading-level-3'><a class=\"ez-toc-link ez-toc-heading-13\" href=\"https:\/\/www.ignas.com\/it\/blog\/costa-degli-dei\/#La_Baia_di_Riace\" >La Baia di Riace<\/a><\/li><li class='ez-toc-page-1 ez-toc-heading-level-3'><a class=\"ez-toc-link ez-toc-heading-14\" href=\"https:\/\/www.ignas.com\/it\/blog\/costa-degli-dei\/#Il_Tono\" >Il Tono<\/a><\/li><li class='ez-toc-page-1 ez-toc-heading-level-3'><a class=\"ez-toc-link ez-toc-heading-15\" href=\"https:\/\/www.ignas.com\/it\/blog\/costa-degli-dei\/#Il_Paradiso_dei_sub\" >Il Paradiso dei sub<\/a><\/li><li class='ez-toc-page-1 ez-toc-heading-level-3'><a class=\"ez-toc-link ez-toc-heading-16\" href=\"https:\/\/www.ignas.com\/it\/blog\/costa-degli-dei\/#Lo_scoglio_del_leone_di_Zambrone\" >Lo scoglio del leone di Zambrone<\/a><\/li><li class='ez-toc-page-1 ez-toc-heading-level-3'><a class=\"ez-toc-link ez-toc-heading-17\" href=\"https:\/\/www.ignas.com\/it\/blog\/costa-degli-dei\/#Dove_dormire_sulla_Costa_degli_Dei\" >Dove dormire sulla Costa degli Dei?<\/a><\/li><\/ul><\/li><li class='ez-toc-page-1 ez-toc-heading-level-2'><a class=\"ez-toc-link ez-toc-heading-18\" href=\"https:\/\/www.ignas.com\/it\/blog\/costa-degli-dei\/#Come_si_arriva_alla_Costa_degli_Dei\" >Come si arriva alla Costa degli Dei?<\/a><ul class='ez-toc-list-level-3' ><li class='ez-toc-heading-level-3'><a class=\"ez-toc-link ez-toc-heading-19\" href=\"https:\/\/www.ignas.com\/it\/blog\/costa-degli-dei\/#Come_spostarsi_nella_costa_degli_dei\" >Come spostarsi nella costa degli d\u00e8i<\/a><\/li><\/ul><\/li><\/ul><\/nav><\/div>\n\n<p>Detta anche Costa Bella viene chiamata cos\u00ec per via di antiche leggende che narravano che in questo tratto di costa la dimorassero gli d\u00e8i, per via dei suoi paesaggi paradisiaci e suggestivi creati dalle bianche spiagge di Tropea, il mare blu della Calabria e le Isole Eolie all\u2019orizzonte.<\/p>\n<p>Tra spiagge e faraglioni sorgono incastonati in questo bel tratto di costa dei borghi unici a picco sul mare. Per precisione, la Costa degli D\u00e8i va dalla parte pi\u00f9 a nord composta da Pizzo Calabro fino a Nicotera a sud, comprendendo:<\/p>\n<ul>\n<li><strong>Pizzo Calabro<\/strong>, su un promontorio a picco sul mare.<\/li>\n<li><strong>Vibo Marina<\/strong> piccolo paese di pescatori.<\/li>\n<li><strong>Briatico<\/strong> con il suo bel lungomare.<\/li>\n<li><strong>Zambrone <\/strong>e i suoi panorami mozzafiato.<\/li>\n<li><strong>Parghelia, <\/strong>una scogliera suggestiva ed un affascinante centro storico.<\/li>\n<li><a href=\"https:\/\/www.ignas.com\/it\/blog\/tropea-spiagge\/\"><strong><span style=\"color: #ff6600;\">Tropea con le sue spiagge esclusive.<\/span><\/strong><\/a><\/li>\n<li><strong>Ricardi, <\/strong>spiagge da sogno e un mare cristallino.<\/li>\n<li><strong>Joppolo<\/strong> e la sua\u00a0costa rocciosa e selvaggia,<\/li>\n<li><strong>Nicotera <\/strong>con il suo centro storico medievale.<\/li>\n<\/ul>\n<p>Dietro ogni angolo di questi borghi si cela una storia millenaria, pronta ad essere svelata ai visitatori pi\u00f9 curiosi. Basti pensare che nella zona di Vibo Valentia ci sono dei reperti che risalgono al neolitico! Infatti, grazie alla vicinanza dalla penisola ellenica, la costa degli Dei \u00e8 stata protagonista, con l&#8217;insediamento della Magna Grecia, di uno dei periodi pi\u00f9 ricchi che la Calabria abbia vissuto, sia dal punto di vista economico che culturale.<\/p>\n<p>Sono proprio questi piccoli borghi marittimi che affacciandosi sul mare della Calabria contribuiscono all\u2019unicit\u00e0 dei paesaggi di questo splendido tratto di costa.<\/p>\n<hr \/>\n<h2><span class=\"ez-toc-section\" id=\"Cosa_vedere_lungo_la_Costa_degli_Dei\"><\/span>Cosa vedere lungo la Costa degli Dei?<span class=\"ez-toc-section-end\"><\/span><\/h2>\n<p>Ecco le gemme da non perdersi in questo spettacolare tratto di costa calabro!<\/p>\n<h3><span class=\"ez-toc-section\" id=\"Pizzo_Calabro_tra_natura_e_delizie\"><\/span>Pizzo Calabro: tra natura e delizie<span class=\"ez-toc-section-end\"><\/span><\/h3>\n<div id=\"attachment_28051\" style=\"width: 810px\" class=\"wp-caption alignnone\"><img loading=\"lazy\" decoding=\"async\" aria-describedby=\"caption-attachment-28051\" class=\"wp-image-28051 size-full\" src=\"https:\/\/www.ignas.com\/it\/blog\/wp-content\/uploads\/2019\/06\/Pizzo-Calabro.jpg\" alt=\"La cittadina di Pizzo Calabro con le sue antiche casette poste su un promontorio che si affaccia sulla spiaggia bianca ed il mare blu della Calabria.\" width=\"800\" height=\"700\" srcset=\"https:\/\/www.ignas.com\/it\/blog\/wp-content\/uploads\/2019\/06\/Pizzo-Calabro.jpg 800w, https:\/\/www.ignas.com\/it\/blog\/wp-content\/uploads\/2019\/06\/Pizzo-Calabro-300x263.jpg 300w, https:\/\/www.ignas.com\/it\/blog\/wp-content\/uploads\/2019\/06\/Pizzo-Calabro-768x672.jpg 768w\" sizes=\"auto, (max-width: 800px) 100vw, 800px\" \/><p id=\"caption-attachment-28051\" class=\"wp-caption-text\">Pizzo Calabro<\/p><\/div>\n<p>Questa localit\u00e0 sorge su un <strong>promontorio di tufo a picco sul mare<\/strong>. Il borgo arroccato si apre verso la <strong>spiaggia di sabbia fine<\/strong>. Poco pi\u00f9 sopra svetta il<strong> Castello aragonese<\/strong> del 1400. Immancabile dopo una giornata al mare, \u00e8 la <strong>passeggiata<\/strong> che percorrendo i gradini, porta al <strong>centro storico<\/strong>. Una volta giunti in piazza, sar\u00e0 inevitabile la tentazione di concedersi il<strong> gelato<\/strong> <strong>simbolo<\/strong> di questo bel borgo <strong>il tartufo di Pizzo<\/strong>. Lasciamo alle vostre papille tutta la delizia che vi aspetta assaggiandolo, magari seduti su un tavolino, di fronte all&#8217;affaccio sul mare.<\/p>\n<h3><span class=\"ez-toc-section\" id=\"Vibo_Marina_il_borgo_dei_pescatori\"><\/span>Vibo Marina, il borgo dei pescatori<span class=\"ez-toc-section-end\"><\/span><\/h3>\n<div id=\"attachment_28052\" style=\"width: 810px\" class=\"wp-caption alignnone\"><img loading=\"lazy\" decoding=\"async\" aria-describedby=\"caption-attachment-28052\" class=\"wp-image-28052 size-full\" src=\"https:\/\/www.ignas.com\/it\/blog\/wp-content\/uploads\/2019\/06\/Porto-di-Vibo-Marina.jpg\" alt=\"Panoramica del borgo di Vibo Marina affacciato sul mare blu con il suo porto e contornato da una ricca vegetazione.\" width=\"800\" height=\"700\" srcset=\"https:\/\/www.ignas.com\/it\/blog\/wp-content\/uploads\/2019\/06\/Porto-di-Vibo-Marina.jpg 800w, https:\/\/www.ignas.com\/it\/blog\/wp-content\/uploads\/2019\/06\/Porto-di-Vibo-Marina-300x263.jpg 300w, https:\/\/www.ignas.com\/it\/blog\/wp-content\/uploads\/2019\/06\/Porto-di-Vibo-Marina-768x672.jpg 768w\" sizes=\"auto, (max-width: 800px) 100vw, 800px\" \/><p id=\"caption-attachment-28052\" class=\"wp-caption-text\">Vibo Marina ed il suo porto.<\/p><\/div>\n<p><strong>Vibo Marina<\/strong> \u00e8 un piccolo paese di pescatori affacciato sul mar Tirreno nel <strong>golfo di Sant&#8217;Eufemia<\/strong>. Da qui, grazie all\u2019importante porto turistico raggiungere facilmente le\u00a0<strong>Isole Eolie <\/strong>\u00e8 molto facile!<\/p>\n<p>Inoltre, si narra che un tempo questo paese si chiamasse <em>Porto Santa Venere<\/em> e che fu nominato cos\u00ec da un pescatore che pens\u00f2 di aver trovato sulla spiaggia una statua della S<em>anta Venere<\/em>, rivelatasi poi una copia romana di <em>Arianna dormiente<\/em>. Questa statua la si pu\u00f2 vedere tutt\u2019ora sul Lungomare!<\/p>\n<p>Immergetevi nell\u2019unicit\u00e0 e tipicit\u00e0 di Vibo Marina ammirando le barche da pesca che ritornano al porto e se riuscite, partecipando alla <strong>processione<\/strong> di barche realizzata in onore della <strong>Madonna di Pompei <\/strong>a<strong> Ferragosto.<\/strong><\/p>\n<h3><span class=\"ez-toc-section\" id=\"Briatico_ed_il_suo_bel_lungomare\"><\/span>Briatico ed il suo bel lungomare<span class=\"ez-toc-section-end\"><\/span><\/h3>\n<div id=\"attachment_28047\" style=\"width: 810px\" class=\"wp-caption alignnone\"><img loading=\"lazy\" decoding=\"async\" aria-describedby=\"caption-attachment-28047\" class=\"wp-image-28047 size-full\" src=\"https:\/\/www.ignas.com\/it\/blog\/wp-content\/uploads\/2019\/06\/Briatico.jpg\" alt=\"Visione panoramica della spiaggia bianca e fine di Briatico che incontra il mare blu.\" width=\"800\" height=\"700\" srcset=\"https:\/\/www.ignas.com\/it\/blog\/wp-content\/uploads\/2019\/06\/Briatico.jpg 800w, https:\/\/www.ignas.com\/it\/blog\/wp-content\/uploads\/2019\/06\/Briatico-300x263.jpg 300w, https:\/\/www.ignas.com\/it\/blog\/wp-content\/uploads\/2019\/06\/Briatico-768x672.jpg 768w\" sizes=\"auto, (max-width: 800px) 100vw, 800px\" \/><p id=\"caption-attachment-28047\" class=\"wp-caption-text\">Spiaggia di Briatico.<\/p><\/div>\n<p>Tra Vibo Marina e Zambrone c\u2019\u00e8 <strong>Briatico<\/strong>, un bel borgo famoso per il suo lungomare che si affaccia sul <strong>Golfo di Lamezia Terme<\/strong> e sull<strong>&#8216;arcipelago delle Eolie.<\/strong><\/p>\n<p>Con il suo mare cristallino il borgo di Briatico vede l\u2019alternarsi di <strong>spiagge di sabbia fine, e calette e scogliere<\/strong>. La spiaggia principale di questo bel borgo marino \u00e8 la s<strong>piaggia della Rocchetta<\/strong>, chiamata cos\u00ec proprio per via dell\u2019antica torre costiera La Rocchetta, che insieme al porticciolo dei pescatori la delimita da un lato.<\/p>\n<p>Se trovate il tempo vi consigliamo di fare una<strong> passeggiata nel centro storico<\/strong> di Briatico, per scorgere le altre testimoniante della sua storia, come i ruderi del <strong>Castello medievale<\/strong> e i resti delle <strong>12 chiese<\/strong> che un tempo erano il cuore della vita religiosa del centro storico.<\/p>\n<p>Agli amanti del relax in riva al mare invece consigliamo di visitare le altre <strong>bellissime spiagge della zona<\/strong>, in particolare le imperdibili: <em>Baia Saf\u00f2, lo scoglio della Galera, la scogliera Cocca, le spiagge di San Giuseppe e di Sant&#8217;Irene.<\/em><\/p>\n<h3><span class=\"ez-toc-section\" id=\"Zambrone_e_i_suoi_fondali_marini\"><\/span>Zambrone e i suoi fondali marini<span class=\"ez-toc-section-end\"><\/span><\/h3>\n<div id=\"attachment_28054\" style=\"width: 810px\" class=\"wp-caption alignnone\"><img loading=\"lazy\" decoding=\"async\" aria-describedby=\"caption-attachment-28054\" class=\"wp-image-28054 size-full\" src=\"https:\/\/www.ignas.com\/it\/blog\/wp-content\/uploads\/2019\/06\/Zambrone.jpg\" alt=\"La spiaggia dorata di Zambrone, intermezzata da qualche scoglio abbraccia il mare azzurro.\" width=\"800\" height=\"700\" srcset=\"https:\/\/www.ignas.com\/it\/blog\/wp-content\/uploads\/2019\/06\/Zambrone.jpg 800w, https:\/\/www.ignas.com\/it\/blog\/wp-content\/uploads\/2019\/06\/Zambrone-300x263.jpg 300w, https:\/\/www.ignas.com\/it\/blog\/wp-content\/uploads\/2019\/06\/Zambrone-768x672.jpg 768w\" sizes=\"auto, (max-width: 800px) 100vw, 800px\" \/><p id=\"caption-attachment-28054\" class=\"wp-caption-text\">Spiaggia di Zambrone.<\/p><\/div>\n<p>Poco pi\u00f9 a sud di Briatico leggermente verso l\u2019entroterra, collocato su un altopiano si trova Zambrone. Si narra che la sua<strong> fondazione<\/strong> risalga a<strong>l 1300<\/strong>, a seguito della migrazione degli abitanti di un paese vicino stufi delle continue incursioni dei pirati saraceni.<\/p>\n<p>Solo di recente questo borgo marittimo \u00e8 diventato una meta turistica, grazie alle sue s<strong>piagge bianche di sabbia fine<\/strong>, alla vicina e nota Tropea ed al <strong>mare cristallino<\/strong> della Calabria. Ancora adesso il paese mostra il suo <strong>cuore tradizionale e genuino<\/strong>, amante della pastorizia e agricoltura.<\/p>\n<p><strong>La spiaggia<\/strong> di Zambrone si estende come un <strong>candido nastro di seta<\/strong>, accarezzato dalle onde cristalline del Tirreno. Questa spiaggia grazie al suo fondale che piano piano diventa sempre pi\u00f9 profondo \u00e8 adatta anche ai bambini pi\u00f9 piccoli. In pi\u00f9 la sua estremit\u00e0 a nord \u00e8 delimitata da <strong>Punta dello Zambrone<\/strong> un paradiso per gli amanti dello <strong>snorkeling e<\/strong> dei <strong>tuffi.<\/strong><\/p>\n<h3><span class=\"ez-toc-section\" id=\"Parghelia_sul_mare_vicino_a_Tropea\"><\/span>Parghelia, sul mare vicino a Tropea<span class=\"ez-toc-section-end\"><\/span><\/h3>\n<div id=\"attachment_28050\" style=\"width: 810px\" class=\"wp-caption alignnone\"><img loading=\"lazy\" decoding=\"async\" aria-describedby=\"caption-attachment-28050\" class=\"wp-image-28050 size-full\" src=\"https:\/\/www.ignas.com\/it\/blog\/wp-content\/uploads\/2019\/06\/Parghelia-spiaggia-Michelino.jpg\" alt=\"Vista panoramica della spiaggia bianca di Parghelia.\" width=\"800\" height=\"700\" srcset=\"https:\/\/www.ignas.com\/it\/blog\/wp-content\/uploads\/2019\/06\/Parghelia-spiaggia-Michelino.jpg 800w, https:\/\/www.ignas.com\/it\/blog\/wp-content\/uploads\/2019\/06\/Parghelia-spiaggia-Michelino-300x263.jpg 300w, https:\/\/www.ignas.com\/it\/blog\/wp-content\/uploads\/2019\/06\/Parghelia-spiaggia-Michelino-768x672.jpg 768w\" sizes=\"auto, (max-width: 800px) 100vw, 800px\" \/><p id=\"caption-attachment-28050\" class=\"wp-caption-text\">Parghelia, spiaggia Michelino.<\/p><\/div>\n<p>Questa stupenda cittadina \u00e8 un\u2019altra delle gemme della Costa degli Dei. Dotata oggi di molti servizi per i turisti \u00e8 un\u2019amata meta per via delle splendenti spiagge e le piccole baie che insieme alle acque azzurre, disegnano dei panorami unici.<\/p>\n<p>Il nome Parghelia, infatti, deriva dal greco <em>Paralj\u2019a<\/em> e significa <em>riva del mare. <\/em>D\u2019altronde \u00e8 qui che troverete la meravigliosa <strong>scogliera della Pizzuta<\/strong> con il caratteristico <strong>scoglio del Palombaro<\/strong> che contrapponendosi alle sagome all\u2019orizzonte delle Isole Eolie e del <strong>vulcano Stromboli<\/strong>, regala <strong>scorci<\/strong> insoliti ed <strong>incantevoli.<\/strong><\/p>\n<p>Parghelia per\u00f2 non \u00e8 solo spiagge, perci\u00f2 noi vi consigliamo di visitare anche il suo bel centro storico ed in particolare la <strong>Chiesa di Santa Maria <\/strong>di <strong>Portosalvo<\/strong> che risale al <strong>1745.<\/strong> Qui <strong>troverete<\/strong> dei<strong> dipinti<\/strong> di scuola napoletana <strong>a cui sono legate diverse leggende<\/strong> tutte da scoprire.<\/p>\n<h3><span class=\"ez-toc-section\" id=\"Tropea_un_classico_sempre_attuale\"><\/span>Tropea: un classico sempre attuale<span class=\"ez-toc-section-end\"><\/span><\/h3>\n<div id=\"attachment_28039\" style=\"width: 1010px\" class=\"wp-caption alignnone\"><img loading=\"lazy\" decoding=\"async\" aria-describedby=\"caption-attachment-28039\" class=\"wp-image-28039 size-full\" src=\"https:\/\/www.ignas.com\/it\/blog\/wp-content\/uploads\/2019\/06\/hotel-villa-antica.jpg\" alt=\"il mare azzurro incontra la spiaggia bianca. Arroccato su uno scoglio sul mare si intravede il borgo di Tropea\" width=\"1000\" height=\"625\" srcset=\"https:\/\/www.ignas.com\/it\/blog\/wp-content\/uploads\/2019\/06\/hotel-villa-antica.jpg 1000w, https:\/\/www.ignas.com\/it\/blog\/wp-content\/uploads\/2019\/06\/hotel-villa-antica-300x188.jpg 300w, https:\/\/www.ignas.com\/it\/blog\/wp-content\/uploads\/2019\/06\/hotel-villa-antica-768x480.jpg 768w, https:\/\/www.ignas.com\/it\/blog\/wp-content\/uploads\/2019\/06\/hotel-villa-antica-320x200.jpg 320w\" sizes=\"auto, (max-width: 1000px) 100vw, 1000px\" \/><p id=\"caption-attachment-28039\" class=\"wp-caption-text\">Borgo di Tropea.<\/p><\/div>\n<p>Passeggiate per le vie del borgo antico, fiancheggiando i <strong>piccoli negozi <\/strong>di <strong>artigianato<\/strong>, concedetevi un gelato poco prima di affacciarvi sull&#8217;isolotto dove sorge l&#8217;<strong>antica Chiesa del paese.<\/strong><\/p>\n<p>A quel punto sar\u00e0 impossibile resistere al richiamo del mare, per cui in appena dieci minuti potrete scendere e farvi un <strong>bagno al tramonto<\/strong> di un sole arancione. Il mare a Tropea sentiamo di consigliarvelo in piccole dosi, vista la grande quantit\u00e0 di turisti che affolla la spiaggia. Vi consigliamo quindi di fare un giro per il <strong>centro storico<\/strong>, tra scorci caratteristici, <strong>chiese e vicoli incantati.<\/strong><\/p>\n<p>Imperdibile poi \u00e8 senza alcun dubbio il prestigioso<strong> Festival del Jazz<\/strong> che viene tenuto ogni anno a fine estate!<\/p>\n<h3><span class=\"ez-toc-section\" id=\"Ricadi_ed_il_suo_mare_limpido\"><\/span>Ricadi ed il suo mare limpido<span class=\"ez-toc-section-end\"><\/span><\/h3>\n<div id=\"attachment_28053\" style=\"width: 810px\" class=\"wp-caption alignnone\"><img loading=\"lazy\" decoding=\"async\" aria-describedby=\"caption-attachment-28053\" class=\"wp-image-28053 size-full\" src=\"https:\/\/www.ignas.com\/it\/blog\/wp-content\/uploads\/2019\/06\/Ricadi.jpg\" alt=\"Vista panoramica sulla spiaggia di Ricadi, di scogli e sabbia fine e bianca, sormontata da Torre Marino.\" width=\"800\" height=\"700\" srcset=\"https:\/\/www.ignas.com\/it\/blog\/wp-content\/uploads\/2019\/06\/Ricadi.jpg 800w, https:\/\/www.ignas.com\/it\/blog\/wp-content\/uploads\/2019\/06\/Ricadi-300x263.jpg 300w, https:\/\/www.ignas.com\/it\/blog\/wp-content\/uploads\/2019\/06\/Ricadi-768x672.jpg 768w\" sizes=\"auto, (max-width: 800px) 100vw, 800px\" \/><p id=\"caption-attachment-28053\" class=\"wp-caption-text\">Spiaggia di Ricadi.<\/p><\/div>\n<p>La cittadina di<strong> Ricadi<\/strong>, si trova alla base dell&#8217;altopiano del\u00a0<strong>Monte Poro<\/strong>, dove si estende fino ad arrivare alle rive del limpido mare.<\/p>\n<p>Le sue origini risalgono all&#8217;antichit\u00e0, come testimoniano i <strong>numerosi reperti archeologici<\/strong> rinvenuti. Greci, romani e altre civilt\u00e0 hanno lasciato tracce indelebili nel territorio, influenzandone cultura e paesaggio.<\/p>\n<p>Famosa per le sue spiagge da sogno, come quelle di Capo Vaticano e Grotticelle, Ricadi offre un panorama mozzafiato con acque cristalline e suggestive scogliere. Il mare di Ricadi \u00e8 un vero e proprio paradiso per gli amanti del <strong>nuoto<\/strong>, dello <strong>snorkeling<\/strong> e delle <strong>immersioni<\/strong>, grazie ai suoi fondali colorati e ricchi di vita marina.<\/p>\n<p>Questo bel borgo, con il suo <strong>autentico cuore calabrese<\/strong>, \u00e8 una destinazione ideale per gli amanti della natura e del relax.<\/p>\n<h3><span class=\"ez-toc-section\" id=\"Joppolo_spiaggia_rocciosa\"><\/span>Joppolo spiaggia rocciosa<span class=\"ez-toc-section-end\"><\/span><\/h3>\n<div id=\"attachment_28048\" style=\"width: 810px\" class=\"wp-caption alignnone\"><img loading=\"lazy\" decoding=\"async\" aria-describedby=\"caption-attachment-28048\" class=\"wp-image-28048 size-full\" src=\"https:\/\/www.ignas.com\/it\/blog\/wp-content\/uploads\/2019\/06\/Joppolo.jpg\" alt=\"La torre di Joppolo che sorge su un altopiano a ridosso del mare.\" width=\"800\" height=\"700\" srcset=\"https:\/\/www.ignas.com\/it\/blog\/wp-content\/uploads\/2019\/06\/Joppolo.jpg 800w, https:\/\/www.ignas.com\/it\/blog\/wp-content\/uploads\/2019\/06\/Joppolo-300x263.jpg 300w, https:\/\/www.ignas.com\/it\/blog\/wp-content\/uploads\/2019\/06\/Joppolo-768x672.jpg 768w\" sizes=\"auto, (max-width: 800px) 100vw, 800px\" \/><p id=\"caption-attachment-28048\" class=\"wp-caption-text\">Torre di Joppolo.<\/p><\/div>\n<p>La costa degli d\u00e8i in Calabria, come abbiamo visto si estende per soli 55 km, eppure \u00e8 in grado di mutare di continuo, da una spiaggia all&#8217;altra lo scenario cambia, incantando. \u00c8 quello che accade una volta giunti a Joppolo. La spiaggia \u00e8 lunga diversi km ed \u00e8 caratterizzata da una serie infinita di <strong>scogli<\/strong> vanno a creare uno <strong>scenario selvaggio e incontaminato.<\/strong><\/p>\n<p>Su questi grandi scogli \u00e8 possibile sdraiarsi, trovando il proprio posto belli comodi sotto al sole, in un quadro dove la <strong>natura indomabile<\/strong> regna sovrana.<\/p>\n<p>Inutile dire che gli amanti delle immersioni ameranno questo tipo di spiagge, che gli permetteranno di avvistare svariati tipi di pesci e certamente qualche seppia e polipo.<\/p>\n<p>La <strong>spiaggia di Joppolo<\/strong>, dove nelle sue vicinanze \u00e8 possibile vedere un\u2019<strong>antica torre normanna<\/strong> a testimonia della storia del luogo, solo per una sera di agosto diventa anche un vero e proprio <strong>ristorante a cielo aperto<\/strong>! Passando da queste parti in questo periodo verrete avvolti dall\u2019<strong>aroma di polpo arrostito<\/strong> e cucinato in mille altre versioni.<\/p>\n<h3><span class=\"ez-toc-section\" id=\"Nicotera_un_viaggio_nel_tempo_e_nel_gusto\"><\/span>Nicotera: un viaggio nel tempo e nel gusto<span class=\"ez-toc-section-end\"><\/span><\/h3>\n<div id=\"attachment_28049\" style=\"width: 810px\" class=\"wp-caption alignnone\"><img loading=\"lazy\" decoding=\"async\" aria-describedby=\"caption-attachment-28049\" class=\"wp-image-28049 size-full\" src=\"https:\/\/www.ignas.com\/it\/blog\/wp-content\/uploads\/2019\/06\/Nicotera.jpg\" alt=\"Il borgo di Nicotera incorniciato dalla luce del tramonto si trova arroccato su un promontorio a ridosso del mare.\" width=\"800\" height=\"700\" srcset=\"https:\/\/www.ignas.com\/it\/blog\/wp-content\/uploads\/2019\/06\/Nicotera.jpg 800w, https:\/\/www.ignas.com\/it\/blog\/wp-content\/uploads\/2019\/06\/Nicotera-300x263.jpg 300w, https:\/\/www.ignas.com\/it\/blog\/wp-content\/uploads\/2019\/06\/Nicotera-768x672.jpg 768w\" sizes=\"auto, (max-width: 800px) 100vw, 800px\" \/><p id=\"caption-attachment-28049\" class=\"wp-caption-text\">Borgo di Nicotera.<\/p><\/div>\n<p>Il borgo antico di Nicotera, che chiude la Costa degli Dei tra gli agrumeti e gli uliveti della <strong>Piana Gioia di Tauro<\/strong>, possiede delle caratteristiche uniche.<\/p>\n<p>Proprio qui \u00e8 <strong>nata la dieta mediterranea<\/strong>, dagli studi fatti dal fisiologo americano Ancel Keys sugli abitanti dei paesi rurali del sud Italia, in particolare di Nicotera. Infatti, le prelibatezze non mancano, gusterete saporite<strong> melanzane ripiene<\/strong>, pasta fatta in casa e molte altre bont\u00e0.<\/p>\n<p>La storia di questo borgo \u00e8 un intrecciarsi di dominazioni e culture. Dalle prime tracce di insediamenti greci, passando per l&#8217;epoca romana, fino ad arrivare al dominio normanno e svevo. Ogni civilt\u00e0 ha lasciato dietro di s\u00e9 qualcosa: <strong>necropoli, mulini ad acqua <\/strong>ed Il<strong> castello<\/strong> simbolo della citt\u00e0.<\/p>\n<p>Scendendo dal colle dove \u00e8 posto Nicotera, arriverete a Nicotera Mare e la sua <strong>lunga spiaggia di sabbia fine<\/strong>, dove nelle belle giornate di sole sar\u00e0 visibile in lontananza il profilo della Sicilia!<\/p>\n<hr \/>\n<h3><span class=\"ez-toc-section\" id=\"Qual_e_la_spiaggia_piu_bella_della_Costa_degli_Dei\"><\/span>Qual \u00e8 la spiaggia pi\u00f9 bella della Costa degli Dei?<span class=\"ez-toc-section-end\"><\/span><\/h3>\n<p>Difficile dare una risposta assoluta a questa domanda, ma noi ci proviamo lo stesso, parlandovi delle <strong>spiagge pi\u00f9 suggestive ed amate<\/strong> di questa zona della Calabria!<\/p>\n<p>Di sicuro non si pu\u00f2 che parlare di<strong> Capo Vaticano<\/strong>, se siete interessati a questa zona vi consigliamo di leggere <span style=\"color: #ff6600;\"><strong><a style=\"color: #ff6600;\" href=\"https:\/\/www.ignas.com\/it\/blog\/capo-vaticano-spiagge\/\">l&#8217;articolo sulle spiagge di Capo Vaticano: consigliate dalle persone del posto<\/a><\/strong><\/span>, che abbiamo scritto.<\/p>\n<div id=\"attachment_25777\" style=\"width: 760px\" class=\"wp-caption alignnone\"><img loading=\"lazy\" decoding=\"async\" aria-describedby=\"caption-attachment-25777\" class=\"wp-image-25777 size-full\" src=\"https:\/\/www.ignas.com\/it\/blog\/wp-content\/uploads\/2019\/06\/spiaggia-capovaticano.jpeg\" alt=\"Capo Vaticano, panorama. Una piccola spiaggia bianca di sabbia fine circondata da un promontorio incontra il mare blu.\" width=\"750\" height=\"500\" srcset=\"https:\/\/www.ignas.com\/it\/blog\/wp-content\/uploads\/2019\/06\/spiaggia-capovaticano.jpeg 750w, https:\/\/www.ignas.com\/it\/blog\/wp-content\/uploads\/2019\/06\/spiaggia-capovaticano-300x200.jpeg 300w\" sizes=\"auto, (max-width: 750px) 100vw, 750px\" \/><p id=\"caption-attachment-25777\" class=\"wp-caption-text\">Capo Vaticano<\/p><\/div>\n<p>Si tratta di una zona estesa che prende tutta la parte riferita al comune di Ricadi. Noi per\u00f2 qui sotto vogliamo parlarvi di altre spiagge molto suggestive ed adatte ai gusti pi\u00f9 disparati.<\/p>\n<h3><span class=\"ez-toc-section\" id=\"La_Baia_di_Riace\"><\/span>La Baia di Riace<span class=\"ez-toc-section-end\"><\/span><\/h3>\n<p><img loading=\"lazy\" decoding=\"async\" class=\"alignnone size-full wp-image-25778\" src=\"https:\/\/www.ignas.com\/it\/blog\/wp-content\/uploads\/2019\/06\/baia-di-riaci.jpeg\" alt=\"baia di Riaci\" width=\"750\" height=\"500\" srcset=\"https:\/\/www.ignas.com\/it\/blog\/wp-content\/uploads\/2019\/06\/baia-di-riaci.jpeg 750w, https:\/\/www.ignas.com\/it\/blog\/wp-content\/uploads\/2019\/06\/baia-di-riaci-300x200.jpeg 300w\" sizes=\"auto, (max-width: 750px) 100vw, 750px\" \/><\/p>\n<p>Un grande scoglio arenato nelle acque cristalline della baia, ed una lingua di sabbia bianca che collega la battigia al dorsale del piccolo promontorio immerso nel mare, il tutto incorniciato dal promontorio che svetta alle proprie spalle, e che fa di questa baia una vera chicca della costa degli d\u00e8i da non perdere.<\/p>\n<h3><span class=\"ez-toc-section\" id=\"Il_Tono\"><\/span>Il Tono<span class=\"ez-toc-section-end\"><\/span><\/h3>\n<p>In questa spiaggia troverete tutti gli ingredienti tipici della costa calabrese. A cominciare dal fatto che sono soprattutto gli abitanti del posto a godersi questa spiaggia, visto che non \u00e8 molto conosciuta dal turismo di massa. Potrete inoltre scegliere se godervi la sabbia fine e sottile che troverete appena scesi dalla macchina, oppure percorrere la spiaggia in direzione sud (300 metri) e piantare l\u2019ombrellone nella parte pi\u00f9 scogliosa. Pur rimanendo una spiaggia dal sapore selvaggio, avrete comunque la comodit\u00e0 di raggiungere a piedi il bar vicino dove fare un aperitivo col sole che tramonta sullo Strongoli in lontananza. Un&#8217;emozione da togliere il fiato!<\/p>\n<h3><span class=\"ez-toc-section\" id=\"Il_Paradiso_dei_sub\"><\/span>Il Paradiso dei sub<span class=\"ez-toc-section-end\"><\/span><\/h3>\n<p>Ti consigliamo da subito scarpe adatte sia per raggiungere la spiaggia, che scarpette da scoglio per godersi il mare una volta messo l&#8217;ombrellone. Come suggerisce il nome stesso, questo pezzettino di costa far\u00e0 impazzire tutti gli amanti dello <strong>snorkeling<\/strong>, a patto di avere la pazienza e la resistenza di raggiungerlo. In effetti \u00e8 anche per questo motivo che rimane una spiaggia riservata a chi non curante della fatica, decide di vivere un&#8217;esperienza selvaggia e di certo incantata.<\/p>\n<h3><span class=\"ez-toc-section\" id=\"Lo_scoglio_del_leone_di_Zambrone\"><\/span>Lo scoglio del leone di Zambrone<span class=\"ez-toc-section-end\"><\/span><\/h3>\n<p><img loading=\"lazy\" decoding=\"async\" class=\"alignnone size-full wp-image-25779\" src=\"https:\/\/www.ignas.com\/it\/blog\/wp-content\/uploads\/2019\/06\/paradiso-sub.jpeg\" alt=\"\" width=\"750\" height=\"500\" srcset=\"https:\/\/www.ignas.com\/it\/blog\/wp-content\/uploads\/2019\/06\/paradiso-sub.jpeg 750w, https:\/\/www.ignas.com\/it\/blog\/wp-content\/uploads\/2019\/06\/paradiso-sub-300x200.jpeg 300w\" sizes=\"auto, (max-width: 750px) 100vw, 750px\" \/><\/p>\n<p>Dopo aver faticato, e non poco, per arrivare alla <strong>spiaggia bianca di Capo Cozzo<\/strong>, a Zambrone, vi troverete di fronte ad un enorme scoglio che si affaccia sul mare. A guardarlo bene per\u00f2 non avrete dubbi: si tratta di un leone che guarda fiero il mare aprirsi di fronte a s\u00e9.<\/p>\n<p>Le sorprese per\u00f2 non finiscono in spiaggia, ma continuano immergendovi nelle cristalline acque di questa spiaggia della costa degli dei, dove sarete lontani dal turismo di massa, il quale rinuncia all&#8217;impervio cammino che porta in questo incanto. Consiglio: maschera, tubo, scarpette da scogli, acqua e cibo. Al resto ci penser\u00e0 la natura incontaminata.<\/p>\n<hr \/>\n<h3><span class=\"ez-toc-section\" id=\"Dove_dormire_sulla_Costa_degli_Dei\"><\/span>Dove dormire sulla Costa degli Dei?<span class=\"ez-toc-section-end\"><\/span><\/h3>\n<p>Abbiamo visto i diversi borghi che, come gemme preziose, impreziosiscono questa costa paradisiaca, ma dove \u00e8 pi\u00f9 comodo fermarsi a dormire?<\/p>\n<p>Briatico, per via delle sue spiagge bandiera blu e della sua posizione \u00e8 una buona scelta sai se si voglia visitare i dintorni che se si voglia rimanere nelle vicinanze. Per questa localit\u00e0 vi consigliamo di soggiornare al <strong><span style=\"color: #ff6600;\"><a style=\"color: #ff6600;\" href=\"https:\/\/www.ignas.com\/it\/offerte-vacanze-calabria\/briatico\/villaggio-green-garden-club\">Villaggio 3 stelle Green Garden<\/a><\/span><\/strong>, qui sarete molto vicini alla spiaggia ed al borgo!<\/p>\n<div class=\"vlp-link-container vlp-layout-test1\"><a href=\"https:\/\/www.ignas.com\/it\/offerte-vacanze-calabria\/briatico\/villaggio-green-garden-club\" class=\"vlp-link\" title=\"Hotel Residence Green Garden Club, 4 stelle, Briatico (VV) | Ignas Tour\" rel=\"nofollow\" target=\"_blank\"><\/a><div class=\"vlp-layout-zone-side\"><div class=\"vlp-block-3 vlp-link-image\"><img loading=\"lazy\" decoding=\"async\" style=\"max-width: 150px;\" width=\"150\" height=\"94\" src=\"https:\/\/www.ignas.com\/it\/blog\/wp-content\/uploads\/2019\/06\/green-garden-ricadi.jpg\" class=\"attachment-150x999 size-150x999\" alt=\"\" srcset=\"https:\/\/www.ignas.com\/it\/blog\/wp-content\/uploads\/2019\/06\/green-garden-ricadi.jpg 968w, https:\/\/www.ignas.com\/it\/blog\/wp-content\/uploads\/2019\/06\/green-garden-ricadi-300x187.jpg 300w, https:\/\/www.ignas.com\/it\/blog\/wp-content\/uploads\/2019\/06\/green-garden-ricadi-768x479.jpg 768w, https:\/\/www.ignas.com\/it\/blog\/wp-content\/uploads\/2019\/06\/green-garden-ricadi-320x200.jpg 320w\" sizes=\"auto, (max-width: 150px) 100vw, 150px\" \/><\/div><\/div><div class=\"vlp-layout-zone-main\"><div class=\"vlp-block-0 vlp-link-title\">Hotel Residence Green Garden Club, 4 stelle, Briatico (VV) | Ignas Tour<\/div><div class=\"vlp-block-1 vlp-link-summary\">Il Green Garden Club sorge direttamente sul mare di Briatico, in una splendida Baia. Questo ridente centro balneare della Calabria \u00e8 affacciato sul Tir\u2026<\/div><div class=\"vlp-block-2 vlp-link-button\">Clicca e vedi!<\/div><\/div><\/div>\n<p>Agli amanti del comfort invece consigliamo il<a href=\"https:\/\/www.ignas.com\/it\/offerte-vacanze-calabria\/zambrone\/resort-bv-kalafiorita\"><span style=\"color: #ff6600;\"> <strong>Resort 4 stelle, BV Kalafiorita <\/strong><\/span><\/a>a<strong> Zambrone<\/strong>. Il villaggio ha splendide piscine e una lunga spiaggia di sabbia bianca che abbraccia le limpide acque del mar Tirreno.<\/p>\n<div class=\"vlp-link-container vlp-layout-test1\"><a href=\"https:\/\/www.ignas.com\/it\/offerte-vacanze-calabria\/zambrone\/resort-bv-kalafiorita\" class=\"vlp-link\" title=\"Resort BV Kalafiorita, 4 stelle, Zambrone (VV) | Ignas Tour\" rel=\"nofollow\" target=\"_blank\"><\/a><div class=\"vlp-layout-zone-side\"><div class=\"vlp-block-3 vlp-link-image\"><img loading=\"lazy\" decoding=\"async\" style=\"max-width: 150px;\" width=\"150\" height=\"94\" src=\"https:\/\/www.ignas.com\/it\/blog\/wp-content\/uploads\/2019\/06\/Resort-BV-Kalafiorita.jpg\" class=\"attachment-150x999 size-150x999\" alt=\"\" srcset=\"https:\/\/www.ignas.com\/it\/blog\/wp-content\/uploads\/2019\/06\/Resort-BV-Kalafiorita.jpg 1500w, https:\/\/www.ignas.com\/it\/blog\/wp-content\/uploads\/2019\/06\/Resort-BV-Kalafiorita-300x188.jpg 300w, https:\/\/www.ignas.com\/it\/blog\/wp-content\/uploads\/2019\/06\/Resort-BV-Kalafiorita-1024x640.jpg 1024w, https:\/\/www.ignas.com\/it\/blog\/wp-content\/uploads\/2019\/06\/Resort-BV-Kalafiorita-768x480.jpg 768w, https:\/\/www.ignas.com\/it\/blog\/wp-content\/uploads\/2019\/06\/Resort-BV-Kalafiorita-320x200.jpg 320w\" sizes=\"auto, (max-width: 150px) 100vw, 150px\" \/><\/div><\/div><div class=\"vlp-layout-zone-main\"><div class=\"vlp-block-0 vlp-link-title\">Resort BV Kalafiorita, 4 stelle, Zambrone (VV) | Ignas Tour<\/div><div class=\"vlp-block-1 vlp-link-summary\">La struttura Kalafiorita Resort \u00e8 una perla incastonata nella Costa degli Dei, lungo il Tirreno calabrese, a due passi da Tropea Pizzo Calabro. Tutti i\u2026<\/div><div class=\"vlp-block-2 vlp-link-button\">Clicca e vedi!<\/div><\/div><\/div>\n<p>Scendendo verso sud lungo la Costa degli Dei rimangono dei luoghi meravigliosi come la ricercata Tropea. Per questo splendido luogo vi proponiamo l\u2019<a href=\"https:\/\/www.ignas.com\/it\/offerte-vacanze-calabria\/tropea\/hotel-villa-antica?pkg_code=20240101_villanticanuovo\"><strong><span style=\"color: #ff6600;\">Hotel 4 stelle, Villa Antica<\/span><\/strong><\/a>, chiamato cos\u00ec, perch\u00e9 prima di diventare una struttura ricettiva era una villa baronale. Da qui potrete vedere gli scorci pi\u00f9 suggestivi di Tropea, avendo al contempo il mare limpido a portata di mano.<\/p>\n<div class=\"vlp-link-container vlp-layout-basic\"><a href=\"https:\/\/www.ignas.com\/it\/offerte-vacanze-calabria\/tropea\/hotel-villa-antica?pkg_code=20240101_villanticanuovo\" class=\"vlp-link\" title=\"Hotel Villa Antica, 4 stelle, Tropea (VV) | Ignas Tour\" rel=\"nofollow\" target=\"_blank\"><\/a><div class=\"vlp-layout-zone-side\"><div class=\"vlp-block-2 vlp-link-image\"><img loading=\"lazy\" decoding=\"async\" style=\"max-width: 150px;\" width=\"150\" height=\"94\" src=\"https:\/\/www.ignas.com\/it\/blog\/wp-content\/uploads\/2019\/06\/hotel-villa-antica.jpg\" class=\"attachment-150x999 size-150x999\" alt=\"il mare azzurro incontra la spiaggia bianca. Arroccato su uno scoglio sul mare si intravede il borgo di Tropea\" srcset=\"https:\/\/www.ignas.com\/it\/blog\/wp-content\/uploads\/2019\/06\/hotel-villa-antica.jpg 1000w, https:\/\/www.ignas.com\/it\/blog\/wp-content\/uploads\/2019\/06\/hotel-villa-antica-300x188.jpg 300w, https:\/\/www.ignas.com\/it\/blog\/wp-content\/uploads\/2019\/06\/hotel-villa-antica-768x480.jpg 768w, https:\/\/www.ignas.com\/it\/blog\/wp-content\/uploads\/2019\/06\/hotel-villa-antica-320x200.jpg 320w\" sizes=\"auto, (max-width: 150px) 100vw, 150px\" \/><\/div><\/div><div class=\"vlp-layout-zone-main\"><div class=\"vlp-block-0 vlp-link-title\">Hotel Villa Antica, 4 stelle, Tropea (VV) | Ignas Tour<\/div><div class=\"vlp-block-1 vlp-link-summary\">L\u2019albergo \u00e8 un\u2019antica villa baronale, costruita nel 1906, sorge nel cuore di Tropea a pochi passi dalla piazza centrale.<\/div><\/div><\/div>\n<p>Invece se si vuole visitare Ricadi conviene fermarsi sul noto promontorio di Capo Vaticano. Con le sue splendide spiagge e calette ammalia molti visitatori. Se volete godervi degli splendidi panorami il <a href=\"https:\/\/www.ignas.com\/it\/offerte-vacanze-calabria\/capo-vaticano\/villaggio-santa-monica?pkg_code=20240101_santamonicaig\"><strong><span style=\"color: #ff6600;\">Villaggio 3 stelle Santa Monica<\/span><\/strong><\/a>, immerso nel verde della fresca pineta \u00e8 di sicuro una buona opzione.<\/p>\n<div class=\"vlp-link-container vlp-layout-basic\"><a href=\"https:\/\/www.ignas.com\/it\/offerte-vacanze-calabria\/capo-vaticano\/villaggio-santa-monica?pkg_code=20240101_santamonicaig\" class=\"vlp-link\" title=\"Villaggio Santa Monica, 3 stelle, Capo Vaticano (VV) | Ignas Tour\" rel=\"nofollow\" target=\"_blank\"><\/a><div class=\"vlp-layout-zone-side\"><div class=\"vlp-block-2 vlp-link-image\"><img loading=\"lazy\" decoding=\"async\" style=\"max-width: 150px;\" width=\"150\" height=\"87\" src=\"https:\/\/www.ignas.com\/it\/blog\/wp-content\/uploads\/2019\/06\/villaggio-santa-monica.jpg\" class=\"attachment-150x999 size-150x999\" alt=\"\" srcset=\"https:\/\/www.ignas.com\/it\/blog\/wp-content\/uploads\/2019\/06\/villaggio-santa-monica.jpg 1079w, https:\/\/www.ignas.com\/it\/blog\/wp-content\/uploads\/2019\/06\/villaggio-santa-monica-300x174.jpg 300w, https:\/\/www.ignas.com\/it\/blog\/wp-content\/uploads\/2019\/06\/villaggio-santa-monica-1024x593.jpg 1024w, https:\/\/www.ignas.com\/it\/blog\/wp-content\/uploads\/2019\/06\/villaggio-santa-monica-768x445.jpg 768w\" sizes=\"auto, (max-width: 150px) 100vw, 150px\" \/><\/div><\/div><div class=\"vlp-layout-zone-main\"><div class=\"vlp-block-0 vlp-link-title\">Villaggio Santa Monica, 3 stelle, Capo Vaticano (VV) | Ignas Tour<\/div><div class=\"vlp-block-1 vlp-link-summary\">Il Villaggio Santa Monica si trova a Ricadi, precisamente sul noto promontorio di Capo Vaticano, dal\u2026<\/div><\/div><\/div>\n<p><span style=\"color: #ff6600;\"><a style=\"color: #ff6600;\" href=\"https:\/\/www.ignas.com\/it\/offerte-villaggi-turistici?rows=20&amp;page=1&amp;area=calabria#box2\"><strong><u>Guarda le nostre offerte villaggi in Calabria<\/u><\/strong><\/a><\/span><\/p>\n<hr \/>\n<h2><span class=\"ez-toc-section\" id=\"Come_si_arriva_alla_Costa_degli_Dei\"><\/span>Come si arriva alla Costa degli Dei?<span class=\"ez-toc-section-end\"><\/span><\/h2>\n<p>Venendo da nord raggiungerete per primo il punto pi\u00f9 settentrionale della Costa Bella, sia che viaggiate in macchina che in aereo.<\/p>\n<p>Viaggiando in macchina percorrete la strada provinciale (Ex SS 522) e prendete l&#8217;uscita &#8220;Pizzo Calabro&#8221; sull&#8217; A2, in poco meno di 15 minuti sarete affacciati sul mare.<\/p>\n<p>Se volete invece viaggiare in treno, potrete sfruttare la linea ferroviaria locale, che vi porter\u00e0 fino a Tropea! Ad esempio, partendo da Milano, farete cambio a Lamezia per arrivare a Tropea, se invece volete raggiungere Briatico avrete il cambio a Napoli.<\/p>\n<p>Viaggiando con l\u2019aereo arriverete prima atterrando al vicino <strong>aeroporto di Lamezia Terme,<\/strong> da Lamezia il primo punto della costa degli d\u00e8i \u00e8 di appena 20 minuti di macchina. Dunque, tenetevi pronti all&#8217;incanto perch\u00e9 la prima tappa della costa degli d\u00e8i \u00e8 da togliere il fiato.<\/p>\n<h3><span class=\"ez-toc-section\" id=\"Come_spostarsi_nella_costa_degli_dei\"><\/span>Come spostarsi nella costa degli d\u00e8i<span class=\"ez-toc-section-end\"><\/span><\/h3>\n<p>Dopo aver individuato cosa visitare e cosa vedere sulla costa degli d\u00e8i, \u00e8 arrivato il momento di chiedersi: come muoversi per riuscire a vedere tutto e comodamente?<\/p>\n<p><strong>La prima opzione pu\u00f2 essere la macchina.<\/strong> A tal proposito \u00e8 bene sapere che i parcheggi, nei pressi delle spiagge, sono in gran parte a pagamento. Al pagamento all&#8217;ora, sentiamo di consigliarvi di optare per quello giornaliero, che solitamente non supera i 7 euro al giorno. Chiaramente la scelta dipender\u00e0 anche dall&#8217;ora in cui scenderete in spiaggia.<\/p>\n<p><strong>La seconda opzione \u00e8 di recente nascita, ovvero il &#8220;Tropea Express&#8221;.<\/strong> Una serie di corse dei treni, tutte in offerta, che coprono le principali mete balneari della costa degli d\u00e8i, e che sono fruibili in svariati orari del giorno. Una scelta ecologica, che toglie lo stress del parcheggio, e che ci fa vivere un modo di raggiungere il mare che abbiamo colpevolmente perso.<\/p>\n<p><strong>La terza modalit\u00e0 \u00e8 senza dubbio alcuno la pi\u00f9 suggestiva: l&#8217;escursione in barca.<\/strong> Salpate alla scoperta della costa bella, sembrer\u00e0 un sogno a occhi aperti. Eppure, mai sogno fu pi\u00f9 semplice da realizzare. Baster\u00e0 infatti noleggiare un&#8217;imbarcazione a motore presso uno dei porticcioli che caratterizzano la zona, e a quel punto fiancheggiare l&#8217;intera costa. Anche qui abbiamo per\u00f2 delle dritte da darvi. Innanzitutto, affidatevi a imbarcazioni il cui noleggio \u00e8 regolamentato dalle capitanerie di porto. (le multe in caso contrario sono salatissime) Inoltre una volta salpati accertatevi di avere con voi tutto l&#8217;occorrente necessario. (dalla macchina fotografica, alla maschera, fino alle bevande, e per chi ne avesse bisogno, un farmaco contro il mal di mare potrebbe rivelarsi miracoloso)<\/p>\n<p>&nbsp;<\/p>\n","protected":false},"excerpt":{"rendered":"<p>La costa degli d\u00e8i si trova in Calabria, in provincia di Vibo Valentia e si affaccia sul mar Tirreno. Lunga 55 Km, \u00e8 ricca di paesaggi meravigliosi creati da distese di sabbia dorata e stupendi panorami marini composti da antiche grotte, calette segrete e imponenti scogliere che si inabissano nel mare limpido. Non \u00e8 un [&hellip;]<\/p>\n","protected":false},"author":2,"featured_media":21226,"comment_status":"open","ping_status":"open","sticky":false,"template":"","format":"standard","meta":{"_acf_changed":false,"inline_featured_image":false,"_lmt_disableupdate":"no","_lmt_disable":"no","_monsterinsights_skip_tracking":false,"_monsterinsights_sitenote_active":false,"_monsterinsights_sitenote_note":"","_monsterinsights_sitenote_category":0,"footnotes":""},"categories":[3],"tags":[],"class_list":["post-22655","post","type-post","status-publish","format-standard","has-post-thumbnail","hentry","category-terre-di-mare"],"acf":[],"yoast_head":"<!-- This site is optimized with the Yoast SEO plugin v27.5 - https:\/\/yoast.com\/product\/yoast-seo-wordpress\/ -->\n<title>Costa degli Dei, meta estiva da sogno - Ignas Tour<\/title>\n<meta name=\"description\" content=\"Una regione con pi\u00f9 di 800 km di costa. Noi vi portiamo in una delle coste pi\u00f9 suggestive e iconiche: la costa degli dei, in calabria!\" \/>\n<meta name=\"robots\" content=\"index, follow, max-snippet:-1, max-image-preview:large, max-video-preview:-1\" \/>\n<link rel=\"canonical\" href=\"https:\/\/www.ignas.com\/it\/blog\/costa-degli-dei\/\" \/>\n<meta property=\"og:locale\" content=\"it_IT\" \/>\n<meta property=\"og:type\" content=\"article\" \/>\n<meta property=\"og:title\" content=\"Costa degli Dei, meta estiva da sogno - Ignas Tour\" \/>\n<meta property=\"og:description\" content=\"Una regione con pi\u00f9 di 800 km di costa. Noi vi portiamo in una delle coste pi\u00f9 suggestive e iconiche: la costa degli dei, in calabria!\" \/>\n<meta property=\"og:url\" content=\"https:\/\/www.ignas.com\/it\/blog\/costa-degli-dei\/\" \/>\n<meta property=\"og:site_name\" content=\"Ignas Tour\" \/>\n<meta property=\"article:published_time\" content=\"2019-06-17T22:00:00+00:00\" \/>\n<meta property=\"article:modified_time\" content=\"2025-04-08T13:38:29+00:00\" \/>\n<meta property=\"og:image\" content=\"https:\/\/www.ignas.com\/it\/blog\/wp-content\/uploads\/2019\/06\/Costa-degli-Dei-meta-estiva-da-sogno-1.jpeg\" \/>\n\t<meta property=\"og:image:width\" content=\"800\" \/>\n\t<meta property=\"og:image:height\" content=\"533\" \/>\n\t<meta property=\"og:image:type\" content=\"image\/jpeg\" \/>\n<meta name=\"author\" content=\"Fabrizio\" \/>\n<meta name=\"twitter:card\" content=\"summary_large_image\" \/>\n<meta name=\"twitter:label1\" content=\"Scritto da\" \/>\n\t<meta name=\"twitter:data1\" content=\"Fabrizio\" \/>\n\t<meta name=\"twitter:label2\" content=\"Tempo di lettura stimato\" \/>\n\t<meta name=\"twitter:data2\" content=\"18 minuti\" \/>\n<script type=\"application\/ld+json\" class=\"yoast-schema-graph\">{\"@context\":\"https:\\\/\\\/schema.org\",\"@graph\":[{\"@type\":\"Article\",\"@id\":\"https:\\\/\\\/www.ignas.com\\\/it\\\/blog\\\/costa-degli-dei\\\/#article\",\"isPartOf\":{\"@id\":\"https:\\\/\\\/www.ignas.com\\\/it\\\/blog\\\/costa-degli-dei\\\/\"},\"author\":{\"name\":\"Fabrizio\",\"@id\":\"https:\\\/\\\/www.ignas.com\\\/it\\\/blog\\\/#\\\/schema\\\/person\\\/cb41520c07db292cc5a20ce104e28a1d\"},\"headline\":\"Costa degli Dei, meta estiva da sogno\",\"datePublished\":\"2019-06-17T22:00:00+00:00\",\"dateModified\":\"2025-04-08T13:38:29+00:00\",\"mainEntityOfPage\":{\"@id\":\"https:\\\/\\\/www.ignas.com\\\/it\\\/blog\\\/costa-degli-dei\\\/\"},\"wordCount\":3132,\"commentCount\":0,\"publisher\":{\"@id\":\"https:\\\/\\\/www.ignas.com\\\/it\\\/blog\\\/#organization\"},\"image\":{\"@id\":\"https:\\\/\\\/www.ignas.com\\\/it\\\/blog\\\/costa-degli-dei\\\/#primaryimage\"},\"thumbnailUrl\":\"https:\\\/\\\/www.ignas.com\\\/it\\\/blog\\\/wp-content\\\/uploads\\\/2019\\\/06\\\/Costa-degli-Dei-meta-estiva-da-sogno-1.jpeg\",\"articleSection\":[\"Terre di mare\"],\"inLanguage\":\"it-IT\",\"potentialAction\":[{\"@type\":\"CommentAction\",\"name\":\"Comment\",\"target\":[\"https:\\\/\\\/www.ignas.com\\\/it\\\/blog\\\/costa-degli-dei\\\/#respond\"]}]},{\"@type\":\"WebPage\",\"@id\":\"https:\\\/\\\/www.ignas.com\\\/it\\\/blog\\\/costa-degli-dei\\\/\",\"url\":\"https:\\\/\\\/www.ignas.com\\\/it\\\/blog\\\/costa-degli-dei\\\/\",\"name\":\"Costa degli Dei, meta estiva da sogno - Ignas Tour\",\"isPartOf\":{\"@id\":\"https:\\\/\\\/www.ignas.com\\\/it\\\/blog\\\/#website\"},\"primaryImageOfPage\":{\"@id\":\"https:\\\/\\\/www.ignas.com\\\/it\\\/blog\\\/costa-degli-dei\\\/#primaryimage\"},\"image\":{\"@id\":\"https:\\\/\\\/www.ignas.com\\\/it\\\/blog\\\/costa-degli-dei\\\/#primaryimage\"},\"thumbnailUrl\":\"https:\\\/\\\/www.ignas.com\\\/it\\\/blog\\\/wp-content\\\/uploads\\\/2019\\\/06\\\/Costa-degli-Dei-meta-estiva-da-sogno-1.jpeg\",\"datePublished\":\"2019-06-17T22:00:00+00:00\",\"dateModified\":\"2025-04-08T13:38:29+00:00\",\"description\":\"Una regione con pi\u00f9 di 800 km di costa. Noi vi portiamo in una delle coste pi\u00f9 suggestive e iconiche: la costa degli dei, in calabria!\",\"breadcrumb\":{\"@id\":\"https:\\\/\\\/www.ignas.com\\\/it\\\/blog\\\/costa-degli-dei\\\/#breadcrumb\"},\"inLanguage\":\"it-IT\",\"potentialAction\":[{\"@type\":\"ReadAction\",\"target\":[\"https:\\\/\\\/www.ignas.com\\\/it\\\/blog\\\/costa-degli-dei\\\/\"]}]},{\"@type\":\"ImageObject\",\"inLanguage\":\"it-IT\",\"@id\":\"https:\\\/\\\/www.ignas.com\\\/it\\\/blog\\\/costa-degli-dei\\\/#primaryimage\",\"url\":\"https:\\\/\\\/www.ignas.com\\\/it\\\/blog\\\/wp-content\\\/uploads\\\/2019\\\/06\\\/Costa-degli-Dei-meta-estiva-da-sogno-1.jpeg\",\"contentUrl\":\"https:\\\/\\\/www.ignas.com\\\/it\\\/blog\\\/wp-content\\\/uploads\\\/2019\\\/06\\\/Costa-degli-Dei-meta-estiva-da-sogno-1.jpeg\",\"width\":800,\"height\":533,\"caption\":\"Costa degli Dei, meta estiva da sogno\"},{\"@type\":\"BreadcrumbList\",\"@id\":\"https:\\\/\\\/www.ignas.com\\\/it\\\/blog\\\/costa-degli-dei\\\/#breadcrumb\",\"itemListElement\":[{\"@type\":\"ListItem\",\"position\":1,\"name\":\"Home\",\"item\":\"https:\\\/\\\/www.ignas.com\\\/it\\\/blog\\\/\"},{\"@type\":\"ListItem\",\"position\":2,\"name\":\"Costa degli Dei, meta estiva da sogno\"}]},{\"@type\":\"WebSite\",\"@id\":\"https:\\\/\\\/www.ignas.com\\\/it\\\/blog\\\/#website\",\"url\":\"https:\\\/\\\/www.ignas.com\\\/it\\\/blog\\\/\",\"name\":\"Ignas Tour\",\"description\":\"\",\"publisher\":{\"@id\":\"https:\\\/\\\/www.ignas.com\\\/it\\\/blog\\\/#organization\"},\"potentialAction\":[{\"@type\":\"SearchAction\",\"target\":{\"@type\":\"EntryPoint\",\"urlTemplate\":\"https:\\\/\\\/www.ignas.com\\\/it\\\/blog\\\/?s={search_term_string}\"},\"query-input\":{\"@type\":\"PropertyValueSpecification\",\"valueRequired\":true,\"valueName\":\"search_term_string\"}}],\"inLanguage\":\"it-IT\"},{\"@type\":\"Organization\",\"@id\":\"https:\\\/\\\/www.ignas.com\\\/it\\\/blog\\\/#organization\",\"name\":\"Ignas Tour\",\"url\":\"https:\\\/\\\/www.ignas.com\\\/it\\\/blog\\\/\",\"logo\":{\"@type\":\"ImageObject\",\"inLanguage\":\"it-IT\",\"@id\":\"https:\\\/\\\/www.ignas.com\\\/it\\\/blog\\\/#\\\/schema\\\/logo\\\/image\\\/\",\"url\":\"https:\\\/\\\/www.ignas.com\\\/it\\\/blog\\\/wp-content\\\/uploads\\\/2020\\\/01\\\/logo-ignas-com-200.png\",\"contentUrl\":\"https:\\\/\\\/www.ignas.com\\\/it\\\/blog\\\/wp-content\\\/uploads\\\/2020\\\/01\\\/logo-ignas-com-200.png\",\"width\":1147,\"height\":329,\"caption\":\"Ignas Tour\"},\"image\":{\"@id\":\"https:\\\/\\\/www.ignas.com\\\/it\\\/blog\\\/#\\\/schema\\\/logo\\\/image\\\/\"}},{\"@type\":\"Person\",\"@id\":\"https:\\\/\\\/www.ignas.com\\\/it\\\/blog\\\/#\\\/schema\\\/person\\\/cb41520c07db292cc5a20ce104e28a1d\",\"name\":\"Fabrizio\",\"image\":{\"@type\":\"ImageObject\",\"inLanguage\":\"it-IT\",\"@id\":\"https:\\\/\\\/secure.gravatar.com\\\/avatar\\\/e17f60c58ebe3feb555b9028681e30cfd921758bbdd1f8e9816f1d7d08c1bd9f?s=96&d=mm&r=g\",\"url\":\"https:\\\/\\\/secure.gravatar.com\\\/avatar\\\/e17f60c58ebe3feb555b9028681e30cfd921758bbdd1f8e9816f1d7d08c1bd9f?s=96&d=mm&r=g\",\"contentUrl\":\"https:\\\/\\\/secure.gravatar.com\\\/avatar\\\/e17f60c58ebe3feb555b9028681e30cfd921758bbdd1f8e9816f1d7d08c1bd9f?s=96&d=mm&r=g\",\"caption\":\"Fabrizio\"},\"description\":\"Seo Copywriter\"}]}<\/script>\n<!-- \/ Yoast SEO plugin. -->","yoast_head_json":{"title":"Costa degli Dei, meta estiva da sogno - Ignas Tour","description":"Una regione con pi\u00f9 di 800 km di costa. Noi vi portiamo in una delle coste pi\u00f9 suggestive e iconiche: la costa degli dei, in calabria!","robots":{"index":"index","follow":"follow","max-snippet":"max-snippet:-1","max-image-preview":"max-image-preview:large","max-video-preview":"max-video-preview:-1"},"canonical":"https:\/\/www.ignas.com\/it\/blog\/costa-degli-dei\/","og_locale":"it_IT","og_type":"article","og_title":"Costa degli Dei, meta estiva da sogno - Ignas Tour","og_description":"Una regione con pi\u00f9 di 800 km di costa. Noi vi portiamo in una delle coste pi\u00f9 suggestive e iconiche: la costa degli dei, in calabria!","og_url":"https:\/\/www.ignas.com\/it\/blog\/costa-degli-dei\/","og_site_name":"Ignas Tour","article_published_time":"2019-06-17T22:00:00+00:00","article_modified_time":"2025-04-08T13:38:29+00:00","og_image":[{"width":800,"height":533,"url":"https:\/\/www.ignas.com\/it\/blog\/wp-content\/uploads\/2019\/06\/Costa-degli-Dei-meta-estiva-da-sogno-1.jpeg","type":"image\/jpeg"}],"author":"Fabrizio","twitter_card":"summary_large_image","twitter_misc":{"Scritto da":"Fabrizio","Tempo di lettura stimato":"18 minuti"},"schema":{"@context":"https:\/\/schema.org","@graph":[{"@type":"Article","@id":"https:\/\/www.ignas.com\/it\/blog\/costa-degli-dei\/#article","isPartOf":{"@id":"https:\/\/www.ignas.com\/it\/blog\/costa-degli-dei\/"},"author":{"name":"Fabrizio","@id":"https:\/\/www.ignas.com\/it\/blog\/#\/schema\/person\/cb41520c07db292cc5a20ce104e28a1d"},"headline":"Costa degli Dei, meta estiva da sogno","datePublished":"2019-06-17T22:00:00+00:00","dateModified":"2025-04-08T13:38:29+00:00","mainEntityOfPage":{"@id":"https:\/\/www.ignas.com\/it\/blog\/costa-degli-dei\/"},"wordCount":3132,"commentCount":0,"publisher":{"@id":"https:\/\/www.ignas.com\/it\/blog\/#organization"},"image":{"@id":"https:\/\/www.ignas.com\/it\/blog\/costa-degli-dei\/#primaryimage"},"thumbnailUrl":"https:\/\/www.ignas.com\/it\/blog\/wp-content\/uploads\/2019\/06\/Costa-degli-Dei-meta-estiva-da-sogno-1.jpeg","articleSection":["Terre di mare"],"inLanguage":"it-IT","potentialAction":[{"@type":"CommentAction","name":"Comment","target":["https:\/\/www.ignas.com\/it\/blog\/costa-degli-dei\/#respond"]}]},{"@type":"WebPage","@id":"https:\/\/www.ignas.com\/it\/blog\/costa-degli-dei\/","url":"https:\/\/www.ignas.com\/it\/blog\/costa-degli-dei\/","name":"Costa degli Dei, meta estiva da sogno - Ignas Tour","isPartOf":{"@id":"https:\/\/www.ignas.com\/it\/blog\/#website"},"primaryImageOfPage":{"@id":"https:\/\/www.ignas.com\/it\/blog\/costa-degli-dei\/#primaryimage"},"image":{"@id":"https:\/\/www.ignas.com\/it\/blog\/costa-degli-dei\/#primaryimage"},"thumbnailUrl":"https:\/\/www.ignas.com\/it\/blog\/wp-content\/uploads\/2019\/06\/Costa-degli-Dei-meta-estiva-da-sogno-1.jpeg","datePublished":"2019-06-17T22:00:00+00:00","dateModified":"2025-04-08T13:38:29+00:00","description":"Una regione con pi\u00f9 di 800 km di costa. Noi vi portiamo in una delle coste pi\u00f9 suggestive e iconiche: la costa degli dei, in calabria!","breadcrumb":{"@id":"https:\/\/www.ignas.com\/it\/blog\/costa-degli-dei\/#breadcrumb"},"inLanguage":"it-IT","potentialAction":[{"@type":"ReadAction","target":["https:\/\/www.ignas.com\/it\/blog\/costa-degli-dei\/"]}]},{"@type":"ImageObject","inLanguage":"it-IT","@id":"https:\/\/www.ignas.com\/it\/blog\/costa-degli-dei\/#primaryimage","url":"https:\/\/www.ignas.com\/it\/blog\/wp-content\/uploads\/2019\/06\/Costa-degli-Dei-meta-estiva-da-sogno-1.jpeg","contentUrl":"https:\/\/www.ignas.com\/it\/blog\/wp-content\/uploads\/2019\/06\/Costa-degli-Dei-meta-estiva-da-sogno-1.jpeg","width":800,"height":533,"caption":"Costa degli Dei, meta estiva da sogno"},{"@type":"BreadcrumbList","@id":"https:\/\/www.ignas.com\/it\/blog\/costa-degli-dei\/#breadcrumb","itemListElement":[{"@type":"ListItem","position":1,"name":"Home","item":"https:\/\/www.ignas.com\/it\/blog\/"},{"@type":"ListItem","position":2,"name":"Costa degli Dei, meta estiva da sogno"}]},{"@type":"WebSite","@id":"https:\/\/www.ignas.com\/it\/blog\/#website","url":"https:\/\/www.ignas.com\/it\/blog\/","name":"Ignas Tour","description":"","publisher":{"@id":"https:\/\/www.ignas.com\/it\/blog\/#organization"},"potentialAction":[{"@type":"SearchAction","target":{"@type":"EntryPoint","urlTemplate":"https:\/\/www.ignas.com\/it\/blog\/?s={search_term_string}"},"query-input":{"@type":"PropertyValueSpecification","valueRequired":true,"valueName":"search_term_string"}}],"inLanguage":"it-IT"},{"@type":"Organization","@id":"https:\/\/www.ignas.com\/it\/blog\/#organization","name":"Ignas Tour","url":"https:\/\/www.ignas.com\/it\/blog\/","logo":{"@type":"ImageObject","inLanguage":"it-IT","@id":"https:\/\/www.ignas.com\/it\/blog\/#\/schema\/logo\/image\/","url":"https:\/\/www.ignas.com\/it\/blog\/wp-content\/uploads\/2020\/01\/logo-ignas-com-200.png","contentUrl":"https:\/\/www.ignas.com\/it\/blog\/wp-content\/uploads\/2020\/01\/logo-ignas-com-200.png","width":1147,"height":329,"caption":"Ignas Tour"},"image":{"@id":"https:\/\/www.ignas.com\/it\/blog\/#\/schema\/logo\/image\/"}},{"@type":"Person","@id":"https:\/\/www.ignas.com\/it\/blog\/#\/schema\/person\/cb41520c07db292cc5a20ce104e28a1d","name":"Fabrizio","image":{"@type":"ImageObject","inLanguage":"it-IT","@id":"https:\/\/secure.gravatar.com\/avatar\/e17f60c58ebe3feb555b9028681e30cfd921758bbdd1f8e9816f1d7d08c1bd9f?s=96&d=mm&r=g","url":"https:\/\/secure.gravatar.com\/avatar\/e17f60c58ebe3feb555b9028681e30cfd921758bbdd1f8e9816f1d7d08c1bd9f?s=96&d=mm&r=g","contentUrl":"https:\/\/secure.gravatar.com\/avatar\/e17f60c58ebe3feb555b9028681e30cfd921758bbdd1f8e9816f1d7d08c1bd9f?s=96&d=mm&r=g","caption":"Fabrizio"},"description":"Seo Copywriter"}]}},"modified_by":"Denise Basano","_links":{"self":[{"href":"https:\/\/www.ignas.com\/it\/blog\/wp-json\/wp\/v2\/posts\/22655","targetHints":{"allow":["GET"]}}],"collection":[{"href":"https:\/\/www.ignas.com\/it\/blog\/wp-json\/wp\/v2\/posts"}],"about":[{"href":"https:\/\/www.ignas.com\/it\/blog\/wp-json\/wp\/v2\/types\/post"}],"author":[{"embeddable":true,"href":"https:\/\/www.ignas.com\/it\/blog\/wp-json\/wp\/v2\/users\/2"}],"replies":[{"embeddable":true,"href":"https:\/\/www.ignas.com\/it\/blog\/wp-json\/wp\/v2\/comments?post=22655"}],"version-history":[{"count":25,"href":"https:\/\/www.ignas.com\/it\/blog\/wp-json\/wp\/v2\/posts\/22655\/revisions"}],"predecessor-version":[{"id":28546,"href":"https:\/\/www.ignas.com\/it\/blog\/wp-json\/wp\/v2\/posts\/22655\/revisions\/28546"}],"wp:featuredmedia":[{"embeddable":true,"href":"https:\/\/www.ignas.com\/it\/blog\/wp-json\/wp\/v2\/media\/21226"}],"wp:attachment":[{"href":"https:\/\/www.ignas.com\/it\/blog\/wp-json\/wp\/v2\/media?parent=22655"}],"wp:term":[{"taxonomy":"category","embeddable":true,"href":"https:\/\/www.ignas.com\/it\/blog\/wp-json\/wp\/v2\/categories?post=22655"},{"taxonomy":"post_tag","embeddable":true,"href":"https:\/\/www.ignas.com\/it\/blog\/wp-json\/wp\/v2\/tags?post=22655"}],"curies":[{"name":"wp","href":"https:\/\/api.w.org\/{rel}","templated":true}]}}