{"id":22589,"date":"2019-06-16T16:51:14","date_gmt":"2019-06-16T14:51:14","guid":{"rendered":"http:\/\/52.212.170.109\/?p=22589"},"modified":"2024-02-26T17:57:40","modified_gmt":"2024-02-26T16:57:40","slug":"arte-sella-sculture-di-legno","status":"publish","type":"post","link":"https:\/\/www.ignas.com\/it\/blog\/arte-sella-sculture-di-legno\/","title":{"rendered":"Arte sella, un percorso culturale nella natura"},"content":{"rendered":"<p>La bellezza della natura solitamente non ha bisogno dell&#8217;intervento dell&#8217;uomo, ma solo del suo rispetto! Eppure quello che accade entrando nel Parco di Arte Sella nell&#8217;omonima Valle \u00e8 qualcosa di irripetibile. Da anni ormai questi prati immersi nei boschi sono il palcoscenico di opere create con l&#8217;ausilio della natura. Non parliamo semplicemente\u00a0 di un ramo o una foglia ma l&#8217;intero bosco nella sua interezza. Ma prima di entrare nel vivo di questo parco museo della natura ripercorriamo insieme la storia di questo luogo.<\/p>\n<h2><span class=\"ez-toc-section\" id=\"Arte_sella_la_natura_si_erge_a_opera\"><\/span>Arte sella: la natura si erge a opera<span class=\"ez-toc-section-end\"><\/span><\/h2><div id=\"ez-toc-container\" class=\"ez-toc-v2_0_82_2 counter-hierarchy ez-toc-counter ez-toc-white ez-toc-container-direction\">\n<div class=\"ez-toc-title-container\">\n<p class=\"ez-toc-title\" style=\"cursor:inherit\"><\/p>\n<span class=\"ez-toc-title-toggle\"><a href=\"#\" class=\"ez-toc-pull-right ez-toc-btn ez-toc-btn-xs ez-toc-btn-default ez-toc-toggle\" aria-label=\"Toggle Table of Content\"><span class=\"ez-toc-js-icon-con\"><span class=\"\"><span class=\"eztoc-hide\" style=\"display:none;\">Toggle<\/span><span class=\"ez-toc-icon-toggle-span\"><svg style=\"fill: #999;color:#999\" xmlns=\"http:\/\/www.w3.org\/2000\/svg\" class=\"list-377408\" width=\"20px\" height=\"20px\" viewBox=\"0 0 24 24\" fill=\"none\"><path d=\"M6 6H4v2h2V6zm14 0H8v2h12V6zM4 11h2v2H4v-2zm16 0H8v2h12v-2zM4 16h2v2H4v-2zm16 0H8v2h12v-2z\" fill=\"currentColor\"><\/path><\/svg><svg style=\"fill: #999;color:#999\" class=\"arrow-unsorted-368013\" xmlns=\"http:\/\/www.w3.org\/2000\/svg\" width=\"10px\" height=\"10px\" viewBox=\"0 0 24 24\" version=\"1.2\" baseProfile=\"tiny\"><path d=\"M18.2 9.3l-6.2-6.3-6.2 6.3c-.2.2-.3.4-.3.7s.1.5.3.7c.2.2.4.3.7.3h11c.3 0 .5-.1.7-.3.2-.2.3-.5.3-.7s-.1-.5-.3-.7zM5.8 14.7l6.2 6.3 6.2-6.3c.2-.2.3-.5.3-.7s-.1-.5-.3-.7c-.2-.2-.4-.3-.7-.3h-11c-.3 0-.5.1-.7.3-.2.2-.3.5-.3.7s.1.5.3.7z\"\/><\/svg><\/span><\/span><\/span><\/a><\/span><\/div>\n<nav><ul class='ez-toc-list ez-toc-list-level-1 eztoc-toggle-hide-by-default' ><li class='ez-toc-page-1 ez-toc-heading-level-2'><a class=\"ez-toc-link ez-toc-heading-1\" href=\"https:\/\/www.ignas.com\/it\/blog\/arte-sella-sculture-di-legno\/#Arte_sella_la_natura_si_erge_a_opera\" >Arte sella: la natura si erge a opera<\/a><\/li><li class='ez-toc-page-1 ez-toc-heading-level-2'><a class=\"ez-toc-link ez-toc-heading-2\" href=\"https:\/\/www.ignas.com\/it\/blog\/arte-sella-sculture-di-legno\/#Arte_sella_un_percorso_di_opere_naturali\" >Arte sella, un percorso di opere naturali<\/a><\/li><li class='ez-toc-page-1 ez-toc-heading-level-2'><a class=\"ez-toc-link ez-toc-heading-3\" href=\"https:\/\/www.ignas.com\/it\/blog\/arte-sella-sculture-di-legno\/#Arte_Sella_la_sostenibilita_del_turismo\" >Arte Sella: la sostenibilit\u00e0 del turismo<\/a><\/li><\/ul><\/nav><\/div>\n\n<p>Torniamo per un attimo indietro nel tempo nel 1986. Un gruppo di amici amanti della natura e intenditori di tutto ci\u00f2 che \u00e8 cultura (sopra tutto contemporanea) cominciano a lavorare per un progetto in cui il bosco di Val di Sella, presso il giardino di Villa Strobele, diviene protagonista assoluto grazie ad opere ricavate dalla natura del luogo stesso. Quello che accade \u00e8 un susseguirsi di contatti fra artisti di fama internazionale ed alcuni emergenti dall&#8217; enorme talento, grazie ai quali gi\u00e0 il primo anno si arriva a mettere in mostra pi\u00f9 di 15 diverse, ognuna risultato di un mix fra l&#8217;intenzione dell&#8217;artista da una parte e dall&#8217;altra quello che il posto aveva da offrire nei suoi aspetti organici (rami, alberi, fiori, erbacce, radici).<\/p>\n<h4>Primi passi<\/h4>\n<p>Un primo esempio lo abbiamo nel 1986 con\u00a0 &#8220;Tela di ragno&#8221; in cui attraverso rami e corde viene riprodotta una ragnatela che simbolicamente riuscirebbe e intercettare i pensieri. La corda cos\u00ec come il resto delle cose che compongono la raffigurazione sono ricavate dal bosco e nel bosco cambieranno forma seguendo il ciclo naturale delle cose. In questi primi anni dunque si \u00e8 gi\u00e0 ben focalizzati sulla natura ma ancora manca loro un percorso pi\u00f9 corale che troveranno dal 1996 in poi, ovvero quando le opere diventano un percorso lungo l&#8217;area di Malga Costa. Qui pur rimanendo coerenti con quel tipo di connubio fra creazione e natura, tuttavia acquistano una luce pi\u00f9 organica, grazie al fatto che ciascuna occupa un posto nel percorso artistico, facendo vivere ai fortunati visitatori un&#8217;esperienza che consiste nella libert\u00e0 di camminare nel bosco e allo stesso tempo la creativit\u00e0 di un museo d&#8217;arte moderna. Siamo dunque arrivati all&#8217;odierno parco museo, scopriamolo meglio facendo un piccolo tour.<\/p>\n<h2><span class=\"ez-toc-section\" id=\"Arte_sella_un_percorso_di_opere_naturali\"><\/span>Arte sella, un percorso di opere naturali<span class=\"ez-toc-section-end\"><\/span><\/h2>\n<p>Sono ben 3 i possibili percorsi per visitare Arte Sella:<\/p>\n<ul>\n<li>percorso arte natura: nasce nel 1986 e arriva ai giorni nostri attraverso un&#8217;insieme di figure\u00a0tutte da ammirare. E&#8217; lungo circa 3 km e in appena 2 ore avrete fatto il pieno di cultura\u00a0moderna<\/li>\n<li>percorso di Area di Malga Costa: si trova alla fine di &#8220;Arte natura&#8221; e si sviluppa ad anello in appena 1 Km con oltre 50 opere.<\/li>\n<li>villa Strobele e giardino: qui \u00e8 nato tutto. Quel gruppo di amici dal quale ha preso forma l&#8217;intero progetto hanno iniziato a immaginare e programmare l&#8217;intera ideazione proprio in questo giardino di questa villa.<\/li>\n<li><\/li>\n<\/ul>\n<p>Il consiglio \u00e8 quello di iniziare partendo dai 2 km di Arte Natura. Per i pi\u00f9 piccoli anticipiamo che ci sar\u00e0 un momento molto suggestivo: i lupi prendono forma grazie ad enormi forme di legno. I bimbi non potranno resistere dalla voglia di avvicinarsi a queste grandi sagome di lupo appostate nel bosco. Tante le altre opere, suggestive in modo simile, vi accompagneranno lungo il cammino fino all&#8217;ingresso nell&#8217;Area Malga Costa di Arte Sella.<\/p>\n<h4>Entriamo nel vivo!<\/h4>\n<p>Arrivati all&#8217;Area di Malga Costa dovrete acquistare il biglietto d&#8217;ingresso. Troverete oltre all&#8217;info point anche un punto di ristoro. Le opere presenti nel percorso di Arte sella sono pi\u00f9 di 50. Fra le pi\u00f9 suggestive vi segnaliamo:<\/p>\n<p>&nbsp;<\/p>\n<ul>\n<li>La cattedrale vegetale: 80 colonne di rami intrecciati, 12 metri di altezza e copre un&#8217;area di 1200 metri quadrati. Ogni anno gli alberi crescono di 50 cm, e l&#8217;obiettivo \u00e8 quello di far diventare indipendenti queste colonne che per il momento sono aiutate da supporti artificiali.<\/li>\n<li>La fatica di Sisifo: un&#8217;enorme roccia sulla quale passano tese alcune corde legate a loro volta ad alcuni pali di legno. La roccia sembra quasi trattenuta da questi rami conficcati nel terreno. Ed \u00e8 proprio il tributo alle fatiche di Sisifo che nella visione dell&#8217;artista ,grazie all&#8217;ausilio della natura pu\u00f2 smettere di vivere la sua eterna fatica e apprezzare la vita e il tempo.<\/li>\n<li>Guscio di chiocciola gigante: un abnorme sagoma di guscio di lumaca(ricavato dalla roccia) sotto il quale i bambini potranno andare a sbirciare e essere per un attimo delle simpatiche lumachine<\/li>\n<li>L&#8217;anello del bosco: una cornice fatta di alberi al cui centro si apre un cerchio perfetto, che d\u00e0 sull&#8217;infinito spazio delle dolomiti. A guardarlo bene potrebbe essere l&#8217;occhio della montagna. Arte sella colpisce ancora!<\/li>\n<\/ul>\n<p>&nbsp;<\/p>\n<h4>La vitalit\u00e0 della natura<\/h4>\n<p>Ognuna di queste opere non rappresenta solo se stessa o l&#8217;intenzione dell&#8217;artista. Ogni opera \u00e8 viva. E&#8217; questa l&#8217;assoluta irripetibilit\u00e0 dell&#8217; Arte sella: un&#8217;insieme di creazioni vive che mutano nel tempo e con le quali possiamo andare in contatto reale. Gli adulti cos\u00ec come i bambini si ritroveranno a entrare nei lavori dell&#8217;artista, toccandoli e ove \u00e8 concesso salendoci sopra. E se capiter\u00e0 di andarci pi\u00f9 volte nell&#8217;arco dello stesso anno non solo ne troverete nuovi ma anche quelle gi\u00e0 viste appariranno in forma nuova e inedita grazie al lavorio delle stagioni, al crescere degli alberi, al cambiare coloro della flora. Dunque ora che siete pronti avrete sicuramente bisogno di sapere come arrivare ad Arte Sella!<\/p>\n<p>Arte sella: come arrivare e prezzi<\/p>\n<p>Arte sella si trova immerso nella natura pi\u00f9 incontaminata. Per raggiungerlo sar\u00e0 necessario lasciare l&#8217;auto e camminare per pochissimi chilometri. Ad ogni modo le opzioni sono 3:<\/p>\n<p>&nbsp;<\/p>\n<ul>\n<li>Macchina : arrivare a Borgo Valsugana e prendere la Sp40 verso Val di sella. Arrivati al ristornate Al Forno, Lasciate l&#8217;auto e proseguire a piedi (in meno di 30 minuti sarete arrivati)<\/li>\n<li>Bus: prendere una navetta che da Borgo Valsugana vi lascer\u00e0 a poca distanza dall&#8217;ingresso di Arte Sella<\/li>\n<li>Bicicletta: per i pi\u00f9 sportivi, pedalare lungo la Sp40, un po&#8217; di fatica ma tanta meraviglia alla fine<\/li>\n<\/ul>\n<p>Biglietto intero: 8,00 \u20ac a persona<br \/>\nRagazzi dagli 11 ai 16 anni: 4\u20ac a persona<br \/>\nBambini fino ai 10 anni: gratis<\/p>\n<h2><span class=\"ez-toc-section\" id=\"Arte_Sella_la_sostenibilita_del_turismo\"><\/span>Arte Sella: la sostenibilit\u00e0 del turismo<span class=\"ez-toc-section-end\"><\/span><\/h2>\n<p>In seguito alle gravi condizioni climatiche del 29 ottobre del 2018 arte sella ha subito un durissimo colpo. Molta parte delle opere era stata smantellata dal vento. Ma la forza e la capacit\u00e0 organizzativa dello staff \u00e8 riuscito a rimettere in piedi e riaprire il tutto! Ancora una volta questo progetto ha dimostrato di sapere mutare con il tempo e con la natura e non per questo per\u00f2 subire la trasformazione arrivando alla cancellazione. Ogni lavoro testimonia la forza della natura ma anche la voglia , da parte degli uomini e delle donne che ci lavorano, di riuscire a celebrare il rispetto verso la bellezza. Questo tipo di turismo sostenibile non potr\u00e0 non colpire i visitatori pi\u00f9 attenti che scorgeranno in arte sella la dimostrazione che, la via verso il rispetto della natura porta direttamente alla bellezza. E allora perch\u00e9 non seguirla?<\/p>\n","protected":false},"excerpt":{"rendered":"<p>La bellezza della natura solitamente non ha bisogno dell&#8217;intervento dell&#8217;uomo, ma solo del suo rispetto! Eppure quello che accade entrando nel Parco di Arte Sella nell&#8217;omonima Valle \u00e8 qualcosa di irripetibile. Da anni ormai questi prati immersi nei boschi sono il palcoscenico di opere create con l&#8217;ausilio della natura. Non parliamo semplicemente\u00a0 di un ramo [&hellip;]<\/p>\n","protected":false},"author":2,"featured_media":22594,"comment_status":"open","ping_status":"open","sticky":false,"template":"","format":"standard","meta":{"_acf_changed":false,"inline_featured_image":false,"_lmt_disableupdate":"no","_lmt_disable":"no","_monsterinsights_skip_tracking":false,"_monsterinsights_sitenote_active":false,"_monsterinsights_sitenote_note":"","_monsterinsights_sitenote_category":0,"footnotes":""},"categories":[7],"tags":[],"class_list":["post-22589","post","type-post","status-publish","format-standard","has-post-thumbnail","hentry","category-curiosita"],"acf":[],"yoast_head":"<!-- This site is optimized with the Yoast SEO plugin v27.5 - https:\/\/yoast.com\/product\/yoast-seo-wordpress\/ -->\n<title>Arte sella, un percorso culturale nella natura - Ignas Tour<\/title>\n<meta name=\"description\" content=\"Il percorso Arte Sella vi porter\u00e0 nel cuore del Trentino. Con le sue sculture di legno vivrete un&#039;esperienza unica a contatto con la natura.\" \/>\n<meta name=\"robots\" content=\"index, follow, max-snippet:-1, max-image-preview:large, max-video-preview:-1\" \/>\n<link rel=\"canonical\" href=\"https:\/\/www.ignas.com\/it\/blog\/arte-sella-sculture-di-legno\/\" \/>\n<meta property=\"og:locale\" content=\"it_IT\" \/>\n<meta property=\"og:type\" content=\"article\" \/>\n<meta property=\"og:title\" content=\"Arte sella, un percorso culturale nella natura - Ignas Tour\" \/>\n<meta property=\"og:description\" content=\"Il percorso Arte Sella vi porter\u00e0 nel cuore del Trentino. Con le sue sculture di legno vivrete un&#039;esperienza unica a contatto con la natura.\" \/>\n<meta property=\"og:url\" content=\"https:\/\/www.ignas.com\/it\/blog\/arte-sella-sculture-di-legno\/\" \/>\n<meta property=\"og:site_name\" content=\"Ignas Tour\" \/>\n<meta property=\"article:published_time\" content=\"2019-06-16T14:51:14+00:00\" \/>\n<meta property=\"article:modified_time\" content=\"2024-02-26T16:57:40+00:00\" \/>\n<meta property=\"og:image\" content=\"https:\/\/www.ignas.com\/it\/blog\/wp-content\/uploads\/2019\/09\/opera3.jpeg\" \/>\n\t<meta property=\"og:image:width\" content=\"750\" \/>\n\t<meta property=\"og:image:height\" content=\"500\" \/>\n\t<meta property=\"og:image:type\" content=\"image\/jpeg\" \/>\n<meta name=\"author\" content=\"Fabrizio\" \/>\n<meta name=\"twitter:card\" content=\"summary_large_image\" \/>\n<meta name=\"twitter:label1\" content=\"Scritto da\" \/>\n\t<meta name=\"twitter:data1\" content=\"Fabrizio\" \/>\n\t<meta name=\"twitter:label2\" content=\"Tempo di lettura stimato\" \/>\n\t<meta name=\"twitter:data2\" content=\"7 minuti\" \/>\n<script type=\"application\/ld+json\" class=\"yoast-schema-graph\">{\"@context\":\"https:\\\/\\\/schema.org\",\"@graph\":[{\"@type\":\"Article\",\"@id\":\"https:\\\/\\\/www.ignas.com\\\/it\\\/blog\\\/arte-sella-sculture-di-legno\\\/#article\",\"isPartOf\":{\"@id\":\"https:\\\/\\\/www.ignas.com\\\/it\\\/blog\\\/arte-sella-sculture-di-legno\\\/\"},\"author\":{\"name\":\"Fabrizio\",\"@id\":\"https:\\\/\\\/www.ignas.com\\\/it\\\/blog\\\/#\\\/schema\\\/person\\\/cb41520c07db292cc5a20ce104e28a1d\"},\"headline\":\"Arte sella, un percorso culturale nella natura\",\"datePublished\":\"2019-06-16T14:51:14+00:00\",\"dateModified\":\"2024-02-26T16:57:40+00:00\",\"mainEntityOfPage\":{\"@id\":\"https:\\\/\\\/www.ignas.com\\\/it\\\/blog\\\/arte-sella-sculture-di-legno\\\/\"},\"wordCount\":1138,\"commentCount\":0,\"publisher\":{\"@id\":\"https:\\\/\\\/www.ignas.com\\\/it\\\/blog\\\/#organization\"},\"image\":{\"@id\":\"https:\\\/\\\/www.ignas.com\\\/it\\\/blog\\\/arte-sella-sculture-di-legno\\\/#primaryimage\"},\"thumbnailUrl\":\"https:\\\/\\\/www.ignas.com\\\/it\\\/blog\\\/wp-content\\\/uploads\\\/2019\\\/09\\\/opera3.jpeg\",\"articleSection\":[\"Curiosit\u00e0\"],\"inLanguage\":\"it-IT\",\"potentialAction\":[{\"@type\":\"CommentAction\",\"name\":\"Comment\",\"target\":[\"https:\\\/\\\/www.ignas.com\\\/it\\\/blog\\\/arte-sella-sculture-di-legno\\\/#respond\"]}]},{\"@type\":\"WebPage\",\"@id\":\"https:\\\/\\\/www.ignas.com\\\/it\\\/blog\\\/arte-sella-sculture-di-legno\\\/\",\"url\":\"https:\\\/\\\/www.ignas.com\\\/it\\\/blog\\\/arte-sella-sculture-di-legno\\\/\",\"name\":\"Arte sella, un percorso culturale nella natura - Ignas Tour\",\"isPartOf\":{\"@id\":\"https:\\\/\\\/www.ignas.com\\\/it\\\/blog\\\/#website\"},\"primaryImageOfPage\":{\"@id\":\"https:\\\/\\\/www.ignas.com\\\/it\\\/blog\\\/arte-sella-sculture-di-legno\\\/#primaryimage\"},\"image\":{\"@id\":\"https:\\\/\\\/www.ignas.com\\\/it\\\/blog\\\/arte-sella-sculture-di-legno\\\/#primaryimage\"},\"thumbnailUrl\":\"https:\\\/\\\/www.ignas.com\\\/it\\\/blog\\\/wp-content\\\/uploads\\\/2019\\\/09\\\/opera3.jpeg\",\"datePublished\":\"2019-06-16T14:51:14+00:00\",\"dateModified\":\"2024-02-26T16:57:40+00:00\",\"description\":\"Il percorso Arte Sella vi porter\u00e0 nel cuore del Trentino. Con le sue sculture di legno vivrete un'esperienza unica a contatto con la natura.\",\"breadcrumb\":{\"@id\":\"https:\\\/\\\/www.ignas.com\\\/it\\\/blog\\\/arte-sella-sculture-di-legno\\\/#breadcrumb\"},\"inLanguage\":\"it-IT\",\"potentialAction\":[{\"@type\":\"ReadAction\",\"target\":[\"https:\\\/\\\/www.ignas.com\\\/it\\\/blog\\\/arte-sella-sculture-di-legno\\\/\"]}]},{\"@type\":\"ImageObject\",\"inLanguage\":\"it-IT\",\"@id\":\"https:\\\/\\\/www.ignas.com\\\/it\\\/blog\\\/arte-sella-sculture-di-legno\\\/#primaryimage\",\"url\":\"https:\\\/\\\/www.ignas.com\\\/it\\\/blog\\\/wp-content\\\/uploads\\\/2019\\\/09\\\/opera3.jpeg\",\"contentUrl\":\"https:\\\/\\\/www.ignas.com\\\/it\\\/blog\\\/wp-content\\\/uploads\\\/2019\\\/09\\\/opera3.jpeg\",\"width\":750,\"height\":500,\"caption\":\"arte sella\"},{\"@type\":\"BreadcrumbList\",\"@id\":\"https:\\\/\\\/www.ignas.com\\\/it\\\/blog\\\/arte-sella-sculture-di-legno\\\/#breadcrumb\",\"itemListElement\":[{\"@type\":\"ListItem\",\"position\":1,\"name\":\"Home\",\"item\":\"https:\\\/\\\/www.ignas.com\\\/it\\\/blog\\\/\"},{\"@type\":\"ListItem\",\"position\":2,\"name\":\"Arte sella, un percorso culturale nella natura\"}]},{\"@type\":\"WebSite\",\"@id\":\"https:\\\/\\\/www.ignas.com\\\/it\\\/blog\\\/#website\",\"url\":\"https:\\\/\\\/www.ignas.com\\\/it\\\/blog\\\/\",\"name\":\"Ignas Tour\",\"description\":\"\",\"publisher\":{\"@id\":\"https:\\\/\\\/www.ignas.com\\\/it\\\/blog\\\/#organization\"},\"potentialAction\":[{\"@type\":\"SearchAction\",\"target\":{\"@type\":\"EntryPoint\",\"urlTemplate\":\"https:\\\/\\\/www.ignas.com\\\/it\\\/blog\\\/?s={search_term_string}\"},\"query-input\":{\"@type\":\"PropertyValueSpecification\",\"valueRequired\":true,\"valueName\":\"search_term_string\"}}],\"inLanguage\":\"it-IT\"},{\"@type\":\"Organization\",\"@id\":\"https:\\\/\\\/www.ignas.com\\\/it\\\/blog\\\/#organization\",\"name\":\"Ignas Tour\",\"url\":\"https:\\\/\\\/www.ignas.com\\\/it\\\/blog\\\/\",\"logo\":{\"@type\":\"ImageObject\",\"inLanguage\":\"it-IT\",\"@id\":\"https:\\\/\\\/www.ignas.com\\\/it\\\/blog\\\/#\\\/schema\\\/logo\\\/image\\\/\",\"url\":\"https:\\\/\\\/www.ignas.com\\\/it\\\/blog\\\/wp-content\\\/uploads\\\/2020\\\/01\\\/logo-ignas-com-200.png\",\"contentUrl\":\"https:\\\/\\\/www.ignas.com\\\/it\\\/blog\\\/wp-content\\\/uploads\\\/2020\\\/01\\\/logo-ignas-com-200.png\",\"width\":1147,\"height\":329,\"caption\":\"Ignas Tour\"},\"image\":{\"@id\":\"https:\\\/\\\/www.ignas.com\\\/it\\\/blog\\\/#\\\/schema\\\/logo\\\/image\\\/\"}},{\"@type\":\"Person\",\"@id\":\"https:\\\/\\\/www.ignas.com\\\/it\\\/blog\\\/#\\\/schema\\\/person\\\/cb41520c07db292cc5a20ce104e28a1d\",\"name\":\"Fabrizio\",\"image\":{\"@type\":\"ImageObject\",\"inLanguage\":\"it-IT\",\"@id\":\"https:\\\/\\\/secure.gravatar.com\\\/avatar\\\/e17f60c58ebe3feb555b9028681e30cfd921758bbdd1f8e9816f1d7d08c1bd9f?s=96&d=mm&r=g\",\"url\":\"https:\\\/\\\/secure.gravatar.com\\\/avatar\\\/e17f60c58ebe3feb555b9028681e30cfd921758bbdd1f8e9816f1d7d08c1bd9f?s=96&d=mm&r=g\",\"contentUrl\":\"https:\\\/\\\/secure.gravatar.com\\\/avatar\\\/e17f60c58ebe3feb555b9028681e30cfd921758bbdd1f8e9816f1d7d08c1bd9f?s=96&d=mm&r=g\",\"caption\":\"Fabrizio\"},\"description\":\"Seo Copywriter\"}]}<\/script>\n<!-- \/ Yoast SEO plugin. -->","yoast_head_json":{"title":"Arte sella, un percorso culturale nella natura - Ignas Tour","description":"Il percorso Arte Sella vi porter\u00e0 nel cuore del Trentino. Con le sue sculture di legno vivrete un'esperienza unica a contatto con la natura.","robots":{"index":"index","follow":"follow","max-snippet":"max-snippet:-1","max-image-preview":"max-image-preview:large","max-video-preview":"max-video-preview:-1"},"canonical":"https:\/\/www.ignas.com\/it\/blog\/arte-sella-sculture-di-legno\/","og_locale":"it_IT","og_type":"article","og_title":"Arte sella, un percorso culturale nella natura - Ignas Tour","og_description":"Il percorso Arte Sella vi porter\u00e0 nel cuore del Trentino. Con le sue sculture di legno vivrete un'esperienza unica a contatto con la natura.","og_url":"https:\/\/www.ignas.com\/it\/blog\/arte-sella-sculture-di-legno\/","og_site_name":"Ignas Tour","article_published_time":"2019-06-16T14:51:14+00:00","article_modified_time":"2024-02-26T16:57:40+00:00","og_image":[{"width":750,"height":500,"url":"https:\/\/www.ignas.com\/it\/blog\/wp-content\/uploads\/2019\/09\/opera3.jpeg","type":"image\/jpeg"}],"author":"Fabrizio","twitter_card":"summary_large_image","twitter_misc":{"Scritto da":"Fabrizio","Tempo di lettura stimato":"7 minuti"},"schema":{"@context":"https:\/\/schema.org","@graph":[{"@type":"Article","@id":"https:\/\/www.ignas.com\/it\/blog\/arte-sella-sculture-di-legno\/#article","isPartOf":{"@id":"https:\/\/www.ignas.com\/it\/blog\/arte-sella-sculture-di-legno\/"},"author":{"name":"Fabrizio","@id":"https:\/\/www.ignas.com\/it\/blog\/#\/schema\/person\/cb41520c07db292cc5a20ce104e28a1d"},"headline":"Arte sella, un percorso culturale nella natura","datePublished":"2019-06-16T14:51:14+00:00","dateModified":"2024-02-26T16:57:40+00:00","mainEntityOfPage":{"@id":"https:\/\/www.ignas.com\/it\/blog\/arte-sella-sculture-di-legno\/"},"wordCount":1138,"commentCount":0,"publisher":{"@id":"https:\/\/www.ignas.com\/it\/blog\/#organization"},"image":{"@id":"https:\/\/www.ignas.com\/it\/blog\/arte-sella-sculture-di-legno\/#primaryimage"},"thumbnailUrl":"https:\/\/www.ignas.com\/it\/blog\/wp-content\/uploads\/2019\/09\/opera3.jpeg","articleSection":["Curiosit\u00e0"],"inLanguage":"it-IT","potentialAction":[{"@type":"CommentAction","name":"Comment","target":["https:\/\/www.ignas.com\/it\/blog\/arte-sella-sculture-di-legno\/#respond"]}]},{"@type":"WebPage","@id":"https:\/\/www.ignas.com\/it\/blog\/arte-sella-sculture-di-legno\/","url":"https:\/\/www.ignas.com\/it\/blog\/arte-sella-sculture-di-legno\/","name":"Arte sella, un percorso culturale nella natura - Ignas Tour","isPartOf":{"@id":"https:\/\/www.ignas.com\/it\/blog\/#website"},"primaryImageOfPage":{"@id":"https:\/\/www.ignas.com\/it\/blog\/arte-sella-sculture-di-legno\/#primaryimage"},"image":{"@id":"https:\/\/www.ignas.com\/it\/blog\/arte-sella-sculture-di-legno\/#primaryimage"},"thumbnailUrl":"https:\/\/www.ignas.com\/it\/blog\/wp-content\/uploads\/2019\/09\/opera3.jpeg","datePublished":"2019-06-16T14:51:14+00:00","dateModified":"2024-02-26T16:57:40+00:00","description":"Il percorso Arte Sella vi porter\u00e0 nel cuore del Trentino. Con le sue sculture di legno vivrete un'esperienza unica a contatto con la natura.","breadcrumb":{"@id":"https:\/\/www.ignas.com\/it\/blog\/arte-sella-sculture-di-legno\/#breadcrumb"},"inLanguage":"it-IT","potentialAction":[{"@type":"ReadAction","target":["https:\/\/www.ignas.com\/it\/blog\/arte-sella-sculture-di-legno\/"]}]},{"@type":"ImageObject","inLanguage":"it-IT","@id":"https:\/\/www.ignas.com\/it\/blog\/arte-sella-sculture-di-legno\/#primaryimage","url":"https:\/\/www.ignas.com\/it\/blog\/wp-content\/uploads\/2019\/09\/opera3.jpeg","contentUrl":"https:\/\/www.ignas.com\/it\/blog\/wp-content\/uploads\/2019\/09\/opera3.jpeg","width":750,"height":500,"caption":"arte sella"},{"@type":"BreadcrumbList","@id":"https:\/\/www.ignas.com\/it\/blog\/arte-sella-sculture-di-legno\/#breadcrumb","itemListElement":[{"@type":"ListItem","position":1,"name":"Home","item":"https:\/\/www.ignas.com\/it\/blog\/"},{"@type":"ListItem","position":2,"name":"Arte sella, un percorso culturale nella natura"}]},{"@type":"WebSite","@id":"https:\/\/www.ignas.com\/it\/blog\/#website","url":"https:\/\/www.ignas.com\/it\/blog\/","name":"Ignas Tour","description":"","publisher":{"@id":"https:\/\/www.ignas.com\/it\/blog\/#organization"},"potentialAction":[{"@type":"SearchAction","target":{"@type":"EntryPoint","urlTemplate":"https:\/\/www.ignas.com\/it\/blog\/?s={search_term_string}"},"query-input":{"@type":"PropertyValueSpecification","valueRequired":true,"valueName":"search_term_string"}}],"inLanguage":"it-IT"},{"@type":"Organization","@id":"https:\/\/www.ignas.com\/it\/blog\/#organization","name":"Ignas Tour","url":"https:\/\/www.ignas.com\/it\/blog\/","logo":{"@type":"ImageObject","inLanguage":"it-IT","@id":"https:\/\/www.ignas.com\/it\/blog\/#\/schema\/logo\/image\/","url":"https:\/\/www.ignas.com\/it\/blog\/wp-content\/uploads\/2020\/01\/logo-ignas-com-200.png","contentUrl":"https:\/\/www.ignas.com\/it\/blog\/wp-content\/uploads\/2020\/01\/logo-ignas-com-200.png","width":1147,"height":329,"caption":"Ignas Tour"},"image":{"@id":"https:\/\/www.ignas.com\/it\/blog\/#\/schema\/logo\/image\/"}},{"@type":"Person","@id":"https:\/\/www.ignas.com\/it\/blog\/#\/schema\/person\/cb41520c07db292cc5a20ce104e28a1d","name":"Fabrizio","image":{"@type":"ImageObject","inLanguage":"it-IT","@id":"https:\/\/secure.gravatar.com\/avatar\/e17f60c58ebe3feb555b9028681e30cfd921758bbdd1f8e9816f1d7d08c1bd9f?s=96&d=mm&r=g","url":"https:\/\/secure.gravatar.com\/avatar\/e17f60c58ebe3feb555b9028681e30cfd921758bbdd1f8e9816f1d7d08c1bd9f?s=96&d=mm&r=g","contentUrl":"https:\/\/secure.gravatar.com\/avatar\/e17f60c58ebe3feb555b9028681e30cfd921758bbdd1f8e9816f1d7d08c1bd9f?s=96&d=mm&r=g","caption":"Fabrizio"},"description":"Seo Copywriter"}]}},"modified_by":"Team di Ignas Tour","_links":{"self":[{"href":"https:\/\/www.ignas.com\/it\/blog\/wp-json\/wp\/v2\/posts\/22589","targetHints":{"allow":["GET"]}}],"collection":[{"href":"https:\/\/www.ignas.com\/it\/blog\/wp-json\/wp\/v2\/posts"}],"about":[{"href":"https:\/\/www.ignas.com\/it\/blog\/wp-json\/wp\/v2\/types\/post"}],"author":[{"embeddable":true,"href":"https:\/\/www.ignas.com\/it\/blog\/wp-json\/wp\/v2\/users\/2"}],"replies":[{"embeddable":true,"href":"https:\/\/www.ignas.com\/it\/blog\/wp-json\/wp\/v2\/comments?post=22589"}],"version-history":[{"count":4,"href":"https:\/\/www.ignas.com\/it\/blog\/wp-json\/wp\/v2\/posts\/22589\/revisions"}],"predecessor-version":[{"id":27107,"href":"https:\/\/www.ignas.com\/it\/blog\/wp-json\/wp\/v2\/posts\/22589\/revisions\/27107"}],"wp:featuredmedia":[{"embeddable":true,"href":"https:\/\/www.ignas.com\/it\/blog\/wp-json\/wp\/v2\/media\/22594"}],"wp:attachment":[{"href":"https:\/\/www.ignas.com\/it\/blog\/wp-json\/wp\/v2\/media?parent=22589"}],"wp:term":[{"taxonomy":"category","embeddable":true,"href":"https:\/\/www.ignas.com\/it\/blog\/wp-json\/wp\/v2\/categories?post=22589"},{"taxonomy":"post_tag","embeddable":true,"href":"https:\/\/www.ignas.com\/it\/blog\/wp-json\/wp\/v2\/tags?post=22589"}],"curies":[{"name":"wp","href":"https:\/\/api.w.org\/{rel}","templated":true}]}}