{"id":22068,"date":"2019-08-16T11:38:57","date_gmt":"2019-08-16T09:38:57","guid":{"rendered":"http:\/\/52.212.170.109\/?p=22068"},"modified":"2024-09-19T12:46:18","modified_gmt":"2024-09-19T10:46:18","slug":"riviera-del-conero","status":"publish","type":"post","link":"https:\/\/www.ignas.com\/it\/blog\/riviera-del-conero\/","title":{"rendered":"Le spiagge segrete della riviera del conero"},"content":{"rendered":"<p>Nell&#8217;immaginario comune la riviera adriatica \u00e8 una distesa di costa sabbiosa in un contesto pianeggiante e con file di sdraio e ombrelloni in un ordine artificioso. Poco spazio dunque per l&#8217;aspetto selvaggio della natura sembrerebbe. E invece no! L&#8217;intera <strong>riviera del Conero<\/strong> infatti \u00e8 l&#8217;immagine di una costa allo stato selvatico di cui conserva il candido splendore.<\/p>\n<p>Ma come tutti i luoghi in cui la natura vive incontaminata, per poterne godere appieno occorre conoscerne i modi in cui arrivarci, le piccole calette nascoste e le dritte su orari e cosa portare con s\u00e8. In questo articolo lo scopriamo insieme partendo da nord della costa e arrivando cos\u00ec a scoprire scendendo verso sud le diverse spiagge del mare del Conero.<\/p>\n<h4><a class=\"button btnBlogCTA\" href=\"https:\/\/www.ignas.com\/it\/offerte-vacanze-conero\" target=\"_blank\" rel=\"noopener noreferrer\">Scopri tutte le nostre offerte per il Conero<\/a><\/h4>\n<h2><span class=\"ez-toc-section\" id=\"Spiaggia_del_Trave_la_piu_a_nord_della_riviera_del_Conero\"><\/span>Spiaggia del Trave, la pi\u00f9 a nord della riviera del Conero<span class=\"ez-toc-section-end\"><\/span><\/h2><div id=\"ez-toc-container\" class=\"ez-toc-v2_0_82_2 counter-hierarchy ez-toc-counter ez-toc-white ez-toc-container-direction\">\n<div class=\"ez-toc-title-container\">\n<p class=\"ez-toc-title\" style=\"cursor:inherit\"><\/p>\n<span class=\"ez-toc-title-toggle\"><a href=\"#\" class=\"ez-toc-pull-right ez-toc-btn ez-toc-btn-xs ez-toc-btn-default ez-toc-toggle\" aria-label=\"Toggle Table of Content\"><span class=\"ez-toc-js-icon-con\"><span class=\"\"><span class=\"eztoc-hide\" style=\"display:none;\">Toggle<\/span><span class=\"ez-toc-icon-toggle-span\"><svg style=\"fill: #999;color:#999\" xmlns=\"http:\/\/www.w3.org\/2000\/svg\" class=\"list-377408\" width=\"20px\" height=\"20px\" viewBox=\"0 0 24 24\" fill=\"none\"><path d=\"M6 6H4v2h2V6zm14 0H8v2h12V6zM4 11h2v2H4v-2zm16 0H8v2h12v-2zM4 16h2v2H4v-2zm16 0H8v2h12v-2z\" fill=\"currentColor\"><\/path><\/svg><svg style=\"fill: #999;color:#999\" class=\"arrow-unsorted-368013\" xmlns=\"http:\/\/www.w3.org\/2000\/svg\" width=\"10px\" height=\"10px\" viewBox=\"0 0 24 24\" version=\"1.2\" baseProfile=\"tiny\"><path d=\"M18.2 9.3l-6.2-6.3-6.2 6.3c-.2.2-.3.4-.3.7s.1.5.3.7c.2.2.4.3.7.3h11c.3 0 .5-.1.7-.3.2-.2.3-.5.3-.7s-.1-.5-.3-.7zM5.8 14.7l6.2 6.3 6.2-6.3c.2-.2.3-.5.3-.7s-.1-.5-.3-.7c-.2-.2-.4-.3-.7-.3h-11c-.3 0-.5.1-.7.3-.2.2-.3.5-.3.7s.1.5.3.7z\"\/><\/svg><\/span><\/span><\/span><\/a><\/span><\/div>\n<nav><ul class='ez-toc-list ez-toc-list-level-1 eztoc-toggle-hide-by-default' ><li class='ez-toc-page-1 ez-toc-heading-level-2'><a class=\"ez-toc-link ez-toc-heading-1\" href=\"https:\/\/www.ignas.com\/it\/blog\/riviera-del-conero\/#Spiaggia_del_Trave_la_piu_a_nord_della_riviera_del_Conero\" >Spiaggia del Trave, la pi\u00f9 a nord della riviera del Conero<\/a><\/li><li class='ez-toc-page-1 ez-toc-heading-level-2'><a class=\"ez-toc-link ez-toc-heading-2\" href=\"https:\/\/www.ignas.com\/it\/blog\/riviera-del-conero\/#La_piu_conosciuta_spiaggia_di_Mezzavalle\" >La pi\u00f9 conosciuta: spiaggia di Mezzavalle<\/a><\/li><li class='ez-toc-page-1 ez-toc-heading-level-2'><a class=\"ez-toc-link ez-toc-heading-3\" href=\"https:\/\/www.ignas.com\/it\/blog\/riviera-del-conero\/#La_baia_marina_di_un_parco_naturale_Portonovo\" >La baia marina di un parco naturale: Portonovo<\/a><\/li><li class='ez-toc-page-1 ez-toc-heading-level-2'><a class=\"ez-toc-link ez-toc-heading-4\" href=\"https:\/\/www.ignas.com\/it\/blog\/riviera-del-conero\/#Spiaggia_delle_due_sorelle_un_paradiso_per_pochissimi\" >Spiaggia delle due sorelle: un paradiso per pochissimi<\/a><\/li><li class='ez-toc-page-1 ez-toc-heading-level-2'><a class=\"ez-toc-link ez-toc-heading-5\" href=\"https:\/\/www.ignas.com\/it\/blog\/riviera-del-conero\/#La_riviera_del_Conero_diventa_scura_spiaggia_dei_sassi_neri\" >La riviera del Conero diventa scura: spiaggia dei sassi neri<\/a><\/li><li class='ez-toc-page-1 ez-toc-heading-level-2'><a class=\"ez-toc-link ez-toc-heading-6\" href=\"https:\/\/www.ignas.com\/it\/blog\/riviera-del-conero\/#Numana_la_spiaggia_principale\" >Numana: la spiaggia principale<\/a><\/li><li class='ez-toc-page-1 ez-toc-heading-level-2'><a class=\"ez-toc-link ez-toc-heading-7\" href=\"https:\/\/www.ignas.com\/it\/blog\/riviera-del-conero\/#Soluzione_a_misura_di_famiglia\" >Soluzione a misura di famiglia!<\/a><\/li><li class='ez-toc-page-1 ez-toc-heading-level-2'><a class=\"ez-toc-link ez-toc-heading-8\" href=\"https:\/\/www.ignas.com\/it\/blog\/riviera-del-conero\/#Le_strutture_consigliate_sulla_costa_delle_Marche\" >Le strutture consigliate sulla costa delle Marche<\/a><\/li><\/ul><\/nav><\/div>\n\n<p>Partiamo dunque da una spiaggia che davvero in pochi conoscono e che si trova poco prima della nota spiaggia di Mezzavalle: la suggestiva spiaggia del Trave. Il nome lo deve allo scoglio intorno al quale sorge l&#8217;intera costa. In particolare il Trave si inabissa in mare e prosegue verso il largo per circa 300 metri creando un porto naturale che negli anni \u00e8 stato riparo per piccole imbarcazioni.<\/p>\n<p><img loading=\"lazy\" decoding=\"async\" class=\"alignnone wp-image-22102 size-full\" title=\"spiaggia di trave conero\" src=\"https:\/\/www.ignas.com\/it\/blog\/wp-content\/uploads\/2019\/07\/spiaggia-di-trave.jpeg\" alt=\"spiaggia di trave conero\" width=\"3910\" height=\"2179\" srcset=\"https:\/\/www.ignas.com\/it\/blog\/wp-content\/uploads\/2019\/07\/spiaggia-di-trave.jpeg 3910w, https:\/\/www.ignas.com\/it\/blog\/wp-content\/uploads\/2019\/07\/spiaggia-di-trave-300x167.jpeg 300w, https:\/\/www.ignas.com\/it\/blog\/wp-content\/uploads\/2019\/07\/spiaggia-di-trave-768x428.jpeg 768w, https:\/\/www.ignas.com\/it\/blog\/wp-content\/uploads\/2019\/07\/spiaggia-di-trave-1024x571.jpeg 1024w, https:\/\/www.ignas.com\/it\/blog\/wp-content\/uploads\/2019\/07\/spiaggia-di-trave-696x388.jpeg 696w, https:\/\/www.ignas.com\/it\/blog\/wp-content\/uploads\/2019\/07\/spiaggia-di-trave-1068x595.jpeg 1068w, https:\/\/www.ignas.com\/it\/blog\/wp-content\/uploads\/2019\/07\/spiaggia-di-trave-754x420.jpeg 754w, https:\/\/www.ignas.com\/it\/blog\/wp-content\/uploads\/2019\/07\/spiaggia-di-trave-1920x1070.jpeg 1920w\" sizes=\"auto, (max-width: 3910px) 100vw, 3910px\" \/><\/p>\n<p>Negli anni 50 fu costruita, proprio sul costone che percorre in largo il mare, una piccola palafitta per i pescatori. Ancora oggi la palafitta resiste ed \u00e8 meta per molti appassionati di fotografia.<\/p>\n<p>Per raggiungere questo angolo di paradiso le possibilit\u00e0 sono 2:<\/p>\n<ul>\n<li>via mare: partendo dalla vicina spiaggia di Mezzavalle con una piccola imbarcazione sar\u00e0 possibile in poche remate raggiungere la vicina trave che si trova poco pi\u00f9 a nord;<\/li>\n<li>macchina: prendere la strada provinciale del Conero all&#8217;altezza del 5400 km in cui lasciare l&#8217;auto. Ti troverai in quel momento nel punto pi\u00f9 a sud del Trave. Per raggiungere la caletta dunque non dovrai fare altro che proseguire verso nord<\/li>\n<\/ul>\n<p>Scendendo verso la spiaggia dunque ti troverai vicino al Trave che prima si inerpica e resiste al flusso del mare e poi si inabissa . Sar\u00e0 li che potrai prendere il tuo posto in questa spiaggia libera e per molti versi nascosta del conero, e goderti appieno la natura.<\/p>\n<h2><span class=\"ez-toc-section\" id=\"La_piu_conosciuta_spiaggia_di_Mezzavalle\"><\/span>La pi\u00f9 conosciuta: spiaggia di Mezzavalle<span class=\"ez-toc-section-end\"><\/span><\/h2>\n<p>Continuiamo questo viaggio alla scoperta del Conero scendendo di poco pi\u00f9 a sud, e arriviamo a Mezzavalle. Partiamo dunque dal primo dei consigli pratici: come raggiungere e dove parcheggiare.<\/p>\n<p>Venendo da nord a pochi km da Travi, troverete sulla strada provinciale diverse piazzole dove poter parcheggiare e da l\u00ec proseguire a piedi lungo il sentiero in discesa verso la spiaggia. Il consiglio da seguire \u00e8 quello di indossare delle scarpe da trekking o anche sportive, ma non pensate di scendere con le infradito: le cadute sarebbero assicurate. La discesa infatti, pur non essendo proibitiva, conserva comunque il suo grado di pendenza. Una volta giunti in spiaggia vi troverete al centro dei due estremi della caletta. L\u00ec vicino noterete un piccolo bar\/ristorante, sicuro alleato nei momenti caldi e di appetito crescente.<\/p>\n<p>La spiaggia che avrete sotto i piedi \u00e8 fatta di ciottoli bianchi, sabbia un po&#8217; pi\u00f9 grossa, e un fondale che fa subito a picco in pochi metri, per cui occhio ai piccoli. I fondali sono caratterizzati da scogli in cui sar\u00e0 meraviglioso fare snorkeling. Se durante la giornata vi capiter\u00e0 di notare le altre persone tutte spalmate di una crema bianca non temete: \u00e8 l&#8217;argilla dello scoglio che mischiato con l&#8217;acqua di mare crea una crema naturale in grado di rendere morbidissima la pelle. Provare per credere!<\/p>\n<p><iframe loading=\"lazy\" src=\"https:\/\/www.google.com\/maps\/d\/embed?mid=1pnka9wu8Txb3t16Vd2VAxMQk5KuxBhgP\" width=\"640\" height=\"480\"><\/iframe><\/p>\n<h2><span class=\"ez-toc-section\" id=\"La_baia_marina_di_un_parco_naturale_Portonovo\"><\/span>La baia marina di un parco naturale: Portonovo<span class=\"ez-toc-section-end\"><\/span><\/h2>\n<p>Lasciamoci Mezzavalle alle spalle e immergiamoci nella baia di Portonovo, precisamente nella Baia verde che va dal &#8220;Lago grande&#8221; fino alla spiaggia &#8220;La vela&#8221;. Il nome baia verde lo deve al colore caratteristico delle acque e al fatto che tutta l&#8217;area circostante \u00e8 macchia mediterranea del parco naturale del Conero. Proprio all&#8217;interno della baia sono presenti due piccoli laghetti salmastri, habitat di molte specie protette. Poco pi\u00f9 avanti la spiaggia continua con ciottoli bianchi levigati dal mare, conferendo a tutta la spiaggia una caratteristica colorazione chiara in pieno contrasto con il verde del mare. Proseguendo passerete dall&#8217;ex Fortino Napoleonico, costruito nel XIX secolo, per poi arrivare alla Chiesa di Santa Maria di Portonovo, affacciata sul mare, risalente al periodo benedettino. Poco pi\u00f9 avanti la baia finisce con la spiaggia della vela, chiamata cos\u00ec a causa di uno scoglio dall&#8217;omonima forma. La passeggiata dell&#8217;intera baia non dura pi\u00f9 di 20 minuti ma consigliamo di utilizzare le scarpine da scoglio per camminare pi\u00f9 agevolmente su questo pezzo di riviera del Conero.<\/p>\n<p>Al tramonto non potrete resistere ai moscioli, le cozze selvatiche del Conero ,degustabili anche sulla riva. Per il parcheggio ci sono due alternative: a ridosso della spiaggia, ma che molto spesso sono gi\u00e0 occupati, essendo pochi. In alternativa vi sono ampi parcheggi sulla sommit\u00e0 della strada che porta a Portonovo, per poi scendere e salire potrete usare i numerosi bus-navetta del paese.<\/p>\n<h2><span class=\"ez-toc-section\" id=\"Spiaggia_delle_due_sorelle_un_paradiso_per_pochissimi\"><\/span>Spiaggia delle due sorelle: un paradiso per pochissimi<span class=\"ez-toc-section-end\"><\/span><\/h2>\n<p><img loading=\"lazy\" decoding=\"async\" class=\"alignnone wp-image-22101 size-full\" title=\"spiaggia delle due sorelle conero\" src=\"https:\/\/www.ignas.com\/it\/blog\/wp-content\/uploads\/2019\/07\/spiaggia-delle-due-sorelle.jpeg\" alt=\"spiaggia delle due sorelle conero\" width=\"850\" height=\"565\" srcset=\"https:\/\/www.ignas.com\/it\/blog\/wp-content\/uploads\/2019\/07\/spiaggia-delle-due-sorelle.jpeg 850w, https:\/\/www.ignas.com\/it\/blog\/wp-content\/uploads\/2019\/07\/spiaggia-delle-due-sorelle-300x199.jpeg 300w, https:\/\/www.ignas.com\/it\/blog\/wp-content\/uploads\/2019\/07\/spiaggia-delle-due-sorelle-768x510.jpeg 768w, https:\/\/www.ignas.com\/it\/blog\/wp-content\/uploads\/2019\/07\/spiaggia-delle-due-sorelle-696x463.jpeg 696w, https:\/\/www.ignas.com\/it\/blog\/wp-content\/uploads\/2019\/07\/spiaggia-delle-due-sorelle-632x420.jpeg 632w\" sizes=\"auto, (max-width: 850px) 100vw, 850px\" \/><\/p>\n<p>Iniziamo dicendolo subito: in questo angolo di paradiso ci si arriva solo via mare. Non \u00e8 impossibile ma chiaramente comporta un tipo di organizzazione diversa.<\/p>\n<p>Le alternative sono due:<\/p>\n<ul>\n<li>Traghetti da Numana: ne partono in vari orari del giorno a prezzi non proibitivi;<\/li>\n<li>Canoa: per i pi\u00f9 sportivi la soddisfazione di arrivare con le proprie forze sar\u00e0 un&#8217;estasi di piacere;<\/li>\n<\/ul>\n<p>Ad ogni modo una volta giunti sulla spiaggia di fronte ai due faraglioni da cui prende il nome la spiaggia, tutta la fatica organizzativa sar\u00e0 ben ripagata. Soprattutto per gli amanti dello snorkeling. Ancora uno volta la riviera del Conero sapr\u00e0 ripagarvi.<\/p>\n<h2><span class=\"ez-toc-section\" id=\"La_riviera_del_Conero_diventa_scura_spiaggia_dei_sassi_neri\"><\/span>La riviera del Conero diventa scura: spiaggia dei sassi neri<span class=\"ez-toc-section-end\"><\/span><\/h2>\n<p>Sassi neri? Eppure la spiaggia \u00e8 bianca! E infatti i ciottoli neri si trovano nel fondale e il colore scuro da cui prende il nome l&#8217;intera spiaggia \u00e8 visibile ammirando il mare da una prospettiva pi\u00f9 alta. Ma vi assicuriamo che anche una volta arrivati il colpo d&#8217;occhio \u00e8 splendido. La sabbia \u00e8 bianca formata da ghiaia e ciottoli, mentre alle vostre spalle il terreno chiaro della scogliera pu\u00f2 diventare un ottimo alleato della pelle se mescolato con acqua di mare. Come capita spesso nella riviera del Conero, molti turisti usano spalmarsi questa crema per l&#8217;effetto morbidezza che rilascia l&#8217;applicazione. Se vi piace prendere il sole vi raccomandiamo di sfruttare la giornata partendo presto la mattina, evitando il problema dell&#8217;ombra del monte Conero.<\/p>\n<h2><span class=\"ez-toc-section\" id=\"Numana_la_spiaggia_principale\"><\/span>Numana: la spiaggia principale<span class=\"ez-toc-section-end\"><\/span><\/h2>\n<p><img loading=\"lazy\" decoding=\"async\" class=\"alignnone wp-image-22103 size-full\" title=\"spiaggia di numana\" src=\"https:\/\/www.ignas.com\/it\/blog\/wp-content\/uploads\/2019\/07\/spiaggia-numana.jpg\" alt=\"spiaggia di numana\" width=\"3000\" height=\"1987\" srcset=\"https:\/\/www.ignas.com\/it\/blog\/wp-content\/uploads\/2019\/07\/spiaggia-numana.jpg 3000w, https:\/\/www.ignas.com\/it\/blog\/wp-content\/uploads\/2019\/07\/spiaggia-numana-300x199.jpg 300w, https:\/\/www.ignas.com\/it\/blog\/wp-content\/uploads\/2019\/07\/spiaggia-numana-768x509.jpg 768w, https:\/\/www.ignas.com\/it\/blog\/wp-content\/uploads\/2019\/07\/spiaggia-numana-1024x678.jpg 1024w, https:\/\/www.ignas.com\/it\/blog\/wp-content\/uploads\/2019\/07\/spiaggia-numana-696x461.jpg 696w, https:\/\/www.ignas.com\/it\/blog\/wp-content\/uploads\/2019\/07\/spiaggia-numana-1068x707.jpg 1068w, https:\/\/www.ignas.com\/it\/blog\/wp-content\/uploads\/2019\/07\/spiaggia-numana-634x420.jpg 634w, https:\/\/www.ignas.com\/it\/blog\/wp-content\/uploads\/2019\/07\/spiaggia-numana-1920x1272.jpg 1920w\" sizes=\"auto, (max-width: 3000px) 100vw, 3000px\" \/><\/p>\n<p>Fra le cose da vedere nella riviera del Conero c&#8217;\u00e8 certamente il paesino di Numana. Questa \u00e8 una localit\u00e0 molto battuta e che ha alle spalle la vita del piccolo paesino di provincia. Numana infatti \u00e8 un vero e proprio piccolo centro abitato, con tutti i comfort del caso. Inoltre \u00e8 possibile visitare il museo e le chiese del paese che ogni anno attirano flotte di turisti. Chiaramente il tipo di suggestioni che scaturisce sono diverse dalle spiagge selvatiche come le due sorelle. Ma per chi ha bambini e non vuole rinunciare al fascino del mare del Conero, Numana con le sue spiagge di ghiaia larghe e ben servite \u00e8 l&#8217;ideale.<\/p>\n<h2><span class=\"ez-toc-section\" id=\"Soluzione_a_misura_di_famiglia\"><\/span>Soluzione a misura di famiglia!<span class=\"ez-toc-section-end\"><\/span><\/h2>\n<p>La riviera del Conero \u00e8 una meta per chi ha voglia di provare il gusto della scoperta. Ci sono certamente spiagge famose e molto note al turismo di massa. Ma quelle che abbiamo &#8220;percorso&#8221; qui sono localit\u00e0 pi\u00f9 difficili da raggiungere, e anche per questo molto meno affollate. Come tutti i posti estivi, i periodi di agosto sono pi\u00f9 popolati, a differenza di settembre e giugno, dove le spiagge sono vissute dai residenti, maggiormente nei weekend.<\/p>\n<p>Se per\u00f2 l&#8217;idea di fare un&#8217;intera vacanza in un litorale cos\u00ec selvaggio non si presta alle esigenze di tutti, allora una soluzione potrebbe essere quella di soggiornare in una localit\u00e0 vicina al Conero, e che per\u00f2 rimane molto pi\u00f9 collegata a negozi, confort e situazioni di svago per bambini ed adulti, senza tuttavia perdere il lato naturalistico e incontaminato: Sant&#8217;Elpidio, pi\u00f9 precisamente il <strong><a href=\"https:\/\/www.ignas.com\/it\/offerte-vacanze-marche\/santelpidio-a-mare\/camping-village-la-risacca\" target=\"_blank\" rel=\"noopener\">Villaggio La Risacca<\/a>.<\/strong> Oltre ad avere l&#8217;affaccio sulla spiaggia privata con lettini e ombrelloni inclusi, nella nostra offerta ci sono anche miniclub , ingresso nell&#8217;Acquapark, piscina, posto auto e pensione completa. Un luogo pensato per le famiglie ma anche per chi vuole vivere il contatto con il mare, e <strong>a pochi chilometri dal Conero<\/strong>, sempre raggiungibile!<\/p>\n<div class=\"vlp-link-container vlp-layout-test1\"><a href=\"https:\/\/www.ignas.com\/it\/offerte-vacanze-marche\/santelpidio-a-mare\/camping-village-la-risacca\" class=\"vlp-link\" title=\"Village La Risacca, 4 stelle, Sant\u2019Elpidio a Mare, vicino al Conero\" rel=\"nofollow\" target=\"_blank\"><\/a><div class=\"vlp-layout-zone-side\"><div class=\"vlp-block-3 vlp-link-image\"><img loading=\"lazy\" decoding=\"async\" style=\"max-width: 150px;\" width=\"150\" height=\"92\" src=\"https:\/\/www.ignas.com\/it\/blog\/wp-content\/uploads\/2019\/08\/risacca-villaggio.jpg\" class=\"attachment-150x999 size-150x999\" alt=\"risacca Village\" srcset=\"https:\/\/www.ignas.com\/it\/blog\/wp-content\/uploads\/2019\/08\/risacca-villaggio.jpg 941w, https:\/\/www.ignas.com\/it\/blog\/wp-content\/uploads\/2019\/08\/risacca-villaggio-300x184.jpg 300w, https:\/\/www.ignas.com\/it\/blog\/wp-content\/uploads\/2019\/08\/risacca-villaggio-768x470.jpg 768w\" sizes=\"auto, (max-width: 150px) 100vw, 150px\" \/><\/div><\/div><div class=\"vlp-layout-zone-main\"><div class=\"vlp-block-0 vlp-link-title\">Village La Risacca, 4 stelle, Sant\u2019Elpidio a Mare, vicino al Conero<\/div><div class=\"vlp-block-1 vlp-link-summary\">La Risacca Family Camping Village si trova a Sant\u2019Elpidio al Mare, affacciato direttamente sulla spiaggia. Il centro di Porto Sant\u2019Elpidio dista ca.\u2026<\/div><div class=\"vlp-block-2 vlp-link-button\">Clicca e vedi!<\/div><\/div><\/div>\n<h2><span class=\"ez-toc-section\" id=\"Le_strutture_consigliate_sulla_costa_delle_Marche\"><\/span>Le strutture consigliate sulla costa delle Marche<span class=\"ez-toc-section-end\"><\/span><\/h2>\n<h4><strong><a class=\"button btnBlogCTA\" href=\"https:\/\/www.ignas.com\/it\/offerte-vacanze-marche\" target=\"_blank\" rel=\"noopener noreferrer\">Scopri tutte le nostre offerte marche<\/a><\/strong><\/h4>\n","protected":false},"excerpt":{"rendered":"<p>Nell&#8217;immaginario comune la riviera adriatica \u00e8 una distesa di costa sabbiosa in un contesto pianeggiante e con file di sdraio e ombrelloni in un ordine artificioso. Poco spazio dunque per l&#8217;aspetto selvaggio della natura sembrerebbe. E invece no! L&#8217;intera riviera del Conero infatti \u00e8 l&#8217;immagine di una costa allo stato selvatico di cui conserva il [&hellip;]<\/p>\n","protected":false},"author":2,"featured_media":22109,"comment_status":"open","ping_status":"open","sticky":false,"template":"","format":"standard","meta":{"_acf_changed":false,"inline_featured_image":false,"_lmt_disableupdate":"no","_lmt_disable":"no","_monsterinsights_skip_tracking":false,"_monsterinsights_sitenote_active":false,"_monsterinsights_sitenote_note":"","_monsterinsights_sitenote_category":0,"footnotes":""},"categories":[3],"tags":[],"class_list":["post-22068","post","type-post","status-publish","format-standard","has-post-thumbnail","hentry","category-terre-di-mare"],"acf":[],"yoast_head":"<!-- This site is optimized with the Yoast SEO plugin v27.5 - https:\/\/yoast.com\/product\/yoast-seo-wordpress\/ -->\n<title>La riviera del conero e le sue spiagge segrete: scopri come raggiungerle<\/title>\n<meta name=\"description\" content=\"La riviera del conero \u00e8 un susseguirsi di spiagge non tutte facili da raggiungere. Scopri con questa guida come arrivare e vivile senza rinunciare a niente\" \/>\n<meta name=\"robots\" content=\"index, follow, max-snippet:-1, max-image-preview:large, max-video-preview:-1\" \/>\n<link rel=\"canonical\" href=\"https:\/\/www.ignas.com\/it\/blog\/riviera-del-conero\/\" \/>\n<meta property=\"og:locale\" content=\"it_IT\" \/>\n<meta property=\"og:type\" content=\"article\" \/>\n<meta property=\"og:title\" content=\"La riviera del conero e le sue spiagge segrete: scopri come raggiungerle\" \/>\n<meta property=\"og:description\" content=\"La riviera del conero \u00e8 un susseguirsi di spiagge non tutte facili da raggiungere. Scopri con questa guida come arrivare e vivile senza rinunciare a niente\" \/>\n<meta property=\"og:url\" content=\"https:\/\/www.ignas.com\/it\/blog\/riviera-del-conero\/\" \/>\n<meta property=\"og:site_name\" content=\"Ignas Tour\" \/>\n<meta property=\"article:published_time\" content=\"2019-08-16T09:38:57+00:00\" \/>\n<meta property=\"article:modified_time\" content=\"2024-09-19T10:46:18+00:00\" \/>\n<meta property=\"og:image\" content=\"https:\/\/www.ignas.com\/it\/blog\/wp-content\/uploads\/2019\/07\/conero-spiagge.jpg\" \/>\n\t<meta property=\"og:image:width\" content=\"1777\" \/>\n\t<meta property=\"og:image:height\" content=\"855\" \/>\n\t<meta property=\"og:image:type\" content=\"image\/jpeg\" \/>\n<meta name=\"author\" content=\"Fabrizio\" \/>\n<meta name=\"twitter:card\" content=\"summary_large_image\" \/>\n<meta name=\"twitter:label1\" content=\"Scritto da\" \/>\n\t<meta name=\"twitter:data1\" content=\"Fabrizio\" \/>\n\t<meta name=\"twitter:label2\" content=\"Tempo di lettura stimato\" \/>\n\t<meta name=\"twitter:data2\" content=\"9 minuti\" \/>\n<script type=\"application\/ld+json\" class=\"yoast-schema-graph\">{\"@context\":\"https:\\\/\\\/schema.org\",\"@graph\":[{\"@type\":\"Article\",\"@id\":\"https:\\\/\\\/www.ignas.com\\\/it\\\/blog\\\/riviera-del-conero\\\/#article\",\"isPartOf\":{\"@id\":\"https:\\\/\\\/www.ignas.com\\\/it\\\/blog\\\/riviera-del-conero\\\/\"},\"author\":{\"name\":\"Fabrizio\",\"@id\":\"https:\\\/\\\/www.ignas.com\\\/it\\\/blog\\\/#\\\/schema\\\/person\\\/cb41520c07db292cc5a20ce104e28a1d\"},\"headline\":\"Le spiagge segrete della riviera del conero\",\"datePublished\":\"2019-08-16T09:38:57+00:00\",\"dateModified\":\"2024-09-19T10:46:18+00:00\",\"mainEntityOfPage\":{\"@id\":\"https:\\\/\\\/www.ignas.com\\\/it\\\/blog\\\/riviera-del-conero\\\/\"},\"wordCount\":1450,\"commentCount\":0,\"publisher\":{\"@id\":\"https:\\\/\\\/www.ignas.com\\\/it\\\/blog\\\/#organization\"},\"image\":{\"@id\":\"https:\\\/\\\/www.ignas.com\\\/it\\\/blog\\\/riviera-del-conero\\\/#primaryimage\"},\"thumbnailUrl\":\"https:\\\/\\\/www.ignas.com\\\/it\\\/blog\\\/wp-content\\\/uploads\\\/2019\\\/07\\\/conero-spiagge.jpg\",\"articleSection\":[\"Terre di mare\"],\"inLanguage\":\"it-IT\",\"potentialAction\":[{\"@type\":\"CommentAction\",\"name\":\"Comment\",\"target\":[\"https:\\\/\\\/www.ignas.com\\\/it\\\/blog\\\/riviera-del-conero\\\/#respond\"]}]},{\"@type\":\"WebPage\",\"@id\":\"https:\\\/\\\/www.ignas.com\\\/it\\\/blog\\\/riviera-del-conero\\\/\",\"url\":\"https:\\\/\\\/www.ignas.com\\\/it\\\/blog\\\/riviera-del-conero\\\/\",\"name\":\"La riviera del conero e le sue spiagge segrete: scopri come raggiungerle\",\"isPartOf\":{\"@id\":\"https:\\\/\\\/www.ignas.com\\\/it\\\/blog\\\/#website\"},\"primaryImageOfPage\":{\"@id\":\"https:\\\/\\\/www.ignas.com\\\/it\\\/blog\\\/riviera-del-conero\\\/#primaryimage\"},\"image\":{\"@id\":\"https:\\\/\\\/www.ignas.com\\\/it\\\/blog\\\/riviera-del-conero\\\/#primaryimage\"},\"thumbnailUrl\":\"https:\\\/\\\/www.ignas.com\\\/it\\\/blog\\\/wp-content\\\/uploads\\\/2019\\\/07\\\/conero-spiagge.jpg\",\"datePublished\":\"2019-08-16T09:38:57+00:00\",\"dateModified\":\"2024-09-19T10:46:18+00:00\",\"description\":\"La riviera del conero \u00e8 un susseguirsi di spiagge non tutte facili da raggiungere. Scopri con questa guida come arrivare e vivile senza rinunciare a niente\",\"breadcrumb\":{\"@id\":\"https:\\\/\\\/www.ignas.com\\\/it\\\/blog\\\/riviera-del-conero\\\/#breadcrumb\"},\"inLanguage\":\"it-IT\",\"potentialAction\":[{\"@type\":\"ReadAction\",\"target\":[\"https:\\\/\\\/www.ignas.com\\\/it\\\/blog\\\/riviera-del-conero\\\/\"]}]},{\"@type\":\"ImageObject\",\"inLanguage\":\"it-IT\",\"@id\":\"https:\\\/\\\/www.ignas.com\\\/it\\\/blog\\\/riviera-del-conero\\\/#primaryimage\",\"url\":\"https:\\\/\\\/www.ignas.com\\\/it\\\/blog\\\/wp-content\\\/uploads\\\/2019\\\/07\\\/conero-spiagge.jpg\",\"contentUrl\":\"https:\\\/\\\/www.ignas.com\\\/it\\\/blog\\\/wp-content\\\/uploads\\\/2019\\\/07\\\/conero-spiagge.jpg\",\"width\":1777,\"height\":855,\"caption\":\"conero spiagge\"},{\"@type\":\"BreadcrumbList\",\"@id\":\"https:\\\/\\\/www.ignas.com\\\/it\\\/blog\\\/riviera-del-conero\\\/#breadcrumb\",\"itemListElement\":[{\"@type\":\"ListItem\",\"position\":1,\"name\":\"Home\",\"item\":\"https:\\\/\\\/www.ignas.com\\\/it\\\/blog\\\/\"},{\"@type\":\"ListItem\",\"position\":2,\"name\":\"Le spiagge segrete della riviera del conero\"}]},{\"@type\":\"WebSite\",\"@id\":\"https:\\\/\\\/www.ignas.com\\\/it\\\/blog\\\/#website\",\"url\":\"https:\\\/\\\/www.ignas.com\\\/it\\\/blog\\\/\",\"name\":\"Ignas Tour\",\"description\":\"\",\"publisher\":{\"@id\":\"https:\\\/\\\/www.ignas.com\\\/it\\\/blog\\\/#organization\"},\"potentialAction\":[{\"@type\":\"SearchAction\",\"target\":{\"@type\":\"EntryPoint\",\"urlTemplate\":\"https:\\\/\\\/www.ignas.com\\\/it\\\/blog\\\/?s={search_term_string}\"},\"query-input\":{\"@type\":\"PropertyValueSpecification\",\"valueRequired\":true,\"valueName\":\"search_term_string\"}}],\"inLanguage\":\"it-IT\"},{\"@type\":\"Organization\",\"@id\":\"https:\\\/\\\/www.ignas.com\\\/it\\\/blog\\\/#organization\",\"name\":\"Ignas Tour\",\"url\":\"https:\\\/\\\/www.ignas.com\\\/it\\\/blog\\\/\",\"logo\":{\"@type\":\"ImageObject\",\"inLanguage\":\"it-IT\",\"@id\":\"https:\\\/\\\/www.ignas.com\\\/it\\\/blog\\\/#\\\/schema\\\/logo\\\/image\\\/\",\"url\":\"https:\\\/\\\/www.ignas.com\\\/it\\\/blog\\\/wp-content\\\/uploads\\\/2020\\\/01\\\/logo-ignas-com-200.png\",\"contentUrl\":\"https:\\\/\\\/www.ignas.com\\\/it\\\/blog\\\/wp-content\\\/uploads\\\/2020\\\/01\\\/logo-ignas-com-200.png\",\"width\":1147,\"height\":329,\"caption\":\"Ignas Tour\"},\"image\":{\"@id\":\"https:\\\/\\\/www.ignas.com\\\/it\\\/blog\\\/#\\\/schema\\\/logo\\\/image\\\/\"}},{\"@type\":\"Person\",\"@id\":\"https:\\\/\\\/www.ignas.com\\\/it\\\/blog\\\/#\\\/schema\\\/person\\\/cb41520c07db292cc5a20ce104e28a1d\",\"name\":\"Fabrizio\",\"image\":{\"@type\":\"ImageObject\",\"inLanguage\":\"it-IT\",\"@id\":\"https:\\\/\\\/secure.gravatar.com\\\/avatar\\\/e17f60c58ebe3feb555b9028681e30cfd921758bbdd1f8e9816f1d7d08c1bd9f?s=96&d=mm&r=g\",\"url\":\"https:\\\/\\\/secure.gravatar.com\\\/avatar\\\/e17f60c58ebe3feb555b9028681e30cfd921758bbdd1f8e9816f1d7d08c1bd9f?s=96&d=mm&r=g\",\"contentUrl\":\"https:\\\/\\\/secure.gravatar.com\\\/avatar\\\/e17f60c58ebe3feb555b9028681e30cfd921758bbdd1f8e9816f1d7d08c1bd9f?s=96&d=mm&r=g\",\"caption\":\"Fabrizio\"},\"description\":\"Seo Copywriter\"}]}<\/script>\n<!-- \/ Yoast SEO plugin. -->","yoast_head_json":{"title":"La riviera del conero e le sue spiagge segrete: scopri come raggiungerle","description":"La riviera del conero \u00e8 un susseguirsi di spiagge non tutte facili da raggiungere. Scopri con questa guida come arrivare e vivile senza rinunciare a niente","robots":{"index":"index","follow":"follow","max-snippet":"max-snippet:-1","max-image-preview":"max-image-preview:large","max-video-preview":"max-video-preview:-1"},"canonical":"https:\/\/www.ignas.com\/it\/blog\/riviera-del-conero\/","og_locale":"it_IT","og_type":"article","og_title":"La riviera del conero e le sue spiagge segrete: scopri come raggiungerle","og_description":"La riviera del conero \u00e8 un susseguirsi di spiagge non tutte facili da raggiungere. Scopri con questa guida come arrivare e vivile senza rinunciare a niente","og_url":"https:\/\/www.ignas.com\/it\/blog\/riviera-del-conero\/","og_site_name":"Ignas Tour","article_published_time":"2019-08-16T09:38:57+00:00","article_modified_time":"2024-09-19T10:46:18+00:00","og_image":[{"width":1777,"height":855,"url":"https:\/\/www.ignas.com\/it\/blog\/wp-content\/uploads\/2019\/07\/conero-spiagge.jpg","type":"image\/jpeg"}],"author":"Fabrizio","twitter_card":"summary_large_image","twitter_misc":{"Scritto da":"Fabrizio","Tempo di lettura stimato":"9 minuti"},"schema":{"@context":"https:\/\/schema.org","@graph":[{"@type":"Article","@id":"https:\/\/www.ignas.com\/it\/blog\/riviera-del-conero\/#article","isPartOf":{"@id":"https:\/\/www.ignas.com\/it\/blog\/riviera-del-conero\/"},"author":{"name":"Fabrizio","@id":"https:\/\/www.ignas.com\/it\/blog\/#\/schema\/person\/cb41520c07db292cc5a20ce104e28a1d"},"headline":"Le spiagge segrete della riviera del conero","datePublished":"2019-08-16T09:38:57+00:00","dateModified":"2024-09-19T10:46:18+00:00","mainEntityOfPage":{"@id":"https:\/\/www.ignas.com\/it\/blog\/riviera-del-conero\/"},"wordCount":1450,"commentCount":0,"publisher":{"@id":"https:\/\/www.ignas.com\/it\/blog\/#organization"},"image":{"@id":"https:\/\/www.ignas.com\/it\/blog\/riviera-del-conero\/#primaryimage"},"thumbnailUrl":"https:\/\/www.ignas.com\/it\/blog\/wp-content\/uploads\/2019\/07\/conero-spiagge.jpg","articleSection":["Terre di mare"],"inLanguage":"it-IT","potentialAction":[{"@type":"CommentAction","name":"Comment","target":["https:\/\/www.ignas.com\/it\/blog\/riviera-del-conero\/#respond"]}]},{"@type":"WebPage","@id":"https:\/\/www.ignas.com\/it\/blog\/riviera-del-conero\/","url":"https:\/\/www.ignas.com\/it\/blog\/riviera-del-conero\/","name":"La riviera del conero e le sue spiagge segrete: scopri come raggiungerle","isPartOf":{"@id":"https:\/\/www.ignas.com\/it\/blog\/#website"},"primaryImageOfPage":{"@id":"https:\/\/www.ignas.com\/it\/blog\/riviera-del-conero\/#primaryimage"},"image":{"@id":"https:\/\/www.ignas.com\/it\/blog\/riviera-del-conero\/#primaryimage"},"thumbnailUrl":"https:\/\/www.ignas.com\/it\/blog\/wp-content\/uploads\/2019\/07\/conero-spiagge.jpg","datePublished":"2019-08-16T09:38:57+00:00","dateModified":"2024-09-19T10:46:18+00:00","description":"La riviera del conero \u00e8 un susseguirsi di spiagge non tutte facili da raggiungere. Scopri con questa guida come arrivare e vivile senza rinunciare a niente","breadcrumb":{"@id":"https:\/\/www.ignas.com\/it\/blog\/riviera-del-conero\/#breadcrumb"},"inLanguage":"it-IT","potentialAction":[{"@type":"ReadAction","target":["https:\/\/www.ignas.com\/it\/blog\/riviera-del-conero\/"]}]},{"@type":"ImageObject","inLanguage":"it-IT","@id":"https:\/\/www.ignas.com\/it\/blog\/riviera-del-conero\/#primaryimage","url":"https:\/\/www.ignas.com\/it\/blog\/wp-content\/uploads\/2019\/07\/conero-spiagge.jpg","contentUrl":"https:\/\/www.ignas.com\/it\/blog\/wp-content\/uploads\/2019\/07\/conero-spiagge.jpg","width":1777,"height":855,"caption":"conero spiagge"},{"@type":"BreadcrumbList","@id":"https:\/\/www.ignas.com\/it\/blog\/riviera-del-conero\/#breadcrumb","itemListElement":[{"@type":"ListItem","position":1,"name":"Home","item":"https:\/\/www.ignas.com\/it\/blog\/"},{"@type":"ListItem","position":2,"name":"Le spiagge segrete della riviera del conero"}]},{"@type":"WebSite","@id":"https:\/\/www.ignas.com\/it\/blog\/#website","url":"https:\/\/www.ignas.com\/it\/blog\/","name":"Ignas Tour","description":"","publisher":{"@id":"https:\/\/www.ignas.com\/it\/blog\/#organization"},"potentialAction":[{"@type":"SearchAction","target":{"@type":"EntryPoint","urlTemplate":"https:\/\/www.ignas.com\/it\/blog\/?s={search_term_string}"},"query-input":{"@type":"PropertyValueSpecification","valueRequired":true,"valueName":"search_term_string"}}],"inLanguage":"it-IT"},{"@type":"Organization","@id":"https:\/\/www.ignas.com\/it\/blog\/#organization","name":"Ignas Tour","url":"https:\/\/www.ignas.com\/it\/blog\/","logo":{"@type":"ImageObject","inLanguage":"it-IT","@id":"https:\/\/www.ignas.com\/it\/blog\/#\/schema\/logo\/image\/","url":"https:\/\/www.ignas.com\/it\/blog\/wp-content\/uploads\/2020\/01\/logo-ignas-com-200.png","contentUrl":"https:\/\/www.ignas.com\/it\/blog\/wp-content\/uploads\/2020\/01\/logo-ignas-com-200.png","width":1147,"height":329,"caption":"Ignas Tour"},"image":{"@id":"https:\/\/www.ignas.com\/it\/blog\/#\/schema\/logo\/image\/"}},{"@type":"Person","@id":"https:\/\/www.ignas.com\/it\/blog\/#\/schema\/person\/cb41520c07db292cc5a20ce104e28a1d","name":"Fabrizio","image":{"@type":"ImageObject","inLanguage":"it-IT","@id":"https:\/\/secure.gravatar.com\/avatar\/e17f60c58ebe3feb555b9028681e30cfd921758bbdd1f8e9816f1d7d08c1bd9f?s=96&d=mm&r=g","url":"https:\/\/secure.gravatar.com\/avatar\/e17f60c58ebe3feb555b9028681e30cfd921758bbdd1f8e9816f1d7d08c1bd9f?s=96&d=mm&r=g","contentUrl":"https:\/\/secure.gravatar.com\/avatar\/e17f60c58ebe3feb555b9028681e30cfd921758bbdd1f8e9816f1d7d08c1bd9f?s=96&d=mm&r=g","caption":"Fabrizio"},"description":"Seo Copywriter"}]}},"modified_by":"Denise Basano","_links":{"self":[{"href":"https:\/\/www.ignas.com\/it\/blog\/wp-json\/wp\/v2\/posts\/22068","targetHints":{"allow":["GET"]}}],"collection":[{"href":"https:\/\/www.ignas.com\/it\/blog\/wp-json\/wp\/v2\/posts"}],"about":[{"href":"https:\/\/www.ignas.com\/it\/blog\/wp-json\/wp\/v2\/types\/post"}],"author":[{"embeddable":true,"href":"https:\/\/www.ignas.com\/it\/blog\/wp-json\/wp\/v2\/users\/2"}],"replies":[{"embeddable":true,"href":"https:\/\/www.ignas.com\/it\/blog\/wp-json\/wp\/v2\/comments?post=22068"}],"version-history":[{"count":10,"href":"https:\/\/www.ignas.com\/it\/blog\/wp-json\/wp\/v2\/posts\/22068\/revisions"}],"predecessor-version":[{"id":28167,"href":"https:\/\/www.ignas.com\/it\/blog\/wp-json\/wp\/v2\/posts\/22068\/revisions\/28167"}],"wp:featuredmedia":[{"embeddable":true,"href":"https:\/\/www.ignas.com\/it\/blog\/wp-json\/wp\/v2\/media\/22109"}],"wp:attachment":[{"href":"https:\/\/www.ignas.com\/it\/blog\/wp-json\/wp\/v2\/media?parent=22068"}],"wp:term":[{"taxonomy":"category","embeddable":true,"href":"https:\/\/www.ignas.com\/it\/blog\/wp-json\/wp\/v2\/categories?post=22068"},{"taxonomy":"post_tag","embeddable":true,"href":"https:\/\/www.ignas.com\/it\/blog\/wp-json\/wp\/v2\/tags?post=22068"}],"curies":[{"name":"wp","href":"https:\/\/api.w.org\/{rel}","templated":true}]}}