{"id":20886,"date":"2018-09-03T00:00:00","date_gmt":"2018-09-02T22:00:00","guid":{"rendered":"http:\/\/52.212.170.109\/castelli-trentino-alto-adige\/"},"modified":"2024-02-26T17:14:24","modified_gmt":"2024-02-26T16:14:24","slug":"i-piu-bei-castelli-del-trentino-alto-adige","status":"publish","type":"post","link":"https:\/\/www.ignas.com\/it\/blog\/i-piu-bei-castelli-del-trentino-alto-adige\/","title":{"rendered":"I pi\u00f9 bei Castelli del Trentino Alto Adige"},"content":{"rendered":"<h2><span class=\"ez-toc-section\" id=\"Quali_sono_i_castelli_piu_belli_del_Trentino_Alto_Adige\"><\/span>Quali sono i castelli pi\u00f9 belli del Trentino Alto Adige<span class=\"ez-toc-section-end\"><\/span><\/h2><div id=\"ez-toc-container\" class=\"ez-toc-v2_0_82_2 counter-hierarchy ez-toc-counter ez-toc-white ez-toc-container-direction\">\n<div class=\"ez-toc-title-container\">\n<p class=\"ez-toc-title\" style=\"cursor:inherit\"><\/p>\n<span class=\"ez-toc-title-toggle\"><a href=\"#\" class=\"ez-toc-pull-right ez-toc-btn ez-toc-btn-xs ez-toc-btn-default ez-toc-toggle\" aria-label=\"Toggle Table of Content\"><span class=\"ez-toc-js-icon-con\"><span class=\"\"><span class=\"eztoc-hide\" style=\"display:none;\">Toggle<\/span><span class=\"ez-toc-icon-toggle-span\"><svg style=\"fill: #999;color:#999\" xmlns=\"http:\/\/www.w3.org\/2000\/svg\" class=\"list-377408\" width=\"20px\" height=\"20px\" viewBox=\"0 0 24 24\" fill=\"none\"><path d=\"M6 6H4v2h2V6zm14 0H8v2h12V6zM4 11h2v2H4v-2zm16 0H8v2h12v-2zM4 16h2v2H4v-2zm16 0H8v2h12v-2z\" fill=\"currentColor\"><\/path><\/svg><svg style=\"fill: #999;color:#999\" class=\"arrow-unsorted-368013\" xmlns=\"http:\/\/www.w3.org\/2000\/svg\" width=\"10px\" height=\"10px\" viewBox=\"0 0 24 24\" version=\"1.2\" baseProfile=\"tiny\"><path d=\"M18.2 9.3l-6.2-6.3-6.2 6.3c-.2.2-.3.4-.3.7s.1.5.3.7c.2.2.4.3.7.3h11c.3 0 .5-.1.7-.3.2-.2.3-.5.3-.7s-.1-.5-.3-.7zM5.8 14.7l6.2 6.3 6.2-6.3c.2-.2.3-.5.3-.7s-.1-.5-.3-.7c-.2-.2-.4-.3-.7-.3h-11c-.3 0-.5.1-.7.3-.2.2-.3.5-.3.7s.1.5.3.7z\"\/><\/svg><\/span><\/span><\/span><\/a><\/span><\/div>\n<nav><ul class='ez-toc-list ez-toc-list-level-1 eztoc-toggle-hide-by-default' ><li class='ez-toc-page-1 ez-toc-heading-level-2'><a class=\"ez-toc-link ez-toc-heading-1\" href=\"https:\/\/www.ignas.com\/it\/blog\/i-piu-bei-castelli-del-trentino-alto-adige\/#Quali_sono_i_castelli_piu_belli_del_Trentino_Alto_Adige\" >Quali sono i castelli pi\u00f9 belli del Trentino Alto Adige<\/a><\/li><li class='ez-toc-page-1 ez-toc-heading-level-2'><a class=\"ez-toc-link ez-toc-heading-2\" href=\"https:\/\/www.ignas.com\/it\/blog\/i-piu-bei-castelli-del-trentino-alto-adige\/#1_Castel_Valer\" >1. Castel Valer<\/a><\/li><li class='ez-toc-page-1 ez-toc-heading-level-2'><a class=\"ez-toc-link ez-toc-heading-3\" href=\"https:\/\/www.ignas.com\/it\/blog\/i-piu-bei-castelli-del-trentino-alto-adige\/#2_Castel_Coira\" >2. Castel Coira<\/a><\/li><li class='ez-toc-page-1 ez-toc-heading-level-2'><a class=\"ez-toc-link ez-toc-heading-4\" href=\"https:\/\/www.ignas.com\/it\/blog\/i-piu-bei-castelli-del-trentino-alto-adige\/#3_Castel_Thun\" >3. Castel Thun<\/a><\/li><li class='ez-toc-page-1 ez-toc-heading-level-2'><a class=\"ez-toc-link ez-toc-heading-5\" href=\"https:\/\/www.ignas.com\/it\/blog\/i-piu-bei-castelli-del-trentino-alto-adige\/#4_Castel_Roncolo\" >4. Castel Roncolo<\/a><\/li><li class='ez-toc-page-1 ez-toc-heading-level-2'><a class=\"ez-toc-link ez-toc-heading-6\" href=\"https:\/\/www.ignas.com\/it\/blog\/i-piu-bei-castelli-del-trentino-alto-adige\/#5_Castel_di_Nanno\" >5. Castel di Nanno<\/a><\/li><li class='ez-toc-page-1 ez-toc-heading-level-2'><a class=\"ez-toc-link ez-toc-heading-7\" href=\"https:\/\/www.ignas.com\/it\/blog\/i-piu-bei-castelli-del-trentino-alto-adige\/#6_Castello_di_Tures\" >6. Castello di Tures<\/a><\/li><li class='ez-toc-page-1 ez-toc-heading-level-2'><a class=\"ez-toc-link ez-toc-heading-8\" href=\"https:\/\/www.ignas.com\/it\/blog\/i-piu-bei-castelli-del-trentino-alto-adige\/#7_Castel_Presule\" >7. Castel Presule<\/a><\/li><li class='ez-toc-page-1 ez-toc-heading-level-2'><a class=\"ez-toc-link ez-toc-heading-9\" href=\"https:\/\/www.ignas.com\/it\/blog\/i-piu-bei-castelli-del-trentino-alto-adige\/#8_Castel_Beseno\" >8. Castel Beseno<\/a><\/li><li class='ez-toc-page-1 ez-toc-heading-level-2'><a class=\"ez-toc-link ez-toc-heading-10\" href=\"https:\/\/www.ignas.com\/it\/blog\/i-piu-bei-castelli-del-trentino-alto-adige\/#9_Castel_Tasso\" >9. Castel Tasso<\/a><\/li><li class='ez-toc-page-1 ez-toc-heading-level-2'><a class=\"ez-toc-link ez-toc-heading-11\" href=\"https:\/\/www.ignas.com\/it\/blog\/i-piu-bei-castelli-del-trentino-alto-adige\/#10_Castello_del_Buonconsiglio\" >10. Castello del Buonconsiglio<\/a><\/li><\/ul><\/nav><\/div>\n\n<p>Sono pi\u00f9 di <strong>800 <\/strong>le fortezze, rocche e rovine che sorgono sul territorio del <a href=\"\/it\/offerte-vacanze-trentino-altoadige\"><span style=\"color: #ff6c36;\"><strong>Trentino Alto Adige<\/strong><\/span><\/a>. Se \u00e8 impossibile visitarli tutti, ecco i nostri preferiti:<\/p>\n<h2><span class=\"ez-toc-section\" id=\"1_Castel_Valer\"><\/span>1. Castel Valer<span class=\"ez-toc-section-end\"><\/span><\/h2>\n<p>Il castello sorge sui dolci pendii della <strong>Val di Non<\/strong>, nei pressi di <strong>Tassullo<\/strong>. Costruito a partire dal XII secolo, il castello di origini medievali \u00e8 <strong>uno dei meglio conservati nell\u2019arco alpino<\/strong>. Di propriet\u00e0 privata dei conti Spaur, da sempre suoi custodi, il castello \u00e8 stato <strong>recentemente restaurato<\/strong> ed \u00e8 da poco aperto al pubblico.<\/p>\n<p>Le visite guidate conducono in stanze antichissime con <strong>arredi originali<\/strong>, come la cucina gotica, lo studio e le stanze madruzziane. Ottimamente conservati gli <strong>affreschi <\/strong>della Cappella di San Valerio, che hanno mantenuto intatta la loro intensit\u00e0 cromatica attraverso i secoli.<\/p>\n<p><img loading=\"lazy\" decoding=\"async\" class=\"alignnone wp-image-21621 size-full\" title=\"castelvaler\" src=\"https:\/\/www.ignas.com\/it\/blog\/wp-content\/uploads\/2018\/09\/castelvaler.jpeg\" alt=\"castelvaler\" width=\"1000\" height=\"600\" srcset=\"https:\/\/www.ignas.com\/it\/blog\/wp-content\/uploads\/2018\/09\/castelvaler.jpeg 1000w, https:\/\/www.ignas.com\/it\/blog\/wp-content\/uploads\/2018\/09\/castelvaler-300x180.jpeg 300w, https:\/\/www.ignas.com\/it\/blog\/wp-content\/uploads\/2018\/09\/castelvaler-768x461.jpeg 768w, https:\/\/www.ignas.com\/it\/blog\/wp-content\/uploads\/2018\/09\/castelvaler-696x418.jpeg 696w, https:\/\/www.ignas.com\/it\/blog\/wp-content\/uploads\/2018\/09\/castelvaler-700x420.jpeg 700w\" sizes=\"auto, (max-width: 1000px) 100vw, 1000px\" \/><br \/>\n<em>Crediti fotografici: Fedrizzi Foto \u2013 Archivio famiglia Spaur<\/em><\/p>\n<h2><span class=\"ez-toc-section\" id=\"2_Castel_Coira\"><\/span>2. Castel Coira<span class=\"ez-toc-section-end\"><\/span><\/h2>\n<p>Il castello si staglia con tutta la sua imponenza proprio sopra <strong>Sluderno<\/strong>, in <strong>Val Venosta<\/strong> ed \u00e8 una delle strutture meglio conservatasi nel tempo, anche in considerazione del fatto che il castello non \u00e8 mai caduto in mano nemica.<\/p>\n<p>Costruito nel 1259 da Heinrich von Montfort di Coira, il castello pass\u00f2 poi nelle mani dei conti Trapp, che ne detengono tutt\u2019ora la propriet\u00e0.<\/p>\n<p>Le <strong>visite guidate<\/strong> accompagnano il visitatore indietro nel tempo, lungo le dinastie magnificamente rappresentate nell\u2019albero genealogico della loggia rinascimentale del cinquecento.<\/p>\n<p>Imperdibile la <strong>sala delle armi<\/strong>, che custodisce la <strong>raccolta privata di armi pi\u00f9 grande d\u2019Europa<\/strong>.<\/p>\n<p><img loading=\"lazy\" decoding=\"async\" class=\"alignnone wp-image-21622 size-full\" title=\"castel coira\" src=\"https:\/\/www.ignas.com\/it\/blog\/wp-content\/uploads\/2018\/09\/castel-coira.jpeg\" alt=\"castel coira\" width=\"1000\" height=\"600\" srcset=\"https:\/\/www.ignas.com\/it\/blog\/wp-content\/uploads\/2018\/09\/castel-coira.jpeg 1000w, https:\/\/www.ignas.com\/it\/blog\/wp-content\/uploads\/2018\/09\/castel-coira-300x180.jpeg 300w, https:\/\/www.ignas.com\/it\/blog\/wp-content\/uploads\/2018\/09\/castel-coira-768x461.jpeg 768w, https:\/\/www.ignas.com\/it\/blog\/wp-content\/uploads\/2018\/09\/castel-coira-696x418.jpeg 696w, https:\/\/www.ignas.com\/it\/blog\/wp-content\/uploads\/2018\/09\/castel-coira-700x420.jpeg 700w\" sizes=\"auto, (max-width: 1000px) 100vw, 1000px\" \/><\/p>\n<h2><span class=\"ez-toc-section\" id=\"3_Castel_Thun\"><\/span>3. Castel Thun<span class=\"ez-toc-section-end\"><\/span><\/h2>\n<p>Il castello, costruito nella met\u00e0 del XIII sec. nei pressi di <strong>Vigo di Ton<\/strong>, \u00e8 un monumentale fabbricato civile-militare, tra i meglio conservati della regione e definito dagli studiosi \u201cil pi\u00f9 fastoso dei castelli trentini\u201d.<\/p>\n<p>Fu sede della potente famiglia dei Thun e offre un incomparabile parallelismo con la storia del principato vescovile\u00a0di Trento. Acquistato nel 1992 dalla Provincia autonoma di Trento, il castello \u00e8 stato <strong>recentemente restaurato <\/strong>ed \u00e8 aperto alle visite.<\/p>\n<p>Imperdibile la \u201c<strong>stanza del vescovo<\/strong>\u201d, che fu abitata dal principe-vescovo Sigismondo All\u00ecfonso Thun, rivestita in legno di cirmolo e soffitto a cassettoni.<\/p>\n<p><img loading=\"lazy\" decoding=\"async\" class=\"alignnone wp-image-21623 size-full\" title=\"thun\" src=\"https:\/\/www.ignas.com\/it\/blog\/wp-content\/uploads\/2018\/09\/thun.jpeg\" alt=\"castello thun\" width=\"1000\" height=\"600\" srcset=\"https:\/\/www.ignas.com\/it\/blog\/wp-content\/uploads\/2018\/09\/thun.jpeg 1000w, https:\/\/www.ignas.com\/it\/blog\/wp-content\/uploads\/2018\/09\/thun-300x180.jpeg 300w, https:\/\/www.ignas.com\/it\/blog\/wp-content\/uploads\/2018\/09\/thun-768x461.jpeg 768w, https:\/\/www.ignas.com\/it\/blog\/wp-content\/uploads\/2018\/09\/thun-696x418.jpeg 696w, https:\/\/www.ignas.com\/it\/blog\/wp-content\/uploads\/2018\/09\/thun-700x420.jpeg 700w\" sizes=\"auto, (max-width: 1000px) 100vw, 1000px\" \/><\/p>\n<h2><span class=\"ez-toc-section\" id=\"4_Castel_Roncolo\"><\/span>4. Castel Roncolo<span class=\"ez-toc-section-end\"><\/span><\/h2>\n<p>Costruito nel 1237 dai fratelli Friedrich e Beral von Wangen, il castello \u00e8 arroccato su uno<strong> sperone di roccia<\/strong> che domina la citt\u00e0 di Bolzano, posizione strategica che originariamente consentiva di controllare la strada che portava alla <strong>Val Sarentino<\/strong>.<\/p>\n<p>Conosciuto con il toponimo di \u201cmaniero illustrato\u201d, il castello racchiude <strong>il pi\u00f9 ampio ciclo di affreschi profani di epoca medievale<\/strong>.<\/p>\n<p>Le visite guidate seguono gli <strong>affreschi <\/strong>che, stanza dopo stanza, raccontano ai visitatori le scene di vita quotidiana, gli sport e gli intrattenimenti di corte tipici del 1300.<\/p>\n<p><img loading=\"lazy\" decoding=\"async\" class=\"alignnone wp-image-21624 size-full\" title=\"castel roncolo\" src=\"https:\/\/www.ignas.com\/it\/blog\/wp-content\/uploads\/2018\/09\/castel-roncolo.jpeg\" alt=\"castel-roncolo\" width=\"1000\" height=\"600\" srcset=\"https:\/\/www.ignas.com\/it\/blog\/wp-content\/uploads\/2018\/09\/castel-roncolo.jpeg 1000w, https:\/\/www.ignas.com\/it\/blog\/wp-content\/uploads\/2018\/09\/castel-roncolo-300x180.jpeg 300w, https:\/\/www.ignas.com\/it\/blog\/wp-content\/uploads\/2018\/09\/castel-roncolo-768x461.jpeg 768w, https:\/\/www.ignas.com\/it\/blog\/wp-content\/uploads\/2018\/09\/castel-roncolo-696x418.jpeg 696w, https:\/\/www.ignas.com\/it\/blog\/wp-content\/uploads\/2018\/09\/castel-roncolo-700x420.jpeg 700w\" sizes=\"auto, (max-width: 1000px) 100vw, 1000px\" \/><\/p>\n<h2><span class=\"ez-toc-section\" id=\"5_Castel_di_Nanno\"><\/span>5. Castel di Nanno<span class=\"ez-toc-section-end\"><\/span><\/h2>\n<p>Il castello che domina la <strong>Val di Non<\/strong> fu costruito in epoca medievale dalla famiglia Nanno e distrutto poi dai Tono: la ricostruzione iniziata a met\u00e0 Cinquecento dalla famiglia dei principi vescovi Madruzzo ha ingentilito i tratti del castello, trasformandolo in un\u2019<strong>elegante residenza estiva<\/strong>.<\/p>\n<p>Le visite guidate narrano anche la <strong>leggenda di Melisanda<\/strong>, figlia del padrone del maniero e di Ludovico, suo innamorato, figlio della famiglia rivale degli Sporo. Narra la leggenda che i due amanti clandestini furono murati vivi in due nicchie del castello la sera del due maggio di molti secoli fa e che ancora oggi, nelle notti di maggio, si senta il lamento dei due giovani risuonare tra le mura del castello.<\/p>\n<p><img loading=\"lazy\" decoding=\"async\" class=\"alignnone wp-image-21625 size-full\" title=\"castel nanno\" src=\"https:\/\/www.ignas.com\/it\/blog\/wp-content\/uploads\/2018\/09\/castel-nanno.jpeg\" alt=\"castel-nanno\" width=\"1000\" height=\"600\" srcset=\"https:\/\/www.ignas.com\/it\/blog\/wp-content\/uploads\/2018\/09\/castel-nanno.jpeg 1000w, https:\/\/www.ignas.com\/it\/blog\/wp-content\/uploads\/2018\/09\/castel-nanno-300x180.jpeg 300w, https:\/\/www.ignas.com\/it\/blog\/wp-content\/uploads\/2018\/09\/castel-nanno-768x461.jpeg 768w, https:\/\/www.ignas.com\/it\/blog\/wp-content\/uploads\/2018\/09\/castel-nanno-696x418.jpeg 696w, https:\/\/www.ignas.com\/it\/blog\/wp-content\/uploads\/2018\/09\/castel-nanno-700x420.jpeg 700w\" sizes=\"auto, (max-width: 1000px) 100vw, 1000px\" \/><\/p>\n<h2><span class=\"ez-toc-section\" id=\"6_Castello_di_Tures\"><\/span>6. Castello di Tures<span class=\"ez-toc-section-end\"><\/span><\/h2>\n<p>Di origine medievale, il castello si erge su un promontorio presso <strong>Campo Tures<\/strong>, all\u2019inizio della <strong>Valle Aurina<\/strong>.<\/p>\n<p>Il castello fu originariamente di propriet\u00e0 dei signori di Taugers e fu trasformato in abitazione residenziale nel XV-XVI secolo.<\/p>\n<p>La struttura fu in parte restaurata nel secondo dopoguerra dall\u2019abate benedettino Hieronymus Gassner e nel 1977 \u00e8 stato acquisito dal S\u00fcdtiroler Burgeinstitut.<\/p>\n<p>Oggi aperto al pubblico, con le sue 64 stanze, di cui 24 interamente in legno, \u00e8 uno dei pi\u00f9 interessanti castelli medievali della regione.<\/p>\n<h4><img loading=\"lazy\" decoding=\"async\" class=\"alignnone wp-image-21626 size-full\" title=\"tures\" src=\"https:\/\/www.ignas.com\/it\/blog\/wp-content\/uploads\/2018\/09\/tures.jpeg\" alt=\"castello tures\" width=\"1000\" height=\"600\" srcset=\"https:\/\/www.ignas.com\/it\/blog\/wp-content\/uploads\/2018\/09\/tures.jpeg 1000w, https:\/\/www.ignas.com\/it\/blog\/wp-content\/uploads\/2018\/09\/tures-300x180.jpeg 300w, https:\/\/www.ignas.com\/it\/blog\/wp-content\/uploads\/2018\/09\/tures-768x461.jpeg 768w, https:\/\/www.ignas.com\/it\/blog\/wp-content\/uploads\/2018\/09\/tures-696x418.jpeg 696w, https:\/\/www.ignas.com\/it\/blog\/wp-content\/uploads\/2018\/09\/tures-700x420.jpeg 700w\" sizes=\"auto, (max-width: 1000px) 100vw, 1000px\" \/><\/h4>\n<h2><span class=\"ez-toc-section\" id=\"7_Castel_Presule\"><\/span>7. Castel Presule<span class=\"ez-toc-section-end\"><\/span><\/h2>\n<p>Il castello sorge sull\u2019<strong>altopiano dello Sciliar<\/strong>, immerso in un paesaggio fiabesco da cartolina. Venne menzionato per la prima volta con il nome di \u201cCastrum Presile\u201d in un documento risalente al 1279, ma il suo aspetto rinascimentale risale al restauro da parte di Leonhard von V\u00f6ls nel XVI secolo.<\/p>\n<p>Dopo la morte dell\u2019ultimo signore del castello, avvenuta nel 1978, la struttura fu restaurata e aperta al pubblico.<\/p>\n<p>Il castello raccoglie in particolare una vasta <strong>collezione di armi e armature<\/strong> ed \u00e8 spesso teatro di manifestazioni storiche, come il torneo medievale \u201cCavalcata Oswald von Wolkenstein\u201d che si svolge ogni primavera.<\/p>\n<p><img loading=\"lazy\" decoding=\"async\" class=\"alignnone wp-image-21627 size-full\" title=\"castel presule\" src=\"https:\/\/www.ignas.com\/it\/blog\/wp-content\/uploads\/2018\/09\/castel-presule.jpeg\" alt=\"castel-presule\" width=\"1000\" height=\"600\" srcset=\"https:\/\/www.ignas.com\/it\/blog\/wp-content\/uploads\/2018\/09\/castel-presule.jpeg 1000w, https:\/\/www.ignas.com\/it\/blog\/wp-content\/uploads\/2018\/09\/castel-presule-300x180.jpeg 300w, https:\/\/www.ignas.com\/it\/blog\/wp-content\/uploads\/2018\/09\/castel-presule-768x461.jpeg 768w, https:\/\/www.ignas.com\/it\/blog\/wp-content\/uploads\/2018\/09\/castel-presule-696x418.jpeg 696w, https:\/\/www.ignas.com\/it\/blog\/wp-content\/uploads\/2018\/09\/castel-presule-700x420.jpeg 700w\" sizes=\"auto, (max-width: 1000px) 100vw, 1000px\" \/><\/p>\n<h2><span class=\"ez-toc-section\" id=\"8_Castel_Beseno\"><\/span>8. Castel Beseno<span class=\"ez-toc-section-end\"><\/span><\/h2>\n<p>\u00c8 il\u00a0<strong>complesso fortificato pi\u00f9 esteso del Trentino<\/strong>, sito nel comune di\u00a0<strong>Besenello<\/strong>.<\/p>\n<p>L\u2019edificio, di origine medievale, aveva una funzione prettamente difensiva, dovuta soprattutto alla sua posizione strategica come attesta la sua massiccia cinta muraria. L\u2019aspetto di fortezza rinascimentale che si ammira oggi \u00e8 il frutto di un massiccio intervento di ristrutturazione risalente alla prima met\u00e0 del Cinquecento.<\/p>\n<p>La struttura \u00e8 stata restaurata nella seconda met\u00e0 del XX secolo ed \u00e8 oggi sede di numerosi eventi, festival e rievocazioni storiche.<\/p>\n<p><img loading=\"lazy\" decoding=\"async\" class=\"alignnone wp-image-21628 size-full\" title=\"beseno\" src=\"https:\/\/www.ignas.com\/it\/blog\/wp-content\/uploads\/2018\/09\/beseno.jpeg\" alt=\"beseno\" width=\"1000\" height=\"600\" srcset=\"https:\/\/www.ignas.com\/it\/blog\/wp-content\/uploads\/2018\/09\/beseno.jpeg 1000w, https:\/\/www.ignas.com\/it\/blog\/wp-content\/uploads\/2018\/09\/beseno-300x180.jpeg 300w, https:\/\/www.ignas.com\/it\/blog\/wp-content\/uploads\/2018\/09\/beseno-768x461.jpeg 768w, https:\/\/www.ignas.com\/it\/blog\/wp-content\/uploads\/2018\/09\/beseno-696x418.jpeg 696w, https:\/\/www.ignas.com\/it\/blog\/wp-content\/uploads\/2018\/09\/beseno-700x420.jpeg 700w\" sizes=\"auto, (max-width: 1000px) 100vw, 1000px\" \/><\/p>\n<h2><span class=\"ez-toc-section\" id=\"9_Castel_Tasso\"><\/span>9. Castel Tasso<span class=\"ez-toc-section-end\"><\/span><\/h2>\n<p>Il castello sorge in posizione rialzata rispetto ad una palude bonificata vicino a <strong>Vipiteno <\/strong>e fu menzionato per la prima volta come feudo dei conti bavaresi Lechsgm\u00fcnd in documenti risalenti al 1100.\u00a0Le visite guidate percorrono le <strong>dieci stanze perfettamente conservate<\/strong>, tra le quali la grande cucina duecentesca e la pregiata \u201cSala Verde\u201d, che devono l\u2019ottimo stato di conservazione al fatto che il castello non cadette mai in mano nemica.<\/p>\n<p><img loading=\"lazy\" decoding=\"async\" class=\"alignnone wp-image-21629 size-full\" title=\"tasso\" src=\"https:\/\/www.ignas.com\/it\/blog\/wp-content\/uploads\/2018\/09\/tasso.jpeg\" alt=\"tasso\" width=\"1000\" height=\"600\" srcset=\"https:\/\/www.ignas.com\/it\/blog\/wp-content\/uploads\/2018\/09\/tasso.jpeg 1000w, https:\/\/www.ignas.com\/it\/blog\/wp-content\/uploads\/2018\/09\/tasso-300x180.jpeg 300w, https:\/\/www.ignas.com\/it\/blog\/wp-content\/uploads\/2018\/09\/tasso-768x461.jpeg 768w, https:\/\/www.ignas.com\/it\/blog\/wp-content\/uploads\/2018\/09\/tasso-696x418.jpeg 696w, https:\/\/www.ignas.com\/it\/blog\/wp-content\/uploads\/2018\/09\/tasso-700x420.jpeg 700w\" sizes=\"auto, (max-width: 1000px) 100vw, 1000px\" \/><\/p>\n<h2><span class=\"ez-toc-section\" id=\"10_Castello_del_Buonconsiglio\"><\/span>10. Castello del Buonconsiglio<span class=\"ez-toc-section-end\"><\/span><\/h2>\n<p>Sito nel centro di <strong>Trento<\/strong>, \u00e8 il pi\u00f9 importante complesso monumentale della regione. Residenza dei principi vescovi di Trento dal XIII secolo fino alla fine del XVIII secolo, il complesso si compone di edifici di epoca diversa cinti da mura.<\/p>\n<p>Imperdibile il \u201c<strong>ciclo dei mesi<\/strong>\u201d, uno dei pi\u00f9 pregiati cicli pittorici a tema profano risalenti al tardo Medioevo.<\/p>\n<p>Restaurato nel corso del Novecento, dal 1973 \u00e8 di propriet\u00e0 della Provincia autonoma di Trento ed \u00e8 adibito a museo.<\/p>\n<p><img loading=\"lazy\" decoding=\"async\" class=\"alignnone wp-image-21630\" title=\"buonconsiglio\" src=\"https:\/\/www.ignas.com\/it\/blog\/wp-content\/uploads\/2018\/09\/buonconsiglio.jpeg\" alt=\"castello del buonconsiglio\" width=\"1000\" height=\"600\" srcset=\"https:\/\/www.ignas.com\/it\/blog\/wp-content\/uploads\/2018\/09\/buonconsiglio.jpeg 1000w, https:\/\/www.ignas.com\/it\/blog\/wp-content\/uploads\/2018\/09\/buonconsiglio-300x180.jpeg 300w, https:\/\/www.ignas.com\/it\/blog\/wp-content\/uploads\/2018\/09\/buonconsiglio-768x461.jpeg 768w, https:\/\/www.ignas.com\/it\/blog\/wp-content\/uploads\/2018\/09\/buonconsiglio-696x418.jpeg 696w, https:\/\/www.ignas.com\/it\/blog\/wp-content\/uploads\/2018\/09\/buonconsiglio-700x420.jpeg 700w\" sizes=\"auto, (max-width: 1000px) 100vw, 1000px\" \/><\/p>\n<h4><strong><a class=\"button btnBlogCTA\" href=\"https:\/\/www.ignas.com\/it\/offerte-vacanze-trentino-altoadige\" target=\"_blank\" rel=\"noopener noreferrer\">Scopri tutte le offerte per il Trentino Alto Adige<\/a><\/strong><\/h4>\n<p>&nbsp;<\/p>\n","protected":false},"excerpt":{"rendered":"<p>Quali sono i castelli pi\u00f9 belli del Trentino Alto Adige? Scoprilo con noi<\/p>\n","protected":false},"author":3,"featured_media":0,"comment_status":"open","ping_status":"open","sticky":false,"template":"","format":"standard","meta":{"_acf_changed":false,"inline_featured_image":false,"_lmt_disableupdate":"no","_lmt_disable":"no","_monsterinsights_skip_tracking":false,"_monsterinsights_sitenote_active":false,"_monsterinsights_sitenote_note":"","_monsterinsights_sitenote_category":0,"footnotes":""},"categories":[10],"tags":[],"class_list":["post-20886","post","type-post","status-publish","format-standard","hentry","category-dietro-le-mura"],"acf":[],"yoast_head":"<!-- This site is optimized with the Yoast SEO plugin v27.5 - https:\/\/yoast.com\/product\/yoast-seo-wordpress\/ -->\n<title>I pi\u00f9 bei Castelli del Trentino Alto Adige - Ignas Tour<\/title>\n<meta name=\"description\" content=\"Sono pi\u00f9 di 800 le fortezze, rocche e rovine che sorgono sul territorio del Trentino Alto Adige. Ecco la lista dei pi\u00f9 belli!\" \/>\n<meta name=\"robots\" content=\"index, follow, max-snippet:-1, max-image-preview:large, max-video-preview:-1\" \/>\n<link rel=\"canonical\" href=\"https:\/\/www.ignas.com\/it\/blog\/i-piu-bei-castelli-del-trentino-alto-adige\/\" \/>\n<meta property=\"og:locale\" content=\"it_IT\" \/>\n<meta property=\"og:type\" content=\"article\" \/>\n<meta property=\"og:title\" content=\"I pi\u00f9 bei Castelli del Trentino Alto Adige - Ignas Tour\" \/>\n<meta property=\"og:description\" content=\"Sono pi\u00f9 di 800 le fortezze, rocche e rovine che sorgono sul territorio del Trentino Alto Adige. Ecco la lista dei pi\u00f9 belli!\" \/>\n<meta property=\"og:url\" content=\"https:\/\/www.ignas.com\/it\/blog\/i-piu-bei-castelli-del-trentino-alto-adige\/\" \/>\n<meta property=\"og:site_name\" content=\"Ignas Tour\" \/>\n<meta property=\"article:published_time\" content=\"2018-09-02T22:00:00+00:00\" \/>\n<meta property=\"article:modified_time\" content=\"2024-02-26T16:14:24+00:00\" \/>\n<meta property=\"og:image\" content=\"https:\/\/www.ignas.com\/it\/blog\/wp-content\/uploads\/2018\/09\/castelvaler.jpeg\" \/>\n<meta name=\"author\" content=\"Denise Basano\" \/>\n<meta name=\"twitter:card\" content=\"summary_large_image\" \/>\n<meta name=\"twitter:label1\" content=\"Scritto da\" \/>\n\t<meta name=\"twitter:data1\" content=\"Denise Basano\" \/>\n\t<meta name=\"twitter:label2\" content=\"Tempo di lettura stimato\" \/>\n\t<meta name=\"twitter:data2\" content=\"8 minuti\" \/>\n<script type=\"application\/ld+json\" class=\"yoast-schema-graph\">{\"@context\":\"https:\\\/\\\/schema.org\",\"@graph\":[{\"@type\":\"Article\",\"@id\":\"https:\\\/\\\/www.ignas.com\\\/it\\\/blog\\\/i-piu-bei-castelli-del-trentino-alto-adige\\\/#article\",\"isPartOf\":{\"@id\":\"https:\\\/\\\/www.ignas.com\\\/it\\\/blog\\\/i-piu-bei-castelli-del-trentino-alto-adige\\\/\"},\"author\":{\"name\":\"Denise Basano\",\"@id\":\"https:\\\/\\\/www.ignas.com\\\/it\\\/blog\\\/#\\\/schema\\\/person\\\/5631a37ffdfcd651f50931ad19459b25\"},\"headline\":\"I pi\u00f9 bei Castelli del Trentino Alto Adige\",\"datePublished\":\"2018-09-02T22:00:00+00:00\",\"dateModified\":\"2024-02-26T16:14:24+00:00\",\"mainEntityOfPage\":{\"@id\":\"https:\\\/\\\/www.ignas.com\\\/it\\\/blog\\\/i-piu-bei-castelli-del-trentino-alto-adige\\\/\"},\"wordCount\":968,\"commentCount\":0,\"publisher\":{\"@id\":\"https:\\\/\\\/www.ignas.com\\\/it\\\/blog\\\/#organization\"},\"image\":{\"@id\":\"https:\\\/\\\/www.ignas.com\\\/it\\\/blog\\\/i-piu-bei-castelli-del-trentino-alto-adige\\\/#primaryimage\"},\"thumbnailUrl\":\"https:\\\/\\\/www.ignas.com\\\/it\\\/blog\\\/wp-content\\\/uploads\\\/2018\\\/09\\\/castelvaler.jpeg\",\"articleSection\":[\"Dietro le Mura\"],\"inLanguage\":\"it-IT\",\"potentialAction\":[{\"@type\":\"CommentAction\",\"name\":\"Comment\",\"target\":[\"https:\\\/\\\/www.ignas.com\\\/it\\\/blog\\\/i-piu-bei-castelli-del-trentino-alto-adige\\\/#respond\"]}]},{\"@type\":\"WebPage\",\"@id\":\"https:\\\/\\\/www.ignas.com\\\/it\\\/blog\\\/i-piu-bei-castelli-del-trentino-alto-adige\\\/\",\"url\":\"https:\\\/\\\/www.ignas.com\\\/it\\\/blog\\\/i-piu-bei-castelli-del-trentino-alto-adige\\\/\",\"name\":\"I pi\u00f9 bei Castelli del Trentino Alto Adige - Ignas Tour\",\"isPartOf\":{\"@id\":\"https:\\\/\\\/www.ignas.com\\\/it\\\/blog\\\/#website\"},\"primaryImageOfPage\":{\"@id\":\"https:\\\/\\\/www.ignas.com\\\/it\\\/blog\\\/i-piu-bei-castelli-del-trentino-alto-adige\\\/#primaryimage\"},\"image\":{\"@id\":\"https:\\\/\\\/www.ignas.com\\\/it\\\/blog\\\/i-piu-bei-castelli-del-trentino-alto-adige\\\/#primaryimage\"},\"thumbnailUrl\":\"https:\\\/\\\/www.ignas.com\\\/it\\\/blog\\\/wp-content\\\/uploads\\\/2018\\\/09\\\/castelvaler.jpeg\",\"datePublished\":\"2018-09-02T22:00:00+00:00\",\"dateModified\":\"2024-02-26T16:14:24+00:00\",\"description\":\"Sono pi\u00f9 di 800 le fortezze, rocche e rovine che sorgono sul territorio del Trentino Alto Adige. Ecco la lista dei pi\u00f9 belli!\",\"breadcrumb\":{\"@id\":\"https:\\\/\\\/www.ignas.com\\\/it\\\/blog\\\/i-piu-bei-castelli-del-trentino-alto-adige\\\/#breadcrumb\"},\"inLanguage\":\"it-IT\",\"potentialAction\":[{\"@type\":\"ReadAction\",\"target\":[\"https:\\\/\\\/www.ignas.com\\\/it\\\/blog\\\/i-piu-bei-castelli-del-trentino-alto-adige\\\/\"]}]},{\"@type\":\"ImageObject\",\"inLanguage\":\"it-IT\",\"@id\":\"https:\\\/\\\/www.ignas.com\\\/it\\\/blog\\\/i-piu-bei-castelli-del-trentino-alto-adige\\\/#primaryimage\",\"url\":\"https:\\\/\\\/www.ignas.com\\\/it\\\/blog\\\/wp-content\\\/uploads\\\/2018\\\/09\\\/castelvaler.jpeg\",\"contentUrl\":\"https:\\\/\\\/www.ignas.com\\\/it\\\/blog\\\/wp-content\\\/uploads\\\/2018\\\/09\\\/castelvaler.jpeg\",\"width\":1000,\"height\":600,\"caption\":\"castelvaler\"},{\"@type\":\"BreadcrumbList\",\"@id\":\"https:\\\/\\\/www.ignas.com\\\/it\\\/blog\\\/i-piu-bei-castelli-del-trentino-alto-adige\\\/#breadcrumb\",\"itemListElement\":[{\"@type\":\"ListItem\",\"position\":1,\"name\":\"Home\",\"item\":\"https:\\\/\\\/www.ignas.com\\\/it\\\/blog\\\/\"},{\"@type\":\"ListItem\",\"position\":2,\"name\":\"I pi\u00f9 bei Castelli del Trentino Alto Adige\"}]},{\"@type\":\"WebSite\",\"@id\":\"https:\\\/\\\/www.ignas.com\\\/it\\\/blog\\\/#website\",\"url\":\"https:\\\/\\\/www.ignas.com\\\/it\\\/blog\\\/\",\"name\":\"Ignas Tour\",\"description\":\"\",\"publisher\":{\"@id\":\"https:\\\/\\\/www.ignas.com\\\/it\\\/blog\\\/#organization\"},\"potentialAction\":[{\"@type\":\"SearchAction\",\"target\":{\"@type\":\"EntryPoint\",\"urlTemplate\":\"https:\\\/\\\/www.ignas.com\\\/it\\\/blog\\\/?s={search_term_string}\"},\"query-input\":{\"@type\":\"PropertyValueSpecification\",\"valueRequired\":true,\"valueName\":\"search_term_string\"}}],\"inLanguage\":\"it-IT\"},{\"@type\":\"Organization\",\"@id\":\"https:\\\/\\\/www.ignas.com\\\/it\\\/blog\\\/#organization\",\"name\":\"Ignas Tour\",\"url\":\"https:\\\/\\\/www.ignas.com\\\/it\\\/blog\\\/\",\"logo\":{\"@type\":\"ImageObject\",\"inLanguage\":\"it-IT\",\"@id\":\"https:\\\/\\\/www.ignas.com\\\/it\\\/blog\\\/#\\\/schema\\\/logo\\\/image\\\/\",\"url\":\"https:\\\/\\\/www.ignas.com\\\/it\\\/blog\\\/wp-content\\\/uploads\\\/2020\\\/01\\\/logo-ignas-com-200.png\",\"contentUrl\":\"https:\\\/\\\/www.ignas.com\\\/it\\\/blog\\\/wp-content\\\/uploads\\\/2020\\\/01\\\/logo-ignas-com-200.png\",\"width\":1147,\"height\":329,\"caption\":\"Ignas Tour\"},\"image\":{\"@id\":\"https:\\\/\\\/www.ignas.com\\\/it\\\/blog\\\/#\\\/schema\\\/logo\\\/image\\\/\"}},{\"@type\":\"Person\",\"@id\":\"https:\\\/\\\/www.ignas.com\\\/it\\\/blog\\\/#\\\/schema\\\/person\\\/5631a37ffdfcd651f50931ad19459b25\",\"name\":\"Denise Basano\",\"image\":{\"@type\":\"ImageObject\",\"inLanguage\":\"it-IT\",\"@id\":\"https:\\\/\\\/secure.gravatar.com\\\/avatar\\\/1b67bf83da25015d03ee29992767c06d53ef83b0e87847b1d483ccdd7cf95696?s=96&d=mm&r=g\",\"url\":\"https:\\\/\\\/secure.gravatar.com\\\/avatar\\\/1b67bf83da25015d03ee29992767c06d53ef83b0e87847b1d483ccdd7cf95696?s=96&d=mm&r=g\",\"contentUrl\":\"https:\\\/\\\/secure.gravatar.com\\\/avatar\\\/1b67bf83da25015d03ee29992767c06d53ef83b0e87847b1d483ccdd7cf95696?s=96&d=mm&r=g\",\"caption\":\"Denise Basano\"}}]}<\/script>\n<!-- \/ Yoast SEO plugin. -->","yoast_head_json":{"title":"I pi\u00f9 bei Castelli del Trentino Alto Adige - Ignas Tour","description":"Sono pi\u00f9 di 800 le fortezze, rocche e rovine che sorgono sul territorio del Trentino Alto Adige. Ecco la lista dei pi\u00f9 belli!","robots":{"index":"index","follow":"follow","max-snippet":"max-snippet:-1","max-image-preview":"max-image-preview:large","max-video-preview":"max-video-preview:-1"},"canonical":"https:\/\/www.ignas.com\/it\/blog\/i-piu-bei-castelli-del-trentino-alto-adige\/","og_locale":"it_IT","og_type":"article","og_title":"I pi\u00f9 bei Castelli del Trentino Alto Adige - Ignas Tour","og_description":"Sono pi\u00f9 di 800 le fortezze, rocche e rovine che sorgono sul territorio del Trentino Alto Adige. Ecco la lista dei pi\u00f9 belli!","og_url":"https:\/\/www.ignas.com\/it\/blog\/i-piu-bei-castelli-del-trentino-alto-adige\/","og_site_name":"Ignas Tour","article_published_time":"2018-09-02T22:00:00+00:00","article_modified_time":"2024-02-26T16:14:24+00:00","og_image":[{"url":"https:\/\/www.ignas.com\/it\/blog\/wp-content\/uploads\/2018\/09\/castelvaler.jpeg","type":"","width":"","height":""}],"author":"Denise Basano","twitter_card":"summary_large_image","twitter_misc":{"Scritto da":"Denise Basano","Tempo di lettura stimato":"8 minuti"},"schema":{"@context":"https:\/\/schema.org","@graph":[{"@type":"Article","@id":"https:\/\/www.ignas.com\/it\/blog\/i-piu-bei-castelli-del-trentino-alto-adige\/#article","isPartOf":{"@id":"https:\/\/www.ignas.com\/it\/blog\/i-piu-bei-castelli-del-trentino-alto-adige\/"},"author":{"name":"Denise Basano","@id":"https:\/\/www.ignas.com\/it\/blog\/#\/schema\/person\/5631a37ffdfcd651f50931ad19459b25"},"headline":"I pi\u00f9 bei Castelli del Trentino Alto Adige","datePublished":"2018-09-02T22:00:00+00:00","dateModified":"2024-02-26T16:14:24+00:00","mainEntityOfPage":{"@id":"https:\/\/www.ignas.com\/it\/blog\/i-piu-bei-castelli-del-trentino-alto-adige\/"},"wordCount":968,"commentCount":0,"publisher":{"@id":"https:\/\/www.ignas.com\/it\/blog\/#organization"},"image":{"@id":"https:\/\/www.ignas.com\/it\/blog\/i-piu-bei-castelli-del-trentino-alto-adige\/#primaryimage"},"thumbnailUrl":"https:\/\/www.ignas.com\/it\/blog\/wp-content\/uploads\/2018\/09\/castelvaler.jpeg","articleSection":["Dietro le Mura"],"inLanguage":"it-IT","potentialAction":[{"@type":"CommentAction","name":"Comment","target":["https:\/\/www.ignas.com\/it\/blog\/i-piu-bei-castelli-del-trentino-alto-adige\/#respond"]}]},{"@type":"WebPage","@id":"https:\/\/www.ignas.com\/it\/blog\/i-piu-bei-castelli-del-trentino-alto-adige\/","url":"https:\/\/www.ignas.com\/it\/blog\/i-piu-bei-castelli-del-trentino-alto-adige\/","name":"I pi\u00f9 bei Castelli del Trentino Alto Adige - Ignas Tour","isPartOf":{"@id":"https:\/\/www.ignas.com\/it\/blog\/#website"},"primaryImageOfPage":{"@id":"https:\/\/www.ignas.com\/it\/blog\/i-piu-bei-castelli-del-trentino-alto-adige\/#primaryimage"},"image":{"@id":"https:\/\/www.ignas.com\/it\/blog\/i-piu-bei-castelli-del-trentino-alto-adige\/#primaryimage"},"thumbnailUrl":"https:\/\/www.ignas.com\/it\/blog\/wp-content\/uploads\/2018\/09\/castelvaler.jpeg","datePublished":"2018-09-02T22:00:00+00:00","dateModified":"2024-02-26T16:14:24+00:00","description":"Sono pi\u00f9 di 800 le fortezze, rocche e rovine che sorgono sul territorio del Trentino Alto Adige. Ecco la lista dei pi\u00f9 belli!","breadcrumb":{"@id":"https:\/\/www.ignas.com\/it\/blog\/i-piu-bei-castelli-del-trentino-alto-adige\/#breadcrumb"},"inLanguage":"it-IT","potentialAction":[{"@type":"ReadAction","target":["https:\/\/www.ignas.com\/it\/blog\/i-piu-bei-castelli-del-trentino-alto-adige\/"]}]},{"@type":"ImageObject","inLanguage":"it-IT","@id":"https:\/\/www.ignas.com\/it\/blog\/i-piu-bei-castelli-del-trentino-alto-adige\/#primaryimage","url":"https:\/\/www.ignas.com\/it\/blog\/wp-content\/uploads\/2018\/09\/castelvaler.jpeg","contentUrl":"https:\/\/www.ignas.com\/it\/blog\/wp-content\/uploads\/2018\/09\/castelvaler.jpeg","width":1000,"height":600,"caption":"castelvaler"},{"@type":"BreadcrumbList","@id":"https:\/\/www.ignas.com\/it\/blog\/i-piu-bei-castelli-del-trentino-alto-adige\/#breadcrumb","itemListElement":[{"@type":"ListItem","position":1,"name":"Home","item":"https:\/\/www.ignas.com\/it\/blog\/"},{"@type":"ListItem","position":2,"name":"I pi\u00f9 bei Castelli del Trentino Alto Adige"}]},{"@type":"WebSite","@id":"https:\/\/www.ignas.com\/it\/blog\/#website","url":"https:\/\/www.ignas.com\/it\/blog\/","name":"Ignas Tour","description":"","publisher":{"@id":"https:\/\/www.ignas.com\/it\/blog\/#organization"},"potentialAction":[{"@type":"SearchAction","target":{"@type":"EntryPoint","urlTemplate":"https:\/\/www.ignas.com\/it\/blog\/?s={search_term_string}"},"query-input":{"@type":"PropertyValueSpecification","valueRequired":true,"valueName":"search_term_string"}}],"inLanguage":"it-IT"},{"@type":"Organization","@id":"https:\/\/www.ignas.com\/it\/blog\/#organization","name":"Ignas Tour","url":"https:\/\/www.ignas.com\/it\/blog\/","logo":{"@type":"ImageObject","inLanguage":"it-IT","@id":"https:\/\/www.ignas.com\/it\/blog\/#\/schema\/logo\/image\/","url":"https:\/\/www.ignas.com\/it\/blog\/wp-content\/uploads\/2020\/01\/logo-ignas-com-200.png","contentUrl":"https:\/\/www.ignas.com\/it\/blog\/wp-content\/uploads\/2020\/01\/logo-ignas-com-200.png","width":1147,"height":329,"caption":"Ignas Tour"},"image":{"@id":"https:\/\/www.ignas.com\/it\/blog\/#\/schema\/logo\/image\/"}},{"@type":"Person","@id":"https:\/\/www.ignas.com\/it\/blog\/#\/schema\/person\/5631a37ffdfcd651f50931ad19459b25","name":"Denise Basano","image":{"@type":"ImageObject","inLanguage":"it-IT","@id":"https:\/\/secure.gravatar.com\/avatar\/1b67bf83da25015d03ee29992767c06d53ef83b0e87847b1d483ccdd7cf95696?s=96&d=mm&r=g","url":"https:\/\/secure.gravatar.com\/avatar\/1b67bf83da25015d03ee29992767c06d53ef83b0e87847b1d483ccdd7cf95696?s=96&d=mm&r=g","contentUrl":"https:\/\/secure.gravatar.com\/avatar\/1b67bf83da25015d03ee29992767c06d53ef83b0e87847b1d483ccdd7cf95696?s=96&d=mm&r=g","caption":"Denise Basano"}}]}},"modified_by":"Team di Ignas Tour","_links":{"self":[{"href":"https:\/\/www.ignas.com\/it\/blog\/wp-json\/wp\/v2\/posts\/20886","targetHints":{"allow":["GET"]}}],"collection":[{"href":"https:\/\/www.ignas.com\/it\/blog\/wp-json\/wp\/v2\/posts"}],"about":[{"href":"https:\/\/www.ignas.com\/it\/blog\/wp-json\/wp\/v2\/types\/post"}],"author":[{"embeddable":true,"href":"https:\/\/www.ignas.com\/it\/blog\/wp-json\/wp\/v2\/users\/3"}],"replies":[{"embeddable":true,"href":"https:\/\/www.ignas.com\/it\/blog\/wp-json\/wp\/v2\/comments?post=20886"}],"version-history":[{"count":6,"href":"https:\/\/www.ignas.com\/it\/blog\/wp-json\/wp\/v2\/posts\/20886\/revisions"}],"predecessor-version":[{"id":27081,"href":"https:\/\/www.ignas.com\/it\/blog\/wp-json\/wp\/v2\/posts\/20886\/revisions\/27081"}],"wp:attachment":[{"href":"https:\/\/www.ignas.com\/it\/blog\/wp-json\/wp\/v2\/media?parent=20886"}],"wp:term":[{"taxonomy":"category","embeddable":true,"href":"https:\/\/www.ignas.com\/it\/blog\/wp-json\/wp\/v2\/categories?post=20886"},{"taxonomy":"post_tag","embeddable":true,"href":"https:\/\/www.ignas.com\/it\/blog\/wp-json\/wp\/v2\/tags?post=20886"}],"curies":[{"name":"wp","href":"https:\/\/api.w.org\/{rel}","templated":true}]}}